{"id":214680,"date":"2025-05-02T14:15:00","date_gmt":"2025-05-02T21:15:00","guid":{"rendered":"https:\/\/www.sonoraenequipo.com.mx\/?p=214680"},"modified":"2025-05-02T14:22:55","modified_gmt":"2025-05-02T21:22:55","slug":"las-refinerias-de-pemex-llegan-a-procesamiento-historico-en-marzo","status":"publish","type":"post","link":"https:\/\/www.sonoraenequipo.com.mx\/las-refinerias-de-pemex-llegan-a-procesamiento-historico-en-marzo\/","title":{"rendered":"Las refiner\u00edas de Pemex llegan a procesamiento hist\u00f3rico en marzo"},"content":{"rendered":"\r\n\r\n<strong>CIUDAD DE M\u00c9XICO. MX. \u2014 <\/strong>Durante marzo, las siete refiner\u00edas de Petr\u00f3leos Mexicanos (Pemex) registraron el mayor volumen de procesamiento de crudo en lo que va del a\u00f1o, con un total de 1.015 millones de barriles por d\u00eda (b\/d), inform\u00f3 la empresa con datos citados por Bloomberg. Este nivel representa un incremento del 13 por ciento respecto a febrero, aunque es 4.4 por ciento menor en comparaci\u00f3n con el mismo mes del a\u00f1o anterior.\r\n\r\n \r\n\r\n&nbsp;\r\n\r\n \r\n\r\n&nbsp;\r\n\r\n \r\n\r\n&nbsp;\r\n\r\n \r\n\r\nEl sistema nacional de refinaci\u00f3n oper\u00f3 al 51.6 por ciento de su capacidad instalada, superior al 45.7 por ciento registrado el mes previo.\r\n\r\n \r\n\r\n&nbsp;\r\n\r\n \r\n\r\n&nbsp;\r\n\r\n \r\n\r\n&nbsp;\r\n\r\n \r\n\r\nDestaca el caso de la refiner\u00eda de Dos Bocas, ubicada en Tabasco, que alcanz\u00f3 un procesamiento de 103 mil barriles diarios, frente a los 6 mil 800 barriles por d\u00eda de febrero. Esta cifra representa su mayor volumen de operaci\u00f3n desde su inauguraci\u00f3n hace casi tres a\u00f1os.\r\n\r\n \r\n\r\n&nbsp;\r\n\r\n \r\n\r\n&nbsp;\r\n\r\n \r\n\r\nSin embargo, Pemex confirm\u00f3 que la refiner\u00eda suspendi\u00f3 sus operaciones el pasado 26 de abril tras una falla t\u00e9cnica en su sistema de cogeneraci\u00f3n. En un comunicado, la empresa detall\u00f3 que se present\u00f3 una \u201cfalla de comunicaci\u00f3n en el cuarto sat\u00e9lite principal n\u00famero 17, de la planta de Cogeneraci\u00f3n CCS-17\u201d, lo que activ\u00f3 el sistema de paro autom\u00e1tico.\r\n\r\n \r\n\r\n&nbsp;\r\n\r\n \r\n\r\n&nbsp;\r\n\r\n \r\n<h3><strong>Afectaciones<\/strong><\/h3>\r\n \r\n\r\n&nbsp;\r\n\r\n \r\n\r\nLa interrupci\u00f3n afect\u00f3 los recuperadores de calor de los turbogeneradores y una caldera auxiliar, lo que provoc\u00f3 una falla general de vapor. Como consecuencia, las plantas de proceso entraron en posici\u00f3n segura, de acuerdo con los protocolos de seguridad operativa.\r\n\r\n \r\n\r\n&nbsp;\r\n\r\n \r\n\r\n&nbsp;\r\n\r\n \r\n\r\nLa carga el\u00e9ctrica del complejo se redujo de 130 a 65 megawatts hora (MWh), y los turbogeneradores a gas salieron de operaci\u00f3n a las 00:59 horas del 26 de abril.\r\n\r\n \r\n\r\n&nbsp;\r\n\r\n \r\n\r\n&nbsp;\r\n\r\n \r\n\r\nDurante las maniobras de estabilizaci\u00f3n, Pemex intent\u00f3 modificar la operaci\u00f3n del turbogenerador 2 de ciclo combinado a ciclo simple, lo que implic\u00f3 ejecutar el comando de paro del recuperador de calor 2, seg\u00fan el informe t\u00e9cnico.\r\n\r\n \r\n\r\n&nbsp;\r\n\r\n \r\n\r\n&nbsp;\r\n\r\n \r\n\r\nLa refiner\u00eda se encuentra en proceso de reinicio, de acuerdo con informaci\u00f3n difundida por la empresa el mi\u00e9rcoles.\r\n\r\n \r\n\r\n&nbsp;\r\n\r\n \r\n\r\n&nbsp;\r\n\r\n \r\n\r\nEl director general de Pemex, V\u00edctor Rodr\u00edguez Padilla, hab\u00eda se\u00f1alado previamente que Dos Bocas operar\u00eda a 220 mil barriles por d\u00eda hacia finales de marzo y alcanzar\u00eda su capacidad total antes de concluir el a\u00f1o.\r\n\r\n \r\n\r\n&nbsp;\r\n\r\n \r\n\r\n&nbsp;\r\n\r\n \r\n\r\n&nbsp;\r\n\r\n \r\n\r\nPUBLICADO EL 02 DE MAYO DE 2025 Con informaci\u00f3n de AFP)\r\n\r\n","protected":false},"excerpt":{"rendered":"<p>CIUDAD DE M\u00c9XICO. MX. \u2014 Durante marzo, las siete refiner\u00edas de Petr\u00f3leos Mexicanos (Pemex) registraron&#8230;<\/p>\n","protected":false},"author":1,"featured_media":214682,"comment_status":"open","ping_status":"open","sticky":false,"template":"","format":"standard","meta":{"_monsterinsights_skip_tracking":false,"_monsterinsights_sitenote_active":false,"_monsterinsights_sitenote_note":"","_monsterinsights_sitenote_category":0,"footnotes":""},"categories":[5],"tags":[],"class_list":["post"],"yoast_head":" \n<title>Sonora en Equipo. Las refiner\u00edas de Pemex llegan a procesamiento hist\u00f3rico en marzo Rep\u00fablica<\/title>\n<meta name=\"description\" content=\"CIUDAD DE M\u00c9XICO. MX. \u2014 Durante marzo, las siete refiner\u00edas de Petr\u00f3leos Mexicanos (Pemex) registraron el mayor volumen de procesamiento de crudo en lo En Sonora en Equipo publicamos toda la informaci\u00f3n de Sonora, M\u00e9xico y el Mundo de manera oportuna y busca que la libertad de expresi\u00f3n sea real. Visita nuestro medio informativo publicado desde Hermosillo, Sonora. %\" \/>\n<meta name=\"robots\" content=\"index, follow, max-snippet:-1, max-image-preview:large, max-video-preview:-1\" \/>\n<link rel=\"canonical\" href=\"https:\/\/www.sonoraenequipo.com.mx\/las-refinerias-de-pemex-llegan-a-procesamiento-historico-en-marzo\/\" \/>\n<meta property=\"og:locale\" content=\"es_ES\" \/>\n<meta property=\"og:type\" content=\"article\" \/>\n<meta property=\"og:title\" content=\"Sonora en Equipo. Las refiner\u00edas de Pemex llegan a procesamiento hist\u00f3rico en marzo Rep\u00fablica\" \/>\n<meta property=\"og:description\" content=\"CIUDAD DE M\u00c9XICO. MX. \u2014 Durante marzo, las siete refiner\u00edas de Petr\u00f3leos Mexicanos (Pemex) registraron el mayor volumen de procesamiento de crudo en lo En Sonora en Equipo publicamos toda la informaci\u00f3n de Sonora, M\u00e9xico y el Mundo de manera oportuna y busca que la libertad de expresi\u00f3n sea real. Visita nuestro medio informativo publicado desde Hermosillo, Sonora. %\" \/>\n<meta property=\"og:url\" content=\"https:\/\/www.sonoraenequipo.com.mx\/las-refinerias-de-pemex-llegan-a-procesamiento-historico-en-marzo\/\" \/>\n<meta property=\"og:site_name\" content=\"Sonora en Equipo.\" \/>\n<meta property=\"article:publisher\" content=\"https:\/\/www.facebook.com\/SonoraEE\/\" \/>\n<meta property=\"article:author\" content=\"https:\/\/www.facebook.com\/SonoraEE\" \/>\n<meta property=\"article:published_time\" content=\"2025-05-02T21:15:00+00:00\" \/>\n<meta property=\"article:modified_time\" content=\"2025-05-02T21:22:55+00:00\" \/>\n<meta property=\"og:image\" content=\"https:\/\/www.sonoraenequipo.com.mx\/storage\/2025\/05\/dos-bocas.-Refineria-Pemex-min.jpg\" \/>\n\t<meta property=\"og:image:width\" content=\"1000\" \/>\n\t<meta property=\"og:image:height\" content=\"562\" \/>\n\t<meta property=\"og:image:type\" content=\"image\/jpeg\" \/>\n<meta name=\"author\" content=\"enequipo\" \/>\n<meta name=\"twitter:card\" content=\"summary_large_image\" \/>\n<meta name=\"twitter:creator\" content=\"@sonoraenequipo\" \/>\n<meta name=\"twitter:site\" content=\"@sonoraenequipo\" \/>\n<meta name=\"twitter:label1\" content=\"Escrito por\" \/>\n\t<meta name=\"twitter:data1\" content=\"enequipo\" \/>\n\t<meta name=\"twitter:label2\" content=\"Tiempo de lectura\" \/>\n\t<meta name=\"twitter:data2\" content=\"2 minutos\" \/>\n<script type=\"application\/ld+json\" class=\"yoast-schema-graph\">{\"@context\":\"https:\/\/schema.org\",\"@graph\":[{\"@type\":\"Article\",\"@id\":\"https:\/\/www.sonoraenequipo.com.mx\/las-refinerias-de-pemex-llegan-a-procesamiento-historico-en-marzo\/#article\",\"isPartOf\":{\"@id\":\"https:\/\/www.sonoraenequipo.com.mx\/las-refinerias-de-pemex-llegan-a-procesamiento-historico-en-marzo\/\"},\"author\":{\"name\":\"enequipo\",\"@id\":\"https:\/\/www.sonoraenequipo.com.mx\/#\/schema\/person\/50102df0fb23a8fa9e8effad8fa81386\"},\"headline\":\"Las refiner\u00edas de Pemex llegan a procesamiento hist\u00f3rico en marzo\",\"datePublished\":\"2025-05-02T21:15:00+00:00\",\"dateModified\":\"2025-05-02T21:22:55+00:00\",\"mainEntityOfPage\":{\"@id\":\"https:\/\/www.sonoraenequipo.com.mx\/las-refinerias-de-pemex-llegan-a-procesamiento-historico-en-marzo\/\"},\"wordCount\":429,\"commentCount\":0,\"publisher\":{\"@id\":\"https:\/\/www.sonoraenequipo.com.mx\/#organization\"},\"image\":{\"@id\":\"https:\/\/www.sonoraenequipo.com.mx\/las-refinerias-de-pemex-llegan-a-procesamiento-historico-en-marzo\/#primaryimage\"},\"thumbnailUrl\":\"https:\/\/www.sonoraenequipo.com.mx\/storage\/2025\/05\/dos-bocas.-Refineria-Pemex-min.jpg\",\"articleSection\":[\"Rep\u00fablica\"],\"inLanguage\":\"es\",\"potentialAction\":[{\"@type\":\"CommentAction\",\"name\":\"Comment\",\"target\":[\"https:\/\/www.sonoraenequipo.com.mx\/las-refinerias-de-pemex-llegan-a-procesamiento-historico-en-marzo\/#respond\"]}]},{\"@type\":\"WebPage\",\"@id\":\"https:\/\/www.sonoraenequipo.com.mx\/las-refinerias-de-pemex-llegan-a-procesamiento-historico-en-marzo\/\",\"url\":\"https:\/\/www.sonoraenequipo.com.mx\/las-refinerias-de-pemex-llegan-a-procesamiento-historico-en-marzo\/\",\"name\":\"Sonora en Equipo. Las refiner\u00edas de Pemex llegan a procesamiento hist\u00f3rico en marzo Rep\u00fablica\",\"isPartOf\":{\"@id\":\"https:\/\/www.sonoraenequipo.com.mx\/#website\"},\"primaryImageOfPage\":{\"@id\":\"https:\/\/www.sonoraenequipo.com.mx\/las-refinerias-de-pemex-llegan-a-procesamiento-historico-en-marzo\/#primaryimage\"},\"image\":{\"@id\":\"https:\/\/www.sonoraenequipo.com.mx\/las-refinerias-de-pemex-llegan-a-procesamiento-historico-en-marzo\/#primaryimage\"},\"thumbnailUrl\":\"https:\/\/www.sonoraenequipo.com.mx\/storage\/2025\/05\/dos-bocas.-Refineria-Pemex-min.jpg\",\"datePublished\":\"2025-05-02T21:15:00+00:00\",\"dateModified\":\"2025-05-02T21:22:55+00:00\",\"description\":\"CIUDAD DE M\u00c9XICO. MX. \u2014 Durante marzo, las siete refiner\u00edas de Petr\u00f3leos Mexicanos (Pemex) registraron el mayor volumen de procesamiento de crudo en lo En Sonora en Equipo publicamos toda la informaci\u00f3n de Sonora, M\u00e9xico y el Mundo de manera oportuna y busca que la libertad de expresi\u00f3n sea real. Visita nuestro medio informativo publicado desde Hermosillo, Sonora. %\",\"breadcrumb\":{\"@id\":\"https:\/\/www.sonoraenequipo.com.mx\/las-refinerias-de-pemex-llegan-a-procesamiento-historico-en-marzo\/#breadcrumb\"},\"inLanguage\":\"es\",\"potentialAction\":[{\"@type\":\"ReadAction\",\"target\":[\"https:\/\/www.sonoraenequipo.com.mx\/las-refinerias-de-pemex-llegan-a-procesamiento-historico-en-marzo\/\"]}]},{\"@type\":\"ImageObject\",\"inLanguage\":\"es\",\"@id\":\"https:\/\/www.sonoraenequipo.com.mx\/las-refinerias-de-pemex-llegan-a-procesamiento-historico-en-marzo\/#primaryimage\",\"url\":\"https:\/\/www.sonoraenequipo.com.mx\/storage\/2025\/05\/dos-bocas.-Refineria-Pemex-min.jpg\",\"contentUrl\":\"https:\/\/www.sonoraenequipo.com.mx\/storage\/2025\/05\/dos-bocas.-Refineria-Pemex-min.jpg\",\"width\":1000,\"height\":562},{\"@type\":\"BreadcrumbList\",\"@id\":\"https:\/\/www.sonoraenequipo.com.mx\/las-refinerias-de-pemex-llegan-a-procesamiento-historico-en-marzo\/#breadcrumb\",\"itemListElement\":[{\"@type\":\"ListItem\",\"position\":1,\"name\":\"Portada\",\"item\":\"https:\/\/www.sonoraenequipo.com.mx\/\"},{\"@type\":\"ListItem\",\"position\":2,\"name\":\"Las refiner\u00edas de Pemex llegan a procesamiento hist\u00f3rico en marzo\"}]},{\"@type\":\"WebSite\",\"@id\":\"https:\/\/www.sonoraenequipo.com.mx\/#website\",\"url\":\"https:\/\/www.sonoraenequipo.com.mx\/\",\"name\":\"Sonora en Equipo.\",\"description\":\"Diario en l\u00ednea con Noticias desde Hermosillo, Sonora\",\"publisher\":{\"@id\":\"https:\/\/www.sonoraenequipo.com.mx\/#organization\"},\"potentialAction\":[{\"@type\":\"SearchAction\",\"target\":{\"@type\":\"EntryPoint\",\"urlTemplate\":\"https:\/\/www.sonoraenequipo.com.mx\/?s={search_term_string}\"},\"query-input\":{\"@type\":\"PropertyValueSpecification\",\"valueRequired\":true,\"valueName\":\"search_term_string\"}}],\"inLanguage\":\"es\"},{\"@type\":\"Organization\",\"@id\":\"https:\/\/www.sonoraenequipo.com.mx\/#organization\",\"name\":\"Sonoraenequipo.com.mx\",\"url\":\"https:\/\/www.sonoraenequipo.com.mx\/\",\"logo\":{\"@type\":\"ImageObject\",\"inLanguage\":\"es\",\"@id\":\"https:\/\/www.sonoraenequipo.com.mx\/#\/schema\/logo\/image\/\",\"url\":\"https:\/\/www.sonoraenequipo.com.mx\/storage\/2019\/01\/sonoraenequipo_opt.png\",\"contentUrl\":\"https:\/\/www.sonoraenequipo.com.mx\/storage\/2019\/01\/sonoraenequipo_opt.png\",\"width\":375,\"height\":125,\"caption\":\"Sonoraenequipo.com.mx\"},\"image\":{\"@id\":\"https:\/\/www.sonoraenequipo.com.mx\/#\/schema\/logo\/image\/\"},\"sameAs\":[\"https:\/\/www.facebook.com\/SonoraEE\/\",\"https:\/\/x.com\/sonoraenequipo\",\"https:\/\/www.youtube.com\/channel\/UC338nW-lPEYmJQs4ZABQ1SQ\"]},{\"@type\":\"Person\",\"@id\":\"https:\/\/www.sonoraenequipo.com.mx\/#\/schema\/person\/50102df0fb23a8fa9e8effad8fa81386\",\"name\":\"enequipo\",\"image\":{\"@type\":\"ImageObject\",\"inLanguage\":\"es\",\"@id\":\"https:\/\/www.sonoraenequipo.com.mx\/#\/schema\/person\/image\/\",\"url\":\"https:\/\/secure.gravatar.com\/avatar\/049821681b589dabc0bc20695993ccebb09f5b5d4d790cd9251b97faac7c652b?s=96&d=blank&r=g\",\"contentUrl\":\"https:\/\/secure.gravatar.com\/avatar\/049821681b589dabc0bc20695993ccebb09f5b5d4d790cd9251b97faac7c652b?s=96&d=blank&r=g\",\"caption\":\"enequipo\"},\"sameAs\":[\"https:\/\/www.facebook.com\/SonoraEE\"]}]}<\/script>\n ","yoast_head_json":{"title":"Sonora en Equipo. Las refiner\u00edas de Pemex llegan a procesamiento hist\u00f3rico en marzo Rep\u00fablica","description":"CIUDAD DE M\u00c9XICO. MX. \u2014 Durante marzo, las siete refiner\u00edas de Petr\u00f3leos Mexicanos (Pemex) registraron el mayor volumen de procesamiento de crudo en lo En Sonora en Equipo publicamos toda la informaci\u00f3n de Sonora, M\u00e9xico y el Mundo de manera oportuna y busca que la libertad de expresi\u00f3n sea real. Visita nuestro medio informativo publicado desde Hermosillo, Sonora. %","robots":{"index":"index","follow":"follow","max-snippet":"max-snippet:-1","max-image-preview":"max-image-preview:large","max-video-preview":"max-video-preview:-1"},"canonical":"https:\/\/www.sonoraenequipo.com.mx\/las-refinerias-de-pemex-llegan-a-procesamiento-historico-en-marzo\/","og_locale":"es_ES","og_type":"article","og_title":"Sonora en Equipo. Las refiner\u00edas de Pemex llegan a procesamiento hist\u00f3rico en marzo Rep\u00fablica","og_description":"CIUDAD DE M\u00c9XICO. MX. \u2014 Durante marzo, las siete refiner\u00edas de Petr\u00f3leos Mexicanos (Pemex) registraron el mayor volumen de procesamiento de crudo en lo En Sonora en Equipo publicamos toda la informaci\u00f3n de Sonora, M\u00e9xico y el Mundo de manera oportuna y busca que la libertad de expresi\u00f3n sea real. Visita nuestro medio informativo publicado desde Hermosillo, Sonora. %","og_url":"https:\/\/www.sonoraenequipo.com.mx\/las-refinerias-de-pemex-llegan-a-procesamiento-historico-en-marzo\/","og_site_name":"Sonora en Equipo.","article_publisher":"https:\/\/www.facebook.com\/SonoraEE\/","article_author":"https:\/\/www.facebook.com\/SonoraEE","article_published_time":"2025-05-02T21:15:00+00:00","article_modified_time":"2025-05-02T21:22:55+00:00","og_image":[{"width":1000,"height":562,"url":"https:\/\/www.sonoraenequipo.com.mx\/storage\/2025\/05\/dos-bocas.-Refineria-Pemex-min.jpg","type":"image\/jpeg"}],"author":"enequipo","twitter_card":"summary_large_image","twitter_creator":"@sonoraenequipo","twitter_site":"@sonoraenequipo","twitter_misc":{"Escrito por":"enequipo","Tiempo de lectura":"2 minutos"},"schema":{"@context":"https:\/\/schema.org","@graph":[{"@type":"Article","@id":"https:\/\/www.sonoraenequipo.com.mx\/las-refinerias-de-pemex-llegan-a-procesamiento-historico-en-marzo\/#article","isPartOf":{"@id":"https:\/\/www.sonoraenequipo.com.mx\/las-refinerias-de-pemex-llegan-a-procesamiento-historico-en-marzo\/"},"author":{"name":"enequipo","@id":"https:\/\/www.sonoraenequipo.com.mx\/#\/schema\/person\/50102df0fb23a8fa9e8effad8fa81386"},"headline":"Las refiner\u00edas de Pemex llegan a procesamiento hist\u00f3rico en marzo","datePublished":"2025-05-02T21:15:00+00:00","dateModified":"2025-05-02T21:22:55+00:00","mainEntityOfPage":{"@id":"https:\/\/www.sonoraenequipo.com.mx\/las-refinerias-de-pemex-llegan-a-procesamiento-historico-en-marzo\/"},"wordCount":429,"commentCount":0,"publisher":{"@id":"https:\/\/www.sonoraenequipo.com.mx\/#organization"},"image":{"@id":"https:\/\/www.sonoraenequipo.com.mx\/las-refinerias-de-pemex-llegan-a-procesamiento-historico-en-marzo\/#primaryimage"},"thumbnailUrl":"https:\/\/www.sonoraenequipo.com.mx\/storage\/2025\/05\/dos-bocas.-Refineria-Pemex-min.jpg","articleSection":["Rep\u00fablica"],"inLanguage":"es","potentialAction":[{"@type":"CommentAction","name":"Comment","target":["https:\/\/www.sonoraenequipo.com.mx\/las-refinerias-de-pemex-llegan-a-procesamiento-historico-en-marzo\/#respond"]}]},{"@type":"WebPage","@id":"https:\/\/www.sonoraenequipo.com.mx\/las-refinerias-de-pemex-llegan-a-procesamiento-historico-en-marzo\/","url":"https:\/\/www.sonoraenequipo.com.mx\/las-refinerias-de-pemex-llegan-a-procesamiento-historico-en-marzo\/","name":"Sonora en Equipo. Las refiner\u00edas de Pemex llegan a procesamiento hist\u00f3rico en marzo Rep\u00fablica","isPartOf":{"@id":"https:\/\/www.sonoraenequipo.com.mx\/#website"},"primaryImageOfPage":{"@id":"https:\/\/www.sonoraenequipo.com.mx\/las-refinerias-de-pemex-llegan-a-procesamiento-historico-en-marzo\/#primaryimage"},"image":{"@id":"https:\/\/www.sonoraenequipo.com.mx\/las-refinerias-de-pemex-llegan-a-procesamiento-historico-en-marzo\/#primaryimage"},"thumbnailUrl":"https:\/\/www.sonoraenequipo.com.mx\/storage\/2025\/05\/dos-bocas.-Refineria-Pemex-min.jpg","datePublished":"2025-05-02T21:15:00+00:00","dateModified":"2025-05-02T21:22:55+00:00","description":"CIUDAD DE M\u00c9XICO. MX. \u2014 Durante marzo, las siete refiner\u00edas de Petr\u00f3leos Mexicanos (Pemex) registraron el mayor volumen de procesamiento de crudo en lo En Sonora en Equipo publicamos toda la informaci\u00f3n de Sonora, M\u00e9xico y el Mundo de manera oportuna y busca que la libertad de expresi\u00f3n sea real. Visita nuestro medio informativo publicado desde Hermosillo, Sonora. %","breadcrumb":{"@id":"https:\/\/www.sonoraenequipo.com.mx\/las-refinerias-de-pemex-llegan-a-procesamiento-historico-en-marzo\/#breadcrumb"},"inLanguage":"es","potentialAction":[{"@type":"ReadAction","target":["https:\/\/www.sonoraenequipo.com.mx\/las-refinerias-de-pemex-llegan-a-procesamiento-historico-en-marzo\/"]}]},{"@type":"ImageObject","inLanguage":"es","@id":"https:\/\/www.sonoraenequipo.com.mx\/las-refinerias-de-pemex-llegan-a-procesamiento-historico-en-marzo\/#primaryimage","url":"https:\/\/www.sonoraenequipo.com.mx\/storage\/2025\/05\/dos-bocas.-Refineria-Pemex-min.jpg","contentUrl":"https:\/\/www.sonoraenequipo.com.mx\/storage\/2025\/05\/dos-bocas.-Refineria-Pemex-min.jpg","width":1000,"height":562},{"@type":"BreadcrumbList","@id":"https:\/\/www.sonoraenequipo.com.mx\/las-refinerias-de-pemex-llegan-a-procesamiento-historico-en-marzo\/#breadcrumb","itemListElement":[{"@type":"ListItem","position":1,"name":"Portada","item":"https:\/\/www.sonoraenequipo.com.mx\/"},{"@type":"ListItem","position":2,"name":"Las refiner\u00edas de Pemex llegan a procesamiento hist\u00f3rico en marzo"}]},{"@type":"WebSite","@id":"https:\/\/www.sonoraenequipo.com.mx\/#website","url":"https:\/\/www.sonoraenequipo.com.mx\/","name":"Sonora en Equipo.","description":"Diario en l\u00ednea con Noticias desde Hermosillo, Sonora","publisher":{"@id":"https:\/\/www.sonoraenequipo.com.mx\/#organization"},"potentialAction":[{"@type":"SearchAction","target":{"@type":"EntryPoint","urlTemplate":"https:\/\/www.sonoraenequipo.com.mx\/?s={search_term_string}"},"query-input":{"@type":"PropertyValueSpecification","valueRequired":true,"valueName":"search_term_string"}}],"inLanguage":"es"},{"@type":"Organization","@id":"https:\/\/www.sonoraenequipo.com.mx\/#organization","name":"Sonoraenequipo.com.mx","url":"https:\/\/www.sonoraenequipo.com.mx\/","logo":{"@type":"ImageObject","inLanguage":"es","@id":"https:\/\/www.sonoraenequipo.com.mx\/#\/schema\/logo\/image\/","url":"https:\/\/www.sonoraenequipo.com.mx\/storage\/2019\/01\/sonoraenequipo_opt.png","contentUrl":"https:\/\/www.sonoraenequipo.com.mx\/storage\/2019\/01\/sonoraenequipo_opt.png","width":375,"height":125,"caption":"Sonoraenequipo.com.mx"},"image":{"@id":"https:\/\/www.sonoraenequipo.com.mx\/#\/schema\/logo\/image\/"},"sameAs":["https:\/\/www.facebook.com\/SonoraEE\/","https:\/\/x.com\/sonoraenequipo","https:\/\/www.youtube.com\/channel\/UC338nW-lPEYmJQs4ZABQ1SQ"]},{"@type":"Person","@id":"https:\/\/www.sonoraenequipo.com.mx\/#\/schema\/person\/50102df0fb23a8fa9e8effad8fa81386","name":"enequipo","image":{"@type":"ImageObject","inLanguage":"es","@id":"https:\/\/www.sonoraenequipo.com.mx\/#\/schema\/person\/image\/","url":"https:\/\/secure.gravatar.com\/avatar\/049821681b589dabc0bc20695993ccebb09f5b5d4d790cd9251b97faac7c652b?s=96&d=blank&r=g","contentUrl":"https:\/\/secure.gravatar.com\/avatar\/049821681b589dabc0bc20695993ccebb09f5b5d4d790cd9251b97faac7c652b?s=96&d=blank&r=g","caption":"enequipo"},"sameAs":["https:\/\/www.facebook.com\/SonoraEE"]}]}},"jetpack_featured_media_url":"https:\/\/www.sonoraenequipo.com.mx\/storage\/2025\/05\/dos-bocas.-Refineria-Pemex-min.jpg","_links":{"self":[{"href":"https:\/\/www.sonoraenequipo.com.mx\/api\/wp\/v2\/posts\/214680","targetHints":{"allow":["GET"]}}],"collection":[{"href":"https:\/\/www.sonoraenequipo.com.mx\/api\/wp\/v2\/posts"}],"about":[{"href":"https:\/\/www.sonoraenequipo.com.mx\/api\/wp\/v2\/types\/post"}],"author":[{"embeddable":true,"href":"https:\/\/www.sonoraenequipo.com.mx\/api\/wp\/v2\/users\/1"}],"replies":[{"embeddable":true,"href":"https:\/\/www.sonoraenequipo.com.mx\/api\/wp\/v2\/comments?post=214680"}],"version-history":[{"count":1,"href":"https:\/\/www.sonoraenequipo.com.mx\/api\/wp\/v2\/posts\/214680\/revisions"}],"predecessor-version":[{"id":214683,"href":"https:\/\/www.sonoraenequipo.com.mx\/api\/wp\/v2\/posts\/214680\/revisions\/214683"}],"wp:featuredmedia":[{"embeddable":true,"href":"https:\/\/www.sonoraenequipo.com.mx\/api\/wp\/v2\/media\/214682"}],"wp:attachment":[{"href":"https:\/\/www.sonoraenequipo.com.mx\/api\/wp\/v2\/media?parent=214680"}],"wp:term":[{"taxonomy":"category","embeddable":true,"href":"https:\/\/www.sonoraenequipo.com.mx\/api\/wp\/v2\/categories?post=214680"},{"taxonomy":"post_tag","embeddable":true,"href":"https:\/\/www.sonoraenequipo.com.mx\/api\/wp\/v2\/tags?post=214680"}],"curies":[{"name":"wp","href":"https:\/\/api.w.org\/{rel}","templated":true}]}}