{"id":214691,"date":"2025-05-02T17:48:53","date_gmt":"2025-05-03T00:48:53","guid":{"rendered":"https:\/\/www.sonoraenequipo.com.mx\/?p=214691"},"modified":"2025-05-02T17:48:53","modified_gmt":"2025-05-03T00:48:53","slug":"mantiene-gobierno-de-sonora-acciones-contra-el-bullying-o-acoso-escolar","status":"publish","type":"post","link":"https:\/\/www.sonoraenequipo.com.mx\/mantiene-gobierno-de-sonora-acciones-contra-el-bullying-o-acoso-escolar\/","title":{"rendered":"Mantiene Gobierno de Sonora acciones contra el bullying o acoso escolar"},"content":{"rendered":"<p><strong>HERMOSILLO, SONORA, MX.<\/strong> \u2014 Un total de 231 pl\u00e1ticas para prevenir el bullying o acoso escolar se han impartido en lo que va del presente a\u00f1o a ni\u00f1as, ni\u00f1os y adolescentes de 21 localidades del estado, como parte de las acciones permanentes del eje Escuelas sin violencia de la Secretar\u00eda de Seguridad P\u00fablica (SSP) en Sonora.<\/p>\n<p>&nbsp;<\/p>\n<p>&nbsp;<\/p>\n<p>&nbsp;<\/p>\n<p>Rita Olivia Burgos Villaescusa, coordinadora estatal del Centro de Prevenci\u00f3n del Delito y Participaci\u00f3n Ciudadana, inform\u00f3 que estas actividades tienen como objetivo concientizar desde los primeros a\u00f1os de vida sobre los riesgos y consecuencias de estas conductas. Estas charlas forman parte de la Jornada Permanente por la Paz que impulsa la SSP, y han llegado a un total de ocho mil 333 estudiantes.<\/p>\n<p>&nbsp;<\/p>\n<p>&nbsp;<\/p>\n<p>&nbsp;<\/p>\n<p>Como cada 2 de mayo, al conmemorarse el D\u00eda Mundial contra el Bullying o Acoso Escolar, la Secretar\u00eda de Seguridad P\u00fablica refrenda su compromiso de trabajar en acciones preventivas dirigidas principalmente a la ni\u00f1ez y juventud, principalmente.<\/p>\n<p>&nbsp;<\/p>\n<p>&nbsp;<\/p>\n<p>&nbsp;<\/p>\n<p>Burgos Villaescusa explic\u00f3 que, mediante din\u00e1micas adaptadas a la edad del alumnado, se promueve la cultura de la paz y la pr\u00e1ctica de valores como el respeto, tanto en la escuela como en el hogar y la comunidad.<\/p>\n<p>&nbsp;<\/p>\n<p>&nbsp;<\/p>\n<p>&nbsp;<\/p>\n<p>Actualmente, la SSP ha visitado centros educativos en Hermosillo, Poblado Miguel Alem\u00e1n, Punta Chueca, Guaymas, Caborca, Cajeme, Nogales, Cananea, Empalme, Navojoa, Huatabampo, San Luis R\u00edo Colorado, \u00c1lamos, Aconchi, B\u00e1cum, Benito Ju\u00e1rez, Benjam\u00edn Hill, Etchojoa, Naco, Pitiquito y Tubutama, donde se han realizado acciones espec\u00edficas para la prevenci\u00f3n del bullying o acoso escolar.<\/p>\n<p>&nbsp;<\/p>\n<p>&nbsp;<\/p>\n<p>&nbsp;<\/p>\n<p>Los equipos del Centro Estatal de Prevenci\u00f3n del Delito y Participaci\u00f3n Ciudadana tambi\u00e9n promueven el uso de la l\u00ednea de emergencia 9-1-1 y la l\u00ednea 089 para realizar denuncias an\u00f3nimas.<\/p>\n<p><strong>Fecha de publicaci\u00f3n viernes 2 de mayo de 2025 \/ <\/strong><\/p>\n","protected":false},"excerpt":{"rendered":"<p>HERMOSILLO, SONORA, MX. \u2014 Un total de 231 pl\u00e1ticas para prevenir el bullying o acoso&#8230;<\/p>\n","protected":false},"author":1,"featured_media":214692,"comment_status":"open","ping_status":"open","sticky":false,"template":"","format":"standard","meta":{"_monsterinsights_skip_tracking":false,"_monsterinsights_sitenote_active":false,"_monsterinsights_sitenote_note":"","_monsterinsights_sitenote_category":0,"footnotes":""},"categories":[1],"tags":[],"class_list":["post"],"yoast_head":" \n<title>Sonora en Equipo. Mantiene Gobierno de Sonora acciones contra el bullying o acoso escolar<\/title>\n<meta name=\"description\" content=\"HERMOSILLO, SONORA, MX. \u2014 Un total de 231 pl\u00e1ticas para prevenir el bullying o acoso escolar se han impartido en lo que va del presente a\u00f1o a ni\u00f1as, ni\u00f1os En Sonora en Equipo publicamos toda la informaci\u00f3n de Sonora, M\u00e9xico y el Mundo de manera oportuna y busca que la libertad de expresi\u00f3n sea real. Visita nuestro medio informativo publicado desde Hermosillo, Sonora. %\" \/>\n<meta name=\"robots\" content=\"index, follow, max-snippet:-1, max-image-preview:large, max-video-preview:-1\" \/>\n<link rel=\"canonical\" href=\"https:\/\/www.sonoraenequipo.com.mx\/mantiene-gobierno-de-sonora-acciones-contra-el-bullying-o-acoso-escolar\/\" \/>\n<meta property=\"og:locale\" content=\"es_ES\" \/>\n<meta property=\"og:type\" content=\"article\" \/>\n<meta property=\"og:title\" content=\"Sonora en Equipo. Mantiene Gobierno de Sonora acciones contra el bullying o acoso escolar\" \/>\n<meta property=\"og:description\" content=\"HERMOSILLO, SONORA, MX. \u2014 Un total de 231 pl\u00e1ticas para prevenir el bullying o acoso escolar se han impartido en lo que va del presente a\u00f1o a ni\u00f1as, ni\u00f1os En Sonora en Equipo publicamos toda la informaci\u00f3n de Sonora, M\u00e9xico y el Mundo de manera oportuna y busca que la libertad de expresi\u00f3n sea real. Visita nuestro medio informativo publicado desde Hermosillo, Sonora. %\" \/>\n<meta property=\"og:url\" content=\"https:\/\/www.sonoraenequipo.com.mx\/mantiene-gobierno-de-sonora-acciones-contra-el-bullying-o-acoso-escolar\/\" \/>\n<meta property=\"og:site_name\" content=\"Sonora en Equipo.\" \/>\n<meta property=\"article:publisher\" content=\"https:\/\/www.facebook.com\/SonoraEE\/\" \/>\n<meta property=\"article:author\" content=\"https:\/\/www.facebook.com\/SonoraEE\" \/>\n<meta property=\"article:published_time\" content=\"2025-05-03T00:48:53+00:00\" \/>\n<meta property=\"og:image\" content=\"https:\/\/www.sonoraenequipo.com.mx\/storage\/2025\/05\/platicas-vs-bulying.jpg\" \/>\n\t<meta property=\"og:image:width\" content=\"600\" \/>\n\t<meta property=\"og:image:height\" content=\"450\" \/>\n\t<meta property=\"og:image:type\" content=\"image\/jpeg\" \/>\n<meta name=\"author\" content=\"enequipo\" \/>\n<meta name=\"twitter:card\" content=\"summary_large_image\" \/>\n<meta name=\"twitter:creator\" content=\"@sonoraenequipo\" \/>\n<meta name=\"twitter:site\" content=\"@sonoraenequipo\" \/>\n<meta name=\"twitter:label1\" content=\"Escrito por\" \/>\n\t<meta name=\"twitter:data1\" content=\"enequipo\" \/>\n\t<meta name=\"twitter:label2\" content=\"Tiempo de lectura\" \/>\n\t<meta name=\"twitter:data2\" content=\"2 minutos\" \/>\n<script type=\"application\/ld+json\" class=\"yoast-schema-graph\">{\"@context\":\"https:\/\/schema.org\",\"@graph\":[{\"@type\":\"Article\",\"@id\":\"https:\/\/www.sonoraenequipo.com.mx\/mantiene-gobierno-de-sonora-acciones-contra-el-bullying-o-acoso-escolar\/#article\",\"isPartOf\":{\"@id\":\"https:\/\/www.sonoraenequipo.com.mx\/mantiene-gobierno-de-sonora-acciones-contra-el-bullying-o-acoso-escolar\/\"},\"author\":{\"name\":\"enequipo\",\"@id\":\"https:\/\/www.sonoraenequipo.com.mx\/#\/schema\/person\/50102df0fb23a8fa9e8effad8fa81386\"},\"headline\":\"Mantiene Gobierno de Sonora acciones contra el bullying o acoso escolar\",\"datePublished\":\"2025-05-03T00:48:53+00:00\",\"mainEntityOfPage\":{\"@id\":\"https:\/\/www.sonoraenequipo.com.mx\/mantiene-gobierno-de-sonora-acciones-contra-el-bullying-o-acoso-escolar\/\"},\"wordCount\":333,\"commentCount\":0,\"publisher\":{\"@id\":\"https:\/\/www.sonoraenequipo.com.mx\/#organization\"},\"image\":{\"@id\":\"https:\/\/www.sonoraenequipo.com.mx\/mantiene-gobierno-de-sonora-acciones-contra-el-bullying-o-acoso-escolar\/#primaryimage\"},\"thumbnailUrl\":\"https:\/\/www.sonoraenequipo.com.mx\/storage\/2025\/05\/platicas-vs-bulying.jpg\",\"articleSection\":[\"Sin categorizar\"],\"inLanguage\":\"es\",\"potentialAction\":[{\"@type\":\"CommentAction\",\"name\":\"Comment\",\"target\":[\"https:\/\/www.sonoraenequipo.com.mx\/mantiene-gobierno-de-sonora-acciones-contra-el-bullying-o-acoso-escolar\/#respond\"]}]},{\"@type\":\"WebPage\",\"@id\":\"https:\/\/www.sonoraenequipo.com.mx\/mantiene-gobierno-de-sonora-acciones-contra-el-bullying-o-acoso-escolar\/\",\"url\":\"https:\/\/www.sonoraenequipo.com.mx\/mantiene-gobierno-de-sonora-acciones-contra-el-bullying-o-acoso-escolar\/\",\"name\":\"Sonora en Equipo. Mantiene Gobierno de Sonora acciones contra el bullying o acoso escolar\",\"isPartOf\":{\"@id\":\"https:\/\/www.sonoraenequipo.com.mx\/#website\"},\"primaryImageOfPage\":{\"@id\":\"https:\/\/www.sonoraenequipo.com.mx\/mantiene-gobierno-de-sonora-acciones-contra-el-bullying-o-acoso-escolar\/#primaryimage\"},\"image\":{\"@id\":\"https:\/\/www.sonoraenequipo.com.mx\/mantiene-gobierno-de-sonora-acciones-contra-el-bullying-o-acoso-escolar\/#primaryimage\"},\"thumbnailUrl\":\"https:\/\/www.sonoraenequipo.com.mx\/storage\/2025\/05\/platicas-vs-bulying.jpg\",\"datePublished\":\"2025-05-03T00:48:53+00:00\",\"description\":\"HERMOSILLO, SONORA, MX. \u2014 Un total de 231 pl\u00e1ticas para prevenir el bullying o acoso escolar se han impartido en lo que va del presente a\u00f1o a ni\u00f1as, ni\u00f1os En Sonora en Equipo publicamos toda la informaci\u00f3n de Sonora, M\u00e9xico y el Mundo de manera oportuna y busca que la libertad de expresi\u00f3n sea real. Visita nuestro medio informativo publicado desde Hermosillo, Sonora. %\",\"breadcrumb\":{\"@id\":\"https:\/\/www.sonoraenequipo.com.mx\/mantiene-gobierno-de-sonora-acciones-contra-el-bullying-o-acoso-escolar\/#breadcrumb\"},\"inLanguage\":\"es\",\"potentialAction\":[{\"@type\":\"ReadAction\",\"target\":[\"https:\/\/www.sonoraenequipo.com.mx\/mantiene-gobierno-de-sonora-acciones-contra-el-bullying-o-acoso-escolar\/\"]}]},{\"@type\":\"ImageObject\",\"inLanguage\":\"es\",\"@id\":\"https:\/\/www.sonoraenequipo.com.mx\/mantiene-gobierno-de-sonora-acciones-contra-el-bullying-o-acoso-escolar\/#primaryimage\",\"url\":\"https:\/\/www.sonoraenequipo.com.mx\/storage\/2025\/05\/platicas-vs-bulying.jpg\",\"contentUrl\":\"https:\/\/www.sonoraenequipo.com.mx\/storage\/2025\/05\/platicas-vs-bulying.jpg\",\"width\":600,\"height\":450},{\"@type\":\"BreadcrumbList\",\"@id\":\"https:\/\/www.sonoraenequipo.com.mx\/mantiene-gobierno-de-sonora-acciones-contra-el-bullying-o-acoso-escolar\/#breadcrumb\",\"itemListElement\":[{\"@type\":\"ListItem\",\"position\":1,\"name\":\"Portada\",\"item\":\"https:\/\/www.sonoraenequipo.com.mx\/\"},{\"@type\":\"ListItem\",\"position\":2,\"name\":\"Mantiene Gobierno de Sonora acciones contra el bullying o acoso escolar\"}]},{\"@type\":\"WebSite\",\"@id\":\"https:\/\/www.sonoraenequipo.com.mx\/#website\",\"url\":\"https:\/\/www.sonoraenequipo.com.mx\/\",\"name\":\"Sonora en Equipo.\",\"description\":\"Diario en l\u00ednea con Noticias desde Hermosillo, Sonora\",\"publisher\":{\"@id\":\"https:\/\/www.sonoraenequipo.com.mx\/#organization\"},\"potentialAction\":[{\"@type\":\"SearchAction\",\"target\":{\"@type\":\"EntryPoint\",\"urlTemplate\":\"https:\/\/www.sonoraenequipo.com.mx\/?s={search_term_string}\"},\"query-input\":{\"@type\":\"PropertyValueSpecification\",\"valueRequired\":true,\"valueName\":\"search_term_string\"}}],\"inLanguage\":\"es\"},{\"@type\":\"Organization\",\"@id\":\"https:\/\/www.sonoraenequipo.com.mx\/#organization\",\"name\":\"Sonoraenequipo.com.mx\",\"url\":\"https:\/\/www.sonoraenequipo.com.mx\/\",\"logo\":{\"@type\":\"ImageObject\",\"inLanguage\":\"es\",\"@id\":\"https:\/\/www.sonoraenequipo.com.mx\/#\/schema\/logo\/image\/\",\"url\":\"https:\/\/www.sonoraenequipo.com.mx\/storage\/2019\/01\/sonoraenequipo_opt.png\",\"contentUrl\":\"https:\/\/www.sonoraenequipo.com.mx\/storage\/2019\/01\/sonoraenequipo_opt.png\",\"width\":375,\"height\":125,\"caption\":\"Sonoraenequipo.com.mx\"},\"image\":{\"@id\":\"https:\/\/www.sonoraenequipo.com.mx\/#\/schema\/logo\/image\/\"},\"sameAs\":[\"https:\/\/www.facebook.com\/SonoraEE\/\",\"https:\/\/x.com\/sonoraenequipo\",\"https:\/\/www.youtube.com\/channel\/UC338nW-lPEYmJQs4ZABQ1SQ\"]},{\"@type\":\"Person\",\"@id\":\"https:\/\/www.sonoraenequipo.com.mx\/#\/schema\/person\/50102df0fb23a8fa9e8effad8fa81386\",\"name\":\"enequipo\",\"image\":{\"@type\":\"ImageObject\",\"inLanguage\":\"es\",\"@id\":\"https:\/\/www.sonoraenequipo.com.mx\/#\/schema\/person\/image\/\",\"url\":\"https:\/\/secure.gravatar.com\/avatar\/049821681b589dabc0bc20695993ccebb09f5b5d4d790cd9251b97faac7c652b?s=96&d=blank&r=g\",\"contentUrl\":\"https:\/\/secure.gravatar.com\/avatar\/049821681b589dabc0bc20695993ccebb09f5b5d4d790cd9251b97faac7c652b?s=96&d=blank&r=g\",\"caption\":\"enequipo\"},\"sameAs\":[\"https:\/\/www.facebook.com\/SonoraEE\"]}]}<\/script>\n ","yoast_head_json":{"title":"Sonora en Equipo. Mantiene Gobierno de Sonora acciones contra el bullying o acoso escolar","description":"HERMOSILLO, SONORA, MX. \u2014 Un total de 231 pl\u00e1ticas para prevenir el bullying o acoso escolar se han impartido en lo que va del presente a\u00f1o a ni\u00f1as, ni\u00f1os En Sonora en Equipo publicamos toda la informaci\u00f3n de Sonora, M\u00e9xico y el Mundo de manera oportuna y busca que la libertad de expresi\u00f3n sea real. Visita nuestro medio informativo publicado desde Hermosillo, Sonora. %","robots":{"index":"index","follow":"follow","max-snippet":"max-snippet:-1","max-image-preview":"max-image-preview:large","max-video-preview":"max-video-preview:-1"},"canonical":"https:\/\/www.sonoraenequipo.com.mx\/mantiene-gobierno-de-sonora-acciones-contra-el-bullying-o-acoso-escolar\/","og_locale":"es_ES","og_type":"article","og_title":"Sonora en Equipo. Mantiene Gobierno de Sonora acciones contra el bullying o acoso escolar","og_description":"HERMOSILLO, SONORA, MX. \u2014 Un total de 231 pl\u00e1ticas para prevenir el bullying o acoso escolar se han impartido en lo que va del presente a\u00f1o a ni\u00f1as, ni\u00f1os En Sonora en Equipo publicamos toda la informaci\u00f3n de Sonora, M\u00e9xico y el Mundo de manera oportuna y busca que la libertad de expresi\u00f3n sea real. Visita nuestro medio informativo publicado desde Hermosillo, Sonora. %","og_url":"https:\/\/www.sonoraenequipo.com.mx\/mantiene-gobierno-de-sonora-acciones-contra-el-bullying-o-acoso-escolar\/","og_site_name":"Sonora en Equipo.","article_publisher":"https:\/\/www.facebook.com\/SonoraEE\/","article_author":"https:\/\/www.facebook.com\/SonoraEE","article_published_time":"2025-05-03T00:48:53+00:00","og_image":[{"width":600,"height":450,"url":"https:\/\/www.sonoraenequipo.com.mx\/storage\/2025\/05\/platicas-vs-bulying.jpg","type":"image\/jpeg"}],"author":"enequipo","twitter_card":"summary_large_image","twitter_creator":"@sonoraenequipo","twitter_site":"@sonoraenequipo","twitter_misc":{"Escrito por":"enequipo","Tiempo de lectura":"2 minutos"},"schema":{"@context":"https:\/\/schema.org","@graph":[{"@type":"Article","@id":"https:\/\/www.sonoraenequipo.com.mx\/mantiene-gobierno-de-sonora-acciones-contra-el-bullying-o-acoso-escolar\/#article","isPartOf":{"@id":"https:\/\/www.sonoraenequipo.com.mx\/mantiene-gobierno-de-sonora-acciones-contra-el-bullying-o-acoso-escolar\/"},"author":{"name":"enequipo","@id":"https:\/\/www.sonoraenequipo.com.mx\/#\/schema\/person\/50102df0fb23a8fa9e8effad8fa81386"},"headline":"Mantiene Gobierno de Sonora acciones contra el bullying o acoso escolar","datePublished":"2025-05-03T00:48:53+00:00","mainEntityOfPage":{"@id":"https:\/\/www.sonoraenequipo.com.mx\/mantiene-gobierno-de-sonora-acciones-contra-el-bullying-o-acoso-escolar\/"},"wordCount":333,"commentCount":0,"publisher":{"@id":"https:\/\/www.sonoraenequipo.com.mx\/#organization"},"image":{"@id":"https:\/\/www.sonoraenequipo.com.mx\/mantiene-gobierno-de-sonora-acciones-contra-el-bullying-o-acoso-escolar\/#primaryimage"},"thumbnailUrl":"https:\/\/www.sonoraenequipo.com.mx\/storage\/2025\/05\/platicas-vs-bulying.jpg","articleSection":["Sin categorizar"],"inLanguage":"es","potentialAction":[{"@type":"CommentAction","name":"Comment","target":["https:\/\/www.sonoraenequipo.com.mx\/mantiene-gobierno-de-sonora-acciones-contra-el-bullying-o-acoso-escolar\/#respond"]}]},{"@type":"WebPage","@id":"https:\/\/www.sonoraenequipo.com.mx\/mantiene-gobierno-de-sonora-acciones-contra-el-bullying-o-acoso-escolar\/","url":"https:\/\/www.sonoraenequipo.com.mx\/mantiene-gobierno-de-sonora-acciones-contra-el-bullying-o-acoso-escolar\/","name":"Sonora en Equipo. Mantiene Gobierno de Sonora acciones contra el bullying o acoso escolar","isPartOf":{"@id":"https:\/\/www.sonoraenequipo.com.mx\/#website"},"primaryImageOfPage":{"@id":"https:\/\/www.sonoraenequipo.com.mx\/mantiene-gobierno-de-sonora-acciones-contra-el-bullying-o-acoso-escolar\/#primaryimage"},"image":{"@id":"https:\/\/www.sonoraenequipo.com.mx\/mantiene-gobierno-de-sonora-acciones-contra-el-bullying-o-acoso-escolar\/#primaryimage"},"thumbnailUrl":"https:\/\/www.sonoraenequipo.com.mx\/storage\/2025\/05\/platicas-vs-bulying.jpg","datePublished":"2025-05-03T00:48:53+00:00","description":"HERMOSILLO, SONORA, MX. \u2014 Un total de 231 pl\u00e1ticas para prevenir el bullying o acoso escolar se han impartido en lo que va del presente a\u00f1o a ni\u00f1as, ni\u00f1os En Sonora en Equipo publicamos toda la informaci\u00f3n de Sonora, M\u00e9xico y el Mundo de manera oportuna y busca que la libertad de expresi\u00f3n sea real. Visita nuestro medio informativo publicado desde Hermosillo, Sonora. %","breadcrumb":{"@id":"https:\/\/www.sonoraenequipo.com.mx\/mantiene-gobierno-de-sonora-acciones-contra-el-bullying-o-acoso-escolar\/#breadcrumb"},"inLanguage":"es","potentialAction":[{"@type":"ReadAction","target":["https:\/\/www.sonoraenequipo.com.mx\/mantiene-gobierno-de-sonora-acciones-contra-el-bullying-o-acoso-escolar\/"]}]},{"@type":"ImageObject","inLanguage":"es","@id":"https:\/\/www.sonoraenequipo.com.mx\/mantiene-gobierno-de-sonora-acciones-contra-el-bullying-o-acoso-escolar\/#primaryimage","url":"https:\/\/www.sonoraenequipo.com.mx\/storage\/2025\/05\/platicas-vs-bulying.jpg","contentUrl":"https:\/\/www.sonoraenequipo.com.mx\/storage\/2025\/05\/platicas-vs-bulying.jpg","width":600,"height":450},{"@type":"BreadcrumbList","@id":"https:\/\/www.sonoraenequipo.com.mx\/mantiene-gobierno-de-sonora-acciones-contra-el-bullying-o-acoso-escolar\/#breadcrumb","itemListElement":[{"@type":"ListItem","position":1,"name":"Portada","item":"https:\/\/www.sonoraenequipo.com.mx\/"},{"@type":"ListItem","position":2,"name":"Mantiene Gobierno de Sonora acciones contra el bullying o acoso escolar"}]},{"@type":"WebSite","@id":"https:\/\/www.sonoraenequipo.com.mx\/#website","url":"https:\/\/www.sonoraenequipo.com.mx\/","name":"Sonora en Equipo.","description":"Diario en l\u00ednea con Noticias desde Hermosillo, Sonora","publisher":{"@id":"https:\/\/www.sonoraenequipo.com.mx\/#organization"},"potentialAction":[{"@type":"SearchAction","target":{"@type":"EntryPoint","urlTemplate":"https:\/\/www.sonoraenequipo.com.mx\/?s={search_term_string}"},"query-input":{"@type":"PropertyValueSpecification","valueRequired":true,"valueName":"search_term_string"}}],"inLanguage":"es"},{"@type":"Organization","@id":"https:\/\/www.sonoraenequipo.com.mx\/#organization","name":"Sonoraenequipo.com.mx","url":"https:\/\/www.sonoraenequipo.com.mx\/","logo":{"@type":"ImageObject","inLanguage":"es","@id":"https:\/\/www.sonoraenequipo.com.mx\/#\/schema\/logo\/image\/","url":"https:\/\/www.sonoraenequipo.com.mx\/storage\/2019\/01\/sonoraenequipo_opt.png","contentUrl":"https:\/\/www.sonoraenequipo.com.mx\/storage\/2019\/01\/sonoraenequipo_opt.png","width":375,"height":125,"caption":"Sonoraenequipo.com.mx"},"image":{"@id":"https:\/\/www.sonoraenequipo.com.mx\/#\/schema\/logo\/image\/"},"sameAs":["https:\/\/www.facebook.com\/SonoraEE\/","https:\/\/x.com\/sonoraenequipo","https:\/\/www.youtube.com\/channel\/UC338nW-lPEYmJQs4ZABQ1SQ"]},{"@type":"Person","@id":"https:\/\/www.sonoraenequipo.com.mx\/#\/schema\/person\/50102df0fb23a8fa9e8effad8fa81386","name":"enequipo","image":{"@type":"ImageObject","inLanguage":"es","@id":"https:\/\/www.sonoraenequipo.com.mx\/#\/schema\/person\/image\/","url":"https:\/\/secure.gravatar.com\/avatar\/049821681b589dabc0bc20695993ccebb09f5b5d4d790cd9251b97faac7c652b?s=96&d=blank&r=g","contentUrl":"https:\/\/secure.gravatar.com\/avatar\/049821681b589dabc0bc20695993ccebb09f5b5d4d790cd9251b97faac7c652b?s=96&d=blank&r=g","caption":"enequipo"},"sameAs":["https:\/\/www.facebook.com\/SonoraEE"]}]}},"jetpack_featured_media_url":"https:\/\/www.sonoraenequipo.com.mx\/storage\/2025\/05\/platicas-vs-bulying.jpg","_links":{"self":[{"href":"https:\/\/www.sonoraenequipo.com.mx\/api\/wp\/v2\/posts\/214691","targetHints":{"allow":["GET"]}}],"collection":[{"href":"https:\/\/www.sonoraenequipo.com.mx\/api\/wp\/v2\/posts"}],"about":[{"href":"https:\/\/www.sonoraenequipo.com.mx\/api\/wp\/v2\/types\/post"}],"author":[{"embeddable":true,"href":"https:\/\/www.sonoraenequipo.com.mx\/api\/wp\/v2\/users\/1"}],"replies":[{"embeddable":true,"href":"https:\/\/www.sonoraenequipo.com.mx\/api\/wp\/v2\/comments?post=214691"}],"version-history":[{"count":1,"href":"https:\/\/www.sonoraenequipo.com.mx\/api\/wp\/v2\/posts\/214691\/revisions"}],"predecessor-version":[{"id":214693,"href":"https:\/\/www.sonoraenequipo.com.mx\/api\/wp\/v2\/posts\/214691\/revisions\/214693"}],"wp:featuredmedia":[{"embeddable":true,"href":"https:\/\/www.sonoraenequipo.com.mx\/api\/wp\/v2\/media\/214692"}],"wp:attachment":[{"href":"https:\/\/www.sonoraenequipo.com.mx\/api\/wp\/v2\/media?parent=214691"}],"wp:term":[{"taxonomy":"category","embeddable":true,"href":"https:\/\/www.sonoraenequipo.com.mx\/api\/wp\/v2\/categories?post=214691"},{"taxonomy":"post_tag","embeddable":true,"href":"https:\/\/www.sonoraenequipo.com.mx\/api\/wp\/v2\/tags?post=214691"}],"curies":[{"name":"wp","href":"https:\/\/api.w.org\/{rel}","templated":true}]}}