{"id":214719,"date":"2025-05-03T13:21:52","date_gmt":"2025-05-03T20:21:52","guid":{"rendered":"https:\/\/www.sonoraenequipo.com.mx\/?p=214719"},"modified":"2025-05-03T13:21:52","modified_gmt":"2025-05-03T20:21:52","slug":"el-kit-de-supervivencia-de-un-cardenal-en-el-conclave-que-pueden-llevar-y-que-no","status":"publish","type":"post","link":"https:\/\/www.sonoraenequipo.com.mx\/el-kit-de-supervivencia-de-un-cardenal-en-el-conclave-que-pueden-llevar-y-que-no\/","title":{"rendered":"El \u201ckit de supervivencia\u201d de un cardenal en el c\u00f3nclave: \u00bfQu\u00e9 pueden llevar (y qu\u00e9 no)"},"content":{"rendered":"<p>Comenzar\u00e1 en ese momento un periodo de encierro donde la confidencialidad es ley y la excomuni\u00f3n autom\u00e1tica acecha a quien ose romper el silencio, mientras el mundo espera, atento a la se\u00f1al de humo blanco que anunciar\u00e1 la elecci\u00f3n de un nuevo pont\u00edfice.<\/p>\n<p>&nbsp;<\/p>\n<p>Cualquier contacto con el mundo exterior est\u00e1 prohibido, salvo por razones graves y urgentes, como un problema de salud, que, en cualquier caso, debe ser confirmado por un panel de cuatro pares.<\/p>\n<p>&nbsp;<\/p>\n<p>La confidencialidad que debe rodear al c\u00f3nclave no es un detalle trivial. Est\u00e1 expl\u00edcitamente regulada por la Constituci\u00f3n Apost\u00f3lica Universi Dominici Gregis, promulgada por San Juan Pablo II en 1996 y revisada por Benedicto XVI en 2013.<\/p>\n<p>&nbsp;<\/p>\n<p>La Carta Magna, que delinea las l\u00edneas maestras del desarrollo de la elecci\u00f3n del nuevo Papa, dedica un cap\u00edtulo entero a la obligaci\u00f3n de guardar secreto, prohibiendo a los cardenales divulgar cualquier informaci\u00f3n sobre el desarrollo de las votaciones, los nombres que m\u00e1s han resonado, las deliberaciones mantenidas en las congregaciones cardenalicias pasadas o cualquier conversaci\u00f3n que se refiera al c\u00f3nclave. La violaci\u00f3n de esta norma est\u00e1 castigada con la excomuni\u00f3n autom\u00e1tica (latae sententiae), una de las sanciones m\u00e1s severas que contempla el Derecho Can\u00f3nico.<\/p>\n<p>Con el fin de preservar este clima de confidencialidad, los cardenales electores ser\u00e1n sometidos a unas estrictas condiciones de aislamiento.<\/p>\n<p>&nbsp;<\/p>\n<p>Un b\u00fanker frente a lo digital<\/p>\n<p>Antes de entrar en la Capilla Sixtina les ser\u00e1n requisados los tel\u00e9fonos m\u00f3viles, ordenadores o tabletas, para impedir que accedan a Internet; tampoco pueden leer peri\u00f3dicos, escuchar la radio o ver la televisi\u00f3n; se les prohibir\u00e1, adem\u00e1s, recibir o enviar correspondencia y, mientras dure el c\u00f3nclave, no podr\u00e1n acceder a los medios de comunicaci\u00f3n. Pero no s\u00f3lo est\u00e1n vetados los dispositivos electr\u00f3nicos, sino tambi\u00e9n cualquier libro, diario o documento que no tenga car\u00e1cter devocional o lit\u00fargico.<\/p>\n<p>Para que esta disposici\u00f3n se cumpla a rajatabla, varios t\u00e9cnicos especializados del Vaticano se encargar\u00e1n de revisar meticulosamente el espacio de la Capilla Sixtina y sus alrededores para detectar cualquier dispositivo de escucha, grabaci\u00f3n o transmisi\u00f3n.<\/p>\n<p>&nbsp;<\/p>\n<p>De hecho, antes de entrar en la Capilla Sixtina, los cardenales pasar\u00e1n por un discreto control realizado por personal del Vaticano que verifica que no porten objetos no autorizados.<\/p>\n<p>&nbsp;<\/p>\n<p>Seg\u00fan inform\u00f3 el diario italiano Il Corriere della Sera, se ha reforzado la ciberseguridad del c\u00f3nclave para convertirlo en un aut\u00e9ntico b\u00fanker, con la instalaci\u00f3n de dispositivos para bloquear se\u00f1ales de celulares (jammers), escudos anti-drones y l\u00e1minas protectoras en los ventanales para impedir cualquier intento de filtraci\u00f3n o escucha externa. Adem\u00e1s, expertos en seguridad han revisado la sala para detectar micr\u00f3fonos, c\u00e1maras ocultas o cualquier tecnolog\u00eda de espionaje.<\/p>\n<p>Las \u00fanicas im\u00e1genes grabadas permitidas de este proceso que marcar\u00e1 el futuro de la Iglesia son las que el propio Vaticano difundir\u00e1 al comienzo del c\u00f3nclave, durante el juramento de secreto que deben hacer todos los cardenales electores.<\/p>\n<p>&nbsp;<\/p>\n<p>En todo caso, hay objetos que no est\u00e1n sujetos a las estrictas restricciones del c\u00f3nclave, por lo que los cardenales pueden llevarlos a la Capilla Sixtina. Entre ellos se incluyen art\u00edculos religiosos como el breviario, el rosario y otros textos devocionales, as\u00ed como objetos personales indispensables como gafas, bastones o aud\u00edfonos.<\/p>\n<p>&nbsp;<\/p>\n<p>Tambi\u00e9n se permite el ingreso de medicamentos, siempre que su uso haya sido aprobado por motivos de salud.<\/p>\n<p>&nbsp;<\/p>\n<p>S\u00f3lo los cardenales electores pueden estar presentes durante la votaci\u00f3n, aunque otras personas, como m\u00e9dicos, auxiliares administrativos y personal de limpieza pueden entrar en diferentes momentos. Tambi\u00e9n estos ayudantes est\u00e1n sometidos a estrictas normas de silencio y confidencialidad, bajo pena de excomuni\u00f3n.<\/p>\n<p><strong>Fecha de publicaci\u00f3n s\u00e1bado 3 de mayo de 2025 \/ Por Victoria Cardiel<\/strong><\/p>\n<p>&nbsp;<\/p>\n","protected":false},"excerpt":{"rendered":"<p>Comenzar\u00e1 en ese momento un periodo de encierro donde la confidencialidad es ley y la&#8230;<\/p>\n","protected":false},"author":1,"featured_media":214720,"comment_status":"open","ping_status":"open","sticky":false,"template":"","format":"standard","meta":{"_monsterinsights_skip_tracking":false,"_monsterinsights_sitenote_active":false,"_monsterinsights_sitenote_note":"","_monsterinsights_sitenote_category":0,"footnotes":""},"categories":[3],"tags":[11178,5872],"class_list":["post"],"yoast_head":" \n<title>Sonora en Equipo. El \u201ckit de supervivencia\u201d de un cardenal en el c\u00f3nclave: \u00bfQu\u00e9 pueden llevar (y qu\u00e9 no) MUNDO<\/title>\n<meta name=\"description\" content=\"Comenzar\u00e1 en ese momento un periodo de encierro donde la confidencialidad es ley y la excomuni\u00f3n autom\u00e1tica acecha a quien ose romper el silencio, En Sonora en Equipo publicamos toda la informaci\u00f3n de Sonora, M\u00e9xico y el Mundo de manera oportuna y busca que la libertad de expresi\u00f3n sea real. Visita nuestro medio informativo publicado desde Hermosillo, Sonora. %\" \/>\n<meta name=\"robots\" content=\"index, follow, max-snippet:-1, max-image-preview:large, max-video-preview:-1\" \/>\n<link rel=\"canonical\" href=\"https:\/\/www.sonoraenequipo.com.mx\/el-kit-de-supervivencia-de-un-cardenal-en-el-conclave-que-pueden-llevar-y-que-no\/\" \/>\n<meta property=\"og:locale\" content=\"es_ES\" \/>\n<meta property=\"og:type\" content=\"article\" \/>\n<meta property=\"og:title\" content=\"Sonora en Equipo. El \u201ckit de supervivencia\u201d de un cardenal en el c\u00f3nclave: \u00bfQu\u00e9 pueden llevar (y qu\u00e9 no) MUNDO\" \/>\n<meta property=\"og:description\" content=\"Comenzar\u00e1 en ese momento un periodo de encierro donde la confidencialidad es ley y la excomuni\u00f3n autom\u00e1tica acecha a quien ose romper el silencio, En Sonora en Equipo publicamos toda la informaci\u00f3n de Sonora, M\u00e9xico y el Mundo de manera oportuna y busca que la libertad de expresi\u00f3n sea real. Visita nuestro medio informativo publicado desde Hermosillo, Sonora. %\" \/>\n<meta property=\"og:url\" content=\"https:\/\/www.sonoraenequipo.com.mx\/el-kit-de-supervivencia-de-un-cardenal-en-el-conclave-que-pueden-llevar-y-que-no\/\" \/>\n<meta property=\"og:site_name\" content=\"Sonora en Equipo.\" \/>\n<meta property=\"article:publisher\" content=\"https:\/\/www.facebook.com\/SonoraEE\/\" \/>\n<meta property=\"article:author\" content=\"https:\/\/www.facebook.com\/SonoraEE\" \/>\n<meta property=\"article:published_time\" content=\"2025-05-03T20:21:52+00:00\" \/>\n<meta property=\"og:image\" content=\"https:\/\/www.sonoraenequipo.com.mx\/storage\/2025\/05\/solideo.jpg\" \/>\n\t<meta property=\"og:image:width\" content=\"672\" \/>\n\t<meta property=\"og:image:height\" content=\"448\" \/>\n\t<meta property=\"og:image:type\" content=\"image\/jpeg\" \/>\n<meta name=\"author\" content=\"enequipo\" \/>\n<meta name=\"twitter:card\" content=\"summary_large_image\" \/>\n<meta name=\"twitter:creator\" content=\"@sonoraenequipo\" \/>\n<meta name=\"twitter:site\" content=\"@sonoraenequipo\" \/>\n<meta name=\"twitter:label1\" content=\"Escrito por\" \/>\n\t<meta name=\"twitter:data1\" content=\"enequipo\" \/>\n\t<meta name=\"twitter:label2\" content=\"Tiempo de lectura\" \/>\n\t<meta name=\"twitter:data2\" content=\"3 minutos\" \/>\n<script type=\"application\/ld+json\" class=\"yoast-schema-graph\">{\"@context\":\"https:\/\/schema.org\",\"@graph\":[{\"@type\":\"Article\",\"@id\":\"https:\/\/www.sonoraenequipo.com.mx\/el-kit-de-supervivencia-de-un-cardenal-en-el-conclave-que-pueden-llevar-y-que-no\/#article\",\"isPartOf\":{\"@id\":\"https:\/\/www.sonoraenequipo.com.mx\/el-kit-de-supervivencia-de-un-cardenal-en-el-conclave-que-pueden-llevar-y-que-no\/\"},\"author\":{\"name\":\"enequipo\",\"@id\":\"https:\/\/www.sonoraenequipo.com.mx\/#\/schema\/person\/50102df0fb23a8fa9e8effad8fa81386\"},\"headline\":\"El \u201ckit de supervivencia\u201d de un cardenal en el c\u00f3nclave: \u00bfQu\u00e9 pueden llevar (y qu\u00e9 no)\",\"datePublished\":\"2025-05-03T20:21:52+00:00\",\"mainEntityOfPage\":{\"@id\":\"https:\/\/www.sonoraenequipo.com.mx\/el-kit-de-supervivencia-de-un-cardenal-en-el-conclave-que-pueden-llevar-y-que-no\/\"},\"wordCount\":688,\"commentCount\":0,\"publisher\":{\"@id\":\"https:\/\/www.sonoraenequipo.com.mx\/#organization\"},\"image\":{\"@id\":\"https:\/\/www.sonoraenequipo.com.mx\/el-kit-de-supervivencia-de-un-cardenal-en-el-conclave-que-pueden-llevar-y-que-no\/#primaryimage\"},\"thumbnailUrl\":\"https:\/\/www.sonoraenequipo.com.mx\/storage\/2025\/05\/solideo.jpg\",\"keywords\":[\"conclave\",\"papa\"],\"articleSection\":[\"MUNDO\"],\"inLanguage\":\"es\",\"potentialAction\":[{\"@type\":\"CommentAction\",\"name\":\"Comment\",\"target\":[\"https:\/\/www.sonoraenequipo.com.mx\/el-kit-de-supervivencia-de-un-cardenal-en-el-conclave-que-pueden-llevar-y-que-no\/#respond\"]}]},{\"@type\":\"WebPage\",\"@id\":\"https:\/\/www.sonoraenequipo.com.mx\/el-kit-de-supervivencia-de-un-cardenal-en-el-conclave-que-pueden-llevar-y-que-no\/\",\"url\":\"https:\/\/www.sonoraenequipo.com.mx\/el-kit-de-supervivencia-de-un-cardenal-en-el-conclave-que-pueden-llevar-y-que-no\/\",\"name\":\"Sonora en Equipo. El \u201ckit de supervivencia\u201d de un cardenal en el c\u00f3nclave: \u00bfQu\u00e9 pueden llevar (y qu\u00e9 no) MUNDO\",\"isPartOf\":{\"@id\":\"https:\/\/www.sonoraenequipo.com.mx\/#website\"},\"primaryImageOfPage\":{\"@id\":\"https:\/\/www.sonoraenequipo.com.mx\/el-kit-de-supervivencia-de-un-cardenal-en-el-conclave-que-pueden-llevar-y-que-no\/#primaryimage\"},\"image\":{\"@id\":\"https:\/\/www.sonoraenequipo.com.mx\/el-kit-de-supervivencia-de-un-cardenal-en-el-conclave-que-pueden-llevar-y-que-no\/#primaryimage\"},\"thumbnailUrl\":\"https:\/\/www.sonoraenequipo.com.mx\/storage\/2025\/05\/solideo.jpg\",\"datePublished\":\"2025-05-03T20:21:52+00:00\",\"description\":\"Comenzar\u00e1 en ese momento un periodo de encierro donde la confidencialidad es ley y la excomuni\u00f3n autom\u00e1tica acecha a quien ose romper el silencio, En Sonora en Equipo publicamos toda la informaci\u00f3n de Sonora, M\u00e9xico y el Mundo de manera oportuna y busca que la libertad de expresi\u00f3n sea real. Visita nuestro medio informativo publicado desde Hermosillo, Sonora. %\",\"breadcrumb\":{\"@id\":\"https:\/\/www.sonoraenequipo.com.mx\/el-kit-de-supervivencia-de-un-cardenal-en-el-conclave-que-pueden-llevar-y-que-no\/#breadcrumb\"},\"inLanguage\":\"es\",\"potentialAction\":[{\"@type\":\"ReadAction\",\"target\":[\"https:\/\/www.sonoraenequipo.com.mx\/el-kit-de-supervivencia-de-un-cardenal-en-el-conclave-que-pueden-llevar-y-que-no\/\"]}]},{\"@type\":\"ImageObject\",\"inLanguage\":\"es\",\"@id\":\"https:\/\/www.sonoraenequipo.com.mx\/el-kit-de-supervivencia-de-un-cardenal-en-el-conclave-que-pueden-llevar-y-que-no\/#primaryimage\",\"url\":\"https:\/\/www.sonoraenequipo.com.mx\/storage\/2025\/05\/solideo.jpg\",\"contentUrl\":\"https:\/\/www.sonoraenequipo.com.mx\/storage\/2025\/05\/solideo.jpg\",\"width\":672,\"height\":448,\"caption\":\"Un zucchetto, el solideo rojo que usan los cardenales. | Cr\u00e9dito: Vatican Media.\"},{\"@type\":\"BreadcrumbList\",\"@id\":\"https:\/\/www.sonoraenequipo.com.mx\/el-kit-de-supervivencia-de-un-cardenal-en-el-conclave-que-pueden-llevar-y-que-no\/#breadcrumb\",\"itemListElement\":[{\"@type\":\"ListItem\",\"position\":1,\"name\":\"Portada\",\"item\":\"https:\/\/www.sonoraenequipo.com.mx\/\"},{\"@type\":\"ListItem\",\"position\":2,\"name\":\"El \u201ckit de supervivencia\u201d de un cardenal en el c\u00f3nclave: \u00bfQu\u00e9 pueden llevar (y qu\u00e9 no)\"}]},{\"@type\":\"WebSite\",\"@id\":\"https:\/\/www.sonoraenequipo.com.mx\/#website\",\"url\":\"https:\/\/www.sonoraenequipo.com.mx\/\",\"name\":\"Sonora en Equipo.\",\"description\":\"Diario en l\u00ednea con Noticias desde Hermosillo, Sonora\",\"publisher\":{\"@id\":\"https:\/\/www.sonoraenequipo.com.mx\/#organization\"},\"potentialAction\":[{\"@type\":\"SearchAction\",\"target\":{\"@type\":\"EntryPoint\",\"urlTemplate\":\"https:\/\/www.sonoraenequipo.com.mx\/?s={search_term_string}\"},\"query-input\":{\"@type\":\"PropertyValueSpecification\",\"valueRequired\":true,\"valueName\":\"search_term_string\"}}],\"inLanguage\":\"es\"},{\"@type\":\"Organization\",\"@id\":\"https:\/\/www.sonoraenequipo.com.mx\/#organization\",\"name\":\"Sonoraenequipo.com.mx\",\"url\":\"https:\/\/www.sonoraenequipo.com.mx\/\",\"logo\":{\"@type\":\"ImageObject\",\"inLanguage\":\"es\",\"@id\":\"https:\/\/www.sonoraenequipo.com.mx\/#\/schema\/logo\/image\/\",\"url\":\"https:\/\/www.sonoraenequipo.com.mx\/storage\/2019\/01\/sonoraenequipo_opt.png\",\"contentUrl\":\"https:\/\/www.sonoraenequipo.com.mx\/storage\/2019\/01\/sonoraenequipo_opt.png\",\"width\":375,\"height\":125,\"caption\":\"Sonoraenequipo.com.mx\"},\"image\":{\"@id\":\"https:\/\/www.sonoraenequipo.com.mx\/#\/schema\/logo\/image\/\"},\"sameAs\":[\"https:\/\/www.facebook.com\/SonoraEE\/\",\"https:\/\/x.com\/sonoraenequipo\",\"https:\/\/www.youtube.com\/channel\/UC338nW-lPEYmJQs4ZABQ1SQ\"]},{\"@type\":\"Person\",\"@id\":\"https:\/\/www.sonoraenequipo.com.mx\/#\/schema\/person\/50102df0fb23a8fa9e8effad8fa81386\",\"name\":\"enequipo\",\"image\":{\"@type\":\"ImageObject\",\"inLanguage\":\"es\",\"@id\":\"https:\/\/www.sonoraenequipo.com.mx\/#\/schema\/person\/image\/\",\"url\":\"https:\/\/secure.gravatar.com\/avatar\/049821681b589dabc0bc20695993ccebb09f5b5d4d790cd9251b97faac7c652b?s=96&d=blank&r=g\",\"contentUrl\":\"https:\/\/secure.gravatar.com\/avatar\/049821681b589dabc0bc20695993ccebb09f5b5d4d790cd9251b97faac7c652b?s=96&d=blank&r=g\",\"caption\":\"enequipo\"},\"sameAs\":[\"https:\/\/www.facebook.com\/SonoraEE\"]}]}<\/script>\n ","yoast_head_json":{"title":"Sonora en Equipo. El \u201ckit de supervivencia\u201d de un cardenal en el c\u00f3nclave: \u00bfQu\u00e9 pueden llevar (y qu\u00e9 no) MUNDO","description":"Comenzar\u00e1 en ese momento un periodo de encierro donde la confidencialidad es ley y la excomuni\u00f3n autom\u00e1tica acecha a quien ose romper el silencio, En Sonora en Equipo publicamos toda la informaci\u00f3n de Sonora, M\u00e9xico y el Mundo de manera oportuna y busca que la libertad de expresi\u00f3n sea real. Visita nuestro medio informativo publicado desde Hermosillo, Sonora. %","robots":{"index":"index","follow":"follow","max-snippet":"max-snippet:-1","max-image-preview":"max-image-preview:large","max-video-preview":"max-video-preview:-1"},"canonical":"https:\/\/www.sonoraenequipo.com.mx\/el-kit-de-supervivencia-de-un-cardenal-en-el-conclave-que-pueden-llevar-y-que-no\/","og_locale":"es_ES","og_type":"article","og_title":"Sonora en Equipo. El \u201ckit de supervivencia\u201d de un cardenal en el c\u00f3nclave: \u00bfQu\u00e9 pueden llevar (y qu\u00e9 no) MUNDO","og_description":"Comenzar\u00e1 en ese momento un periodo de encierro donde la confidencialidad es ley y la excomuni\u00f3n autom\u00e1tica acecha a quien ose romper el silencio, En Sonora en Equipo publicamos toda la informaci\u00f3n de Sonora, M\u00e9xico y el Mundo de manera oportuna y busca que la libertad de expresi\u00f3n sea real. Visita nuestro medio informativo publicado desde Hermosillo, Sonora. %","og_url":"https:\/\/www.sonoraenequipo.com.mx\/el-kit-de-supervivencia-de-un-cardenal-en-el-conclave-que-pueden-llevar-y-que-no\/","og_site_name":"Sonora en Equipo.","article_publisher":"https:\/\/www.facebook.com\/SonoraEE\/","article_author":"https:\/\/www.facebook.com\/SonoraEE","article_published_time":"2025-05-03T20:21:52+00:00","og_image":[{"width":672,"height":448,"url":"https:\/\/www.sonoraenequipo.com.mx\/storage\/2025\/05\/solideo.jpg","type":"image\/jpeg"}],"author":"enequipo","twitter_card":"summary_large_image","twitter_creator":"@sonoraenequipo","twitter_site":"@sonoraenequipo","twitter_misc":{"Escrito por":"enequipo","Tiempo de lectura":"3 minutos"},"schema":{"@context":"https:\/\/schema.org","@graph":[{"@type":"Article","@id":"https:\/\/www.sonoraenequipo.com.mx\/el-kit-de-supervivencia-de-un-cardenal-en-el-conclave-que-pueden-llevar-y-que-no\/#article","isPartOf":{"@id":"https:\/\/www.sonoraenequipo.com.mx\/el-kit-de-supervivencia-de-un-cardenal-en-el-conclave-que-pueden-llevar-y-que-no\/"},"author":{"name":"enequipo","@id":"https:\/\/www.sonoraenequipo.com.mx\/#\/schema\/person\/50102df0fb23a8fa9e8effad8fa81386"},"headline":"El \u201ckit de supervivencia\u201d de un cardenal en el c\u00f3nclave: \u00bfQu\u00e9 pueden llevar (y qu\u00e9 no)","datePublished":"2025-05-03T20:21:52+00:00","mainEntityOfPage":{"@id":"https:\/\/www.sonoraenequipo.com.mx\/el-kit-de-supervivencia-de-un-cardenal-en-el-conclave-que-pueden-llevar-y-que-no\/"},"wordCount":688,"commentCount":0,"publisher":{"@id":"https:\/\/www.sonoraenequipo.com.mx\/#organization"},"image":{"@id":"https:\/\/www.sonoraenequipo.com.mx\/el-kit-de-supervivencia-de-un-cardenal-en-el-conclave-que-pueden-llevar-y-que-no\/#primaryimage"},"thumbnailUrl":"https:\/\/www.sonoraenequipo.com.mx\/storage\/2025\/05\/solideo.jpg","keywords":["conclave","papa"],"articleSection":["MUNDO"],"inLanguage":"es","potentialAction":[{"@type":"CommentAction","name":"Comment","target":["https:\/\/www.sonoraenequipo.com.mx\/el-kit-de-supervivencia-de-un-cardenal-en-el-conclave-que-pueden-llevar-y-que-no\/#respond"]}]},{"@type":"WebPage","@id":"https:\/\/www.sonoraenequipo.com.mx\/el-kit-de-supervivencia-de-un-cardenal-en-el-conclave-que-pueden-llevar-y-que-no\/","url":"https:\/\/www.sonoraenequipo.com.mx\/el-kit-de-supervivencia-de-un-cardenal-en-el-conclave-que-pueden-llevar-y-que-no\/","name":"Sonora en Equipo. El \u201ckit de supervivencia\u201d de un cardenal en el c\u00f3nclave: \u00bfQu\u00e9 pueden llevar (y qu\u00e9 no) MUNDO","isPartOf":{"@id":"https:\/\/www.sonoraenequipo.com.mx\/#website"},"primaryImageOfPage":{"@id":"https:\/\/www.sonoraenequipo.com.mx\/el-kit-de-supervivencia-de-un-cardenal-en-el-conclave-que-pueden-llevar-y-que-no\/#primaryimage"},"image":{"@id":"https:\/\/www.sonoraenequipo.com.mx\/el-kit-de-supervivencia-de-un-cardenal-en-el-conclave-que-pueden-llevar-y-que-no\/#primaryimage"},"thumbnailUrl":"https:\/\/www.sonoraenequipo.com.mx\/storage\/2025\/05\/solideo.jpg","datePublished":"2025-05-03T20:21:52+00:00","description":"Comenzar\u00e1 en ese momento un periodo de encierro donde la confidencialidad es ley y la excomuni\u00f3n autom\u00e1tica acecha a quien ose romper el silencio, En Sonora en Equipo publicamos toda la informaci\u00f3n de Sonora, M\u00e9xico y el Mundo de manera oportuna y busca que la libertad de expresi\u00f3n sea real. Visita nuestro medio informativo publicado desde Hermosillo, Sonora. %","breadcrumb":{"@id":"https:\/\/www.sonoraenequipo.com.mx\/el-kit-de-supervivencia-de-un-cardenal-en-el-conclave-que-pueden-llevar-y-que-no\/#breadcrumb"},"inLanguage":"es","potentialAction":[{"@type":"ReadAction","target":["https:\/\/www.sonoraenequipo.com.mx\/el-kit-de-supervivencia-de-un-cardenal-en-el-conclave-que-pueden-llevar-y-que-no\/"]}]},{"@type":"ImageObject","inLanguage":"es","@id":"https:\/\/www.sonoraenequipo.com.mx\/el-kit-de-supervivencia-de-un-cardenal-en-el-conclave-que-pueden-llevar-y-que-no\/#primaryimage","url":"https:\/\/www.sonoraenequipo.com.mx\/storage\/2025\/05\/solideo.jpg","contentUrl":"https:\/\/www.sonoraenequipo.com.mx\/storage\/2025\/05\/solideo.jpg","width":672,"height":448,"caption":"Un zucchetto, el solideo rojo que usan los cardenales. | Cr\u00e9dito: Vatican Media."},{"@type":"BreadcrumbList","@id":"https:\/\/www.sonoraenequipo.com.mx\/el-kit-de-supervivencia-de-un-cardenal-en-el-conclave-que-pueden-llevar-y-que-no\/#breadcrumb","itemListElement":[{"@type":"ListItem","position":1,"name":"Portada","item":"https:\/\/www.sonoraenequipo.com.mx\/"},{"@type":"ListItem","position":2,"name":"El \u201ckit de supervivencia\u201d de un cardenal en el c\u00f3nclave: \u00bfQu\u00e9 pueden llevar (y qu\u00e9 no)"}]},{"@type":"WebSite","@id":"https:\/\/www.sonoraenequipo.com.mx\/#website","url":"https:\/\/www.sonoraenequipo.com.mx\/","name":"Sonora en Equipo.","description":"Diario en l\u00ednea con Noticias desde Hermosillo, Sonora","publisher":{"@id":"https:\/\/www.sonoraenequipo.com.mx\/#organization"},"potentialAction":[{"@type":"SearchAction","target":{"@type":"EntryPoint","urlTemplate":"https:\/\/www.sonoraenequipo.com.mx\/?s={search_term_string}"},"query-input":{"@type":"PropertyValueSpecification","valueRequired":true,"valueName":"search_term_string"}}],"inLanguage":"es"},{"@type":"Organization","@id":"https:\/\/www.sonoraenequipo.com.mx\/#organization","name":"Sonoraenequipo.com.mx","url":"https:\/\/www.sonoraenequipo.com.mx\/","logo":{"@type":"ImageObject","inLanguage":"es","@id":"https:\/\/www.sonoraenequipo.com.mx\/#\/schema\/logo\/image\/","url":"https:\/\/www.sonoraenequipo.com.mx\/storage\/2019\/01\/sonoraenequipo_opt.png","contentUrl":"https:\/\/www.sonoraenequipo.com.mx\/storage\/2019\/01\/sonoraenequipo_opt.png","width":375,"height":125,"caption":"Sonoraenequipo.com.mx"},"image":{"@id":"https:\/\/www.sonoraenequipo.com.mx\/#\/schema\/logo\/image\/"},"sameAs":["https:\/\/www.facebook.com\/SonoraEE\/","https:\/\/x.com\/sonoraenequipo","https:\/\/www.youtube.com\/channel\/UC338nW-lPEYmJQs4ZABQ1SQ"]},{"@type":"Person","@id":"https:\/\/www.sonoraenequipo.com.mx\/#\/schema\/person\/50102df0fb23a8fa9e8effad8fa81386","name":"enequipo","image":{"@type":"ImageObject","inLanguage":"es","@id":"https:\/\/www.sonoraenequipo.com.mx\/#\/schema\/person\/image\/","url":"https:\/\/secure.gravatar.com\/avatar\/049821681b589dabc0bc20695993ccebb09f5b5d4d790cd9251b97faac7c652b?s=96&d=blank&r=g","contentUrl":"https:\/\/secure.gravatar.com\/avatar\/049821681b589dabc0bc20695993ccebb09f5b5d4d790cd9251b97faac7c652b?s=96&d=blank&r=g","caption":"enequipo"},"sameAs":["https:\/\/www.facebook.com\/SonoraEE"]}]}},"jetpack_featured_media_url":"https:\/\/www.sonoraenequipo.com.mx\/storage\/2025\/05\/solideo.jpg","_links":{"self":[{"href":"https:\/\/www.sonoraenequipo.com.mx\/api\/wp\/v2\/posts\/214719","targetHints":{"allow":["GET"]}}],"collection":[{"href":"https:\/\/www.sonoraenequipo.com.mx\/api\/wp\/v2\/posts"}],"about":[{"href":"https:\/\/www.sonoraenequipo.com.mx\/api\/wp\/v2\/types\/post"}],"author":[{"embeddable":true,"href":"https:\/\/www.sonoraenequipo.com.mx\/api\/wp\/v2\/users\/1"}],"replies":[{"embeddable":true,"href":"https:\/\/www.sonoraenequipo.com.mx\/api\/wp\/v2\/comments?post=214719"}],"version-history":[{"count":1,"href":"https:\/\/www.sonoraenequipo.com.mx\/api\/wp\/v2\/posts\/214719\/revisions"}],"predecessor-version":[{"id":214721,"href":"https:\/\/www.sonoraenequipo.com.mx\/api\/wp\/v2\/posts\/214719\/revisions\/214721"}],"wp:featuredmedia":[{"embeddable":true,"href":"https:\/\/www.sonoraenequipo.com.mx\/api\/wp\/v2\/media\/214720"}],"wp:attachment":[{"href":"https:\/\/www.sonoraenequipo.com.mx\/api\/wp\/v2\/media?parent=214719"}],"wp:term":[{"taxonomy":"category","embeddable":true,"href":"https:\/\/www.sonoraenequipo.com.mx\/api\/wp\/v2\/categories?post=214719"},{"taxonomy":"post_tag","embeddable":true,"href":"https:\/\/www.sonoraenequipo.com.mx\/api\/wp\/v2\/tags?post=214719"}],"curies":[{"name":"wp","href":"https:\/\/api.w.org\/{rel}","templated":true}]}}