{"id":215188,"date":"2025-05-11T14:07:31","date_gmt":"2025-05-11T21:07:31","guid":{"rendered":"https:\/\/www.sonoraenequipo.com.mx\/?p=215188"},"modified":"2025-05-11T14:07:31","modified_gmt":"2025-05-11T21:07:31","slug":"una-pastilla-de-una-planta-prehistorica-para-protegernos-del-sol","status":"publish","type":"post","link":"https:\/\/www.sonoraenequipo.com.mx\/una-pastilla-de-una-planta-prehistorica-para-protegernos-del-sol\/","title":{"rendered":"Una pastilla de una planta prehist\u00f3rica para protegernos del sol"},"content":{"rendered":"<p><strong>VALENCIA,ESPA\u00d1A.<\/strong><strong> \u0336 \u0336\u00a0 <\/strong>Un compuesto derivado de un helecho de Centroam\u00e9rica puede proteger contra la radiaci\u00f3n solar en pacientes especialmente vulnerables a ellas. Los avances en esta fotoprotecci\u00f3n oral se comparten esta semana en el congreso de dermatolog\u00eda en Valencia.<\/p>\n<p>&nbsp;<\/p>\n<p>&nbsp;<\/p>\n<p>&nbsp;<\/p>\n<p>Todos los a\u00f1os, los dermat\u00f3logos insisten en la importancia de protegerse contra la radiaci\u00f3n del sol. Ya sea con cremas solares, cubrirse con ropa o gorros y evitar las horas de m\u00e1s radiaci\u00f3n, los profesionales insisten en que as\u00ed se puede prevenir el da\u00f1o al ADN y el c\u00e1ncer cut\u00e1neo. Pero otra medida que cada vez cobra m\u00e1s fuerza es la fotoprotecci\u00f3n oral, cuyas novedades se han compartido en el 52\u00ba Congreso de la Academia Espa\u00f1ola de Dermatolog\u00eda y Venereolog\u00eda (AEDV) que se celebra del 7 al 10 de mayo en Valencia.<\/p>\n<p>&nbsp;<\/p>\n<p>Salvador Gonz\u00e1lez Rodr\u00edguez, catedr\u00e1tico de Medicina en la Universidad de Alcal\u00e1, en Madrid, lleva 30 a\u00f1os desarrollando estos f\u00e1rmacos y explica a SINC que tienen un gran futuro como complemento a otras medidas.<\/p>\n<p>&nbsp;<\/p>\n<p>\u201cEstos fotoprotectores orales neutralizan el da\u00f1o inducido por la radiaci\u00f3n del sol a nivel de ADN, adem\u00e1s de proteger el sistema inmunitario asociado a la piel\u201d, se\u00f1ala.<\/p>\n<p>&nbsp;<\/p>\n<p>&nbsp;<\/p>\n<p>Los fotoprotectores orales neutralizan el da\u00f1o inducido por la radiaci\u00f3n solar en el ADN<\/p>\n<p><strong>Un compuesto de un helecho centroamericano<\/strong><\/p>\n<p>Uno de los compuestos m\u00e1s prometedores, seg\u00fan Gonz\u00e1lez, se extrae del helecho Polypodium leucocotomos, originario de Centroam\u00e9rica. Este vegetal evolucion\u00f3 pasando de ser acu\u00e1tico a terrestre, y desarroll\u00f3 mecanismos de defensa para protegerse del sol y reparar sus da\u00f1os que ahora lo hacen id\u00f3neo para producir f\u00e1rmacos orales de protecci\u00f3n solar.<\/p>\n<p>&nbsp;<\/p>\n<p>\u201cEstas sustancias fotoprotectoras tienen afinidad por la piel, por lo que al tomarlas viajan directamente hasta all\u00ed. Cuando llegan, aumentan los sistemas antioxidantes y consiguen disminuir el da\u00f1o provocado por el sol al ADN y al sistema inmunitario asociado a la piel\u201d, explica Gonz\u00e1lez.<\/p>\n<p>&nbsp;<\/p>\n<p>Polypodium leucocotomos evolucion\u00f3 pasando de ser acu\u00e1tico a terrestre, y desarroll\u00f3 mecanismos de defensa para protegerse del sol<\/p>\n<p>&nbsp;<\/p>\n<p>&nbsp;<\/p>\n<p>El dermat\u00f3logo subraya que estas sustancias son un complemento esencial para pacientes con alto riesgo de da\u00f1o cut\u00e1neo, como personas con fotodermatosis u otras dolencias que se agravan con la luz.<\/p>\n<p>&nbsp;<\/p>\n<p>En este sentido, una revisi\u00f3n de estudios publicada en la revista Journal Of Clinical And Aesthetic Dermatology en 2014 demostr\u00f3 que administrar oralmente sustancias derivadas de Polypodium leucotomos mejor\u00f3 la inflamaci\u00f3n de pacientes con vit\u00edligo y melasma (placas de color oscuro en la piel).<\/p>\n<p>&nbsp;<\/p>\n<p>Otra sustancia que destaca Gonz\u00e1lez es la nicotinamida, que ha demostrado eficacia para prevenir el c\u00e1ncer de piel en pacientes de alto riesgo, tal y como asegura una revisi\u00f3n de estudios publicada en la revista Experimental Dermatology en 2019. Adem\u00e1s, se investiga la vitamina D con este mismo fin, aunque el dermat\u00f3logo valora que a\u00fan necesita m\u00e1s estudios que lo respalden.<\/p>\n<p>&nbsp;<\/p>\n<p>Protecci\u00f3n solar en personas de piel oscura<\/p>\n<p>Adem\u00e1s, en esta sesi\u00f3n del 52\u00ba Congreso de la AEDV la dermat\u00f3loga Susan Taylor, presidenta de la Academia Americana de Dermatolog\u00eda, ha se\u00f1alado que las recomendaciones de protecci\u00f3n solar no solo deben tener en cuenta las enfermedades previas de un paciente, sino tambi\u00e9n las particularidades de las personas con piel oscura.<\/p>\n<p>&nbsp;<\/p>\n<p>El 43 % de los dermat\u00f3logos en Estados Unidos no tienen en cuenta el tipo de piel del paciente para hacer sus recomendaciones<\/p>\n<p>&nbsp;<\/p>\n<p>&nbsp;<\/p>\n<p>La dermat\u00f3loga norteamericana ha subrayado que es habitual que estas personas no utilicen protecci\u00f3n solar y ha advertido que el 43 % de los dermat\u00f3logos en Estados Unidos no tienen en cuenta el color de piel del paciente para hacer sus recomendaciones.<\/p>\n<p>&nbsp;<\/p>\n<p>Sin embargo, durante su intervenci\u00f3n ha recalcado que, aunque tienen mejor protecci\u00f3n para algunos tipos de radiaci\u00f3n, son m\u00e1s vulnerables a la radiaci\u00f3n de la luz visible. \u201cTenemos que derribar el mito de que las personas de piel oscura no necesitan crema solar. Hay que recomendar las cremas solares tintadas, que son las que m\u00e1s protegen de la radiaci\u00f3n de luz visible\u201d, ha subrayado.<\/p>\n<p><strong>Fecha de publicaci\u00f3n domingo 11 de mayo de 2025 \/Agencia Sinc<\/strong><\/p>\n","protected":false},"excerpt":{"rendered":"<p>VALENCIA,ESPA\u00d1A. \u0336 \u0336\u00a0 Un compuesto derivado de un helecho de Centroam\u00e9rica puede proteger contra la&#8230;<\/p>\n","protected":false},"author":1,"featured_media":215189,"comment_status":"open","ping_status":"open","sticky":false,"template":"","format":"standard","meta":{"_monsterinsights_skip_tracking":false,"_monsterinsights_sitenote_active":false,"_monsterinsights_sitenote_note":"","_monsterinsights_sitenote_category":0,"footnotes":""},"categories":[2216],"tags":[11204,2500],"class_list":["post"],"yoast_head":" \n<title>Sonora en Equipo. Una pastilla de una planta prehist\u00f3rica para protegernos del sol Ciencia y Tecnolog\u00eda<\/title>\n<meta name=\"description\" content=\"VALENCIA,ESPA\u00d1A. \u0336 \u0336\u00a0 Un compuesto derivado de un helecho de Centroam\u00e9rica puede proteger contra la radiaci\u00f3n solar en pacientes especialmente vulnerables En Sonora en Equipo publicamos toda la informaci\u00f3n de Sonora, M\u00e9xico y el Mundo de manera oportuna y busca que la libertad de expresi\u00f3n sea real. Visita nuestro medio informativo publicado desde Hermosillo, Sonora. %\" \/>\n<meta name=\"robots\" content=\"index, follow, max-snippet:-1, max-image-preview:large, max-video-preview:-1\" \/>\n<link rel=\"canonical\" href=\"https:\/\/www.sonoraenequipo.com.mx\/una-pastilla-de-una-planta-prehistorica-para-protegernos-del-sol\/\" \/>\n<meta property=\"og:locale\" content=\"es_ES\" \/>\n<meta property=\"og:type\" content=\"article\" \/>\n<meta property=\"og:title\" content=\"Sonora en Equipo. Una pastilla de una planta prehist\u00f3rica para protegernos del sol Ciencia y Tecnolog\u00eda\" \/>\n<meta property=\"og:description\" content=\"VALENCIA,ESPA\u00d1A. \u0336 \u0336\u00a0 Un compuesto derivado de un helecho de Centroam\u00e9rica puede proteger contra la radiaci\u00f3n solar en pacientes especialmente vulnerables En Sonora en Equipo publicamos toda la informaci\u00f3n de Sonora, M\u00e9xico y el Mundo de manera oportuna y busca que la libertad de expresi\u00f3n sea real. Visita nuestro medio informativo publicado desde Hermosillo, Sonora. %\" \/>\n<meta property=\"og:url\" content=\"https:\/\/www.sonoraenequipo.com.mx\/una-pastilla-de-una-planta-prehistorica-para-protegernos-del-sol\/\" \/>\n<meta property=\"og:site_name\" content=\"Sonora en Equipo.\" \/>\n<meta property=\"article:publisher\" content=\"https:\/\/www.facebook.com\/SonoraEE\/\" \/>\n<meta property=\"article:author\" content=\"https:\/\/www.facebook.com\/SonoraEE\" \/>\n<meta property=\"article:published_time\" content=\"2025-05-11T21:07:31+00:00\" \/>\n<meta property=\"og:image\" content=\"https:\/\/www.sonoraenequipo.com.mx\/storage\/2025\/05\/helecho.jpg\" \/>\n\t<meta property=\"og:image:width\" content=\"600\" \/>\n\t<meta property=\"og:image:height\" content=\"400\" \/>\n\t<meta property=\"og:image:type\" content=\"image\/jpeg\" \/>\n<meta name=\"author\" content=\"enequipo\" \/>\n<meta name=\"twitter:card\" content=\"summary_large_image\" \/>\n<meta name=\"twitter:creator\" content=\"@sonoraenequipo\" \/>\n<meta name=\"twitter:site\" content=\"@sonoraenequipo\" \/>\n<meta name=\"twitter:label1\" content=\"Escrito por\" \/>\n\t<meta name=\"twitter:data1\" content=\"enequipo\" \/>\n\t<meta name=\"twitter:label2\" content=\"Tiempo de lectura\" \/>\n\t<meta name=\"twitter:data2\" content=\"4 minutos\" \/>\n<script type=\"application\/ld+json\" class=\"yoast-schema-graph\">{\"@context\":\"https:\/\/schema.org\",\"@graph\":[{\"@type\":\"Article\",\"@id\":\"https:\/\/www.sonoraenequipo.com.mx\/una-pastilla-de-una-planta-prehistorica-para-protegernos-del-sol\/#article\",\"isPartOf\":{\"@id\":\"https:\/\/www.sonoraenequipo.com.mx\/una-pastilla-de-una-planta-prehistorica-para-protegernos-del-sol\/\"},\"author\":{\"name\":\"enequipo\",\"@id\":\"https:\/\/www.sonoraenequipo.com.mx\/#\/schema\/person\/50102df0fb23a8fa9e8effad8fa81386\"},\"headline\":\"Una pastilla de una planta prehist\u00f3rica para protegernos del sol\",\"datePublished\":\"2025-05-11T21:07:31+00:00\",\"mainEntityOfPage\":{\"@id\":\"https:\/\/www.sonoraenequipo.com.mx\/una-pastilla-de-una-planta-prehistorica-para-protegernos-del-sol\/\"},\"wordCount\":748,\"commentCount\":0,\"publisher\":{\"@id\":\"https:\/\/www.sonoraenequipo.com.mx\/#organization\"},\"image\":{\"@id\":\"https:\/\/www.sonoraenequipo.com.mx\/una-pastilla-de-una-planta-prehistorica-para-protegernos-del-sol\/#primaryimage\"},\"thumbnailUrl\":\"https:\/\/www.sonoraenequipo.com.mx\/storage\/2025\/05\/helecho.jpg\",\"keywords\":[\"helecho\",\"sol\"],\"articleSection\":[\"Ciencia y Tecnolog\u00eda\"],\"inLanguage\":\"es\",\"potentialAction\":[{\"@type\":\"CommentAction\",\"name\":\"Comment\",\"target\":[\"https:\/\/www.sonoraenequipo.com.mx\/una-pastilla-de-una-planta-prehistorica-para-protegernos-del-sol\/#respond\"]}]},{\"@type\":\"WebPage\",\"@id\":\"https:\/\/www.sonoraenequipo.com.mx\/una-pastilla-de-una-planta-prehistorica-para-protegernos-del-sol\/\",\"url\":\"https:\/\/www.sonoraenequipo.com.mx\/una-pastilla-de-una-planta-prehistorica-para-protegernos-del-sol\/\",\"name\":\"Sonora en Equipo. Una pastilla de una planta prehist\u00f3rica para protegernos del sol Ciencia y Tecnolog\u00eda\",\"isPartOf\":{\"@id\":\"https:\/\/www.sonoraenequipo.com.mx\/#website\"},\"primaryImageOfPage\":{\"@id\":\"https:\/\/www.sonoraenequipo.com.mx\/una-pastilla-de-una-planta-prehistorica-para-protegernos-del-sol\/#primaryimage\"},\"image\":{\"@id\":\"https:\/\/www.sonoraenequipo.com.mx\/una-pastilla-de-una-planta-prehistorica-para-protegernos-del-sol\/#primaryimage\"},\"thumbnailUrl\":\"https:\/\/www.sonoraenequipo.com.mx\/storage\/2025\/05\/helecho.jpg\",\"datePublished\":\"2025-05-11T21:07:31+00:00\",\"description\":\"VALENCIA,ESPA\u00d1A. \u0336 \u0336\u00a0 Un compuesto derivado de un helecho de Centroam\u00e9rica puede proteger contra la radiaci\u00f3n solar en pacientes especialmente vulnerables En Sonora en Equipo publicamos toda la informaci\u00f3n de Sonora, M\u00e9xico y el Mundo de manera oportuna y busca que la libertad de expresi\u00f3n sea real. Visita nuestro medio informativo publicado desde Hermosillo, Sonora. %\",\"breadcrumb\":{\"@id\":\"https:\/\/www.sonoraenequipo.com.mx\/una-pastilla-de-una-planta-prehistorica-para-protegernos-del-sol\/#breadcrumb\"},\"inLanguage\":\"es\",\"potentialAction\":[{\"@type\":\"ReadAction\",\"target\":[\"https:\/\/www.sonoraenequipo.com.mx\/una-pastilla-de-una-planta-prehistorica-para-protegernos-del-sol\/\"]}]},{\"@type\":\"ImageObject\",\"inLanguage\":\"es\",\"@id\":\"https:\/\/www.sonoraenequipo.com.mx\/una-pastilla-de-una-planta-prehistorica-para-protegernos-del-sol\/#primaryimage\",\"url\":\"https:\/\/www.sonoraenequipo.com.mx\/storage\/2025\/05\/helecho.jpg\",\"contentUrl\":\"https:\/\/www.sonoraenequipo.com.mx\/storage\/2025\/05\/helecho.jpg\",\"width\":600,\"height\":400,\"caption\":\"El helecho \u2018Polypodium leucocotomos\u2019 tiene propiedades fotoprotectoras: cr\u00e9dito Wikimedia commons\"},{\"@type\":\"BreadcrumbList\",\"@id\":\"https:\/\/www.sonoraenequipo.com.mx\/una-pastilla-de-una-planta-prehistorica-para-protegernos-del-sol\/#breadcrumb\",\"itemListElement\":[{\"@type\":\"ListItem\",\"position\":1,\"name\":\"Portada\",\"item\":\"https:\/\/www.sonoraenequipo.com.mx\/\"},{\"@type\":\"ListItem\",\"position\":2,\"name\":\"Una pastilla de una planta prehist\u00f3rica para protegernos del sol\"}]},{\"@type\":\"WebSite\",\"@id\":\"https:\/\/www.sonoraenequipo.com.mx\/#website\",\"url\":\"https:\/\/www.sonoraenequipo.com.mx\/\",\"name\":\"Sonora en Equipo.\",\"description\":\"Diario en l\u00ednea con Noticias desde Hermosillo, Sonora\",\"publisher\":{\"@id\":\"https:\/\/www.sonoraenequipo.com.mx\/#organization\"},\"potentialAction\":[{\"@type\":\"SearchAction\",\"target\":{\"@type\":\"EntryPoint\",\"urlTemplate\":\"https:\/\/www.sonoraenequipo.com.mx\/?s={search_term_string}\"},\"query-input\":{\"@type\":\"PropertyValueSpecification\",\"valueRequired\":true,\"valueName\":\"search_term_string\"}}],\"inLanguage\":\"es\"},{\"@type\":\"Organization\",\"@id\":\"https:\/\/www.sonoraenequipo.com.mx\/#organization\",\"name\":\"Sonoraenequipo.com.mx\",\"url\":\"https:\/\/www.sonoraenequipo.com.mx\/\",\"logo\":{\"@type\":\"ImageObject\",\"inLanguage\":\"es\",\"@id\":\"https:\/\/www.sonoraenequipo.com.mx\/#\/schema\/logo\/image\/\",\"url\":\"https:\/\/www.sonoraenequipo.com.mx\/storage\/2019\/01\/sonoraenequipo_opt.png\",\"contentUrl\":\"https:\/\/www.sonoraenequipo.com.mx\/storage\/2019\/01\/sonoraenequipo_opt.png\",\"width\":375,\"height\":125,\"caption\":\"Sonoraenequipo.com.mx\"},\"image\":{\"@id\":\"https:\/\/www.sonoraenequipo.com.mx\/#\/schema\/logo\/image\/\"},\"sameAs\":[\"https:\/\/www.facebook.com\/SonoraEE\/\",\"https:\/\/x.com\/sonoraenequipo\",\"https:\/\/www.youtube.com\/channel\/UC338nW-lPEYmJQs4ZABQ1SQ\"]},{\"@type\":\"Person\",\"@id\":\"https:\/\/www.sonoraenequipo.com.mx\/#\/schema\/person\/50102df0fb23a8fa9e8effad8fa81386\",\"name\":\"enequipo\",\"image\":{\"@type\":\"ImageObject\",\"inLanguage\":\"es\",\"@id\":\"https:\/\/www.sonoraenequipo.com.mx\/#\/schema\/person\/image\/\",\"url\":\"https:\/\/secure.gravatar.com\/avatar\/049821681b589dabc0bc20695993ccebb09f5b5d4d790cd9251b97faac7c652b?s=96&d=blank&r=g\",\"contentUrl\":\"https:\/\/secure.gravatar.com\/avatar\/049821681b589dabc0bc20695993ccebb09f5b5d4d790cd9251b97faac7c652b?s=96&d=blank&r=g\",\"caption\":\"enequipo\"},\"sameAs\":[\"https:\/\/www.facebook.com\/SonoraEE\"]}]}<\/script>\n ","yoast_head_json":{"title":"Sonora en Equipo. Una pastilla de una planta prehist\u00f3rica para protegernos del sol Ciencia y Tecnolog\u00eda","description":"VALENCIA,ESPA\u00d1A. \u0336 \u0336\u00a0 Un compuesto derivado de un helecho de Centroam\u00e9rica puede proteger contra la radiaci\u00f3n solar en pacientes especialmente vulnerables En Sonora en Equipo publicamos toda la informaci\u00f3n de Sonora, M\u00e9xico y el Mundo de manera oportuna y busca que la libertad de expresi\u00f3n sea real. Visita nuestro medio informativo publicado desde Hermosillo, Sonora. %","robots":{"index":"index","follow":"follow","max-snippet":"max-snippet:-1","max-image-preview":"max-image-preview:large","max-video-preview":"max-video-preview:-1"},"canonical":"https:\/\/www.sonoraenequipo.com.mx\/una-pastilla-de-una-planta-prehistorica-para-protegernos-del-sol\/","og_locale":"es_ES","og_type":"article","og_title":"Sonora en Equipo. Una pastilla de una planta prehist\u00f3rica para protegernos del sol Ciencia y Tecnolog\u00eda","og_description":"VALENCIA,ESPA\u00d1A. \u0336 \u0336\u00a0 Un compuesto derivado de un helecho de Centroam\u00e9rica puede proteger contra la radiaci\u00f3n solar en pacientes especialmente vulnerables En Sonora en Equipo publicamos toda la informaci\u00f3n de Sonora, M\u00e9xico y el Mundo de manera oportuna y busca que la libertad de expresi\u00f3n sea real. Visita nuestro medio informativo publicado desde Hermosillo, Sonora. %","og_url":"https:\/\/www.sonoraenequipo.com.mx\/una-pastilla-de-una-planta-prehistorica-para-protegernos-del-sol\/","og_site_name":"Sonora en Equipo.","article_publisher":"https:\/\/www.facebook.com\/SonoraEE\/","article_author":"https:\/\/www.facebook.com\/SonoraEE","article_published_time":"2025-05-11T21:07:31+00:00","og_image":[{"width":600,"height":400,"url":"https:\/\/www.sonoraenequipo.com.mx\/storage\/2025\/05\/helecho.jpg","type":"image\/jpeg"}],"author":"enequipo","twitter_card":"summary_large_image","twitter_creator":"@sonoraenequipo","twitter_site":"@sonoraenequipo","twitter_misc":{"Escrito por":"enequipo","Tiempo de lectura":"4 minutos"},"schema":{"@context":"https:\/\/schema.org","@graph":[{"@type":"Article","@id":"https:\/\/www.sonoraenequipo.com.mx\/una-pastilla-de-una-planta-prehistorica-para-protegernos-del-sol\/#article","isPartOf":{"@id":"https:\/\/www.sonoraenequipo.com.mx\/una-pastilla-de-una-planta-prehistorica-para-protegernos-del-sol\/"},"author":{"name":"enequipo","@id":"https:\/\/www.sonoraenequipo.com.mx\/#\/schema\/person\/50102df0fb23a8fa9e8effad8fa81386"},"headline":"Una pastilla de una planta prehist\u00f3rica para protegernos del sol","datePublished":"2025-05-11T21:07:31+00:00","mainEntityOfPage":{"@id":"https:\/\/www.sonoraenequipo.com.mx\/una-pastilla-de-una-planta-prehistorica-para-protegernos-del-sol\/"},"wordCount":748,"commentCount":0,"publisher":{"@id":"https:\/\/www.sonoraenequipo.com.mx\/#organization"},"image":{"@id":"https:\/\/www.sonoraenequipo.com.mx\/una-pastilla-de-una-planta-prehistorica-para-protegernos-del-sol\/#primaryimage"},"thumbnailUrl":"https:\/\/www.sonoraenequipo.com.mx\/storage\/2025\/05\/helecho.jpg","keywords":["helecho","sol"],"articleSection":["Ciencia y Tecnolog\u00eda"],"inLanguage":"es","potentialAction":[{"@type":"CommentAction","name":"Comment","target":["https:\/\/www.sonoraenequipo.com.mx\/una-pastilla-de-una-planta-prehistorica-para-protegernos-del-sol\/#respond"]}]},{"@type":"WebPage","@id":"https:\/\/www.sonoraenequipo.com.mx\/una-pastilla-de-una-planta-prehistorica-para-protegernos-del-sol\/","url":"https:\/\/www.sonoraenequipo.com.mx\/una-pastilla-de-una-planta-prehistorica-para-protegernos-del-sol\/","name":"Sonora en Equipo. Una pastilla de una planta prehist\u00f3rica para protegernos del sol Ciencia y Tecnolog\u00eda","isPartOf":{"@id":"https:\/\/www.sonoraenequipo.com.mx\/#website"},"primaryImageOfPage":{"@id":"https:\/\/www.sonoraenequipo.com.mx\/una-pastilla-de-una-planta-prehistorica-para-protegernos-del-sol\/#primaryimage"},"image":{"@id":"https:\/\/www.sonoraenequipo.com.mx\/una-pastilla-de-una-planta-prehistorica-para-protegernos-del-sol\/#primaryimage"},"thumbnailUrl":"https:\/\/www.sonoraenequipo.com.mx\/storage\/2025\/05\/helecho.jpg","datePublished":"2025-05-11T21:07:31+00:00","description":"VALENCIA,ESPA\u00d1A. \u0336 \u0336\u00a0 Un compuesto derivado de un helecho de Centroam\u00e9rica puede proteger contra la radiaci\u00f3n solar en pacientes especialmente vulnerables En Sonora en Equipo publicamos toda la informaci\u00f3n de Sonora, M\u00e9xico y el Mundo de manera oportuna y busca que la libertad de expresi\u00f3n sea real. Visita nuestro medio informativo publicado desde Hermosillo, Sonora. %","breadcrumb":{"@id":"https:\/\/www.sonoraenequipo.com.mx\/una-pastilla-de-una-planta-prehistorica-para-protegernos-del-sol\/#breadcrumb"},"inLanguage":"es","potentialAction":[{"@type":"ReadAction","target":["https:\/\/www.sonoraenequipo.com.mx\/una-pastilla-de-una-planta-prehistorica-para-protegernos-del-sol\/"]}]},{"@type":"ImageObject","inLanguage":"es","@id":"https:\/\/www.sonoraenequipo.com.mx\/una-pastilla-de-una-planta-prehistorica-para-protegernos-del-sol\/#primaryimage","url":"https:\/\/www.sonoraenequipo.com.mx\/storage\/2025\/05\/helecho.jpg","contentUrl":"https:\/\/www.sonoraenequipo.com.mx\/storage\/2025\/05\/helecho.jpg","width":600,"height":400,"caption":"El helecho \u2018Polypodium leucocotomos\u2019 tiene propiedades fotoprotectoras: cr\u00e9dito Wikimedia commons"},{"@type":"BreadcrumbList","@id":"https:\/\/www.sonoraenequipo.com.mx\/una-pastilla-de-una-planta-prehistorica-para-protegernos-del-sol\/#breadcrumb","itemListElement":[{"@type":"ListItem","position":1,"name":"Portada","item":"https:\/\/www.sonoraenequipo.com.mx\/"},{"@type":"ListItem","position":2,"name":"Una pastilla de una planta prehist\u00f3rica para protegernos del sol"}]},{"@type":"WebSite","@id":"https:\/\/www.sonoraenequipo.com.mx\/#website","url":"https:\/\/www.sonoraenequipo.com.mx\/","name":"Sonora en Equipo.","description":"Diario en l\u00ednea con Noticias desde Hermosillo, Sonora","publisher":{"@id":"https:\/\/www.sonoraenequipo.com.mx\/#organization"},"potentialAction":[{"@type":"SearchAction","target":{"@type":"EntryPoint","urlTemplate":"https:\/\/www.sonoraenequipo.com.mx\/?s={search_term_string}"},"query-input":{"@type":"PropertyValueSpecification","valueRequired":true,"valueName":"search_term_string"}}],"inLanguage":"es"},{"@type":"Organization","@id":"https:\/\/www.sonoraenequipo.com.mx\/#organization","name":"Sonoraenequipo.com.mx","url":"https:\/\/www.sonoraenequipo.com.mx\/","logo":{"@type":"ImageObject","inLanguage":"es","@id":"https:\/\/www.sonoraenequipo.com.mx\/#\/schema\/logo\/image\/","url":"https:\/\/www.sonoraenequipo.com.mx\/storage\/2019\/01\/sonoraenequipo_opt.png","contentUrl":"https:\/\/www.sonoraenequipo.com.mx\/storage\/2019\/01\/sonoraenequipo_opt.png","width":375,"height":125,"caption":"Sonoraenequipo.com.mx"},"image":{"@id":"https:\/\/www.sonoraenequipo.com.mx\/#\/schema\/logo\/image\/"},"sameAs":["https:\/\/www.facebook.com\/SonoraEE\/","https:\/\/x.com\/sonoraenequipo","https:\/\/www.youtube.com\/channel\/UC338nW-lPEYmJQs4ZABQ1SQ"]},{"@type":"Person","@id":"https:\/\/www.sonoraenequipo.com.mx\/#\/schema\/person\/50102df0fb23a8fa9e8effad8fa81386","name":"enequipo","image":{"@type":"ImageObject","inLanguage":"es","@id":"https:\/\/www.sonoraenequipo.com.mx\/#\/schema\/person\/image\/","url":"https:\/\/secure.gravatar.com\/avatar\/049821681b589dabc0bc20695993ccebb09f5b5d4d790cd9251b97faac7c652b?s=96&d=blank&r=g","contentUrl":"https:\/\/secure.gravatar.com\/avatar\/049821681b589dabc0bc20695993ccebb09f5b5d4d790cd9251b97faac7c652b?s=96&d=blank&r=g","caption":"enequipo"},"sameAs":["https:\/\/www.facebook.com\/SonoraEE"]}]}},"jetpack_featured_media_url":"https:\/\/www.sonoraenequipo.com.mx\/storage\/2025\/05\/helecho.jpg","_links":{"self":[{"href":"https:\/\/www.sonoraenequipo.com.mx\/api\/wp\/v2\/posts\/215188","targetHints":{"allow":["GET"]}}],"collection":[{"href":"https:\/\/www.sonoraenequipo.com.mx\/api\/wp\/v2\/posts"}],"about":[{"href":"https:\/\/www.sonoraenequipo.com.mx\/api\/wp\/v2\/types\/post"}],"author":[{"embeddable":true,"href":"https:\/\/www.sonoraenequipo.com.mx\/api\/wp\/v2\/users\/1"}],"replies":[{"embeddable":true,"href":"https:\/\/www.sonoraenequipo.com.mx\/api\/wp\/v2\/comments?post=215188"}],"version-history":[{"count":1,"href":"https:\/\/www.sonoraenequipo.com.mx\/api\/wp\/v2\/posts\/215188\/revisions"}],"predecessor-version":[{"id":215190,"href":"https:\/\/www.sonoraenequipo.com.mx\/api\/wp\/v2\/posts\/215188\/revisions\/215190"}],"wp:featuredmedia":[{"embeddable":true,"href":"https:\/\/www.sonoraenequipo.com.mx\/api\/wp\/v2\/media\/215189"}],"wp:attachment":[{"href":"https:\/\/www.sonoraenequipo.com.mx\/api\/wp\/v2\/media?parent=215188"}],"wp:term":[{"taxonomy":"category","embeddable":true,"href":"https:\/\/www.sonoraenequipo.com.mx\/api\/wp\/v2\/categories?post=215188"},{"taxonomy":"post_tag","embeddable":true,"href":"https:\/\/www.sonoraenequipo.com.mx\/api\/wp\/v2\/tags?post=215188"}],"curies":[{"name":"wp","href":"https:\/\/api.w.org\/{rel}","templated":true}]}}