{"id":215191,"date":"2025-05-11T14:33:17","date_gmt":"2025-05-11T21:33:17","guid":{"rendered":"https:\/\/www.sonoraenequipo.com.mx\/?p=215191"},"modified":"2025-05-11T14:33:17","modified_gmt":"2025-05-11T21:33:17","slug":"idea-observara-proceso-electoral-en-el-pjf-mexicano","status":"publish","type":"post","link":"https:\/\/www.sonoraenequipo.com.mx\/idea-observara-proceso-electoral-en-el-pjf-mexicano\/","title":{"rendered":"IDEA observar\u00e1 proceso electoral en el PJF mexicano"},"content":{"rendered":"<p><strong>CIUDAD DE M\u00c9XICO.<\/strong><strong> \u0336 \u0336\u00a0 <\/strong>El Instituto Nacional Electoral (INE) recibi\u00f3 la primera visita de la Misi\u00f3n de Acompa\u00f1amiento del Instituto Internacional para la Democracia y la Asistencia Electoral (IDEA Internacional), del 4 al 8 de mayo de 2025, para observar y conocer las caracter\u00edsticas del Proceso Electoral Extraordinario para la elecci\u00f3n de diversos cargos del Poder Judicial de la Federaci\u00f3n (PEEPJF) 2024-2025.<\/p>\n<p>&nbsp;<\/p>\n<p>&nbsp;<\/p>\n<p>&nbsp;<\/p>\n<p>IDEA Internacional es una organizaci\u00f3n intergubernamental que impulsa, promueve y protege la democracia sostenible en todo el mundo, mediante el apoyo a la construcci\u00f3n, el fortalecimiento y la salvaguarda de instituciones y procesos pol\u00edticos democr\u00e1ticos en todos los niveles.<\/p>\n<p>&nbsp;<\/p>\n<p>&nbsp;<\/p>\n<p>&nbsp;<\/p>\n<p>Adem\u00e1s, combina una presencia global basada en una membres\u00eda diversa, una caracter\u00edstica que refuerza la legitimidad de sus acciones. Actualmente, cuenta con 35 Estados miembros y trabaja con 54 organizaciones socias dedicadas a mejorar la gobernabilidad democr\u00e1tica.<\/p>\n<p>&nbsp;<\/p>\n<p>&nbsp;<\/p>\n<p>&nbsp;<\/p>\n<p>La Misi\u00f3n est\u00e1 conformada por cuatro personas funcionarias del organismo internacional: Nicol\u00e1s Liendo, Oficial de Programa para Am\u00e9rica Latina y el Caribe (jefe de la Misi\u00f3n); Alejandra Sep\u00falveda, Gerente del Proyecto en Integridad Electoral y G\u00e9nero; Kimana Zulueta-F\u00fclscher, Asesora Senior del equipo Global de IDEA Internacional en Procesos Constitucionales y Estado de Derecho y Carolina Da Silva, ex Gerente de Proyecto en Uruguay y Consultora regional.<\/p>\n<p>&nbsp;<\/p>\n<p>&nbsp;<\/p>\n<p>&nbsp;<\/p>\n<p>Durante su visita, la Misi\u00f3n de Acompa\u00f1amiento resalt\u00f3 el trabajo institucional del INE de adaptar los procesos y procedimientos para la organizaci\u00f3n de esta elecci\u00f3n in\u00e9dita.<\/p>\n<p>&nbsp;<\/p>\n<p>&nbsp;<\/p>\n<p>&nbsp;<\/p>\n<p>A la par, tuvo conocimiento sobre diversos temas del PEEPJF: sus caracter\u00edsticas, la postulaci\u00f3n de las candidaturas, la estrategia de informaci\u00f3n y combate a la desinformaci\u00f3n en el marco del proceso electoral, el Marco Geogr\u00e1fico Electoral, criterios para las campa\u00f1as electorales, Violencia Pol\u00edtica contra las Mujeres en Raz\u00f3n de G\u00e9nero, paridad de g\u00e9nero, escrutinio y resultados electorales, la Reforma Constitucional en materia del Poder Judicial, as\u00ed como organizaci\u00f3n y capacitaci\u00f3n electoral.<\/p>\n<p>&nbsp;<\/p>\n<p>&nbsp;<\/p>\n<p>&nbsp;<\/p>\n<p>Las personas integrantes del organismo tambi\u00e9n asistieron al simulacro electoral para personas con discapacidad, donde tuvieron oportunidad de conocer las medidas y acciones de inclusi\u00f3n que se implementar\u00e1n en la Jornada Electoral del 1 de junio.<\/p>\n<p>&nbsp;<\/p>\n<p>&nbsp;<\/p>\n<p>&nbsp;<\/p>\n<p>La Misi\u00f3n tambi\u00e9n presenci\u00f3 el pasado 8 de mayo, el segundo simulacro del Sistema de Informaci\u00f3n sobre el Desarrollo de la Jornada Electoral (SIJE), as\u00ed como del Sistema de C\u00f3mputos, que se llevaron a cabo en la Junta Distrital Ejecutiva No. 12 de la Ciudad de M\u00e9xico, del INE.<\/p>\n<p>&nbsp;<\/p>\n<p>&nbsp;<\/p>\n<p>&nbsp;<\/p>\n<p>Finalmente, las personas integrantes de IDEA Internacional regresar\u00e1n el pr\u00f3ximo 1 de junio para observar la Jornada Electoral y permanecer\u00e1n en el pa\u00eds para presenciar los c\u00f3mputos distritales.<\/p>\n<p><strong>Fecha de publicaci\u00f3n domingo 11 de mayo de 2025 \/<\/strong><\/p>\n","protected":false},"excerpt":{"rendered":"<p>CIUDAD DE M\u00c9XICO. \u0336 \u0336\u00a0 El Instituto Nacional Electoral (INE) recibi\u00f3 la primera visita de&#8230;<\/p>\n","protected":false},"author":1,"featured_media":215192,"comment_status":"open","ping_status":"open","sticky":false,"template":"","format":"standard","meta":{"_monsterinsights_skip_tracking":false,"_monsterinsights_sitenote_active":false,"_monsterinsights_sitenote_note":"","_monsterinsights_sitenote_category":0,"footnotes":""},"categories":[5],"tags":[5339,8019],"class_list":["post"],"yoast_head":" \n<title>Sonora en Equipo. IDEA observar\u00e1 proceso electoral en el PJF mexicano Rep\u00fablica<\/title>\n<meta name=\"description\" content=\"CIUDAD DE M\u00c9XICO. \u0336 \u0336\u00a0 El Instituto Nacional Electoral (INE) recibi\u00f3 la primera visita de la Misi\u00f3n de Acompa\u00f1amiento del Instituto Internacional para la En Sonora en Equipo publicamos toda la informaci\u00f3n de Sonora, M\u00e9xico y el Mundo de manera oportuna y busca que la libertad de expresi\u00f3n sea real. Visita nuestro medio informativo publicado desde Hermosillo, Sonora. %\" \/>\n<meta name=\"robots\" content=\"index, follow, max-snippet:-1, max-image-preview:large, max-video-preview:-1\" \/>\n<link rel=\"canonical\" href=\"https:\/\/www.sonoraenequipo.com.mx\/idea-observara-proceso-electoral-en-el-pjf-mexicano\/\" \/>\n<meta property=\"og:locale\" content=\"es_ES\" \/>\n<meta property=\"og:type\" content=\"article\" \/>\n<meta property=\"og:title\" content=\"Sonora en Equipo. IDEA observar\u00e1 proceso electoral en el PJF mexicano Rep\u00fablica\" \/>\n<meta property=\"og:description\" content=\"CIUDAD DE M\u00c9XICO. \u0336 \u0336\u00a0 El Instituto Nacional Electoral (INE) recibi\u00f3 la primera visita de la Misi\u00f3n de Acompa\u00f1amiento del Instituto Internacional para la En Sonora en Equipo publicamos toda la informaci\u00f3n de Sonora, M\u00e9xico y el Mundo de manera oportuna y busca que la libertad de expresi\u00f3n sea real. Visita nuestro medio informativo publicado desde Hermosillo, Sonora. %\" \/>\n<meta property=\"og:url\" content=\"https:\/\/www.sonoraenequipo.com.mx\/idea-observara-proceso-electoral-en-el-pjf-mexicano\/\" \/>\n<meta property=\"og:site_name\" content=\"Sonora en Equipo.\" \/>\n<meta property=\"article:publisher\" content=\"https:\/\/www.facebook.com\/SonoraEE\/\" \/>\n<meta property=\"article:author\" content=\"https:\/\/www.facebook.com\/SonoraEE\" \/>\n<meta property=\"article:published_time\" content=\"2025-05-11T21:33:17+00:00\" \/>\n<meta property=\"og:image\" content=\"https:\/\/www.sonoraenequipo.com.mx\/storage\/2025\/05\/observador.jpg\" \/>\n\t<meta property=\"og:image:width\" content=\"612\" \/>\n\t<meta property=\"og:image:height\" content=\"408\" \/>\n\t<meta property=\"og:image:type\" content=\"image\/jpeg\" \/>\n<meta name=\"author\" content=\"enequipo\" \/>\n<meta name=\"twitter:card\" content=\"summary_large_image\" \/>\n<meta name=\"twitter:creator\" content=\"@sonoraenequipo\" \/>\n<meta name=\"twitter:site\" content=\"@sonoraenequipo\" \/>\n<meta name=\"twitter:label1\" content=\"Escrito por\" \/>\n\t<meta name=\"twitter:data1\" content=\"enequipo\" \/>\n\t<meta name=\"twitter:label2\" content=\"Tiempo de lectura\" \/>\n\t<meta name=\"twitter:data2\" content=\"2 minutos\" \/>\n<script type=\"application\/ld+json\" class=\"yoast-schema-graph\">{\"@context\":\"https:\/\/schema.org\",\"@graph\":[{\"@type\":\"Article\",\"@id\":\"https:\/\/www.sonoraenequipo.com.mx\/idea-observara-proceso-electoral-en-el-pjf-mexicano\/#article\",\"isPartOf\":{\"@id\":\"https:\/\/www.sonoraenequipo.com.mx\/idea-observara-proceso-electoral-en-el-pjf-mexicano\/\"},\"author\":{\"name\":\"enequipo\",\"@id\":\"https:\/\/www.sonoraenequipo.com.mx\/#\/schema\/person\/50102df0fb23a8fa9e8effad8fa81386\"},\"headline\":\"IDEA observar\u00e1 proceso electoral en el PJF mexicano\",\"datePublished\":\"2025-05-11T21:33:17+00:00\",\"mainEntityOfPage\":{\"@id\":\"https:\/\/www.sonoraenequipo.com.mx\/idea-observara-proceso-electoral-en-el-pjf-mexicano\/\"},\"wordCount\":495,\"commentCount\":0,\"publisher\":{\"@id\":\"https:\/\/www.sonoraenequipo.com.mx\/#organization\"},\"image\":{\"@id\":\"https:\/\/www.sonoraenequipo.com.mx\/idea-observara-proceso-electoral-en-el-pjf-mexicano\/#primaryimage\"},\"thumbnailUrl\":\"https:\/\/www.sonoraenequipo.com.mx\/storage\/2025\/05\/observador.jpg\",\"keywords\":[\"eleccion\",\"PJF\"],\"articleSection\":[\"Rep\u00fablica\"],\"inLanguage\":\"es\",\"potentialAction\":[{\"@type\":\"CommentAction\",\"name\":\"Comment\",\"target\":[\"https:\/\/www.sonoraenequipo.com.mx\/idea-observara-proceso-electoral-en-el-pjf-mexicano\/#respond\"]}]},{\"@type\":\"WebPage\",\"@id\":\"https:\/\/www.sonoraenequipo.com.mx\/idea-observara-proceso-electoral-en-el-pjf-mexicano\/\",\"url\":\"https:\/\/www.sonoraenequipo.com.mx\/idea-observara-proceso-electoral-en-el-pjf-mexicano\/\",\"name\":\"Sonora en Equipo. IDEA observar\u00e1 proceso electoral en el PJF mexicano Rep\u00fablica\",\"isPartOf\":{\"@id\":\"https:\/\/www.sonoraenequipo.com.mx\/#website\"},\"primaryImageOfPage\":{\"@id\":\"https:\/\/www.sonoraenequipo.com.mx\/idea-observara-proceso-electoral-en-el-pjf-mexicano\/#primaryimage\"},\"image\":{\"@id\":\"https:\/\/www.sonoraenequipo.com.mx\/idea-observara-proceso-electoral-en-el-pjf-mexicano\/#primaryimage\"},\"thumbnailUrl\":\"https:\/\/www.sonoraenequipo.com.mx\/storage\/2025\/05\/observador.jpg\",\"datePublished\":\"2025-05-11T21:33:17+00:00\",\"description\":\"CIUDAD DE M\u00c9XICO. \u0336 \u0336\u00a0 El Instituto Nacional Electoral (INE) recibi\u00f3 la primera visita de la Misi\u00f3n de Acompa\u00f1amiento del Instituto Internacional para la En Sonora en Equipo publicamos toda la informaci\u00f3n de Sonora, M\u00e9xico y el Mundo de manera oportuna y busca que la libertad de expresi\u00f3n sea real. Visita nuestro medio informativo publicado desde Hermosillo, Sonora. %\",\"breadcrumb\":{\"@id\":\"https:\/\/www.sonoraenequipo.com.mx\/idea-observara-proceso-electoral-en-el-pjf-mexicano\/#breadcrumb\"},\"inLanguage\":\"es\",\"potentialAction\":[{\"@type\":\"ReadAction\",\"target\":[\"https:\/\/www.sonoraenequipo.com.mx\/idea-observara-proceso-electoral-en-el-pjf-mexicano\/\"]}]},{\"@type\":\"ImageObject\",\"inLanguage\":\"es\",\"@id\":\"https:\/\/www.sonoraenequipo.com.mx\/idea-observara-proceso-electoral-en-el-pjf-mexicano\/#primaryimage\",\"url\":\"https:\/\/www.sonoraenequipo.com.mx\/storage\/2025\/05\/observador.jpg\",\"contentUrl\":\"https:\/\/www.sonoraenequipo.com.mx\/storage\/2025\/05\/observador.jpg\",\"width\":612,\"height\":408,\"caption\":\"observador: cr\u00e9dito Istock\"},{\"@type\":\"BreadcrumbList\",\"@id\":\"https:\/\/www.sonoraenequipo.com.mx\/idea-observara-proceso-electoral-en-el-pjf-mexicano\/#breadcrumb\",\"itemListElement\":[{\"@type\":\"ListItem\",\"position\":1,\"name\":\"Portada\",\"item\":\"https:\/\/www.sonoraenequipo.com.mx\/\"},{\"@type\":\"ListItem\",\"position\":2,\"name\":\"IDEA observar\u00e1 proceso electoral en el PJF mexicano\"}]},{\"@type\":\"WebSite\",\"@id\":\"https:\/\/www.sonoraenequipo.com.mx\/#website\",\"url\":\"https:\/\/www.sonoraenequipo.com.mx\/\",\"name\":\"Sonora en Equipo.\",\"description\":\"Diario en l\u00ednea con Noticias desde Hermosillo, Sonora\",\"publisher\":{\"@id\":\"https:\/\/www.sonoraenequipo.com.mx\/#organization\"},\"potentialAction\":[{\"@type\":\"SearchAction\",\"target\":{\"@type\":\"EntryPoint\",\"urlTemplate\":\"https:\/\/www.sonoraenequipo.com.mx\/?s={search_term_string}\"},\"query-input\":{\"@type\":\"PropertyValueSpecification\",\"valueRequired\":true,\"valueName\":\"search_term_string\"}}],\"inLanguage\":\"es\"},{\"@type\":\"Organization\",\"@id\":\"https:\/\/www.sonoraenequipo.com.mx\/#organization\",\"name\":\"Sonoraenequipo.com.mx\",\"url\":\"https:\/\/www.sonoraenequipo.com.mx\/\",\"logo\":{\"@type\":\"ImageObject\",\"inLanguage\":\"es\",\"@id\":\"https:\/\/www.sonoraenequipo.com.mx\/#\/schema\/logo\/image\/\",\"url\":\"https:\/\/www.sonoraenequipo.com.mx\/storage\/2019\/01\/sonoraenequipo_opt.png\",\"contentUrl\":\"https:\/\/www.sonoraenequipo.com.mx\/storage\/2019\/01\/sonoraenequipo_opt.png\",\"width\":375,\"height\":125,\"caption\":\"Sonoraenequipo.com.mx\"},\"image\":{\"@id\":\"https:\/\/www.sonoraenequipo.com.mx\/#\/schema\/logo\/image\/\"},\"sameAs\":[\"https:\/\/www.facebook.com\/SonoraEE\/\",\"https:\/\/x.com\/sonoraenequipo\",\"https:\/\/www.youtube.com\/channel\/UC338nW-lPEYmJQs4ZABQ1SQ\"]},{\"@type\":\"Person\",\"@id\":\"https:\/\/www.sonoraenequipo.com.mx\/#\/schema\/person\/50102df0fb23a8fa9e8effad8fa81386\",\"name\":\"enequipo\",\"image\":{\"@type\":\"ImageObject\",\"inLanguage\":\"es\",\"@id\":\"https:\/\/www.sonoraenequipo.com.mx\/#\/schema\/person\/image\/\",\"url\":\"https:\/\/secure.gravatar.com\/avatar\/049821681b589dabc0bc20695993ccebb09f5b5d4d790cd9251b97faac7c652b?s=96&d=blank&r=g\",\"contentUrl\":\"https:\/\/secure.gravatar.com\/avatar\/049821681b589dabc0bc20695993ccebb09f5b5d4d790cd9251b97faac7c652b?s=96&d=blank&r=g\",\"caption\":\"enequipo\"},\"sameAs\":[\"https:\/\/www.facebook.com\/SonoraEE\"]}]}<\/script>\n ","yoast_head_json":{"title":"Sonora en Equipo. IDEA observar\u00e1 proceso electoral en el PJF mexicano Rep\u00fablica","description":"CIUDAD DE M\u00c9XICO. \u0336 \u0336\u00a0 El Instituto Nacional Electoral (INE) recibi\u00f3 la primera visita de la Misi\u00f3n de Acompa\u00f1amiento del Instituto Internacional para la En Sonora en Equipo publicamos toda la informaci\u00f3n de Sonora, M\u00e9xico y el Mundo de manera oportuna y busca que la libertad de expresi\u00f3n sea real. Visita nuestro medio informativo publicado desde Hermosillo, Sonora. %","robots":{"index":"index","follow":"follow","max-snippet":"max-snippet:-1","max-image-preview":"max-image-preview:large","max-video-preview":"max-video-preview:-1"},"canonical":"https:\/\/www.sonoraenequipo.com.mx\/idea-observara-proceso-electoral-en-el-pjf-mexicano\/","og_locale":"es_ES","og_type":"article","og_title":"Sonora en Equipo. IDEA observar\u00e1 proceso electoral en el PJF mexicano Rep\u00fablica","og_description":"CIUDAD DE M\u00c9XICO. \u0336 \u0336\u00a0 El Instituto Nacional Electoral (INE) recibi\u00f3 la primera visita de la Misi\u00f3n de Acompa\u00f1amiento del Instituto Internacional para la En Sonora en Equipo publicamos toda la informaci\u00f3n de Sonora, M\u00e9xico y el Mundo de manera oportuna y busca que la libertad de expresi\u00f3n sea real. Visita nuestro medio informativo publicado desde Hermosillo, Sonora. %","og_url":"https:\/\/www.sonoraenequipo.com.mx\/idea-observara-proceso-electoral-en-el-pjf-mexicano\/","og_site_name":"Sonora en Equipo.","article_publisher":"https:\/\/www.facebook.com\/SonoraEE\/","article_author":"https:\/\/www.facebook.com\/SonoraEE","article_published_time":"2025-05-11T21:33:17+00:00","og_image":[{"width":612,"height":408,"url":"https:\/\/www.sonoraenequipo.com.mx\/storage\/2025\/05\/observador.jpg","type":"image\/jpeg"}],"author":"enequipo","twitter_card":"summary_large_image","twitter_creator":"@sonoraenequipo","twitter_site":"@sonoraenequipo","twitter_misc":{"Escrito por":"enequipo","Tiempo de lectura":"2 minutos"},"schema":{"@context":"https:\/\/schema.org","@graph":[{"@type":"Article","@id":"https:\/\/www.sonoraenequipo.com.mx\/idea-observara-proceso-electoral-en-el-pjf-mexicano\/#article","isPartOf":{"@id":"https:\/\/www.sonoraenequipo.com.mx\/idea-observara-proceso-electoral-en-el-pjf-mexicano\/"},"author":{"name":"enequipo","@id":"https:\/\/www.sonoraenequipo.com.mx\/#\/schema\/person\/50102df0fb23a8fa9e8effad8fa81386"},"headline":"IDEA observar\u00e1 proceso electoral en el PJF mexicano","datePublished":"2025-05-11T21:33:17+00:00","mainEntityOfPage":{"@id":"https:\/\/www.sonoraenequipo.com.mx\/idea-observara-proceso-electoral-en-el-pjf-mexicano\/"},"wordCount":495,"commentCount":0,"publisher":{"@id":"https:\/\/www.sonoraenequipo.com.mx\/#organization"},"image":{"@id":"https:\/\/www.sonoraenequipo.com.mx\/idea-observara-proceso-electoral-en-el-pjf-mexicano\/#primaryimage"},"thumbnailUrl":"https:\/\/www.sonoraenequipo.com.mx\/storage\/2025\/05\/observador.jpg","keywords":["eleccion","PJF"],"articleSection":["Rep\u00fablica"],"inLanguage":"es","potentialAction":[{"@type":"CommentAction","name":"Comment","target":["https:\/\/www.sonoraenequipo.com.mx\/idea-observara-proceso-electoral-en-el-pjf-mexicano\/#respond"]}]},{"@type":"WebPage","@id":"https:\/\/www.sonoraenequipo.com.mx\/idea-observara-proceso-electoral-en-el-pjf-mexicano\/","url":"https:\/\/www.sonoraenequipo.com.mx\/idea-observara-proceso-electoral-en-el-pjf-mexicano\/","name":"Sonora en Equipo. IDEA observar\u00e1 proceso electoral en el PJF mexicano Rep\u00fablica","isPartOf":{"@id":"https:\/\/www.sonoraenequipo.com.mx\/#website"},"primaryImageOfPage":{"@id":"https:\/\/www.sonoraenequipo.com.mx\/idea-observara-proceso-electoral-en-el-pjf-mexicano\/#primaryimage"},"image":{"@id":"https:\/\/www.sonoraenequipo.com.mx\/idea-observara-proceso-electoral-en-el-pjf-mexicano\/#primaryimage"},"thumbnailUrl":"https:\/\/www.sonoraenequipo.com.mx\/storage\/2025\/05\/observador.jpg","datePublished":"2025-05-11T21:33:17+00:00","description":"CIUDAD DE M\u00c9XICO. \u0336 \u0336\u00a0 El Instituto Nacional Electoral (INE) recibi\u00f3 la primera visita de la Misi\u00f3n de Acompa\u00f1amiento del Instituto Internacional para la En Sonora en Equipo publicamos toda la informaci\u00f3n de Sonora, M\u00e9xico y el Mundo de manera oportuna y busca que la libertad de expresi\u00f3n sea real. Visita nuestro medio informativo publicado desde Hermosillo, Sonora. %","breadcrumb":{"@id":"https:\/\/www.sonoraenequipo.com.mx\/idea-observara-proceso-electoral-en-el-pjf-mexicano\/#breadcrumb"},"inLanguage":"es","potentialAction":[{"@type":"ReadAction","target":["https:\/\/www.sonoraenequipo.com.mx\/idea-observara-proceso-electoral-en-el-pjf-mexicano\/"]}]},{"@type":"ImageObject","inLanguage":"es","@id":"https:\/\/www.sonoraenequipo.com.mx\/idea-observara-proceso-electoral-en-el-pjf-mexicano\/#primaryimage","url":"https:\/\/www.sonoraenequipo.com.mx\/storage\/2025\/05\/observador.jpg","contentUrl":"https:\/\/www.sonoraenequipo.com.mx\/storage\/2025\/05\/observador.jpg","width":612,"height":408,"caption":"observador: cr\u00e9dito Istock"},{"@type":"BreadcrumbList","@id":"https:\/\/www.sonoraenequipo.com.mx\/idea-observara-proceso-electoral-en-el-pjf-mexicano\/#breadcrumb","itemListElement":[{"@type":"ListItem","position":1,"name":"Portada","item":"https:\/\/www.sonoraenequipo.com.mx\/"},{"@type":"ListItem","position":2,"name":"IDEA observar\u00e1 proceso electoral en el PJF mexicano"}]},{"@type":"WebSite","@id":"https:\/\/www.sonoraenequipo.com.mx\/#website","url":"https:\/\/www.sonoraenequipo.com.mx\/","name":"Sonora en Equipo.","description":"Diario en l\u00ednea con Noticias desde Hermosillo, Sonora","publisher":{"@id":"https:\/\/www.sonoraenequipo.com.mx\/#organization"},"potentialAction":[{"@type":"SearchAction","target":{"@type":"EntryPoint","urlTemplate":"https:\/\/www.sonoraenequipo.com.mx\/?s={search_term_string}"},"query-input":{"@type":"PropertyValueSpecification","valueRequired":true,"valueName":"search_term_string"}}],"inLanguage":"es"},{"@type":"Organization","@id":"https:\/\/www.sonoraenequipo.com.mx\/#organization","name":"Sonoraenequipo.com.mx","url":"https:\/\/www.sonoraenequipo.com.mx\/","logo":{"@type":"ImageObject","inLanguage":"es","@id":"https:\/\/www.sonoraenequipo.com.mx\/#\/schema\/logo\/image\/","url":"https:\/\/www.sonoraenequipo.com.mx\/storage\/2019\/01\/sonoraenequipo_opt.png","contentUrl":"https:\/\/www.sonoraenequipo.com.mx\/storage\/2019\/01\/sonoraenequipo_opt.png","width":375,"height":125,"caption":"Sonoraenequipo.com.mx"},"image":{"@id":"https:\/\/www.sonoraenequipo.com.mx\/#\/schema\/logo\/image\/"},"sameAs":["https:\/\/www.facebook.com\/SonoraEE\/","https:\/\/x.com\/sonoraenequipo","https:\/\/www.youtube.com\/channel\/UC338nW-lPEYmJQs4ZABQ1SQ"]},{"@type":"Person","@id":"https:\/\/www.sonoraenequipo.com.mx\/#\/schema\/person\/50102df0fb23a8fa9e8effad8fa81386","name":"enequipo","image":{"@type":"ImageObject","inLanguage":"es","@id":"https:\/\/www.sonoraenequipo.com.mx\/#\/schema\/person\/image\/","url":"https:\/\/secure.gravatar.com\/avatar\/049821681b589dabc0bc20695993ccebb09f5b5d4d790cd9251b97faac7c652b?s=96&d=blank&r=g","contentUrl":"https:\/\/secure.gravatar.com\/avatar\/049821681b589dabc0bc20695993ccebb09f5b5d4d790cd9251b97faac7c652b?s=96&d=blank&r=g","caption":"enequipo"},"sameAs":["https:\/\/www.facebook.com\/SonoraEE"]}]}},"jetpack_featured_media_url":"https:\/\/www.sonoraenequipo.com.mx\/storage\/2025\/05\/observador.jpg","_links":{"self":[{"href":"https:\/\/www.sonoraenequipo.com.mx\/api\/wp\/v2\/posts\/215191","targetHints":{"allow":["GET"]}}],"collection":[{"href":"https:\/\/www.sonoraenequipo.com.mx\/api\/wp\/v2\/posts"}],"about":[{"href":"https:\/\/www.sonoraenequipo.com.mx\/api\/wp\/v2\/types\/post"}],"author":[{"embeddable":true,"href":"https:\/\/www.sonoraenequipo.com.mx\/api\/wp\/v2\/users\/1"}],"replies":[{"embeddable":true,"href":"https:\/\/www.sonoraenequipo.com.mx\/api\/wp\/v2\/comments?post=215191"}],"version-history":[{"count":1,"href":"https:\/\/www.sonoraenequipo.com.mx\/api\/wp\/v2\/posts\/215191\/revisions"}],"predecessor-version":[{"id":215193,"href":"https:\/\/www.sonoraenequipo.com.mx\/api\/wp\/v2\/posts\/215191\/revisions\/215193"}],"wp:featuredmedia":[{"embeddable":true,"href":"https:\/\/www.sonoraenequipo.com.mx\/api\/wp\/v2\/media\/215192"}],"wp:attachment":[{"href":"https:\/\/www.sonoraenequipo.com.mx\/api\/wp\/v2\/media?parent=215191"}],"wp:term":[{"taxonomy":"category","embeddable":true,"href":"https:\/\/www.sonoraenequipo.com.mx\/api\/wp\/v2\/categories?post=215191"},{"taxonomy":"post_tag","embeddable":true,"href":"https:\/\/www.sonoraenequipo.com.mx\/api\/wp\/v2\/tags?post=215191"}],"curies":[{"name":"wp","href":"https:\/\/api.w.org\/{rel}","templated":true}]}}