{"id":215205,"date":"2025-05-11T16:29:25","date_gmt":"2025-05-11T23:29:25","guid":{"rendered":"https:\/\/www.sonoraenequipo.com.mx\/?p=215205"},"modified":"2025-05-11T16:29:25","modified_gmt":"2025-05-11T23:29:25","slug":"adolescentes-con-problemas-de-salud-mental-pasan-mas-tiempo-en-redes-sociales-revela-estudio","status":"publish","type":"post","link":"https:\/\/www.sonoraenequipo.com.mx\/adolescentes-con-problemas-de-salud-mental-pasan-mas-tiempo-en-redes-sociales-revela-estudio\/","title":{"rendered":"Adolescentes con problemas de salud mental pasan m\u00e1s tiempo en redes sociales, revela estudio"},"content":{"rendered":"<p>Los j\u00f3venes con un trastorno psicol\u00f3gico diagnosticado utilizan las redes un promedio de unos 50 minutos m\u00e1s al d\u00eda en comparaci\u00f3n con aquellos sin estas afecciones. Tambi\u00e9n reportan una mayor insatisfacci\u00f3n con el n\u00famero de amigos en l\u00ednea y se ven m\u00e1s afectados por los \u2018me gusta\u2019 y comentarios que reciben, seg\u00fan un estudio de Cambridge.<\/p>\n<p>Los j\u00f3venes con problemas como ansiedad y depresi\u00f3n son m\u00e1s propensos a compararse con otros en las redes sociales, sentir una falta de autocontrol sobre el tiempo de que pasan en las plataformas, as\u00ed como cambios de humor debido a los comentarios. \/ Freepick<\/p>\n<p>Un equipo de la Universidad de Cambridge (Reino Unido) ha llevado a cabo un estudio que se\u00f1ala que los efectos de las redes sociales son m\u00e1s pernicioso en adolescentes con trastornos psicol\u00f3gicos diagnosticado, como ansiedad o depresi\u00f3n.<\/p>\n<p>&nbsp;<\/p>\n<p>Seg\u00fan este estudio, publicado en Nature Human Behaviour, los j\u00f3venes con estos problemas son m\u00e1s propensos a compararse con otros en las redes sociales, sentir una falta de autocontrol sobre el tiempo de que pasan en las plataformas, as\u00ed como cambios de humor debido a los\u00a0 \u2018me gusta\u2019 y comentarios recibidos.<\/p>\n<p>&nbsp;<\/p>\n<p>Los investigadores descubrieron que los adolescentes con alg\u00fan problema de salud mental informan que pasan m\u00e1s tiempo en las redes sociales que aquellos sin dicho problema. Esto equivale a un promedio de aproximadamente 50 minutos diarios adicionales.<\/p>\n<p>&nbsp;<\/p>\n<p>El trabajo analiz\u00f3 datos de una encuesta a 3 340 adolescentes en el Reino Unido de entre 11 y 19 a\u00f1os.<\/p>\n<p><strong>Diferencias en el uso<\/strong><\/p>\n<p>El estudio, dirigido por la Unidad de Ciencias del Cerebro y la Cognici\u00f3n del Consejo de Investigaci\u00f3n M\u00e9dica de Cambridge (MRC CBU), analiz\u00f3 datos de una encuesta a 3 340 adolescentes en el Reino Unido de entre 11 y 19 a\u00f1os, realizada por NHS Digital en 2017.<\/p>\n<p>&nbsp;<\/p>\n<p>Los participantes contaron con evaluaciones cl\u00ednicas de salud mental elaboradas por profesionales, quienes entrevistaron a los j\u00f3venes, junto con sus padres y profesores en algunos casos, para estudiar el v\u00ednculo entre el uso de las redes sociales y la salud mental.<\/p>\n<p>&nbsp;<\/p>\n<p>Luisa Fassi, investigadora del MRC CBU de Cambridge y autora principal del estudio, explica que las personas con s\u00edntomas de salud mental no suelen ser el foco de an\u00e1lisis de este tipo de investigaciones. Sin embargo, destaca que este trabajo \u201cno establece un v\u00ednculo causal, pero s\u00ed muestra que los j\u00f3venes con problemas de salud mental utilizan las redes sociales de manera diferente que los j\u00f3venes sin este tipo de trastornos\u201d.<\/p>\n<p>&nbsp;<\/p>\n<p>Esto podr\u00eda deberse a que estas afecciones influyen en la forma en que los adolescentes interact\u00faan con las plataformas en l\u00ednea, o quiz\u00e1s el uso de las redes sociales contribuye a sus s\u00edntomas. En esta etapa, no se puede determinar qu\u00e9 ocurre primero, solo que existen estas diferencias, se\u00f1alan los autores.<\/p>\n<p>&nbsp;<\/p>\n<p>Las afecciones de salud mental influyen en la forma en que los adolescentes interact\u00faan con las plataformas en l\u00ednea, o quiz\u00e1s el uso de las redes sociales contribuye a sus s\u00edntomas<\/p>\n<p>&nbsp;<\/p>\n<p>&nbsp;<\/p>\n<p>Los criterios de referencia para el estudio, bas\u00e1ndose en investigaciones previas, fueron solo los niveles comparables de asociaci\u00f3n entre el sue\u00f1o y el ejercicio en personas con y sin problemas psicol\u00f3gicos.<\/p>\n<p>&nbsp;<\/p>\n<p>Si bien la salud mental se midi\u00f3 con evaluaciones a nivel cl\u00ednico, el uso de las redes sociales provino de cuestionarios completados por los participantes del estudio, a quienes no se les pregunt\u00f3 sobre plataformas espec\u00edficas.<\/p>\n<p>&nbsp;<\/p>\n<p>Adem\u00e1s del tiempo dedicado a las redes sociales, todos los problemas de salud mental se relacionaron con una mayor insatisfacci\u00f3n con el n\u00famero de amigos en l\u00ednea. \u201cLas amistades son cruciales durante la adolescencia, ya que moldean el desarrollo de la identidad\u201d, afirma Fassi.<\/p>\n<p><strong>Comparaci\u00f3n negativa<\/strong><\/p>\n<p>Las plataformas de redes sociales cuantifican el nivel de amistades a trav\u00e9s de los seguidores, lo que hace que las comparaciones sociales sean m\u00e1s evidentes. Para los j\u00f3venes con problemas de salud mental, esto puede aumentar los sentimientos de rechazo o incompetencia.<\/p>\n<p>&nbsp;<\/p>\n<p>Asimismo, \u201cLos adolescentes con s\u00edntomas suelen tener una autoestima m\u00e1s baja, por lo que es posible tiendan a comprarse de forma negativa y empeorar sus s\u00edntomas\u201d, declara la investigadora Luisa Fassi.<\/p>\n<p>&nbsp;<\/p>\n<p>Los investigadores analizaron las diferencias en el uso de las redes sociales entre j\u00f3venes con afecciones como ansiedad, depresi\u00f3n o trastorno de estr\u00e9s postraum\u00e1tico, y aquellos con diagn\u00f3sticos como TDAH o problemas de conducta.<\/p>\n<p>&nbsp;<\/p>\n<p>La mayor\u00eda de las diferencias en el uso de las redes sociales fueron reportadas por j\u00f3venes con trastornos como la ansiedad o la depresi\u00f3n, conocidos como trastornos \u2018internalizantes\u2019, ya que sus s\u00edntomas tienden a dirigirse hacia el interior, afectando principalmente el mundo emocional. Por ejemplo, la \u2018comparaci\u00f3n social\u2019 (compararse con otros en l\u00ednea) fue el doble en este grupo (48 %, aproximadamente uno de cada dos) que en aquellos sin un diagn\u00f3stico de salud mental (24 %, aproximadamente uno de cada cuatro).<\/p>\n<p>&nbsp;<\/p>\n<p>&nbsp;<\/p>\n<p>La mayor\u00eda de las diferencias en el uso de las redes sociales fueron reportadas por j\u00f3venes con trastornos como la ansiedad o la depresi\u00f3n,<\/p>\n<p>&nbsp;<\/p>\n<p>Luisa Fassi, investigadora del MRC CBU de Cambridge<\/p>\n<p>&nbsp;<\/p>\n<p>&nbsp;<\/p>\n<p>\u201cSin embargo, no podemos afirmar si la comparaci\u00f3n social contribuye a los s\u00edntomas internalizantes, si esos s\u00edntomas conducen a una mayor comparaci\u00f3n o si un tercer factor explica ambos\u201d, subraya Fassi.<\/p>\n<p>&nbsp;<\/p>\n<p>Dichos j\u00f3venes tambi\u00e9n fueron m\u00e1s propensos a reportar cambios de humor en respuesta a comentarios en redes sociales (28 %, aproximadamente 1 de cada 4) en comparaci\u00f3n con aquellos sin un trastorno de salud mental (13 %, aproximadamente 1 de cada 8). Tambi\u00e9n reportaron menores niveles de autocontrol sobre el tiempo que pasan en redes sociales y una menor disposici\u00f3n a ser honestos sobre su estado emocional en l\u00ednea.<\/p>\n<p>&nbsp;<\/p>\n<p>En ese sentido, la misma investigadora aconseja formas de gesti\u00f3n del tiempo en redes como \u201cPor ejemplo, establecer l\u00edmites de tiempo diarios, desactivar notificaciones o programar momentos sin pantalla puede ayudar a fortalecer el autocontrol\u201d<\/p>\n<p>&nbsp;<\/p>\n<p>El patr\u00f3n de comparaci\u00f3n social presente en la vida cotidiana de los j\u00f3venes con ansiedad y depresi\u00f3n tambi\u00e9n se repite en el entorno digital<\/p>\n<p>&nbsp;<\/p>\n<p>Como conclusi\u00f3n, el estudio sugiere que el patr\u00f3n de comparaci\u00f3n social presente en la vida cotidiana de los j\u00f3venes con ansiedad y depresi\u00f3n tambi\u00e9n se repite en el entorno digital. Sin embargo, en cuanto al tiempo dedicado a las redes sociales, no se observaron grandes diferencias entre los j\u00f3venes con trastornos externalizantes (que se manifiestan en comportamientos hacia el exterior, como impulsividad o agresividad) y aquellos sin diagn\u00f3sticos.<\/p>\n<p><strong>Se necesitan m\u00e1s estudios<\/strong><\/p>\n<p>El trabajo subraya la importancia de investigar el impacto de las redes sociales en las personas con trastornos mentales. Especialmente en lo relativo a una posible relaci\u00f3n causal. \u201cSi no se incluyen estos grupos poco estudiados, corremos el riesgo de perder la perspectiva completa\u201d, subraya Fassi.<\/p>\n<p>&nbsp;<\/p>\n<p>Rina Dutta, catedr\u00e1tica de Psiquiatr\u00eda en el King&#8217;s College de Londres, que no participa en el estudio, ha declarado al SMC UK que, \u201ca pesar de que la investigaci\u00f3n es de buena calidad, se echa en falta la voz directa de los j\u00f3venes\u201d.<\/p>\n<p>&nbsp;<\/p>\n<p>Seg\u00fan Dutta, \u201caunque este estudio destaca los efectos negativos de las redes sociales, experiencias previas muestran tambi\u00e9n beneficios, como la reducci\u00f3n del aislamiento. La clave est\u00e1 en promover un uso seguro que favorezca la salud mental\u201d.<\/p>\n<p>&nbsp;<\/p>\n<p>Para Amy Orben, investigadora de Cambridge y coautora del estudio, \u201clos hallazgos del nuevo trabajo brindan informaci\u00f3n importante para la pr\u00e1ctica cl\u00ednica y podr\u00edan ayudar a proporcionar informaci\u00f3n para futuras pautas de intervenci\u00f3n temprana\u201d, explica .<\/p>\n<p>&nbsp;<\/p>\n<p>Sin embargo, esta investigaci\u00f3n apenas ha ara\u00f1ado la superficie de la compleja interacci\u00f3n entre el uso de las redes sociales y la salud mental. \u201cPara entender si las redes sociales contribuyen a los trastornos de salud mental, necesitamos estudios que vayan m\u00e1s all\u00e1 de las correlaciones\u201d, concluyen los autores.<\/p>\n<p><strong>Fecha de publicaci\u00f3n domingo 11 de mayo de 2025 \/Agencia Sinc<\/strong><\/p>\n<p>&nbsp;<\/p>\n","protected":false},"excerpt":{"rendered":"<p>Los j\u00f3venes con un trastorno psicol\u00f3gico diagnosticado utilizan las redes un promedio de unos 50&#8230;<\/p>\n","protected":false},"author":1,"featured_media":215206,"comment_status":"open","ping_status":"open","sticky":false,"template":"","format":"standard","meta":{"_monsterinsights_skip_tracking":false,"_monsterinsights_sitenote_active":false,"_monsterinsights_sitenote_note":"","_monsterinsights_sitenote_category":0,"footnotes":""},"categories":[2216],"tags":[],"class_list":["post"],"yoast_head":" \n<title>Sonora en Equipo. Adolescentes con problemas de salud mental pasan m\u00e1s tiempo en redes sociales, revela estudio Ciencia y Tecnolog\u00eda<\/title>\n<meta name=\"description\" content=\"Los j\u00f3venes con un trastorno psicol\u00f3gico diagnosticado utilizan las redes un promedio de unos 50 minutos m\u00e1s al d\u00eda en comparaci\u00f3n con aquellos sin estas En Sonora en Equipo publicamos toda la informaci\u00f3n de Sonora, M\u00e9xico y el Mundo de manera oportuna y busca que la libertad de expresi\u00f3n sea real. Visita nuestro medio informativo publicado desde Hermosillo, Sonora. %\" \/>\n<meta name=\"robots\" content=\"index, follow, max-snippet:-1, max-image-preview:large, max-video-preview:-1\" \/>\n<link rel=\"canonical\" href=\"https:\/\/www.sonoraenequipo.com.mx\/adolescentes-con-problemas-de-salud-mental-pasan-mas-tiempo-en-redes-sociales-revela-estudio\/\" \/>\n<meta property=\"og:locale\" content=\"es_ES\" \/>\n<meta property=\"og:type\" content=\"article\" \/>\n<meta property=\"og:title\" content=\"Sonora en Equipo. Adolescentes con problemas de salud mental pasan m\u00e1s tiempo en redes sociales, revela estudio Ciencia y Tecnolog\u00eda\" \/>\n<meta property=\"og:description\" content=\"Los j\u00f3venes con un trastorno psicol\u00f3gico diagnosticado utilizan las redes un promedio de unos 50 minutos m\u00e1s al d\u00eda en comparaci\u00f3n con aquellos sin estas En Sonora en Equipo publicamos toda la informaci\u00f3n de Sonora, M\u00e9xico y el Mundo de manera oportuna y busca que la libertad de expresi\u00f3n sea real. Visita nuestro medio informativo publicado desde Hermosillo, Sonora. %\" \/>\n<meta property=\"og:url\" content=\"https:\/\/www.sonoraenequipo.com.mx\/adolescentes-con-problemas-de-salud-mental-pasan-mas-tiempo-en-redes-sociales-revela-estudio\/\" \/>\n<meta property=\"og:site_name\" content=\"Sonora en Equipo.\" \/>\n<meta property=\"article:publisher\" content=\"https:\/\/www.facebook.com\/SonoraEE\/\" \/>\n<meta property=\"article:author\" content=\"https:\/\/www.facebook.com\/SonoraEE\" \/>\n<meta property=\"article:published_time\" content=\"2025-05-11T23:29:25+00:00\" \/>\n<meta property=\"og:image\" content=\"https:\/\/www.sonoraenequipo.com.mx\/storage\/2025\/05\/adolescente-con-celular.jpg\" \/>\n\t<meta property=\"og:image:width\" content=\"600\" \/>\n\t<meta property=\"og:image:height\" content=\"399\" \/>\n\t<meta property=\"og:image:type\" content=\"image\/jpeg\" \/>\n<meta name=\"author\" content=\"enequipo\" \/>\n<meta name=\"twitter:card\" content=\"summary_large_image\" \/>\n<meta name=\"twitter:creator\" content=\"@sonoraenequipo\" \/>\n<meta name=\"twitter:site\" content=\"@sonoraenequipo\" \/>\n<meta name=\"twitter:label1\" content=\"Escrito por\" \/>\n\t<meta name=\"twitter:data1\" content=\"enequipo\" \/>\n\t<meta name=\"twitter:label2\" content=\"Tiempo de lectura\" \/>\n\t<meta name=\"twitter:data2\" content=\"7 minutos\" \/>\n<script type=\"application\/ld+json\" class=\"yoast-schema-graph\">{\"@context\":\"https:\/\/schema.org\",\"@graph\":[{\"@type\":\"Article\",\"@id\":\"https:\/\/www.sonoraenequipo.com.mx\/adolescentes-con-problemas-de-salud-mental-pasan-mas-tiempo-en-redes-sociales-revela-estudio\/#article\",\"isPartOf\":{\"@id\":\"https:\/\/www.sonoraenequipo.com.mx\/adolescentes-con-problemas-de-salud-mental-pasan-mas-tiempo-en-redes-sociales-revela-estudio\/\"},\"author\":{\"name\":\"enequipo\",\"@id\":\"https:\/\/www.sonoraenequipo.com.mx\/#\/schema\/person\/50102df0fb23a8fa9e8effad8fa81386\"},\"headline\":\"Adolescentes con problemas de salud mental pasan m\u00e1s tiempo en redes sociales, revela estudio\",\"datePublished\":\"2025-05-11T23:29:25+00:00\",\"mainEntityOfPage\":{\"@id\":\"https:\/\/www.sonoraenequipo.com.mx\/adolescentes-con-problemas-de-salud-mental-pasan-mas-tiempo-en-redes-sociales-revela-estudio\/\"},\"wordCount\":1418,\"commentCount\":0,\"publisher\":{\"@id\":\"https:\/\/www.sonoraenequipo.com.mx\/#organization\"},\"image\":{\"@id\":\"https:\/\/www.sonoraenequipo.com.mx\/adolescentes-con-problemas-de-salud-mental-pasan-mas-tiempo-en-redes-sociales-revela-estudio\/#primaryimage\"},\"thumbnailUrl\":\"https:\/\/www.sonoraenequipo.com.mx\/storage\/2025\/05\/adolescente-con-celular.jpg\",\"articleSection\":[\"Ciencia y Tecnolog\u00eda\"],\"inLanguage\":\"es\",\"potentialAction\":[{\"@type\":\"CommentAction\",\"name\":\"Comment\",\"target\":[\"https:\/\/www.sonoraenequipo.com.mx\/adolescentes-con-problemas-de-salud-mental-pasan-mas-tiempo-en-redes-sociales-revela-estudio\/#respond\"]}]},{\"@type\":\"WebPage\",\"@id\":\"https:\/\/www.sonoraenequipo.com.mx\/adolescentes-con-problemas-de-salud-mental-pasan-mas-tiempo-en-redes-sociales-revela-estudio\/\",\"url\":\"https:\/\/www.sonoraenequipo.com.mx\/adolescentes-con-problemas-de-salud-mental-pasan-mas-tiempo-en-redes-sociales-revela-estudio\/\",\"name\":\"Sonora en Equipo. Adolescentes con problemas de salud mental pasan m\u00e1s tiempo en redes sociales, revela estudio Ciencia y Tecnolog\u00eda\",\"isPartOf\":{\"@id\":\"https:\/\/www.sonoraenequipo.com.mx\/#website\"},\"primaryImageOfPage\":{\"@id\":\"https:\/\/www.sonoraenequipo.com.mx\/adolescentes-con-problemas-de-salud-mental-pasan-mas-tiempo-en-redes-sociales-revela-estudio\/#primaryimage\"},\"image\":{\"@id\":\"https:\/\/www.sonoraenequipo.com.mx\/adolescentes-con-problemas-de-salud-mental-pasan-mas-tiempo-en-redes-sociales-revela-estudio\/#primaryimage\"},\"thumbnailUrl\":\"https:\/\/www.sonoraenequipo.com.mx\/storage\/2025\/05\/adolescente-con-celular.jpg\",\"datePublished\":\"2025-05-11T23:29:25+00:00\",\"description\":\"Los j\u00f3venes con un trastorno psicol\u00f3gico diagnosticado utilizan las redes un promedio de unos 50 minutos m\u00e1s al d\u00eda en comparaci\u00f3n con aquellos sin estas En Sonora en Equipo publicamos toda la informaci\u00f3n de Sonora, M\u00e9xico y el Mundo de manera oportuna y busca que la libertad de expresi\u00f3n sea real. Visita nuestro medio informativo publicado desde Hermosillo, Sonora. %\",\"breadcrumb\":{\"@id\":\"https:\/\/www.sonoraenequipo.com.mx\/adolescentes-con-problemas-de-salud-mental-pasan-mas-tiempo-en-redes-sociales-revela-estudio\/#breadcrumb\"},\"inLanguage\":\"es\",\"potentialAction\":[{\"@type\":\"ReadAction\",\"target\":[\"https:\/\/www.sonoraenequipo.com.mx\/adolescentes-con-problemas-de-salud-mental-pasan-mas-tiempo-en-redes-sociales-revela-estudio\/\"]}]},{\"@type\":\"ImageObject\",\"inLanguage\":\"es\",\"@id\":\"https:\/\/www.sonoraenequipo.com.mx\/adolescentes-con-problemas-de-salud-mental-pasan-mas-tiempo-en-redes-sociales-revela-estudio\/#primaryimage\",\"url\":\"https:\/\/www.sonoraenequipo.com.mx\/storage\/2025\/05\/adolescente-con-celular.jpg\",\"contentUrl\":\"https:\/\/www.sonoraenequipo.com.mx\/storage\/2025\/05\/adolescente-con-celular.jpg\",\"width\":600,\"height\":399,\"caption\":\"Jovencita con celular.Imagen: cortes\u00eda\"},{\"@type\":\"BreadcrumbList\",\"@id\":\"https:\/\/www.sonoraenequipo.com.mx\/adolescentes-con-problemas-de-salud-mental-pasan-mas-tiempo-en-redes-sociales-revela-estudio\/#breadcrumb\",\"itemListElement\":[{\"@type\":\"ListItem\",\"position\":1,\"name\":\"Portada\",\"item\":\"https:\/\/www.sonoraenequipo.com.mx\/\"},{\"@type\":\"ListItem\",\"position\":2,\"name\":\"Adolescentes con problemas de salud mental pasan m\u00e1s tiempo en redes sociales, revela estudio\"}]},{\"@type\":\"WebSite\",\"@id\":\"https:\/\/www.sonoraenequipo.com.mx\/#website\",\"url\":\"https:\/\/www.sonoraenequipo.com.mx\/\",\"name\":\"Sonora en Equipo.\",\"description\":\"Diario en l\u00ednea con Noticias desde Hermosillo, Sonora\",\"publisher\":{\"@id\":\"https:\/\/www.sonoraenequipo.com.mx\/#organization\"},\"potentialAction\":[{\"@type\":\"SearchAction\",\"target\":{\"@type\":\"EntryPoint\",\"urlTemplate\":\"https:\/\/www.sonoraenequipo.com.mx\/?s={search_term_string}\"},\"query-input\":{\"@type\":\"PropertyValueSpecification\",\"valueRequired\":true,\"valueName\":\"search_term_string\"}}],\"inLanguage\":\"es\"},{\"@type\":\"Organization\",\"@id\":\"https:\/\/www.sonoraenequipo.com.mx\/#organization\",\"name\":\"Sonoraenequipo.com.mx\",\"url\":\"https:\/\/www.sonoraenequipo.com.mx\/\",\"logo\":{\"@type\":\"ImageObject\",\"inLanguage\":\"es\",\"@id\":\"https:\/\/www.sonoraenequipo.com.mx\/#\/schema\/logo\/image\/\",\"url\":\"https:\/\/www.sonoraenequipo.com.mx\/storage\/2019\/01\/sonoraenequipo_opt.png\",\"contentUrl\":\"https:\/\/www.sonoraenequipo.com.mx\/storage\/2019\/01\/sonoraenequipo_opt.png\",\"width\":375,\"height\":125,\"caption\":\"Sonoraenequipo.com.mx\"},\"image\":{\"@id\":\"https:\/\/www.sonoraenequipo.com.mx\/#\/schema\/logo\/image\/\"},\"sameAs\":[\"https:\/\/www.facebook.com\/SonoraEE\/\",\"https:\/\/x.com\/sonoraenequipo\",\"https:\/\/www.youtube.com\/channel\/UC338nW-lPEYmJQs4ZABQ1SQ\"]},{\"@type\":\"Person\",\"@id\":\"https:\/\/www.sonoraenequipo.com.mx\/#\/schema\/person\/50102df0fb23a8fa9e8effad8fa81386\",\"name\":\"enequipo\",\"image\":{\"@type\":\"ImageObject\",\"inLanguage\":\"es\",\"@id\":\"https:\/\/www.sonoraenequipo.com.mx\/#\/schema\/person\/image\/\",\"url\":\"https:\/\/secure.gravatar.com\/avatar\/049821681b589dabc0bc20695993ccebb09f5b5d4d790cd9251b97faac7c652b?s=96&d=blank&r=g\",\"contentUrl\":\"https:\/\/secure.gravatar.com\/avatar\/049821681b589dabc0bc20695993ccebb09f5b5d4d790cd9251b97faac7c652b?s=96&d=blank&r=g\",\"caption\":\"enequipo\"},\"sameAs\":[\"https:\/\/www.facebook.com\/SonoraEE\"]}]}<\/script>\n ","yoast_head_json":{"title":"Sonora en Equipo. Adolescentes con problemas de salud mental pasan m\u00e1s tiempo en redes sociales, revela estudio Ciencia y Tecnolog\u00eda","description":"Los j\u00f3venes con un trastorno psicol\u00f3gico diagnosticado utilizan las redes un promedio de unos 50 minutos m\u00e1s al d\u00eda en comparaci\u00f3n con aquellos sin estas En Sonora en Equipo publicamos toda la informaci\u00f3n de Sonora, M\u00e9xico y el Mundo de manera oportuna y busca que la libertad de expresi\u00f3n sea real. Visita nuestro medio informativo publicado desde Hermosillo, Sonora. %","robots":{"index":"index","follow":"follow","max-snippet":"max-snippet:-1","max-image-preview":"max-image-preview:large","max-video-preview":"max-video-preview:-1"},"canonical":"https:\/\/www.sonoraenequipo.com.mx\/adolescentes-con-problemas-de-salud-mental-pasan-mas-tiempo-en-redes-sociales-revela-estudio\/","og_locale":"es_ES","og_type":"article","og_title":"Sonora en Equipo. Adolescentes con problemas de salud mental pasan m\u00e1s tiempo en redes sociales, revela estudio Ciencia y Tecnolog\u00eda","og_description":"Los j\u00f3venes con un trastorno psicol\u00f3gico diagnosticado utilizan las redes un promedio de unos 50 minutos m\u00e1s al d\u00eda en comparaci\u00f3n con aquellos sin estas En Sonora en Equipo publicamos toda la informaci\u00f3n de Sonora, M\u00e9xico y el Mundo de manera oportuna y busca que la libertad de expresi\u00f3n sea real. Visita nuestro medio informativo publicado desde Hermosillo, Sonora. %","og_url":"https:\/\/www.sonoraenequipo.com.mx\/adolescentes-con-problemas-de-salud-mental-pasan-mas-tiempo-en-redes-sociales-revela-estudio\/","og_site_name":"Sonora en Equipo.","article_publisher":"https:\/\/www.facebook.com\/SonoraEE\/","article_author":"https:\/\/www.facebook.com\/SonoraEE","article_published_time":"2025-05-11T23:29:25+00:00","og_image":[{"width":600,"height":399,"url":"https:\/\/www.sonoraenequipo.com.mx\/storage\/2025\/05\/adolescente-con-celular.jpg","type":"image\/jpeg"}],"author":"enequipo","twitter_card":"summary_large_image","twitter_creator":"@sonoraenequipo","twitter_site":"@sonoraenequipo","twitter_misc":{"Escrito por":"enequipo","Tiempo de lectura":"7 minutos"},"schema":{"@context":"https:\/\/schema.org","@graph":[{"@type":"Article","@id":"https:\/\/www.sonoraenequipo.com.mx\/adolescentes-con-problemas-de-salud-mental-pasan-mas-tiempo-en-redes-sociales-revela-estudio\/#article","isPartOf":{"@id":"https:\/\/www.sonoraenequipo.com.mx\/adolescentes-con-problemas-de-salud-mental-pasan-mas-tiempo-en-redes-sociales-revela-estudio\/"},"author":{"name":"enequipo","@id":"https:\/\/www.sonoraenequipo.com.mx\/#\/schema\/person\/50102df0fb23a8fa9e8effad8fa81386"},"headline":"Adolescentes con problemas de salud mental pasan m\u00e1s tiempo en redes sociales, revela estudio","datePublished":"2025-05-11T23:29:25+00:00","mainEntityOfPage":{"@id":"https:\/\/www.sonoraenequipo.com.mx\/adolescentes-con-problemas-de-salud-mental-pasan-mas-tiempo-en-redes-sociales-revela-estudio\/"},"wordCount":1418,"commentCount":0,"publisher":{"@id":"https:\/\/www.sonoraenequipo.com.mx\/#organization"},"image":{"@id":"https:\/\/www.sonoraenequipo.com.mx\/adolescentes-con-problemas-de-salud-mental-pasan-mas-tiempo-en-redes-sociales-revela-estudio\/#primaryimage"},"thumbnailUrl":"https:\/\/www.sonoraenequipo.com.mx\/storage\/2025\/05\/adolescente-con-celular.jpg","articleSection":["Ciencia y Tecnolog\u00eda"],"inLanguage":"es","potentialAction":[{"@type":"CommentAction","name":"Comment","target":["https:\/\/www.sonoraenequipo.com.mx\/adolescentes-con-problemas-de-salud-mental-pasan-mas-tiempo-en-redes-sociales-revela-estudio\/#respond"]}]},{"@type":"WebPage","@id":"https:\/\/www.sonoraenequipo.com.mx\/adolescentes-con-problemas-de-salud-mental-pasan-mas-tiempo-en-redes-sociales-revela-estudio\/","url":"https:\/\/www.sonoraenequipo.com.mx\/adolescentes-con-problemas-de-salud-mental-pasan-mas-tiempo-en-redes-sociales-revela-estudio\/","name":"Sonora en Equipo. Adolescentes con problemas de salud mental pasan m\u00e1s tiempo en redes sociales, revela estudio Ciencia y Tecnolog\u00eda","isPartOf":{"@id":"https:\/\/www.sonoraenequipo.com.mx\/#website"},"primaryImageOfPage":{"@id":"https:\/\/www.sonoraenequipo.com.mx\/adolescentes-con-problemas-de-salud-mental-pasan-mas-tiempo-en-redes-sociales-revela-estudio\/#primaryimage"},"image":{"@id":"https:\/\/www.sonoraenequipo.com.mx\/adolescentes-con-problemas-de-salud-mental-pasan-mas-tiempo-en-redes-sociales-revela-estudio\/#primaryimage"},"thumbnailUrl":"https:\/\/www.sonoraenequipo.com.mx\/storage\/2025\/05\/adolescente-con-celular.jpg","datePublished":"2025-05-11T23:29:25+00:00","description":"Los j\u00f3venes con un trastorno psicol\u00f3gico diagnosticado utilizan las redes un promedio de unos 50 minutos m\u00e1s al d\u00eda en comparaci\u00f3n con aquellos sin estas En Sonora en Equipo publicamos toda la informaci\u00f3n de Sonora, M\u00e9xico y el Mundo de manera oportuna y busca que la libertad de expresi\u00f3n sea real. Visita nuestro medio informativo publicado desde Hermosillo, Sonora. %","breadcrumb":{"@id":"https:\/\/www.sonoraenequipo.com.mx\/adolescentes-con-problemas-de-salud-mental-pasan-mas-tiempo-en-redes-sociales-revela-estudio\/#breadcrumb"},"inLanguage":"es","potentialAction":[{"@type":"ReadAction","target":["https:\/\/www.sonoraenequipo.com.mx\/adolescentes-con-problemas-de-salud-mental-pasan-mas-tiempo-en-redes-sociales-revela-estudio\/"]}]},{"@type":"ImageObject","inLanguage":"es","@id":"https:\/\/www.sonoraenequipo.com.mx\/adolescentes-con-problemas-de-salud-mental-pasan-mas-tiempo-en-redes-sociales-revela-estudio\/#primaryimage","url":"https:\/\/www.sonoraenequipo.com.mx\/storage\/2025\/05\/adolescente-con-celular.jpg","contentUrl":"https:\/\/www.sonoraenequipo.com.mx\/storage\/2025\/05\/adolescente-con-celular.jpg","width":600,"height":399,"caption":"Jovencita con celular.Imagen: cortes\u00eda"},{"@type":"BreadcrumbList","@id":"https:\/\/www.sonoraenequipo.com.mx\/adolescentes-con-problemas-de-salud-mental-pasan-mas-tiempo-en-redes-sociales-revela-estudio\/#breadcrumb","itemListElement":[{"@type":"ListItem","position":1,"name":"Portada","item":"https:\/\/www.sonoraenequipo.com.mx\/"},{"@type":"ListItem","position":2,"name":"Adolescentes con problemas de salud mental pasan m\u00e1s tiempo en redes sociales, revela estudio"}]},{"@type":"WebSite","@id":"https:\/\/www.sonoraenequipo.com.mx\/#website","url":"https:\/\/www.sonoraenequipo.com.mx\/","name":"Sonora en Equipo.","description":"Diario en l\u00ednea con Noticias desde Hermosillo, Sonora","publisher":{"@id":"https:\/\/www.sonoraenequipo.com.mx\/#organization"},"potentialAction":[{"@type":"SearchAction","target":{"@type":"EntryPoint","urlTemplate":"https:\/\/www.sonoraenequipo.com.mx\/?s={search_term_string}"},"query-input":{"@type":"PropertyValueSpecification","valueRequired":true,"valueName":"search_term_string"}}],"inLanguage":"es"},{"@type":"Organization","@id":"https:\/\/www.sonoraenequipo.com.mx\/#organization","name":"Sonoraenequipo.com.mx","url":"https:\/\/www.sonoraenequipo.com.mx\/","logo":{"@type":"ImageObject","inLanguage":"es","@id":"https:\/\/www.sonoraenequipo.com.mx\/#\/schema\/logo\/image\/","url":"https:\/\/www.sonoraenequipo.com.mx\/storage\/2019\/01\/sonoraenequipo_opt.png","contentUrl":"https:\/\/www.sonoraenequipo.com.mx\/storage\/2019\/01\/sonoraenequipo_opt.png","width":375,"height":125,"caption":"Sonoraenequipo.com.mx"},"image":{"@id":"https:\/\/www.sonoraenequipo.com.mx\/#\/schema\/logo\/image\/"},"sameAs":["https:\/\/www.facebook.com\/SonoraEE\/","https:\/\/x.com\/sonoraenequipo","https:\/\/www.youtube.com\/channel\/UC338nW-lPEYmJQs4ZABQ1SQ"]},{"@type":"Person","@id":"https:\/\/www.sonoraenequipo.com.mx\/#\/schema\/person\/50102df0fb23a8fa9e8effad8fa81386","name":"enequipo","image":{"@type":"ImageObject","inLanguage":"es","@id":"https:\/\/www.sonoraenequipo.com.mx\/#\/schema\/person\/image\/","url":"https:\/\/secure.gravatar.com\/avatar\/049821681b589dabc0bc20695993ccebb09f5b5d4d790cd9251b97faac7c652b?s=96&d=blank&r=g","contentUrl":"https:\/\/secure.gravatar.com\/avatar\/049821681b589dabc0bc20695993ccebb09f5b5d4d790cd9251b97faac7c652b?s=96&d=blank&r=g","caption":"enequipo"},"sameAs":["https:\/\/www.facebook.com\/SonoraEE"]}]}},"jetpack_featured_media_url":"https:\/\/www.sonoraenequipo.com.mx\/storage\/2025\/05\/adolescente-con-celular.jpg","_links":{"self":[{"href":"https:\/\/www.sonoraenequipo.com.mx\/api\/wp\/v2\/posts\/215205","targetHints":{"allow":["GET"]}}],"collection":[{"href":"https:\/\/www.sonoraenequipo.com.mx\/api\/wp\/v2\/posts"}],"about":[{"href":"https:\/\/www.sonoraenequipo.com.mx\/api\/wp\/v2\/types\/post"}],"author":[{"embeddable":true,"href":"https:\/\/www.sonoraenequipo.com.mx\/api\/wp\/v2\/users\/1"}],"replies":[{"embeddable":true,"href":"https:\/\/www.sonoraenequipo.com.mx\/api\/wp\/v2\/comments?post=215205"}],"version-history":[{"count":1,"href":"https:\/\/www.sonoraenequipo.com.mx\/api\/wp\/v2\/posts\/215205\/revisions"}],"predecessor-version":[{"id":215207,"href":"https:\/\/www.sonoraenequipo.com.mx\/api\/wp\/v2\/posts\/215205\/revisions\/215207"}],"wp:featuredmedia":[{"embeddable":true,"href":"https:\/\/www.sonoraenequipo.com.mx\/api\/wp\/v2\/media\/215206"}],"wp:attachment":[{"href":"https:\/\/www.sonoraenequipo.com.mx\/api\/wp\/v2\/media?parent=215205"}],"wp:term":[{"taxonomy":"category","embeddable":true,"href":"https:\/\/www.sonoraenequipo.com.mx\/api\/wp\/v2\/categories?post=215205"},{"taxonomy":"post_tag","embeddable":true,"href":"https:\/\/www.sonoraenequipo.com.mx\/api\/wp\/v2\/tags?post=215205"}],"curies":[{"name":"wp","href":"https:\/\/api.w.org\/{rel}","templated":true}]}}