{"id":215208,"date":"2025-05-11T17:13:02","date_gmt":"2025-05-12T00:13:02","guid":{"rendered":"https:\/\/www.sonoraenequipo.com.mx\/?p=215208"},"modified":"2025-05-11T17:13:02","modified_gmt":"2025-05-12T00:13:02","slug":"sera-homenajeado-guillermo-moreno-en-las-fiestas-del-pitic-2025","status":"publish","type":"post","link":"https:\/\/www.sonoraenequipo.com.mx\/sera-homenajeado-guillermo-moreno-en-las-fiestas-del-pitic-2025\/","title":{"rendered":"Ser\u00e1 homenajeado Guillermo Moreno en  las Fiestas del Pitic 2025"},"content":{"rendered":"<p>&nbsp;<\/p>\n<p><strong>HERMOSILLO, SONORA, MX. \u2014<\/strong> Como en los \u00faltimos a\u00f1os, las Fiestas del Pitic 2025 contar\u00e1n con la Ruta del Arte, que tendr\u00e1 exposiciones permanentes en 16 puntos de la ciudad, en la que rendir\u00e1n homenaje al fot\u00f3grafo hermosillense Guillermo Moreno.<\/p>\n<p>&nbsp;<\/p>\n<p>Durante los cuatro d\u00edas que se lleve a cabo la celebraci\u00f3n del aniversario 325 de Hermosillo, del 22 al 25 de mayo, estar\u00e1n disponibles las exposiciones en galer\u00edas y caf\u00e9s del Centro Hist\u00f3rico de la ciudad.<\/p>\n<p>&nbsp;<\/p>\n<p>En El Colegio de Sonora se exhibir\u00e1 una exposici\u00f3n fotogr\u00e1fica de Guillermo Moreno Egurrola denominada \u00ab70 a\u00f1os en esto de la Fotograf\u00eda\u00bb, la cual se inaugurar\u00e1 el lunes 19 de mayo a las 17:00 horas.<\/p>\n<p>&nbsp;<\/p>\n<p>Memo Moreno ha dedicado m\u00e1s de seis d\u00e9cadas a la fotograf\u00eda, un camino que inici\u00f3 el 25 de mayo de 1955 cuando Miguel \u00abEl G\u00fcero\u00bb Castro Serv\u00edn le pidi\u00f3 que tomara sus primeras im\u00e1genes. Desde entonces, ha perfeccionado su t\u00e9cnica mediante el estudio y la pr\u00e1ctica, compartiendo su conocimiento con quienes buscan mejorar su mirada fotogr\u00e1fica.<\/p>\n<p>&nbsp;<\/p>\n<p>A lo largo de su carrera, ha recibido m\u00faltiples reconocimientos, entre ellos los m\u00e1s recientes: un homenaje del Tecnol\u00f3gico de Monterrey en 2023 por sus 68 a\u00f1os como fot\u00f3grafo. Adem\u00e1s, el Gobierno del Estado de Sonora le otorg\u00f3 un reconocimiento en 2022 por su contribuci\u00f3n a la promoci\u00f3n del turismo sonorense.<\/p>\n<p>&nbsp;<\/p>\n<p>Memo Moreno vio en la fotograf\u00eda de paisajes una oportunidad para documentar y compartir la belleza de Sonora. Con el apoyo de su esposa Ana Lydia, emprendi\u00f3 uno de los proyectos m\u00e1s significativos de su trayectoria, combinando su pasi\u00f3n por la imagen con el disfrute de cada viaje y cada nueva escena capturada.<\/p>\n<p>&nbsp;<\/p>\n<p>Como parte de esta Ruta del Arte, el pr\u00f3ximo martes 13 de mayo, a las 19:00 horas en la Galer\u00eda Oasis 179, se inaugurar\u00e1n la exposici\u00f3n colectiva \u201cDraw &amp; Horror\u201d, de dibujo, ilustraci\u00f3n y pintura que re\u00fane a m\u00e1s de 60 artistas pl\u00e1sticos y la exposici\u00f3n \u201cPaisajes internos\u201d, del fot\u00f3grafo H\u00e9ctor Maldonado, obra que hace referencia a la identidad, a los paisajes internos y a la equidad.<\/p>\n<p>&nbsp;<\/p>\n<p>El mi\u00e9rcoles 14 de mayo, a las 19:00 horas se inaugurar\u00e1 la Exposici\u00f3n Artistas de Sonora en Galer\u00eda-Estudio Ozuna, donde se expondr\u00e1 obra de los artistas visuales Enrique Rodr\u00edguez, Gustavo Ozuna, Ruth Mayela Real, Jorge Ayala; Quetzalc\u00f3atl N\u00fa\u00f1ez, Melissa Campa, Carlos Gonz\u00e1lez Vega, Luis Dom\u00ednguez \u201cBekes\u201d, Abisai Valmen, OM, Carolina Parra, Dalila Mar, V\u00edctor Fontes \u201cVixer\u201d y David Ozuna.<\/p>\n<p><strong>Fecha de publicaci\u00f3n domingo 11 de mayo de 2025 \/<\/strong><\/p>\n<p>&nbsp;<\/p>\n","protected":false},"excerpt":{"rendered":"<p>&nbsp; HERMOSILLO, SONORA, MX. \u2014 Como en los \u00faltimos a\u00f1os, las Fiestas del Pitic 2025&#8230;<\/p>\n","protected":false},"author":1,"featured_media":215209,"comment_status":"open","ping_status":"open","sticky":false,"template":"","format":"standard","meta":{"_monsterinsights_skip_tracking":false,"_monsterinsights_sitenote_active":false,"_monsterinsights_sitenote_note":"","_monsterinsights_sitenote_category":0,"footnotes":""},"categories":[4],"tags":[],"class_list":["post"],"yoast_head":" \n<title>Sonora en Equipo. Ser\u00e1 homenajeado Guillermo Moreno en las Fiestas del Pitic 2025 Municipios<\/title>\n<meta name=\"description\" content=\"&nbsp; HERMOSILLO, SONORA, MX. \u2014 Como en los \u00faltimos a\u00f1os, las Fiestas del Pitic 2025 contar\u00e1n con la Ruta del Arte, que tendr\u00e1 exposiciones permanentes En Sonora en Equipo publicamos toda la informaci\u00f3n de Sonora, M\u00e9xico y el Mundo de manera oportuna y busca que la libertad de expresi\u00f3n sea real. Visita nuestro medio informativo publicado desde Hermosillo, Sonora. %\" \/>\n<meta name=\"robots\" content=\"index, follow, max-snippet:-1, max-image-preview:large, max-video-preview:-1\" \/>\n<link rel=\"canonical\" href=\"https:\/\/www.sonoraenequipo.com.mx\/sera-homenajeado-guillermo-moreno-en-las-fiestas-del-pitic-2025\/\" \/>\n<meta property=\"og:locale\" content=\"es_ES\" \/>\n<meta property=\"og:type\" content=\"article\" \/>\n<meta property=\"og:title\" content=\"Sonora en Equipo. Ser\u00e1 homenajeado Guillermo Moreno en las Fiestas del Pitic 2025 Municipios\" \/>\n<meta property=\"og:description\" content=\"&nbsp; HERMOSILLO, SONORA, MX. \u2014 Como en los \u00faltimos a\u00f1os, las Fiestas del Pitic 2025 contar\u00e1n con la Ruta del Arte, que tendr\u00e1 exposiciones permanentes En Sonora en Equipo publicamos toda la informaci\u00f3n de Sonora, M\u00e9xico y el Mundo de manera oportuna y busca que la libertad de expresi\u00f3n sea real. Visita nuestro medio informativo publicado desde Hermosillo, Sonora. %\" \/>\n<meta property=\"og:url\" content=\"https:\/\/www.sonoraenequipo.com.mx\/sera-homenajeado-guillermo-moreno-en-las-fiestas-del-pitic-2025\/\" \/>\n<meta property=\"og:site_name\" content=\"Sonora en Equipo.\" \/>\n<meta property=\"article:publisher\" content=\"https:\/\/www.facebook.com\/SonoraEE\/\" \/>\n<meta property=\"article:author\" content=\"https:\/\/www.facebook.com\/SonoraEE\" \/>\n<meta property=\"article:published_time\" content=\"2025-05-12T00:13:02+00:00\" \/>\n<meta property=\"og:image\" content=\"https:\/\/www.sonoraenequipo.com.mx\/storage\/2025\/05\/memo-moreno.jpg\" \/>\n\t<meta property=\"og:image:width\" content=\"600\" \/>\n\t<meta property=\"og:image:height\" content=\"400\" \/>\n\t<meta property=\"og:image:type\" content=\"image\/jpeg\" \/>\n<meta name=\"author\" content=\"enequipo\" \/>\n<meta name=\"twitter:card\" content=\"summary_large_image\" \/>\n<meta name=\"twitter:creator\" content=\"@sonoraenequipo\" \/>\n<meta name=\"twitter:site\" content=\"@sonoraenequipo\" \/>\n<meta name=\"twitter:label1\" content=\"Escrito por\" \/>\n\t<meta name=\"twitter:data1\" content=\"enequipo\" \/>\n\t<meta name=\"twitter:label2\" content=\"Tiempo de lectura\" \/>\n\t<meta name=\"twitter:data2\" content=\"2 minutos\" \/>\n<script type=\"application\/ld+json\" class=\"yoast-schema-graph\">{\"@context\":\"https:\/\/schema.org\",\"@graph\":[{\"@type\":\"Article\",\"@id\":\"https:\/\/www.sonoraenequipo.com.mx\/sera-homenajeado-guillermo-moreno-en-las-fiestas-del-pitic-2025\/#article\",\"isPartOf\":{\"@id\":\"https:\/\/www.sonoraenequipo.com.mx\/sera-homenajeado-guillermo-moreno-en-las-fiestas-del-pitic-2025\/\"},\"author\":{\"name\":\"enequipo\",\"@id\":\"https:\/\/www.sonoraenequipo.com.mx\/#\/schema\/person\/50102df0fb23a8fa9e8effad8fa81386\"},\"headline\":\"Ser\u00e1 homenajeado Guillermo Moreno en las Fiestas del Pitic 2025\",\"datePublished\":\"2025-05-12T00:13:02+00:00\",\"mainEntityOfPage\":{\"@id\":\"https:\/\/www.sonoraenequipo.com.mx\/sera-homenajeado-guillermo-moreno-en-las-fiestas-del-pitic-2025\/\"},\"wordCount\":457,\"commentCount\":0,\"publisher\":{\"@id\":\"https:\/\/www.sonoraenequipo.com.mx\/#organization\"},\"image\":{\"@id\":\"https:\/\/www.sonoraenequipo.com.mx\/sera-homenajeado-guillermo-moreno-en-las-fiestas-del-pitic-2025\/#primaryimage\"},\"thumbnailUrl\":\"https:\/\/www.sonoraenequipo.com.mx\/storage\/2025\/05\/memo-moreno.jpg\",\"articleSection\":[\"Municipios\"],\"inLanguage\":\"es\",\"potentialAction\":[{\"@type\":\"CommentAction\",\"name\":\"Comment\",\"target\":[\"https:\/\/www.sonoraenequipo.com.mx\/sera-homenajeado-guillermo-moreno-en-las-fiestas-del-pitic-2025\/#respond\"]}]},{\"@type\":\"WebPage\",\"@id\":\"https:\/\/www.sonoraenequipo.com.mx\/sera-homenajeado-guillermo-moreno-en-las-fiestas-del-pitic-2025\/\",\"url\":\"https:\/\/www.sonoraenequipo.com.mx\/sera-homenajeado-guillermo-moreno-en-las-fiestas-del-pitic-2025\/\",\"name\":\"Sonora en Equipo. Ser\u00e1 homenajeado Guillermo Moreno en las Fiestas del Pitic 2025 Municipios\",\"isPartOf\":{\"@id\":\"https:\/\/www.sonoraenequipo.com.mx\/#website\"},\"primaryImageOfPage\":{\"@id\":\"https:\/\/www.sonoraenequipo.com.mx\/sera-homenajeado-guillermo-moreno-en-las-fiestas-del-pitic-2025\/#primaryimage\"},\"image\":{\"@id\":\"https:\/\/www.sonoraenequipo.com.mx\/sera-homenajeado-guillermo-moreno-en-las-fiestas-del-pitic-2025\/#primaryimage\"},\"thumbnailUrl\":\"https:\/\/www.sonoraenequipo.com.mx\/storage\/2025\/05\/memo-moreno.jpg\",\"datePublished\":\"2025-05-12T00:13:02+00:00\",\"description\":\"&nbsp; HERMOSILLO, SONORA, MX. \u2014 Como en los \u00faltimos a\u00f1os, las Fiestas del Pitic 2025 contar\u00e1n con la Ruta del Arte, que tendr\u00e1 exposiciones permanentes En Sonora en Equipo publicamos toda la informaci\u00f3n de Sonora, M\u00e9xico y el Mundo de manera oportuna y busca que la libertad de expresi\u00f3n sea real. Visita nuestro medio informativo publicado desde Hermosillo, Sonora. %\",\"breadcrumb\":{\"@id\":\"https:\/\/www.sonoraenequipo.com.mx\/sera-homenajeado-guillermo-moreno-en-las-fiestas-del-pitic-2025\/#breadcrumb\"},\"inLanguage\":\"es\",\"potentialAction\":[{\"@type\":\"ReadAction\",\"target\":[\"https:\/\/www.sonoraenequipo.com.mx\/sera-homenajeado-guillermo-moreno-en-las-fiestas-del-pitic-2025\/\"]}]},{\"@type\":\"ImageObject\",\"inLanguage\":\"es\",\"@id\":\"https:\/\/www.sonoraenequipo.com.mx\/sera-homenajeado-guillermo-moreno-en-las-fiestas-del-pitic-2025\/#primaryimage\",\"url\":\"https:\/\/www.sonoraenequipo.com.mx\/storage\/2025\/05\/memo-moreno.jpg\",\"contentUrl\":\"https:\/\/www.sonoraenequipo.com.mx\/storage\/2025\/05\/memo-moreno.jpg\",\"width\":600,\"height\":400},{\"@type\":\"BreadcrumbList\",\"@id\":\"https:\/\/www.sonoraenequipo.com.mx\/sera-homenajeado-guillermo-moreno-en-las-fiestas-del-pitic-2025\/#breadcrumb\",\"itemListElement\":[{\"@type\":\"ListItem\",\"position\":1,\"name\":\"Portada\",\"item\":\"https:\/\/www.sonoraenequipo.com.mx\/\"},{\"@type\":\"ListItem\",\"position\":2,\"name\":\"Ser\u00e1 homenajeado Guillermo Moreno en las Fiestas del Pitic 2025\"}]},{\"@type\":\"WebSite\",\"@id\":\"https:\/\/www.sonoraenequipo.com.mx\/#website\",\"url\":\"https:\/\/www.sonoraenequipo.com.mx\/\",\"name\":\"Sonora en Equipo.\",\"description\":\"Diario en l\u00ednea con Noticias desde Hermosillo, Sonora\",\"publisher\":{\"@id\":\"https:\/\/www.sonoraenequipo.com.mx\/#organization\"},\"potentialAction\":[{\"@type\":\"SearchAction\",\"target\":{\"@type\":\"EntryPoint\",\"urlTemplate\":\"https:\/\/www.sonoraenequipo.com.mx\/?s={search_term_string}\"},\"query-input\":{\"@type\":\"PropertyValueSpecification\",\"valueRequired\":true,\"valueName\":\"search_term_string\"}}],\"inLanguage\":\"es\"},{\"@type\":\"Organization\",\"@id\":\"https:\/\/www.sonoraenequipo.com.mx\/#organization\",\"name\":\"Sonoraenequipo.com.mx\",\"url\":\"https:\/\/www.sonoraenequipo.com.mx\/\",\"logo\":{\"@type\":\"ImageObject\",\"inLanguage\":\"es\",\"@id\":\"https:\/\/www.sonoraenequipo.com.mx\/#\/schema\/logo\/image\/\",\"url\":\"https:\/\/www.sonoraenequipo.com.mx\/storage\/2019\/01\/sonoraenequipo_opt.png\",\"contentUrl\":\"https:\/\/www.sonoraenequipo.com.mx\/storage\/2019\/01\/sonoraenequipo_opt.png\",\"width\":375,\"height\":125,\"caption\":\"Sonoraenequipo.com.mx\"},\"image\":{\"@id\":\"https:\/\/www.sonoraenequipo.com.mx\/#\/schema\/logo\/image\/\"},\"sameAs\":[\"https:\/\/www.facebook.com\/SonoraEE\/\",\"https:\/\/x.com\/sonoraenequipo\",\"https:\/\/www.youtube.com\/channel\/UC338nW-lPEYmJQs4ZABQ1SQ\"]},{\"@type\":\"Person\",\"@id\":\"https:\/\/www.sonoraenequipo.com.mx\/#\/schema\/person\/50102df0fb23a8fa9e8effad8fa81386\",\"name\":\"enequipo\",\"image\":{\"@type\":\"ImageObject\",\"inLanguage\":\"es\",\"@id\":\"https:\/\/www.sonoraenequipo.com.mx\/#\/schema\/person\/image\/\",\"url\":\"https:\/\/secure.gravatar.com\/avatar\/049821681b589dabc0bc20695993ccebb09f5b5d4d790cd9251b97faac7c652b?s=96&d=blank&r=g\",\"contentUrl\":\"https:\/\/secure.gravatar.com\/avatar\/049821681b589dabc0bc20695993ccebb09f5b5d4d790cd9251b97faac7c652b?s=96&d=blank&r=g\",\"caption\":\"enequipo\"},\"sameAs\":[\"https:\/\/www.facebook.com\/SonoraEE\"]}]}<\/script>\n ","yoast_head_json":{"title":"Sonora en Equipo. Ser\u00e1 homenajeado Guillermo Moreno en las Fiestas del Pitic 2025 Municipios","description":"&nbsp; HERMOSILLO, SONORA, MX. \u2014 Como en los \u00faltimos a\u00f1os, las Fiestas del Pitic 2025 contar\u00e1n con la Ruta del Arte, que tendr\u00e1 exposiciones permanentes En Sonora en Equipo publicamos toda la informaci\u00f3n de Sonora, M\u00e9xico y el Mundo de manera oportuna y busca que la libertad de expresi\u00f3n sea real. Visita nuestro medio informativo publicado desde Hermosillo, Sonora. %","robots":{"index":"index","follow":"follow","max-snippet":"max-snippet:-1","max-image-preview":"max-image-preview:large","max-video-preview":"max-video-preview:-1"},"canonical":"https:\/\/www.sonoraenequipo.com.mx\/sera-homenajeado-guillermo-moreno-en-las-fiestas-del-pitic-2025\/","og_locale":"es_ES","og_type":"article","og_title":"Sonora en Equipo. Ser\u00e1 homenajeado Guillermo Moreno en las Fiestas del Pitic 2025 Municipios","og_description":"&nbsp; HERMOSILLO, SONORA, MX. \u2014 Como en los \u00faltimos a\u00f1os, las Fiestas del Pitic 2025 contar\u00e1n con la Ruta del Arte, que tendr\u00e1 exposiciones permanentes En Sonora en Equipo publicamos toda la informaci\u00f3n de Sonora, M\u00e9xico y el Mundo de manera oportuna y busca que la libertad de expresi\u00f3n sea real. Visita nuestro medio informativo publicado desde Hermosillo, Sonora. %","og_url":"https:\/\/www.sonoraenequipo.com.mx\/sera-homenajeado-guillermo-moreno-en-las-fiestas-del-pitic-2025\/","og_site_name":"Sonora en Equipo.","article_publisher":"https:\/\/www.facebook.com\/SonoraEE\/","article_author":"https:\/\/www.facebook.com\/SonoraEE","article_published_time":"2025-05-12T00:13:02+00:00","og_image":[{"width":600,"height":400,"url":"https:\/\/www.sonoraenequipo.com.mx\/storage\/2025\/05\/memo-moreno.jpg","type":"image\/jpeg"}],"author":"enequipo","twitter_card":"summary_large_image","twitter_creator":"@sonoraenequipo","twitter_site":"@sonoraenequipo","twitter_misc":{"Escrito por":"enequipo","Tiempo de lectura":"2 minutos"},"schema":{"@context":"https:\/\/schema.org","@graph":[{"@type":"Article","@id":"https:\/\/www.sonoraenequipo.com.mx\/sera-homenajeado-guillermo-moreno-en-las-fiestas-del-pitic-2025\/#article","isPartOf":{"@id":"https:\/\/www.sonoraenequipo.com.mx\/sera-homenajeado-guillermo-moreno-en-las-fiestas-del-pitic-2025\/"},"author":{"name":"enequipo","@id":"https:\/\/www.sonoraenequipo.com.mx\/#\/schema\/person\/50102df0fb23a8fa9e8effad8fa81386"},"headline":"Ser\u00e1 homenajeado Guillermo Moreno en las Fiestas del Pitic 2025","datePublished":"2025-05-12T00:13:02+00:00","mainEntityOfPage":{"@id":"https:\/\/www.sonoraenequipo.com.mx\/sera-homenajeado-guillermo-moreno-en-las-fiestas-del-pitic-2025\/"},"wordCount":457,"commentCount":0,"publisher":{"@id":"https:\/\/www.sonoraenequipo.com.mx\/#organization"},"image":{"@id":"https:\/\/www.sonoraenequipo.com.mx\/sera-homenajeado-guillermo-moreno-en-las-fiestas-del-pitic-2025\/#primaryimage"},"thumbnailUrl":"https:\/\/www.sonoraenequipo.com.mx\/storage\/2025\/05\/memo-moreno.jpg","articleSection":["Municipios"],"inLanguage":"es","potentialAction":[{"@type":"CommentAction","name":"Comment","target":["https:\/\/www.sonoraenequipo.com.mx\/sera-homenajeado-guillermo-moreno-en-las-fiestas-del-pitic-2025\/#respond"]}]},{"@type":"WebPage","@id":"https:\/\/www.sonoraenequipo.com.mx\/sera-homenajeado-guillermo-moreno-en-las-fiestas-del-pitic-2025\/","url":"https:\/\/www.sonoraenequipo.com.mx\/sera-homenajeado-guillermo-moreno-en-las-fiestas-del-pitic-2025\/","name":"Sonora en Equipo. Ser\u00e1 homenajeado Guillermo Moreno en las Fiestas del Pitic 2025 Municipios","isPartOf":{"@id":"https:\/\/www.sonoraenequipo.com.mx\/#website"},"primaryImageOfPage":{"@id":"https:\/\/www.sonoraenequipo.com.mx\/sera-homenajeado-guillermo-moreno-en-las-fiestas-del-pitic-2025\/#primaryimage"},"image":{"@id":"https:\/\/www.sonoraenequipo.com.mx\/sera-homenajeado-guillermo-moreno-en-las-fiestas-del-pitic-2025\/#primaryimage"},"thumbnailUrl":"https:\/\/www.sonoraenequipo.com.mx\/storage\/2025\/05\/memo-moreno.jpg","datePublished":"2025-05-12T00:13:02+00:00","description":"&nbsp; HERMOSILLO, SONORA, MX. \u2014 Como en los \u00faltimos a\u00f1os, las Fiestas del Pitic 2025 contar\u00e1n con la Ruta del Arte, que tendr\u00e1 exposiciones permanentes En Sonora en Equipo publicamos toda la informaci\u00f3n de Sonora, M\u00e9xico y el Mundo de manera oportuna y busca que la libertad de expresi\u00f3n sea real. Visita nuestro medio informativo publicado desde Hermosillo, Sonora. %","breadcrumb":{"@id":"https:\/\/www.sonoraenequipo.com.mx\/sera-homenajeado-guillermo-moreno-en-las-fiestas-del-pitic-2025\/#breadcrumb"},"inLanguage":"es","potentialAction":[{"@type":"ReadAction","target":["https:\/\/www.sonoraenequipo.com.mx\/sera-homenajeado-guillermo-moreno-en-las-fiestas-del-pitic-2025\/"]}]},{"@type":"ImageObject","inLanguage":"es","@id":"https:\/\/www.sonoraenequipo.com.mx\/sera-homenajeado-guillermo-moreno-en-las-fiestas-del-pitic-2025\/#primaryimage","url":"https:\/\/www.sonoraenequipo.com.mx\/storage\/2025\/05\/memo-moreno.jpg","contentUrl":"https:\/\/www.sonoraenequipo.com.mx\/storage\/2025\/05\/memo-moreno.jpg","width":600,"height":400},{"@type":"BreadcrumbList","@id":"https:\/\/www.sonoraenequipo.com.mx\/sera-homenajeado-guillermo-moreno-en-las-fiestas-del-pitic-2025\/#breadcrumb","itemListElement":[{"@type":"ListItem","position":1,"name":"Portada","item":"https:\/\/www.sonoraenequipo.com.mx\/"},{"@type":"ListItem","position":2,"name":"Ser\u00e1 homenajeado Guillermo Moreno en las Fiestas del Pitic 2025"}]},{"@type":"WebSite","@id":"https:\/\/www.sonoraenequipo.com.mx\/#website","url":"https:\/\/www.sonoraenequipo.com.mx\/","name":"Sonora en Equipo.","description":"Diario en l\u00ednea con Noticias desde Hermosillo, Sonora","publisher":{"@id":"https:\/\/www.sonoraenequipo.com.mx\/#organization"},"potentialAction":[{"@type":"SearchAction","target":{"@type":"EntryPoint","urlTemplate":"https:\/\/www.sonoraenequipo.com.mx\/?s={search_term_string}"},"query-input":{"@type":"PropertyValueSpecification","valueRequired":true,"valueName":"search_term_string"}}],"inLanguage":"es"},{"@type":"Organization","@id":"https:\/\/www.sonoraenequipo.com.mx\/#organization","name":"Sonoraenequipo.com.mx","url":"https:\/\/www.sonoraenequipo.com.mx\/","logo":{"@type":"ImageObject","inLanguage":"es","@id":"https:\/\/www.sonoraenequipo.com.mx\/#\/schema\/logo\/image\/","url":"https:\/\/www.sonoraenequipo.com.mx\/storage\/2019\/01\/sonoraenequipo_opt.png","contentUrl":"https:\/\/www.sonoraenequipo.com.mx\/storage\/2019\/01\/sonoraenequipo_opt.png","width":375,"height":125,"caption":"Sonoraenequipo.com.mx"},"image":{"@id":"https:\/\/www.sonoraenequipo.com.mx\/#\/schema\/logo\/image\/"},"sameAs":["https:\/\/www.facebook.com\/SonoraEE\/","https:\/\/x.com\/sonoraenequipo","https:\/\/www.youtube.com\/channel\/UC338nW-lPEYmJQs4ZABQ1SQ"]},{"@type":"Person","@id":"https:\/\/www.sonoraenequipo.com.mx\/#\/schema\/person\/50102df0fb23a8fa9e8effad8fa81386","name":"enequipo","image":{"@type":"ImageObject","inLanguage":"es","@id":"https:\/\/www.sonoraenequipo.com.mx\/#\/schema\/person\/image\/","url":"https:\/\/secure.gravatar.com\/avatar\/049821681b589dabc0bc20695993ccebb09f5b5d4d790cd9251b97faac7c652b?s=96&d=blank&r=g","contentUrl":"https:\/\/secure.gravatar.com\/avatar\/049821681b589dabc0bc20695993ccebb09f5b5d4d790cd9251b97faac7c652b?s=96&d=blank&r=g","caption":"enequipo"},"sameAs":["https:\/\/www.facebook.com\/SonoraEE"]}]}},"jetpack_featured_media_url":"https:\/\/www.sonoraenequipo.com.mx\/storage\/2025\/05\/memo-moreno.jpg","_links":{"self":[{"href":"https:\/\/www.sonoraenequipo.com.mx\/api\/wp\/v2\/posts\/215208","targetHints":{"allow":["GET"]}}],"collection":[{"href":"https:\/\/www.sonoraenequipo.com.mx\/api\/wp\/v2\/posts"}],"about":[{"href":"https:\/\/www.sonoraenequipo.com.mx\/api\/wp\/v2\/types\/post"}],"author":[{"embeddable":true,"href":"https:\/\/www.sonoraenequipo.com.mx\/api\/wp\/v2\/users\/1"}],"replies":[{"embeddable":true,"href":"https:\/\/www.sonoraenequipo.com.mx\/api\/wp\/v2\/comments?post=215208"}],"version-history":[{"count":1,"href":"https:\/\/www.sonoraenequipo.com.mx\/api\/wp\/v2\/posts\/215208\/revisions"}],"predecessor-version":[{"id":215210,"href":"https:\/\/www.sonoraenequipo.com.mx\/api\/wp\/v2\/posts\/215208\/revisions\/215210"}],"wp:featuredmedia":[{"embeddable":true,"href":"https:\/\/www.sonoraenequipo.com.mx\/api\/wp\/v2\/media\/215209"}],"wp:attachment":[{"href":"https:\/\/www.sonoraenequipo.com.mx\/api\/wp\/v2\/media?parent=215208"}],"wp:term":[{"taxonomy":"category","embeddable":true,"href":"https:\/\/www.sonoraenequipo.com.mx\/api\/wp\/v2\/categories?post=215208"},{"taxonomy":"post_tag","embeddable":true,"href":"https:\/\/www.sonoraenequipo.com.mx\/api\/wp\/v2\/tags?post=215208"}],"curies":[{"name":"wp","href":"https:\/\/api.w.org\/{rel}","templated":true}]}}