{"id":215211,"date":"2025-05-11T17:18:21","date_gmt":"2025-05-12T00:18:21","guid":{"rendered":"https:\/\/www.sonoraenequipo.com.mx\/?p=215211"},"modified":"2025-05-11T17:18:21","modified_gmt":"2025-05-12T00:18:21","slug":"amber-heard-dio-luz-a-gemelos-el-10-de-mayo","status":"publish","type":"post","link":"https:\/\/www.sonoraenequipo.com.mx\/amber-heard-dio-luz-a-gemelos-el-10-de-mayo\/","title":{"rendered":"Amber Heard dio luz a gemelos el 10 de mayo"},"content":{"rendered":"<p>Amber Heard dio luz a gemelos el 10 de mayo inform\u00f3 la revista People \u00a0la int\u00e9rprete de Mera en la pel\u00edcula Aquaman reapareci\u00f3 para anunciar que se convirti\u00f3 en madre de gemelos. \u201cEl D\u00eda de la Madres 2025 ser\u00e1 uno que nunca olvidar\u00e9. Este a\u00f1o estoy euf\u00f3rica m\u00e1s all\u00e1 de las palabras para celebrar la finalizaci\u00f3n de la familia que me he esforzado por construir durante a\u00f1os\u201d, escribi\u00f3 Heard en su cuenta de Instagram.<\/p>\n<p>&nbsp;<\/p>\n<p>\u201cComparto oficialmente la noticia de que di la bienvenida a gemelos en la banda Heard. Mi hija Agnes y mi hijo Ocean mantienen mis manos (y mi coraz\u00f3n) llenos. Cuando tuve mi primera ni\u00f1a Oonagh. hace cuatro a\u00f1os, mi mundo cambi\u00f3 para siempre. Pens\u00e9 que no podr\u00eda estallar de m\u00e1s alegr\u00eda. Bueno, \u00a1ahora estoy estallando tres veces! Convertirme en madre sola y en mis propios t\u00e9rminos a pesar de mis propios desaf\u00edos de fertilidad ha sido la experiencia m\u00e1s humilde de mi vida\u201d, continu\u00f3. \u201cEstoy eternamente agradecida de haber podido elegir esto con responsabilidad y cuidadosamente. A todas las mam\u00e1s, donde quiera que est\u00e9n hoy y como sea que hayan llegado hasta aqu\u00ed, mi familia de ensue\u00f1o y yo estamos celebrando con ustedes. Amor siempre\u201d.<\/p>\n<p><strong>Fecha de publicaci\u00f3n domingo 11 de mayo de 2025 \/ People<\/strong><\/p>\n","protected":false},"excerpt":{"rendered":"<p>Amber Heard dio luz a gemelos el 10 de mayo inform\u00f3 la revista People \u00a0la&#8230;<\/p>\n","protected":false},"author":1,"featured_media":215212,"comment_status":"open","ping_status":"open","sticky":false,"template":"","format":"standard","meta":{"_monsterinsights_skip_tracking":false,"_monsterinsights_sitenote_active":false,"_monsterinsights_sitenote_note":"","_monsterinsights_sitenote_category":0,"footnotes":""},"categories":[1],"tags":[8166],"class_list":["post"],"yoast_head":" \n<title>Sonora en Equipo. Amber Heard dio luz a gemelos el 10 de mayo<\/title>\n<meta name=\"description\" content=\"Amber Heard dio luz a gemelos el 10 de mayo inform\u00f3 la revista People \u00a0la int\u00e9rprete de Mera en la pel\u00edcula Aquaman reapareci\u00f3 para anunciar que se En Sonora en Equipo publicamos toda la informaci\u00f3n de Sonora, M\u00e9xico y el Mundo de manera oportuna y busca que la libertad de expresi\u00f3n sea real. Visita nuestro medio informativo publicado desde Hermosillo, Sonora. %\" \/>\n<meta name=\"robots\" content=\"index, follow, max-snippet:-1, max-image-preview:large, max-video-preview:-1\" \/>\n<link rel=\"canonical\" href=\"https:\/\/www.sonoraenequipo.com.mx\/amber-heard-dio-luz-a-gemelos-el-10-de-mayo\/\" \/>\n<meta property=\"og:locale\" content=\"es_ES\" \/>\n<meta property=\"og:type\" content=\"article\" \/>\n<meta property=\"og:title\" content=\"Sonora en Equipo. Amber Heard dio luz a gemelos el 10 de mayo\" \/>\n<meta property=\"og:description\" content=\"Amber Heard dio luz a gemelos el 10 de mayo inform\u00f3 la revista People \u00a0la int\u00e9rprete de Mera en la pel\u00edcula Aquaman reapareci\u00f3 para anunciar que se En Sonora en Equipo publicamos toda la informaci\u00f3n de Sonora, M\u00e9xico y el Mundo de manera oportuna y busca que la libertad de expresi\u00f3n sea real. Visita nuestro medio informativo publicado desde Hermosillo, Sonora. %\" \/>\n<meta property=\"og:url\" content=\"https:\/\/www.sonoraenequipo.com.mx\/amber-heard-dio-luz-a-gemelos-el-10-de-mayo\/\" \/>\n<meta property=\"og:site_name\" content=\"Sonora en Equipo.\" \/>\n<meta property=\"article:publisher\" content=\"https:\/\/www.facebook.com\/SonoraEE\/\" \/>\n<meta property=\"article:author\" content=\"https:\/\/www.facebook.com\/SonoraEE\" \/>\n<meta property=\"article:published_time\" content=\"2025-05-12T00:18:21+00:00\" \/>\n<meta property=\"og:image\" content=\"https:\/\/www.sonoraenequipo.com.mx\/storage\/2025\/05\/amber-heard.jpg\" \/>\n\t<meta property=\"og:image:width\" content=\"600\" \/>\n\t<meta property=\"og:image:height\" content=\"400\" \/>\n\t<meta property=\"og:image:type\" content=\"image\/jpeg\" \/>\n<meta name=\"author\" content=\"enequipo\" \/>\n<meta name=\"twitter:card\" content=\"summary_large_image\" \/>\n<meta name=\"twitter:creator\" content=\"@sonoraenequipo\" \/>\n<meta name=\"twitter:site\" content=\"@sonoraenequipo\" \/>\n<meta name=\"twitter:label1\" content=\"Escrito por\" \/>\n\t<meta name=\"twitter:data1\" content=\"enequipo\" \/>\n\t<meta name=\"twitter:label2\" content=\"Tiempo de lectura\" \/>\n\t<meta name=\"twitter:data2\" content=\"1 minuto\" \/>\n<script type=\"application\/ld+json\" class=\"yoast-schema-graph\">{\"@context\":\"https:\/\/schema.org\",\"@graph\":[{\"@type\":\"Article\",\"@id\":\"https:\/\/www.sonoraenequipo.com.mx\/amber-heard-dio-luz-a-gemelos-el-10-de-mayo\/#article\",\"isPartOf\":{\"@id\":\"https:\/\/www.sonoraenequipo.com.mx\/amber-heard-dio-luz-a-gemelos-el-10-de-mayo\/\"},\"author\":{\"name\":\"enequipo\",\"@id\":\"https:\/\/www.sonoraenequipo.com.mx\/#\/schema\/person\/50102df0fb23a8fa9e8effad8fa81386\"},\"headline\":\"Amber Heard dio luz a gemelos el 10 de mayo\",\"datePublished\":\"2025-05-12T00:18:21+00:00\",\"mainEntityOfPage\":{\"@id\":\"https:\/\/www.sonoraenequipo.com.mx\/amber-heard-dio-luz-a-gemelos-el-10-de-mayo\/\"},\"wordCount\":236,\"commentCount\":0,\"publisher\":{\"@id\":\"https:\/\/www.sonoraenequipo.com.mx\/#organization\"},\"image\":{\"@id\":\"https:\/\/www.sonoraenequipo.com.mx\/amber-heard-dio-luz-a-gemelos-el-10-de-mayo\/#primaryimage\"},\"thumbnailUrl\":\"https:\/\/www.sonoraenequipo.com.mx\/storage\/2025\/05\/amber-heard.jpg\",\"keywords\":[\"amber heard\"],\"articleSection\":[\"Sin categorizar\"],\"inLanguage\":\"es\",\"potentialAction\":[{\"@type\":\"CommentAction\",\"name\":\"Comment\",\"target\":[\"https:\/\/www.sonoraenequipo.com.mx\/amber-heard-dio-luz-a-gemelos-el-10-de-mayo\/#respond\"]}]},{\"@type\":\"WebPage\",\"@id\":\"https:\/\/www.sonoraenequipo.com.mx\/amber-heard-dio-luz-a-gemelos-el-10-de-mayo\/\",\"url\":\"https:\/\/www.sonoraenequipo.com.mx\/amber-heard-dio-luz-a-gemelos-el-10-de-mayo\/\",\"name\":\"Sonora en Equipo. Amber Heard dio luz a gemelos el 10 de mayo\",\"isPartOf\":{\"@id\":\"https:\/\/www.sonoraenequipo.com.mx\/#website\"},\"primaryImageOfPage\":{\"@id\":\"https:\/\/www.sonoraenequipo.com.mx\/amber-heard-dio-luz-a-gemelos-el-10-de-mayo\/#primaryimage\"},\"image\":{\"@id\":\"https:\/\/www.sonoraenequipo.com.mx\/amber-heard-dio-luz-a-gemelos-el-10-de-mayo\/#primaryimage\"},\"thumbnailUrl\":\"https:\/\/www.sonoraenequipo.com.mx\/storage\/2025\/05\/amber-heard.jpg\",\"datePublished\":\"2025-05-12T00:18:21+00:00\",\"description\":\"Amber Heard dio luz a gemelos el 10 de mayo inform\u00f3 la revista People \u00a0la int\u00e9rprete de Mera en la pel\u00edcula Aquaman reapareci\u00f3 para anunciar que se En Sonora en Equipo publicamos toda la informaci\u00f3n de Sonora, M\u00e9xico y el Mundo de manera oportuna y busca que la libertad de expresi\u00f3n sea real. Visita nuestro medio informativo publicado desde Hermosillo, Sonora. %\",\"breadcrumb\":{\"@id\":\"https:\/\/www.sonoraenequipo.com.mx\/amber-heard-dio-luz-a-gemelos-el-10-de-mayo\/#breadcrumb\"},\"inLanguage\":\"es\",\"potentialAction\":[{\"@type\":\"ReadAction\",\"target\":[\"https:\/\/www.sonoraenequipo.com.mx\/amber-heard-dio-luz-a-gemelos-el-10-de-mayo\/\"]}]},{\"@type\":\"ImageObject\",\"inLanguage\":\"es\",\"@id\":\"https:\/\/www.sonoraenequipo.com.mx\/amber-heard-dio-luz-a-gemelos-el-10-de-mayo\/#primaryimage\",\"url\":\"https:\/\/www.sonoraenequipo.com.mx\/storage\/2025\/05\/amber-heard.jpg\",\"contentUrl\":\"https:\/\/www.sonoraenequipo.com.mx\/storage\/2025\/05\/amber-heard.jpg\",\"width\":600,\"height\":400},{\"@type\":\"BreadcrumbList\",\"@id\":\"https:\/\/www.sonoraenequipo.com.mx\/amber-heard-dio-luz-a-gemelos-el-10-de-mayo\/#breadcrumb\",\"itemListElement\":[{\"@type\":\"ListItem\",\"position\":1,\"name\":\"Portada\",\"item\":\"https:\/\/www.sonoraenequipo.com.mx\/\"},{\"@type\":\"ListItem\",\"position\":2,\"name\":\"Amber Heard dio luz a gemelos el 10 de mayo\"}]},{\"@type\":\"WebSite\",\"@id\":\"https:\/\/www.sonoraenequipo.com.mx\/#website\",\"url\":\"https:\/\/www.sonoraenequipo.com.mx\/\",\"name\":\"Sonora en Equipo.\",\"description\":\"Diario en l\u00ednea con Noticias desde Hermosillo, Sonora\",\"publisher\":{\"@id\":\"https:\/\/www.sonoraenequipo.com.mx\/#organization\"},\"potentialAction\":[{\"@type\":\"SearchAction\",\"target\":{\"@type\":\"EntryPoint\",\"urlTemplate\":\"https:\/\/www.sonoraenequipo.com.mx\/?s={search_term_string}\"},\"query-input\":{\"@type\":\"PropertyValueSpecification\",\"valueRequired\":true,\"valueName\":\"search_term_string\"}}],\"inLanguage\":\"es\"},{\"@type\":\"Organization\",\"@id\":\"https:\/\/www.sonoraenequipo.com.mx\/#organization\",\"name\":\"Sonoraenequipo.com.mx\",\"url\":\"https:\/\/www.sonoraenequipo.com.mx\/\",\"logo\":{\"@type\":\"ImageObject\",\"inLanguage\":\"es\",\"@id\":\"https:\/\/www.sonoraenequipo.com.mx\/#\/schema\/logo\/image\/\",\"url\":\"https:\/\/www.sonoraenequipo.com.mx\/storage\/2019\/01\/sonoraenequipo_opt.png\",\"contentUrl\":\"https:\/\/www.sonoraenequipo.com.mx\/storage\/2019\/01\/sonoraenequipo_opt.png\",\"width\":375,\"height\":125,\"caption\":\"Sonoraenequipo.com.mx\"},\"image\":{\"@id\":\"https:\/\/www.sonoraenequipo.com.mx\/#\/schema\/logo\/image\/\"},\"sameAs\":[\"https:\/\/www.facebook.com\/SonoraEE\/\",\"https:\/\/x.com\/sonoraenequipo\",\"https:\/\/www.youtube.com\/channel\/UC338nW-lPEYmJQs4ZABQ1SQ\"]},{\"@type\":\"Person\",\"@id\":\"https:\/\/www.sonoraenequipo.com.mx\/#\/schema\/person\/50102df0fb23a8fa9e8effad8fa81386\",\"name\":\"enequipo\",\"image\":{\"@type\":\"ImageObject\",\"inLanguage\":\"es\",\"@id\":\"https:\/\/www.sonoraenequipo.com.mx\/#\/schema\/person\/image\/\",\"url\":\"https:\/\/secure.gravatar.com\/avatar\/049821681b589dabc0bc20695993ccebb09f5b5d4d790cd9251b97faac7c652b?s=96&d=blank&r=g\",\"contentUrl\":\"https:\/\/secure.gravatar.com\/avatar\/049821681b589dabc0bc20695993ccebb09f5b5d4d790cd9251b97faac7c652b?s=96&d=blank&r=g\",\"caption\":\"enequipo\"},\"sameAs\":[\"https:\/\/www.facebook.com\/SonoraEE\"]}]}<\/script>\n ","yoast_head_json":{"title":"Sonora en Equipo. Amber Heard dio luz a gemelos el 10 de mayo","description":"Amber Heard dio luz a gemelos el 10 de mayo inform\u00f3 la revista People \u00a0la int\u00e9rprete de Mera en la pel\u00edcula Aquaman reapareci\u00f3 para anunciar que se En Sonora en Equipo publicamos toda la informaci\u00f3n de Sonora, M\u00e9xico y el Mundo de manera oportuna y busca que la libertad de expresi\u00f3n sea real. Visita nuestro medio informativo publicado desde Hermosillo, Sonora. %","robots":{"index":"index","follow":"follow","max-snippet":"max-snippet:-1","max-image-preview":"max-image-preview:large","max-video-preview":"max-video-preview:-1"},"canonical":"https:\/\/www.sonoraenequipo.com.mx\/amber-heard-dio-luz-a-gemelos-el-10-de-mayo\/","og_locale":"es_ES","og_type":"article","og_title":"Sonora en Equipo. Amber Heard dio luz a gemelos el 10 de mayo","og_description":"Amber Heard dio luz a gemelos el 10 de mayo inform\u00f3 la revista People \u00a0la int\u00e9rprete de Mera en la pel\u00edcula Aquaman reapareci\u00f3 para anunciar que se En Sonora en Equipo publicamos toda la informaci\u00f3n de Sonora, M\u00e9xico y el Mundo de manera oportuna y busca que la libertad de expresi\u00f3n sea real. Visita nuestro medio informativo publicado desde Hermosillo, Sonora. %","og_url":"https:\/\/www.sonoraenequipo.com.mx\/amber-heard-dio-luz-a-gemelos-el-10-de-mayo\/","og_site_name":"Sonora en Equipo.","article_publisher":"https:\/\/www.facebook.com\/SonoraEE\/","article_author":"https:\/\/www.facebook.com\/SonoraEE","article_published_time":"2025-05-12T00:18:21+00:00","og_image":[{"width":600,"height":400,"url":"https:\/\/www.sonoraenequipo.com.mx\/storage\/2025\/05\/amber-heard.jpg","type":"image\/jpeg"}],"author":"enequipo","twitter_card":"summary_large_image","twitter_creator":"@sonoraenequipo","twitter_site":"@sonoraenequipo","twitter_misc":{"Escrito por":"enequipo","Tiempo de lectura":"1 minuto"},"schema":{"@context":"https:\/\/schema.org","@graph":[{"@type":"Article","@id":"https:\/\/www.sonoraenequipo.com.mx\/amber-heard-dio-luz-a-gemelos-el-10-de-mayo\/#article","isPartOf":{"@id":"https:\/\/www.sonoraenequipo.com.mx\/amber-heard-dio-luz-a-gemelos-el-10-de-mayo\/"},"author":{"name":"enequipo","@id":"https:\/\/www.sonoraenequipo.com.mx\/#\/schema\/person\/50102df0fb23a8fa9e8effad8fa81386"},"headline":"Amber Heard dio luz a gemelos el 10 de mayo","datePublished":"2025-05-12T00:18:21+00:00","mainEntityOfPage":{"@id":"https:\/\/www.sonoraenequipo.com.mx\/amber-heard-dio-luz-a-gemelos-el-10-de-mayo\/"},"wordCount":236,"commentCount":0,"publisher":{"@id":"https:\/\/www.sonoraenequipo.com.mx\/#organization"},"image":{"@id":"https:\/\/www.sonoraenequipo.com.mx\/amber-heard-dio-luz-a-gemelos-el-10-de-mayo\/#primaryimage"},"thumbnailUrl":"https:\/\/www.sonoraenequipo.com.mx\/storage\/2025\/05\/amber-heard.jpg","keywords":["amber heard"],"articleSection":["Sin categorizar"],"inLanguage":"es","potentialAction":[{"@type":"CommentAction","name":"Comment","target":["https:\/\/www.sonoraenequipo.com.mx\/amber-heard-dio-luz-a-gemelos-el-10-de-mayo\/#respond"]}]},{"@type":"WebPage","@id":"https:\/\/www.sonoraenequipo.com.mx\/amber-heard-dio-luz-a-gemelos-el-10-de-mayo\/","url":"https:\/\/www.sonoraenequipo.com.mx\/amber-heard-dio-luz-a-gemelos-el-10-de-mayo\/","name":"Sonora en Equipo. Amber Heard dio luz a gemelos el 10 de mayo","isPartOf":{"@id":"https:\/\/www.sonoraenequipo.com.mx\/#website"},"primaryImageOfPage":{"@id":"https:\/\/www.sonoraenequipo.com.mx\/amber-heard-dio-luz-a-gemelos-el-10-de-mayo\/#primaryimage"},"image":{"@id":"https:\/\/www.sonoraenequipo.com.mx\/amber-heard-dio-luz-a-gemelos-el-10-de-mayo\/#primaryimage"},"thumbnailUrl":"https:\/\/www.sonoraenequipo.com.mx\/storage\/2025\/05\/amber-heard.jpg","datePublished":"2025-05-12T00:18:21+00:00","description":"Amber Heard dio luz a gemelos el 10 de mayo inform\u00f3 la revista People \u00a0la int\u00e9rprete de Mera en la pel\u00edcula Aquaman reapareci\u00f3 para anunciar que se En Sonora en Equipo publicamos toda la informaci\u00f3n de Sonora, M\u00e9xico y el Mundo de manera oportuna y busca que la libertad de expresi\u00f3n sea real. Visita nuestro medio informativo publicado desde Hermosillo, Sonora. %","breadcrumb":{"@id":"https:\/\/www.sonoraenequipo.com.mx\/amber-heard-dio-luz-a-gemelos-el-10-de-mayo\/#breadcrumb"},"inLanguage":"es","potentialAction":[{"@type":"ReadAction","target":["https:\/\/www.sonoraenequipo.com.mx\/amber-heard-dio-luz-a-gemelos-el-10-de-mayo\/"]}]},{"@type":"ImageObject","inLanguage":"es","@id":"https:\/\/www.sonoraenequipo.com.mx\/amber-heard-dio-luz-a-gemelos-el-10-de-mayo\/#primaryimage","url":"https:\/\/www.sonoraenequipo.com.mx\/storage\/2025\/05\/amber-heard.jpg","contentUrl":"https:\/\/www.sonoraenequipo.com.mx\/storage\/2025\/05\/amber-heard.jpg","width":600,"height":400},{"@type":"BreadcrumbList","@id":"https:\/\/www.sonoraenequipo.com.mx\/amber-heard-dio-luz-a-gemelos-el-10-de-mayo\/#breadcrumb","itemListElement":[{"@type":"ListItem","position":1,"name":"Portada","item":"https:\/\/www.sonoraenequipo.com.mx\/"},{"@type":"ListItem","position":2,"name":"Amber Heard dio luz a gemelos el 10 de mayo"}]},{"@type":"WebSite","@id":"https:\/\/www.sonoraenequipo.com.mx\/#website","url":"https:\/\/www.sonoraenequipo.com.mx\/","name":"Sonora en Equipo.","description":"Diario en l\u00ednea con Noticias desde Hermosillo, Sonora","publisher":{"@id":"https:\/\/www.sonoraenequipo.com.mx\/#organization"},"potentialAction":[{"@type":"SearchAction","target":{"@type":"EntryPoint","urlTemplate":"https:\/\/www.sonoraenequipo.com.mx\/?s={search_term_string}"},"query-input":{"@type":"PropertyValueSpecification","valueRequired":true,"valueName":"search_term_string"}}],"inLanguage":"es"},{"@type":"Organization","@id":"https:\/\/www.sonoraenequipo.com.mx\/#organization","name":"Sonoraenequipo.com.mx","url":"https:\/\/www.sonoraenequipo.com.mx\/","logo":{"@type":"ImageObject","inLanguage":"es","@id":"https:\/\/www.sonoraenequipo.com.mx\/#\/schema\/logo\/image\/","url":"https:\/\/www.sonoraenequipo.com.mx\/storage\/2019\/01\/sonoraenequipo_opt.png","contentUrl":"https:\/\/www.sonoraenequipo.com.mx\/storage\/2019\/01\/sonoraenequipo_opt.png","width":375,"height":125,"caption":"Sonoraenequipo.com.mx"},"image":{"@id":"https:\/\/www.sonoraenequipo.com.mx\/#\/schema\/logo\/image\/"},"sameAs":["https:\/\/www.facebook.com\/SonoraEE\/","https:\/\/x.com\/sonoraenequipo","https:\/\/www.youtube.com\/channel\/UC338nW-lPEYmJQs4ZABQ1SQ"]},{"@type":"Person","@id":"https:\/\/www.sonoraenequipo.com.mx\/#\/schema\/person\/50102df0fb23a8fa9e8effad8fa81386","name":"enequipo","image":{"@type":"ImageObject","inLanguage":"es","@id":"https:\/\/www.sonoraenequipo.com.mx\/#\/schema\/person\/image\/","url":"https:\/\/secure.gravatar.com\/avatar\/049821681b589dabc0bc20695993ccebb09f5b5d4d790cd9251b97faac7c652b?s=96&d=blank&r=g","contentUrl":"https:\/\/secure.gravatar.com\/avatar\/049821681b589dabc0bc20695993ccebb09f5b5d4d790cd9251b97faac7c652b?s=96&d=blank&r=g","caption":"enequipo"},"sameAs":["https:\/\/www.facebook.com\/SonoraEE"]}]}},"jetpack_featured_media_url":"https:\/\/www.sonoraenequipo.com.mx\/storage\/2025\/05\/amber-heard.jpg","_links":{"self":[{"href":"https:\/\/www.sonoraenequipo.com.mx\/api\/wp\/v2\/posts\/215211","targetHints":{"allow":["GET"]}}],"collection":[{"href":"https:\/\/www.sonoraenequipo.com.mx\/api\/wp\/v2\/posts"}],"about":[{"href":"https:\/\/www.sonoraenequipo.com.mx\/api\/wp\/v2\/types\/post"}],"author":[{"embeddable":true,"href":"https:\/\/www.sonoraenequipo.com.mx\/api\/wp\/v2\/users\/1"}],"replies":[{"embeddable":true,"href":"https:\/\/www.sonoraenequipo.com.mx\/api\/wp\/v2\/comments?post=215211"}],"version-history":[{"count":1,"href":"https:\/\/www.sonoraenequipo.com.mx\/api\/wp\/v2\/posts\/215211\/revisions"}],"predecessor-version":[{"id":215213,"href":"https:\/\/www.sonoraenequipo.com.mx\/api\/wp\/v2\/posts\/215211\/revisions\/215213"}],"wp:featuredmedia":[{"embeddable":true,"href":"https:\/\/www.sonoraenequipo.com.mx\/api\/wp\/v2\/media\/215212"}],"wp:attachment":[{"href":"https:\/\/www.sonoraenequipo.com.mx\/api\/wp\/v2\/media?parent=215211"}],"wp:term":[{"taxonomy":"category","embeddable":true,"href":"https:\/\/www.sonoraenequipo.com.mx\/api\/wp\/v2\/categories?post=215211"},{"taxonomy":"post_tag","embeddable":true,"href":"https:\/\/www.sonoraenequipo.com.mx\/api\/wp\/v2\/tags?post=215211"}],"curies":[{"name":"wp","href":"https:\/\/api.w.org\/{rel}","templated":true}]}}