{"id":215359,"date":"2025-05-13T12:24:57","date_gmt":"2025-05-13T19:24:57","guid":{"rendered":"https:\/\/www.sonoraenequipo.com.mx\/?p=215359"},"modified":"2025-05-13T12:24:57","modified_gmt":"2025-05-13T19:24:57","slug":"carga-aerea-en-aeropuertos-del-pais-cae-en-5-2-en-el-1t25","status":"publish","type":"post","link":"https:\/\/www.sonoraenequipo.com.mx\/carga-aerea-en-aeropuertos-del-pais-cae-en-5-2-en-el-1t25\/","title":{"rendered":"Carga a\u00e9rea en aeropuertos del pa\u00eds cae en 5.2% en el 1T25"},"content":{"rendered":"<p><strong>CIUDAD DE M\u00c9XICO.<\/strong><strong> \u0336 \u0336\u00a0 <\/strong>Durante el primer trimestre (1T) de 2025, la carga a\u00e9rea en M\u00e9xico registr\u00f3 una disminuci\u00f3n de 5.2%, al pasar de 297 mil 903.2 toneladas en los tres primeros meses del 2024 a 282 mil 278.9 toneladas en el mismo periodo pero de 2025. Esta baja impact\u00f3 a la mayor\u00eda de los principales centros log\u00edsticos del pa\u00eds, ya que 7 de los 10 aeropuertos con mayor volumen de operaciones reportaron ca\u00eddas.<\/p>\n<p>&nbsp;<\/p>\n<p>De acuerdo con cifras de la Agencia Federal de Aviaci\u00f3n Civil (AFAC), el Aeropuerto Internacional Felipe \u00c1ngeles (AIFA) registr\u00f3 una baja de 13.2% entre enero y marzo, al pasar de 104 mil 857.5 toneladas de mercanc\u00edas en 2024 a 87 mil 548.2 en los primeros tres meses de este a\u00f1o. El Aeropuerto Internacional de la Ciudad de M\u00e9xico (AICM) pas\u00f3 de 57 mil 235.7 toneladas de mercanc\u00edas en los tres primeros meses de 2024 a 61 mil 317.1 toneladas entre enero y marzo de este a\u00f1o, lo que implic\u00f3 un aumento de 7.1%.<\/p>\n<p>Mientras que el Aeropuerto Internacional de Guadalajara report\u00f3 una baja de 1.7% pues mientras que en los tres primeros meses de este a\u00f1o registr\u00f3 40 mil 057.6 toneladas de mercanc\u00edas, en igual periodo, pero de 2024, la cifra fue por 40 mil 733.4 toneladas.<\/p>\n<p><strong>Fecha de publicaci\u00f3n martes 13 de mayo de 2025 \/A21mx<\/strong><\/p>\n","protected":false},"excerpt":{"rendered":"<p>CIUDAD DE M\u00c9XICO. \u0336 \u0336\u00a0 Durante el primer trimestre (1T) de 2025, la carga a\u00e9rea&#8230;<\/p>\n","protected":false},"author":1,"featured_media":215360,"comment_status":"open","ping_status":"open","sticky":false,"template":"","format":"standard","meta":{"_monsterinsights_skip_tracking":false,"_monsterinsights_sitenote_active":false,"_monsterinsights_sitenote_note":"","_monsterinsights_sitenote_category":0,"footnotes":""},"categories":[6493],"tags":[11212,53],"class_list":["post"],"yoast_head":" \n<title>Sonora en Equipo. Carga a\u00e9rea en aeropuertos del pa\u00eds cae en 5.2% en el 1T25 PALABRAS Y N\u00daMEROS<\/title>\n<meta name=\"description\" content=\"CIUDAD DE M\u00c9XICO. \u0336 \u0336\u00a0 Durante el primer trimestre (1T) de 2025, la carga a\u00e9rea en M\u00e9xico registr\u00f3 una disminuci\u00f3n de 5.2%, al pasar de 297 mil 903.2 En Sonora en Equipo publicamos toda la informaci\u00f3n de Sonora, M\u00e9xico y el Mundo de manera oportuna y busca que la libertad de expresi\u00f3n sea real. Visita nuestro medio informativo publicado desde Hermosillo, Sonora. %\" \/>\n<meta name=\"robots\" content=\"index, follow, max-snippet:-1, max-image-preview:large, max-video-preview:-1\" \/>\n<link rel=\"canonical\" href=\"https:\/\/www.sonoraenequipo.com.mx\/carga-aerea-en-aeropuertos-del-pais-cae-en-5-2-en-el-1t25\/\" \/>\n<meta property=\"og:locale\" content=\"es_ES\" \/>\n<meta property=\"og:type\" content=\"article\" \/>\n<meta property=\"og:title\" content=\"Sonora en Equipo. Carga a\u00e9rea en aeropuertos del pa\u00eds cae en 5.2% en el 1T25 PALABRAS Y N\u00daMEROS\" \/>\n<meta property=\"og:description\" content=\"CIUDAD DE M\u00c9XICO. \u0336 \u0336\u00a0 Durante el primer trimestre (1T) de 2025, la carga a\u00e9rea en M\u00e9xico registr\u00f3 una disminuci\u00f3n de 5.2%, al pasar de 297 mil 903.2 En Sonora en Equipo publicamos toda la informaci\u00f3n de Sonora, M\u00e9xico y el Mundo de manera oportuna y busca que la libertad de expresi\u00f3n sea real. Visita nuestro medio informativo publicado desde Hermosillo, Sonora. %\" \/>\n<meta property=\"og:url\" content=\"https:\/\/www.sonoraenequipo.com.mx\/carga-aerea-en-aeropuertos-del-pais-cae-en-5-2-en-el-1t25\/\" \/>\n<meta property=\"og:site_name\" content=\"Sonora en Equipo.\" \/>\n<meta property=\"article:publisher\" content=\"https:\/\/www.facebook.com\/SonoraEE\/\" \/>\n<meta property=\"article:author\" content=\"https:\/\/www.facebook.com\/SonoraEE\" \/>\n<meta property=\"article:published_time\" content=\"2025-05-13T19:24:57+00:00\" \/>\n<meta property=\"og:image\" content=\"https:\/\/www.sonoraenequipo.com.mx\/storage\/2025\/05\/B747-8.jpg\" \/>\n\t<meta property=\"og:image:width\" content=\"600\" \/>\n\t<meta property=\"og:image:height\" content=\"400\" \/>\n\t<meta property=\"og:image:type\" content=\"image\/jpeg\" \/>\n<meta name=\"author\" content=\"enequipo\" \/>\n<meta name=\"twitter:card\" content=\"summary_large_image\" \/>\n<meta name=\"twitter:creator\" content=\"@sonoraenequipo\" \/>\n<meta name=\"twitter:site\" content=\"@sonoraenequipo\" \/>\n<meta name=\"twitter:label1\" content=\"Escrito por\" \/>\n\t<meta name=\"twitter:data1\" content=\"enequipo\" \/>\n\t<meta name=\"twitter:label2\" content=\"Tiempo de lectura\" \/>\n\t<meta name=\"twitter:data2\" content=\"1 minuto\" \/>\n<script type=\"application\/ld+json\" class=\"yoast-schema-graph\">{\"@context\":\"https:\/\/schema.org\",\"@graph\":[{\"@type\":\"Article\",\"@id\":\"https:\/\/www.sonoraenequipo.com.mx\/carga-aerea-en-aeropuertos-del-pais-cae-en-5-2-en-el-1t25\/#article\",\"isPartOf\":{\"@id\":\"https:\/\/www.sonoraenequipo.com.mx\/carga-aerea-en-aeropuertos-del-pais-cae-en-5-2-en-el-1t25\/\"},\"author\":{\"name\":\"enequipo\",\"@id\":\"https:\/\/www.sonoraenequipo.com.mx\/#\/schema\/person\/50102df0fb23a8fa9e8effad8fa81386\"},\"headline\":\"Carga a\u00e9rea en aeropuertos del pa\u00eds cae en 5.2% en el 1T25\",\"datePublished\":\"2025-05-13T19:24:57+00:00\",\"mainEntityOfPage\":{\"@id\":\"https:\/\/www.sonoraenequipo.com.mx\/carga-aerea-en-aeropuertos-del-pais-cae-en-5-2-en-el-1t25\/\"},\"wordCount\":222,\"commentCount\":0,\"publisher\":{\"@id\":\"https:\/\/www.sonoraenequipo.com.mx\/#organization\"},\"image\":{\"@id\":\"https:\/\/www.sonoraenequipo.com.mx\/carga-aerea-en-aeropuertos-del-pais-cae-en-5-2-en-el-1t25\/#primaryimage\"},\"thumbnailUrl\":\"https:\/\/www.sonoraenequipo.com.mx\/storage\/2025\/05\/B747-8.jpg\",\"keywords\":[\"carga a\u00e9rea\",\"mexico\"],\"articleSection\":[\"PALABRAS Y N\u00daMEROS\"],\"inLanguage\":\"es\",\"potentialAction\":[{\"@type\":\"CommentAction\",\"name\":\"Comment\",\"target\":[\"https:\/\/www.sonoraenequipo.com.mx\/carga-aerea-en-aeropuertos-del-pais-cae-en-5-2-en-el-1t25\/#respond\"]}]},{\"@type\":\"WebPage\",\"@id\":\"https:\/\/www.sonoraenequipo.com.mx\/carga-aerea-en-aeropuertos-del-pais-cae-en-5-2-en-el-1t25\/\",\"url\":\"https:\/\/www.sonoraenequipo.com.mx\/carga-aerea-en-aeropuertos-del-pais-cae-en-5-2-en-el-1t25\/\",\"name\":\"Sonora en Equipo. Carga a\u00e9rea en aeropuertos del pa\u00eds cae en 5.2% en el 1T25 PALABRAS Y N\u00daMEROS\",\"isPartOf\":{\"@id\":\"https:\/\/www.sonoraenequipo.com.mx\/#website\"},\"primaryImageOfPage\":{\"@id\":\"https:\/\/www.sonoraenequipo.com.mx\/carga-aerea-en-aeropuertos-del-pais-cae-en-5-2-en-el-1t25\/#primaryimage\"},\"image\":{\"@id\":\"https:\/\/www.sonoraenequipo.com.mx\/carga-aerea-en-aeropuertos-del-pais-cae-en-5-2-en-el-1t25\/#primaryimage\"},\"thumbnailUrl\":\"https:\/\/www.sonoraenequipo.com.mx\/storage\/2025\/05\/B747-8.jpg\",\"datePublished\":\"2025-05-13T19:24:57+00:00\",\"description\":\"CIUDAD DE M\u00c9XICO. \u0336 \u0336\u00a0 Durante el primer trimestre (1T) de 2025, la carga a\u00e9rea en M\u00e9xico registr\u00f3 una disminuci\u00f3n de 5.2%, al pasar de 297 mil 903.2 En Sonora en Equipo publicamos toda la informaci\u00f3n de Sonora, M\u00e9xico y el Mundo de manera oportuna y busca que la libertad de expresi\u00f3n sea real. Visita nuestro medio informativo publicado desde Hermosillo, Sonora. %\",\"breadcrumb\":{\"@id\":\"https:\/\/www.sonoraenequipo.com.mx\/carga-aerea-en-aeropuertos-del-pais-cae-en-5-2-en-el-1t25\/#breadcrumb\"},\"inLanguage\":\"es\",\"potentialAction\":[{\"@type\":\"ReadAction\",\"target\":[\"https:\/\/www.sonoraenequipo.com.mx\/carga-aerea-en-aeropuertos-del-pais-cae-en-5-2-en-el-1t25\/\"]}]},{\"@type\":\"ImageObject\",\"inLanguage\":\"es\",\"@id\":\"https:\/\/www.sonoraenequipo.com.mx\/carga-aerea-en-aeropuertos-del-pais-cae-en-5-2-en-el-1t25\/#primaryimage\",\"url\":\"https:\/\/www.sonoraenequipo.com.mx\/storage\/2025\/05\/B747-8.jpg\",\"contentUrl\":\"https:\/\/www.sonoraenequipo.com.mx\/storage\/2025\/05\/B747-8.jpg\",\"width\":600,\"height\":400},{\"@type\":\"BreadcrumbList\",\"@id\":\"https:\/\/www.sonoraenequipo.com.mx\/carga-aerea-en-aeropuertos-del-pais-cae-en-5-2-en-el-1t25\/#breadcrumb\",\"itemListElement\":[{\"@type\":\"ListItem\",\"position\":1,\"name\":\"Portada\",\"item\":\"https:\/\/www.sonoraenequipo.com.mx\/\"},{\"@type\":\"ListItem\",\"position\":2,\"name\":\"Carga a\u00e9rea en aeropuertos del pa\u00eds cae en 5.2% en el 1T25\"}]},{\"@type\":\"WebSite\",\"@id\":\"https:\/\/www.sonoraenequipo.com.mx\/#website\",\"url\":\"https:\/\/www.sonoraenequipo.com.mx\/\",\"name\":\"Sonora en Equipo.\",\"description\":\"Diario en l\u00ednea con Noticias desde Hermosillo, Sonora\",\"publisher\":{\"@id\":\"https:\/\/www.sonoraenequipo.com.mx\/#organization\"},\"potentialAction\":[{\"@type\":\"SearchAction\",\"target\":{\"@type\":\"EntryPoint\",\"urlTemplate\":\"https:\/\/www.sonoraenequipo.com.mx\/?s={search_term_string}\"},\"query-input\":{\"@type\":\"PropertyValueSpecification\",\"valueRequired\":true,\"valueName\":\"search_term_string\"}}],\"inLanguage\":\"es\"},{\"@type\":\"Organization\",\"@id\":\"https:\/\/www.sonoraenequipo.com.mx\/#organization\",\"name\":\"Sonoraenequipo.com.mx\",\"url\":\"https:\/\/www.sonoraenequipo.com.mx\/\",\"logo\":{\"@type\":\"ImageObject\",\"inLanguage\":\"es\",\"@id\":\"https:\/\/www.sonoraenequipo.com.mx\/#\/schema\/logo\/image\/\",\"url\":\"https:\/\/www.sonoraenequipo.com.mx\/storage\/2019\/01\/sonoraenequipo_opt.png\",\"contentUrl\":\"https:\/\/www.sonoraenequipo.com.mx\/storage\/2019\/01\/sonoraenequipo_opt.png\",\"width\":375,\"height\":125,\"caption\":\"Sonoraenequipo.com.mx\"},\"image\":{\"@id\":\"https:\/\/www.sonoraenequipo.com.mx\/#\/schema\/logo\/image\/\"},\"sameAs\":[\"https:\/\/www.facebook.com\/SonoraEE\/\",\"https:\/\/x.com\/sonoraenequipo\",\"https:\/\/www.youtube.com\/channel\/UC338nW-lPEYmJQs4ZABQ1SQ\"]},{\"@type\":\"Person\",\"@id\":\"https:\/\/www.sonoraenequipo.com.mx\/#\/schema\/person\/50102df0fb23a8fa9e8effad8fa81386\",\"name\":\"enequipo\",\"image\":{\"@type\":\"ImageObject\",\"inLanguage\":\"es\",\"@id\":\"https:\/\/www.sonoraenequipo.com.mx\/#\/schema\/person\/image\/\",\"url\":\"https:\/\/secure.gravatar.com\/avatar\/049821681b589dabc0bc20695993ccebb09f5b5d4d790cd9251b97faac7c652b?s=96&d=blank&r=g\",\"contentUrl\":\"https:\/\/secure.gravatar.com\/avatar\/049821681b589dabc0bc20695993ccebb09f5b5d4d790cd9251b97faac7c652b?s=96&d=blank&r=g\",\"caption\":\"enequipo\"},\"sameAs\":[\"https:\/\/www.facebook.com\/SonoraEE\"]}]}<\/script>\n ","yoast_head_json":{"title":"Sonora en Equipo. Carga a\u00e9rea en aeropuertos del pa\u00eds cae en 5.2% en el 1T25 PALABRAS Y N\u00daMEROS","description":"CIUDAD DE M\u00c9XICO. \u0336 \u0336\u00a0 Durante el primer trimestre (1T) de 2025, la carga a\u00e9rea en M\u00e9xico registr\u00f3 una disminuci\u00f3n de 5.2%, al pasar de 297 mil 903.2 En Sonora en Equipo publicamos toda la informaci\u00f3n de Sonora, M\u00e9xico y el Mundo de manera oportuna y busca que la libertad de expresi\u00f3n sea real. Visita nuestro medio informativo publicado desde Hermosillo, Sonora. %","robots":{"index":"index","follow":"follow","max-snippet":"max-snippet:-1","max-image-preview":"max-image-preview:large","max-video-preview":"max-video-preview:-1"},"canonical":"https:\/\/www.sonoraenequipo.com.mx\/carga-aerea-en-aeropuertos-del-pais-cae-en-5-2-en-el-1t25\/","og_locale":"es_ES","og_type":"article","og_title":"Sonora en Equipo. Carga a\u00e9rea en aeropuertos del pa\u00eds cae en 5.2% en el 1T25 PALABRAS Y N\u00daMEROS","og_description":"CIUDAD DE M\u00c9XICO. \u0336 \u0336\u00a0 Durante el primer trimestre (1T) de 2025, la carga a\u00e9rea en M\u00e9xico registr\u00f3 una disminuci\u00f3n de 5.2%, al pasar de 297 mil 903.2 En Sonora en Equipo publicamos toda la informaci\u00f3n de Sonora, M\u00e9xico y el Mundo de manera oportuna y busca que la libertad de expresi\u00f3n sea real. Visita nuestro medio informativo publicado desde Hermosillo, Sonora. %","og_url":"https:\/\/www.sonoraenequipo.com.mx\/carga-aerea-en-aeropuertos-del-pais-cae-en-5-2-en-el-1t25\/","og_site_name":"Sonora en Equipo.","article_publisher":"https:\/\/www.facebook.com\/SonoraEE\/","article_author":"https:\/\/www.facebook.com\/SonoraEE","article_published_time":"2025-05-13T19:24:57+00:00","og_image":[{"width":600,"height":400,"url":"https:\/\/www.sonoraenequipo.com.mx\/storage\/2025\/05\/B747-8.jpg","type":"image\/jpeg"}],"author":"enequipo","twitter_card":"summary_large_image","twitter_creator":"@sonoraenequipo","twitter_site":"@sonoraenequipo","twitter_misc":{"Escrito por":"enequipo","Tiempo de lectura":"1 minuto"},"schema":{"@context":"https:\/\/schema.org","@graph":[{"@type":"Article","@id":"https:\/\/www.sonoraenequipo.com.mx\/carga-aerea-en-aeropuertos-del-pais-cae-en-5-2-en-el-1t25\/#article","isPartOf":{"@id":"https:\/\/www.sonoraenequipo.com.mx\/carga-aerea-en-aeropuertos-del-pais-cae-en-5-2-en-el-1t25\/"},"author":{"name":"enequipo","@id":"https:\/\/www.sonoraenequipo.com.mx\/#\/schema\/person\/50102df0fb23a8fa9e8effad8fa81386"},"headline":"Carga a\u00e9rea en aeropuertos del pa\u00eds cae en 5.2% en el 1T25","datePublished":"2025-05-13T19:24:57+00:00","mainEntityOfPage":{"@id":"https:\/\/www.sonoraenequipo.com.mx\/carga-aerea-en-aeropuertos-del-pais-cae-en-5-2-en-el-1t25\/"},"wordCount":222,"commentCount":0,"publisher":{"@id":"https:\/\/www.sonoraenequipo.com.mx\/#organization"},"image":{"@id":"https:\/\/www.sonoraenequipo.com.mx\/carga-aerea-en-aeropuertos-del-pais-cae-en-5-2-en-el-1t25\/#primaryimage"},"thumbnailUrl":"https:\/\/www.sonoraenequipo.com.mx\/storage\/2025\/05\/B747-8.jpg","keywords":["carga a\u00e9rea","mexico"],"articleSection":["PALABRAS Y N\u00daMEROS"],"inLanguage":"es","potentialAction":[{"@type":"CommentAction","name":"Comment","target":["https:\/\/www.sonoraenequipo.com.mx\/carga-aerea-en-aeropuertos-del-pais-cae-en-5-2-en-el-1t25\/#respond"]}]},{"@type":"WebPage","@id":"https:\/\/www.sonoraenequipo.com.mx\/carga-aerea-en-aeropuertos-del-pais-cae-en-5-2-en-el-1t25\/","url":"https:\/\/www.sonoraenequipo.com.mx\/carga-aerea-en-aeropuertos-del-pais-cae-en-5-2-en-el-1t25\/","name":"Sonora en Equipo. Carga a\u00e9rea en aeropuertos del pa\u00eds cae en 5.2% en el 1T25 PALABRAS Y N\u00daMEROS","isPartOf":{"@id":"https:\/\/www.sonoraenequipo.com.mx\/#website"},"primaryImageOfPage":{"@id":"https:\/\/www.sonoraenequipo.com.mx\/carga-aerea-en-aeropuertos-del-pais-cae-en-5-2-en-el-1t25\/#primaryimage"},"image":{"@id":"https:\/\/www.sonoraenequipo.com.mx\/carga-aerea-en-aeropuertos-del-pais-cae-en-5-2-en-el-1t25\/#primaryimage"},"thumbnailUrl":"https:\/\/www.sonoraenequipo.com.mx\/storage\/2025\/05\/B747-8.jpg","datePublished":"2025-05-13T19:24:57+00:00","description":"CIUDAD DE M\u00c9XICO. \u0336 \u0336\u00a0 Durante el primer trimestre (1T) de 2025, la carga a\u00e9rea en M\u00e9xico registr\u00f3 una disminuci\u00f3n de 5.2%, al pasar de 297 mil 903.2 En Sonora en Equipo publicamos toda la informaci\u00f3n de Sonora, M\u00e9xico y el Mundo de manera oportuna y busca que la libertad de expresi\u00f3n sea real. Visita nuestro medio informativo publicado desde Hermosillo, Sonora. %","breadcrumb":{"@id":"https:\/\/www.sonoraenequipo.com.mx\/carga-aerea-en-aeropuertos-del-pais-cae-en-5-2-en-el-1t25\/#breadcrumb"},"inLanguage":"es","potentialAction":[{"@type":"ReadAction","target":["https:\/\/www.sonoraenequipo.com.mx\/carga-aerea-en-aeropuertos-del-pais-cae-en-5-2-en-el-1t25\/"]}]},{"@type":"ImageObject","inLanguage":"es","@id":"https:\/\/www.sonoraenequipo.com.mx\/carga-aerea-en-aeropuertos-del-pais-cae-en-5-2-en-el-1t25\/#primaryimage","url":"https:\/\/www.sonoraenequipo.com.mx\/storage\/2025\/05\/B747-8.jpg","contentUrl":"https:\/\/www.sonoraenequipo.com.mx\/storage\/2025\/05\/B747-8.jpg","width":600,"height":400},{"@type":"BreadcrumbList","@id":"https:\/\/www.sonoraenequipo.com.mx\/carga-aerea-en-aeropuertos-del-pais-cae-en-5-2-en-el-1t25\/#breadcrumb","itemListElement":[{"@type":"ListItem","position":1,"name":"Portada","item":"https:\/\/www.sonoraenequipo.com.mx\/"},{"@type":"ListItem","position":2,"name":"Carga a\u00e9rea en aeropuertos del pa\u00eds cae en 5.2% en el 1T25"}]},{"@type":"WebSite","@id":"https:\/\/www.sonoraenequipo.com.mx\/#website","url":"https:\/\/www.sonoraenequipo.com.mx\/","name":"Sonora en Equipo.","description":"Diario en l\u00ednea con Noticias desde Hermosillo, Sonora","publisher":{"@id":"https:\/\/www.sonoraenequipo.com.mx\/#organization"},"potentialAction":[{"@type":"SearchAction","target":{"@type":"EntryPoint","urlTemplate":"https:\/\/www.sonoraenequipo.com.mx\/?s={search_term_string}"},"query-input":{"@type":"PropertyValueSpecification","valueRequired":true,"valueName":"search_term_string"}}],"inLanguage":"es"},{"@type":"Organization","@id":"https:\/\/www.sonoraenequipo.com.mx\/#organization","name":"Sonoraenequipo.com.mx","url":"https:\/\/www.sonoraenequipo.com.mx\/","logo":{"@type":"ImageObject","inLanguage":"es","@id":"https:\/\/www.sonoraenequipo.com.mx\/#\/schema\/logo\/image\/","url":"https:\/\/www.sonoraenequipo.com.mx\/storage\/2019\/01\/sonoraenequipo_opt.png","contentUrl":"https:\/\/www.sonoraenequipo.com.mx\/storage\/2019\/01\/sonoraenequipo_opt.png","width":375,"height":125,"caption":"Sonoraenequipo.com.mx"},"image":{"@id":"https:\/\/www.sonoraenequipo.com.mx\/#\/schema\/logo\/image\/"},"sameAs":["https:\/\/www.facebook.com\/SonoraEE\/","https:\/\/x.com\/sonoraenequipo","https:\/\/www.youtube.com\/channel\/UC338nW-lPEYmJQs4ZABQ1SQ"]},{"@type":"Person","@id":"https:\/\/www.sonoraenequipo.com.mx\/#\/schema\/person\/50102df0fb23a8fa9e8effad8fa81386","name":"enequipo","image":{"@type":"ImageObject","inLanguage":"es","@id":"https:\/\/www.sonoraenequipo.com.mx\/#\/schema\/person\/image\/","url":"https:\/\/secure.gravatar.com\/avatar\/049821681b589dabc0bc20695993ccebb09f5b5d4d790cd9251b97faac7c652b?s=96&d=blank&r=g","contentUrl":"https:\/\/secure.gravatar.com\/avatar\/049821681b589dabc0bc20695993ccebb09f5b5d4d790cd9251b97faac7c652b?s=96&d=blank&r=g","caption":"enequipo"},"sameAs":["https:\/\/www.facebook.com\/SonoraEE"]}]}},"jetpack_featured_media_url":"https:\/\/www.sonoraenequipo.com.mx\/storage\/2025\/05\/B747-8.jpg","_links":{"self":[{"href":"https:\/\/www.sonoraenequipo.com.mx\/api\/wp\/v2\/posts\/215359","targetHints":{"allow":["GET"]}}],"collection":[{"href":"https:\/\/www.sonoraenequipo.com.mx\/api\/wp\/v2\/posts"}],"about":[{"href":"https:\/\/www.sonoraenequipo.com.mx\/api\/wp\/v2\/types\/post"}],"author":[{"embeddable":true,"href":"https:\/\/www.sonoraenequipo.com.mx\/api\/wp\/v2\/users\/1"}],"replies":[{"embeddable":true,"href":"https:\/\/www.sonoraenequipo.com.mx\/api\/wp\/v2\/comments?post=215359"}],"version-history":[{"count":1,"href":"https:\/\/www.sonoraenequipo.com.mx\/api\/wp\/v2\/posts\/215359\/revisions"}],"predecessor-version":[{"id":215361,"href":"https:\/\/www.sonoraenequipo.com.mx\/api\/wp\/v2\/posts\/215359\/revisions\/215361"}],"wp:featuredmedia":[{"embeddable":true,"href":"https:\/\/www.sonoraenequipo.com.mx\/api\/wp\/v2\/media\/215360"}],"wp:attachment":[{"href":"https:\/\/www.sonoraenequipo.com.mx\/api\/wp\/v2\/media?parent=215359"}],"wp:term":[{"taxonomy":"category","embeddable":true,"href":"https:\/\/www.sonoraenequipo.com.mx\/api\/wp\/v2\/categories?post=215359"},{"taxonomy":"post_tag","embeddable":true,"href":"https:\/\/www.sonoraenequipo.com.mx\/api\/wp\/v2\/tags?post=215359"}],"curies":[{"name":"wp","href":"https:\/\/api.w.org\/{rel}","templated":true}]}}