{"id":215599,"date":"2025-05-16T16:46:03","date_gmt":"2025-05-16T23:46:03","guid":{"rendered":"https:\/\/www.sonoraenequipo.com.mx\/?p=215599"},"modified":"2025-05-16T16:46:03","modified_gmt":"2025-05-16T23:46:03","slug":"recomienda-gobierno-de-sonora-a-ciudadania-reforzar-seguridad-en-redes-sociales","status":"publish","type":"post","link":"https:\/\/www.sonoraenequipo.com.mx\/recomienda-gobierno-de-sonora-a-ciudadania-reforzar-seguridad-en-redes-sociales\/","title":{"rendered":"Recomienda Gobierno de Sonora a ciudadan\u00eda reforzar seguridad en redes sociales"},"content":{"rendered":"<p><strong>HERMOSILLO, SONORA, MX.<\/strong> \u2014Para prevenir que usuarios de redes sociales sean objeto de un delito, la Unidad Cibern\u00e9tica de la Secretar\u00eda de Seguridad P\u00fablica (SSP) de Sonora recomend\u00f3 extremar medidas de seguridad.<\/p>\n<p>&nbsp;<\/p>\n<p>&nbsp;<\/p>\n<p>&nbsp;<\/p>\n<p>Inform\u00f3 que uno de los m\u00e9todos utilizados por delincuentes cibern\u00e9ticos, identificado como sextorsi\u00f3n, consiste en contactar a personas a trav\u00e9s de redes sociales, aplicaciones de citas o mensajer\u00eda instant\u00e1nea, fingiendo inter\u00e9s rom\u00e1ntico o amistad.<\/p>\n<p>&nbsp;<\/p>\n<p>&nbsp;<\/p>\n<p>&nbsp;<\/p>\n<p>Posteriormente, tras ganar la confianza de la posible v\u00edctima, la convencen para que env\u00ede fotos o videos \u00edntimos. Una vez que obtienen el material, los delincuentes amenazan con difundirlo entre familiares, amigos o en redes sociales si no se paga una suma de dinero o no se cumplen otras demandas.<\/p>\n<p>&nbsp;<\/p>\n<p>&nbsp;<\/p>\n<p>&nbsp;<\/p>\n<p>La Unidad Cibern\u00e9tica explic\u00f3 que este m\u00e9todo se apoya en la manipulaci\u00f3n emocional y la presi\u00f3n psicol\u00f3gica, generando miedo y verg\u00fcenza en la v\u00edctima para forzarla a cumplir las exigencias del extorsionador.<\/p>\n<p>&nbsp;<\/p>\n<p>&nbsp;<\/p>\n<p>&nbsp;<\/p>\n<p>Otro modo de operar, advirti\u00f3, es acceder al dispositivo de la v\u00edctima y obtener im\u00e1genes sin su consentimiento. Este caso podr\u00eda presentarse en situaciones de robo de celular, uso compartido de una computadora, conocimiento de contrase\u00f1as o acceso no autorizado al dispositivo m\u00f3vil o redes sociales.<\/p>\n<p>&nbsp;<\/p>\n<p>&nbsp;<\/p>\n<p>&nbsp;<\/p>\n<p>Por ello, la Unidad Cibern\u00e9tica de la SSP Sonora recomend\u00f3 no compartir im\u00e1genes \u00edntimas con personas que no se conozcan plenamente o que solo se hayan conocido en l\u00ednea, ya sea a trav\u00e9s de redes sociales o aplicaciones de citas. En caso de dudas sobre este delito, la ciudadan\u00eda puede comunicarse al 800 77 (CIBER) 24237 o al correo electr\u00f3nico <a href=\"mailto:reportes.ciber@sonora.gob.mx\">reportes.ciber@sonora.gob.mx<\/a>.<\/p>\n<p><strong>Fecha de publicaci\u00f3n <\/strong><strong>viernes 16<\/strong><strong> de mayo de 2025 \/<\/strong><\/p>\n","protected":false},"excerpt":{"rendered":"<p>HERMOSILLO, SONORA, MX. \u2014Para prevenir que usuarios de redes sociales sean objeto de un delito,&#8230;<\/p>\n","protected":false},"author":1,"featured_media":125973,"comment_status":"open","ping_status":"open","sticky":false,"template":"","format":"standard","meta":{"_monsterinsights_skip_tracking":false,"_monsterinsights_sitenote_active":false,"_monsterinsights_sitenote_note":"","_monsterinsights_sitenote_category":0,"footnotes":""},"categories":[3144],"tags":[2756,170,7469],"class_list":["post"],"yoast_head":" \n<title>Sonora en Equipo. Recomienda Gobierno de Sonora a ciudadan\u00eda reforzar seguridad en redes sociales Polic\u00edaca<\/title>\n<meta name=\"description\" content=\"HERMOSILLO, SONORA, MX. \u2014Para prevenir que usuarios de redes sociales sean objeto de un delito, la Unidad Cibern\u00e9tica de la Secretar\u00eda de Seguridad En Sonora en Equipo publicamos toda la informaci\u00f3n de Sonora, M\u00e9xico y el Mundo de manera oportuna y busca que la libertad de expresi\u00f3n sea real. Visita nuestro medio informativo publicado desde Hermosillo, Sonora. %\" \/>\n<meta name=\"robots\" content=\"index, follow, max-snippet:-1, max-image-preview:large, max-video-preview:-1\" \/>\n<link rel=\"canonical\" href=\"https:\/\/www.sonoraenequipo.com.mx\/recomienda-gobierno-de-sonora-a-ciudadania-reforzar-seguridad-en-redes-sociales\/\" \/>\n<meta property=\"og:locale\" content=\"es_ES\" \/>\n<meta property=\"og:type\" content=\"article\" \/>\n<meta property=\"og:title\" content=\"Sonora en Equipo. Recomienda Gobierno de Sonora a ciudadan\u00eda reforzar seguridad en redes sociales Polic\u00edaca\" \/>\n<meta property=\"og:description\" content=\"HERMOSILLO, SONORA, MX. \u2014Para prevenir que usuarios de redes sociales sean objeto de un delito, la Unidad Cibern\u00e9tica de la Secretar\u00eda de Seguridad En Sonora en Equipo publicamos toda la informaci\u00f3n de Sonora, M\u00e9xico y el Mundo de manera oportuna y busca que la libertad de expresi\u00f3n sea real. Visita nuestro medio informativo publicado desde Hermosillo, Sonora. %\" \/>\n<meta property=\"og:url\" content=\"https:\/\/www.sonoraenequipo.com.mx\/recomienda-gobierno-de-sonora-a-ciudadania-reforzar-seguridad-en-redes-sociales\/\" \/>\n<meta property=\"og:site_name\" content=\"Sonora en Equipo.\" \/>\n<meta property=\"article:publisher\" content=\"https:\/\/www.facebook.com\/SonoraEE\/\" \/>\n<meta property=\"article:author\" content=\"https:\/\/www.facebook.com\/SonoraEE\" \/>\n<meta property=\"article:published_time\" content=\"2025-05-16T23:46:03+00:00\" \/>\n<meta property=\"og:image\" content=\"https:\/\/www.sonoraenequipo.com.mx\/storage\/2021\/10\/redes-sociales.._opt.jpg\" \/>\n\t<meta property=\"og:image:width\" content=\"700\" \/>\n\t<meta property=\"og:image:height\" content=\"400\" \/>\n\t<meta property=\"og:image:type\" content=\"image\/jpeg\" \/>\n<meta name=\"author\" content=\"enequipo\" \/>\n<meta name=\"twitter:card\" content=\"summary_large_image\" \/>\n<meta name=\"twitter:creator\" content=\"@sonoraenequipo\" \/>\n<meta name=\"twitter:site\" content=\"@sonoraenequipo\" \/>\n<meta name=\"twitter:label1\" content=\"Escrito por\" \/>\n\t<meta name=\"twitter:data1\" content=\"enequipo\" \/>\n\t<meta name=\"twitter:label2\" content=\"Tiempo de lectura\" \/>\n\t<meta name=\"twitter:data2\" content=\"2 minutos\" \/>\n<script type=\"application\/ld+json\" class=\"yoast-schema-graph\">{\"@context\":\"https:\/\/schema.org\",\"@graph\":[{\"@type\":\"Article\",\"@id\":\"https:\/\/www.sonoraenequipo.com.mx\/recomienda-gobierno-de-sonora-a-ciudadania-reforzar-seguridad-en-redes-sociales\/#article\",\"isPartOf\":{\"@id\":\"https:\/\/www.sonoraenequipo.com.mx\/recomienda-gobierno-de-sonora-a-ciudadania-reforzar-seguridad-en-redes-sociales\/\"},\"author\":{\"name\":\"enequipo\",\"@id\":\"https:\/\/www.sonoraenequipo.com.mx\/#\/schema\/person\/50102df0fb23a8fa9e8effad8fa81386\"},\"headline\":\"Recomienda Gobierno de Sonora a ciudadan\u00eda reforzar seguridad en redes sociales\",\"datePublished\":\"2025-05-16T23:46:03+00:00\",\"mainEntityOfPage\":{\"@id\":\"https:\/\/www.sonoraenequipo.com.mx\/recomienda-gobierno-de-sonora-a-ciudadania-reforzar-seguridad-en-redes-sociales\/\"},\"wordCount\":322,\"commentCount\":0,\"publisher\":{\"@id\":\"https:\/\/www.sonoraenequipo.com.mx\/#organization\"},\"image\":{\"@id\":\"https:\/\/www.sonoraenequipo.com.mx\/recomienda-gobierno-de-sonora-a-ciudadania-reforzar-seguridad-en-redes-sociales\/#primaryimage\"},\"thumbnailUrl\":\"https:\/\/www.sonoraenequipo.com.mx\/storage\/2021\/10\/redes-sociales.._opt.jpg\",\"keywords\":[\"Redes\",\"Seguridad\",\"sociales\"],\"articleSection\":[\"Polic\u00edaca\"],\"inLanguage\":\"es\",\"potentialAction\":[{\"@type\":\"CommentAction\",\"name\":\"Comment\",\"target\":[\"https:\/\/www.sonoraenequipo.com.mx\/recomienda-gobierno-de-sonora-a-ciudadania-reforzar-seguridad-en-redes-sociales\/#respond\"]}]},{\"@type\":\"WebPage\",\"@id\":\"https:\/\/www.sonoraenequipo.com.mx\/recomienda-gobierno-de-sonora-a-ciudadania-reforzar-seguridad-en-redes-sociales\/\",\"url\":\"https:\/\/www.sonoraenequipo.com.mx\/recomienda-gobierno-de-sonora-a-ciudadania-reforzar-seguridad-en-redes-sociales\/\",\"name\":\"Sonora en Equipo. Recomienda Gobierno de Sonora a ciudadan\u00eda reforzar seguridad en redes sociales Polic\u00edaca\",\"isPartOf\":{\"@id\":\"https:\/\/www.sonoraenequipo.com.mx\/#website\"},\"primaryImageOfPage\":{\"@id\":\"https:\/\/www.sonoraenequipo.com.mx\/recomienda-gobierno-de-sonora-a-ciudadania-reforzar-seguridad-en-redes-sociales\/#primaryimage\"},\"image\":{\"@id\":\"https:\/\/www.sonoraenequipo.com.mx\/recomienda-gobierno-de-sonora-a-ciudadania-reforzar-seguridad-en-redes-sociales\/#primaryimage\"},\"thumbnailUrl\":\"https:\/\/www.sonoraenequipo.com.mx\/storage\/2021\/10\/redes-sociales.._opt.jpg\",\"datePublished\":\"2025-05-16T23:46:03+00:00\",\"description\":\"HERMOSILLO, SONORA, MX. \u2014Para prevenir que usuarios de redes sociales sean objeto de un delito, la Unidad Cibern\u00e9tica de la Secretar\u00eda de Seguridad En Sonora en Equipo publicamos toda la informaci\u00f3n de Sonora, M\u00e9xico y el Mundo de manera oportuna y busca que la libertad de expresi\u00f3n sea real. Visita nuestro medio informativo publicado desde Hermosillo, Sonora. %\",\"breadcrumb\":{\"@id\":\"https:\/\/www.sonoraenequipo.com.mx\/recomienda-gobierno-de-sonora-a-ciudadania-reforzar-seguridad-en-redes-sociales\/#breadcrumb\"},\"inLanguage\":\"es\",\"potentialAction\":[{\"@type\":\"ReadAction\",\"target\":[\"https:\/\/www.sonoraenequipo.com.mx\/recomienda-gobierno-de-sonora-a-ciudadania-reforzar-seguridad-en-redes-sociales\/\"]}]},{\"@type\":\"ImageObject\",\"inLanguage\":\"es\",\"@id\":\"https:\/\/www.sonoraenequipo.com.mx\/recomienda-gobierno-de-sonora-a-ciudadania-reforzar-seguridad-en-redes-sociales\/#primaryimage\",\"url\":\"https:\/\/www.sonoraenequipo.com.mx\/storage\/2021\/10\/redes-sociales.._opt.jpg\",\"contentUrl\":\"https:\/\/www.sonoraenequipo.com.mx\/storage\/2021\/10\/redes-sociales.._opt.jpg\",\"width\":700,\"height\":400},{\"@type\":\"BreadcrumbList\",\"@id\":\"https:\/\/www.sonoraenequipo.com.mx\/recomienda-gobierno-de-sonora-a-ciudadania-reforzar-seguridad-en-redes-sociales\/#breadcrumb\",\"itemListElement\":[{\"@type\":\"ListItem\",\"position\":1,\"name\":\"Portada\",\"item\":\"https:\/\/www.sonoraenequipo.com.mx\/\"},{\"@type\":\"ListItem\",\"position\":2,\"name\":\"Recomienda Gobierno de Sonora a ciudadan\u00eda reforzar seguridad en redes sociales\"}]},{\"@type\":\"WebSite\",\"@id\":\"https:\/\/www.sonoraenequipo.com.mx\/#website\",\"url\":\"https:\/\/www.sonoraenequipo.com.mx\/\",\"name\":\"Sonora en Equipo.\",\"description\":\"Diario en l\u00ednea con Noticias desde Hermosillo, Sonora\",\"publisher\":{\"@id\":\"https:\/\/www.sonoraenequipo.com.mx\/#organization\"},\"potentialAction\":[{\"@type\":\"SearchAction\",\"target\":{\"@type\":\"EntryPoint\",\"urlTemplate\":\"https:\/\/www.sonoraenequipo.com.mx\/?s={search_term_string}\"},\"query-input\":{\"@type\":\"PropertyValueSpecification\",\"valueRequired\":true,\"valueName\":\"search_term_string\"}}],\"inLanguage\":\"es\"},{\"@type\":\"Organization\",\"@id\":\"https:\/\/www.sonoraenequipo.com.mx\/#organization\",\"name\":\"Sonoraenequipo.com.mx\",\"url\":\"https:\/\/www.sonoraenequipo.com.mx\/\",\"logo\":{\"@type\":\"ImageObject\",\"inLanguage\":\"es\",\"@id\":\"https:\/\/www.sonoraenequipo.com.mx\/#\/schema\/logo\/image\/\",\"url\":\"https:\/\/www.sonoraenequipo.com.mx\/storage\/2019\/01\/sonoraenequipo_opt.png\",\"contentUrl\":\"https:\/\/www.sonoraenequipo.com.mx\/storage\/2019\/01\/sonoraenequipo_opt.png\",\"width\":375,\"height\":125,\"caption\":\"Sonoraenequipo.com.mx\"},\"image\":{\"@id\":\"https:\/\/www.sonoraenequipo.com.mx\/#\/schema\/logo\/image\/\"},\"sameAs\":[\"https:\/\/www.facebook.com\/SonoraEE\/\",\"https:\/\/x.com\/sonoraenequipo\",\"https:\/\/www.youtube.com\/channel\/UC338nW-lPEYmJQs4ZABQ1SQ\"]},{\"@type\":\"Person\",\"@id\":\"https:\/\/www.sonoraenequipo.com.mx\/#\/schema\/person\/50102df0fb23a8fa9e8effad8fa81386\",\"name\":\"enequipo\",\"image\":{\"@type\":\"ImageObject\",\"inLanguage\":\"es\",\"@id\":\"https:\/\/www.sonoraenequipo.com.mx\/#\/schema\/person\/image\/\",\"url\":\"https:\/\/secure.gravatar.com\/avatar\/049821681b589dabc0bc20695993ccebb09f5b5d4d790cd9251b97faac7c652b?s=96&d=blank&r=g\",\"contentUrl\":\"https:\/\/secure.gravatar.com\/avatar\/049821681b589dabc0bc20695993ccebb09f5b5d4d790cd9251b97faac7c652b?s=96&d=blank&r=g\",\"caption\":\"enequipo\"},\"sameAs\":[\"https:\/\/www.facebook.com\/SonoraEE\"]}]}<\/script>\n ","yoast_head_json":{"title":"Sonora en Equipo. Recomienda Gobierno de Sonora a ciudadan\u00eda reforzar seguridad en redes sociales Polic\u00edaca","description":"HERMOSILLO, SONORA, MX. \u2014Para prevenir que usuarios de redes sociales sean objeto de un delito, la Unidad Cibern\u00e9tica de la Secretar\u00eda de Seguridad En Sonora en Equipo publicamos toda la informaci\u00f3n de Sonora, M\u00e9xico y el Mundo de manera oportuna y busca que la libertad de expresi\u00f3n sea real. Visita nuestro medio informativo publicado desde Hermosillo, Sonora. %","robots":{"index":"index","follow":"follow","max-snippet":"max-snippet:-1","max-image-preview":"max-image-preview:large","max-video-preview":"max-video-preview:-1"},"canonical":"https:\/\/www.sonoraenequipo.com.mx\/recomienda-gobierno-de-sonora-a-ciudadania-reforzar-seguridad-en-redes-sociales\/","og_locale":"es_ES","og_type":"article","og_title":"Sonora en Equipo. Recomienda Gobierno de Sonora a ciudadan\u00eda reforzar seguridad en redes sociales Polic\u00edaca","og_description":"HERMOSILLO, SONORA, MX. \u2014Para prevenir que usuarios de redes sociales sean objeto de un delito, la Unidad Cibern\u00e9tica de la Secretar\u00eda de Seguridad En Sonora en Equipo publicamos toda la informaci\u00f3n de Sonora, M\u00e9xico y el Mundo de manera oportuna y busca que la libertad de expresi\u00f3n sea real. Visita nuestro medio informativo publicado desde Hermosillo, Sonora. %","og_url":"https:\/\/www.sonoraenequipo.com.mx\/recomienda-gobierno-de-sonora-a-ciudadania-reforzar-seguridad-en-redes-sociales\/","og_site_name":"Sonora en Equipo.","article_publisher":"https:\/\/www.facebook.com\/SonoraEE\/","article_author":"https:\/\/www.facebook.com\/SonoraEE","article_published_time":"2025-05-16T23:46:03+00:00","og_image":[{"width":700,"height":400,"url":"https:\/\/www.sonoraenequipo.com.mx\/storage\/2021\/10\/redes-sociales.._opt.jpg","type":"image\/jpeg"}],"author":"enequipo","twitter_card":"summary_large_image","twitter_creator":"@sonoraenequipo","twitter_site":"@sonoraenequipo","twitter_misc":{"Escrito por":"enequipo","Tiempo de lectura":"2 minutos"},"schema":{"@context":"https:\/\/schema.org","@graph":[{"@type":"Article","@id":"https:\/\/www.sonoraenequipo.com.mx\/recomienda-gobierno-de-sonora-a-ciudadania-reforzar-seguridad-en-redes-sociales\/#article","isPartOf":{"@id":"https:\/\/www.sonoraenequipo.com.mx\/recomienda-gobierno-de-sonora-a-ciudadania-reforzar-seguridad-en-redes-sociales\/"},"author":{"name":"enequipo","@id":"https:\/\/www.sonoraenequipo.com.mx\/#\/schema\/person\/50102df0fb23a8fa9e8effad8fa81386"},"headline":"Recomienda Gobierno de Sonora a ciudadan\u00eda reforzar seguridad en redes sociales","datePublished":"2025-05-16T23:46:03+00:00","mainEntityOfPage":{"@id":"https:\/\/www.sonoraenequipo.com.mx\/recomienda-gobierno-de-sonora-a-ciudadania-reforzar-seguridad-en-redes-sociales\/"},"wordCount":322,"commentCount":0,"publisher":{"@id":"https:\/\/www.sonoraenequipo.com.mx\/#organization"},"image":{"@id":"https:\/\/www.sonoraenequipo.com.mx\/recomienda-gobierno-de-sonora-a-ciudadania-reforzar-seguridad-en-redes-sociales\/#primaryimage"},"thumbnailUrl":"https:\/\/www.sonoraenequipo.com.mx\/storage\/2021\/10\/redes-sociales.._opt.jpg","keywords":["Redes","Seguridad","sociales"],"articleSection":["Polic\u00edaca"],"inLanguage":"es","potentialAction":[{"@type":"CommentAction","name":"Comment","target":["https:\/\/www.sonoraenequipo.com.mx\/recomienda-gobierno-de-sonora-a-ciudadania-reforzar-seguridad-en-redes-sociales\/#respond"]}]},{"@type":"WebPage","@id":"https:\/\/www.sonoraenequipo.com.mx\/recomienda-gobierno-de-sonora-a-ciudadania-reforzar-seguridad-en-redes-sociales\/","url":"https:\/\/www.sonoraenequipo.com.mx\/recomienda-gobierno-de-sonora-a-ciudadania-reforzar-seguridad-en-redes-sociales\/","name":"Sonora en Equipo. Recomienda Gobierno de Sonora a ciudadan\u00eda reforzar seguridad en redes sociales Polic\u00edaca","isPartOf":{"@id":"https:\/\/www.sonoraenequipo.com.mx\/#website"},"primaryImageOfPage":{"@id":"https:\/\/www.sonoraenequipo.com.mx\/recomienda-gobierno-de-sonora-a-ciudadania-reforzar-seguridad-en-redes-sociales\/#primaryimage"},"image":{"@id":"https:\/\/www.sonoraenequipo.com.mx\/recomienda-gobierno-de-sonora-a-ciudadania-reforzar-seguridad-en-redes-sociales\/#primaryimage"},"thumbnailUrl":"https:\/\/www.sonoraenequipo.com.mx\/storage\/2021\/10\/redes-sociales.._opt.jpg","datePublished":"2025-05-16T23:46:03+00:00","description":"HERMOSILLO, SONORA, MX. \u2014Para prevenir que usuarios de redes sociales sean objeto de un delito, la Unidad Cibern\u00e9tica de la Secretar\u00eda de Seguridad En Sonora en Equipo publicamos toda la informaci\u00f3n de Sonora, M\u00e9xico y el Mundo de manera oportuna y busca que la libertad de expresi\u00f3n sea real. Visita nuestro medio informativo publicado desde Hermosillo, Sonora. %","breadcrumb":{"@id":"https:\/\/www.sonoraenequipo.com.mx\/recomienda-gobierno-de-sonora-a-ciudadania-reforzar-seguridad-en-redes-sociales\/#breadcrumb"},"inLanguage":"es","potentialAction":[{"@type":"ReadAction","target":["https:\/\/www.sonoraenequipo.com.mx\/recomienda-gobierno-de-sonora-a-ciudadania-reforzar-seguridad-en-redes-sociales\/"]}]},{"@type":"ImageObject","inLanguage":"es","@id":"https:\/\/www.sonoraenequipo.com.mx\/recomienda-gobierno-de-sonora-a-ciudadania-reforzar-seguridad-en-redes-sociales\/#primaryimage","url":"https:\/\/www.sonoraenequipo.com.mx\/storage\/2021\/10\/redes-sociales.._opt.jpg","contentUrl":"https:\/\/www.sonoraenequipo.com.mx\/storage\/2021\/10\/redes-sociales.._opt.jpg","width":700,"height":400},{"@type":"BreadcrumbList","@id":"https:\/\/www.sonoraenequipo.com.mx\/recomienda-gobierno-de-sonora-a-ciudadania-reforzar-seguridad-en-redes-sociales\/#breadcrumb","itemListElement":[{"@type":"ListItem","position":1,"name":"Portada","item":"https:\/\/www.sonoraenequipo.com.mx\/"},{"@type":"ListItem","position":2,"name":"Recomienda Gobierno de Sonora a ciudadan\u00eda reforzar seguridad en redes sociales"}]},{"@type":"WebSite","@id":"https:\/\/www.sonoraenequipo.com.mx\/#website","url":"https:\/\/www.sonoraenequipo.com.mx\/","name":"Sonora en Equipo.","description":"Diario en l\u00ednea con Noticias desde Hermosillo, Sonora","publisher":{"@id":"https:\/\/www.sonoraenequipo.com.mx\/#organization"},"potentialAction":[{"@type":"SearchAction","target":{"@type":"EntryPoint","urlTemplate":"https:\/\/www.sonoraenequipo.com.mx\/?s={search_term_string}"},"query-input":{"@type":"PropertyValueSpecification","valueRequired":true,"valueName":"search_term_string"}}],"inLanguage":"es"},{"@type":"Organization","@id":"https:\/\/www.sonoraenequipo.com.mx\/#organization","name":"Sonoraenequipo.com.mx","url":"https:\/\/www.sonoraenequipo.com.mx\/","logo":{"@type":"ImageObject","inLanguage":"es","@id":"https:\/\/www.sonoraenequipo.com.mx\/#\/schema\/logo\/image\/","url":"https:\/\/www.sonoraenequipo.com.mx\/storage\/2019\/01\/sonoraenequipo_opt.png","contentUrl":"https:\/\/www.sonoraenequipo.com.mx\/storage\/2019\/01\/sonoraenequipo_opt.png","width":375,"height":125,"caption":"Sonoraenequipo.com.mx"},"image":{"@id":"https:\/\/www.sonoraenequipo.com.mx\/#\/schema\/logo\/image\/"},"sameAs":["https:\/\/www.facebook.com\/SonoraEE\/","https:\/\/x.com\/sonoraenequipo","https:\/\/www.youtube.com\/channel\/UC338nW-lPEYmJQs4ZABQ1SQ"]},{"@type":"Person","@id":"https:\/\/www.sonoraenequipo.com.mx\/#\/schema\/person\/50102df0fb23a8fa9e8effad8fa81386","name":"enequipo","image":{"@type":"ImageObject","inLanguage":"es","@id":"https:\/\/www.sonoraenequipo.com.mx\/#\/schema\/person\/image\/","url":"https:\/\/secure.gravatar.com\/avatar\/049821681b589dabc0bc20695993ccebb09f5b5d4d790cd9251b97faac7c652b?s=96&d=blank&r=g","contentUrl":"https:\/\/secure.gravatar.com\/avatar\/049821681b589dabc0bc20695993ccebb09f5b5d4d790cd9251b97faac7c652b?s=96&d=blank&r=g","caption":"enequipo"},"sameAs":["https:\/\/www.facebook.com\/SonoraEE"]}]}},"jetpack_featured_media_url":"https:\/\/www.sonoraenequipo.com.mx\/storage\/2021\/10\/redes-sociales.._opt.jpg","_links":{"self":[{"href":"https:\/\/www.sonoraenequipo.com.mx\/api\/wp\/v2\/posts\/215599","targetHints":{"allow":["GET"]}}],"collection":[{"href":"https:\/\/www.sonoraenequipo.com.mx\/api\/wp\/v2\/posts"}],"about":[{"href":"https:\/\/www.sonoraenequipo.com.mx\/api\/wp\/v2\/types\/post"}],"author":[{"embeddable":true,"href":"https:\/\/www.sonoraenequipo.com.mx\/api\/wp\/v2\/users\/1"}],"replies":[{"embeddable":true,"href":"https:\/\/www.sonoraenequipo.com.mx\/api\/wp\/v2\/comments?post=215599"}],"version-history":[{"count":1,"href":"https:\/\/www.sonoraenequipo.com.mx\/api\/wp\/v2\/posts\/215599\/revisions"}],"predecessor-version":[{"id":215600,"href":"https:\/\/www.sonoraenequipo.com.mx\/api\/wp\/v2\/posts\/215599\/revisions\/215600"}],"wp:featuredmedia":[{"embeddable":true,"href":"https:\/\/www.sonoraenequipo.com.mx\/api\/wp\/v2\/media\/125973"}],"wp:attachment":[{"href":"https:\/\/www.sonoraenequipo.com.mx\/api\/wp\/v2\/media?parent=215599"}],"wp:term":[{"taxonomy":"category","embeddable":true,"href":"https:\/\/www.sonoraenequipo.com.mx\/api\/wp\/v2\/categories?post=215599"},{"taxonomy":"post_tag","embeddable":true,"href":"https:\/\/www.sonoraenequipo.com.mx\/api\/wp\/v2\/tags?post=215599"}],"curies":[{"name":"wp","href":"https:\/\/api.w.org\/{rel}","templated":true}]}}