{"id":215602,"date":"2025-05-16T17:12:50","date_gmt":"2025-05-17T00:12:50","guid":{"rendered":"https:\/\/www.sonoraenequipo.com.mx\/?p=215602"},"modified":"2025-05-16T17:13:56","modified_gmt":"2025-05-17T00:13:56","slug":"ejercito-israeli-inicia-nueva-gran-ofensiva-en-gaza","status":"publish","type":"post","link":"https:\/\/www.sonoraenequipo.com.mx\/ejercito-israeli-inicia-nueva-gran-ofensiva-en-gaza\/","title":{"rendered":"Ej\u00e9rcito israel\u00ed inicia nueva gran ofensiva en Gaza"},"content":{"rendered":"<p>El ej\u00e9rcito de Israel anunci\u00f3 el s\u00e1bado (17.05.2025) que sus ataques en la Franja de Gaza, que se han intensificado en los dos \u00faltimos d\u00edas, tienen como objetivo \u00ablograr control operativo\u00bb en zonas del territorio y forman parte de los \u00abpreparativos para expandir las operaciones\u00bb militares.<\/p>\n<p>En un comunicado divulgado en Telegram, el ej\u00e9rcito admiti\u00f3 que realiza \u00abamplios ataques\u00bb y una movilizaci\u00f3n de tropas para cumplir con los objetivos de guerra, \u00abincluyendo la liberaci\u00f3n de rehenes y el desmantelamiento de la organizaci\u00f3n terrorista Ham\u00e1s\u00bb.<\/p>\n<p>Los bombardeos israel\u00edes han matado a cerca de 300 personas en el enclave desde la medianoche del mi\u00e9rcoles hasta el viernes. Solamente el viernes, la Defensa Civil gazat\u00ed contabiliz\u00f3 m\u00e1s de 100 v\u00edctimas mortales por los ataques, la mayor\u00eda concentrados en las \u00faltimas horas en el norte de la Franja.<\/p>\n<p>Los puntos m\u00e1s castigados por las fuerzas israel\u00edes en las \u00faltimas horas han sido cerca de una docena de viviendas del norte de la Franja, entre ellas algunas del campo de refugiados de Jabalia y de la localidad de Beit Lahia, confirmaron a la agencia efe fuentes locales.<\/p>\n<p>El pronunciamiento del ej\u00e9rcito israel\u00ed se conoci\u00f3 despu\u00e9s de que Ham\u00e1s acusara al primer ministro israel\u00ed, Benjam\u00edn Netanyahu, de \u00abseguir cometiendo un genocidio\u00bb.<\/p>\n<p>La \u00faltima cifra total de muertos, desde el inicio de la ofensiva israel\u00ed en la Franja en octubre de 2023 asciende a m\u00e1s de 53.119, la mayor\u00eda mujeres y ni\u00f1os, y la de heridos a 120.214, seg\u00fan el Ministerio de Sanidad.<\/p>\n<p><strong>NBC: Podr\u00edan trasladar a un mill\u00f3n de palestinos a Libia<\/strong><\/p>\n<p>La administraci\u00f3n de Donald Trump estar\u00eda trabajando en un plan para reubicar permanentemente hasta un mill\u00f3n de palestinos de Gaza en Libia, seg\u00fan revel\u00f3 la cadena estadounidense NBC News, citando a dos personas con conocimiento directo y a un ex funcionario de Estados Unidos.<\/p>\n<p>NBC inform\u00f3 que el plan est\u00e1 \u00abbajo seria consideraci\u00f3n\u00bb y que el gobierno de Trump lo discuti\u00f3 con las autoridades libias.<\/p>\n<p>A cambio de reasentar a los palestinos, Estados Unidos liberar\u00eda a Libia miles de millones de d\u00f3lares de los fondos de congel\u00f3 hace m\u00e1s de una d\u00e9cada, seg\u00fan las fuentes consultadas por NBC.<\/p>\n<p><strong>ONU: es una \u00ablimpieza \u00e9tnica\u00bb<\/strong><\/p>\n<p>Al respecto, el alto comisionado de la ONU para los derechos humanos, Volker T\u00fcrk, dijo que la actual ofensiva israel\u00ed en Gaza es \u00abequiparable a una limpieza \u00e9tnica\u00bb, y pidi\u00f3 mayor acci\u00f3n por parte de la comunidad internacional para evitar que contin\u00faen los asesinatos.<\/p>\n<p>\u00abTras la destrucci\u00f3n met\u00f3dica de barrios enteros y la negaci\u00f3n de asistencia humanitaria parece haber un intento de provocar un cambio demogr\u00e1fico permanente en Gaza, en desaf\u00edo al derecho internacional\u00bb, agreg\u00f3 T\u00fcrk en un comunicado.<\/p>\n<p>El alto comisionado conden\u00f3 el reciente ataque de dos de los centros hospitalarios m\u00e1s grandes de Jan Yunis, en el sur de Gaza, incluido el Hospital Europeo, \u00fanico que manten\u00eda servicios oncol\u00f3gicos, que en consecuencia ha dejado de funcionar.<\/p>\n<p>\u00abLos hospitales deben ser protegidos de ataques en todo momento, y a\u00fan m\u00e1s en tiempos de guerra\u00bb, declar\u00f3, para agregar que \u00abel asesinato de pacientes, de personas que visitan a sus seres queridos, de trabajadores de emergencia o de otros civiles que simplemente buscan refugio es tan tr\u00e1gico como abominable\u00bb.<\/p>\n<p>gs (efe, reuters, afp)<\/p>\n<p><strong>Fecha de publicaci\u00f3n <\/strong><strong>viernes 16<\/strong><strong> de mayo de 2025 \/<\/strong><\/p>\n","protected":false},"excerpt":{"rendered":"<p>El ej\u00e9rcito de Israel anunci\u00f3 el s\u00e1bado (17.05.2025) que sus ataques en la Franja de&#8230;<\/p>\n","protected":false},"author":1,"featured_media":215603,"comment_status":"open","ping_status":"open","sticky":false,"template":"","format":"standard","meta":{"_monsterinsights_skip_tracking":false,"_monsterinsights_sitenote_active":false,"_monsterinsights_sitenote_note":"","_monsterinsights_sitenote_category":0,"footnotes":""},"categories":[3],"tags":[10667],"class_list":["post"],"yoast_head":" \n<title>Sonora en Equipo. Ej\u00e9rcito israel\u00ed inicia nueva gran ofensiva en Gaza MUNDO<\/title>\n<meta name=\"description\" content=\"El ej\u00e9rcito de Israel anunci\u00f3 el s\u00e1bado (17.05.2025) que sus ataques en la Franja de Gaza, que se han intensificado en los dos \u00faltimos d\u00edas, tienen como En Sonora en Equipo publicamos toda la informaci\u00f3n de Sonora, M\u00e9xico y el Mundo de manera oportuna y busca que la libertad de expresi\u00f3n sea real. Visita nuestro medio informativo publicado desde Hermosillo, Sonora. %\" \/>\n<meta name=\"robots\" content=\"index, follow, max-snippet:-1, max-image-preview:large, max-video-preview:-1\" \/>\n<link rel=\"canonical\" href=\"https:\/\/www.sonoraenequipo.com.mx\/ejercito-israeli-inicia-nueva-gran-ofensiva-en-gaza\/\" \/>\n<meta property=\"og:locale\" content=\"es_ES\" \/>\n<meta property=\"og:type\" content=\"article\" \/>\n<meta property=\"og:title\" content=\"Sonora en Equipo. Ej\u00e9rcito israel\u00ed inicia nueva gran ofensiva en Gaza MUNDO\" \/>\n<meta property=\"og:description\" content=\"El ej\u00e9rcito de Israel anunci\u00f3 el s\u00e1bado (17.05.2025) que sus ataques en la Franja de Gaza, que se han intensificado en los dos \u00faltimos d\u00edas, tienen como En Sonora en Equipo publicamos toda la informaci\u00f3n de Sonora, M\u00e9xico y el Mundo de manera oportuna y busca que la libertad de expresi\u00f3n sea real. Visita nuestro medio informativo publicado desde Hermosillo, Sonora. %\" \/>\n<meta property=\"og:url\" content=\"https:\/\/www.sonoraenequipo.com.mx\/ejercito-israeli-inicia-nueva-gran-ofensiva-en-gaza\/\" \/>\n<meta property=\"og:site_name\" content=\"Sonora en Equipo.\" \/>\n<meta property=\"article:publisher\" content=\"https:\/\/www.facebook.com\/SonoraEE\/\" \/>\n<meta property=\"article:author\" content=\"https:\/\/www.facebook.com\/SonoraEE\" \/>\n<meta property=\"article:published_time\" content=\"2025-05-17T00:12:50+00:00\" \/>\n<meta property=\"article:modified_time\" content=\"2025-05-17T00:13:56+00:00\" \/>\n<meta property=\"og:image\" content=\"https:\/\/www.sonoraenequipo.com.mx\/storage\/2025\/05\/desplazados-palestina.jpg\" \/>\n\t<meta property=\"og:image:width\" content=\"600\" \/>\n\t<meta property=\"og:image:height\" content=\"400\" \/>\n\t<meta property=\"og:image:type\" content=\"image\/jpeg\" \/>\n<meta name=\"author\" content=\"enequipo\" \/>\n<meta name=\"twitter:card\" content=\"summary_large_image\" \/>\n<meta name=\"twitter:creator\" content=\"@sonoraenequipo\" \/>\n<meta name=\"twitter:site\" content=\"@sonoraenequipo\" \/>\n<meta name=\"twitter:label1\" content=\"Escrito por\" \/>\n\t<meta name=\"twitter:data1\" content=\"enequipo\" \/>\n\t<meta name=\"twitter:label2\" content=\"Tiempo de lectura\" \/>\n\t<meta name=\"twitter:data2\" content=\"3 minutos\" \/>\n<script type=\"application\/ld+json\" class=\"yoast-schema-graph\">{\"@context\":\"https:\/\/schema.org\",\"@graph\":[{\"@type\":\"Article\",\"@id\":\"https:\/\/www.sonoraenequipo.com.mx\/ejercito-israeli-inicia-nueva-gran-ofensiva-en-gaza\/#article\",\"isPartOf\":{\"@id\":\"https:\/\/www.sonoraenequipo.com.mx\/ejercito-israeli-inicia-nueva-gran-ofensiva-en-gaza\/\"},\"author\":{\"name\":\"enequipo\",\"@id\":\"https:\/\/www.sonoraenequipo.com.mx\/#\/schema\/person\/50102df0fb23a8fa9e8effad8fa81386\"},\"headline\":\"Ej\u00e9rcito israel\u00ed inicia nueva gran ofensiva en Gaza\",\"datePublished\":\"2025-05-17T00:12:50+00:00\",\"dateModified\":\"2025-05-17T00:13:56+00:00\",\"mainEntityOfPage\":{\"@id\":\"https:\/\/www.sonoraenequipo.com.mx\/ejercito-israeli-inicia-nueva-gran-ofensiva-en-gaza\/\"},\"wordCount\":592,\"commentCount\":0,\"publisher\":{\"@id\":\"https:\/\/www.sonoraenequipo.com.mx\/#organization\"},\"image\":{\"@id\":\"https:\/\/www.sonoraenequipo.com.mx\/ejercito-israeli-inicia-nueva-gran-ofensiva-en-gaza\/#primaryimage\"},\"thumbnailUrl\":\"https:\/\/www.sonoraenequipo.com.mx\/storage\/2025\/05\/desplazados-palestina.jpg\",\"keywords\":[\"guerra israel gaza\"],\"articleSection\":[\"MUNDO\"],\"inLanguage\":\"es\",\"potentialAction\":[{\"@type\":\"CommentAction\",\"name\":\"Comment\",\"target\":[\"https:\/\/www.sonoraenequipo.com.mx\/ejercito-israeli-inicia-nueva-gran-ofensiva-en-gaza\/#respond\"]}]},{\"@type\":\"WebPage\",\"@id\":\"https:\/\/www.sonoraenequipo.com.mx\/ejercito-israeli-inicia-nueva-gran-ofensiva-en-gaza\/\",\"url\":\"https:\/\/www.sonoraenequipo.com.mx\/ejercito-israeli-inicia-nueva-gran-ofensiva-en-gaza\/\",\"name\":\"Sonora en Equipo. Ej\u00e9rcito israel\u00ed inicia nueva gran ofensiva en Gaza MUNDO\",\"isPartOf\":{\"@id\":\"https:\/\/www.sonoraenequipo.com.mx\/#website\"},\"primaryImageOfPage\":{\"@id\":\"https:\/\/www.sonoraenequipo.com.mx\/ejercito-israeli-inicia-nueva-gran-ofensiva-en-gaza\/#primaryimage\"},\"image\":{\"@id\":\"https:\/\/www.sonoraenequipo.com.mx\/ejercito-israeli-inicia-nueva-gran-ofensiva-en-gaza\/#primaryimage\"},\"thumbnailUrl\":\"https:\/\/www.sonoraenequipo.com.mx\/storage\/2025\/05\/desplazados-palestina.jpg\",\"datePublished\":\"2025-05-17T00:12:50+00:00\",\"dateModified\":\"2025-05-17T00:13:56+00:00\",\"description\":\"El ej\u00e9rcito de Israel anunci\u00f3 el s\u00e1bado (17.05.2025) que sus ataques en la Franja de Gaza, que se han intensificado en los dos \u00faltimos d\u00edas, tienen como En Sonora en Equipo publicamos toda la informaci\u00f3n de Sonora, M\u00e9xico y el Mundo de manera oportuna y busca que la libertad de expresi\u00f3n sea real. Visita nuestro medio informativo publicado desde Hermosillo, Sonora. %\",\"breadcrumb\":{\"@id\":\"https:\/\/www.sonoraenequipo.com.mx\/ejercito-israeli-inicia-nueva-gran-ofensiva-en-gaza\/#breadcrumb\"},\"inLanguage\":\"es\",\"potentialAction\":[{\"@type\":\"ReadAction\",\"target\":[\"https:\/\/www.sonoraenequipo.com.mx\/ejercito-israeli-inicia-nueva-gran-ofensiva-en-gaza\/\"]}]},{\"@type\":\"ImageObject\",\"inLanguage\":\"es\",\"@id\":\"https:\/\/www.sonoraenequipo.com.mx\/ejercito-israeli-inicia-nueva-gran-ofensiva-en-gaza\/#primaryimage\",\"url\":\"https:\/\/www.sonoraenequipo.com.mx\/storage\/2025\/05\/desplazados-palestina.jpg\",\"contentUrl\":\"https:\/\/www.sonoraenequipo.com.mx\/storage\/2025\/05\/desplazados-palestina.jpg\",\"width\":600,\"height\":400,\"caption\":\"Palestinos desplazados que huyeron de los ataques militares israel\u00edes en la zona de Beit Lahia, llegan al norte de la franja en busca de refugio. (16.05.2025)Imagen: Jehad Alshrafi\/AP Photo\"},{\"@type\":\"BreadcrumbList\",\"@id\":\"https:\/\/www.sonoraenequipo.com.mx\/ejercito-israeli-inicia-nueva-gran-ofensiva-en-gaza\/#breadcrumb\",\"itemListElement\":[{\"@type\":\"ListItem\",\"position\":1,\"name\":\"Portada\",\"item\":\"https:\/\/www.sonoraenequipo.com.mx\/\"},{\"@type\":\"ListItem\",\"position\":2,\"name\":\"Ej\u00e9rcito israel\u00ed inicia nueva gran ofensiva en Gaza\"}]},{\"@type\":\"WebSite\",\"@id\":\"https:\/\/www.sonoraenequipo.com.mx\/#website\",\"url\":\"https:\/\/www.sonoraenequipo.com.mx\/\",\"name\":\"Sonora en Equipo.\",\"description\":\"Diario en l\u00ednea con Noticias desde Hermosillo, Sonora\",\"publisher\":{\"@id\":\"https:\/\/www.sonoraenequipo.com.mx\/#organization\"},\"potentialAction\":[{\"@type\":\"SearchAction\",\"target\":{\"@type\":\"EntryPoint\",\"urlTemplate\":\"https:\/\/www.sonoraenequipo.com.mx\/?s={search_term_string}\"},\"query-input\":{\"@type\":\"PropertyValueSpecification\",\"valueRequired\":true,\"valueName\":\"search_term_string\"}}],\"inLanguage\":\"es\"},{\"@type\":\"Organization\",\"@id\":\"https:\/\/www.sonoraenequipo.com.mx\/#organization\",\"name\":\"Sonoraenequipo.com.mx\",\"url\":\"https:\/\/www.sonoraenequipo.com.mx\/\",\"logo\":{\"@type\":\"ImageObject\",\"inLanguage\":\"es\",\"@id\":\"https:\/\/www.sonoraenequipo.com.mx\/#\/schema\/logo\/image\/\",\"url\":\"https:\/\/www.sonoraenequipo.com.mx\/storage\/2019\/01\/sonoraenequipo_opt.png\",\"contentUrl\":\"https:\/\/www.sonoraenequipo.com.mx\/storage\/2019\/01\/sonoraenequipo_opt.png\",\"width\":375,\"height\":125,\"caption\":\"Sonoraenequipo.com.mx\"},\"image\":{\"@id\":\"https:\/\/www.sonoraenequipo.com.mx\/#\/schema\/logo\/image\/\"},\"sameAs\":[\"https:\/\/www.facebook.com\/SonoraEE\/\",\"https:\/\/x.com\/sonoraenequipo\",\"https:\/\/www.youtube.com\/channel\/UC338nW-lPEYmJQs4ZABQ1SQ\"]},{\"@type\":\"Person\",\"@id\":\"https:\/\/www.sonoraenequipo.com.mx\/#\/schema\/person\/50102df0fb23a8fa9e8effad8fa81386\",\"name\":\"enequipo\",\"image\":{\"@type\":\"ImageObject\",\"inLanguage\":\"es\",\"@id\":\"https:\/\/www.sonoraenequipo.com.mx\/#\/schema\/person\/image\/\",\"url\":\"https:\/\/secure.gravatar.com\/avatar\/049821681b589dabc0bc20695993ccebb09f5b5d4d790cd9251b97faac7c652b?s=96&d=blank&r=g\",\"contentUrl\":\"https:\/\/secure.gravatar.com\/avatar\/049821681b589dabc0bc20695993ccebb09f5b5d4d790cd9251b97faac7c652b?s=96&d=blank&r=g\",\"caption\":\"enequipo\"},\"sameAs\":[\"https:\/\/www.facebook.com\/SonoraEE\"]}]}<\/script>\n ","yoast_head_json":{"title":"Sonora en Equipo. Ej\u00e9rcito israel\u00ed inicia nueva gran ofensiva en Gaza MUNDO","description":"El ej\u00e9rcito de Israel anunci\u00f3 el s\u00e1bado (17.05.2025) que sus ataques en la Franja de Gaza, que se han intensificado en los dos \u00faltimos d\u00edas, tienen como En Sonora en Equipo publicamos toda la informaci\u00f3n de Sonora, M\u00e9xico y el Mundo de manera oportuna y busca que la libertad de expresi\u00f3n sea real. Visita nuestro medio informativo publicado desde Hermosillo, Sonora. %","robots":{"index":"index","follow":"follow","max-snippet":"max-snippet:-1","max-image-preview":"max-image-preview:large","max-video-preview":"max-video-preview:-1"},"canonical":"https:\/\/www.sonoraenequipo.com.mx\/ejercito-israeli-inicia-nueva-gran-ofensiva-en-gaza\/","og_locale":"es_ES","og_type":"article","og_title":"Sonora en Equipo. Ej\u00e9rcito israel\u00ed inicia nueva gran ofensiva en Gaza MUNDO","og_description":"El ej\u00e9rcito de Israel anunci\u00f3 el s\u00e1bado (17.05.2025) que sus ataques en la Franja de Gaza, que se han intensificado en los dos \u00faltimos d\u00edas, tienen como En Sonora en Equipo publicamos toda la informaci\u00f3n de Sonora, M\u00e9xico y el Mundo de manera oportuna y busca que la libertad de expresi\u00f3n sea real. Visita nuestro medio informativo publicado desde Hermosillo, Sonora. %","og_url":"https:\/\/www.sonoraenequipo.com.mx\/ejercito-israeli-inicia-nueva-gran-ofensiva-en-gaza\/","og_site_name":"Sonora en Equipo.","article_publisher":"https:\/\/www.facebook.com\/SonoraEE\/","article_author":"https:\/\/www.facebook.com\/SonoraEE","article_published_time":"2025-05-17T00:12:50+00:00","article_modified_time":"2025-05-17T00:13:56+00:00","og_image":[{"width":600,"height":400,"url":"https:\/\/www.sonoraenequipo.com.mx\/storage\/2025\/05\/desplazados-palestina.jpg","type":"image\/jpeg"}],"author":"enequipo","twitter_card":"summary_large_image","twitter_creator":"@sonoraenequipo","twitter_site":"@sonoraenequipo","twitter_misc":{"Escrito por":"enequipo","Tiempo de lectura":"3 minutos"},"schema":{"@context":"https:\/\/schema.org","@graph":[{"@type":"Article","@id":"https:\/\/www.sonoraenequipo.com.mx\/ejercito-israeli-inicia-nueva-gran-ofensiva-en-gaza\/#article","isPartOf":{"@id":"https:\/\/www.sonoraenequipo.com.mx\/ejercito-israeli-inicia-nueva-gran-ofensiva-en-gaza\/"},"author":{"name":"enequipo","@id":"https:\/\/www.sonoraenequipo.com.mx\/#\/schema\/person\/50102df0fb23a8fa9e8effad8fa81386"},"headline":"Ej\u00e9rcito israel\u00ed inicia nueva gran ofensiva en Gaza","datePublished":"2025-05-17T00:12:50+00:00","dateModified":"2025-05-17T00:13:56+00:00","mainEntityOfPage":{"@id":"https:\/\/www.sonoraenequipo.com.mx\/ejercito-israeli-inicia-nueva-gran-ofensiva-en-gaza\/"},"wordCount":592,"commentCount":0,"publisher":{"@id":"https:\/\/www.sonoraenequipo.com.mx\/#organization"},"image":{"@id":"https:\/\/www.sonoraenequipo.com.mx\/ejercito-israeli-inicia-nueva-gran-ofensiva-en-gaza\/#primaryimage"},"thumbnailUrl":"https:\/\/www.sonoraenequipo.com.mx\/storage\/2025\/05\/desplazados-palestina.jpg","keywords":["guerra israel gaza"],"articleSection":["MUNDO"],"inLanguage":"es","potentialAction":[{"@type":"CommentAction","name":"Comment","target":["https:\/\/www.sonoraenequipo.com.mx\/ejercito-israeli-inicia-nueva-gran-ofensiva-en-gaza\/#respond"]}]},{"@type":"WebPage","@id":"https:\/\/www.sonoraenequipo.com.mx\/ejercito-israeli-inicia-nueva-gran-ofensiva-en-gaza\/","url":"https:\/\/www.sonoraenequipo.com.mx\/ejercito-israeli-inicia-nueva-gran-ofensiva-en-gaza\/","name":"Sonora en Equipo. Ej\u00e9rcito israel\u00ed inicia nueva gran ofensiva en Gaza MUNDO","isPartOf":{"@id":"https:\/\/www.sonoraenequipo.com.mx\/#website"},"primaryImageOfPage":{"@id":"https:\/\/www.sonoraenequipo.com.mx\/ejercito-israeli-inicia-nueva-gran-ofensiva-en-gaza\/#primaryimage"},"image":{"@id":"https:\/\/www.sonoraenequipo.com.mx\/ejercito-israeli-inicia-nueva-gran-ofensiva-en-gaza\/#primaryimage"},"thumbnailUrl":"https:\/\/www.sonoraenequipo.com.mx\/storage\/2025\/05\/desplazados-palestina.jpg","datePublished":"2025-05-17T00:12:50+00:00","dateModified":"2025-05-17T00:13:56+00:00","description":"El ej\u00e9rcito de Israel anunci\u00f3 el s\u00e1bado (17.05.2025) que sus ataques en la Franja de Gaza, que se han intensificado en los dos \u00faltimos d\u00edas, tienen como En Sonora en Equipo publicamos toda la informaci\u00f3n de Sonora, M\u00e9xico y el Mundo de manera oportuna y busca que la libertad de expresi\u00f3n sea real. Visita nuestro medio informativo publicado desde Hermosillo, Sonora. %","breadcrumb":{"@id":"https:\/\/www.sonoraenequipo.com.mx\/ejercito-israeli-inicia-nueva-gran-ofensiva-en-gaza\/#breadcrumb"},"inLanguage":"es","potentialAction":[{"@type":"ReadAction","target":["https:\/\/www.sonoraenequipo.com.mx\/ejercito-israeli-inicia-nueva-gran-ofensiva-en-gaza\/"]}]},{"@type":"ImageObject","inLanguage":"es","@id":"https:\/\/www.sonoraenequipo.com.mx\/ejercito-israeli-inicia-nueva-gran-ofensiva-en-gaza\/#primaryimage","url":"https:\/\/www.sonoraenequipo.com.mx\/storage\/2025\/05\/desplazados-palestina.jpg","contentUrl":"https:\/\/www.sonoraenequipo.com.mx\/storage\/2025\/05\/desplazados-palestina.jpg","width":600,"height":400,"caption":"Palestinos desplazados que huyeron de los ataques militares israel\u00edes en la zona de Beit Lahia, llegan al norte de la franja en busca de refugio. (16.05.2025)Imagen: Jehad Alshrafi\/AP Photo"},{"@type":"BreadcrumbList","@id":"https:\/\/www.sonoraenequipo.com.mx\/ejercito-israeli-inicia-nueva-gran-ofensiva-en-gaza\/#breadcrumb","itemListElement":[{"@type":"ListItem","position":1,"name":"Portada","item":"https:\/\/www.sonoraenequipo.com.mx\/"},{"@type":"ListItem","position":2,"name":"Ej\u00e9rcito israel\u00ed inicia nueva gran ofensiva en Gaza"}]},{"@type":"WebSite","@id":"https:\/\/www.sonoraenequipo.com.mx\/#website","url":"https:\/\/www.sonoraenequipo.com.mx\/","name":"Sonora en Equipo.","description":"Diario en l\u00ednea con Noticias desde Hermosillo, Sonora","publisher":{"@id":"https:\/\/www.sonoraenequipo.com.mx\/#organization"},"potentialAction":[{"@type":"SearchAction","target":{"@type":"EntryPoint","urlTemplate":"https:\/\/www.sonoraenequipo.com.mx\/?s={search_term_string}"},"query-input":{"@type":"PropertyValueSpecification","valueRequired":true,"valueName":"search_term_string"}}],"inLanguage":"es"},{"@type":"Organization","@id":"https:\/\/www.sonoraenequipo.com.mx\/#organization","name":"Sonoraenequipo.com.mx","url":"https:\/\/www.sonoraenequipo.com.mx\/","logo":{"@type":"ImageObject","inLanguage":"es","@id":"https:\/\/www.sonoraenequipo.com.mx\/#\/schema\/logo\/image\/","url":"https:\/\/www.sonoraenequipo.com.mx\/storage\/2019\/01\/sonoraenequipo_opt.png","contentUrl":"https:\/\/www.sonoraenequipo.com.mx\/storage\/2019\/01\/sonoraenequipo_opt.png","width":375,"height":125,"caption":"Sonoraenequipo.com.mx"},"image":{"@id":"https:\/\/www.sonoraenequipo.com.mx\/#\/schema\/logo\/image\/"},"sameAs":["https:\/\/www.facebook.com\/SonoraEE\/","https:\/\/x.com\/sonoraenequipo","https:\/\/www.youtube.com\/channel\/UC338nW-lPEYmJQs4ZABQ1SQ"]},{"@type":"Person","@id":"https:\/\/www.sonoraenequipo.com.mx\/#\/schema\/person\/50102df0fb23a8fa9e8effad8fa81386","name":"enequipo","image":{"@type":"ImageObject","inLanguage":"es","@id":"https:\/\/www.sonoraenequipo.com.mx\/#\/schema\/person\/image\/","url":"https:\/\/secure.gravatar.com\/avatar\/049821681b589dabc0bc20695993ccebb09f5b5d4d790cd9251b97faac7c652b?s=96&d=blank&r=g","contentUrl":"https:\/\/secure.gravatar.com\/avatar\/049821681b589dabc0bc20695993ccebb09f5b5d4d790cd9251b97faac7c652b?s=96&d=blank&r=g","caption":"enequipo"},"sameAs":["https:\/\/www.facebook.com\/SonoraEE"]}]}},"jetpack_featured_media_url":"https:\/\/www.sonoraenequipo.com.mx\/storage\/2025\/05\/desplazados-palestina.jpg","_links":{"self":[{"href":"https:\/\/www.sonoraenequipo.com.mx\/api\/wp\/v2\/posts\/215602","targetHints":{"allow":["GET"]}}],"collection":[{"href":"https:\/\/www.sonoraenequipo.com.mx\/api\/wp\/v2\/posts"}],"about":[{"href":"https:\/\/www.sonoraenequipo.com.mx\/api\/wp\/v2\/types\/post"}],"author":[{"embeddable":true,"href":"https:\/\/www.sonoraenequipo.com.mx\/api\/wp\/v2\/users\/1"}],"replies":[{"embeddable":true,"href":"https:\/\/www.sonoraenequipo.com.mx\/api\/wp\/v2\/comments?post=215602"}],"version-history":[{"count":2,"href":"https:\/\/www.sonoraenequipo.com.mx\/api\/wp\/v2\/posts\/215602\/revisions"}],"predecessor-version":[{"id":215605,"href":"https:\/\/www.sonoraenequipo.com.mx\/api\/wp\/v2\/posts\/215602\/revisions\/215605"}],"wp:featuredmedia":[{"embeddable":true,"href":"https:\/\/www.sonoraenequipo.com.mx\/api\/wp\/v2\/media\/215603"}],"wp:attachment":[{"href":"https:\/\/www.sonoraenequipo.com.mx\/api\/wp\/v2\/media?parent=215602"}],"wp:term":[{"taxonomy":"category","embeddable":true,"href":"https:\/\/www.sonoraenequipo.com.mx\/api\/wp\/v2\/categories?post=215602"},{"taxonomy":"post_tag","embeddable":true,"href":"https:\/\/www.sonoraenequipo.com.mx\/api\/wp\/v2\/tags?post=215602"}],"curies":[{"name":"wp","href":"https:\/\/api.w.org\/{rel}","templated":true}]}}