{"id":215625,"date":"2025-05-17T13:35:08","date_gmt":"2025-05-17T20:35:08","guid":{"rendered":"https:\/\/www.sonoraenequipo.com.mx\/?p=215625"},"modified":"2025-05-17T13:35:08","modified_gmt":"2025-05-17T20:35:08","slug":"prepara-dif-hermosillo-e-ihj-congreso-se-extraordinario","status":"publish","type":"post","link":"https:\/\/www.sonoraenequipo.com.mx\/prepara-dif-hermosillo-e-ihj-congreso-se-extraordinario\/","title":{"rendered":"Prepara DIF Hermosillo e IHJ Congreso \u201cS\u00e9 Extraordinario\u201d"},"content":{"rendered":"<p><strong>HERMOSILLO, SONORA, MX.<\/strong> \u2014 Con el objetivo de proporcionar a las y los j\u00f3venes participantes herramientas que les permitan comprenderse, sanar y proyectarse hacia un futuro pleno, libre y sano, el Instituto Municipal de la Juventud Hermosillense (IHJ) y la Direcci\u00f3n de la Familia de DIF Hermosillo preparan el Congreso Juvenil \u201cS\u00e9 Extraordinario\u201d.<\/p>\n<p>&nbsp;<\/p>\n<p>&nbsp;<\/p>\n<p>&nbsp;<\/p>\n<p>Francisco Villaescusa, director del Instituto, anunci\u00f3 ayer (16\/05\/2025) que esta actividad se desarrollar\u00e1 el pr\u00f3ximo martes 20 de mayo en el sal\u00f3n Venetto de Expo Forum, con el prop\u00f3sito de fortalecer al n\u00facleo familiar.<\/p>\n<p>&nbsp;<\/p>\n<p>&nbsp;<\/p>\n<p>&nbsp;<\/p>\n<p>El funcionario explic\u00f3 que la din\u00e1mica de este congreso ser\u00e1 intensiva a partir de las 7:00 horas, con actividades interactivas que incluyen talleres en los que se abordar\u00e1n temas diversos relacionados con el autodescubrimiento, autoestima, sanaci\u00f3n interior y definici\u00f3n de un plan de vida.<\/p>\n<p>&nbsp;<\/p>\n<p>&nbsp;<\/p>\n<p>&nbsp;<\/p>\n<p>Mencion\u00f3 que ya est\u00e1 confirmada la asistencia de estudiantes de COBACH y Cecytes, tanto del \u00e1rea urbana como de Miguel Alem\u00e1n, a quienes se les proporcionar\u00e1 apoyo con transporte en los camiones el\u00e9ctricos del sistema H Bus, y est\u00e1 abierta la oportunidad para quienes deseen sumarse registr\u00e1ndose a trav\u00e9s de las redes sociales del Instituto Municipal de la Juventud Hermosillense.<\/p>\n<p>&nbsp;<\/p>\n<p>&nbsp;<\/p>\n<p>&nbsp;<\/p>\n<p>Inform\u00f3 que participar\u00e1n los conferencistas Marcos Lome, las hermanas del grupo Somos Buscaminas, Jorge Rinc\u00f3n, Perla V\u00e1squez y Daniel Garc\u00eda. \u201cSon 5 conferencistas en el tema de j\u00f3venes, es lo que buscamos, que los j\u00f3venes se auto conozcan, es lo que busca este congreso S\u00e9 Extraordinario, cuyo lema es: Escribe tu nueva historia\u201d, concluy\u00f3.<\/p>\n<p><strong>Fecha de publicaci\u00f3n <\/strong><strong>s\u00e1bado 17<\/strong><strong> de mayo de 2025 \/<\/strong><\/p>\n<p>&nbsp;<\/p>\n<p>&nbsp;<\/p>\n","protected":false},"excerpt":{"rendered":"<p>HERMOSILLO, SONORA, MX. \u2014 Con el objetivo de proporcionar a las y los j\u00f3venes participantes&#8230;<\/p>\n","protected":false},"author":1,"featured_media":215626,"comment_status":"open","ping_status":"open","sticky":false,"template":"","format":"standard","meta":{"_monsterinsights_skip_tracking":false,"_monsterinsights_sitenote_active":false,"_monsterinsights_sitenote_note":"","_monsterinsights_sitenote_category":0,"footnotes":""},"categories":[4],"tags":[11230],"class_list":["post"],"yoast_head":" \n<title>Sonora en Equipo. Prepara DIF Hermosillo e IHJ Congreso \u201cS\u00e9 Extraordinario\u201d Municipios<\/title>\n<meta name=\"description\" content=\"HERMOSILLO, SONORA, MX. \u2014 Con el objetivo de proporcionar a las y los j\u00f3venes participantes herramientas que les permitan comprenderse, sanar y En Sonora en Equipo publicamos toda la informaci\u00f3n de Sonora, M\u00e9xico y el Mundo de manera oportuna y busca que la libertad de expresi\u00f3n sea real. Visita nuestro medio informativo publicado desde Hermosillo, Sonora. %\" \/>\n<meta name=\"robots\" content=\"index, follow, max-snippet:-1, max-image-preview:large, max-video-preview:-1\" \/>\n<link rel=\"canonical\" href=\"https:\/\/www.sonoraenequipo.com.mx\/prepara-dif-hermosillo-e-ihj-congreso-se-extraordinario\/\" \/>\n<meta property=\"og:locale\" content=\"es_ES\" \/>\n<meta property=\"og:type\" content=\"article\" \/>\n<meta property=\"og:title\" content=\"Sonora en Equipo. Prepara DIF Hermosillo e IHJ Congreso \u201cS\u00e9 Extraordinario\u201d Municipios\" \/>\n<meta property=\"og:description\" content=\"HERMOSILLO, SONORA, MX. \u2014 Con el objetivo de proporcionar a las y los j\u00f3venes participantes herramientas que les permitan comprenderse, sanar y En Sonora en Equipo publicamos toda la informaci\u00f3n de Sonora, M\u00e9xico y el Mundo de manera oportuna y busca que la libertad de expresi\u00f3n sea real. Visita nuestro medio informativo publicado desde Hermosillo, Sonora. %\" \/>\n<meta property=\"og:url\" content=\"https:\/\/www.sonoraenequipo.com.mx\/prepara-dif-hermosillo-e-ihj-congreso-se-extraordinario\/\" \/>\n<meta property=\"og:site_name\" content=\"Sonora en Equipo.\" \/>\n<meta property=\"article:publisher\" content=\"https:\/\/www.facebook.com\/SonoraEE\/\" \/>\n<meta property=\"article:author\" content=\"https:\/\/www.facebook.com\/SonoraEE\" \/>\n<meta property=\"article:published_time\" content=\"2025-05-17T20:35:08+00:00\" \/>\n<meta property=\"og:image\" content=\"https:\/\/www.sonoraenequipo.com.mx\/storage\/2025\/05\/francisco-villaescusa.jpg\" \/>\n\t<meta property=\"og:image:width\" content=\"600\" \/>\n\t<meta property=\"og:image:height\" content=\"400\" \/>\n\t<meta property=\"og:image:type\" content=\"image\/jpeg\" \/>\n<meta name=\"author\" content=\"enequipo\" \/>\n<meta name=\"twitter:card\" content=\"summary_large_image\" \/>\n<meta name=\"twitter:creator\" content=\"@sonoraenequipo\" \/>\n<meta name=\"twitter:site\" content=\"@sonoraenequipo\" \/>\n<meta name=\"twitter:label1\" content=\"Escrito por\" \/>\n\t<meta name=\"twitter:data1\" content=\"enequipo\" \/>\n\t<meta name=\"twitter:label2\" content=\"Tiempo de lectura\" \/>\n\t<meta name=\"twitter:data2\" content=\"1 minuto\" \/>\n<script type=\"application\/ld+json\" class=\"yoast-schema-graph\">{\"@context\":\"https:\/\/schema.org\",\"@graph\":[{\"@type\":\"Article\",\"@id\":\"https:\/\/www.sonoraenequipo.com.mx\/prepara-dif-hermosillo-e-ihj-congreso-se-extraordinario\/#article\",\"isPartOf\":{\"@id\":\"https:\/\/www.sonoraenequipo.com.mx\/prepara-dif-hermosillo-e-ihj-congreso-se-extraordinario\/\"},\"author\":{\"name\":\"enequipo\",\"@id\":\"https:\/\/www.sonoraenequipo.com.mx\/#\/schema\/person\/50102df0fb23a8fa9e8effad8fa81386\"},\"headline\":\"Prepara DIF Hermosillo e IHJ Congreso \u201cS\u00e9 Extraordinario\u201d\",\"datePublished\":\"2025-05-17T20:35:08+00:00\",\"mainEntityOfPage\":{\"@id\":\"https:\/\/www.sonoraenequipo.com.mx\/prepara-dif-hermosillo-e-ihj-congreso-se-extraordinario\/\"},\"wordCount\":291,\"commentCount\":0,\"publisher\":{\"@id\":\"https:\/\/www.sonoraenequipo.com.mx\/#organization\"},\"image\":{\"@id\":\"https:\/\/www.sonoraenequipo.com.mx\/prepara-dif-hermosillo-e-ihj-congreso-se-extraordinario\/#primaryimage\"},\"thumbnailUrl\":\"https:\/\/www.sonoraenequipo.com.mx\/storage\/2025\/05\/francisco-villaescusa.jpg\",\"keywords\":[\"s\u00e9 extraordinario\"],\"articleSection\":[\"Municipios\"],\"inLanguage\":\"es\",\"potentialAction\":[{\"@type\":\"CommentAction\",\"name\":\"Comment\",\"target\":[\"https:\/\/www.sonoraenequipo.com.mx\/prepara-dif-hermosillo-e-ihj-congreso-se-extraordinario\/#respond\"]}]},{\"@type\":\"WebPage\",\"@id\":\"https:\/\/www.sonoraenequipo.com.mx\/prepara-dif-hermosillo-e-ihj-congreso-se-extraordinario\/\",\"url\":\"https:\/\/www.sonoraenequipo.com.mx\/prepara-dif-hermosillo-e-ihj-congreso-se-extraordinario\/\",\"name\":\"Sonora en Equipo. Prepara DIF Hermosillo e IHJ Congreso \u201cS\u00e9 Extraordinario\u201d Municipios\",\"isPartOf\":{\"@id\":\"https:\/\/www.sonoraenequipo.com.mx\/#website\"},\"primaryImageOfPage\":{\"@id\":\"https:\/\/www.sonoraenequipo.com.mx\/prepara-dif-hermosillo-e-ihj-congreso-se-extraordinario\/#primaryimage\"},\"image\":{\"@id\":\"https:\/\/www.sonoraenequipo.com.mx\/prepara-dif-hermosillo-e-ihj-congreso-se-extraordinario\/#primaryimage\"},\"thumbnailUrl\":\"https:\/\/www.sonoraenequipo.com.mx\/storage\/2025\/05\/francisco-villaescusa.jpg\",\"datePublished\":\"2025-05-17T20:35:08+00:00\",\"description\":\"HERMOSILLO, SONORA, MX. \u2014 Con el objetivo de proporcionar a las y los j\u00f3venes participantes herramientas que les permitan comprenderse, sanar y En Sonora en Equipo publicamos toda la informaci\u00f3n de Sonora, M\u00e9xico y el Mundo de manera oportuna y busca que la libertad de expresi\u00f3n sea real. Visita nuestro medio informativo publicado desde Hermosillo, Sonora. %\",\"breadcrumb\":{\"@id\":\"https:\/\/www.sonoraenequipo.com.mx\/prepara-dif-hermosillo-e-ihj-congreso-se-extraordinario\/#breadcrumb\"},\"inLanguage\":\"es\",\"potentialAction\":[{\"@type\":\"ReadAction\",\"target\":[\"https:\/\/www.sonoraenequipo.com.mx\/prepara-dif-hermosillo-e-ihj-congreso-se-extraordinario\/\"]}]},{\"@type\":\"ImageObject\",\"inLanguage\":\"es\",\"@id\":\"https:\/\/www.sonoraenequipo.com.mx\/prepara-dif-hermosillo-e-ihj-congreso-se-extraordinario\/#primaryimage\",\"url\":\"https:\/\/www.sonoraenequipo.com.mx\/storage\/2025\/05\/francisco-villaescusa.jpg\",\"contentUrl\":\"https:\/\/www.sonoraenequipo.com.mx\/storage\/2025\/05\/francisco-villaescusa.jpg\",\"width\":600,\"height\":400,\"caption\":\"Francisco Villaescusa, director del IHJ\"},{\"@type\":\"BreadcrumbList\",\"@id\":\"https:\/\/www.sonoraenequipo.com.mx\/prepara-dif-hermosillo-e-ihj-congreso-se-extraordinario\/#breadcrumb\",\"itemListElement\":[{\"@type\":\"ListItem\",\"position\":1,\"name\":\"Portada\",\"item\":\"https:\/\/www.sonoraenequipo.com.mx\/\"},{\"@type\":\"ListItem\",\"position\":2,\"name\":\"Prepara DIF Hermosillo e IHJ Congreso \u201cS\u00e9 Extraordinario\u201d\"}]},{\"@type\":\"WebSite\",\"@id\":\"https:\/\/www.sonoraenequipo.com.mx\/#website\",\"url\":\"https:\/\/www.sonoraenequipo.com.mx\/\",\"name\":\"Sonora en Equipo.\",\"description\":\"Diario en l\u00ednea con Noticias desde Hermosillo, Sonora\",\"publisher\":{\"@id\":\"https:\/\/www.sonoraenequipo.com.mx\/#organization\"},\"potentialAction\":[{\"@type\":\"SearchAction\",\"target\":{\"@type\":\"EntryPoint\",\"urlTemplate\":\"https:\/\/www.sonoraenequipo.com.mx\/?s={search_term_string}\"},\"query-input\":{\"@type\":\"PropertyValueSpecification\",\"valueRequired\":true,\"valueName\":\"search_term_string\"}}],\"inLanguage\":\"es\"},{\"@type\":\"Organization\",\"@id\":\"https:\/\/www.sonoraenequipo.com.mx\/#organization\",\"name\":\"Sonoraenequipo.com.mx\",\"url\":\"https:\/\/www.sonoraenequipo.com.mx\/\",\"logo\":{\"@type\":\"ImageObject\",\"inLanguage\":\"es\",\"@id\":\"https:\/\/www.sonoraenequipo.com.mx\/#\/schema\/logo\/image\/\",\"url\":\"https:\/\/www.sonoraenequipo.com.mx\/storage\/2019\/01\/sonoraenequipo_opt.png\",\"contentUrl\":\"https:\/\/www.sonoraenequipo.com.mx\/storage\/2019\/01\/sonoraenequipo_opt.png\",\"width\":375,\"height\":125,\"caption\":\"Sonoraenequipo.com.mx\"},\"image\":{\"@id\":\"https:\/\/www.sonoraenequipo.com.mx\/#\/schema\/logo\/image\/\"},\"sameAs\":[\"https:\/\/www.facebook.com\/SonoraEE\/\",\"https:\/\/x.com\/sonoraenequipo\",\"https:\/\/www.youtube.com\/channel\/UC338nW-lPEYmJQs4ZABQ1SQ\"]},{\"@type\":\"Person\",\"@id\":\"https:\/\/www.sonoraenequipo.com.mx\/#\/schema\/person\/50102df0fb23a8fa9e8effad8fa81386\",\"name\":\"enequipo\",\"image\":{\"@type\":\"ImageObject\",\"inLanguage\":\"es\",\"@id\":\"https:\/\/www.sonoraenequipo.com.mx\/#\/schema\/person\/image\/\",\"url\":\"https:\/\/secure.gravatar.com\/avatar\/049821681b589dabc0bc20695993ccebb09f5b5d4d790cd9251b97faac7c652b?s=96&d=blank&r=g\",\"contentUrl\":\"https:\/\/secure.gravatar.com\/avatar\/049821681b589dabc0bc20695993ccebb09f5b5d4d790cd9251b97faac7c652b?s=96&d=blank&r=g\",\"caption\":\"enequipo\"},\"sameAs\":[\"https:\/\/www.facebook.com\/SonoraEE\"]}]}<\/script>\n ","yoast_head_json":{"title":"Sonora en Equipo. Prepara DIF Hermosillo e IHJ Congreso \u201cS\u00e9 Extraordinario\u201d Municipios","description":"HERMOSILLO, SONORA, MX. \u2014 Con el objetivo de proporcionar a las y los j\u00f3venes participantes herramientas que les permitan comprenderse, sanar y En Sonora en Equipo publicamos toda la informaci\u00f3n de Sonora, M\u00e9xico y el Mundo de manera oportuna y busca que la libertad de expresi\u00f3n sea real. Visita nuestro medio informativo publicado desde Hermosillo, Sonora. %","robots":{"index":"index","follow":"follow","max-snippet":"max-snippet:-1","max-image-preview":"max-image-preview:large","max-video-preview":"max-video-preview:-1"},"canonical":"https:\/\/www.sonoraenequipo.com.mx\/prepara-dif-hermosillo-e-ihj-congreso-se-extraordinario\/","og_locale":"es_ES","og_type":"article","og_title":"Sonora en Equipo. Prepara DIF Hermosillo e IHJ Congreso \u201cS\u00e9 Extraordinario\u201d Municipios","og_description":"HERMOSILLO, SONORA, MX. \u2014 Con el objetivo de proporcionar a las y los j\u00f3venes participantes herramientas que les permitan comprenderse, sanar y En Sonora en Equipo publicamos toda la informaci\u00f3n de Sonora, M\u00e9xico y el Mundo de manera oportuna y busca que la libertad de expresi\u00f3n sea real. Visita nuestro medio informativo publicado desde Hermosillo, Sonora. %","og_url":"https:\/\/www.sonoraenequipo.com.mx\/prepara-dif-hermosillo-e-ihj-congreso-se-extraordinario\/","og_site_name":"Sonora en Equipo.","article_publisher":"https:\/\/www.facebook.com\/SonoraEE\/","article_author":"https:\/\/www.facebook.com\/SonoraEE","article_published_time":"2025-05-17T20:35:08+00:00","og_image":[{"width":600,"height":400,"url":"https:\/\/www.sonoraenequipo.com.mx\/storage\/2025\/05\/francisco-villaescusa.jpg","type":"image\/jpeg"}],"author":"enequipo","twitter_card":"summary_large_image","twitter_creator":"@sonoraenequipo","twitter_site":"@sonoraenequipo","twitter_misc":{"Escrito por":"enequipo","Tiempo de lectura":"1 minuto"},"schema":{"@context":"https:\/\/schema.org","@graph":[{"@type":"Article","@id":"https:\/\/www.sonoraenequipo.com.mx\/prepara-dif-hermosillo-e-ihj-congreso-se-extraordinario\/#article","isPartOf":{"@id":"https:\/\/www.sonoraenequipo.com.mx\/prepara-dif-hermosillo-e-ihj-congreso-se-extraordinario\/"},"author":{"name":"enequipo","@id":"https:\/\/www.sonoraenequipo.com.mx\/#\/schema\/person\/50102df0fb23a8fa9e8effad8fa81386"},"headline":"Prepara DIF Hermosillo e IHJ Congreso \u201cS\u00e9 Extraordinario\u201d","datePublished":"2025-05-17T20:35:08+00:00","mainEntityOfPage":{"@id":"https:\/\/www.sonoraenequipo.com.mx\/prepara-dif-hermosillo-e-ihj-congreso-se-extraordinario\/"},"wordCount":291,"commentCount":0,"publisher":{"@id":"https:\/\/www.sonoraenequipo.com.mx\/#organization"},"image":{"@id":"https:\/\/www.sonoraenequipo.com.mx\/prepara-dif-hermosillo-e-ihj-congreso-se-extraordinario\/#primaryimage"},"thumbnailUrl":"https:\/\/www.sonoraenequipo.com.mx\/storage\/2025\/05\/francisco-villaescusa.jpg","keywords":["s\u00e9 extraordinario"],"articleSection":["Municipios"],"inLanguage":"es","potentialAction":[{"@type":"CommentAction","name":"Comment","target":["https:\/\/www.sonoraenequipo.com.mx\/prepara-dif-hermosillo-e-ihj-congreso-se-extraordinario\/#respond"]}]},{"@type":"WebPage","@id":"https:\/\/www.sonoraenequipo.com.mx\/prepara-dif-hermosillo-e-ihj-congreso-se-extraordinario\/","url":"https:\/\/www.sonoraenequipo.com.mx\/prepara-dif-hermosillo-e-ihj-congreso-se-extraordinario\/","name":"Sonora en Equipo. Prepara DIF Hermosillo e IHJ Congreso \u201cS\u00e9 Extraordinario\u201d Municipios","isPartOf":{"@id":"https:\/\/www.sonoraenequipo.com.mx\/#website"},"primaryImageOfPage":{"@id":"https:\/\/www.sonoraenequipo.com.mx\/prepara-dif-hermosillo-e-ihj-congreso-se-extraordinario\/#primaryimage"},"image":{"@id":"https:\/\/www.sonoraenequipo.com.mx\/prepara-dif-hermosillo-e-ihj-congreso-se-extraordinario\/#primaryimage"},"thumbnailUrl":"https:\/\/www.sonoraenequipo.com.mx\/storage\/2025\/05\/francisco-villaescusa.jpg","datePublished":"2025-05-17T20:35:08+00:00","description":"HERMOSILLO, SONORA, MX. \u2014 Con el objetivo de proporcionar a las y los j\u00f3venes participantes herramientas que les permitan comprenderse, sanar y En Sonora en Equipo publicamos toda la informaci\u00f3n de Sonora, M\u00e9xico y el Mundo de manera oportuna y busca que la libertad de expresi\u00f3n sea real. Visita nuestro medio informativo publicado desde Hermosillo, Sonora. %","breadcrumb":{"@id":"https:\/\/www.sonoraenequipo.com.mx\/prepara-dif-hermosillo-e-ihj-congreso-se-extraordinario\/#breadcrumb"},"inLanguage":"es","potentialAction":[{"@type":"ReadAction","target":["https:\/\/www.sonoraenequipo.com.mx\/prepara-dif-hermosillo-e-ihj-congreso-se-extraordinario\/"]}]},{"@type":"ImageObject","inLanguage":"es","@id":"https:\/\/www.sonoraenequipo.com.mx\/prepara-dif-hermosillo-e-ihj-congreso-se-extraordinario\/#primaryimage","url":"https:\/\/www.sonoraenequipo.com.mx\/storage\/2025\/05\/francisco-villaescusa.jpg","contentUrl":"https:\/\/www.sonoraenequipo.com.mx\/storage\/2025\/05\/francisco-villaescusa.jpg","width":600,"height":400,"caption":"Francisco Villaescusa, director del IHJ"},{"@type":"BreadcrumbList","@id":"https:\/\/www.sonoraenequipo.com.mx\/prepara-dif-hermosillo-e-ihj-congreso-se-extraordinario\/#breadcrumb","itemListElement":[{"@type":"ListItem","position":1,"name":"Portada","item":"https:\/\/www.sonoraenequipo.com.mx\/"},{"@type":"ListItem","position":2,"name":"Prepara DIF Hermosillo e IHJ Congreso \u201cS\u00e9 Extraordinario\u201d"}]},{"@type":"WebSite","@id":"https:\/\/www.sonoraenequipo.com.mx\/#website","url":"https:\/\/www.sonoraenequipo.com.mx\/","name":"Sonora en Equipo.","description":"Diario en l\u00ednea con Noticias desde Hermosillo, Sonora","publisher":{"@id":"https:\/\/www.sonoraenequipo.com.mx\/#organization"},"potentialAction":[{"@type":"SearchAction","target":{"@type":"EntryPoint","urlTemplate":"https:\/\/www.sonoraenequipo.com.mx\/?s={search_term_string}"},"query-input":{"@type":"PropertyValueSpecification","valueRequired":true,"valueName":"search_term_string"}}],"inLanguage":"es"},{"@type":"Organization","@id":"https:\/\/www.sonoraenequipo.com.mx\/#organization","name":"Sonoraenequipo.com.mx","url":"https:\/\/www.sonoraenequipo.com.mx\/","logo":{"@type":"ImageObject","inLanguage":"es","@id":"https:\/\/www.sonoraenequipo.com.mx\/#\/schema\/logo\/image\/","url":"https:\/\/www.sonoraenequipo.com.mx\/storage\/2019\/01\/sonoraenequipo_opt.png","contentUrl":"https:\/\/www.sonoraenequipo.com.mx\/storage\/2019\/01\/sonoraenequipo_opt.png","width":375,"height":125,"caption":"Sonoraenequipo.com.mx"},"image":{"@id":"https:\/\/www.sonoraenequipo.com.mx\/#\/schema\/logo\/image\/"},"sameAs":["https:\/\/www.facebook.com\/SonoraEE\/","https:\/\/x.com\/sonoraenequipo","https:\/\/www.youtube.com\/channel\/UC338nW-lPEYmJQs4ZABQ1SQ"]},{"@type":"Person","@id":"https:\/\/www.sonoraenequipo.com.mx\/#\/schema\/person\/50102df0fb23a8fa9e8effad8fa81386","name":"enequipo","image":{"@type":"ImageObject","inLanguage":"es","@id":"https:\/\/www.sonoraenequipo.com.mx\/#\/schema\/person\/image\/","url":"https:\/\/secure.gravatar.com\/avatar\/049821681b589dabc0bc20695993ccebb09f5b5d4d790cd9251b97faac7c652b?s=96&d=blank&r=g","contentUrl":"https:\/\/secure.gravatar.com\/avatar\/049821681b589dabc0bc20695993ccebb09f5b5d4d790cd9251b97faac7c652b?s=96&d=blank&r=g","caption":"enequipo"},"sameAs":["https:\/\/www.facebook.com\/SonoraEE"]}]}},"jetpack_featured_media_url":"https:\/\/www.sonoraenequipo.com.mx\/storage\/2025\/05\/francisco-villaescusa.jpg","_links":{"self":[{"href":"https:\/\/www.sonoraenequipo.com.mx\/api\/wp\/v2\/posts\/215625","targetHints":{"allow":["GET"]}}],"collection":[{"href":"https:\/\/www.sonoraenequipo.com.mx\/api\/wp\/v2\/posts"}],"about":[{"href":"https:\/\/www.sonoraenequipo.com.mx\/api\/wp\/v2\/types\/post"}],"author":[{"embeddable":true,"href":"https:\/\/www.sonoraenequipo.com.mx\/api\/wp\/v2\/users\/1"}],"replies":[{"embeddable":true,"href":"https:\/\/www.sonoraenequipo.com.mx\/api\/wp\/v2\/comments?post=215625"}],"version-history":[{"count":1,"href":"https:\/\/www.sonoraenequipo.com.mx\/api\/wp\/v2\/posts\/215625\/revisions"}],"predecessor-version":[{"id":215627,"href":"https:\/\/www.sonoraenequipo.com.mx\/api\/wp\/v2\/posts\/215625\/revisions\/215627"}],"wp:featuredmedia":[{"embeddable":true,"href":"https:\/\/www.sonoraenequipo.com.mx\/api\/wp\/v2\/media\/215626"}],"wp:attachment":[{"href":"https:\/\/www.sonoraenequipo.com.mx\/api\/wp\/v2\/media?parent=215625"}],"wp:term":[{"taxonomy":"category","embeddable":true,"href":"https:\/\/www.sonoraenequipo.com.mx\/api\/wp\/v2\/categories?post=215625"},{"taxonomy":"post_tag","embeddable":true,"href":"https:\/\/www.sonoraenequipo.com.mx\/api\/wp\/v2\/tags?post=215625"}],"curies":[{"name":"wp","href":"https:\/\/api.w.org\/{rel}","templated":true}]}}