{"id":215628,"date":"2025-05-17T13:56:58","date_gmt":"2025-05-17T20:56:58","guid":{"rendered":"https:\/\/www.sonoraenequipo.com.mx\/?p=215628"},"modified":"2025-05-17T13:56:58","modified_gmt":"2025-05-17T20:56:58","slug":"la-magnifica-va-por-titulo-mundial-de-boxeo-proximo-14-de-junio","status":"publish","type":"post","link":"https:\/\/www.sonoraenequipo.com.mx\/la-magnifica-va-por-titulo-mundial-de-boxeo-proximo-14-de-junio\/","title":{"rendered":"\u201cLa Magn\u00edfica\u201d va por t\u00edtulo mundial de boxeo pr\u00f3ximo 14 de junio"},"content":{"rendered":"<p><strong>HERMOSILLO, SONORA, MX.<\/strong> \u2014 \u00a0Con tan solo 17 a\u00f1os, Camila \u201cLa Magn\u00edfica\u201d Zamorano, estudiante del Colegio de Estudios Cient\u00edficos y Tecnol\u00f3gicos del Estado de Sonora (Cecyte), plantel Hermosillo V \u201cPueblitos\u201d, busca hacer historia al competir por el campeonato mundial interino de peso \u00e1tomo del Consejo Mundial de Boxeo (CMB), destac\u00f3 Blanca Aurelia Valenzuela, directora general de Cecyte Sonora.<\/p>\n<figure id=\"attachment_199818\" aria-describedby=\"caption-attachment-199818\" style=\"width: 600px\" class=\"wp-caption x-center\"><img loading=\"lazy\" decoding=\"async\" class=\"size-full \" src=\"https:\/\/www.sonoraenequipo.com.mx\/storage\/2024\/09\/magnifica.jpg\" alt=\"\" width=\"600\" height=\"421\" \/><figcaption id=\"caption-attachment-199818\" class=\"wp-caption-text\">Archivo<\/figcaption><\/figure>\n<p>&nbsp;<\/p>\n<p>&nbsp;<\/p>\n<p>&nbsp;<\/p>\n<p>Indic\u00f3 que la joven promesa del boxeo mexicano se enfrentar\u00e1 a la excampeona mundial japonesa Mika Iwakawa el pr\u00f3ximo 14 de junio de 2025, en la Arena Sonora de Hermosillo.<\/p>\n<p>&nbsp;<\/p>\n<p>&nbsp;<\/p>\n<p>&nbsp;<\/p>\n<p>Camila, quien actualmente cursa el cuarto semestre en Cecyte, ha sabido compaginar su carrera acad\u00e9mica con una disciplina deportiva de alto rendimiento, demostrando que la juventud, cuando est\u00e1 guiada por el esfuerzo y la pasi\u00f3n, puede alcanzar metas extraordinarias.<\/p>\n<p>&nbsp;<\/p>\n<p>&nbsp;<\/p>\n<p>&nbsp;<\/p>\n<p>Con un r\u00e9cord profesional invicto de 10 victorias, Zamorano ha impresionado tanto a expertos como a fan\u00e1ticos por su t\u00e9cnica, resistencia y madurez sobre el cuadril\u00e1tero.<\/p>\n<p>&nbsp;<\/p>\n<p>&nbsp;<\/p>\n<p>&nbsp;<\/p>\n<p>La titular de Cecyte Sonora expres\u00f3 su orgullo por el logro de la joven boxeadora: \u201cCamila es un ejemplo vivo de lo que nuestras y nuestros j\u00f3venes pueden lograr con disciplina y compromiso.<\/p>\n<p>&nbsp;<\/p>\n<p>&nbsp;<\/p>\n<p>&nbsp;<\/p>\n<p>\u2018La Magn\u00edfica\u2019, al ganar el pr\u00f3ximo 14 de junio, no solo har\u00e1 historia al convertirse en la campeona mundial m\u00e1s joven en su categor\u00eda, sino que tambi\u00e9n pondr\u00e1 en alto el nombre de Cecyte y de todo Sonora a nivel internacional\u201d, puntualiz\u00f3.<\/p>\n<p><strong>Fecha de publicaci\u00f3n <\/strong><strong>s\u00e1bado 17<\/strong><strong> de mayo de 2025 \/<\/strong><\/p>\n<p>&nbsp;<\/p>\n","protected":false},"excerpt":{"rendered":"<p>HERMOSILLO, SONORA, MX. \u2014 \u00a0Con tan solo 17 a\u00f1os, Camila \u201cLa Magn\u00edfica\u201d Zamorano, estudiante del&#8230;<\/p>\n","protected":false},"author":1,"featured_media":215629,"comment_status":"open","ping_status":"open","sticky":false,"template":"","format":"standard","meta":{"_monsterinsights_skip_tracking":false,"_monsterinsights_sitenote_active":false,"_monsterinsights_sitenote_note":"","_monsterinsights_sitenote_category":0,"footnotes":""},"categories":[10],"tags":[11231,10424],"class_list":["post"],"yoast_head":" \n<title>Sonora en Equipo. \u201cLa Magn\u00edfica\u201d va por t\u00edtulo mundial de boxeo pr\u00f3ximo 14 de junio Deportes<\/title>\n<meta name=\"description\" content=\"HERMOSILLO, SONORA, MX. \u2014 \u00a0Con tan solo 17 a\u00f1os, Camila \u201cLa Magn\u00edfica\u201d Zamorano, estudiante del Colegio de Estudios Cient\u00edficos y Tecnol\u00f3gicos del Estado En Sonora en Equipo publicamos toda la informaci\u00f3n de Sonora, M\u00e9xico y el Mundo de manera oportuna y busca que la libertad de expresi\u00f3n sea real. Visita nuestro medio informativo publicado desde Hermosillo, Sonora. %\" \/>\n<meta name=\"robots\" content=\"index, follow, max-snippet:-1, max-image-preview:large, max-video-preview:-1\" \/>\n<link rel=\"canonical\" href=\"https:\/\/www.sonoraenequipo.com.mx\/la-magnifica-va-por-titulo-mundial-de-boxeo-proximo-14-de-junio\/\" \/>\n<meta property=\"og:locale\" content=\"es_ES\" \/>\n<meta property=\"og:type\" content=\"article\" \/>\n<meta property=\"og:title\" content=\"Sonora en Equipo. \u201cLa Magn\u00edfica\u201d va por t\u00edtulo mundial de boxeo pr\u00f3ximo 14 de junio Deportes\" \/>\n<meta property=\"og:description\" content=\"HERMOSILLO, SONORA, MX. \u2014 \u00a0Con tan solo 17 a\u00f1os, Camila \u201cLa Magn\u00edfica\u201d Zamorano, estudiante del Colegio de Estudios Cient\u00edficos y Tecnol\u00f3gicos del Estado En Sonora en Equipo publicamos toda la informaci\u00f3n de Sonora, M\u00e9xico y el Mundo de manera oportuna y busca que la libertad de expresi\u00f3n sea real. Visita nuestro medio informativo publicado desde Hermosillo, Sonora. %\" \/>\n<meta property=\"og:url\" content=\"https:\/\/www.sonoraenequipo.com.mx\/la-magnifica-va-por-titulo-mundial-de-boxeo-proximo-14-de-junio\/\" \/>\n<meta property=\"og:site_name\" content=\"Sonora en Equipo.\" \/>\n<meta property=\"article:publisher\" content=\"https:\/\/www.facebook.com\/SonoraEE\/\" \/>\n<meta property=\"article:author\" content=\"https:\/\/www.facebook.com\/SonoraEE\" \/>\n<meta property=\"article:published_time\" content=\"2025-05-17T20:56:58+00:00\" \/>\n<meta property=\"og:image\" content=\"https:\/\/www.sonoraenequipo.com.mx\/storage\/2025\/05\/camila-zamorano.jpg\" \/>\n\t<meta property=\"og:image:width\" content=\"600\" \/>\n\t<meta property=\"og:image:height\" content=\"400\" \/>\n\t<meta property=\"og:image:type\" content=\"image\/jpeg\" \/>\n<meta name=\"author\" content=\"enequipo\" \/>\n<meta name=\"twitter:card\" content=\"summary_large_image\" \/>\n<meta name=\"twitter:creator\" content=\"@sonoraenequipo\" \/>\n<meta name=\"twitter:site\" content=\"@sonoraenequipo\" \/>\n<meta name=\"twitter:label1\" content=\"Escrito por\" \/>\n\t<meta name=\"twitter:data1\" content=\"enequipo\" \/>\n\t<meta name=\"twitter:label2\" content=\"Tiempo de lectura\" \/>\n\t<meta name=\"twitter:data2\" content=\"1 minuto\" \/>\n<script type=\"application\/ld+json\" class=\"yoast-schema-graph\">{\"@context\":\"https:\/\/schema.org\",\"@graph\":[{\"@type\":\"Article\",\"@id\":\"https:\/\/www.sonoraenequipo.com.mx\/la-magnifica-va-por-titulo-mundial-de-boxeo-proximo-14-de-junio\/#article\",\"isPartOf\":{\"@id\":\"https:\/\/www.sonoraenequipo.com.mx\/la-magnifica-va-por-titulo-mundial-de-boxeo-proximo-14-de-junio\/\"},\"author\":{\"name\":\"enequipo\",\"@id\":\"https:\/\/www.sonoraenequipo.com.mx\/#\/schema\/person\/50102df0fb23a8fa9e8effad8fa81386\"},\"headline\":\"\u201cLa Magn\u00edfica\u201d va por t\u00edtulo mundial de boxeo pr\u00f3ximo 14 de junio\",\"datePublished\":\"2025-05-17T20:56:58+00:00\",\"mainEntityOfPage\":{\"@id\":\"https:\/\/www.sonoraenequipo.com.mx\/la-magnifica-va-por-titulo-mundial-de-boxeo-proximo-14-de-junio\/\"},\"wordCount\":286,\"commentCount\":0,\"publisher\":{\"@id\":\"https:\/\/www.sonoraenequipo.com.mx\/#organization\"},\"image\":{\"@id\":\"https:\/\/www.sonoraenequipo.com.mx\/la-magnifica-va-por-titulo-mundial-de-boxeo-proximo-14-de-junio\/#primaryimage\"},\"thumbnailUrl\":\"https:\/\/www.sonoraenequipo.com.mx\/storage\/2025\/05\/camila-zamorano.jpg\",\"keywords\":[\"camila zamorano\",\"lamagnifica\"],\"articleSection\":[\"Deportes\"],\"inLanguage\":\"es\",\"potentialAction\":[{\"@type\":\"CommentAction\",\"name\":\"Comment\",\"target\":[\"https:\/\/www.sonoraenequipo.com.mx\/la-magnifica-va-por-titulo-mundial-de-boxeo-proximo-14-de-junio\/#respond\"]}]},{\"@type\":\"WebPage\",\"@id\":\"https:\/\/www.sonoraenequipo.com.mx\/la-magnifica-va-por-titulo-mundial-de-boxeo-proximo-14-de-junio\/\",\"url\":\"https:\/\/www.sonoraenequipo.com.mx\/la-magnifica-va-por-titulo-mundial-de-boxeo-proximo-14-de-junio\/\",\"name\":\"Sonora en Equipo. \u201cLa Magn\u00edfica\u201d va por t\u00edtulo mundial de boxeo pr\u00f3ximo 14 de junio Deportes\",\"isPartOf\":{\"@id\":\"https:\/\/www.sonoraenequipo.com.mx\/#website\"},\"primaryImageOfPage\":{\"@id\":\"https:\/\/www.sonoraenequipo.com.mx\/la-magnifica-va-por-titulo-mundial-de-boxeo-proximo-14-de-junio\/#primaryimage\"},\"image\":{\"@id\":\"https:\/\/www.sonoraenequipo.com.mx\/la-magnifica-va-por-titulo-mundial-de-boxeo-proximo-14-de-junio\/#primaryimage\"},\"thumbnailUrl\":\"https:\/\/www.sonoraenequipo.com.mx\/storage\/2025\/05\/camila-zamorano.jpg\",\"datePublished\":\"2025-05-17T20:56:58+00:00\",\"description\":\"HERMOSILLO, SONORA, MX. \u2014 \u00a0Con tan solo 17 a\u00f1os, Camila \u201cLa Magn\u00edfica\u201d Zamorano, estudiante del Colegio de Estudios Cient\u00edficos y Tecnol\u00f3gicos del Estado En Sonora en Equipo publicamos toda la informaci\u00f3n de Sonora, M\u00e9xico y el Mundo de manera oportuna y busca que la libertad de expresi\u00f3n sea real. Visita nuestro medio informativo publicado desde Hermosillo, Sonora. %\",\"breadcrumb\":{\"@id\":\"https:\/\/www.sonoraenequipo.com.mx\/la-magnifica-va-por-titulo-mundial-de-boxeo-proximo-14-de-junio\/#breadcrumb\"},\"inLanguage\":\"es\",\"potentialAction\":[{\"@type\":\"ReadAction\",\"target\":[\"https:\/\/www.sonoraenequipo.com.mx\/la-magnifica-va-por-titulo-mundial-de-boxeo-proximo-14-de-junio\/\"]}]},{\"@type\":\"ImageObject\",\"inLanguage\":\"es\",\"@id\":\"https:\/\/www.sonoraenequipo.com.mx\/la-magnifica-va-por-titulo-mundial-de-boxeo-proximo-14-de-junio\/#primaryimage\",\"url\":\"https:\/\/www.sonoraenequipo.com.mx\/storage\/2025\/05\/camila-zamorano.jpg\",\"contentUrl\":\"https:\/\/www.sonoraenequipo.com.mx\/storage\/2025\/05\/camila-zamorano.jpg\",\"width\":600,\"height\":400},{\"@type\":\"BreadcrumbList\",\"@id\":\"https:\/\/www.sonoraenequipo.com.mx\/la-magnifica-va-por-titulo-mundial-de-boxeo-proximo-14-de-junio\/#breadcrumb\",\"itemListElement\":[{\"@type\":\"ListItem\",\"position\":1,\"name\":\"Portada\",\"item\":\"https:\/\/www.sonoraenequipo.com.mx\/\"},{\"@type\":\"ListItem\",\"position\":2,\"name\":\"\u201cLa Magn\u00edfica\u201d va por t\u00edtulo mundial de boxeo pr\u00f3ximo 14 de junio\"}]},{\"@type\":\"WebSite\",\"@id\":\"https:\/\/www.sonoraenequipo.com.mx\/#website\",\"url\":\"https:\/\/www.sonoraenequipo.com.mx\/\",\"name\":\"Sonora en Equipo.\",\"description\":\"Diario en l\u00ednea con Noticias desde Hermosillo, Sonora\",\"publisher\":{\"@id\":\"https:\/\/www.sonoraenequipo.com.mx\/#organization\"},\"potentialAction\":[{\"@type\":\"SearchAction\",\"target\":{\"@type\":\"EntryPoint\",\"urlTemplate\":\"https:\/\/www.sonoraenequipo.com.mx\/?s={search_term_string}\"},\"query-input\":{\"@type\":\"PropertyValueSpecification\",\"valueRequired\":true,\"valueName\":\"search_term_string\"}}],\"inLanguage\":\"es\"},{\"@type\":\"Organization\",\"@id\":\"https:\/\/www.sonoraenequipo.com.mx\/#organization\",\"name\":\"Sonoraenequipo.com.mx\",\"url\":\"https:\/\/www.sonoraenequipo.com.mx\/\",\"logo\":{\"@type\":\"ImageObject\",\"inLanguage\":\"es\",\"@id\":\"https:\/\/www.sonoraenequipo.com.mx\/#\/schema\/logo\/image\/\",\"url\":\"https:\/\/www.sonoraenequipo.com.mx\/storage\/2019\/01\/sonoraenequipo_opt.png\",\"contentUrl\":\"https:\/\/www.sonoraenequipo.com.mx\/storage\/2019\/01\/sonoraenequipo_opt.png\",\"width\":375,\"height\":125,\"caption\":\"Sonoraenequipo.com.mx\"},\"image\":{\"@id\":\"https:\/\/www.sonoraenequipo.com.mx\/#\/schema\/logo\/image\/\"},\"sameAs\":[\"https:\/\/www.facebook.com\/SonoraEE\/\",\"https:\/\/x.com\/sonoraenequipo\",\"https:\/\/www.youtube.com\/channel\/UC338nW-lPEYmJQs4ZABQ1SQ\"]},{\"@type\":\"Person\",\"@id\":\"https:\/\/www.sonoraenequipo.com.mx\/#\/schema\/person\/50102df0fb23a8fa9e8effad8fa81386\",\"name\":\"enequipo\",\"image\":{\"@type\":\"ImageObject\",\"inLanguage\":\"es\",\"@id\":\"https:\/\/www.sonoraenequipo.com.mx\/#\/schema\/person\/image\/\",\"url\":\"https:\/\/secure.gravatar.com\/avatar\/049821681b589dabc0bc20695993ccebb09f5b5d4d790cd9251b97faac7c652b?s=96&d=blank&r=g\",\"contentUrl\":\"https:\/\/secure.gravatar.com\/avatar\/049821681b589dabc0bc20695993ccebb09f5b5d4d790cd9251b97faac7c652b?s=96&d=blank&r=g\",\"caption\":\"enequipo\"},\"sameAs\":[\"https:\/\/www.facebook.com\/SonoraEE\"]}]}<\/script>\n ","yoast_head_json":{"title":"Sonora en Equipo. \u201cLa Magn\u00edfica\u201d va por t\u00edtulo mundial de boxeo pr\u00f3ximo 14 de junio Deportes","description":"HERMOSILLO, SONORA, MX. \u2014 \u00a0Con tan solo 17 a\u00f1os, Camila \u201cLa Magn\u00edfica\u201d Zamorano, estudiante del Colegio de Estudios Cient\u00edficos y Tecnol\u00f3gicos del Estado En Sonora en Equipo publicamos toda la informaci\u00f3n de Sonora, M\u00e9xico y el Mundo de manera oportuna y busca que la libertad de expresi\u00f3n sea real. Visita nuestro medio informativo publicado desde Hermosillo, Sonora. %","robots":{"index":"index","follow":"follow","max-snippet":"max-snippet:-1","max-image-preview":"max-image-preview:large","max-video-preview":"max-video-preview:-1"},"canonical":"https:\/\/www.sonoraenequipo.com.mx\/la-magnifica-va-por-titulo-mundial-de-boxeo-proximo-14-de-junio\/","og_locale":"es_ES","og_type":"article","og_title":"Sonora en Equipo. \u201cLa Magn\u00edfica\u201d va por t\u00edtulo mundial de boxeo pr\u00f3ximo 14 de junio Deportes","og_description":"HERMOSILLO, SONORA, MX. \u2014 \u00a0Con tan solo 17 a\u00f1os, Camila \u201cLa Magn\u00edfica\u201d Zamorano, estudiante del Colegio de Estudios Cient\u00edficos y Tecnol\u00f3gicos del Estado En Sonora en Equipo publicamos toda la informaci\u00f3n de Sonora, M\u00e9xico y el Mundo de manera oportuna y busca que la libertad de expresi\u00f3n sea real. Visita nuestro medio informativo publicado desde Hermosillo, Sonora. %","og_url":"https:\/\/www.sonoraenequipo.com.mx\/la-magnifica-va-por-titulo-mundial-de-boxeo-proximo-14-de-junio\/","og_site_name":"Sonora en Equipo.","article_publisher":"https:\/\/www.facebook.com\/SonoraEE\/","article_author":"https:\/\/www.facebook.com\/SonoraEE","article_published_time":"2025-05-17T20:56:58+00:00","og_image":[{"width":600,"height":400,"url":"https:\/\/www.sonoraenequipo.com.mx\/storage\/2025\/05\/camila-zamorano.jpg","type":"image\/jpeg"}],"author":"enequipo","twitter_card":"summary_large_image","twitter_creator":"@sonoraenequipo","twitter_site":"@sonoraenequipo","twitter_misc":{"Escrito por":"enequipo","Tiempo de lectura":"1 minuto"},"schema":{"@context":"https:\/\/schema.org","@graph":[{"@type":"Article","@id":"https:\/\/www.sonoraenequipo.com.mx\/la-magnifica-va-por-titulo-mundial-de-boxeo-proximo-14-de-junio\/#article","isPartOf":{"@id":"https:\/\/www.sonoraenequipo.com.mx\/la-magnifica-va-por-titulo-mundial-de-boxeo-proximo-14-de-junio\/"},"author":{"name":"enequipo","@id":"https:\/\/www.sonoraenequipo.com.mx\/#\/schema\/person\/50102df0fb23a8fa9e8effad8fa81386"},"headline":"\u201cLa Magn\u00edfica\u201d va por t\u00edtulo mundial de boxeo pr\u00f3ximo 14 de junio","datePublished":"2025-05-17T20:56:58+00:00","mainEntityOfPage":{"@id":"https:\/\/www.sonoraenequipo.com.mx\/la-magnifica-va-por-titulo-mundial-de-boxeo-proximo-14-de-junio\/"},"wordCount":286,"commentCount":0,"publisher":{"@id":"https:\/\/www.sonoraenequipo.com.mx\/#organization"},"image":{"@id":"https:\/\/www.sonoraenequipo.com.mx\/la-magnifica-va-por-titulo-mundial-de-boxeo-proximo-14-de-junio\/#primaryimage"},"thumbnailUrl":"https:\/\/www.sonoraenequipo.com.mx\/storage\/2025\/05\/camila-zamorano.jpg","keywords":["camila zamorano","lamagnifica"],"articleSection":["Deportes"],"inLanguage":"es","potentialAction":[{"@type":"CommentAction","name":"Comment","target":["https:\/\/www.sonoraenequipo.com.mx\/la-magnifica-va-por-titulo-mundial-de-boxeo-proximo-14-de-junio\/#respond"]}]},{"@type":"WebPage","@id":"https:\/\/www.sonoraenequipo.com.mx\/la-magnifica-va-por-titulo-mundial-de-boxeo-proximo-14-de-junio\/","url":"https:\/\/www.sonoraenequipo.com.mx\/la-magnifica-va-por-titulo-mundial-de-boxeo-proximo-14-de-junio\/","name":"Sonora en Equipo. \u201cLa Magn\u00edfica\u201d va por t\u00edtulo mundial de boxeo pr\u00f3ximo 14 de junio Deportes","isPartOf":{"@id":"https:\/\/www.sonoraenequipo.com.mx\/#website"},"primaryImageOfPage":{"@id":"https:\/\/www.sonoraenequipo.com.mx\/la-magnifica-va-por-titulo-mundial-de-boxeo-proximo-14-de-junio\/#primaryimage"},"image":{"@id":"https:\/\/www.sonoraenequipo.com.mx\/la-magnifica-va-por-titulo-mundial-de-boxeo-proximo-14-de-junio\/#primaryimage"},"thumbnailUrl":"https:\/\/www.sonoraenequipo.com.mx\/storage\/2025\/05\/camila-zamorano.jpg","datePublished":"2025-05-17T20:56:58+00:00","description":"HERMOSILLO, SONORA, MX. \u2014 \u00a0Con tan solo 17 a\u00f1os, Camila \u201cLa Magn\u00edfica\u201d Zamorano, estudiante del Colegio de Estudios Cient\u00edficos y Tecnol\u00f3gicos del Estado En Sonora en Equipo publicamos toda la informaci\u00f3n de Sonora, M\u00e9xico y el Mundo de manera oportuna y busca que la libertad de expresi\u00f3n sea real. Visita nuestro medio informativo publicado desde Hermosillo, Sonora. %","breadcrumb":{"@id":"https:\/\/www.sonoraenequipo.com.mx\/la-magnifica-va-por-titulo-mundial-de-boxeo-proximo-14-de-junio\/#breadcrumb"},"inLanguage":"es","potentialAction":[{"@type":"ReadAction","target":["https:\/\/www.sonoraenequipo.com.mx\/la-magnifica-va-por-titulo-mundial-de-boxeo-proximo-14-de-junio\/"]}]},{"@type":"ImageObject","inLanguage":"es","@id":"https:\/\/www.sonoraenequipo.com.mx\/la-magnifica-va-por-titulo-mundial-de-boxeo-proximo-14-de-junio\/#primaryimage","url":"https:\/\/www.sonoraenequipo.com.mx\/storage\/2025\/05\/camila-zamorano.jpg","contentUrl":"https:\/\/www.sonoraenequipo.com.mx\/storage\/2025\/05\/camila-zamorano.jpg","width":600,"height":400},{"@type":"BreadcrumbList","@id":"https:\/\/www.sonoraenequipo.com.mx\/la-magnifica-va-por-titulo-mundial-de-boxeo-proximo-14-de-junio\/#breadcrumb","itemListElement":[{"@type":"ListItem","position":1,"name":"Portada","item":"https:\/\/www.sonoraenequipo.com.mx\/"},{"@type":"ListItem","position":2,"name":"\u201cLa Magn\u00edfica\u201d va por t\u00edtulo mundial de boxeo pr\u00f3ximo 14 de junio"}]},{"@type":"WebSite","@id":"https:\/\/www.sonoraenequipo.com.mx\/#website","url":"https:\/\/www.sonoraenequipo.com.mx\/","name":"Sonora en Equipo.","description":"Diario en l\u00ednea con Noticias desde Hermosillo, Sonora","publisher":{"@id":"https:\/\/www.sonoraenequipo.com.mx\/#organization"},"potentialAction":[{"@type":"SearchAction","target":{"@type":"EntryPoint","urlTemplate":"https:\/\/www.sonoraenequipo.com.mx\/?s={search_term_string}"},"query-input":{"@type":"PropertyValueSpecification","valueRequired":true,"valueName":"search_term_string"}}],"inLanguage":"es"},{"@type":"Organization","@id":"https:\/\/www.sonoraenequipo.com.mx\/#organization","name":"Sonoraenequipo.com.mx","url":"https:\/\/www.sonoraenequipo.com.mx\/","logo":{"@type":"ImageObject","inLanguage":"es","@id":"https:\/\/www.sonoraenequipo.com.mx\/#\/schema\/logo\/image\/","url":"https:\/\/www.sonoraenequipo.com.mx\/storage\/2019\/01\/sonoraenequipo_opt.png","contentUrl":"https:\/\/www.sonoraenequipo.com.mx\/storage\/2019\/01\/sonoraenequipo_opt.png","width":375,"height":125,"caption":"Sonoraenequipo.com.mx"},"image":{"@id":"https:\/\/www.sonoraenequipo.com.mx\/#\/schema\/logo\/image\/"},"sameAs":["https:\/\/www.facebook.com\/SonoraEE\/","https:\/\/x.com\/sonoraenequipo","https:\/\/www.youtube.com\/channel\/UC338nW-lPEYmJQs4ZABQ1SQ"]},{"@type":"Person","@id":"https:\/\/www.sonoraenequipo.com.mx\/#\/schema\/person\/50102df0fb23a8fa9e8effad8fa81386","name":"enequipo","image":{"@type":"ImageObject","inLanguage":"es","@id":"https:\/\/www.sonoraenequipo.com.mx\/#\/schema\/person\/image\/","url":"https:\/\/secure.gravatar.com\/avatar\/049821681b589dabc0bc20695993ccebb09f5b5d4d790cd9251b97faac7c652b?s=96&d=blank&r=g","contentUrl":"https:\/\/secure.gravatar.com\/avatar\/049821681b589dabc0bc20695993ccebb09f5b5d4d790cd9251b97faac7c652b?s=96&d=blank&r=g","caption":"enequipo"},"sameAs":["https:\/\/www.facebook.com\/SonoraEE"]}]}},"jetpack_featured_media_url":"https:\/\/www.sonoraenequipo.com.mx\/storage\/2025\/05\/camila-zamorano.jpg","_links":{"self":[{"href":"https:\/\/www.sonoraenequipo.com.mx\/api\/wp\/v2\/posts\/215628","targetHints":{"allow":["GET"]}}],"collection":[{"href":"https:\/\/www.sonoraenequipo.com.mx\/api\/wp\/v2\/posts"}],"about":[{"href":"https:\/\/www.sonoraenequipo.com.mx\/api\/wp\/v2\/types\/post"}],"author":[{"embeddable":true,"href":"https:\/\/www.sonoraenequipo.com.mx\/api\/wp\/v2\/users\/1"}],"replies":[{"embeddable":true,"href":"https:\/\/www.sonoraenequipo.com.mx\/api\/wp\/v2\/comments?post=215628"}],"version-history":[{"count":1,"href":"https:\/\/www.sonoraenequipo.com.mx\/api\/wp\/v2\/posts\/215628\/revisions"}],"predecessor-version":[{"id":215631,"href":"https:\/\/www.sonoraenequipo.com.mx\/api\/wp\/v2\/posts\/215628\/revisions\/215631"}],"wp:featuredmedia":[{"embeddable":true,"href":"https:\/\/www.sonoraenequipo.com.mx\/api\/wp\/v2\/media\/215629"}],"wp:attachment":[{"href":"https:\/\/www.sonoraenequipo.com.mx\/api\/wp\/v2\/media?parent=215628"}],"wp:term":[{"taxonomy":"category","embeddable":true,"href":"https:\/\/www.sonoraenequipo.com.mx\/api\/wp\/v2\/categories?post=215628"},{"taxonomy":"post_tag","embeddable":true,"href":"https:\/\/www.sonoraenequipo.com.mx\/api\/wp\/v2\/tags?post=215628"}],"curies":[{"name":"wp","href":"https:\/\/api.w.org\/{rel}","templated":true}]}}