{"id":215642,"date":"2025-05-16T20:16:49","date_gmt":"2025-05-17T03:16:49","guid":{"rendered":"https:\/\/www.sonoraenequipo.com.mx\/?p=215642"},"modified":"2025-05-17T16:58:53","modified_gmt":"2025-05-17T23:58:53","slug":"ramirez-cuellar-celebra-que-congreso-de-eua-desechara-impuesto-a-remesas-de-migrantes","status":"publish","type":"post","link":"https:\/\/www.sonoraenequipo.com.mx\/ramirez-cuellar-celebra-que-congreso-de-eua-desechara-impuesto-a-remesas-de-migrantes\/","title":{"rendered":"Ram\u00edrez Cu\u00e9llar celebra que Congreso de EUA desechara impuesto a remesas de migrantes"},"content":{"rendered":"<p><strong>CIUDAD DE M\u00c9XICO.MX. \u2014<\/strong> El diputado federal Alfonso Ram\u00edrez Cu\u00e9llar expres\u00f3 su benepl\u00e1cito con la decisi\u00f3n del Congreso de Estados Unidos de no aprobar la iniciativa que propon\u00eda aplicar un gravamen del 5% a las remesas enviadas por personas migrantes, muchas de ellas de origen mexicano.<\/p>\n<p>&nbsp;<\/p>\n<p>&nbsp;<\/p>\n<p> <\/p>\n<p>\u201cEsta medida, de haberse aprobado, habr\u00eda significado una doble tributaci\u00f3n injusta sobre los ingresos ya gravados de las y los migrantes\u201d, explic\u00f3 Ram\u00edrez Cu\u00e9llar, quien ha dado seguimiento al tema desde el inicio de la propuesta.<\/p>\n<p>&nbsp;<\/p>\n<p>&nbsp;<\/p>\n<p>&nbsp;<\/p>\n<p>El legislador destac\u00f3 que las y los trabajadores migrantes ya pagan impuestos sobre sus ingresos en Estados Unidos, por lo que establecer un cobro adicional sobre el dinero enviado a sus familias en M\u00e9xico habr\u00eda representado una carga fiscal duplicada.<\/p>\n<p>&nbsp;<\/p>\n<p>&nbsp;<\/p>\n<p>&nbsp;<\/p>\n<p>Desde que surgi\u00f3 la iniciativa, tanto Ram\u00edrez Cu\u00e9llar como diversas dependencias del Gobierno de M\u00e9xico expresaron su oposici\u00f3n, argumentando que dicho gravamen afectar\u00eda directamente a millones de familias que dependen de estos recursos para cubrir necesidades b\u00e1sicas.<\/p>\n<p>&nbsp;<\/p>\n<p>&nbsp;<\/p>\n<p>&nbsp;<\/p>\n<p><strong><em>\u201cEste acto reconoce la importancia de las contribuciones econ\u00f3micas y sociales de las comunidades migrantes tanto en Estados Unidos como en M\u00e9xico\u201d,<\/em> <\/strong>se\u00f1al\u00f3.<\/p>\n<p>&nbsp;<\/p>\n<p>&nbsp;<\/p>\n<p>&nbsp;<\/p>\n<p>El vicecoordinador parlamentario de Morena subray\u00f3 que la resoluci\u00f3n adoptada por el Congreso estadounidense reconoce la relevancia de las aportaciones econ\u00f3micas y sociales de las comunidades migrantes en ambos pa\u00edses.<\/p>\n<p>&nbsp;<\/p>\n<p>&nbsp;<\/p>\n<p>&nbsp;<\/p>\n<p>Ram\u00edrez Cu\u00e9llar concluy\u00f3 reiterando su compromiso de continuar trabajando para proteger los derechos de los migrantes y fortalecer la colaboraci\u00f3n bilateral basada en el respeto y la justicia fiscal.<\/p>\n<p>&nbsp;<\/p>\n<p>&nbsp;<\/p>\n<p>&nbsp;<\/p>\n<p>&nbsp;<\/p>\n<p>PUBLICADO EL 16 DE MAYO DE 2025 Con informaci\u00f3n de AP)<\/p>\n","protected":false},"excerpt":{"rendered":"<p>CIUDAD DE M\u00c9XICO.MX. \u2014 El diputado federal Alfonso Ram\u00edrez Cu\u00e9llar expres\u00f3 su benepl\u00e1cito con la&#8230;<\/p>\n","protected":false},"author":1,"featured_media":215643,"comment_status":"open","ping_status":"open","sticky":false,"template":"","format":"standard","meta":{"_monsterinsights_skip_tracking":false,"_monsterinsights_sitenote_active":false,"_monsterinsights_sitenote_note":"","_monsterinsights_sitenote_category":0,"footnotes":""},"categories":[5],"tags":[],"class_list":["post"],"yoast_head":" \n<title>Sonora en Equipo. Ram\u00edrez Cu\u00e9llar celebra que Congreso de EUA desechara impuesto a remesas de migrantes Rep\u00fablica<\/title>\n<meta name=\"description\" content=\"CIUDAD DE M\u00c9XICO.MX. \u2014 El diputado federal Alfonso Ram\u00edrez Cu\u00e9llar expres\u00f3 su benepl\u00e1cito con la decisi\u00f3n del Congreso de Estados Unidos de no aprobar la En Sonora en Equipo publicamos toda la informaci\u00f3n de Sonora, M\u00e9xico y el Mundo de manera oportuna y busca que la libertad de expresi\u00f3n sea real. Visita nuestro medio informativo publicado desde Hermosillo, Sonora. %\" \/>\n<meta name=\"robots\" content=\"index, follow, max-snippet:-1, max-image-preview:large, max-video-preview:-1\" \/>\n<link rel=\"canonical\" href=\"https:\/\/www.sonoraenequipo.com.mx\/ramirez-cuellar-celebra-que-congreso-de-eua-desechara-impuesto-a-remesas-de-migrantes\/\" \/>\n<meta property=\"og:locale\" content=\"es_ES\" \/>\n<meta property=\"og:type\" content=\"article\" \/>\n<meta property=\"og:title\" content=\"Sonora en Equipo. Ram\u00edrez Cu\u00e9llar celebra que Congreso de EUA desechara impuesto a remesas de migrantes Rep\u00fablica\" \/>\n<meta property=\"og:description\" content=\"CIUDAD DE M\u00c9XICO.MX. \u2014 El diputado federal Alfonso Ram\u00edrez Cu\u00e9llar expres\u00f3 su benepl\u00e1cito con la decisi\u00f3n del Congreso de Estados Unidos de no aprobar la En Sonora en Equipo publicamos toda la informaci\u00f3n de Sonora, M\u00e9xico y el Mundo de manera oportuna y busca que la libertad de expresi\u00f3n sea real. Visita nuestro medio informativo publicado desde Hermosillo, Sonora. %\" \/>\n<meta property=\"og:url\" content=\"https:\/\/www.sonoraenequipo.com.mx\/ramirez-cuellar-celebra-que-congreso-de-eua-desechara-impuesto-a-remesas-de-migrantes\/\" \/>\n<meta property=\"og:site_name\" content=\"Sonora en Equipo.\" \/>\n<meta property=\"article:publisher\" content=\"https:\/\/www.facebook.com\/SonoraEE\/\" \/>\n<meta property=\"article:author\" content=\"https:\/\/www.facebook.com\/SonoraEE\" \/>\n<meta property=\"article:published_time\" content=\"2025-05-17T03:16:49+00:00\" \/>\n<meta property=\"article:modified_time\" content=\"2025-05-17T23:58:53+00:00\" \/>\n<meta property=\"og:image\" content=\"https:\/\/www.sonoraenequipo.com.mx\/storage\/2025\/05\/ramirez_cuellar-min.jpg\" \/>\n\t<meta property=\"og:image:width\" content=\"900\" \/>\n\t<meta property=\"og:image:height\" content=\"506\" \/>\n\t<meta property=\"og:image:type\" content=\"image\/jpeg\" \/>\n<meta name=\"author\" content=\"enequipo\" \/>\n<meta name=\"twitter:card\" content=\"summary_large_image\" \/>\n<meta name=\"twitter:creator\" content=\"@sonoraenequipo\" \/>\n<meta name=\"twitter:site\" content=\"@sonoraenequipo\" \/>\n<meta name=\"twitter:label1\" content=\"Escrito por\" \/>\n\t<meta name=\"twitter:data1\" content=\"enequipo\" \/>\n\t<meta name=\"twitter:label2\" content=\"Tiempo de lectura\" \/>\n\t<meta name=\"twitter:data2\" content=\"1 minuto\" \/>\n<script type=\"application\/ld+json\" class=\"yoast-schema-graph\">{\"@context\":\"https:\/\/schema.org\",\"@graph\":[{\"@type\":\"Article\",\"@id\":\"https:\/\/www.sonoraenequipo.com.mx\/ramirez-cuellar-celebra-que-congreso-de-eua-desechara-impuesto-a-remesas-de-migrantes\/#article\",\"isPartOf\":{\"@id\":\"https:\/\/www.sonoraenequipo.com.mx\/ramirez-cuellar-celebra-que-congreso-de-eua-desechara-impuesto-a-remesas-de-migrantes\/\"},\"author\":{\"name\":\"enequipo\",\"@id\":\"https:\/\/www.sonoraenequipo.com.mx\/#\/schema\/person\/50102df0fb23a8fa9e8effad8fa81386\"},\"headline\":\"Ram\u00edrez Cu\u00e9llar celebra que Congreso de EUA desechara impuesto a remesas de migrantes\",\"datePublished\":\"2025-05-17T03:16:49+00:00\",\"dateModified\":\"2025-05-17T23:58:53+00:00\",\"mainEntityOfPage\":{\"@id\":\"https:\/\/www.sonoraenequipo.com.mx\/ramirez-cuellar-celebra-que-congreso-de-eua-desechara-impuesto-a-remesas-de-migrantes\/\"},\"wordCount\":313,\"commentCount\":0,\"publisher\":{\"@id\":\"https:\/\/www.sonoraenequipo.com.mx\/#organization\"},\"image\":{\"@id\":\"https:\/\/www.sonoraenequipo.com.mx\/ramirez-cuellar-celebra-que-congreso-de-eua-desechara-impuesto-a-remesas-de-migrantes\/#primaryimage\"},\"thumbnailUrl\":\"https:\/\/www.sonoraenequipo.com.mx\/storage\/2025\/05\/ramirez_cuellar-min.jpg\",\"articleSection\":[\"Rep\u00fablica\"],\"inLanguage\":\"es\",\"potentialAction\":[{\"@type\":\"CommentAction\",\"name\":\"Comment\",\"target\":[\"https:\/\/www.sonoraenequipo.com.mx\/ramirez-cuellar-celebra-que-congreso-de-eua-desechara-impuesto-a-remesas-de-migrantes\/#respond\"]}]},{\"@type\":\"WebPage\",\"@id\":\"https:\/\/www.sonoraenequipo.com.mx\/ramirez-cuellar-celebra-que-congreso-de-eua-desechara-impuesto-a-remesas-de-migrantes\/\",\"url\":\"https:\/\/www.sonoraenequipo.com.mx\/ramirez-cuellar-celebra-que-congreso-de-eua-desechara-impuesto-a-remesas-de-migrantes\/\",\"name\":\"Sonora en Equipo. Ram\u00edrez Cu\u00e9llar celebra que Congreso de EUA desechara impuesto a remesas de migrantes Rep\u00fablica\",\"isPartOf\":{\"@id\":\"https:\/\/www.sonoraenequipo.com.mx\/#website\"},\"primaryImageOfPage\":{\"@id\":\"https:\/\/www.sonoraenequipo.com.mx\/ramirez-cuellar-celebra-que-congreso-de-eua-desechara-impuesto-a-remesas-de-migrantes\/#primaryimage\"},\"image\":{\"@id\":\"https:\/\/www.sonoraenequipo.com.mx\/ramirez-cuellar-celebra-que-congreso-de-eua-desechara-impuesto-a-remesas-de-migrantes\/#primaryimage\"},\"thumbnailUrl\":\"https:\/\/www.sonoraenequipo.com.mx\/storage\/2025\/05\/ramirez_cuellar-min.jpg\",\"datePublished\":\"2025-05-17T03:16:49+00:00\",\"dateModified\":\"2025-05-17T23:58:53+00:00\",\"description\":\"CIUDAD DE M\u00c9XICO.MX. \u2014 El diputado federal Alfonso Ram\u00edrez Cu\u00e9llar expres\u00f3 su benepl\u00e1cito con la decisi\u00f3n del Congreso de Estados Unidos de no aprobar la En Sonora en Equipo publicamos toda la informaci\u00f3n de Sonora, M\u00e9xico y el Mundo de manera oportuna y busca que la libertad de expresi\u00f3n sea real. Visita nuestro medio informativo publicado desde Hermosillo, Sonora. %\",\"breadcrumb\":{\"@id\":\"https:\/\/www.sonoraenequipo.com.mx\/ramirez-cuellar-celebra-que-congreso-de-eua-desechara-impuesto-a-remesas-de-migrantes\/#breadcrumb\"},\"inLanguage\":\"es\",\"potentialAction\":[{\"@type\":\"ReadAction\",\"target\":[\"https:\/\/www.sonoraenequipo.com.mx\/ramirez-cuellar-celebra-que-congreso-de-eua-desechara-impuesto-a-remesas-de-migrantes\/\"]}]},{\"@type\":\"ImageObject\",\"inLanguage\":\"es\",\"@id\":\"https:\/\/www.sonoraenequipo.com.mx\/ramirez-cuellar-celebra-que-congreso-de-eua-desechara-impuesto-a-remesas-de-migrantes\/#primaryimage\",\"url\":\"https:\/\/www.sonoraenequipo.com.mx\/storage\/2025\/05\/ramirez_cuellar-min.jpg\",\"contentUrl\":\"https:\/\/www.sonoraenequipo.com.mx\/storage\/2025\/05\/ramirez_cuellar-min.jpg\",\"width\":900,\"height\":506},{\"@type\":\"BreadcrumbList\",\"@id\":\"https:\/\/www.sonoraenequipo.com.mx\/ramirez-cuellar-celebra-que-congreso-de-eua-desechara-impuesto-a-remesas-de-migrantes\/#breadcrumb\",\"itemListElement\":[{\"@type\":\"ListItem\",\"position\":1,\"name\":\"Portada\",\"item\":\"https:\/\/www.sonoraenequipo.com.mx\/\"},{\"@type\":\"ListItem\",\"position\":2,\"name\":\"Ram\u00edrez Cu\u00e9llar celebra que Congreso de EUA desechara impuesto a remesas de migrantes\"}]},{\"@type\":\"WebSite\",\"@id\":\"https:\/\/www.sonoraenequipo.com.mx\/#website\",\"url\":\"https:\/\/www.sonoraenequipo.com.mx\/\",\"name\":\"Sonora en Equipo.\",\"description\":\"Diario en l\u00ednea con Noticias desde Hermosillo, Sonora\",\"publisher\":{\"@id\":\"https:\/\/www.sonoraenequipo.com.mx\/#organization\"},\"potentialAction\":[{\"@type\":\"SearchAction\",\"target\":{\"@type\":\"EntryPoint\",\"urlTemplate\":\"https:\/\/www.sonoraenequipo.com.mx\/?s={search_term_string}\"},\"query-input\":{\"@type\":\"PropertyValueSpecification\",\"valueRequired\":true,\"valueName\":\"search_term_string\"}}],\"inLanguage\":\"es\"},{\"@type\":\"Organization\",\"@id\":\"https:\/\/www.sonoraenequipo.com.mx\/#organization\",\"name\":\"Sonoraenequipo.com.mx\",\"url\":\"https:\/\/www.sonoraenequipo.com.mx\/\",\"logo\":{\"@type\":\"ImageObject\",\"inLanguage\":\"es\",\"@id\":\"https:\/\/www.sonoraenequipo.com.mx\/#\/schema\/logo\/image\/\",\"url\":\"https:\/\/www.sonoraenequipo.com.mx\/storage\/2019\/01\/sonoraenequipo_opt.png\",\"contentUrl\":\"https:\/\/www.sonoraenequipo.com.mx\/storage\/2019\/01\/sonoraenequipo_opt.png\",\"width\":375,\"height\":125,\"caption\":\"Sonoraenequipo.com.mx\"},\"image\":{\"@id\":\"https:\/\/www.sonoraenequipo.com.mx\/#\/schema\/logo\/image\/\"},\"sameAs\":[\"https:\/\/www.facebook.com\/SonoraEE\/\",\"https:\/\/x.com\/sonoraenequipo\",\"https:\/\/www.youtube.com\/channel\/UC338nW-lPEYmJQs4ZABQ1SQ\"]},{\"@type\":\"Person\",\"@id\":\"https:\/\/www.sonoraenequipo.com.mx\/#\/schema\/person\/50102df0fb23a8fa9e8effad8fa81386\",\"name\":\"enequipo\",\"image\":{\"@type\":\"ImageObject\",\"inLanguage\":\"es\",\"@id\":\"https:\/\/www.sonoraenequipo.com.mx\/#\/schema\/person\/image\/\",\"url\":\"https:\/\/secure.gravatar.com\/avatar\/049821681b589dabc0bc20695993ccebb09f5b5d4d790cd9251b97faac7c652b?s=96&d=blank&r=g\",\"contentUrl\":\"https:\/\/secure.gravatar.com\/avatar\/049821681b589dabc0bc20695993ccebb09f5b5d4d790cd9251b97faac7c652b?s=96&d=blank&r=g\",\"caption\":\"enequipo\"},\"sameAs\":[\"https:\/\/www.facebook.com\/SonoraEE\"]}]}<\/script>\n ","yoast_head_json":{"title":"Sonora en Equipo. Ram\u00edrez Cu\u00e9llar celebra que Congreso de EUA desechara impuesto a remesas de migrantes Rep\u00fablica","description":"CIUDAD DE M\u00c9XICO.MX. \u2014 El diputado federal Alfonso Ram\u00edrez Cu\u00e9llar expres\u00f3 su benepl\u00e1cito con la decisi\u00f3n del Congreso de Estados Unidos de no aprobar la En Sonora en Equipo publicamos toda la informaci\u00f3n de Sonora, M\u00e9xico y el Mundo de manera oportuna y busca que la libertad de expresi\u00f3n sea real. Visita nuestro medio informativo publicado desde Hermosillo, Sonora. %","robots":{"index":"index","follow":"follow","max-snippet":"max-snippet:-1","max-image-preview":"max-image-preview:large","max-video-preview":"max-video-preview:-1"},"canonical":"https:\/\/www.sonoraenequipo.com.mx\/ramirez-cuellar-celebra-que-congreso-de-eua-desechara-impuesto-a-remesas-de-migrantes\/","og_locale":"es_ES","og_type":"article","og_title":"Sonora en Equipo. Ram\u00edrez Cu\u00e9llar celebra que Congreso de EUA desechara impuesto a remesas de migrantes Rep\u00fablica","og_description":"CIUDAD DE M\u00c9XICO.MX. \u2014 El diputado federal Alfonso Ram\u00edrez Cu\u00e9llar expres\u00f3 su benepl\u00e1cito con la decisi\u00f3n del Congreso de Estados Unidos de no aprobar la En Sonora en Equipo publicamos toda la informaci\u00f3n de Sonora, M\u00e9xico y el Mundo de manera oportuna y busca que la libertad de expresi\u00f3n sea real. Visita nuestro medio informativo publicado desde Hermosillo, Sonora. %","og_url":"https:\/\/www.sonoraenequipo.com.mx\/ramirez-cuellar-celebra-que-congreso-de-eua-desechara-impuesto-a-remesas-de-migrantes\/","og_site_name":"Sonora en Equipo.","article_publisher":"https:\/\/www.facebook.com\/SonoraEE\/","article_author":"https:\/\/www.facebook.com\/SonoraEE","article_published_time":"2025-05-17T03:16:49+00:00","article_modified_time":"2025-05-17T23:58:53+00:00","og_image":[{"width":900,"height":506,"url":"https:\/\/www.sonoraenequipo.com.mx\/storage\/2025\/05\/ramirez_cuellar-min.jpg","type":"image\/jpeg"}],"author":"enequipo","twitter_card":"summary_large_image","twitter_creator":"@sonoraenequipo","twitter_site":"@sonoraenequipo","twitter_misc":{"Escrito por":"enequipo","Tiempo de lectura":"1 minuto"},"schema":{"@context":"https:\/\/schema.org","@graph":[{"@type":"Article","@id":"https:\/\/www.sonoraenequipo.com.mx\/ramirez-cuellar-celebra-que-congreso-de-eua-desechara-impuesto-a-remesas-de-migrantes\/#article","isPartOf":{"@id":"https:\/\/www.sonoraenequipo.com.mx\/ramirez-cuellar-celebra-que-congreso-de-eua-desechara-impuesto-a-remesas-de-migrantes\/"},"author":{"name":"enequipo","@id":"https:\/\/www.sonoraenequipo.com.mx\/#\/schema\/person\/50102df0fb23a8fa9e8effad8fa81386"},"headline":"Ram\u00edrez Cu\u00e9llar celebra que Congreso de EUA desechara impuesto a remesas de migrantes","datePublished":"2025-05-17T03:16:49+00:00","dateModified":"2025-05-17T23:58:53+00:00","mainEntityOfPage":{"@id":"https:\/\/www.sonoraenequipo.com.mx\/ramirez-cuellar-celebra-que-congreso-de-eua-desechara-impuesto-a-remesas-de-migrantes\/"},"wordCount":313,"commentCount":0,"publisher":{"@id":"https:\/\/www.sonoraenequipo.com.mx\/#organization"},"image":{"@id":"https:\/\/www.sonoraenequipo.com.mx\/ramirez-cuellar-celebra-que-congreso-de-eua-desechara-impuesto-a-remesas-de-migrantes\/#primaryimage"},"thumbnailUrl":"https:\/\/www.sonoraenequipo.com.mx\/storage\/2025\/05\/ramirez_cuellar-min.jpg","articleSection":["Rep\u00fablica"],"inLanguage":"es","potentialAction":[{"@type":"CommentAction","name":"Comment","target":["https:\/\/www.sonoraenequipo.com.mx\/ramirez-cuellar-celebra-que-congreso-de-eua-desechara-impuesto-a-remesas-de-migrantes\/#respond"]}]},{"@type":"WebPage","@id":"https:\/\/www.sonoraenequipo.com.mx\/ramirez-cuellar-celebra-que-congreso-de-eua-desechara-impuesto-a-remesas-de-migrantes\/","url":"https:\/\/www.sonoraenequipo.com.mx\/ramirez-cuellar-celebra-que-congreso-de-eua-desechara-impuesto-a-remesas-de-migrantes\/","name":"Sonora en Equipo. Ram\u00edrez Cu\u00e9llar celebra que Congreso de EUA desechara impuesto a remesas de migrantes Rep\u00fablica","isPartOf":{"@id":"https:\/\/www.sonoraenequipo.com.mx\/#website"},"primaryImageOfPage":{"@id":"https:\/\/www.sonoraenequipo.com.mx\/ramirez-cuellar-celebra-que-congreso-de-eua-desechara-impuesto-a-remesas-de-migrantes\/#primaryimage"},"image":{"@id":"https:\/\/www.sonoraenequipo.com.mx\/ramirez-cuellar-celebra-que-congreso-de-eua-desechara-impuesto-a-remesas-de-migrantes\/#primaryimage"},"thumbnailUrl":"https:\/\/www.sonoraenequipo.com.mx\/storage\/2025\/05\/ramirez_cuellar-min.jpg","datePublished":"2025-05-17T03:16:49+00:00","dateModified":"2025-05-17T23:58:53+00:00","description":"CIUDAD DE M\u00c9XICO.MX. \u2014 El diputado federal Alfonso Ram\u00edrez Cu\u00e9llar expres\u00f3 su benepl\u00e1cito con la decisi\u00f3n del Congreso de Estados Unidos de no aprobar la En Sonora en Equipo publicamos toda la informaci\u00f3n de Sonora, M\u00e9xico y el Mundo de manera oportuna y busca que la libertad de expresi\u00f3n sea real. Visita nuestro medio informativo publicado desde Hermosillo, Sonora. %","breadcrumb":{"@id":"https:\/\/www.sonoraenequipo.com.mx\/ramirez-cuellar-celebra-que-congreso-de-eua-desechara-impuesto-a-remesas-de-migrantes\/#breadcrumb"},"inLanguage":"es","potentialAction":[{"@type":"ReadAction","target":["https:\/\/www.sonoraenequipo.com.mx\/ramirez-cuellar-celebra-que-congreso-de-eua-desechara-impuesto-a-remesas-de-migrantes\/"]}]},{"@type":"ImageObject","inLanguage":"es","@id":"https:\/\/www.sonoraenequipo.com.mx\/ramirez-cuellar-celebra-que-congreso-de-eua-desechara-impuesto-a-remesas-de-migrantes\/#primaryimage","url":"https:\/\/www.sonoraenequipo.com.mx\/storage\/2025\/05\/ramirez_cuellar-min.jpg","contentUrl":"https:\/\/www.sonoraenequipo.com.mx\/storage\/2025\/05\/ramirez_cuellar-min.jpg","width":900,"height":506},{"@type":"BreadcrumbList","@id":"https:\/\/www.sonoraenequipo.com.mx\/ramirez-cuellar-celebra-que-congreso-de-eua-desechara-impuesto-a-remesas-de-migrantes\/#breadcrumb","itemListElement":[{"@type":"ListItem","position":1,"name":"Portada","item":"https:\/\/www.sonoraenequipo.com.mx\/"},{"@type":"ListItem","position":2,"name":"Ram\u00edrez Cu\u00e9llar celebra que Congreso de EUA desechara impuesto a remesas de migrantes"}]},{"@type":"WebSite","@id":"https:\/\/www.sonoraenequipo.com.mx\/#website","url":"https:\/\/www.sonoraenequipo.com.mx\/","name":"Sonora en Equipo.","description":"Diario en l\u00ednea con Noticias desde Hermosillo, Sonora","publisher":{"@id":"https:\/\/www.sonoraenequipo.com.mx\/#organization"},"potentialAction":[{"@type":"SearchAction","target":{"@type":"EntryPoint","urlTemplate":"https:\/\/www.sonoraenequipo.com.mx\/?s={search_term_string}"},"query-input":{"@type":"PropertyValueSpecification","valueRequired":true,"valueName":"search_term_string"}}],"inLanguage":"es"},{"@type":"Organization","@id":"https:\/\/www.sonoraenequipo.com.mx\/#organization","name":"Sonoraenequipo.com.mx","url":"https:\/\/www.sonoraenequipo.com.mx\/","logo":{"@type":"ImageObject","inLanguage":"es","@id":"https:\/\/www.sonoraenequipo.com.mx\/#\/schema\/logo\/image\/","url":"https:\/\/www.sonoraenequipo.com.mx\/storage\/2019\/01\/sonoraenequipo_opt.png","contentUrl":"https:\/\/www.sonoraenequipo.com.mx\/storage\/2019\/01\/sonoraenequipo_opt.png","width":375,"height":125,"caption":"Sonoraenequipo.com.mx"},"image":{"@id":"https:\/\/www.sonoraenequipo.com.mx\/#\/schema\/logo\/image\/"},"sameAs":["https:\/\/www.facebook.com\/SonoraEE\/","https:\/\/x.com\/sonoraenequipo","https:\/\/www.youtube.com\/channel\/UC338nW-lPEYmJQs4ZABQ1SQ"]},{"@type":"Person","@id":"https:\/\/www.sonoraenequipo.com.mx\/#\/schema\/person\/50102df0fb23a8fa9e8effad8fa81386","name":"enequipo","image":{"@type":"ImageObject","inLanguage":"es","@id":"https:\/\/www.sonoraenequipo.com.mx\/#\/schema\/person\/image\/","url":"https:\/\/secure.gravatar.com\/avatar\/049821681b589dabc0bc20695993ccebb09f5b5d4d790cd9251b97faac7c652b?s=96&d=blank&r=g","contentUrl":"https:\/\/secure.gravatar.com\/avatar\/049821681b589dabc0bc20695993ccebb09f5b5d4d790cd9251b97faac7c652b?s=96&d=blank&r=g","caption":"enequipo"},"sameAs":["https:\/\/www.facebook.com\/SonoraEE"]}]}},"jetpack_featured_media_url":"https:\/\/www.sonoraenequipo.com.mx\/storage\/2025\/05\/ramirez_cuellar-min.jpg","_links":{"self":[{"href":"https:\/\/www.sonoraenequipo.com.mx\/api\/wp\/v2\/posts\/215642","targetHints":{"allow":["GET"]}}],"collection":[{"href":"https:\/\/www.sonoraenequipo.com.mx\/api\/wp\/v2\/posts"}],"about":[{"href":"https:\/\/www.sonoraenequipo.com.mx\/api\/wp\/v2\/types\/post"}],"author":[{"embeddable":true,"href":"https:\/\/www.sonoraenequipo.com.mx\/api\/wp\/v2\/users\/1"}],"replies":[{"embeddable":true,"href":"https:\/\/www.sonoraenequipo.com.mx\/api\/wp\/v2\/comments?post=215642"}],"version-history":[{"count":1,"href":"https:\/\/www.sonoraenequipo.com.mx\/api\/wp\/v2\/posts\/215642\/revisions"}],"predecessor-version":[{"id":215644,"href":"https:\/\/www.sonoraenequipo.com.mx\/api\/wp\/v2\/posts\/215642\/revisions\/215644"}],"wp:featuredmedia":[{"embeddable":true,"href":"https:\/\/www.sonoraenequipo.com.mx\/api\/wp\/v2\/media\/215643"}],"wp:attachment":[{"href":"https:\/\/www.sonoraenequipo.com.mx\/api\/wp\/v2\/media?parent=215642"}],"wp:term":[{"taxonomy":"category","embeddable":true,"href":"https:\/\/www.sonoraenequipo.com.mx\/api\/wp\/v2\/categories?post=215642"},{"taxonomy":"post_tag","embeddable":true,"href":"https:\/\/www.sonoraenequipo.com.mx\/api\/wp\/v2\/tags?post=215642"}],"curies":[{"name":"wp","href":"https:\/\/api.w.org\/{rel}","templated":true}]}}