{"id":215646,"date":"2025-05-17T17:21:36","date_gmt":"2025-05-18T00:21:36","guid":{"rendered":"https:\/\/www.sonoraenequipo.com.mx\/?p=215646"},"modified":"2025-05-17T17:21:36","modified_gmt":"2025-05-18T00:21:36","slug":"amenaza-uer-a-rtve-con-sancion-por-pronunciarse-a-favor-de-gaza-durante-festival-eurovision-2025","status":"publish","type":"post","link":"https:\/\/www.sonoraenequipo.com.mx\/amenaza-uer-a-rtve-con-sancion-por-pronunciarse-a-favor-de-gaza-durante-festival-eurovision-2025\/","title":{"rendered":"Amenaza UER a RTVE con sanci\u00f3n por pronunciarse a favor de Gaza durante festival Eurovision 2025"},"content":{"rendered":"<p>A las 20:55 del s\u00e1bado, justo antes de la final de Eurovisi\u00f3n 2025, la Televisi\u00f3n Espa\u00f1ola (RTVE) mostr\u00f3 un mensaje que dec\u00eda: \u201cFrente a los derechos humanos, el silencio no es una opci\u00f3n. Paz y Justicia para Palestina\u201d. Este cartel estuvo en pantalla solo 16 segundos, lo que dej\u00f3 claro que RTVE no iba a ceder, a pesar de haber recibido una advertencia de la Uni\u00f3n Europea de Radiodifusi\u00f3n (UER).<\/p>\n<p>La controversia comenz\u00f3 dos d\u00edas antes, durante la segunda semifinal, cuando los locutores mencionaron que RTVE hab\u00eda solicitado que se abriera un debate sobre la participaci\u00f3n de Israel y hablaron de las v\u00edctimas civiles en Gaza, citando datos de la ONU. RTVE afirm\u00f3 que el mensaje no estaba dirigido a ning\u00fan pa\u00eds espec\u00edfico.<\/p>\n<p>La UER consider\u00f3 que esta referencia violaba las reglas de neutralidad del evento. En un comunicado, la UER pidi\u00f3 a RTVE que recordara a sus comentaristas que no deb\u00edan hacer declaraciones pol\u00edticas que comprometan la imparcialidad del concurso. Adem\u00e1s, advirti\u00f3 que cualquier incumplimiento podr\u00eda resultar en multas severas.<\/p>\n<p>Fuentes cercanas a RTVE indicaron que tras la queja formal de la emisora israel\u00ed KAN, no hubo espacio para negociar. Sin embargo, RTVE decidi\u00f3 cumplir su deber de servicio p\u00fablico, defendiendo el derecho de sus comentaristas a expresarse libremente. Otros pa\u00edses, como Eslovenia, Islandia e Irlanda, tambi\u00e9n han apoyado el reclamo por Palestina. La televisi\u00f3n p\u00fablica flamenca VRT hab\u00eda hecho declaraciones similares y consideraba tomar m\u00e1s acciones. Incluso, el sindicato de VRT pensaba en protestas si la UER manten\u00eda su postura.<\/p>\n<p>La tensi\u00f3n se acent\u00faa por la percepci\u00f3n de un doble rasero por parte de las delegaciones. RTVE se\u00f1ala que la UER no considera pol\u00edtico que Israel mencione a su cantante como v\u00edctima del ataque del 7 de octubre. Durante la apertura en Suiza, Yuval Raphael, representante de Israel fue recibida con reacciones mixtas. Medios israel\u00edes resaltaron que ella \u201csobrevivi\u00f3\u201d a la masacre y que las secuelas mentales la acompa\u00f1ar\u00e1n.<\/p>\n<p>El riesgo de multas en Eurovisi\u00f3n es significativo, aunque nunca se han hecho p\u00fablicas, podr\u00edan ser elevadas. Espa\u00f1a, un gran contribuyente, podr\u00eda perder confianza interna si la situaci\u00f3n no se maneja correctamente. Ana Mar\u00eda Bord\u00e1s, la jefa de la delegaci\u00f3n espa\u00f1ola, se enfrenta a un momento dif\u00edcil, ya que una posible multa podr\u00eda impactar su futura posici\u00f3n.<\/p>\n<p>La presi\u00f3n tambi\u00e9n se ha sentido entre m\u00fasicos y exconcursantes, quienes han firmado una carta pidiendo la expulsi\u00f3n de Israel por acciones cometidas. Aunque la regla 2.14 proh\u00edbe declaraciones pol\u00edticas, Eurovisi\u00f3n siempre ha estado influenciado por la situaci\u00f3n pol\u00edtica global. RTVE argumenta que su breve mensaje solo refleja el contexto en que se celebra Eurovisi\u00f3n 2025.<\/p>\n<p><iframe loading=\"lazy\" title=\"Yuval Raphael \u2013 New Day Will Rise (LIVE) | Israel \ud83c\uddee\ud83c\uddf1 | Second Semi-Final | Eurovision 2025\" width=\"640\" height=\"360\" src=\"https:\/\/www.youtube.com\/embed\/R1J7nJXLKAg?feature=oembed\" frameborder=\"0\" allow=\"accelerometer; autoplay; clipboard-write; encrypted-media; gyroscope; picture-in-picture; web-share\" referrerpolicy=\"strict-origin-when-cross-origin\" allowfullscreen><\/iframe><\/p>\n<p><strong>Fecha de publicaci\u00f3n <\/strong><strong>s\u00e1bado 17<\/strong><strong> de mayo de 2025 \/<\/strong><\/p>\n","protected":false},"excerpt":{"rendered":"<p>A las 20:55 del s\u00e1bado, justo antes de la final de Eurovisi\u00f3n 2025, la Televisi\u00f3n&#8230;<\/p>\n","protected":false},"author":1,"featured_media":215647,"comment_status":"open","ping_status":"open","sticky":false,"template":"","format":"standard","meta":{"_monsterinsights_skip_tracking":false,"_monsterinsights_sitenote_active":false,"_monsterinsights_sitenote_note":"","_monsterinsights_sitenote_category":0,"footnotes":""},"categories":[2987],"tags":[11234,10667,11233,11232],"class_list":["post"],"yoast_head":" \n<title>Sonora en Equipo. Amenaza UER a RTVE con sanci\u00f3n por pronunciarse a favor de Gaza durante festival Eurovision 2025 Showbiz<\/title>\n<meta name=\"description\" content=\"A las 20:55 del s\u00e1bado, justo antes de la final de Eurovisi\u00f3n 2025, la Televisi\u00f3n Espa\u00f1ola (RTVE) mostr\u00f3 un mensaje que dec\u00eda: \u201cFrente a los derechos En Sonora en Equipo publicamos toda la informaci\u00f3n de Sonora, M\u00e9xico y el Mundo de manera oportuna y busca que la libertad de expresi\u00f3n sea real. Visita nuestro medio informativo publicado desde Hermosillo, Sonora. %\" \/>\n<meta name=\"robots\" content=\"index, follow, max-snippet:-1, max-image-preview:large, max-video-preview:-1\" \/>\n<link rel=\"canonical\" href=\"https:\/\/www.sonoraenequipo.com.mx\/amenaza-uer-a-rtve-con-sancion-por-pronunciarse-a-favor-de-gaza-durante-festival-eurovision-2025\/\" \/>\n<meta property=\"og:locale\" content=\"es_ES\" \/>\n<meta property=\"og:type\" content=\"article\" \/>\n<meta property=\"og:title\" content=\"Sonora en Equipo. Amenaza UER a RTVE con sanci\u00f3n por pronunciarse a favor de Gaza durante festival Eurovision 2025 Showbiz\" \/>\n<meta property=\"og:description\" content=\"A las 20:55 del s\u00e1bado, justo antes de la final de Eurovisi\u00f3n 2025, la Televisi\u00f3n Espa\u00f1ola (RTVE) mostr\u00f3 un mensaje que dec\u00eda: \u201cFrente a los derechos En Sonora en Equipo publicamos toda la informaci\u00f3n de Sonora, M\u00e9xico y el Mundo de manera oportuna y busca que la libertad de expresi\u00f3n sea real. Visita nuestro medio informativo publicado desde Hermosillo, Sonora. %\" \/>\n<meta property=\"og:url\" content=\"https:\/\/www.sonoraenequipo.com.mx\/amenaza-uer-a-rtve-con-sancion-por-pronunciarse-a-favor-de-gaza-durante-festival-eurovision-2025\/\" \/>\n<meta property=\"og:site_name\" content=\"Sonora en Equipo.\" \/>\n<meta property=\"article:publisher\" content=\"https:\/\/www.facebook.com\/SonoraEE\/\" \/>\n<meta property=\"article:author\" content=\"https:\/\/www.facebook.com\/SonoraEE\" \/>\n<meta property=\"article:published_time\" content=\"2025-05-18T00:21:36+00:00\" \/>\n<meta property=\"og:image\" content=\"https:\/\/www.sonoraenequipo.com.mx\/storage\/2025\/05\/Yuvan-Raphael.jpg\" \/>\n\t<meta property=\"og:image:width\" content=\"600\" \/>\n\t<meta property=\"og:image:height\" content=\"400\" \/>\n\t<meta property=\"og:image:type\" content=\"image\/jpeg\" \/>\n<meta name=\"author\" content=\"enequipo\" \/>\n<meta name=\"twitter:card\" content=\"summary_large_image\" \/>\n<meta name=\"twitter:creator\" content=\"@sonoraenequipo\" \/>\n<meta name=\"twitter:site\" content=\"@sonoraenequipo\" \/>\n<meta name=\"twitter:label1\" content=\"Escrito por\" \/>\n\t<meta name=\"twitter:data1\" content=\"enequipo\" \/>\n\t<meta name=\"twitter:label2\" content=\"Tiempo de lectura\" \/>\n\t<meta name=\"twitter:data2\" content=\"3 minutos\" \/>\n<script type=\"application\/ld+json\" class=\"yoast-schema-graph\">{\"@context\":\"https:\/\/schema.org\",\"@graph\":[{\"@type\":\"Article\",\"@id\":\"https:\/\/www.sonoraenequipo.com.mx\/amenaza-uer-a-rtve-con-sancion-por-pronunciarse-a-favor-de-gaza-durante-festival-eurovision-2025\/#article\",\"isPartOf\":{\"@id\":\"https:\/\/www.sonoraenequipo.com.mx\/amenaza-uer-a-rtve-con-sancion-por-pronunciarse-a-favor-de-gaza-durante-festival-eurovision-2025\/\"},\"author\":{\"name\":\"enequipo\",\"@id\":\"https:\/\/www.sonoraenequipo.com.mx\/#\/schema\/person\/50102df0fb23a8fa9e8effad8fa81386\"},\"headline\":\"Amenaza UER a RTVE con sanci\u00f3n por pronunciarse a favor de Gaza durante festival Eurovision 2025\",\"datePublished\":\"2025-05-18T00:21:36+00:00\",\"mainEntityOfPage\":{\"@id\":\"https:\/\/www.sonoraenequipo.com.mx\/amenaza-uer-a-rtve-con-sancion-por-pronunciarse-a-favor-de-gaza-durante-festival-eurovision-2025\/\"},\"wordCount\":518,\"commentCount\":0,\"publisher\":{\"@id\":\"https:\/\/www.sonoraenequipo.com.mx\/#organization\"},\"image\":{\"@id\":\"https:\/\/www.sonoraenequipo.com.mx\/amenaza-uer-a-rtve-con-sancion-por-pronunciarse-a-favor-de-gaza-durante-festival-eurovision-2025\/#primaryimage\"},\"thumbnailUrl\":\"https:\/\/www.sonoraenequipo.com.mx\/storage\/2025\/05\/Yuvan-Raphael.jpg\",\"keywords\":[\"eurovision\",\"guerra israel gaza\",\"RTVE\",\"UER\"],\"articleSection\":[\"Showbiz\"],\"inLanguage\":\"es\",\"potentialAction\":[{\"@type\":\"CommentAction\",\"name\":\"Comment\",\"target\":[\"https:\/\/www.sonoraenequipo.com.mx\/amenaza-uer-a-rtve-con-sancion-por-pronunciarse-a-favor-de-gaza-durante-festival-eurovision-2025\/#respond\"]}]},{\"@type\":\"WebPage\",\"@id\":\"https:\/\/www.sonoraenequipo.com.mx\/amenaza-uer-a-rtve-con-sancion-por-pronunciarse-a-favor-de-gaza-durante-festival-eurovision-2025\/\",\"url\":\"https:\/\/www.sonoraenequipo.com.mx\/amenaza-uer-a-rtve-con-sancion-por-pronunciarse-a-favor-de-gaza-durante-festival-eurovision-2025\/\",\"name\":\"Sonora en Equipo. Amenaza UER a RTVE con sanci\u00f3n por pronunciarse a favor de Gaza durante festival Eurovision 2025 Showbiz\",\"isPartOf\":{\"@id\":\"https:\/\/www.sonoraenequipo.com.mx\/#website\"},\"primaryImageOfPage\":{\"@id\":\"https:\/\/www.sonoraenequipo.com.mx\/amenaza-uer-a-rtve-con-sancion-por-pronunciarse-a-favor-de-gaza-durante-festival-eurovision-2025\/#primaryimage\"},\"image\":{\"@id\":\"https:\/\/www.sonoraenequipo.com.mx\/amenaza-uer-a-rtve-con-sancion-por-pronunciarse-a-favor-de-gaza-durante-festival-eurovision-2025\/#primaryimage\"},\"thumbnailUrl\":\"https:\/\/www.sonoraenequipo.com.mx\/storage\/2025\/05\/Yuvan-Raphael.jpg\",\"datePublished\":\"2025-05-18T00:21:36+00:00\",\"description\":\"A las 20:55 del s\u00e1bado, justo antes de la final de Eurovisi\u00f3n 2025, la Televisi\u00f3n Espa\u00f1ola (RTVE) mostr\u00f3 un mensaje que dec\u00eda: \u201cFrente a los derechos En Sonora en Equipo publicamos toda la informaci\u00f3n de Sonora, M\u00e9xico y el Mundo de manera oportuna y busca que la libertad de expresi\u00f3n sea real. Visita nuestro medio informativo publicado desde Hermosillo, Sonora. %\",\"breadcrumb\":{\"@id\":\"https:\/\/www.sonoraenequipo.com.mx\/amenaza-uer-a-rtve-con-sancion-por-pronunciarse-a-favor-de-gaza-durante-festival-eurovision-2025\/#breadcrumb\"},\"inLanguage\":\"es\",\"potentialAction\":[{\"@type\":\"ReadAction\",\"target\":[\"https:\/\/www.sonoraenequipo.com.mx\/amenaza-uer-a-rtve-con-sancion-por-pronunciarse-a-favor-de-gaza-durante-festival-eurovision-2025\/\"]}]},{\"@type\":\"ImageObject\",\"inLanguage\":\"es\",\"@id\":\"https:\/\/www.sonoraenequipo.com.mx\/amenaza-uer-a-rtve-con-sancion-por-pronunciarse-a-favor-de-gaza-durante-festival-eurovision-2025\/#primaryimage\",\"url\":\"https:\/\/www.sonoraenequipo.com.mx\/storage\/2025\/05\/Yuvan-Raphael.jpg\",\"contentUrl\":\"https:\/\/www.sonoraenequipo.com.mx\/storage\/2025\/05\/Yuvan-Raphael.jpg\",\"width\":600,\"height\":400,\"caption\":\"Yuval Raphael representante de Israel en el certamen ha sido v\u00edctima de reacciones adversas en los pa\u00edses que han sido foro del festival\"},{\"@type\":\"BreadcrumbList\",\"@id\":\"https:\/\/www.sonoraenequipo.com.mx\/amenaza-uer-a-rtve-con-sancion-por-pronunciarse-a-favor-de-gaza-durante-festival-eurovision-2025\/#breadcrumb\",\"itemListElement\":[{\"@type\":\"ListItem\",\"position\":1,\"name\":\"Portada\",\"item\":\"https:\/\/www.sonoraenequipo.com.mx\/\"},{\"@type\":\"ListItem\",\"position\":2,\"name\":\"Amenaza UER a RTVE con sanci\u00f3n por pronunciarse a favor de Gaza durante festival Eurovision 2025\"}]},{\"@type\":\"WebSite\",\"@id\":\"https:\/\/www.sonoraenequipo.com.mx\/#website\",\"url\":\"https:\/\/www.sonoraenequipo.com.mx\/\",\"name\":\"Sonora en Equipo.\",\"description\":\"Diario en l\u00ednea con Noticias desde Hermosillo, Sonora\",\"publisher\":{\"@id\":\"https:\/\/www.sonoraenequipo.com.mx\/#organization\"},\"potentialAction\":[{\"@type\":\"SearchAction\",\"target\":{\"@type\":\"EntryPoint\",\"urlTemplate\":\"https:\/\/www.sonoraenequipo.com.mx\/?s={search_term_string}\"},\"query-input\":{\"@type\":\"PropertyValueSpecification\",\"valueRequired\":true,\"valueName\":\"search_term_string\"}}],\"inLanguage\":\"es\"},{\"@type\":\"Organization\",\"@id\":\"https:\/\/www.sonoraenequipo.com.mx\/#organization\",\"name\":\"Sonoraenequipo.com.mx\",\"url\":\"https:\/\/www.sonoraenequipo.com.mx\/\",\"logo\":{\"@type\":\"ImageObject\",\"inLanguage\":\"es\",\"@id\":\"https:\/\/www.sonoraenequipo.com.mx\/#\/schema\/logo\/image\/\",\"url\":\"https:\/\/www.sonoraenequipo.com.mx\/storage\/2019\/01\/sonoraenequipo_opt.png\",\"contentUrl\":\"https:\/\/www.sonoraenequipo.com.mx\/storage\/2019\/01\/sonoraenequipo_opt.png\",\"width\":375,\"height\":125,\"caption\":\"Sonoraenequipo.com.mx\"},\"image\":{\"@id\":\"https:\/\/www.sonoraenequipo.com.mx\/#\/schema\/logo\/image\/\"},\"sameAs\":[\"https:\/\/www.facebook.com\/SonoraEE\/\",\"https:\/\/x.com\/sonoraenequipo\",\"https:\/\/www.youtube.com\/channel\/UC338nW-lPEYmJQs4ZABQ1SQ\"]},{\"@type\":\"Person\",\"@id\":\"https:\/\/www.sonoraenequipo.com.mx\/#\/schema\/person\/50102df0fb23a8fa9e8effad8fa81386\",\"name\":\"enequipo\",\"image\":{\"@type\":\"ImageObject\",\"inLanguage\":\"es\",\"@id\":\"https:\/\/www.sonoraenequipo.com.mx\/#\/schema\/person\/image\/\",\"url\":\"https:\/\/secure.gravatar.com\/avatar\/049821681b589dabc0bc20695993ccebb09f5b5d4d790cd9251b97faac7c652b?s=96&d=blank&r=g\",\"contentUrl\":\"https:\/\/secure.gravatar.com\/avatar\/049821681b589dabc0bc20695993ccebb09f5b5d4d790cd9251b97faac7c652b?s=96&d=blank&r=g\",\"caption\":\"enequipo\"},\"sameAs\":[\"https:\/\/www.facebook.com\/SonoraEE\"]}]}<\/script>\n ","yoast_head_json":{"title":"Sonora en Equipo. Amenaza UER a RTVE con sanci\u00f3n por pronunciarse a favor de Gaza durante festival Eurovision 2025 Showbiz","description":"A las 20:55 del s\u00e1bado, justo antes de la final de Eurovisi\u00f3n 2025, la Televisi\u00f3n Espa\u00f1ola (RTVE) mostr\u00f3 un mensaje que dec\u00eda: \u201cFrente a los derechos En Sonora en Equipo publicamos toda la informaci\u00f3n de Sonora, M\u00e9xico y el Mundo de manera oportuna y busca que la libertad de expresi\u00f3n sea real. Visita nuestro medio informativo publicado desde Hermosillo, Sonora. %","robots":{"index":"index","follow":"follow","max-snippet":"max-snippet:-1","max-image-preview":"max-image-preview:large","max-video-preview":"max-video-preview:-1"},"canonical":"https:\/\/www.sonoraenequipo.com.mx\/amenaza-uer-a-rtve-con-sancion-por-pronunciarse-a-favor-de-gaza-durante-festival-eurovision-2025\/","og_locale":"es_ES","og_type":"article","og_title":"Sonora en Equipo. Amenaza UER a RTVE con sanci\u00f3n por pronunciarse a favor de Gaza durante festival Eurovision 2025 Showbiz","og_description":"A las 20:55 del s\u00e1bado, justo antes de la final de Eurovisi\u00f3n 2025, la Televisi\u00f3n Espa\u00f1ola (RTVE) mostr\u00f3 un mensaje que dec\u00eda: \u201cFrente a los derechos En Sonora en Equipo publicamos toda la informaci\u00f3n de Sonora, M\u00e9xico y el Mundo de manera oportuna y busca que la libertad de expresi\u00f3n sea real. Visita nuestro medio informativo publicado desde Hermosillo, Sonora. %","og_url":"https:\/\/www.sonoraenequipo.com.mx\/amenaza-uer-a-rtve-con-sancion-por-pronunciarse-a-favor-de-gaza-durante-festival-eurovision-2025\/","og_site_name":"Sonora en Equipo.","article_publisher":"https:\/\/www.facebook.com\/SonoraEE\/","article_author":"https:\/\/www.facebook.com\/SonoraEE","article_published_time":"2025-05-18T00:21:36+00:00","og_image":[{"width":600,"height":400,"url":"https:\/\/www.sonoraenequipo.com.mx\/storage\/2025\/05\/Yuvan-Raphael.jpg","type":"image\/jpeg"}],"author":"enequipo","twitter_card":"summary_large_image","twitter_creator":"@sonoraenequipo","twitter_site":"@sonoraenequipo","twitter_misc":{"Escrito por":"enequipo","Tiempo de lectura":"3 minutos"},"schema":{"@context":"https:\/\/schema.org","@graph":[{"@type":"Article","@id":"https:\/\/www.sonoraenequipo.com.mx\/amenaza-uer-a-rtve-con-sancion-por-pronunciarse-a-favor-de-gaza-durante-festival-eurovision-2025\/#article","isPartOf":{"@id":"https:\/\/www.sonoraenequipo.com.mx\/amenaza-uer-a-rtve-con-sancion-por-pronunciarse-a-favor-de-gaza-durante-festival-eurovision-2025\/"},"author":{"name":"enequipo","@id":"https:\/\/www.sonoraenequipo.com.mx\/#\/schema\/person\/50102df0fb23a8fa9e8effad8fa81386"},"headline":"Amenaza UER a RTVE con sanci\u00f3n por pronunciarse a favor de Gaza durante festival Eurovision 2025","datePublished":"2025-05-18T00:21:36+00:00","mainEntityOfPage":{"@id":"https:\/\/www.sonoraenequipo.com.mx\/amenaza-uer-a-rtve-con-sancion-por-pronunciarse-a-favor-de-gaza-durante-festival-eurovision-2025\/"},"wordCount":518,"commentCount":0,"publisher":{"@id":"https:\/\/www.sonoraenequipo.com.mx\/#organization"},"image":{"@id":"https:\/\/www.sonoraenequipo.com.mx\/amenaza-uer-a-rtve-con-sancion-por-pronunciarse-a-favor-de-gaza-durante-festival-eurovision-2025\/#primaryimage"},"thumbnailUrl":"https:\/\/www.sonoraenequipo.com.mx\/storage\/2025\/05\/Yuvan-Raphael.jpg","keywords":["eurovision","guerra israel gaza","RTVE","UER"],"articleSection":["Showbiz"],"inLanguage":"es","potentialAction":[{"@type":"CommentAction","name":"Comment","target":["https:\/\/www.sonoraenequipo.com.mx\/amenaza-uer-a-rtve-con-sancion-por-pronunciarse-a-favor-de-gaza-durante-festival-eurovision-2025\/#respond"]}]},{"@type":"WebPage","@id":"https:\/\/www.sonoraenequipo.com.mx\/amenaza-uer-a-rtve-con-sancion-por-pronunciarse-a-favor-de-gaza-durante-festival-eurovision-2025\/","url":"https:\/\/www.sonoraenequipo.com.mx\/amenaza-uer-a-rtve-con-sancion-por-pronunciarse-a-favor-de-gaza-durante-festival-eurovision-2025\/","name":"Sonora en Equipo. Amenaza UER a RTVE con sanci\u00f3n por pronunciarse a favor de Gaza durante festival Eurovision 2025 Showbiz","isPartOf":{"@id":"https:\/\/www.sonoraenequipo.com.mx\/#website"},"primaryImageOfPage":{"@id":"https:\/\/www.sonoraenequipo.com.mx\/amenaza-uer-a-rtve-con-sancion-por-pronunciarse-a-favor-de-gaza-durante-festival-eurovision-2025\/#primaryimage"},"image":{"@id":"https:\/\/www.sonoraenequipo.com.mx\/amenaza-uer-a-rtve-con-sancion-por-pronunciarse-a-favor-de-gaza-durante-festival-eurovision-2025\/#primaryimage"},"thumbnailUrl":"https:\/\/www.sonoraenequipo.com.mx\/storage\/2025\/05\/Yuvan-Raphael.jpg","datePublished":"2025-05-18T00:21:36+00:00","description":"A las 20:55 del s\u00e1bado, justo antes de la final de Eurovisi\u00f3n 2025, la Televisi\u00f3n Espa\u00f1ola (RTVE) mostr\u00f3 un mensaje que dec\u00eda: \u201cFrente a los derechos En Sonora en Equipo publicamos toda la informaci\u00f3n de Sonora, M\u00e9xico y el Mundo de manera oportuna y busca que la libertad de expresi\u00f3n sea real. Visita nuestro medio informativo publicado desde Hermosillo, Sonora. %","breadcrumb":{"@id":"https:\/\/www.sonoraenequipo.com.mx\/amenaza-uer-a-rtve-con-sancion-por-pronunciarse-a-favor-de-gaza-durante-festival-eurovision-2025\/#breadcrumb"},"inLanguage":"es","potentialAction":[{"@type":"ReadAction","target":["https:\/\/www.sonoraenequipo.com.mx\/amenaza-uer-a-rtve-con-sancion-por-pronunciarse-a-favor-de-gaza-durante-festival-eurovision-2025\/"]}]},{"@type":"ImageObject","inLanguage":"es","@id":"https:\/\/www.sonoraenequipo.com.mx\/amenaza-uer-a-rtve-con-sancion-por-pronunciarse-a-favor-de-gaza-durante-festival-eurovision-2025\/#primaryimage","url":"https:\/\/www.sonoraenequipo.com.mx\/storage\/2025\/05\/Yuvan-Raphael.jpg","contentUrl":"https:\/\/www.sonoraenequipo.com.mx\/storage\/2025\/05\/Yuvan-Raphael.jpg","width":600,"height":400,"caption":"Yuval Raphael representante de Israel en el certamen ha sido v\u00edctima de reacciones adversas en los pa\u00edses que han sido foro del festival"},{"@type":"BreadcrumbList","@id":"https:\/\/www.sonoraenequipo.com.mx\/amenaza-uer-a-rtve-con-sancion-por-pronunciarse-a-favor-de-gaza-durante-festival-eurovision-2025\/#breadcrumb","itemListElement":[{"@type":"ListItem","position":1,"name":"Portada","item":"https:\/\/www.sonoraenequipo.com.mx\/"},{"@type":"ListItem","position":2,"name":"Amenaza UER a RTVE con sanci\u00f3n por pronunciarse a favor de Gaza durante festival Eurovision 2025"}]},{"@type":"WebSite","@id":"https:\/\/www.sonoraenequipo.com.mx\/#website","url":"https:\/\/www.sonoraenequipo.com.mx\/","name":"Sonora en Equipo.","description":"Diario en l\u00ednea con Noticias desde Hermosillo, Sonora","publisher":{"@id":"https:\/\/www.sonoraenequipo.com.mx\/#organization"},"potentialAction":[{"@type":"SearchAction","target":{"@type":"EntryPoint","urlTemplate":"https:\/\/www.sonoraenequipo.com.mx\/?s={search_term_string}"},"query-input":{"@type":"PropertyValueSpecification","valueRequired":true,"valueName":"search_term_string"}}],"inLanguage":"es"},{"@type":"Organization","@id":"https:\/\/www.sonoraenequipo.com.mx\/#organization","name":"Sonoraenequipo.com.mx","url":"https:\/\/www.sonoraenequipo.com.mx\/","logo":{"@type":"ImageObject","inLanguage":"es","@id":"https:\/\/www.sonoraenequipo.com.mx\/#\/schema\/logo\/image\/","url":"https:\/\/www.sonoraenequipo.com.mx\/storage\/2019\/01\/sonoraenequipo_opt.png","contentUrl":"https:\/\/www.sonoraenequipo.com.mx\/storage\/2019\/01\/sonoraenequipo_opt.png","width":375,"height":125,"caption":"Sonoraenequipo.com.mx"},"image":{"@id":"https:\/\/www.sonoraenequipo.com.mx\/#\/schema\/logo\/image\/"},"sameAs":["https:\/\/www.facebook.com\/SonoraEE\/","https:\/\/x.com\/sonoraenequipo","https:\/\/www.youtube.com\/channel\/UC338nW-lPEYmJQs4ZABQ1SQ"]},{"@type":"Person","@id":"https:\/\/www.sonoraenequipo.com.mx\/#\/schema\/person\/50102df0fb23a8fa9e8effad8fa81386","name":"enequipo","image":{"@type":"ImageObject","inLanguage":"es","@id":"https:\/\/www.sonoraenequipo.com.mx\/#\/schema\/person\/image\/","url":"https:\/\/secure.gravatar.com\/avatar\/049821681b589dabc0bc20695993ccebb09f5b5d4d790cd9251b97faac7c652b?s=96&d=blank&r=g","contentUrl":"https:\/\/secure.gravatar.com\/avatar\/049821681b589dabc0bc20695993ccebb09f5b5d4d790cd9251b97faac7c652b?s=96&d=blank&r=g","caption":"enequipo"},"sameAs":["https:\/\/www.facebook.com\/SonoraEE"]}]}},"jetpack_featured_media_url":"https:\/\/www.sonoraenequipo.com.mx\/storage\/2025\/05\/Yuvan-Raphael.jpg","_links":{"self":[{"href":"https:\/\/www.sonoraenequipo.com.mx\/api\/wp\/v2\/posts\/215646","targetHints":{"allow":["GET"]}}],"collection":[{"href":"https:\/\/www.sonoraenequipo.com.mx\/api\/wp\/v2\/posts"}],"about":[{"href":"https:\/\/www.sonoraenequipo.com.mx\/api\/wp\/v2\/types\/post"}],"author":[{"embeddable":true,"href":"https:\/\/www.sonoraenequipo.com.mx\/api\/wp\/v2\/users\/1"}],"replies":[{"embeddable":true,"href":"https:\/\/www.sonoraenequipo.com.mx\/api\/wp\/v2\/comments?post=215646"}],"version-history":[{"count":1,"href":"https:\/\/www.sonoraenequipo.com.mx\/api\/wp\/v2\/posts\/215646\/revisions"}],"predecessor-version":[{"id":215653,"href":"https:\/\/www.sonoraenequipo.com.mx\/api\/wp\/v2\/posts\/215646\/revisions\/215653"}],"wp:featuredmedia":[{"embeddable":true,"href":"https:\/\/www.sonoraenequipo.com.mx\/api\/wp\/v2\/media\/215647"}],"wp:attachment":[{"href":"https:\/\/www.sonoraenequipo.com.mx\/api\/wp\/v2\/media?parent=215646"}],"wp:term":[{"taxonomy":"category","embeddable":true,"href":"https:\/\/www.sonoraenequipo.com.mx\/api\/wp\/v2\/categories?post=215646"},{"taxonomy":"post_tag","embeddable":true,"href":"https:\/\/www.sonoraenequipo.com.mx\/api\/wp\/v2\/tags?post=215646"}],"curies":[{"name":"wp","href":"https:\/\/api.w.org\/{rel}","templated":true}]}}