{"id":215654,"date":"2025-05-17T17:33:15","date_gmt":"2025-05-18T00:33:15","guid":{"rendered":"https:\/\/www.sonoraenequipo.com.mx\/?p=215654"},"modified":"2025-05-17T17:33:15","modified_gmt":"2025-05-18T00:33:15","slug":"estudio-de-adn-aclara-la-ascendencia-de-indigenas-americanos","status":"publish","type":"post","link":"https:\/\/www.sonoraenequipo.com.mx\/estudio-de-adn-aclara-la-ascendencia-de-indigenas-americanos\/","title":{"rendered":"Estudio de ADN aclara la ascendencia de ind\u00edgenas americanos"},"content":{"rendered":"<p>Las primeras personas que colonizaron Am\u00e9rica emigraron de la actual Rusia hace entre 20mil y 30 mil a\u00f1os, seg\u00fan una reciente investigaci\u00f3n.<\/p>\n<p>&nbsp;<\/p>\n<p>Publicado el 15 de mayo en la revista Science, el estudio sugiere que las lenguas y tradiciones de los grupos ind\u00edgenas que viven en Am\u00e9rica hoy en d\u00eda se remontan a estos primeros pobladores. Existen rastros de sus culturas en los genes de los grupos ind\u00edgenas modernos.<\/p>\n<p>&nbsp;<\/p>\n<p>El estudio tambi\u00e9n revel\u00f3 que los primeros pobladores se dividieron en grupos que se aislaron en diferentes entornos ambientales. Los hallazgos proporcionan una nueva comprensi\u00f3n gen\u00e9tica y cultural de las comunidades suramericanas actuales, afirmaron los investigadores.<\/p>\n<p>&nbsp;<\/p>\n<p>\u00abEsto llena lagunas clave en nuestra comprensi\u00f3n de c\u00f3mo se formaron las diversas poblaciones de la actual Suram\u00e9rica\u00bb, afirm\u00f3 Elena Gusareva, autora principal del reporte, quien trabaja en la Universidad Tecnol\u00f3gica de Nanyang, en Singapur.<\/p>\n<p>&nbsp;<\/p>\n<p>Gusareva se\u00f1al\u00f3 que los participantes del estudio se sintieron \u00abprofundamente motivados\u00bb a descubrir la historia de sus pueblos, lo que demuestra la importancia del conocimiento ancestral para la identidad de las personas.<\/p>\n<p>&nbsp;<\/p>\n<p>La investigadora mencion\u00f3 un \u00abcaso urgente\u00bb relacionado con el pueblo kaw\u00e9sqar de la Patagonia, cuya poblaci\u00f3n y patrimonio cultural de 6.000 a\u00f1os de antig\u00fcedad est\u00e1n en peligro de desaparecer. \u00abEste registro gen\u00e9tico es una de las \u00faltimas oportunidades para preservar su legado\u00bb, advirti\u00f3.<\/p>\n<p><strong>Ra\u00edces euroasi\u00e1ticas de los ind\u00edgenas americanos<\/strong><\/p>\n<p>Gusareva y otros investigadores secuenciaron los genomas de 1.537 individuos de 139 grupos \u00e9tnicos del norte de Eurasia y Am\u00e9rica.<\/p>\n<p>&nbsp;<\/p>\n<p>Compararon los millones de peque\u00f1as variaciones en los genes de los ind\u00edgenas actuales con el ADN antiguo de los primeros pueblos que llegaron a Am\u00e9rica, con lo que crearon un conjunto de datos gen\u00f3micos de personas previamente subrepresentadas en la ciencia ancestral.<\/p>\n<p>&nbsp;<\/p>\n<p>Rastrear c\u00f3mo estos c\u00f3digos gen\u00e9ticos cambiaron en personas de diferentes regiones geogr\u00e1ficas y diversos grupos ind\u00edgenas les permiti\u00f3 estudiar patrones de historia poblacional, migraci\u00f3n y adaptaci\u00f3n a lo largo de miles de a\u00f1os.<\/p>\n<p>&nbsp;<\/p>\n<p>\u00abNuestro an\u00e1lisis gen\u00e9tico de los grupos ind\u00edgenas es crucial porque sus genomas aportan informaci\u00f3n \u00fanica sobre la historia humana m\u00e1s temprana en la regi\u00f3n\u00bb, explic\u00f3 Hie Lim Kim, colega de Gusareva y genetista de la Universidad Tecnol\u00f3gica de Nanyang.<\/p>\n<p>&nbsp;<\/p>\n<p>Su an\u00e1lisis parece corroborar la evidencia arqueol\u00f3gica existente, que muestra que los primeros pueblos de Am\u00e9rica divergieron de noreuroasi\u00e1ticos hace entre 19.300 y 26.800 a\u00f1os.<\/p>\n<p><strong>Fecha de publicaci\u00f3n <\/strong><strong>s\u00e1bado 17<\/strong><strong> de mayo de 2025 \/DW<\/strong><\/p>\n","protected":false},"excerpt":{"rendered":"<p>Las primeras personas que colonizaron Am\u00e9rica emigraron de la actual Rusia hace entre 20mil y&#8230;<\/p>\n","protected":false},"author":1,"featured_media":215655,"comment_status":"open","ping_status":"open","sticky":false,"template":"","format":"standard","meta":{"_monsterinsights_skip_tracking":false,"_monsterinsights_sitenote_active":false,"_monsterinsights_sitenote_note":"","_monsterinsights_sitenote_category":0,"footnotes":""},"categories":[1],"tags":[],"class_list":["post"],"yoast_head":" \n<title>Sonora en Equipo. Estudio de ADN aclara la ascendencia de ind\u00edgenas americanos<\/title>\n<meta name=\"description\" content=\"Las primeras personas que colonizaron Am\u00e9rica emigraron de la actual Rusia hace entre 20mil y 30 mil a\u00f1os, seg\u00fan una reciente investigaci\u00f3n. &nbsp; En Sonora en Equipo publicamos toda la informaci\u00f3n de Sonora, M\u00e9xico y el Mundo de manera oportuna y busca que la libertad de expresi\u00f3n sea real. Visita nuestro medio informativo publicado desde Hermosillo, Sonora. %\" \/>\n<meta name=\"robots\" content=\"index, follow, max-snippet:-1, max-image-preview:large, max-video-preview:-1\" \/>\n<link rel=\"canonical\" href=\"https:\/\/www.sonoraenequipo.com.mx\/estudio-de-adn-aclara-la-ascendencia-de-indigenas-americanos\/\" \/>\n<meta property=\"og:locale\" content=\"es_ES\" \/>\n<meta property=\"og:type\" content=\"article\" \/>\n<meta property=\"og:title\" content=\"Sonora en Equipo. Estudio de ADN aclara la ascendencia de ind\u00edgenas americanos\" \/>\n<meta property=\"og:description\" content=\"Las primeras personas que colonizaron Am\u00e9rica emigraron de la actual Rusia hace entre 20mil y 30 mil a\u00f1os, seg\u00fan una reciente investigaci\u00f3n. &nbsp; En Sonora en Equipo publicamos toda la informaci\u00f3n de Sonora, M\u00e9xico y el Mundo de manera oportuna y busca que la libertad de expresi\u00f3n sea real. Visita nuestro medio informativo publicado desde Hermosillo, Sonora. %\" \/>\n<meta property=\"og:url\" content=\"https:\/\/www.sonoraenequipo.com.mx\/estudio-de-adn-aclara-la-ascendencia-de-indigenas-americanos\/\" \/>\n<meta property=\"og:site_name\" content=\"Sonora en Equipo.\" \/>\n<meta property=\"article:publisher\" content=\"https:\/\/www.facebook.com\/SonoraEE\/\" \/>\n<meta property=\"article:author\" content=\"https:\/\/www.facebook.com\/SonoraEE\" \/>\n<meta property=\"article:published_time\" content=\"2025-05-18T00:33:15+00:00\" \/>\n<meta property=\"og:image\" content=\"https:\/\/www.sonoraenequipo.com.mx\/storage\/2025\/05\/pinturas-rupestres-colombia.jpg\" \/>\n\t<meta property=\"og:image:width\" content=\"600\" \/>\n\t<meta property=\"og:image:height\" content=\"337\" \/>\n\t<meta property=\"og:image:type\" content=\"image\/jpeg\" \/>\n<meta name=\"author\" content=\"enequipo\" \/>\n<meta name=\"twitter:card\" content=\"summary_large_image\" \/>\n<meta name=\"twitter:creator\" content=\"@sonoraenequipo\" \/>\n<meta name=\"twitter:site\" content=\"@sonoraenequipo\" \/>\n<meta name=\"twitter:label1\" content=\"Escrito por\" \/>\n\t<meta name=\"twitter:data1\" content=\"enequipo\" \/>\n\t<meta name=\"twitter:label2\" content=\"Tiempo de lectura\" \/>\n\t<meta name=\"twitter:data2\" content=\"2 minutos\" \/>\n<script type=\"application\/ld+json\" class=\"yoast-schema-graph\">{\"@context\":\"https:\/\/schema.org\",\"@graph\":[{\"@type\":\"Article\",\"@id\":\"https:\/\/www.sonoraenequipo.com.mx\/estudio-de-adn-aclara-la-ascendencia-de-indigenas-americanos\/#article\",\"isPartOf\":{\"@id\":\"https:\/\/www.sonoraenequipo.com.mx\/estudio-de-adn-aclara-la-ascendencia-de-indigenas-americanos\/\"},\"author\":{\"name\":\"enequipo\",\"@id\":\"https:\/\/www.sonoraenequipo.com.mx\/#\/schema\/person\/50102df0fb23a8fa9e8effad8fa81386\"},\"headline\":\"Estudio de ADN aclara la ascendencia de ind\u00edgenas americanos\",\"datePublished\":\"2025-05-18T00:33:15+00:00\",\"mainEntityOfPage\":{\"@id\":\"https:\/\/www.sonoraenequipo.com.mx\/estudio-de-adn-aclara-la-ascendencia-de-indigenas-americanos\/\"},\"wordCount\":452,\"commentCount\":0,\"publisher\":{\"@id\":\"https:\/\/www.sonoraenequipo.com.mx\/#organization\"},\"image\":{\"@id\":\"https:\/\/www.sonoraenequipo.com.mx\/estudio-de-adn-aclara-la-ascendencia-de-indigenas-americanos\/#primaryimage\"},\"thumbnailUrl\":\"https:\/\/www.sonoraenequipo.com.mx\/storage\/2025\/05\/pinturas-rupestres-colombia.jpg\",\"articleSection\":[\"Sin categorizar\"],\"inLanguage\":\"es\",\"potentialAction\":[{\"@type\":\"CommentAction\",\"name\":\"Comment\",\"target\":[\"https:\/\/www.sonoraenequipo.com.mx\/estudio-de-adn-aclara-la-ascendencia-de-indigenas-americanos\/#respond\"]}]},{\"@type\":\"WebPage\",\"@id\":\"https:\/\/www.sonoraenequipo.com.mx\/estudio-de-adn-aclara-la-ascendencia-de-indigenas-americanos\/\",\"url\":\"https:\/\/www.sonoraenequipo.com.mx\/estudio-de-adn-aclara-la-ascendencia-de-indigenas-americanos\/\",\"name\":\"Sonora en Equipo. Estudio de ADN aclara la ascendencia de ind\u00edgenas americanos\",\"isPartOf\":{\"@id\":\"https:\/\/www.sonoraenequipo.com.mx\/#website\"},\"primaryImageOfPage\":{\"@id\":\"https:\/\/www.sonoraenequipo.com.mx\/estudio-de-adn-aclara-la-ascendencia-de-indigenas-americanos\/#primaryimage\"},\"image\":{\"@id\":\"https:\/\/www.sonoraenequipo.com.mx\/estudio-de-adn-aclara-la-ascendencia-de-indigenas-americanos\/#primaryimage\"},\"thumbnailUrl\":\"https:\/\/www.sonoraenequipo.com.mx\/storage\/2025\/05\/pinturas-rupestres-colombia.jpg\",\"datePublished\":\"2025-05-18T00:33:15+00:00\",\"description\":\"Las primeras personas que colonizaron Am\u00e9rica emigraron de la actual Rusia hace entre 20mil y 30 mil a\u00f1os, seg\u00fan una reciente investigaci\u00f3n. &nbsp; En Sonora en Equipo publicamos toda la informaci\u00f3n de Sonora, M\u00e9xico y el Mundo de manera oportuna y busca que la libertad de expresi\u00f3n sea real. Visita nuestro medio informativo publicado desde Hermosillo, Sonora. %\",\"breadcrumb\":{\"@id\":\"https:\/\/www.sonoraenequipo.com.mx\/estudio-de-adn-aclara-la-ascendencia-de-indigenas-americanos\/#breadcrumb\"},\"inLanguage\":\"es\",\"potentialAction\":[{\"@type\":\"ReadAction\",\"target\":[\"https:\/\/www.sonoraenequipo.com.mx\/estudio-de-adn-aclara-la-ascendencia-de-indigenas-americanos\/\"]}]},{\"@type\":\"ImageObject\",\"inLanguage\":\"es\",\"@id\":\"https:\/\/www.sonoraenequipo.com.mx\/estudio-de-adn-aclara-la-ascendencia-de-indigenas-americanos\/#primaryimage\",\"url\":\"https:\/\/www.sonoraenequipo.com.mx\/storage\/2025\/05\/pinturas-rupestres-colombia.jpg\",\"contentUrl\":\"https:\/\/www.sonoraenequipo.com.mx\/storage\/2025\/05\/pinturas-rupestres-colombia.jpg\",\"width\":600,\"height\":337,\"caption\":\"Existen rastros de la migraci\u00f3n de ind\u00edgenas americanos a trav\u00e9s de Am\u00e9rica en el arte rupestre de cuevas y acantilados, como se ve aqu\u00ed en el Parque Nacional Chiribiquete, en Guaviare, Cerro Azul, ColombiaImagen: Diego Camilo Carranza Jimenez\/AA\/picture alliance\"},{\"@type\":\"BreadcrumbList\",\"@id\":\"https:\/\/www.sonoraenequipo.com.mx\/estudio-de-adn-aclara-la-ascendencia-de-indigenas-americanos\/#breadcrumb\",\"itemListElement\":[{\"@type\":\"ListItem\",\"position\":1,\"name\":\"Portada\",\"item\":\"https:\/\/www.sonoraenequipo.com.mx\/\"},{\"@type\":\"ListItem\",\"position\":2,\"name\":\"Estudio de ADN aclara la ascendencia de ind\u00edgenas americanos\"}]},{\"@type\":\"WebSite\",\"@id\":\"https:\/\/www.sonoraenequipo.com.mx\/#website\",\"url\":\"https:\/\/www.sonoraenequipo.com.mx\/\",\"name\":\"Sonora en Equipo.\",\"description\":\"Diario en l\u00ednea con Noticias desde Hermosillo, Sonora\",\"publisher\":{\"@id\":\"https:\/\/www.sonoraenequipo.com.mx\/#organization\"},\"potentialAction\":[{\"@type\":\"SearchAction\",\"target\":{\"@type\":\"EntryPoint\",\"urlTemplate\":\"https:\/\/www.sonoraenequipo.com.mx\/?s={search_term_string}\"},\"query-input\":{\"@type\":\"PropertyValueSpecification\",\"valueRequired\":true,\"valueName\":\"search_term_string\"}}],\"inLanguage\":\"es\"},{\"@type\":\"Organization\",\"@id\":\"https:\/\/www.sonoraenequipo.com.mx\/#organization\",\"name\":\"Sonoraenequipo.com.mx\",\"url\":\"https:\/\/www.sonoraenequipo.com.mx\/\",\"logo\":{\"@type\":\"ImageObject\",\"inLanguage\":\"es\",\"@id\":\"https:\/\/www.sonoraenequipo.com.mx\/#\/schema\/logo\/image\/\",\"url\":\"https:\/\/www.sonoraenequipo.com.mx\/storage\/2019\/01\/sonoraenequipo_opt.png\",\"contentUrl\":\"https:\/\/www.sonoraenequipo.com.mx\/storage\/2019\/01\/sonoraenequipo_opt.png\",\"width\":375,\"height\":125,\"caption\":\"Sonoraenequipo.com.mx\"},\"image\":{\"@id\":\"https:\/\/www.sonoraenequipo.com.mx\/#\/schema\/logo\/image\/\"},\"sameAs\":[\"https:\/\/www.facebook.com\/SonoraEE\/\",\"https:\/\/x.com\/sonoraenequipo\",\"https:\/\/www.youtube.com\/channel\/UC338nW-lPEYmJQs4ZABQ1SQ\"]},{\"@type\":\"Person\",\"@id\":\"https:\/\/www.sonoraenequipo.com.mx\/#\/schema\/person\/50102df0fb23a8fa9e8effad8fa81386\",\"name\":\"enequipo\",\"image\":{\"@type\":\"ImageObject\",\"inLanguage\":\"es\",\"@id\":\"https:\/\/www.sonoraenequipo.com.mx\/#\/schema\/person\/image\/\",\"url\":\"https:\/\/secure.gravatar.com\/avatar\/049821681b589dabc0bc20695993ccebb09f5b5d4d790cd9251b97faac7c652b?s=96&d=blank&r=g\",\"contentUrl\":\"https:\/\/secure.gravatar.com\/avatar\/049821681b589dabc0bc20695993ccebb09f5b5d4d790cd9251b97faac7c652b?s=96&d=blank&r=g\",\"caption\":\"enequipo\"},\"sameAs\":[\"https:\/\/www.facebook.com\/SonoraEE\"]}]}<\/script>\n ","yoast_head_json":{"title":"Sonora en Equipo. Estudio de ADN aclara la ascendencia de ind\u00edgenas americanos","description":"Las primeras personas que colonizaron Am\u00e9rica emigraron de la actual Rusia hace entre 20mil y 30 mil a\u00f1os, seg\u00fan una reciente investigaci\u00f3n. &nbsp; En Sonora en Equipo publicamos toda la informaci\u00f3n de Sonora, M\u00e9xico y el Mundo de manera oportuna y busca que la libertad de expresi\u00f3n sea real. Visita nuestro medio informativo publicado desde Hermosillo, Sonora. %","robots":{"index":"index","follow":"follow","max-snippet":"max-snippet:-1","max-image-preview":"max-image-preview:large","max-video-preview":"max-video-preview:-1"},"canonical":"https:\/\/www.sonoraenequipo.com.mx\/estudio-de-adn-aclara-la-ascendencia-de-indigenas-americanos\/","og_locale":"es_ES","og_type":"article","og_title":"Sonora en Equipo. Estudio de ADN aclara la ascendencia de ind\u00edgenas americanos","og_description":"Las primeras personas que colonizaron Am\u00e9rica emigraron de la actual Rusia hace entre 20mil y 30 mil a\u00f1os, seg\u00fan una reciente investigaci\u00f3n. &nbsp; En Sonora en Equipo publicamos toda la informaci\u00f3n de Sonora, M\u00e9xico y el Mundo de manera oportuna y busca que la libertad de expresi\u00f3n sea real. Visita nuestro medio informativo publicado desde Hermosillo, Sonora. %","og_url":"https:\/\/www.sonoraenequipo.com.mx\/estudio-de-adn-aclara-la-ascendencia-de-indigenas-americanos\/","og_site_name":"Sonora en Equipo.","article_publisher":"https:\/\/www.facebook.com\/SonoraEE\/","article_author":"https:\/\/www.facebook.com\/SonoraEE","article_published_time":"2025-05-18T00:33:15+00:00","og_image":[{"width":600,"height":337,"url":"https:\/\/www.sonoraenequipo.com.mx\/storage\/2025\/05\/pinturas-rupestres-colombia.jpg","type":"image\/jpeg"}],"author":"enequipo","twitter_card":"summary_large_image","twitter_creator":"@sonoraenequipo","twitter_site":"@sonoraenequipo","twitter_misc":{"Escrito por":"enequipo","Tiempo de lectura":"2 minutos"},"schema":{"@context":"https:\/\/schema.org","@graph":[{"@type":"Article","@id":"https:\/\/www.sonoraenequipo.com.mx\/estudio-de-adn-aclara-la-ascendencia-de-indigenas-americanos\/#article","isPartOf":{"@id":"https:\/\/www.sonoraenequipo.com.mx\/estudio-de-adn-aclara-la-ascendencia-de-indigenas-americanos\/"},"author":{"name":"enequipo","@id":"https:\/\/www.sonoraenequipo.com.mx\/#\/schema\/person\/50102df0fb23a8fa9e8effad8fa81386"},"headline":"Estudio de ADN aclara la ascendencia de ind\u00edgenas americanos","datePublished":"2025-05-18T00:33:15+00:00","mainEntityOfPage":{"@id":"https:\/\/www.sonoraenequipo.com.mx\/estudio-de-adn-aclara-la-ascendencia-de-indigenas-americanos\/"},"wordCount":452,"commentCount":0,"publisher":{"@id":"https:\/\/www.sonoraenequipo.com.mx\/#organization"},"image":{"@id":"https:\/\/www.sonoraenequipo.com.mx\/estudio-de-adn-aclara-la-ascendencia-de-indigenas-americanos\/#primaryimage"},"thumbnailUrl":"https:\/\/www.sonoraenequipo.com.mx\/storage\/2025\/05\/pinturas-rupestres-colombia.jpg","articleSection":["Sin categorizar"],"inLanguage":"es","potentialAction":[{"@type":"CommentAction","name":"Comment","target":["https:\/\/www.sonoraenequipo.com.mx\/estudio-de-adn-aclara-la-ascendencia-de-indigenas-americanos\/#respond"]}]},{"@type":"WebPage","@id":"https:\/\/www.sonoraenequipo.com.mx\/estudio-de-adn-aclara-la-ascendencia-de-indigenas-americanos\/","url":"https:\/\/www.sonoraenequipo.com.mx\/estudio-de-adn-aclara-la-ascendencia-de-indigenas-americanos\/","name":"Sonora en Equipo. Estudio de ADN aclara la ascendencia de ind\u00edgenas americanos","isPartOf":{"@id":"https:\/\/www.sonoraenequipo.com.mx\/#website"},"primaryImageOfPage":{"@id":"https:\/\/www.sonoraenequipo.com.mx\/estudio-de-adn-aclara-la-ascendencia-de-indigenas-americanos\/#primaryimage"},"image":{"@id":"https:\/\/www.sonoraenequipo.com.mx\/estudio-de-adn-aclara-la-ascendencia-de-indigenas-americanos\/#primaryimage"},"thumbnailUrl":"https:\/\/www.sonoraenequipo.com.mx\/storage\/2025\/05\/pinturas-rupestres-colombia.jpg","datePublished":"2025-05-18T00:33:15+00:00","description":"Las primeras personas que colonizaron Am\u00e9rica emigraron de la actual Rusia hace entre 20mil y 30 mil a\u00f1os, seg\u00fan una reciente investigaci\u00f3n. &nbsp; En Sonora en Equipo publicamos toda la informaci\u00f3n de Sonora, M\u00e9xico y el Mundo de manera oportuna y busca que la libertad de expresi\u00f3n sea real. Visita nuestro medio informativo publicado desde Hermosillo, Sonora. %","breadcrumb":{"@id":"https:\/\/www.sonoraenequipo.com.mx\/estudio-de-adn-aclara-la-ascendencia-de-indigenas-americanos\/#breadcrumb"},"inLanguage":"es","potentialAction":[{"@type":"ReadAction","target":["https:\/\/www.sonoraenequipo.com.mx\/estudio-de-adn-aclara-la-ascendencia-de-indigenas-americanos\/"]}]},{"@type":"ImageObject","inLanguage":"es","@id":"https:\/\/www.sonoraenequipo.com.mx\/estudio-de-adn-aclara-la-ascendencia-de-indigenas-americanos\/#primaryimage","url":"https:\/\/www.sonoraenequipo.com.mx\/storage\/2025\/05\/pinturas-rupestres-colombia.jpg","contentUrl":"https:\/\/www.sonoraenequipo.com.mx\/storage\/2025\/05\/pinturas-rupestres-colombia.jpg","width":600,"height":337,"caption":"Existen rastros de la migraci\u00f3n de ind\u00edgenas americanos a trav\u00e9s de Am\u00e9rica en el arte rupestre de cuevas y acantilados, como se ve aqu\u00ed en el Parque Nacional Chiribiquete, en Guaviare, Cerro Azul, ColombiaImagen: Diego Camilo Carranza Jimenez\/AA\/picture alliance"},{"@type":"BreadcrumbList","@id":"https:\/\/www.sonoraenequipo.com.mx\/estudio-de-adn-aclara-la-ascendencia-de-indigenas-americanos\/#breadcrumb","itemListElement":[{"@type":"ListItem","position":1,"name":"Portada","item":"https:\/\/www.sonoraenequipo.com.mx\/"},{"@type":"ListItem","position":2,"name":"Estudio de ADN aclara la ascendencia de ind\u00edgenas americanos"}]},{"@type":"WebSite","@id":"https:\/\/www.sonoraenequipo.com.mx\/#website","url":"https:\/\/www.sonoraenequipo.com.mx\/","name":"Sonora en Equipo.","description":"Diario en l\u00ednea con Noticias desde Hermosillo, Sonora","publisher":{"@id":"https:\/\/www.sonoraenequipo.com.mx\/#organization"},"potentialAction":[{"@type":"SearchAction","target":{"@type":"EntryPoint","urlTemplate":"https:\/\/www.sonoraenequipo.com.mx\/?s={search_term_string}"},"query-input":{"@type":"PropertyValueSpecification","valueRequired":true,"valueName":"search_term_string"}}],"inLanguage":"es"},{"@type":"Organization","@id":"https:\/\/www.sonoraenequipo.com.mx\/#organization","name":"Sonoraenequipo.com.mx","url":"https:\/\/www.sonoraenequipo.com.mx\/","logo":{"@type":"ImageObject","inLanguage":"es","@id":"https:\/\/www.sonoraenequipo.com.mx\/#\/schema\/logo\/image\/","url":"https:\/\/www.sonoraenequipo.com.mx\/storage\/2019\/01\/sonoraenequipo_opt.png","contentUrl":"https:\/\/www.sonoraenequipo.com.mx\/storage\/2019\/01\/sonoraenequipo_opt.png","width":375,"height":125,"caption":"Sonoraenequipo.com.mx"},"image":{"@id":"https:\/\/www.sonoraenequipo.com.mx\/#\/schema\/logo\/image\/"},"sameAs":["https:\/\/www.facebook.com\/SonoraEE\/","https:\/\/x.com\/sonoraenequipo","https:\/\/www.youtube.com\/channel\/UC338nW-lPEYmJQs4ZABQ1SQ"]},{"@type":"Person","@id":"https:\/\/www.sonoraenequipo.com.mx\/#\/schema\/person\/50102df0fb23a8fa9e8effad8fa81386","name":"enequipo","image":{"@type":"ImageObject","inLanguage":"es","@id":"https:\/\/www.sonoraenequipo.com.mx\/#\/schema\/person\/image\/","url":"https:\/\/secure.gravatar.com\/avatar\/049821681b589dabc0bc20695993ccebb09f5b5d4d790cd9251b97faac7c652b?s=96&d=blank&r=g","contentUrl":"https:\/\/secure.gravatar.com\/avatar\/049821681b589dabc0bc20695993ccebb09f5b5d4d790cd9251b97faac7c652b?s=96&d=blank&r=g","caption":"enequipo"},"sameAs":["https:\/\/www.facebook.com\/SonoraEE"]}]}},"jetpack_featured_media_url":"https:\/\/www.sonoraenequipo.com.mx\/storage\/2025\/05\/pinturas-rupestres-colombia.jpg","_links":{"self":[{"href":"https:\/\/www.sonoraenequipo.com.mx\/api\/wp\/v2\/posts\/215654","targetHints":{"allow":["GET"]}}],"collection":[{"href":"https:\/\/www.sonoraenequipo.com.mx\/api\/wp\/v2\/posts"}],"about":[{"href":"https:\/\/www.sonoraenequipo.com.mx\/api\/wp\/v2\/types\/post"}],"author":[{"embeddable":true,"href":"https:\/\/www.sonoraenequipo.com.mx\/api\/wp\/v2\/users\/1"}],"replies":[{"embeddable":true,"href":"https:\/\/www.sonoraenequipo.com.mx\/api\/wp\/v2\/comments?post=215654"}],"version-history":[{"count":1,"href":"https:\/\/www.sonoraenequipo.com.mx\/api\/wp\/v2\/posts\/215654\/revisions"}],"predecessor-version":[{"id":215656,"href":"https:\/\/www.sonoraenequipo.com.mx\/api\/wp\/v2\/posts\/215654\/revisions\/215656"}],"wp:featuredmedia":[{"embeddable":true,"href":"https:\/\/www.sonoraenequipo.com.mx\/api\/wp\/v2\/media\/215655"}],"wp:attachment":[{"href":"https:\/\/www.sonoraenequipo.com.mx\/api\/wp\/v2\/media?parent=215654"}],"wp:term":[{"taxonomy":"category","embeddable":true,"href":"https:\/\/www.sonoraenequipo.com.mx\/api\/wp\/v2\/categories?post=215654"},{"taxonomy":"post_tag","embeddable":true,"href":"https:\/\/www.sonoraenequipo.com.mx\/api\/wp\/v2\/tags?post=215654"}],"curies":[{"name":"wp","href":"https:\/\/api.w.org\/{rel}","templated":true}]}}