{"id":215716,"date":"2025-05-18T12:37:23","date_gmt":"2025-05-18T19:37:23","guid":{"rendered":"https:\/\/www.sonoraenequipo.com.mx\/?p=215716"},"modified":"2025-05-18T12:37:23","modified_gmt":"2025-05-18T19:37:23","slug":"capacita-policia-municipal-en-prevencion-de-acoso-y-hostigamiento-sexual-laboral","status":"publish","type":"post","link":"https:\/\/www.sonoraenequipo.com.mx\/capacita-policia-municipal-en-prevencion-de-acoso-y-hostigamiento-sexual-laboral\/","title":{"rendered":"Capacita Polic\u00eda Municipal en prevenci\u00f3n de acoso y hostigamiento sexual laboral"},"content":{"rendered":"<p><strong>HERMOSILLO, SONORA, MX.<\/strong> \u2014 La Polic\u00eda Preventiva y Tr\u00e1nsito Municipal de Hermosillo, a trav\u00e9s de la Unidad de G\u00e9nero, llev\u00f3 a cabo una capacitaci\u00f3n dirigida al personal de la Fiscal\u00eda General de Justicia del Estado de Sonora, enfocada en la prevenci\u00f3n del acoso y hostigamiento sexual en el entorno laboral.<\/p>\n<p>&nbsp;<\/p>\n<p>Ang\u00e9lica Mar\u00eda Pay\u00e1n Garc\u00eda, directora de la Unidad de G\u00e9nero de la Polic\u00eda Municipal, inform\u00f3 que la capacitaci\u00f3n fue impartida por la maestra Blanca Salda\u00f1a L\u00f3pez, experta en temas de igualdad y prevenci\u00f3n de la violencia.<\/p>\n<p>&nbsp;<\/p>\n<p>\u00abLa colaboraci\u00f3n interinstitucional para lograr una mejor prevenci\u00f3n de la violencia contra la mujer y la violencia en general, por eso celebramos la invitaci\u00f3n por parte de la Fiscal\u00eda para trabajar en conjunto en estos temas, como servidores p\u00fablicos y como instituci\u00f3n\u201d, expres\u00f3<\/p>\n<p>&nbsp;<\/p>\n<p>El evento se coordin\u00f3 con la Direcci\u00f3n\u00a0 del Instituto de Formaci\u00f3n Profesional de la Fiscal\u00eda, y cont\u00f3 con la asistencia de aproximadamente 80 personas de distintas \u00e1reas de la instituci\u00f3n, tanto de forma presencial como virtual.<\/p>\n<p>&nbsp;<\/p>\n<p>Entre los y las asistentes se encontraban elementos de \u00e1reas como Recursos Humanos, Oficial\u00eda Mayor, Atenci\u00f3n a V\u00edctimas, Asesor\u00eda Jur\u00eddica, Unidad de Litigaci\u00f3n, Asuntos Jur\u00eddicos, Agentes Ministeriales y personal administrativo.<\/p>\n<p><strong>Fecha de publicaci\u00f3n <\/strong><strong>domingo 18<\/strong><strong> de mayo de 2025 \/<\/strong><\/p>\n","protected":false},"excerpt":{"rendered":"<p>HERMOSILLO, SONORA, MX. \u2014 La Polic\u00eda Preventiva y Tr\u00e1nsito Municipal de Hermosillo, a trav\u00e9s de&#8230;<\/p>\n","protected":false},"author":1,"featured_media":215717,"comment_status":"open","ping_status":"open","sticky":false,"template":"","format":"standard","meta":{"_monsterinsights_skip_tracking":false,"_monsterinsights_sitenote_active":false,"_monsterinsights_sitenote_note":"","_monsterinsights_sitenote_category":0,"footnotes":""},"categories":[3144],"tags":[1830,3128],"class_list":["post"],"yoast_head":" \n<title>Sonora en Equipo. Capacita Polic\u00eda Municipal en prevenci\u00f3n de acoso y hostigamiento sexual laboral Polic\u00edaca<\/title>\n<meta name=\"description\" content=\"HERMOSILLO, SONORA, MX. \u2014 La Polic\u00eda Preventiva y Tr\u00e1nsito Municipal de Hermosillo, a trav\u00e9s de la Unidad de G\u00e9nero, llev\u00f3 a cabo una capacitaci\u00f3n En Sonora en Equipo publicamos toda la informaci\u00f3n de Sonora, M\u00e9xico y el Mundo de manera oportuna y busca que la libertad de expresi\u00f3n sea real. Visita nuestro medio informativo publicado desde Hermosillo, Sonora. %\" \/>\n<meta name=\"robots\" content=\"index, follow, max-snippet:-1, max-image-preview:large, max-video-preview:-1\" \/>\n<link rel=\"canonical\" href=\"https:\/\/www.sonoraenequipo.com.mx\/capacita-policia-municipal-en-prevencion-de-acoso-y-hostigamiento-sexual-laboral\/\" \/>\n<meta property=\"og:locale\" content=\"es_ES\" \/>\n<meta property=\"og:type\" content=\"article\" \/>\n<meta property=\"og:title\" content=\"Sonora en Equipo. Capacita Polic\u00eda Municipal en prevenci\u00f3n de acoso y hostigamiento sexual laboral Polic\u00edaca\" \/>\n<meta property=\"og:description\" content=\"HERMOSILLO, SONORA, MX. \u2014 La Polic\u00eda Preventiva y Tr\u00e1nsito Municipal de Hermosillo, a trav\u00e9s de la Unidad de G\u00e9nero, llev\u00f3 a cabo una capacitaci\u00f3n En Sonora en Equipo publicamos toda la informaci\u00f3n de Sonora, M\u00e9xico y el Mundo de manera oportuna y busca que la libertad de expresi\u00f3n sea real. Visita nuestro medio informativo publicado desde Hermosillo, Sonora. %\" \/>\n<meta property=\"og:url\" content=\"https:\/\/www.sonoraenequipo.com.mx\/capacita-policia-municipal-en-prevencion-de-acoso-y-hostigamiento-sexual-laboral\/\" \/>\n<meta property=\"og:site_name\" content=\"Sonora en Equipo.\" \/>\n<meta property=\"article:publisher\" content=\"https:\/\/www.facebook.com\/SonoraEE\/\" \/>\n<meta property=\"article:author\" content=\"https:\/\/www.facebook.com\/SonoraEE\" \/>\n<meta property=\"article:published_time\" content=\"2025-05-18T19:37:23+00:00\" \/>\n<meta property=\"og:image\" content=\"https:\/\/www.sonoraenequipo.com.mx\/storage\/2025\/05\/capacitacion-policias-mpales.jpg\" \/>\n\t<meta property=\"og:image:width\" content=\"600\" \/>\n\t<meta property=\"og:image:height\" content=\"410\" \/>\n\t<meta property=\"og:image:type\" content=\"image\/jpeg\" \/>\n<meta name=\"author\" content=\"enequipo\" \/>\n<meta name=\"twitter:card\" content=\"summary_large_image\" \/>\n<meta name=\"twitter:creator\" content=\"@sonoraenequipo\" \/>\n<meta name=\"twitter:site\" content=\"@sonoraenequipo\" \/>\n<meta name=\"twitter:label1\" content=\"Escrito por\" \/>\n\t<meta name=\"twitter:data1\" content=\"enequipo\" \/>\n\t<meta name=\"twitter:label2\" content=\"Tiempo de lectura\" \/>\n\t<meta name=\"twitter:data2\" content=\"1 minuto\" \/>\n<script type=\"application\/ld+json\" class=\"yoast-schema-graph\">{\"@context\":\"https:\/\/schema.org\",\"@graph\":[{\"@type\":\"Article\",\"@id\":\"https:\/\/www.sonoraenequipo.com.mx\/capacita-policia-municipal-en-prevencion-de-acoso-y-hostigamiento-sexual-laboral\/#article\",\"isPartOf\":{\"@id\":\"https:\/\/www.sonoraenequipo.com.mx\/capacita-policia-municipal-en-prevencion-de-acoso-y-hostigamiento-sexual-laboral\/\"},\"author\":{\"name\":\"enequipo\",\"@id\":\"https:\/\/www.sonoraenequipo.com.mx\/#\/schema\/person\/50102df0fb23a8fa9e8effad8fa81386\"},\"headline\":\"Capacita Polic\u00eda Municipal en prevenci\u00f3n de acoso y hostigamiento sexual laboral\",\"datePublished\":\"2025-05-18T19:37:23+00:00\",\"mainEntityOfPage\":{\"@id\":\"https:\/\/www.sonoraenequipo.com.mx\/capacita-policia-municipal-en-prevencion-de-acoso-y-hostigamiento-sexual-laboral\/\"},\"wordCount\":252,\"commentCount\":0,\"publisher\":{\"@id\":\"https:\/\/www.sonoraenequipo.com.mx\/#organization\"},\"image\":{\"@id\":\"https:\/\/www.sonoraenequipo.com.mx\/capacita-policia-municipal-en-prevencion-de-acoso-y-hostigamiento-sexual-laboral\/#primaryimage\"},\"thumbnailUrl\":\"https:\/\/www.sonoraenequipo.com.mx\/storage\/2025\/05\/capacitacion-policias-mpales.jpg\",\"keywords\":[\"capacitaci\u00f3n\",\"fgje\"],\"articleSection\":[\"Polic\u00edaca\"],\"inLanguage\":\"es\",\"potentialAction\":[{\"@type\":\"CommentAction\",\"name\":\"Comment\",\"target\":[\"https:\/\/www.sonoraenequipo.com.mx\/capacita-policia-municipal-en-prevencion-de-acoso-y-hostigamiento-sexual-laboral\/#respond\"]}]},{\"@type\":\"WebPage\",\"@id\":\"https:\/\/www.sonoraenequipo.com.mx\/capacita-policia-municipal-en-prevencion-de-acoso-y-hostigamiento-sexual-laboral\/\",\"url\":\"https:\/\/www.sonoraenequipo.com.mx\/capacita-policia-municipal-en-prevencion-de-acoso-y-hostigamiento-sexual-laboral\/\",\"name\":\"Sonora en Equipo. Capacita Polic\u00eda Municipal en prevenci\u00f3n de acoso y hostigamiento sexual laboral Polic\u00edaca\",\"isPartOf\":{\"@id\":\"https:\/\/www.sonoraenequipo.com.mx\/#website\"},\"primaryImageOfPage\":{\"@id\":\"https:\/\/www.sonoraenequipo.com.mx\/capacita-policia-municipal-en-prevencion-de-acoso-y-hostigamiento-sexual-laboral\/#primaryimage\"},\"image\":{\"@id\":\"https:\/\/www.sonoraenequipo.com.mx\/capacita-policia-municipal-en-prevencion-de-acoso-y-hostigamiento-sexual-laboral\/#primaryimage\"},\"thumbnailUrl\":\"https:\/\/www.sonoraenequipo.com.mx\/storage\/2025\/05\/capacitacion-policias-mpales.jpg\",\"datePublished\":\"2025-05-18T19:37:23+00:00\",\"description\":\"HERMOSILLO, SONORA, MX. \u2014 La Polic\u00eda Preventiva y Tr\u00e1nsito Municipal de Hermosillo, a trav\u00e9s de la Unidad de G\u00e9nero, llev\u00f3 a cabo una capacitaci\u00f3n En Sonora en Equipo publicamos toda la informaci\u00f3n de Sonora, M\u00e9xico y el Mundo de manera oportuna y busca que la libertad de expresi\u00f3n sea real. Visita nuestro medio informativo publicado desde Hermosillo, Sonora. %\",\"breadcrumb\":{\"@id\":\"https:\/\/www.sonoraenequipo.com.mx\/capacita-policia-municipal-en-prevencion-de-acoso-y-hostigamiento-sexual-laboral\/#breadcrumb\"},\"inLanguage\":\"es\",\"potentialAction\":[{\"@type\":\"ReadAction\",\"target\":[\"https:\/\/www.sonoraenequipo.com.mx\/capacita-policia-municipal-en-prevencion-de-acoso-y-hostigamiento-sexual-laboral\/\"]}]},{\"@type\":\"ImageObject\",\"inLanguage\":\"es\",\"@id\":\"https:\/\/www.sonoraenequipo.com.mx\/capacita-policia-municipal-en-prevencion-de-acoso-y-hostigamiento-sexual-laboral\/#primaryimage\",\"url\":\"https:\/\/www.sonoraenequipo.com.mx\/storage\/2025\/05\/capacitacion-policias-mpales.jpg\",\"contentUrl\":\"https:\/\/www.sonoraenequipo.com.mx\/storage\/2025\/05\/capacitacion-policias-mpales.jpg\",\"width\":600,\"height\":410},{\"@type\":\"BreadcrumbList\",\"@id\":\"https:\/\/www.sonoraenequipo.com.mx\/capacita-policia-municipal-en-prevencion-de-acoso-y-hostigamiento-sexual-laboral\/#breadcrumb\",\"itemListElement\":[{\"@type\":\"ListItem\",\"position\":1,\"name\":\"Portada\",\"item\":\"https:\/\/www.sonoraenequipo.com.mx\/\"},{\"@type\":\"ListItem\",\"position\":2,\"name\":\"Capacita Polic\u00eda Municipal en prevenci\u00f3n de acoso y hostigamiento sexual laboral\"}]},{\"@type\":\"WebSite\",\"@id\":\"https:\/\/www.sonoraenequipo.com.mx\/#website\",\"url\":\"https:\/\/www.sonoraenequipo.com.mx\/\",\"name\":\"Sonora en Equipo.\",\"description\":\"Diario en l\u00ednea con Noticias desde Hermosillo, Sonora\",\"publisher\":{\"@id\":\"https:\/\/www.sonoraenequipo.com.mx\/#organization\"},\"potentialAction\":[{\"@type\":\"SearchAction\",\"target\":{\"@type\":\"EntryPoint\",\"urlTemplate\":\"https:\/\/www.sonoraenequipo.com.mx\/?s={search_term_string}\"},\"query-input\":{\"@type\":\"PropertyValueSpecification\",\"valueRequired\":true,\"valueName\":\"search_term_string\"}}],\"inLanguage\":\"es\"},{\"@type\":\"Organization\",\"@id\":\"https:\/\/www.sonoraenequipo.com.mx\/#organization\",\"name\":\"Sonoraenequipo.com.mx\",\"url\":\"https:\/\/www.sonoraenequipo.com.mx\/\",\"logo\":{\"@type\":\"ImageObject\",\"inLanguage\":\"es\",\"@id\":\"https:\/\/www.sonoraenequipo.com.mx\/#\/schema\/logo\/image\/\",\"url\":\"https:\/\/www.sonoraenequipo.com.mx\/storage\/2019\/01\/sonoraenequipo_opt.png\",\"contentUrl\":\"https:\/\/www.sonoraenequipo.com.mx\/storage\/2019\/01\/sonoraenequipo_opt.png\",\"width\":375,\"height\":125,\"caption\":\"Sonoraenequipo.com.mx\"},\"image\":{\"@id\":\"https:\/\/www.sonoraenequipo.com.mx\/#\/schema\/logo\/image\/\"},\"sameAs\":[\"https:\/\/www.facebook.com\/SonoraEE\/\",\"https:\/\/x.com\/sonoraenequipo\",\"https:\/\/www.youtube.com\/channel\/UC338nW-lPEYmJQs4ZABQ1SQ\"]},{\"@type\":\"Person\",\"@id\":\"https:\/\/www.sonoraenequipo.com.mx\/#\/schema\/person\/50102df0fb23a8fa9e8effad8fa81386\",\"name\":\"enequipo\",\"image\":{\"@type\":\"ImageObject\",\"inLanguage\":\"es\",\"@id\":\"https:\/\/www.sonoraenequipo.com.mx\/#\/schema\/person\/image\/\",\"url\":\"https:\/\/secure.gravatar.com\/avatar\/049821681b589dabc0bc20695993ccebb09f5b5d4d790cd9251b97faac7c652b?s=96&d=blank&r=g\",\"contentUrl\":\"https:\/\/secure.gravatar.com\/avatar\/049821681b589dabc0bc20695993ccebb09f5b5d4d790cd9251b97faac7c652b?s=96&d=blank&r=g\",\"caption\":\"enequipo\"},\"sameAs\":[\"https:\/\/www.facebook.com\/SonoraEE\"]}]}<\/script>\n ","yoast_head_json":{"title":"Sonora en Equipo. Capacita Polic\u00eda Municipal en prevenci\u00f3n de acoso y hostigamiento sexual laboral Polic\u00edaca","description":"HERMOSILLO, SONORA, MX. \u2014 La Polic\u00eda Preventiva y Tr\u00e1nsito Municipal de Hermosillo, a trav\u00e9s de la Unidad de G\u00e9nero, llev\u00f3 a cabo una capacitaci\u00f3n En Sonora en Equipo publicamos toda la informaci\u00f3n de Sonora, M\u00e9xico y el Mundo de manera oportuna y busca que la libertad de expresi\u00f3n sea real. Visita nuestro medio informativo publicado desde Hermosillo, Sonora. %","robots":{"index":"index","follow":"follow","max-snippet":"max-snippet:-1","max-image-preview":"max-image-preview:large","max-video-preview":"max-video-preview:-1"},"canonical":"https:\/\/www.sonoraenequipo.com.mx\/capacita-policia-municipal-en-prevencion-de-acoso-y-hostigamiento-sexual-laboral\/","og_locale":"es_ES","og_type":"article","og_title":"Sonora en Equipo. Capacita Polic\u00eda Municipal en prevenci\u00f3n de acoso y hostigamiento sexual laboral Polic\u00edaca","og_description":"HERMOSILLO, SONORA, MX. \u2014 La Polic\u00eda Preventiva y Tr\u00e1nsito Municipal de Hermosillo, a trav\u00e9s de la Unidad de G\u00e9nero, llev\u00f3 a cabo una capacitaci\u00f3n En Sonora en Equipo publicamos toda la informaci\u00f3n de Sonora, M\u00e9xico y el Mundo de manera oportuna y busca que la libertad de expresi\u00f3n sea real. Visita nuestro medio informativo publicado desde Hermosillo, Sonora. %","og_url":"https:\/\/www.sonoraenequipo.com.mx\/capacita-policia-municipal-en-prevencion-de-acoso-y-hostigamiento-sexual-laboral\/","og_site_name":"Sonora en Equipo.","article_publisher":"https:\/\/www.facebook.com\/SonoraEE\/","article_author":"https:\/\/www.facebook.com\/SonoraEE","article_published_time":"2025-05-18T19:37:23+00:00","og_image":[{"width":600,"height":410,"url":"https:\/\/www.sonoraenequipo.com.mx\/storage\/2025\/05\/capacitacion-policias-mpales.jpg","type":"image\/jpeg"}],"author":"enequipo","twitter_card":"summary_large_image","twitter_creator":"@sonoraenequipo","twitter_site":"@sonoraenequipo","twitter_misc":{"Escrito por":"enequipo","Tiempo de lectura":"1 minuto"},"schema":{"@context":"https:\/\/schema.org","@graph":[{"@type":"Article","@id":"https:\/\/www.sonoraenequipo.com.mx\/capacita-policia-municipal-en-prevencion-de-acoso-y-hostigamiento-sexual-laboral\/#article","isPartOf":{"@id":"https:\/\/www.sonoraenequipo.com.mx\/capacita-policia-municipal-en-prevencion-de-acoso-y-hostigamiento-sexual-laboral\/"},"author":{"name":"enequipo","@id":"https:\/\/www.sonoraenequipo.com.mx\/#\/schema\/person\/50102df0fb23a8fa9e8effad8fa81386"},"headline":"Capacita Polic\u00eda Municipal en prevenci\u00f3n de acoso y hostigamiento sexual laboral","datePublished":"2025-05-18T19:37:23+00:00","mainEntityOfPage":{"@id":"https:\/\/www.sonoraenequipo.com.mx\/capacita-policia-municipal-en-prevencion-de-acoso-y-hostigamiento-sexual-laboral\/"},"wordCount":252,"commentCount":0,"publisher":{"@id":"https:\/\/www.sonoraenequipo.com.mx\/#organization"},"image":{"@id":"https:\/\/www.sonoraenequipo.com.mx\/capacita-policia-municipal-en-prevencion-de-acoso-y-hostigamiento-sexual-laboral\/#primaryimage"},"thumbnailUrl":"https:\/\/www.sonoraenequipo.com.mx\/storage\/2025\/05\/capacitacion-policias-mpales.jpg","keywords":["capacitaci\u00f3n","fgje"],"articleSection":["Polic\u00edaca"],"inLanguage":"es","potentialAction":[{"@type":"CommentAction","name":"Comment","target":["https:\/\/www.sonoraenequipo.com.mx\/capacita-policia-municipal-en-prevencion-de-acoso-y-hostigamiento-sexual-laboral\/#respond"]}]},{"@type":"WebPage","@id":"https:\/\/www.sonoraenequipo.com.mx\/capacita-policia-municipal-en-prevencion-de-acoso-y-hostigamiento-sexual-laboral\/","url":"https:\/\/www.sonoraenequipo.com.mx\/capacita-policia-municipal-en-prevencion-de-acoso-y-hostigamiento-sexual-laboral\/","name":"Sonora en Equipo. Capacita Polic\u00eda Municipal en prevenci\u00f3n de acoso y hostigamiento sexual laboral Polic\u00edaca","isPartOf":{"@id":"https:\/\/www.sonoraenequipo.com.mx\/#website"},"primaryImageOfPage":{"@id":"https:\/\/www.sonoraenequipo.com.mx\/capacita-policia-municipal-en-prevencion-de-acoso-y-hostigamiento-sexual-laboral\/#primaryimage"},"image":{"@id":"https:\/\/www.sonoraenequipo.com.mx\/capacita-policia-municipal-en-prevencion-de-acoso-y-hostigamiento-sexual-laboral\/#primaryimage"},"thumbnailUrl":"https:\/\/www.sonoraenequipo.com.mx\/storage\/2025\/05\/capacitacion-policias-mpales.jpg","datePublished":"2025-05-18T19:37:23+00:00","description":"HERMOSILLO, SONORA, MX. \u2014 La Polic\u00eda Preventiva y Tr\u00e1nsito Municipal de Hermosillo, a trav\u00e9s de la Unidad de G\u00e9nero, llev\u00f3 a cabo una capacitaci\u00f3n En Sonora en Equipo publicamos toda la informaci\u00f3n de Sonora, M\u00e9xico y el Mundo de manera oportuna y busca que la libertad de expresi\u00f3n sea real. Visita nuestro medio informativo publicado desde Hermosillo, Sonora. %","breadcrumb":{"@id":"https:\/\/www.sonoraenequipo.com.mx\/capacita-policia-municipal-en-prevencion-de-acoso-y-hostigamiento-sexual-laboral\/#breadcrumb"},"inLanguage":"es","potentialAction":[{"@type":"ReadAction","target":["https:\/\/www.sonoraenequipo.com.mx\/capacita-policia-municipal-en-prevencion-de-acoso-y-hostigamiento-sexual-laboral\/"]}]},{"@type":"ImageObject","inLanguage":"es","@id":"https:\/\/www.sonoraenequipo.com.mx\/capacita-policia-municipal-en-prevencion-de-acoso-y-hostigamiento-sexual-laboral\/#primaryimage","url":"https:\/\/www.sonoraenequipo.com.mx\/storage\/2025\/05\/capacitacion-policias-mpales.jpg","contentUrl":"https:\/\/www.sonoraenequipo.com.mx\/storage\/2025\/05\/capacitacion-policias-mpales.jpg","width":600,"height":410},{"@type":"BreadcrumbList","@id":"https:\/\/www.sonoraenequipo.com.mx\/capacita-policia-municipal-en-prevencion-de-acoso-y-hostigamiento-sexual-laboral\/#breadcrumb","itemListElement":[{"@type":"ListItem","position":1,"name":"Portada","item":"https:\/\/www.sonoraenequipo.com.mx\/"},{"@type":"ListItem","position":2,"name":"Capacita Polic\u00eda Municipal en prevenci\u00f3n de acoso y hostigamiento sexual laboral"}]},{"@type":"WebSite","@id":"https:\/\/www.sonoraenequipo.com.mx\/#website","url":"https:\/\/www.sonoraenequipo.com.mx\/","name":"Sonora en Equipo.","description":"Diario en l\u00ednea con Noticias desde Hermosillo, Sonora","publisher":{"@id":"https:\/\/www.sonoraenequipo.com.mx\/#organization"},"potentialAction":[{"@type":"SearchAction","target":{"@type":"EntryPoint","urlTemplate":"https:\/\/www.sonoraenequipo.com.mx\/?s={search_term_string}"},"query-input":{"@type":"PropertyValueSpecification","valueRequired":true,"valueName":"search_term_string"}}],"inLanguage":"es"},{"@type":"Organization","@id":"https:\/\/www.sonoraenequipo.com.mx\/#organization","name":"Sonoraenequipo.com.mx","url":"https:\/\/www.sonoraenequipo.com.mx\/","logo":{"@type":"ImageObject","inLanguage":"es","@id":"https:\/\/www.sonoraenequipo.com.mx\/#\/schema\/logo\/image\/","url":"https:\/\/www.sonoraenequipo.com.mx\/storage\/2019\/01\/sonoraenequipo_opt.png","contentUrl":"https:\/\/www.sonoraenequipo.com.mx\/storage\/2019\/01\/sonoraenequipo_opt.png","width":375,"height":125,"caption":"Sonoraenequipo.com.mx"},"image":{"@id":"https:\/\/www.sonoraenequipo.com.mx\/#\/schema\/logo\/image\/"},"sameAs":["https:\/\/www.facebook.com\/SonoraEE\/","https:\/\/x.com\/sonoraenequipo","https:\/\/www.youtube.com\/channel\/UC338nW-lPEYmJQs4ZABQ1SQ"]},{"@type":"Person","@id":"https:\/\/www.sonoraenequipo.com.mx\/#\/schema\/person\/50102df0fb23a8fa9e8effad8fa81386","name":"enequipo","image":{"@type":"ImageObject","inLanguage":"es","@id":"https:\/\/www.sonoraenequipo.com.mx\/#\/schema\/person\/image\/","url":"https:\/\/secure.gravatar.com\/avatar\/049821681b589dabc0bc20695993ccebb09f5b5d4d790cd9251b97faac7c652b?s=96&d=blank&r=g","contentUrl":"https:\/\/secure.gravatar.com\/avatar\/049821681b589dabc0bc20695993ccebb09f5b5d4d790cd9251b97faac7c652b?s=96&d=blank&r=g","caption":"enequipo"},"sameAs":["https:\/\/www.facebook.com\/SonoraEE"]}]}},"jetpack_featured_media_url":"https:\/\/www.sonoraenequipo.com.mx\/storage\/2025\/05\/capacitacion-policias-mpales.jpg","_links":{"self":[{"href":"https:\/\/www.sonoraenequipo.com.mx\/api\/wp\/v2\/posts\/215716","targetHints":{"allow":["GET"]}}],"collection":[{"href":"https:\/\/www.sonoraenequipo.com.mx\/api\/wp\/v2\/posts"}],"about":[{"href":"https:\/\/www.sonoraenequipo.com.mx\/api\/wp\/v2\/types\/post"}],"author":[{"embeddable":true,"href":"https:\/\/www.sonoraenequipo.com.mx\/api\/wp\/v2\/users\/1"}],"replies":[{"embeddable":true,"href":"https:\/\/www.sonoraenequipo.com.mx\/api\/wp\/v2\/comments?post=215716"}],"version-history":[{"count":1,"href":"https:\/\/www.sonoraenequipo.com.mx\/api\/wp\/v2\/posts\/215716\/revisions"}],"predecessor-version":[{"id":215718,"href":"https:\/\/www.sonoraenequipo.com.mx\/api\/wp\/v2\/posts\/215716\/revisions\/215718"}],"wp:featuredmedia":[{"embeddable":true,"href":"https:\/\/www.sonoraenequipo.com.mx\/api\/wp\/v2\/media\/215717"}],"wp:attachment":[{"href":"https:\/\/www.sonoraenequipo.com.mx\/api\/wp\/v2\/media?parent=215716"}],"wp:term":[{"taxonomy":"category","embeddable":true,"href":"https:\/\/www.sonoraenequipo.com.mx\/api\/wp\/v2\/categories?post=215716"},{"taxonomy":"post_tag","embeddable":true,"href":"https:\/\/www.sonoraenequipo.com.mx\/api\/wp\/v2\/tags?post=215716"}],"curies":[{"name":"wp","href":"https:\/\/api.w.org\/{rel}","templated":true}]}}