{"id":215728,"date":"2025-05-18T13:55:50","date_gmt":"2025-05-18T20:55:50","guid":{"rendered":"https:\/\/www.sonoraenequipo.com.mx\/?p=215728"},"modified":"2025-05-18T13:55:50","modified_gmt":"2025-05-18T20:55:50","slug":"incrementa-gobierno-municipal-atencion-en-la-unidad-basica-de-rehabilitacion","status":"publish","type":"post","link":"https:\/\/www.sonoraenequipo.com.mx\/incrementa-gobierno-municipal-atencion-en-la-unidad-basica-de-rehabilitacion\/","title":{"rendered":"Incrementa Gobierno Municipal atenci\u00f3n en la Unidad B\u00e1sica de Rehabilitaci\u00f3n"},"content":{"rendered":"<p><strong>HERMOSILLO, SONORA, MX.<\/strong> \u2014 El n\u00famero de personas atendidas semanalmente en la Unidad B\u00e1sica de Rehabilitaci\u00f3n (UBR) del Consejo Municipal para la Integraci\u00f3n Social de Personas con Discapacidad (COMUDIS) increment\u00f3 de 20 a 50 inform\u00f3 Jeanette Molina.<\/p>\n<p>&nbsp;<\/p>\n<p>&nbsp;<\/p>\n<p>&nbsp;<\/p>\n<p>La directora de COMUDIS destac\u00f3 que el aumento de consultas semanales refleja el compromiso del Gobierno Municipal encabezado por el presidente municipal Antonio Astiazar\u00e1n Guti\u00e9rrez luego de ampliar los servicios que ofrece tanto COMUDIS como la UBR y poner a disposici\u00f3n la unidad adaptada para traslado gratuito.<\/p>\n<p>&nbsp;<\/p>\n<p>&nbsp;<\/p>\n<p>&nbsp;<\/p>\n<p>\u201cAdem\u00e1s, tenemos el apoyo de traslado de nuestra unidad adaptada nueva que el alcalde nos proporcion\u00f3 este a\u00f1o, entonces las personas con alguna discapacidad motora que no puedan venir tenemos esa facilidad para poderlos traer a su terapia f\u00edsica\u201d, explic\u00f3.<\/p>\n<p>&nbsp;<\/p>\n<p>&nbsp;<\/p>\n<p>&nbsp;<\/p>\n<p>Entre los servicios que ofrece la dependencia municipal se encuentran terapias f\u00edsicas, ocupacionales, sensoriales, del lenguaje, consultas con tanat\u00f3logos, atenci\u00f3n psicol\u00f3gica y diagn\u00f3sticos especializados a trav\u00e9s de un neuropsic\u00f3logo, todo esto dentro de un espacio recientemente renovado.<\/p>\n<p>&nbsp;<\/p>\n<p>&nbsp;<\/p>\n<p>&nbsp;<\/p>\n<p>\u201cEs muy importante, s\u00ed obviamente para personas con discapacidad, pero tambi\u00e9n hay muchas personas que ocupan terapia f\u00edsica porque se fracturaron alguna pierna o brazo, etc., entonces pueden venir. La verdad es que tenemos los costos m\u00e1s bajos, es con base en un estudio socioecon\u00f3mico; nuestra consulta cuesta 150 pesos\u201d, agreg\u00f3.<\/p>\n<p>&nbsp;<\/p>\n<p>&nbsp;<\/p>\n<p>&nbsp;<\/p>\n<p>COMUDIS reiter\u00f3 la invitaci\u00f3n para acercarse a sus instalaciones para aquellas personas interesadas en tramitar el tarjet\u00f3n para el uso de cajones de estacionamiento azul, quienes gusten participar en \u201cDesaf\u00edo Incluyente\u201d y\/o recibir espacios exclusivos para personas con discapacidad durante las Fiestas del Pitic a celebrarse del 22 al 25 de mayo.<\/p>\n<p>&nbsp;<\/p>\n<p>&nbsp;<\/p>\n<p>&nbsp;<\/p>\n<p>La sede de COMUDIS se encuentra en el bulevar Paseo R\u00edo Sonora, en la colonia Marsella Residencial cuyo tel\u00e9fono es 662 135 9154 y quienes se deseen comunicar a UBR lo pueden realizar a trav\u00e9s del n\u00famero 662 250 6364.<\/p>\n<p><strong>Fecha de publicaci\u00f3n <\/strong><strong>domingo 18<\/strong><strong> de mayo de 2025 \/<\/strong><\/p>\n","protected":false},"excerpt":{"rendered":"<p>HERMOSILLO, SONORA, MX. \u2014 El n\u00famero de personas atendidas semanalmente en la Unidad B\u00e1sica de&#8230;<\/p>\n","protected":false},"author":1,"featured_media":196323,"comment_status":"open","ping_status":"open","sticky":false,"template":"","format":"standard","meta":{"_monsterinsights_skip_tracking":false,"_monsterinsights_sitenote_active":false,"_monsterinsights_sitenote_note":"","_monsterinsights_sitenote_category":0,"footnotes":""},"categories":[4],"tags":[11237],"class_list":["post"],"yoast_head":" \n<title>Sonora en Equipo. Incrementa Gobierno Municipal atenci\u00f3n en la Unidad B\u00e1sica de Rehabilitaci\u00f3n Municipios<\/title>\n<meta name=\"description\" content=\"HERMOSILLO, SONORA, MX. \u2014 El n\u00famero de personas atendidas semanalmente en la Unidad B\u00e1sica de Rehabilitaci\u00f3n (UBR) del Consejo Municipal para la En Sonora en Equipo publicamos toda la informaci\u00f3n de Sonora, M\u00e9xico y el Mundo de manera oportuna y busca que la libertad de expresi\u00f3n sea real. Visita nuestro medio informativo publicado desde Hermosillo, Sonora. %\" \/>\n<meta name=\"robots\" content=\"index, follow, max-snippet:-1, max-image-preview:large, max-video-preview:-1\" \/>\n<link rel=\"canonical\" href=\"https:\/\/www.sonoraenequipo.com.mx\/incrementa-gobierno-municipal-atencion-en-la-unidad-basica-de-rehabilitacion\/\" \/>\n<meta property=\"og:locale\" content=\"es_ES\" \/>\n<meta property=\"og:type\" content=\"article\" \/>\n<meta property=\"og:title\" content=\"Sonora en Equipo. Incrementa Gobierno Municipal atenci\u00f3n en la Unidad B\u00e1sica de Rehabilitaci\u00f3n Municipios\" \/>\n<meta property=\"og:description\" content=\"HERMOSILLO, SONORA, MX. \u2014 El n\u00famero de personas atendidas semanalmente en la Unidad B\u00e1sica de Rehabilitaci\u00f3n (UBR) del Consejo Municipal para la En Sonora en Equipo publicamos toda la informaci\u00f3n de Sonora, M\u00e9xico y el Mundo de manera oportuna y busca que la libertad de expresi\u00f3n sea real. Visita nuestro medio informativo publicado desde Hermosillo, Sonora. %\" \/>\n<meta property=\"og:url\" content=\"https:\/\/www.sonoraenequipo.com.mx\/incrementa-gobierno-municipal-atencion-en-la-unidad-basica-de-rehabilitacion\/\" \/>\n<meta property=\"og:site_name\" content=\"Sonora en Equipo.\" \/>\n<meta property=\"article:publisher\" content=\"https:\/\/www.facebook.com\/SonoraEE\/\" \/>\n<meta property=\"article:author\" content=\"https:\/\/www.facebook.com\/SonoraEE\" \/>\n<meta property=\"article:published_time\" content=\"2025-05-18T20:55:50+00:00\" \/>\n<meta property=\"og:image\" content=\"https:\/\/www.sonoraenequipo.com.mx\/storage\/2024\/08\/jeannete-molina.jpg\" \/>\n\t<meta property=\"og:image:width\" content=\"600\" \/>\n\t<meta property=\"og:image:height\" content=\"400\" \/>\n\t<meta property=\"og:image:type\" content=\"image\/jpeg\" \/>\n<meta name=\"author\" content=\"enequipo\" \/>\n<meta name=\"twitter:card\" content=\"summary_large_image\" \/>\n<meta name=\"twitter:creator\" content=\"@sonoraenequipo\" \/>\n<meta name=\"twitter:site\" content=\"@sonoraenequipo\" \/>\n<meta name=\"twitter:label1\" content=\"Escrito por\" \/>\n\t<meta name=\"twitter:data1\" content=\"enequipo\" \/>\n\t<meta name=\"twitter:label2\" content=\"Tiempo de lectura\" \/>\n\t<meta name=\"twitter:data2\" content=\"2 minutos\" \/>\n<script type=\"application\/ld+json\" class=\"yoast-schema-graph\">{\"@context\":\"https:\/\/schema.org\",\"@graph\":[{\"@type\":\"Article\",\"@id\":\"https:\/\/www.sonoraenequipo.com.mx\/incrementa-gobierno-municipal-atencion-en-la-unidad-basica-de-rehabilitacion\/#article\",\"isPartOf\":{\"@id\":\"https:\/\/www.sonoraenequipo.com.mx\/incrementa-gobierno-municipal-atencion-en-la-unidad-basica-de-rehabilitacion\/\"},\"author\":{\"name\":\"enequipo\",\"@id\":\"https:\/\/www.sonoraenequipo.com.mx\/#\/schema\/person\/50102df0fb23a8fa9e8effad8fa81386\"},\"headline\":\"Incrementa Gobierno Municipal atenci\u00f3n en la Unidad B\u00e1sica de Rehabilitaci\u00f3n\",\"datePublished\":\"2025-05-18T20:55:50+00:00\",\"mainEntityOfPage\":{\"@id\":\"https:\/\/www.sonoraenequipo.com.mx\/incrementa-gobierno-municipal-atencion-en-la-unidad-basica-de-rehabilitacion\/\"},\"wordCount\":360,\"commentCount\":0,\"publisher\":{\"@id\":\"https:\/\/www.sonoraenequipo.com.mx\/#organization\"},\"image\":{\"@id\":\"https:\/\/www.sonoraenequipo.com.mx\/incrementa-gobierno-municipal-atencion-en-la-unidad-basica-de-rehabilitacion\/#primaryimage\"},\"thumbnailUrl\":\"https:\/\/www.sonoraenequipo.com.mx\/storage\/2024\/08\/jeannete-molina.jpg\",\"keywords\":[\"comudis\"],\"articleSection\":[\"Municipios\"],\"inLanguage\":\"es\",\"potentialAction\":[{\"@type\":\"CommentAction\",\"name\":\"Comment\",\"target\":[\"https:\/\/www.sonoraenequipo.com.mx\/incrementa-gobierno-municipal-atencion-en-la-unidad-basica-de-rehabilitacion\/#respond\"]}]},{\"@type\":\"WebPage\",\"@id\":\"https:\/\/www.sonoraenequipo.com.mx\/incrementa-gobierno-municipal-atencion-en-la-unidad-basica-de-rehabilitacion\/\",\"url\":\"https:\/\/www.sonoraenequipo.com.mx\/incrementa-gobierno-municipal-atencion-en-la-unidad-basica-de-rehabilitacion\/\",\"name\":\"Sonora en Equipo. Incrementa Gobierno Municipal atenci\u00f3n en la Unidad B\u00e1sica de Rehabilitaci\u00f3n Municipios\",\"isPartOf\":{\"@id\":\"https:\/\/www.sonoraenequipo.com.mx\/#website\"},\"primaryImageOfPage\":{\"@id\":\"https:\/\/www.sonoraenequipo.com.mx\/incrementa-gobierno-municipal-atencion-en-la-unidad-basica-de-rehabilitacion\/#primaryimage\"},\"image\":{\"@id\":\"https:\/\/www.sonoraenequipo.com.mx\/incrementa-gobierno-municipal-atencion-en-la-unidad-basica-de-rehabilitacion\/#primaryimage\"},\"thumbnailUrl\":\"https:\/\/www.sonoraenequipo.com.mx\/storage\/2024\/08\/jeannete-molina.jpg\",\"datePublished\":\"2025-05-18T20:55:50+00:00\",\"description\":\"HERMOSILLO, SONORA, MX. \u2014 El n\u00famero de personas atendidas semanalmente en la Unidad B\u00e1sica de Rehabilitaci\u00f3n (UBR) del Consejo Municipal para la En Sonora en Equipo publicamos toda la informaci\u00f3n de Sonora, M\u00e9xico y el Mundo de manera oportuna y busca que la libertad de expresi\u00f3n sea real. Visita nuestro medio informativo publicado desde Hermosillo, Sonora. %\",\"breadcrumb\":{\"@id\":\"https:\/\/www.sonoraenequipo.com.mx\/incrementa-gobierno-municipal-atencion-en-la-unidad-basica-de-rehabilitacion\/#breadcrumb\"},\"inLanguage\":\"es\",\"potentialAction\":[{\"@type\":\"ReadAction\",\"target\":[\"https:\/\/www.sonoraenequipo.com.mx\/incrementa-gobierno-municipal-atencion-en-la-unidad-basica-de-rehabilitacion\/\"]}]},{\"@type\":\"ImageObject\",\"inLanguage\":\"es\",\"@id\":\"https:\/\/www.sonoraenequipo.com.mx\/incrementa-gobierno-municipal-atencion-en-la-unidad-basica-de-rehabilitacion\/#primaryimage\",\"url\":\"https:\/\/www.sonoraenequipo.com.mx\/storage\/2024\/08\/jeannete-molina.jpg\",\"contentUrl\":\"https:\/\/www.sonoraenequipo.com.mx\/storage\/2024\/08\/jeannete-molina.jpg\",\"width\":600,\"height\":400,\"caption\":\"Jeannete Molina Caire Directora del Comudis\"},{\"@type\":\"BreadcrumbList\",\"@id\":\"https:\/\/www.sonoraenequipo.com.mx\/incrementa-gobierno-municipal-atencion-en-la-unidad-basica-de-rehabilitacion\/#breadcrumb\",\"itemListElement\":[{\"@type\":\"ListItem\",\"position\":1,\"name\":\"Portada\",\"item\":\"https:\/\/www.sonoraenequipo.com.mx\/\"},{\"@type\":\"ListItem\",\"position\":2,\"name\":\"Incrementa Gobierno Municipal atenci\u00f3n en la Unidad B\u00e1sica de Rehabilitaci\u00f3n\"}]},{\"@type\":\"WebSite\",\"@id\":\"https:\/\/www.sonoraenequipo.com.mx\/#website\",\"url\":\"https:\/\/www.sonoraenequipo.com.mx\/\",\"name\":\"Sonora en Equipo.\",\"description\":\"Diario en l\u00ednea con Noticias desde Hermosillo, Sonora\",\"publisher\":{\"@id\":\"https:\/\/www.sonoraenequipo.com.mx\/#organization\"},\"potentialAction\":[{\"@type\":\"SearchAction\",\"target\":{\"@type\":\"EntryPoint\",\"urlTemplate\":\"https:\/\/www.sonoraenequipo.com.mx\/?s={search_term_string}\"},\"query-input\":{\"@type\":\"PropertyValueSpecification\",\"valueRequired\":true,\"valueName\":\"search_term_string\"}}],\"inLanguage\":\"es\"},{\"@type\":\"Organization\",\"@id\":\"https:\/\/www.sonoraenequipo.com.mx\/#organization\",\"name\":\"Sonoraenequipo.com.mx\",\"url\":\"https:\/\/www.sonoraenequipo.com.mx\/\",\"logo\":{\"@type\":\"ImageObject\",\"inLanguage\":\"es\",\"@id\":\"https:\/\/www.sonoraenequipo.com.mx\/#\/schema\/logo\/image\/\",\"url\":\"https:\/\/www.sonoraenequipo.com.mx\/storage\/2019\/01\/sonoraenequipo_opt.png\",\"contentUrl\":\"https:\/\/www.sonoraenequipo.com.mx\/storage\/2019\/01\/sonoraenequipo_opt.png\",\"width\":375,\"height\":125,\"caption\":\"Sonoraenequipo.com.mx\"},\"image\":{\"@id\":\"https:\/\/www.sonoraenequipo.com.mx\/#\/schema\/logo\/image\/\"},\"sameAs\":[\"https:\/\/www.facebook.com\/SonoraEE\/\",\"https:\/\/x.com\/sonoraenequipo\",\"https:\/\/www.youtube.com\/channel\/UC338nW-lPEYmJQs4ZABQ1SQ\"]},{\"@type\":\"Person\",\"@id\":\"https:\/\/www.sonoraenequipo.com.mx\/#\/schema\/person\/50102df0fb23a8fa9e8effad8fa81386\",\"name\":\"enequipo\",\"image\":{\"@type\":\"ImageObject\",\"inLanguage\":\"es\",\"@id\":\"https:\/\/www.sonoraenequipo.com.mx\/#\/schema\/person\/image\/\",\"url\":\"https:\/\/secure.gravatar.com\/avatar\/049821681b589dabc0bc20695993ccebb09f5b5d4d790cd9251b97faac7c652b?s=96&d=blank&r=g\",\"contentUrl\":\"https:\/\/secure.gravatar.com\/avatar\/049821681b589dabc0bc20695993ccebb09f5b5d4d790cd9251b97faac7c652b?s=96&d=blank&r=g\",\"caption\":\"enequipo\"},\"sameAs\":[\"https:\/\/www.facebook.com\/SonoraEE\"]}]}<\/script>\n ","yoast_head_json":{"title":"Sonora en Equipo. Incrementa Gobierno Municipal atenci\u00f3n en la Unidad B\u00e1sica de Rehabilitaci\u00f3n Municipios","description":"HERMOSILLO, SONORA, MX. \u2014 El n\u00famero de personas atendidas semanalmente en la Unidad B\u00e1sica de Rehabilitaci\u00f3n (UBR) del Consejo Municipal para la En Sonora en Equipo publicamos toda la informaci\u00f3n de Sonora, M\u00e9xico y el Mundo de manera oportuna y busca que la libertad de expresi\u00f3n sea real. Visita nuestro medio informativo publicado desde Hermosillo, Sonora. %","robots":{"index":"index","follow":"follow","max-snippet":"max-snippet:-1","max-image-preview":"max-image-preview:large","max-video-preview":"max-video-preview:-1"},"canonical":"https:\/\/www.sonoraenequipo.com.mx\/incrementa-gobierno-municipal-atencion-en-la-unidad-basica-de-rehabilitacion\/","og_locale":"es_ES","og_type":"article","og_title":"Sonora en Equipo. Incrementa Gobierno Municipal atenci\u00f3n en la Unidad B\u00e1sica de Rehabilitaci\u00f3n Municipios","og_description":"HERMOSILLO, SONORA, MX. \u2014 El n\u00famero de personas atendidas semanalmente en la Unidad B\u00e1sica de Rehabilitaci\u00f3n (UBR) del Consejo Municipal para la En Sonora en Equipo publicamos toda la informaci\u00f3n de Sonora, M\u00e9xico y el Mundo de manera oportuna y busca que la libertad de expresi\u00f3n sea real. Visita nuestro medio informativo publicado desde Hermosillo, Sonora. %","og_url":"https:\/\/www.sonoraenequipo.com.mx\/incrementa-gobierno-municipal-atencion-en-la-unidad-basica-de-rehabilitacion\/","og_site_name":"Sonora en Equipo.","article_publisher":"https:\/\/www.facebook.com\/SonoraEE\/","article_author":"https:\/\/www.facebook.com\/SonoraEE","article_published_time":"2025-05-18T20:55:50+00:00","og_image":[{"width":600,"height":400,"url":"https:\/\/www.sonoraenequipo.com.mx\/storage\/2024\/08\/jeannete-molina.jpg","type":"image\/jpeg"}],"author":"enequipo","twitter_card":"summary_large_image","twitter_creator":"@sonoraenequipo","twitter_site":"@sonoraenequipo","twitter_misc":{"Escrito por":"enequipo","Tiempo de lectura":"2 minutos"},"schema":{"@context":"https:\/\/schema.org","@graph":[{"@type":"Article","@id":"https:\/\/www.sonoraenequipo.com.mx\/incrementa-gobierno-municipal-atencion-en-la-unidad-basica-de-rehabilitacion\/#article","isPartOf":{"@id":"https:\/\/www.sonoraenequipo.com.mx\/incrementa-gobierno-municipal-atencion-en-la-unidad-basica-de-rehabilitacion\/"},"author":{"name":"enequipo","@id":"https:\/\/www.sonoraenequipo.com.mx\/#\/schema\/person\/50102df0fb23a8fa9e8effad8fa81386"},"headline":"Incrementa Gobierno Municipal atenci\u00f3n en la Unidad B\u00e1sica de Rehabilitaci\u00f3n","datePublished":"2025-05-18T20:55:50+00:00","mainEntityOfPage":{"@id":"https:\/\/www.sonoraenequipo.com.mx\/incrementa-gobierno-municipal-atencion-en-la-unidad-basica-de-rehabilitacion\/"},"wordCount":360,"commentCount":0,"publisher":{"@id":"https:\/\/www.sonoraenequipo.com.mx\/#organization"},"image":{"@id":"https:\/\/www.sonoraenequipo.com.mx\/incrementa-gobierno-municipal-atencion-en-la-unidad-basica-de-rehabilitacion\/#primaryimage"},"thumbnailUrl":"https:\/\/www.sonoraenequipo.com.mx\/storage\/2024\/08\/jeannete-molina.jpg","keywords":["comudis"],"articleSection":["Municipios"],"inLanguage":"es","potentialAction":[{"@type":"CommentAction","name":"Comment","target":["https:\/\/www.sonoraenequipo.com.mx\/incrementa-gobierno-municipal-atencion-en-la-unidad-basica-de-rehabilitacion\/#respond"]}]},{"@type":"WebPage","@id":"https:\/\/www.sonoraenequipo.com.mx\/incrementa-gobierno-municipal-atencion-en-la-unidad-basica-de-rehabilitacion\/","url":"https:\/\/www.sonoraenequipo.com.mx\/incrementa-gobierno-municipal-atencion-en-la-unidad-basica-de-rehabilitacion\/","name":"Sonora en Equipo. Incrementa Gobierno Municipal atenci\u00f3n en la Unidad B\u00e1sica de Rehabilitaci\u00f3n Municipios","isPartOf":{"@id":"https:\/\/www.sonoraenequipo.com.mx\/#website"},"primaryImageOfPage":{"@id":"https:\/\/www.sonoraenequipo.com.mx\/incrementa-gobierno-municipal-atencion-en-la-unidad-basica-de-rehabilitacion\/#primaryimage"},"image":{"@id":"https:\/\/www.sonoraenequipo.com.mx\/incrementa-gobierno-municipal-atencion-en-la-unidad-basica-de-rehabilitacion\/#primaryimage"},"thumbnailUrl":"https:\/\/www.sonoraenequipo.com.mx\/storage\/2024\/08\/jeannete-molina.jpg","datePublished":"2025-05-18T20:55:50+00:00","description":"HERMOSILLO, SONORA, MX. \u2014 El n\u00famero de personas atendidas semanalmente en la Unidad B\u00e1sica de Rehabilitaci\u00f3n (UBR) del Consejo Municipal para la En Sonora en Equipo publicamos toda la informaci\u00f3n de Sonora, M\u00e9xico y el Mundo de manera oportuna y busca que la libertad de expresi\u00f3n sea real. Visita nuestro medio informativo publicado desde Hermosillo, Sonora. %","breadcrumb":{"@id":"https:\/\/www.sonoraenequipo.com.mx\/incrementa-gobierno-municipal-atencion-en-la-unidad-basica-de-rehabilitacion\/#breadcrumb"},"inLanguage":"es","potentialAction":[{"@type":"ReadAction","target":["https:\/\/www.sonoraenequipo.com.mx\/incrementa-gobierno-municipal-atencion-en-la-unidad-basica-de-rehabilitacion\/"]}]},{"@type":"ImageObject","inLanguage":"es","@id":"https:\/\/www.sonoraenequipo.com.mx\/incrementa-gobierno-municipal-atencion-en-la-unidad-basica-de-rehabilitacion\/#primaryimage","url":"https:\/\/www.sonoraenequipo.com.mx\/storage\/2024\/08\/jeannete-molina.jpg","contentUrl":"https:\/\/www.sonoraenequipo.com.mx\/storage\/2024\/08\/jeannete-molina.jpg","width":600,"height":400,"caption":"Jeannete Molina Caire Directora del Comudis"},{"@type":"BreadcrumbList","@id":"https:\/\/www.sonoraenequipo.com.mx\/incrementa-gobierno-municipal-atencion-en-la-unidad-basica-de-rehabilitacion\/#breadcrumb","itemListElement":[{"@type":"ListItem","position":1,"name":"Portada","item":"https:\/\/www.sonoraenequipo.com.mx\/"},{"@type":"ListItem","position":2,"name":"Incrementa Gobierno Municipal atenci\u00f3n en la Unidad B\u00e1sica de Rehabilitaci\u00f3n"}]},{"@type":"WebSite","@id":"https:\/\/www.sonoraenequipo.com.mx\/#website","url":"https:\/\/www.sonoraenequipo.com.mx\/","name":"Sonora en Equipo.","description":"Diario en l\u00ednea con Noticias desde Hermosillo, Sonora","publisher":{"@id":"https:\/\/www.sonoraenequipo.com.mx\/#organization"},"potentialAction":[{"@type":"SearchAction","target":{"@type":"EntryPoint","urlTemplate":"https:\/\/www.sonoraenequipo.com.mx\/?s={search_term_string}"},"query-input":{"@type":"PropertyValueSpecification","valueRequired":true,"valueName":"search_term_string"}}],"inLanguage":"es"},{"@type":"Organization","@id":"https:\/\/www.sonoraenequipo.com.mx\/#organization","name":"Sonoraenequipo.com.mx","url":"https:\/\/www.sonoraenequipo.com.mx\/","logo":{"@type":"ImageObject","inLanguage":"es","@id":"https:\/\/www.sonoraenequipo.com.mx\/#\/schema\/logo\/image\/","url":"https:\/\/www.sonoraenequipo.com.mx\/storage\/2019\/01\/sonoraenequipo_opt.png","contentUrl":"https:\/\/www.sonoraenequipo.com.mx\/storage\/2019\/01\/sonoraenequipo_opt.png","width":375,"height":125,"caption":"Sonoraenequipo.com.mx"},"image":{"@id":"https:\/\/www.sonoraenequipo.com.mx\/#\/schema\/logo\/image\/"},"sameAs":["https:\/\/www.facebook.com\/SonoraEE\/","https:\/\/x.com\/sonoraenequipo","https:\/\/www.youtube.com\/channel\/UC338nW-lPEYmJQs4ZABQ1SQ"]},{"@type":"Person","@id":"https:\/\/www.sonoraenequipo.com.mx\/#\/schema\/person\/50102df0fb23a8fa9e8effad8fa81386","name":"enequipo","image":{"@type":"ImageObject","inLanguage":"es","@id":"https:\/\/www.sonoraenequipo.com.mx\/#\/schema\/person\/image\/","url":"https:\/\/secure.gravatar.com\/avatar\/049821681b589dabc0bc20695993ccebb09f5b5d4d790cd9251b97faac7c652b?s=96&d=blank&r=g","contentUrl":"https:\/\/secure.gravatar.com\/avatar\/049821681b589dabc0bc20695993ccebb09f5b5d4d790cd9251b97faac7c652b?s=96&d=blank&r=g","caption":"enequipo"},"sameAs":["https:\/\/www.facebook.com\/SonoraEE"]}]}},"jetpack_featured_media_url":"https:\/\/www.sonoraenequipo.com.mx\/storage\/2024\/08\/jeannete-molina.jpg","_links":{"self":[{"href":"https:\/\/www.sonoraenequipo.com.mx\/api\/wp\/v2\/posts\/215728","targetHints":{"allow":["GET"]}}],"collection":[{"href":"https:\/\/www.sonoraenequipo.com.mx\/api\/wp\/v2\/posts"}],"about":[{"href":"https:\/\/www.sonoraenequipo.com.mx\/api\/wp\/v2\/types\/post"}],"author":[{"embeddable":true,"href":"https:\/\/www.sonoraenequipo.com.mx\/api\/wp\/v2\/users\/1"}],"replies":[{"embeddable":true,"href":"https:\/\/www.sonoraenequipo.com.mx\/api\/wp\/v2\/comments?post=215728"}],"version-history":[{"count":1,"href":"https:\/\/www.sonoraenequipo.com.mx\/api\/wp\/v2\/posts\/215728\/revisions"}],"predecessor-version":[{"id":215729,"href":"https:\/\/www.sonoraenequipo.com.mx\/api\/wp\/v2\/posts\/215728\/revisions\/215729"}],"wp:featuredmedia":[{"embeddable":true,"href":"https:\/\/www.sonoraenequipo.com.mx\/api\/wp\/v2\/media\/196323"}],"wp:attachment":[{"href":"https:\/\/www.sonoraenequipo.com.mx\/api\/wp\/v2\/media?parent=215728"}],"wp:term":[{"taxonomy":"category","embeddable":true,"href":"https:\/\/www.sonoraenequipo.com.mx\/api\/wp\/v2\/categories?post=215728"},{"taxonomy":"post_tag","embeddable":true,"href":"https:\/\/www.sonoraenequipo.com.mx\/api\/wp\/v2\/tags?post=215728"}],"curies":[{"name":"wp","href":"https:\/\/api.w.org\/{rel}","templated":true}]}}