{"id":216080,"date":"2025-05-22T19:50:51","date_gmt":"2025-05-23T02:50:51","guid":{"rendered":"https:\/\/www.sonoraenequipo.com.mx\/?p=216080"},"modified":"2025-05-22T18:56:56","modified_gmt":"2025-05-23T01:56:56","slug":"contribuye-gobierno-de-sonora-al-desarrollo-de-estudiantes-de-carreras-de-la-salud","status":"publish","type":"post","link":"https:\/\/www.sonoraenequipo.com.mx\/contribuye-gobierno-de-sonora-al-desarrollo-de-estudiantes-de-carreras-de-la-salud\/","title":{"rendered":"Contribuye Gobierno de Sonora al desarrollo de estudiantes de carreras de la salud"},"content":{"rendered":"<p><strong>HERMOSILLO, SONORA. MX. \u2014\u00a0<\/strong> El Gobierno de Sonora, a trav\u00e9s del Instituto de Seguridad y Servicios Sociales de los Trabajadores del Estado de Sonora (Isssteson), firm\u00f3 convenios de colaboraci\u00f3n con la Universidad Tecnol\u00f3gica del Sur de Sonora (UTS), el Instituto Tecnol\u00f3gico de Sonora (Itson) unidad Guaymas y la Universidad de la Sierra (Unisierra), con el objetivo de abrir espacios de formaci\u00f3n para estudiantes de carreras relacionadas con el \u00e1rea de la salud.<\/p>\n<p>&nbsp;<\/p>\n<p>&nbsp;<\/p>\n<p>&nbsp;<\/p>\n<p>&nbsp;<\/p>\n<p> <\/p>\n<p>Se trata de convenios con los cuales los futuros profesionistas de enfermer\u00eda, medicina, nutrici\u00f3n, psicolog\u00eda y muchas otras carreras podr\u00e1n realizar su servicio social o pr\u00e1cticas profesionales en hospitales, Centros Integrales de Atenci\u00f3n a la Salud y m\u00f3dulos m\u00e9dicos del Instituto en la entidad.<\/p>\n<p>&nbsp;<\/p>\n<p>&nbsp;<\/p>\n<p>&nbsp;<\/p>\n<p>Con el respaldo del gobernador Alfonso Durazo Monta\u00f1o, el director de Isssteson, Luis Alonso Osuna Cota, recibi\u00f3 a los rectores de la UTS y de la Unisierra, Sergio Pablo Mariscal Alvarado y Juan Carlos Avil\u00e9s Miranda, respectivamente, as\u00ed como al director de la Unidad Guaymas del Itson, Humberto Aceves Guti\u00e9rrez, para signar el convenio con sus instituciones.<\/p>\n<p>&nbsp;<\/p>\n<p>&nbsp;<\/p>\n<p>&nbsp;<\/p>\n<p>El convenio de colaboraci\u00f3n forma parte del plan de alianzas estrat\u00e9gicas que Isssteson aplica para mejorar los servicios y la atenci\u00f3n a las y los derechohabientes, pero tambi\u00e9n para ofrecer a futuros profesionales de la salud las herramientas que les ayuden a maximizar su potencial, contando con el apoyo del personal del Instituto.<\/p>\n<p>&nbsp;<\/p>\n<p>&nbsp;<\/p>\n<p>&nbsp;<\/p>\n<p>PUBLICADO EL 22 DE MAYO DE 2025 Con informaci\u00f3n de GOBSON 0525\/182)<\/p>\n","protected":false},"excerpt":{"rendered":"<p>HERMOSILLO, SONORA. MX. \u2014\u00a0 El Gobierno de Sonora, a trav\u00e9s del Instituto de Seguridad y&#8230;<\/p>\n","protected":false},"author":1,"featured_media":216081,"comment_status":"open","ping_status":"open","sticky":false,"template":"","format":"standard","meta":{"_monsterinsights_skip_tracking":false,"_monsterinsights_sitenote_active":false,"_monsterinsights_sitenote_note":"","_monsterinsights_sitenote_category":0,"footnotes":""},"categories":[22],"tags":[],"class_list":["post"],"yoast_head":" \n<title>Sonora en Equipo. Contribuye Gobierno de Sonora al desarrollo de estudiantes de carreras de la salud Sonora<\/title>\n<meta name=\"description\" content=\"HERMOSILLO, SONORA. MX. \u2014\u00a0 El Gobierno de Sonora, a trav\u00e9s del Instituto de Seguridad y Servicios Sociales de los Trabajadores del Estado de Sonora En Sonora en Equipo publicamos toda la informaci\u00f3n de Sonora, M\u00e9xico y el Mundo de manera oportuna y busca que la libertad de expresi\u00f3n sea real. Visita nuestro medio informativo publicado desde Hermosillo, Sonora. %\" \/>\n<meta name=\"robots\" content=\"index, follow, max-snippet:-1, max-image-preview:large, max-video-preview:-1\" \/>\n<link rel=\"canonical\" href=\"https:\/\/www.sonoraenequipo.com.mx\/contribuye-gobierno-de-sonora-al-desarrollo-de-estudiantes-de-carreras-de-la-salud\/\" \/>\n<meta property=\"og:locale\" content=\"es_ES\" \/>\n<meta property=\"og:type\" content=\"article\" \/>\n<meta property=\"og:title\" content=\"Sonora en Equipo. Contribuye Gobierno de Sonora al desarrollo de estudiantes de carreras de la salud Sonora\" \/>\n<meta property=\"og:description\" content=\"HERMOSILLO, SONORA. MX. \u2014\u00a0 El Gobierno de Sonora, a trav\u00e9s del Instituto de Seguridad y Servicios Sociales de los Trabajadores del Estado de Sonora En Sonora en Equipo publicamos toda la informaci\u00f3n de Sonora, M\u00e9xico y el Mundo de manera oportuna y busca que la libertad de expresi\u00f3n sea real. Visita nuestro medio informativo publicado desde Hermosillo, Sonora. %\" \/>\n<meta property=\"og:url\" content=\"https:\/\/www.sonoraenequipo.com.mx\/contribuye-gobierno-de-sonora-al-desarrollo-de-estudiantes-de-carreras-de-la-salud\/\" \/>\n<meta property=\"og:site_name\" content=\"Sonora en Equipo.\" \/>\n<meta property=\"article:publisher\" content=\"https:\/\/www.facebook.com\/SonoraEE\/\" \/>\n<meta property=\"article:author\" content=\"https:\/\/www.facebook.com\/SonoraEE\" \/>\n<meta property=\"article:published_time\" content=\"2025-05-23T02:50:51+00:00\" \/>\n<meta property=\"og:image\" content=\"https:\/\/www.sonoraenequipo.com.mx\/storage\/2025\/05\/desarrollo-de-estudiantes-de-carreras-de-la-salud-min.jpg\" \/>\n\t<meta property=\"og:image:width\" content=\"1000\" \/>\n\t<meta property=\"og:image:height\" content=\"667\" \/>\n\t<meta property=\"og:image:type\" content=\"image\/jpeg\" \/>\n<meta name=\"author\" content=\"enequipo\" \/>\n<meta name=\"twitter:card\" content=\"summary_large_image\" \/>\n<meta name=\"twitter:creator\" content=\"@sonoraenequipo\" \/>\n<meta name=\"twitter:site\" content=\"@sonoraenequipo\" \/>\n<meta name=\"twitter:label1\" content=\"Escrito por\" \/>\n\t<meta name=\"twitter:data1\" content=\"enequipo\" \/>\n\t<meta name=\"twitter:label2\" content=\"Tiempo de lectura\" \/>\n\t<meta name=\"twitter:data2\" content=\"1 minuto\" \/>\n<script type=\"application\/ld+json\" class=\"yoast-schema-graph\">{\"@context\":\"https:\/\/schema.org\",\"@graph\":[{\"@type\":\"Article\",\"@id\":\"https:\/\/www.sonoraenequipo.com.mx\/contribuye-gobierno-de-sonora-al-desarrollo-de-estudiantes-de-carreras-de-la-salud\/#article\",\"isPartOf\":{\"@id\":\"https:\/\/www.sonoraenequipo.com.mx\/contribuye-gobierno-de-sonora-al-desarrollo-de-estudiantes-de-carreras-de-la-salud\/\"},\"author\":{\"name\":\"enequipo\",\"@id\":\"https:\/\/www.sonoraenequipo.com.mx\/#\/schema\/person\/50102df0fb23a8fa9e8effad8fa81386\"},\"headline\":\"Contribuye Gobierno de Sonora al desarrollo de estudiantes de carreras de la salud\",\"datePublished\":\"2025-05-23T02:50:51+00:00\",\"mainEntityOfPage\":{\"@id\":\"https:\/\/www.sonoraenequipo.com.mx\/contribuye-gobierno-de-sonora-al-desarrollo-de-estudiantes-de-carreras-de-la-salud\/\"},\"wordCount\":281,\"commentCount\":0,\"publisher\":{\"@id\":\"https:\/\/www.sonoraenequipo.com.mx\/#organization\"},\"image\":{\"@id\":\"https:\/\/www.sonoraenequipo.com.mx\/contribuye-gobierno-de-sonora-al-desarrollo-de-estudiantes-de-carreras-de-la-salud\/#primaryimage\"},\"thumbnailUrl\":\"https:\/\/www.sonoraenequipo.com.mx\/storage\/2025\/05\/desarrollo-de-estudiantes-de-carreras-de-la-salud-min.jpg\",\"articleSection\":[\"Sonora\"],\"inLanguage\":\"es\",\"potentialAction\":[{\"@type\":\"CommentAction\",\"name\":\"Comment\",\"target\":[\"https:\/\/www.sonoraenequipo.com.mx\/contribuye-gobierno-de-sonora-al-desarrollo-de-estudiantes-de-carreras-de-la-salud\/#respond\"]}]},{\"@type\":\"WebPage\",\"@id\":\"https:\/\/www.sonoraenequipo.com.mx\/contribuye-gobierno-de-sonora-al-desarrollo-de-estudiantes-de-carreras-de-la-salud\/\",\"url\":\"https:\/\/www.sonoraenequipo.com.mx\/contribuye-gobierno-de-sonora-al-desarrollo-de-estudiantes-de-carreras-de-la-salud\/\",\"name\":\"Sonora en Equipo. Contribuye Gobierno de Sonora al desarrollo de estudiantes de carreras de la salud Sonora\",\"isPartOf\":{\"@id\":\"https:\/\/www.sonoraenequipo.com.mx\/#website\"},\"primaryImageOfPage\":{\"@id\":\"https:\/\/www.sonoraenequipo.com.mx\/contribuye-gobierno-de-sonora-al-desarrollo-de-estudiantes-de-carreras-de-la-salud\/#primaryimage\"},\"image\":{\"@id\":\"https:\/\/www.sonoraenequipo.com.mx\/contribuye-gobierno-de-sonora-al-desarrollo-de-estudiantes-de-carreras-de-la-salud\/#primaryimage\"},\"thumbnailUrl\":\"https:\/\/www.sonoraenequipo.com.mx\/storage\/2025\/05\/desarrollo-de-estudiantes-de-carreras-de-la-salud-min.jpg\",\"datePublished\":\"2025-05-23T02:50:51+00:00\",\"description\":\"HERMOSILLO, SONORA. MX. \u2014\u00a0 El Gobierno de Sonora, a trav\u00e9s del Instituto de Seguridad y Servicios Sociales de los Trabajadores del Estado de Sonora En Sonora en Equipo publicamos toda la informaci\u00f3n de Sonora, M\u00e9xico y el Mundo de manera oportuna y busca que la libertad de expresi\u00f3n sea real. Visita nuestro medio informativo publicado desde Hermosillo, Sonora. %\",\"breadcrumb\":{\"@id\":\"https:\/\/www.sonoraenequipo.com.mx\/contribuye-gobierno-de-sonora-al-desarrollo-de-estudiantes-de-carreras-de-la-salud\/#breadcrumb\"},\"inLanguage\":\"es\",\"potentialAction\":[{\"@type\":\"ReadAction\",\"target\":[\"https:\/\/www.sonoraenequipo.com.mx\/contribuye-gobierno-de-sonora-al-desarrollo-de-estudiantes-de-carreras-de-la-salud\/\"]}]},{\"@type\":\"ImageObject\",\"inLanguage\":\"es\",\"@id\":\"https:\/\/www.sonoraenequipo.com.mx\/contribuye-gobierno-de-sonora-al-desarrollo-de-estudiantes-de-carreras-de-la-salud\/#primaryimage\",\"url\":\"https:\/\/www.sonoraenequipo.com.mx\/storage\/2025\/05\/desarrollo-de-estudiantes-de-carreras-de-la-salud-min.jpg\",\"contentUrl\":\"https:\/\/www.sonoraenequipo.com.mx\/storage\/2025\/05\/desarrollo-de-estudiantes-de-carreras-de-la-salud-min.jpg\",\"width\":1000,\"height\":667},{\"@type\":\"BreadcrumbList\",\"@id\":\"https:\/\/www.sonoraenequipo.com.mx\/contribuye-gobierno-de-sonora-al-desarrollo-de-estudiantes-de-carreras-de-la-salud\/#breadcrumb\",\"itemListElement\":[{\"@type\":\"ListItem\",\"position\":1,\"name\":\"Portada\",\"item\":\"https:\/\/www.sonoraenequipo.com.mx\/\"},{\"@type\":\"ListItem\",\"position\":2,\"name\":\"Contribuye Gobierno de Sonora al desarrollo de estudiantes de carreras de la salud\"}]},{\"@type\":\"WebSite\",\"@id\":\"https:\/\/www.sonoraenequipo.com.mx\/#website\",\"url\":\"https:\/\/www.sonoraenequipo.com.mx\/\",\"name\":\"Sonora en Equipo.\",\"description\":\"Diario en l\u00ednea con Noticias desde Hermosillo, Sonora\",\"publisher\":{\"@id\":\"https:\/\/www.sonoraenequipo.com.mx\/#organization\"},\"potentialAction\":[{\"@type\":\"SearchAction\",\"target\":{\"@type\":\"EntryPoint\",\"urlTemplate\":\"https:\/\/www.sonoraenequipo.com.mx\/?s={search_term_string}\"},\"query-input\":{\"@type\":\"PropertyValueSpecification\",\"valueRequired\":true,\"valueName\":\"search_term_string\"}}],\"inLanguage\":\"es\"},{\"@type\":\"Organization\",\"@id\":\"https:\/\/www.sonoraenequipo.com.mx\/#organization\",\"name\":\"Sonoraenequipo.com.mx\",\"url\":\"https:\/\/www.sonoraenequipo.com.mx\/\",\"logo\":{\"@type\":\"ImageObject\",\"inLanguage\":\"es\",\"@id\":\"https:\/\/www.sonoraenequipo.com.mx\/#\/schema\/logo\/image\/\",\"url\":\"https:\/\/www.sonoraenequipo.com.mx\/storage\/2019\/01\/sonoraenequipo_opt.png\",\"contentUrl\":\"https:\/\/www.sonoraenequipo.com.mx\/storage\/2019\/01\/sonoraenequipo_opt.png\",\"width\":375,\"height\":125,\"caption\":\"Sonoraenequipo.com.mx\"},\"image\":{\"@id\":\"https:\/\/www.sonoraenequipo.com.mx\/#\/schema\/logo\/image\/\"},\"sameAs\":[\"https:\/\/www.facebook.com\/SonoraEE\/\",\"https:\/\/x.com\/sonoraenequipo\",\"https:\/\/www.youtube.com\/channel\/UC338nW-lPEYmJQs4ZABQ1SQ\"]},{\"@type\":\"Person\",\"@id\":\"https:\/\/www.sonoraenequipo.com.mx\/#\/schema\/person\/50102df0fb23a8fa9e8effad8fa81386\",\"name\":\"enequipo\",\"image\":{\"@type\":\"ImageObject\",\"inLanguage\":\"es\",\"@id\":\"https:\/\/www.sonoraenequipo.com.mx\/#\/schema\/person\/image\/\",\"url\":\"https:\/\/secure.gravatar.com\/avatar\/049821681b589dabc0bc20695993ccebb09f5b5d4d790cd9251b97faac7c652b?s=96&d=blank&r=g\",\"contentUrl\":\"https:\/\/secure.gravatar.com\/avatar\/049821681b589dabc0bc20695993ccebb09f5b5d4d790cd9251b97faac7c652b?s=96&d=blank&r=g\",\"caption\":\"enequipo\"},\"sameAs\":[\"https:\/\/www.facebook.com\/SonoraEE\"]}]}<\/script>\n ","yoast_head_json":{"title":"Sonora en Equipo. Contribuye Gobierno de Sonora al desarrollo de estudiantes de carreras de la salud Sonora","description":"HERMOSILLO, SONORA. MX. \u2014\u00a0 El Gobierno de Sonora, a trav\u00e9s del Instituto de Seguridad y Servicios Sociales de los Trabajadores del Estado de Sonora En Sonora en Equipo publicamos toda la informaci\u00f3n de Sonora, M\u00e9xico y el Mundo de manera oportuna y busca que la libertad de expresi\u00f3n sea real. Visita nuestro medio informativo publicado desde Hermosillo, Sonora. %","robots":{"index":"index","follow":"follow","max-snippet":"max-snippet:-1","max-image-preview":"max-image-preview:large","max-video-preview":"max-video-preview:-1"},"canonical":"https:\/\/www.sonoraenequipo.com.mx\/contribuye-gobierno-de-sonora-al-desarrollo-de-estudiantes-de-carreras-de-la-salud\/","og_locale":"es_ES","og_type":"article","og_title":"Sonora en Equipo. Contribuye Gobierno de Sonora al desarrollo de estudiantes de carreras de la salud Sonora","og_description":"HERMOSILLO, SONORA. MX. \u2014\u00a0 El Gobierno de Sonora, a trav\u00e9s del Instituto de Seguridad y Servicios Sociales de los Trabajadores del Estado de Sonora En Sonora en Equipo publicamos toda la informaci\u00f3n de Sonora, M\u00e9xico y el Mundo de manera oportuna y busca que la libertad de expresi\u00f3n sea real. Visita nuestro medio informativo publicado desde Hermosillo, Sonora. %","og_url":"https:\/\/www.sonoraenequipo.com.mx\/contribuye-gobierno-de-sonora-al-desarrollo-de-estudiantes-de-carreras-de-la-salud\/","og_site_name":"Sonora en Equipo.","article_publisher":"https:\/\/www.facebook.com\/SonoraEE\/","article_author":"https:\/\/www.facebook.com\/SonoraEE","article_published_time":"2025-05-23T02:50:51+00:00","og_image":[{"width":1000,"height":667,"url":"https:\/\/www.sonoraenequipo.com.mx\/storage\/2025\/05\/desarrollo-de-estudiantes-de-carreras-de-la-salud-min.jpg","type":"image\/jpeg"}],"author":"enequipo","twitter_card":"summary_large_image","twitter_creator":"@sonoraenequipo","twitter_site":"@sonoraenequipo","twitter_misc":{"Escrito por":"enequipo","Tiempo de lectura":"1 minuto"},"schema":{"@context":"https:\/\/schema.org","@graph":[{"@type":"Article","@id":"https:\/\/www.sonoraenequipo.com.mx\/contribuye-gobierno-de-sonora-al-desarrollo-de-estudiantes-de-carreras-de-la-salud\/#article","isPartOf":{"@id":"https:\/\/www.sonoraenequipo.com.mx\/contribuye-gobierno-de-sonora-al-desarrollo-de-estudiantes-de-carreras-de-la-salud\/"},"author":{"name":"enequipo","@id":"https:\/\/www.sonoraenequipo.com.mx\/#\/schema\/person\/50102df0fb23a8fa9e8effad8fa81386"},"headline":"Contribuye Gobierno de Sonora al desarrollo de estudiantes de carreras de la salud","datePublished":"2025-05-23T02:50:51+00:00","mainEntityOfPage":{"@id":"https:\/\/www.sonoraenequipo.com.mx\/contribuye-gobierno-de-sonora-al-desarrollo-de-estudiantes-de-carreras-de-la-salud\/"},"wordCount":281,"commentCount":0,"publisher":{"@id":"https:\/\/www.sonoraenequipo.com.mx\/#organization"},"image":{"@id":"https:\/\/www.sonoraenequipo.com.mx\/contribuye-gobierno-de-sonora-al-desarrollo-de-estudiantes-de-carreras-de-la-salud\/#primaryimage"},"thumbnailUrl":"https:\/\/www.sonoraenequipo.com.mx\/storage\/2025\/05\/desarrollo-de-estudiantes-de-carreras-de-la-salud-min.jpg","articleSection":["Sonora"],"inLanguage":"es","potentialAction":[{"@type":"CommentAction","name":"Comment","target":["https:\/\/www.sonoraenequipo.com.mx\/contribuye-gobierno-de-sonora-al-desarrollo-de-estudiantes-de-carreras-de-la-salud\/#respond"]}]},{"@type":"WebPage","@id":"https:\/\/www.sonoraenequipo.com.mx\/contribuye-gobierno-de-sonora-al-desarrollo-de-estudiantes-de-carreras-de-la-salud\/","url":"https:\/\/www.sonoraenequipo.com.mx\/contribuye-gobierno-de-sonora-al-desarrollo-de-estudiantes-de-carreras-de-la-salud\/","name":"Sonora en Equipo. Contribuye Gobierno de Sonora al desarrollo de estudiantes de carreras de la salud Sonora","isPartOf":{"@id":"https:\/\/www.sonoraenequipo.com.mx\/#website"},"primaryImageOfPage":{"@id":"https:\/\/www.sonoraenequipo.com.mx\/contribuye-gobierno-de-sonora-al-desarrollo-de-estudiantes-de-carreras-de-la-salud\/#primaryimage"},"image":{"@id":"https:\/\/www.sonoraenequipo.com.mx\/contribuye-gobierno-de-sonora-al-desarrollo-de-estudiantes-de-carreras-de-la-salud\/#primaryimage"},"thumbnailUrl":"https:\/\/www.sonoraenequipo.com.mx\/storage\/2025\/05\/desarrollo-de-estudiantes-de-carreras-de-la-salud-min.jpg","datePublished":"2025-05-23T02:50:51+00:00","description":"HERMOSILLO, SONORA. MX. \u2014\u00a0 El Gobierno de Sonora, a trav\u00e9s del Instituto de Seguridad y Servicios Sociales de los Trabajadores del Estado de Sonora En Sonora en Equipo publicamos toda la informaci\u00f3n de Sonora, M\u00e9xico y el Mundo de manera oportuna y busca que la libertad de expresi\u00f3n sea real. Visita nuestro medio informativo publicado desde Hermosillo, Sonora. %","breadcrumb":{"@id":"https:\/\/www.sonoraenequipo.com.mx\/contribuye-gobierno-de-sonora-al-desarrollo-de-estudiantes-de-carreras-de-la-salud\/#breadcrumb"},"inLanguage":"es","potentialAction":[{"@type":"ReadAction","target":["https:\/\/www.sonoraenequipo.com.mx\/contribuye-gobierno-de-sonora-al-desarrollo-de-estudiantes-de-carreras-de-la-salud\/"]}]},{"@type":"ImageObject","inLanguage":"es","@id":"https:\/\/www.sonoraenequipo.com.mx\/contribuye-gobierno-de-sonora-al-desarrollo-de-estudiantes-de-carreras-de-la-salud\/#primaryimage","url":"https:\/\/www.sonoraenequipo.com.mx\/storage\/2025\/05\/desarrollo-de-estudiantes-de-carreras-de-la-salud-min.jpg","contentUrl":"https:\/\/www.sonoraenequipo.com.mx\/storage\/2025\/05\/desarrollo-de-estudiantes-de-carreras-de-la-salud-min.jpg","width":1000,"height":667},{"@type":"BreadcrumbList","@id":"https:\/\/www.sonoraenequipo.com.mx\/contribuye-gobierno-de-sonora-al-desarrollo-de-estudiantes-de-carreras-de-la-salud\/#breadcrumb","itemListElement":[{"@type":"ListItem","position":1,"name":"Portada","item":"https:\/\/www.sonoraenequipo.com.mx\/"},{"@type":"ListItem","position":2,"name":"Contribuye Gobierno de Sonora al desarrollo de estudiantes de carreras de la salud"}]},{"@type":"WebSite","@id":"https:\/\/www.sonoraenequipo.com.mx\/#website","url":"https:\/\/www.sonoraenequipo.com.mx\/","name":"Sonora en Equipo.","description":"Diario en l\u00ednea con Noticias desde Hermosillo, Sonora","publisher":{"@id":"https:\/\/www.sonoraenequipo.com.mx\/#organization"},"potentialAction":[{"@type":"SearchAction","target":{"@type":"EntryPoint","urlTemplate":"https:\/\/www.sonoraenequipo.com.mx\/?s={search_term_string}"},"query-input":{"@type":"PropertyValueSpecification","valueRequired":true,"valueName":"search_term_string"}}],"inLanguage":"es"},{"@type":"Organization","@id":"https:\/\/www.sonoraenequipo.com.mx\/#organization","name":"Sonoraenequipo.com.mx","url":"https:\/\/www.sonoraenequipo.com.mx\/","logo":{"@type":"ImageObject","inLanguage":"es","@id":"https:\/\/www.sonoraenequipo.com.mx\/#\/schema\/logo\/image\/","url":"https:\/\/www.sonoraenequipo.com.mx\/storage\/2019\/01\/sonoraenequipo_opt.png","contentUrl":"https:\/\/www.sonoraenequipo.com.mx\/storage\/2019\/01\/sonoraenequipo_opt.png","width":375,"height":125,"caption":"Sonoraenequipo.com.mx"},"image":{"@id":"https:\/\/www.sonoraenequipo.com.mx\/#\/schema\/logo\/image\/"},"sameAs":["https:\/\/www.facebook.com\/SonoraEE\/","https:\/\/x.com\/sonoraenequipo","https:\/\/www.youtube.com\/channel\/UC338nW-lPEYmJQs4ZABQ1SQ"]},{"@type":"Person","@id":"https:\/\/www.sonoraenequipo.com.mx\/#\/schema\/person\/50102df0fb23a8fa9e8effad8fa81386","name":"enequipo","image":{"@type":"ImageObject","inLanguage":"es","@id":"https:\/\/www.sonoraenequipo.com.mx\/#\/schema\/person\/image\/","url":"https:\/\/secure.gravatar.com\/avatar\/049821681b589dabc0bc20695993ccebb09f5b5d4d790cd9251b97faac7c652b?s=96&d=blank&r=g","contentUrl":"https:\/\/secure.gravatar.com\/avatar\/049821681b589dabc0bc20695993ccebb09f5b5d4d790cd9251b97faac7c652b?s=96&d=blank&r=g","caption":"enequipo"},"sameAs":["https:\/\/www.facebook.com\/SonoraEE"]}]}},"jetpack_featured_media_url":"https:\/\/www.sonoraenequipo.com.mx\/storage\/2025\/05\/desarrollo-de-estudiantes-de-carreras-de-la-salud-min.jpg","_links":{"self":[{"href":"https:\/\/www.sonoraenequipo.com.mx\/api\/wp\/v2\/posts\/216080","targetHints":{"allow":["GET"]}}],"collection":[{"href":"https:\/\/www.sonoraenequipo.com.mx\/api\/wp\/v2\/posts"}],"about":[{"href":"https:\/\/www.sonoraenequipo.com.mx\/api\/wp\/v2\/types\/post"}],"author":[{"embeddable":true,"href":"https:\/\/www.sonoraenequipo.com.mx\/api\/wp\/v2\/users\/1"}],"replies":[{"embeddable":true,"href":"https:\/\/www.sonoraenequipo.com.mx\/api\/wp\/v2\/comments?post=216080"}],"version-history":[{"count":1,"href":"https:\/\/www.sonoraenequipo.com.mx\/api\/wp\/v2\/posts\/216080\/revisions"}],"predecessor-version":[{"id":216083,"href":"https:\/\/www.sonoraenequipo.com.mx\/api\/wp\/v2\/posts\/216080\/revisions\/216083"}],"wp:featuredmedia":[{"embeddable":true,"href":"https:\/\/www.sonoraenequipo.com.mx\/api\/wp\/v2\/media\/216081"}],"wp:attachment":[{"href":"https:\/\/www.sonoraenequipo.com.mx\/api\/wp\/v2\/media?parent=216080"}],"wp:term":[{"taxonomy":"category","embeddable":true,"href":"https:\/\/www.sonoraenequipo.com.mx\/api\/wp\/v2\/categories?post=216080"},{"taxonomy":"post_tag","embeddable":true,"href":"https:\/\/www.sonoraenequipo.com.mx\/api\/wp\/v2\/tags?post=216080"}],"curies":[{"name":"wp","href":"https:\/\/api.w.org\/{rel}","templated":true}]}}