{"id":216513,"date":"2025-05-28T17:59:18","date_gmt":"2025-05-29T00:59:18","guid":{"rendered":"https:\/\/www.sonoraenequipo.com.mx\/?p=216513"},"modified":"2025-05-28T17:59:18","modified_gmt":"2025-05-29T00:59:18","slug":"invita-amde-a-participar-en-desafio-empresarial-hermosillo-47","status":"publish","type":"post","link":"https:\/\/www.sonoraenequipo.com.mx\/invita-amde-a-participar-en-desafio-empresarial-hermosillo-47\/","title":{"rendered":"Invita AMDE a participar en desaf\u00edo empresarial Hermosillo 47"},"content":{"rendered":"<p>&nbsp;<\/p>\n<p><strong>HERMOSILLO, SONORA, MX.<\/strong> \u2014 \u00d3scar Gast\u00e9lum Donnadieu, director de la Agencia Municipal de Desarrollo Econ\u00f3mico (AMDE), anunci\u00f3 que est\u00e1 abierta la convocatoria para la tercera edici\u00f3n el desaf\u00edo empresarial Hermosillo 47, evento que busca acelerar el crecimiento de la micro peque\u00f1a y mediana empresa de la ciudad por medio de una competencia en la que los primeros lugares podr\u00e1n obtener premios con un valor de alrededor un mill\u00f3n de pesos.<\/p>\n<p>&nbsp;<\/p>\n<p>\u201cC\u00f3mo logramos este aceleramiento del crecimiento, con una combinaci\u00f3n estrat\u00e9gica tanto de talleres como de capacitaciones especializadas, de mentor\u00edas muy importantes, y de nuestro evento magistral donde buscamos fortalecer este ecosistema del emprendedor y brindar las herramientas pr\u00e1cticas a los negocios para fomentar la innovaci\u00f3n, el liderazgo y la competitividad\u201d, expuso.<\/p>\n<p>&nbsp;<\/p>\n<p>Gast\u00e9lum Donnadieu mencion\u00f3 que es un desaf\u00edo empresarial que impulsa el talento local, que promueve el networking entre todos los emprendedores y los asistentes y tambi\u00e9n que pone en esta misma plataforma a expertos e inversionistas y a lados estrat\u00e9gicos.<\/p>\n<p>&nbsp;<\/p>\n<p>En la segunda edici\u00f3n 242 empresas realizaron su postulaci\u00f3n inicial, 152 completaron su inscripci\u00f3n formal y participaron activamente en las distintas etapas y 11 llegaron a la gran final divididas en dos categor\u00edas, empresas tradicionales y empresas con base tecnol\u00f3gica. Se entregaron premios con valor de alrededor de 1 mill\u00f3n de pesos que incluyeron casi 500 mil pesos en efectivo, servicio de consultor\u00edas especializadas, espacios de coworking, herramientas digitales, asesor\u00edas personalizadas y m\u00e1s de 20 apoyos en especies para fortalecer a las empresas ganadoras.<\/p>\n<p>&nbsp;<\/p>\n<p>El empresario local, Alexis Samaniego Balboa, coment\u00f3 que en el pa\u00eds hay 5 millones de las micro y peque\u00f1as y medianas empresas, que\u00a0 representan el 99.5 % de ellas y generan el 70 % de los empleos y el 55 % del PIB; pero est\u00e1n solas ante las regulaciones, tienen la competencia, no tienen financiamiento, tienen problemas laborales y son el motor de la econom\u00eda del pa\u00eds.<\/p>\n<p>&nbsp;<\/p>\n<p>\u201cDe ah\u00ed la idea de este que se oye un peque\u00f1o evento, pero tiene demasiado impacto en nuestra comunidad. Represento a una porci\u00f3n de empresarios que con el apoyo del alcalde To\u00f1o Astiazar\u00e1n, en una propuesta original hace tres a\u00f1os, sali\u00f3 una idea y de esa la hemos llevado en equipo con la Agencia Municipal donde nosotros como medianos empresarios de Hermosillo apoyamos de alguna u otra manera a todas estas empresas que entran que hacen el esfuerzo\u201d, manifest\u00f3.<\/p>\n<p>&nbsp;<\/p>\n<p>Omar Guti\u00e9rrez, director del Centro Municipal del Emprendedor, precis\u00f3 que es una semana llena de capacitaciones que se cubren con el costo de la inscripci\u00f3n que es de 899 pesos, posteriormente tendr\u00e1n el evento magistral, en la que se presentar\u00e1n los 11 pitches de los finalistas y en el cual los acompa\u00f1ar\u00e1 un empresario de talla internacional que ofrecer\u00e1 una conferencia magistral, que ser\u00e1 el 4 de septiembre.<\/p>\n<p>&nbsp;<\/p>\n<p>\u201cDe los 11 finalistas, ser\u00e1n cuatro de base tecnol\u00f3gica y 7 de base tradicional. Vamos a vivir la charla magistral, vamos a entregar distintos premios especiales como\u00a0 el People Choice Award de redes sociales, el People Choice Award de los mismos pitches, los asistentes van a poder votar por su presentaci\u00f3n favorita y finalmente vamos a premiar un liderazgo femenino dentro de estas categor\u00edas\u201d, destac\u00f3.<\/p>\n<p>&nbsp;<\/p>\n<p>En el mismo evento que se va a realizar el 4 de septiembre en las instalaciones del Tec de Monterrey se premiar\u00e1 a los tres primeros lugares de ambas categor\u00edas. El cierre de la convocatoria es el 22 de agosto; del 26 al 21 de agosto son las capacitaciones y el 31 de agosto se anuncian las finalistas. Ganen o no tienen derecho a mentor\u00edas a partir del 3 de octubre.<\/p>\n<p>&nbsp;<\/p>\n<p>Jaris Mu\u00f1oz, ganadora de la primera edici\u00f3n de Hermosillo 47, dijo que participar, contar su historia y haber ganado la hizo seguir con su creatividad\u00a0 y con sus ideas en su negocio que es un restaurante de comida a base de plantas llamado Jaris Arte Cocina.<\/p>\n<p>&nbsp;<\/p>\n<p>\u201cTodo lo que nos acompa\u00f1\u00f3 en Hermosillo 47, desde las capacitaciones hasta el d\u00eda del evento fue algo pues que tiene mucho que ver con la confianza y confirmaci\u00f3n de que lo estamos haciendo bien, a pesar de no tener absolutamente todo lo que tiene una empresa enorme\u201d, comparti\u00f3.<\/p>\n<p>&nbsp;<\/p>\n<p>Enfatiz\u00f3 que son pocos los que van a llegar al \u00faltimo d\u00eda a competir por los primeros lugares, pero que recomienda mucho participar por las capacitaciones, en las que se conoce a mucha gente, se comparte la informaci\u00f3n y es lo que te hace crecer, evaluarte y aprender, adem\u00e1s de las clases de educaci\u00f3n financiera.<\/p>\n<p>&nbsp;<\/p>\n<p>El registro es en la p\u00e1gina www.Hermosillo47.com o si tienen alguna duda pueden enviar un mensaje de WhatsApp al n\u00famero\u00a0 6624140444.<\/p>\n<p><strong>Fecha de publicaci\u00f3n mi\u00e9rcoles 28 de mayo de 2025 \/<\/strong><\/p>\n","protected":false},"excerpt":{"rendered":"<p>&nbsp; HERMOSILLO, SONORA, MX. \u2014 \u00d3scar Gast\u00e9lum Donnadieu, director de la Agencia Municipal de Desarrollo&#8230;<\/p>\n","protected":false},"author":1,"featured_media":216519,"comment_status":"open","ping_status":"open","sticky":false,"template":"","format":"standard","meta":{"_monsterinsights_skip_tracking":false,"_monsterinsights_sitenote_active":false,"_monsterinsights_sitenote_note":"","_monsterinsights_sitenote_category":0,"footnotes":""},"categories":[6493],"tags":[8793,8143,35],"class_list":["post"],"yoast_head":" \n<title>Sonora en Equipo. Invita AMDE a participar en desaf\u00edo empresarial Hermosillo 47 PALABRAS Y N\u00daMEROS<\/title>\n<meta name=\"description\" content=\"&nbsp; HERMOSILLO, SONORA, MX. \u2014 \u00d3scar Gast\u00e9lum Donnadieu, director de la Agencia Municipal de Desarrollo Econ\u00f3mico (AMDE), anunci\u00f3 que est\u00e1 abierta la En Sonora en Equipo publicamos toda la informaci\u00f3n de Sonora, M\u00e9xico y el Mundo de manera oportuna y busca que la libertad de expresi\u00f3n sea real. Visita nuestro medio informativo publicado desde Hermosillo, Sonora. %\" \/>\n<meta name=\"robots\" content=\"index, follow, max-snippet:-1, max-image-preview:large, max-video-preview:-1\" \/>\n<link rel=\"canonical\" href=\"https:\/\/www.sonoraenequipo.com.mx\/invita-amde-a-participar-en-desafio-empresarial-hermosillo-47\/\" \/>\n<meta property=\"og:locale\" content=\"es_ES\" \/>\n<meta property=\"og:type\" content=\"article\" \/>\n<meta property=\"og:title\" content=\"Sonora en Equipo. Invita AMDE a participar en desaf\u00edo empresarial Hermosillo 47 PALABRAS Y N\u00daMEROS\" \/>\n<meta property=\"og:description\" content=\"&nbsp; HERMOSILLO, SONORA, MX. \u2014 \u00d3scar Gast\u00e9lum Donnadieu, director de la Agencia Municipal de Desarrollo Econ\u00f3mico (AMDE), anunci\u00f3 que est\u00e1 abierta la En Sonora en Equipo publicamos toda la informaci\u00f3n de Sonora, M\u00e9xico y el Mundo de manera oportuna y busca que la libertad de expresi\u00f3n sea real. Visita nuestro medio informativo publicado desde Hermosillo, Sonora. %\" \/>\n<meta property=\"og:url\" content=\"https:\/\/www.sonoraenequipo.com.mx\/invita-amde-a-participar-en-desafio-empresarial-hermosillo-47\/\" \/>\n<meta property=\"og:site_name\" content=\"Sonora en Equipo.\" \/>\n<meta property=\"article:publisher\" content=\"https:\/\/www.facebook.com\/SonoraEE\/\" \/>\n<meta property=\"article:author\" content=\"https:\/\/www.facebook.com\/SonoraEE\" \/>\n<meta property=\"article:published_time\" content=\"2025-05-29T00:59:18+00:00\" \/>\n<meta property=\"og:image\" content=\"https:\/\/www.sonoraenequipo.com.mx\/storage\/2025\/05\/amde.jpg\" \/>\n\t<meta property=\"og:image:width\" content=\"600\" \/>\n\t<meta property=\"og:image:height\" content=\"407\" \/>\n\t<meta property=\"og:image:type\" content=\"image\/jpeg\" \/>\n<meta name=\"author\" content=\"enequipo\" \/>\n<meta name=\"twitter:card\" content=\"summary_large_image\" \/>\n<meta name=\"twitter:creator\" content=\"@sonoraenequipo\" \/>\n<meta name=\"twitter:site\" content=\"@sonoraenequipo\" \/>\n<meta name=\"twitter:label1\" content=\"Escrito por\" \/>\n\t<meta name=\"twitter:data1\" content=\"enequipo\" \/>\n\t<meta name=\"twitter:label2\" content=\"Tiempo de lectura\" \/>\n\t<meta name=\"twitter:data2\" content=\"4 minutos\" \/>\n<script type=\"application\/ld+json\" class=\"yoast-schema-graph\">{\"@context\":\"https:\/\/schema.org\",\"@graph\":[{\"@type\":\"Article\",\"@id\":\"https:\/\/www.sonoraenequipo.com.mx\/invita-amde-a-participar-en-desafio-empresarial-hermosillo-47\/#article\",\"isPartOf\":{\"@id\":\"https:\/\/www.sonoraenequipo.com.mx\/invita-amde-a-participar-en-desafio-empresarial-hermosillo-47\/\"},\"author\":{\"name\":\"enequipo\",\"@id\":\"https:\/\/www.sonoraenequipo.com.mx\/#\/schema\/person\/50102df0fb23a8fa9e8effad8fa81386\"},\"headline\":\"Invita AMDE a participar en desaf\u00edo empresarial Hermosillo 47\",\"datePublished\":\"2025-05-29T00:59:18+00:00\",\"mainEntityOfPage\":{\"@id\":\"https:\/\/www.sonoraenequipo.com.mx\/invita-amde-a-participar-en-desafio-empresarial-hermosillo-47\/\"},\"wordCount\":827,\"commentCount\":0,\"publisher\":{\"@id\":\"https:\/\/www.sonoraenequipo.com.mx\/#organization\"},\"image\":{\"@id\":\"https:\/\/www.sonoraenequipo.com.mx\/invita-amde-a-participar-en-desafio-empresarial-hermosillo-47\/#primaryimage\"},\"thumbnailUrl\":\"https:\/\/www.sonoraenequipo.com.mx\/storage\/2025\/05\/amde.jpg\",\"keywords\":[\"desafio\",\"empresarial\",\"hermosillo\"],\"articleSection\":[\"PALABRAS Y N\u00daMEROS\"],\"inLanguage\":\"es\",\"potentialAction\":[{\"@type\":\"CommentAction\",\"name\":\"Comment\",\"target\":[\"https:\/\/www.sonoraenequipo.com.mx\/invita-amde-a-participar-en-desafio-empresarial-hermosillo-47\/#respond\"]}]},{\"@type\":\"WebPage\",\"@id\":\"https:\/\/www.sonoraenequipo.com.mx\/invita-amde-a-participar-en-desafio-empresarial-hermosillo-47\/\",\"url\":\"https:\/\/www.sonoraenequipo.com.mx\/invita-amde-a-participar-en-desafio-empresarial-hermosillo-47\/\",\"name\":\"Sonora en Equipo. Invita AMDE a participar en desaf\u00edo empresarial Hermosillo 47 PALABRAS Y N\u00daMEROS\",\"isPartOf\":{\"@id\":\"https:\/\/www.sonoraenequipo.com.mx\/#website\"},\"primaryImageOfPage\":{\"@id\":\"https:\/\/www.sonoraenequipo.com.mx\/invita-amde-a-participar-en-desafio-empresarial-hermosillo-47\/#primaryimage\"},\"image\":{\"@id\":\"https:\/\/www.sonoraenequipo.com.mx\/invita-amde-a-participar-en-desafio-empresarial-hermosillo-47\/#primaryimage\"},\"thumbnailUrl\":\"https:\/\/www.sonoraenequipo.com.mx\/storage\/2025\/05\/amde.jpg\",\"datePublished\":\"2025-05-29T00:59:18+00:00\",\"description\":\"&nbsp; HERMOSILLO, SONORA, MX. \u2014 \u00d3scar Gast\u00e9lum Donnadieu, director de la Agencia Municipal de Desarrollo Econ\u00f3mico (AMDE), anunci\u00f3 que est\u00e1 abierta la En Sonora en Equipo publicamos toda la informaci\u00f3n de Sonora, M\u00e9xico y el Mundo de manera oportuna y busca que la libertad de expresi\u00f3n sea real. Visita nuestro medio informativo publicado desde Hermosillo, Sonora. %\",\"breadcrumb\":{\"@id\":\"https:\/\/www.sonoraenequipo.com.mx\/invita-amde-a-participar-en-desafio-empresarial-hermosillo-47\/#breadcrumb\"},\"inLanguage\":\"es\",\"potentialAction\":[{\"@type\":\"ReadAction\",\"target\":[\"https:\/\/www.sonoraenequipo.com.mx\/invita-amde-a-participar-en-desafio-empresarial-hermosillo-47\/\"]}]},{\"@type\":\"ImageObject\",\"inLanguage\":\"es\",\"@id\":\"https:\/\/www.sonoraenequipo.com.mx\/invita-amde-a-participar-en-desafio-empresarial-hermosillo-47\/#primaryimage\",\"url\":\"https:\/\/www.sonoraenequipo.com.mx\/storage\/2025\/05\/amde.jpg\",\"contentUrl\":\"https:\/\/www.sonoraenequipo.com.mx\/storage\/2025\/05\/amde.jpg\",\"width\":600,\"height\":407},{\"@type\":\"BreadcrumbList\",\"@id\":\"https:\/\/www.sonoraenequipo.com.mx\/invita-amde-a-participar-en-desafio-empresarial-hermosillo-47\/#breadcrumb\",\"itemListElement\":[{\"@type\":\"ListItem\",\"position\":1,\"name\":\"Portada\",\"item\":\"https:\/\/www.sonoraenequipo.com.mx\/\"},{\"@type\":\"ListItem\",\"position\":2,\"name\":\"Invita AMDE a participar en desaf\u00edo empresarial Hermosillo 47\"}]},{\"@type\":\"WebSite\",\"@id\":\"https:\/\/www.sonoraenequipo.com.mx\/#website\",\"url\":\"https:\/\/www.sonoraenequipo.com.mx\/\",\"name\":\"Sonora en Equipo.\",\"description\":\"Diario en l\u00ednea con Noticias desde Hermosillo, Sonora\",\"publisher\":{\"@id\":\"https:\/\/www.sonoraenequipo.com.mx\/#organization\"},\"potentialAction\":[{\"@type\":\"SearchAction\",\"target\":{\"@type\":\"EntryPoint\",\"urlTemplate\":\"https:\/\/www.sonoraenequipo.com.mx\/?s={search_term_string}\"},\"query-input\":{\"@type\":\"PropertyValueSpecification\",\"valueRequired\":true,\"valueName\":\"search_term_string\"}}],\"inLanguage\":\"es\"},{\"@type\":\"Organization\",\"@id\":\"https:\/\/www.sonoraenequipo.com.mx\/#organization\",\"name\":\"Sonoraenequipo.com.mx\",\"url\":\"https:\/\/www.sonoraenequipo.com.mx\/\",\"logo\":{\"@type\":\"ImageObject\",\"inLanguage\":\"es\",\"@id\":\"https:\/\/www.sonoraenequipo.com.mx\/#\/schema\/logo\/image\/\",\"url\":\"https:\/\/www.sonoraenequipo.com.mx\/storage\/2019\/01\/sonoraenequipo_opt.png\",\"contentUrl\":\"https:\/\/www.sonoraenequipo.com.mx\/storage\/2019\/01\/sonoraenequipo_opt.png\",\"width\":375,\"height\":125,\"caption\":\"Sonoraenequipo.com.mx\"},\"image\":{\"@id\":\"https:\/\/www.sonoraenequipo.com.mx\/#\/schema\/logo\/image\/\"},\"sameAs\":[\"https:\/\/www.facebook.com\/SonoraEE\/\",\"https:\/\/x.com\/sonoraenequipo\",\"https:\/\/www.youtube.com\/channel\/UC338nW-lPEYmJQs4ZABQ1SQ\"]},{\"@type\":\"Person\",\"@id\":\"https:\/\/www.sonoraenequipo.com.mx\/#\/schema\/person\/50102df0fb23a8fa9e8effad8fa81386\",\"name\":\"enequipo\",\"image\":{\"@type\":\"ImageObject\",\"inLanguage\":\"es\",\"@id\":\"https:\/\/www.sonoraenequipo.com.mx\/#\/schema\/person\/image\/\",\"url\":\"https:\/\/secure.gravatar.com\/avatar\/049821681b589dabc0bc20695993ccebb09f5b5d4d790cd9251b97faac7c652b?s=96&d=blank&r=g\",\"contentUrl\":\"https:\/\/secure.gravatar.com\/avatar\/049821681b589dabc0bc20695993ccebb09f5b5d4d790cd9251b97faac7c652b?s=96&d=blank&r=g\",\"caption\":\"enequipo\"},\"sameAs\":[\"https:\/\/www.facebook.com\/SonoraEE\"]}]}<\/script>\n ","yoast_head_json":{"title":"Sonora en Equipo. Invita AMDE a participar en desaf\u00edo empresarial Hermosillo 47 PALABRAS Y N\u00daMEROS","description":"&nbsp; HERMOSILLO, SONORA, MX. \u2014 \u00d3scar Gast\u00e9lum Donnadieu, director de la Agencia Municipal de Desarrollo Econ\u00f3mico (AMDE), anunci\u00f3 que est\u00e1 abierta la En Sonora en Equipo publicamos toda la informaci\u00f3n de Sonora, M\u00e9xico y el Mundo de manera oportuna y busca que la libertad de expresi\u00f3n sea real. Visita nuestro medio informativo publicado desde Hermosillo, Sonora. %","robots":{"index":"index","follow":"follow","max-snippet":"max-snippet:-1","max-image-preview":"max-image-preview:large","max-video-preview":"max-video-preview:-1"},"canonical":"https:\/\/www.sonoraenequipo.com.mx\/invita-amde-a-participar-en-desafio-empresarial-hermosillo-47\/","og_locale":"es_ES","og_type":"article","og_title":"Sonora en Equipo. Invita AMDE a participar en desaf\u00edo empresarial Hermosillo 47 PALABRAS Y N\u00daMEROS","og_description":"&nbsp; HERMOSILLO, SONORA, MX. \u2014 \u00d3scar Gast\u00e9lum Donnadieu, director de la Agencia Municipal de Desarrollo Econ\u00f3mico (AMDE), anunci\u00f3 que est\u00e1 abierta la En Sonora en Equipo publicamos toda la informaci\u00f3n de Sonora, M\u00e9xico y el Mundo de manera oportuna y busca que la libertad de expresi\u00f3n sea real. Visita nuestro medio informativo publicado desde Hermosillo, Sonora. %","og_url":"https:\/\/www.sonoraenequipo.com.mx\/invita-amde-a-participar-en-desafio-empresarial-hermosillo-47\/","og_site_name":"Sonora en Equipo.","article_publisher":"https:\/\/www.facebook.com\/SonoraEE\/","article_author":"https:\/\/www.facebook.com\/SonoraEE","article_published_time":"2025-05-29T00:59:18+00:00","og_image":[{"width":600,"height":407,"url":"https:\/\/www.sonoraenequipo.com.mx\/storage\/2025\/05\/amde.jpg","type":"image\/jpeg"}],"author":"enequipo","twitter_card":"summary_large_image","twitter_creator":"@sonoraenequipo","twitter_site":"@sonoraenequipo","twitter_misc":{"Escrito por":"enequipo","Tiempo de lectura":"4 minutos"},"schema":{"@context":"https:\/\/schema.org","@graph":[{"@type":"Article","@id":"https:\/\/www.sonoraenequipo.com.mx\/invita-amde-a-participar-en-desafio-empresarial-hermosillo-47\/#article","isPartOf":{"@id":"https:\/\/www.sonoraenequipo.com.mx\/invita-amde-a-participar-en-desafio-empresarial-hermosillo-47\/"},"author":{"name":"enequipo","@id":"https:\/\/www.sonoraenequipo.com.mx\/#\/schema\/person\/50102df0fb23a8fa9e8effad8fa81386"},"headline":"Invita AMDE a participar en desaf\u00edo empresarial Hermosillo 47","datePublished":"2025-05-29T00:59:18+00:00","mainEntityOfPage":{"@id":"https:\/\/www.sonoraenequipo.com.mx\/invita-amde-a-participar-en-desafio-empresarial-hermosillo-47\/"},"wordCount":827,"commentCount":0,"publisher":{"@id":"https:\/\/www.sonoraenequipo.com.mx\/#organization"},"image":{"@id":"https:\/\/www.sonoraenequipo.com.mx\/invita-amde-a-participar-en-desafio-empresarial-hermosillo-47\/#primaryimage"},"thumbnailUrl":"https:\/\/www.sonoraenequipo.com.mx\/storage\/2025\/05\/amde.jpg","keywords":["desafio","empresarial","hermosillo"],"articleSection":["PALABRAS Y N\u00daMEROS"],"inLanguage":"es","potentialAction":[{"@type":"CommentAction","name":"Comment","target":["https:\/\/www.sonoraenequipo.com.mx\/invita-amde-a-participar-en-desafio-empresarial-hermosillo-47\/#respond"]}]},{"@type":"WebPage","@id":"https:\/\/www.sonoraenequipo.com.mx\/invita-amde-a-participar-en-desafio-empresarial-hermosillo-47\/","url":"https:\/\/www.sonoraenequipo.com.mx\/invita-amde-a-participar-en-desafio-empresarial-hermosillo-47\/","name":"Sonora en Equipo. Invita AMDE a participar en desaf\u00edo empresarial Hermosillo 47 PALABRAS Y N\u00daMEROS","isPartOf":{"@id":"https:\/\/www.sonoraenequipo.com.mx\/#website"},"primaryImageOfPage":{"@id":"https:\/\/www.sonoraenequipo.com.mx\/invita-amde-a-participar-en-desafio-empresarial-hermosillo-47\/#primaryimage"},"image":{"@id":"https:\/\/www.sonoraenequipo.com.mx\/invita-amde-a-participar-en-desafio-empresarial-hermosillo-47\/#primaryimage"},"thumbnailUrl":"https:\/\/www.sonoraenequipo.com.mx\/storage\/2025\/05\/amde.jpg","datePublished":"2025-05-29T00:59:18+00:00","description":"&nbsp; HERMOSILLO, SONORA, MX. \u2014 \u00d3scar Gast\u00e9lum Donnadieu, director de la Agencia Municipal de Desarrollo Econ\u00f3mico (AMDE), anunci\u00f3 que est\u00e1 abierta la En Sonora en Equipo publicamos toda la informaci\u00f3n de Sonora, M\u00e9xico y el Mundo de manera oportuna y busca que la libertad de expresi\u00f3n sea real. Visita nuestro medio informativo publicado desde Hermosillo, Sonora. %","breadcrumb":{"@id":"https:\/\/www.sonoraenequipo.com.mx\/invita-amde-a-participar-en-desafio-empresarial-hermosillo-47\/#breadcrumb"},"inLanguage":"es","potentialAction":[{"@type":"ReadAction","target":["https:\/\/www.sonoraenequipo.com.mx\/invita-amde-a-participar-en-desafio-empresarial-hermosillo-47\/"]}]},{"@type":"ImageObject","inLanguage":"es","@id":"https:\/\/www.sonoraenequipo.com.mx\/invita-amde-a-participar-en-desafio-empresarial-hermosillo-47\/#primaryimage","url":"https:\/\/www.sonoraenequipo.com.mx\/storage\/2025\/05\/amde.jpg","contentUrl":"https:\/\/www.sonoraenequipo.com.mx\/storage\/2025\/05\/amde.jpg","width":600,"height":407},{"@type":"BreadcrumbList","@id":"https:\/\/www.sonoraenequipo.com.mx\/invita-amde-a-participar-en-desafio-empresarial-hermosillo-47\/#breadcrumb","itemListElement":[{"@type":"ListItem","position":1,"name":"Portada","item":"https:\/\/www.sonoraenequipo.com.mx\/"},{"@type":"ListItem","position":2,"name":"Invita AMDE a participar en desaf\u00edo empresarial Hermosillo 47"}]},{"@type":"WebSite","@id":"https:\/\/www.sonoraenequipo.com.mx\/#website","url":"https:\/\/www.sonoraenequipo.com.mx\/","name":"Sonora en Equipo.","description":"Diario en l\u00ednea con Noticias desde Hermosillo, Sonora","publisher":{"@id":"https:\/\/www.sonoraenequipo.com.mx\/#organization"},"potentialAction":[{"@type":"SearchAction","target":{"@type":"EntryPoint","urlTemplate":"https:\/\/www.sonoraenequipo.com.mx\/?s={search_term_string}"},"query-input":{"@type":"PropertyValueSpecification","valueRequired":true,"valueName":"search_term_string"}}],"inLanguage":"es"},{"@type":"Organization","@id":"https:\/\/www.sonoraenequipo.com.mx\/#organization","name":"Sonoraenequipo.com.mx","url":"https:\/\/www.sonoraenequipo.com.mx\/","logo":{"@type":"ImageObject","inLanguage":"es","@id":"https:\/\/www.sonoraenequipo.com.mx\/#\/schema\/logo\/image\/","url":"https:\/\/www.sonoraenequipo.com.mx\/storage\/2019\/01\/sonoraenequipo_opt.png","contentUrl":"https:\/\/www.sonoraenequipo.com.mx\/storage\/2019\/01\/sonoraenequipo_opt.png","width":375,"height":125,"caption":"Sonoraenequipo.com.mx"},"image":{"@id":"https:\/\/www.sonoraenequipo.com.mx\/#\/schema\/logo\/image\/"},"sameAs":["https:\/\/www.facebook.com\/SonoraEE\/","https:\/\/x.com\/sonoraenequipo","https:\/\/www.youtube.com\/channel\/UC338nW-lPEYmJQs4ZABQ1SQ"]},{"@type":"Person","@id":"https:\/\/www.sonoraenequipo.com.mx\/#\/schema\/person\/50102df0fb23a8fa9e8effad8fa81386","name":"enequipo","image":{"@type":"ImageObject","inLanguage":"es","@id":"https:\/\/www.sonoraenequipo.com.mx\/#\/schema\/person\/image\/","url":"https:\/\/secure.gravatar.com\/avatar\/049821681b589dabc0bc20695993ccebb09f5b5d4d790cd9251b97faac7c652b?s=96&d=blank&r=g","contentUrl":"https:\/\/secure.gravatar.com\/avatar\/049821681b589dabc0bc20695993ccebb09f5b5d4d790cd9251b97faac7c652b?s=96&d=blank&r=g","caption":"enequipo"},"sameAs":["https:\/\/www.facebook.com\/SonoraEE"]}]}},"jetpack_featured_media_url":"https:\/\/www.sonoraenequipo.com.mx\/storage\/2025\/05\/amde.jpg","_links":{"self":[{"href":"https:\/\/www.sonoraenequipo.com.mx\/api\/wp\/v2\/posts\/216513","targetHints":{"allow":["GET"]}}],"collection":[{"href":"https:\/\/www.sonoraenequipo.com.mx\/api\/wp\/v2\/posts"}],"about":[{"href":"https:\/\/www.sonoraenequipo.com.mx\/api\/wp\/v2\/types\/post"}],"author":[{"embeddable":true,"href":"https:\/\/www.sonoraenequipo.com.mx\/api\/wp\/v2\/users\/1"}],"replies":[{"embeddable":true,"href":"https:\/\/www.sonoraenequipo.com.mx\/api\/wp\/v2\/comments?post=216513"}],"version-history":[{"count":1,"href":"https:\/\/www.sonoraenequipo.com.mx\/api\/wp\/v2\/posts\/216513\/revisions"}],"predecessor-version":[{"id":216520,"href":"https:\/\/www.sonoraenequipo.com.mx\/api\/wp\/v2\/posts\/216513\/revisions\/216520"}],"wp:featuredmedia":[{"embeddable":true,"href":"https:\/\/www.sonoraenequipo.com.mx\/api\/wp\/v2\/media\/216519"}],"wp:attachment":[{"href":"https:\/\/www.sonoraenequipo.com.mx\/api\/wp\/v2\/media?parent=216513"}],"wp:term":[{"taxonomy":"category","embeddable":true,"href":"https:\/\/www.sonoraenequipo.com.mx\/api\/wp\/v2\/categories?post=216513"},{"taxonomy":"post_tag","embeddable":true,"href":"https:\/\/www.sonoraenequipo.com.mx\/api\/wp\/v2\/tags?post=216513"}],"curies":[{"name":"wp","href":"https:\/\/api.w.org\/{rel}","templated":true}]}}