{"id":216521,"date":"2025-05-28T20:23:33","date_gmt":"2025-05-29T03:23:33","guid":{"rendered":"https:\/\/www.sonoraenequipo.com.mx\/?p=216521"},"modified":"2025-05-28T18:52:26","modified_gmt":"2025-05-29T01:52:26","slug":"destacan-estudiantes-sonorenses-en-foro-regional-sobre-intervencion-educativa","status":"publish","type":"post","link":"https:\/\/www.sonoraenequipo.com.mx\/destacan-estudiantes-sonorenses-en-foro-regional-sobre-intervencion-educativa\/","title":{"rendered":"Destacan estudiantes sonorenses en foro regional sobre intervenci\u00f3n educativa"},"content":{"rendered":"<p><strong>TIJUANA, BAJA CALIFORNIA. MX. \u2014 <\/strong>\u00a0Estudiantes de las unidades de la Universidad Pedag\u00f3gica Nacional (UPN) ubicadas en Sonora tuvieron una destacada participaci\u00f3n en el XIV Foro Regional de la Licenciatura en Intervenci\u00f3n Educativa (LIE).<\/p>\n<p> <\/p>\n<p>Ante sus pares de Baja California, Baja California Sur, Chihuahua y Durango, las y los j\u00f3venes sonorenses presentaron un total de 18 productos acad\u00e9micos, entre ellos podcasts, carteles, videos, fotograf\u00edas y pinturas.<\/p>\n<p>Adem\u00e1s, las UPN de Sonora sobresalieron en las modalidades art\u00edsticas del evento, con presentaciones de canto, danza regional, oratoria y poes\u00eda por parte de los planteles de Hermosillo, Ciudad Obreg\u00f3n y Caborca.<\/p>\n<p>La edici\u00f3n 2025 se llev\u00f3 a cabo en Tijuana, Baja California, con un enfoque en el papel de la intervenci\u00f3n educativa en la participaci\u00f3n comunitaria, en el marco de la Nueva Escuela Mexicana.<\/p>\n<p>El Foro Regional LIE es uno de los espacios acad\u00e9micos m\u00e1s relevantes para las y los estudiantes de esta licenciatura, y entre sus objetivos se encuentran propiciar la reflexi\u00f3n y fortalecer la pr\u00e1ctica docente en la regi\u00f3n noroeste.<\/p>\n<p>Durante la clausura, se anunci\u00f3 que Sonora ser\u00e1 sede del foro en 2026, cuando se celebre su edici\u00f3n n\u00famero 15.<\/p>\n<p>PUBLICADO EL 28 DE MAYO DE 2025 Con informaci\u00f3n de GOBSON 0525\/230)<\/p>\n","protected":false},"excerpt":{"rendered":"<p>TIJUANA, BAJA CALIFORNIA. MX. \u2014 \u00a0Estudiantes de las unidades de la Universidad Pedag\u00f3gica Nacional (UPN)&#8230;<\/p>\n","protected":false},"author":1,"featured_media":216525,"comment_status":"open","ping_status":"open","sticky":false,"template":"","format":"standard","meta":{"_monsterinsights_skip_tracking":false,"_monsterinsights_sitenote_active":false,"_monsterinsights_sitenote_note":"","_monsterinsights_sitenote_category":0,"footnotes":""},"categories":[22],"tags":[],"class_list":["post"],"yoast_head":" \n<title>Sonora en Equipo. Destacan estudiantes sonorenses en foro regional sobre intervenci\u00f3n educativa Sonora<\/title>\n<meta name=\"description\" content=\"TIJUANA, BAJA CALIFORNIA. MX. \u2014 \u00a0Estudiantes de las unidades de la Universidad Pedag\u00f3gica Nacional (UPN) ubicadas en Sonora tuvieron una destacada En Sonora en Equipo publicamos toda la informaci\u00f3n de Sonora, M\u00e9xico y el Mundo de manera oportuna y busca que la libertad de expresi\u00f3n sea real. Visita nuestro medio informativo publicado desde Hermosillo, Sonora. %\" \/>\n<meta name=\"robots\" content=\"index, follow, max-snippet:-1, max-image-preview:large, max-video-preview:-1\" \/>\n<link rel=\"canonical\" href=\"https:\/\/www.sonoraenequipo.com.mx\/destacan-estudiantes-sonorenses-en-foro-regional-sobre-intervencion-educativa\/\" \/>\n<meta property=\"og:locale\" content=\"es_ES\" \/>\n<meta property=\"og:type\" content=\"article\" \/>\n<meta property=\"og:title\" content=\"Sonora en Equipo. Destacan estudiantes sonorenses en foro regional sobre intervenci\u00f3n educativa Sonora\" \/>\n<meta property=\"og:description\" content=\"TIJUANA, BAJA CALIFORNIA. MX. \u2014 \u00a0Estudiantes de las unidades de la Universidad Pedag\u00f3gica Nacional (UPN) ubicadas en Sonora tuvieron una destacada En Sonora en Equipo publicamos toda la informaci\u00f3n de Sonora, M\u00e9xico y el Mundo de manera oportuna y busca que la libertad de expresi\u00f3n sea real. Visita nuestro medio informativo publicado desde Hermosillo, Sonora. %\" \/>\n<meta property=\"og:url\" content=\"https:\/\/www.sonoraenequipo.com.mx\/destacan-estudiantes-sonorenses-en-foro-regional-sobre-intervencion-educativa\/\" \/>\n<meta property=\"og:site_name\" content=\"Sonora en Equipo.\" \/>\n<meta property=\"article:publisher\" content=\"https:\/\/www.facebook.com\/SonoraEE\/\" \/>\n<meta property=\"article:author\" content=\"https:\/\/www.facebook.com\/SonoraEE\" \/>\n<meta property=\"article:published_time\" content=\"2025-05-29T03:23:33+00:00\" \/>\n<meta property=\"og:image\" content=\"https:\/\/www.sonoraenequipo.com.mx\/storage\/2025\/05\/Estudiantes-de-la-UPN-Sonora-participaron-en-XIV-Foro-Regional-en-Tijuana-min.jpg\" \/>\n\t<meta property=\"og:image:width\" content=\"1000\" \/>\n\t<meta property=\"og:image:height\" content=\"478\" \/>\n\t<meta property=\"og:image:type\" content=\"image\/jpeg\" \/>\n<meta name=\"author\" content=\"enequipo\" \/>\n<meta name=\"twitter:card\" content=\"summary_large_image\" \/>\n<meta name=\"twitter:creator\" content=\"@sonoraenequipo\" \/>\n<meta name=\"twitter:site\" content=\"@sonoraenequipo\" \/>\n<meta name=\"twitter:label1\" content=\"Escrito por\" \/>\n\t<meta name=\"twitter:data1\" content=\"enequipo\" \/>\n\t<meta name=\"twitter:label2\" content=\"Tiempo de lectura\" \/>\n\t<meta name=\"twitter:data2\" content=\"1 minuto\" \/>\n<script type=\"application\/ld+json\" class=\"yoast-schema-graph\">{\"@context\":\"https:\/\/schema.org\",\"@graph\":[{\"@type\":\"Article\",\"@id\":\"https:\/\/www.sonoraenequipo.com.mx\/destacan-estudiantes-sonorenses-en-foro-regional-sobre-intervencion-educativa\/#article\",\"isPartOf\":{\"@id\":\"https:\/\/www.sonoraenequipo.com.mx\/destacan-estudiantes-sonorenses-en-foro-regional-sobre-intervencion-educativa\/\"},\"author\":{\"name\":\"enequipo\",\"@id\":\"https:\/\/www.sonoraenequipo.com.mx\/#\/schema\/person\/50102df0fb23a8fa9e8effad8fa81386\"},\"headline\":\"Destacan estudiantes sonorenses en foro regional sobre intervenci\u00f3n educativa\",\"datePublished\":\"2025-05-29T03:23:33+00:00\",\"mainEntityOfPage\":{\"@id\":\"https:\/\/www.sonoraenequipo.com.mx\/destacan-estudiantes-sonorenses-en-foro-regional-sobre-intervencion-educativa\/\"},\"wordCount\":224,\"commentCount\":0,\"publisher\":{\"@id\":\"https:\/\/www.sonoraenequipo.com.mx\/#organization\"},\"image\":{\"@id\":\"https:\/\/www.sonoraenequipo.com.mx\/destacan-estudiantes-sonorenses-en-foro-regional-sobre-intervencion-educativa\/#primaryimage\"},\"thumbnailUrl\":\"https:\/\/www.sonoraenequipo.com.mx\/storage\/2025\/05\/Estudiantes-de-la-UPN-Sonora-participaron-en-XIV-Foro-Regional-en-Tijuana-min.jpg\",\"articleSection\":[\"Sonora\"],\"inLanguage\":\"es\",\"potentialAction\":[{\"@type\":\"CommentAction\",\"name\":\"Comment\",\"target\":[\"https:\/\/www.sonoraenequipo.com.mx\/destacan-estudiantes-sonorenses-en-foro-regional-sobre-intervencion-educativa\/#respond\"]}]},{\"@type\":\"WebPage\",\"@id\":\"https:\/\/www.sonoraenequipo.com.mx\/destacan-estudiantes-sonorenses-en-foro-regional-sobre-intervencion-educativa\/\",\"url\":\"https:\/\/www.sonoraenequipo.com.mx\/destacan-estudiantes-sonorenses-en-foro-regional-sobre-intervencion-educativa\/\",\"name\":\"Sonora en Equipo. Destacan estudiantes sonorenses en foro regional sobre intervenci\u00f3n educativa Sonora\",\"isPartOf\":{\"@id\":\"https:\/\/www.sonoraenequipo.com.mx\/#website\"},\"primaryImageOfPage\":{\"@id\":\"https:\/\/www.sonoraenequipo.com.mx\/destacan-estudiantes-sonorenses-en-foro-regional-sobre-intervencion-educativa\/#primaryimage\"},\"image\":{\"@id\":\"https:\/\/www.sonoraenequipo.com.mx\/destacan-estudiantes-sonorenses-en-foro-regional-sobre-intervencion-educativa\/#primaryimage\"},\"thumbnailUrl\":\"https:\/\/www.sonoraenequipo.com.mx\/storage\/2025\/05\/Estudiantes-de-la-UPN-Sonora-participaron-en-XIV-Foro-Regional-en-Tijuana-min.jpg\",\"datePublished\":\"2025-05-29T03:23:33+00:00\",\"description\":\"TIJUANA, BAJA CALIFORNIA. MX. \u2014 \u00a0Estudiantes de las unidades de la Universidad Pedag\u00f3gica Nacional (UPN) ubicadas en Sonora tuvieron una destacada En Sonora en Equipo publicamos toda la informaci\u00f3n de Sonora, M\u00e9xico y el Mundo de manera oportuna y busca que la libertad de expresi\u00f3n sea real. Visita nuestro medio informativo publicado desde Hermosillo, Sonora. %\",\"breadcrumb\":{\"@id\":\"https:\/\/www.sonoraenequipo.com.mx\/destacan-estudiantes-sonorenses-en-foro-regional-sobre-intervencion-educativa\/#breadcrumb\"},\"inLanguage\":\"es\",\"potentialAction\":[{\"@type\":\"ReadAction\",\"target\":[\"https:\/\/www.sonoraenequipo.com.mx\/destacan-estudiantes-sonorenses-en-foro-regional-sobre-intervencion-educativa\/\"]}]},{\"@type\":\"ImageObject\",\"inLanguage\":\"es\",\"@id\":\"https:\/\/www.sonoraenequipo.com.mx\/destacan-estudiantes-sonorenses-en-foro-regional-sobre-intervencion-educativa\/#primaryimage\",\"url\":\"https:\/\/www.sonoraenequipo.com.mx\/storage\/2025\/05\/Estudiantes-de-la-UPN-Sonora-participaron-en-XIV-Foro-Regional-en-Tijuana-min.jpg\",\"contentUrl\":\"https:\/\/www.sonoraenequipo.com.mx\/storage\/2025\/05\/Estudiantes-de-la-UPN-Sonora-participaron-en-XIV-Foro-Regional-en-Tijuana-min.jpg\",\"width\":1000,\"height\":478},{\"@type\":\"BreadcrumbList\",\"@id\":\"https:\/\/www.sonoraenequipo.com.mx\/destacan-estudiantes-sonorenses-en-foro-regional-sobre-intervencion-educativa\/#breadcrumb\",\"itemListElement\":[{\"@type\":\"ListItem\",\"position\":1,\"name\":\"Portada\",\"item\":\"https:\/\/www.sonoraenequipo.com.mx\/\"},{\"@type\":\"ListItem\",\"position\":2,\"name\":\"Destacan estudiantes sonorenses en foro regional sobre intervenci\u00f3n educativa\"}]},{\"@type\":\"WebSite\",\"@id\":\"https:\/\/www.sonoraenequipo.com.mx\/#website\",\"url\":\"https:\/\/www.sonoraenequipo.com.mx\/\",\"name\":\"Sonora en Equipo.\",\"description\":\"Diario en l\u00ednea con Noticias desde Hermosillo, Sonora\",\"publisher\":{\"@id\":\"https:\/\/www.sonoraenequipo.com.mx\/#organization\"},\"potentialAction\":[{\"@type\":\"SearchAction\",\"target\":{\"@type\":\"EntryPoint\",\"urlTemplate\":\"https:\/\/www.sonoraenequipo.com.mx\/?s={search_term_string}\"},\"query-input\":{\"@type\":\"PropertyValueSpecification\",\"valueRequired\":true,\"valueName\":\"search_term_string\"}}],\"inLanguage\":\"es\"},{\"@type\":\"Organization\",\"@id\":\"https:\/\/www.sonoraenequipo.com.mx\/#organization\",\"name\":\"Sonoraenequipo.com.mx\",\"url\":\"https:\/\/www.sonoraenequipo.com.mx\/\",\"logo\":{\"@type\":\"ImageObject\",\"inLanguage\":\"es\",\"@id\":\"https:\/\/www.sonoraenequipo.com.mx\/#\/schema\/logo\/image\/\",\"url\":\"https:\/\/www.sonoraenequipo.com.mx\/storage\/2019\/01\/sonoraenequipo_opt.png\",\"contentUrl\":\"https:\/\/www.sonoraenequipo.com.mx\/storage\/2019\/01\/sonoraenequipo_opt.png\",\"width\":375,\"height\":125,\"caption\":\"Sonoraenequipo.com.mx\"},\"image\":{\"@id\":\"https:\/\/www.sonoraenequipo.com.mx\/#\/schema\/logo\/image\/\"},\"sameAs\":[\"https:\/\/www.facebook.com\/SonoraEE\/\",\"https:\/\/x.com\/sonoraenequipo\",\"https:\/\/www.youtube.com\/channel\/UC338nW-lPEYmJQs4ZABQ1SQ\"]},{\"@type\":\"Person\",\"@id\":\"https:\/\/www.sonoraenequipo.com.mx\/#\/schema\/person\/50102df0fb23a8fa9e8effad8fa81386\",\"name\":\"enequipo\",\"image\":{\"@type\":\"ImageObject\",\"inLanguage\":\"es\",\"@id\":\"https:\/\/www.sonoraenequipo.com.mx\/#\/schema\/person\/image\/\",\"url\":\"https:\/\/secure.gravatar.com\/avatar\/049821681b589dabc0bc20695993ccebb09f5b5d4d790cd9251b97faac7c652b?s=96&d=blank&r=g\",\"contentUrl\":\"https:\/\/secure.gravatar.com\/avatar\/049821681b589dabc0bc20695993ccebb09f5b5d4d790cd9251b97faac7c652b?s=96&d=blank&r=g\",\"caption\":\"enequipo\"},\"sameAs\":[\"https:\/\/www.facebook.com\/SonoraEE\"]}]}<\/script>\n ","yoast_head_json":{"title":"Sonora en Equipo. Destacan estudiantes sonorenses en foro regional sobre intervenci\u00f3n educativa Sonora","description":"TIJUANA, BAJA CALIFORNIA. MX. \u2014 \u00a0Estudiantes de las unidades de la Universidad Pedag\u00f3gica Nacional (UPN) ubicadas en Sonora tuvieron una destacada En Sonora en Equipo publicamos toda la informaci\u00f3n de Sonora, M\u00e9xico y el Mundo de manera oportuna y busca que la libertad de expresi\u00f3n sea real. Visita nuestro medio informativo publicado desde Hermosillo, Sonora. %","robots":{"index":"index","follow":"follow","max-snippet":"max-snippet:-1","max-image-preview":"max-image-preview:large","max-video-preview":"max-video-preview:-1"},"canonical":"https:\/\/www.sonoraenequipo.com.mx\/destacan-estudiantes-sonorenses-en-foro-regional-sobre-intervencion-educativa\/","og_locale":"es_ES","og_type":"article","og_title":"Sonora en Equipo. Destacan estudiantes sonorenses en foro regional sobre intervenci\u00f3n educativa Sonora","og_description":"TIJUANA, BAJA CALIFORNIA. MX. \u2014 \u00a0Estudiantes de las unidades de la Universidad Pedag\u00f3gica Nacional (UPN) ubicadas en Sonora tuvieron una destacada En Sonora en Equipo publicamos toda la informaci\u00f3n de Sonora, M\u00e9xico y el Mundo de manera oportuna y busca que la libertad de expresi\u00f3n sea real. Visita nuestro medio informativo publicado desde Hermosillo, Sonora. %","og_url":"https:\/\/www.sonoraenequipo.com.mx\/destacan-estudiantes-sonorenses-en-foro-regional-sobre-intervencion-educativa\/","og_site_name":"Sonora en Equipo.","article_publisher":"https:\/\/www.facebook.com\/SonoraEE\/","article_author":"https:\/\/www.facebook.com\/SonoraEE","article_published_time":"2025-05-29T03:23:33+00:00","og_image":[{"width":1000,"height":478,"url":"https:\/\/www.sonoraenequipo.com.mx\/storage\/2025\/05\/Estudiantes-de-la-UPN-Sonora-participaron-en-XIV-Foro-Regional-en-Tijuana-min.jpg","type":"image\/jpeg"}],"author":"enequipo","twitter_card":"summary_large_image","twitter_creator":"@sonoraenequipo","twitter_site":"@sonoraenequipo","twitter_misc":{"Escrito por":"enequipo","Tiempo de lectura":"1 minuto"},"schema":{"@context":"https:\/\/schema.org","@graph":[{"@type":"Article","@id":"https:\/\/www.sonoraenequipo.com.mx\/destacan-estudiantes-sonorenses-en-foro-regional-sobre-intervencion-educativa\/#article","isPartOf":{"@id":"https:\/\/www.sonoraenequipo.com.mx\/destacan-estudiantes-sonorenses-en-foro-regional-sobre-intervencion-educativa\/"},"author":{"name":"enequipo","@id":"https:\/\/www.sonoraenequipo.com.mx\/#\/schema\/person\/50102df0fb23a8fa9e8effad8fa81386"},"headline":"Destacan estudiantes sonorenses en foro regional sobre intervenci\u00f3n educativa","datePublished":"2025-05-29T03:23:33+00:00","mainEntityOfPage":{"@id":"https:\/\/www.sonoraenequipo.com.mx\/destacan-estudiantes-sonorenses-en-foro-regional-sobre-intervencion-educativa\/"},"wordCount":224,"commentCount":0,"publisher":{"@id":"https:\/\/www.sonoraenequipo.com.mx\/#organization"},"image":{"@id":"https:\/\/www.sonoraenequipo.com.mx\/destacan-estudiantes-sonorenses-en-foro-regional-sobre-intervencion-educativa\/#primaryimage"},"thumbnailUrl":"https:\/\/www.sonoraenequipo.com.mx\/storage\/2025\/05\/Estudiantes-de-la-UPN-Sonora-participaron-en-XIV-Foro-Regional-en-Tijuana-min.jpg","articleSection":["Sonora"],"inLanguage":"es","potentialAction":[{"@type":"CommentAction","name":"Comment","target":["https:\/\/www.sonoraenequipo.com.mx\/destacan-estudiantes-sonorenses-en-foro-regional-sobre-intervencion-educativa\/#respond"]}]},{"@type":"WebPage","@id":"https:\/\/www.sonoraenequipo.com.mx\/destacan-estudiantes-sonorenses-en-foro-regional-sobre-intervencion-educativa\/","url":"https:\/\/www.sonoraenequipo.com.mx\/destacan-estudiantes-sonorenses-en-foro-regional-sobre-intervencion-educativa\/","name":"Sonora en Equipo. Destacan estudiantes sonorenses en foro regional sobre intervenci\u00f3n educativa Sonora","isPartOf":{"@id":"https:\/\/www.sonoraenequipo.com.mx\/#website"},"primaryImageOfPage":{"@id":"https:\/\/www.sonoraenequipo.com.mx\/destacan-estudiantes-sonorenses-en-foro-regional-sobre-intervencion-educativa\/#primaryimage"},"image":{"@id":"https:\/\/www.sonoraenequipo.com.mx\/destacan-estudiantes-sonorenses-en-foro-regional-sobre-intervencion-educativa\/#primaryimage"},"thumbnailUrl":"https:\/\/www.sonoraenequipo.com.mx\/storage\/2025\/05\/Estudiantes-de-la-UPN-Sonora-participaron-en-XIV-Foro-Regional-en-Tijuana-min.jpg","datePublished":"2025-05-29T03:23:33+00:00","description":"TIJUANA, BAJA CALIFORNIA. MX. \u2014 \u00a0Estudiantes de las unidades de la Universidad Pedag\u00f3gica Nacional (UPN) ubicadas en Sonora tuvieron una destacada En Sonora en Equipo publicamos toda la informaci\u00f3n de Sonora, M\u00e9xico y el Mundo de manera oportuna y busca que la libertad de expresi\u00f3n sea real. Visita nuestro medio informativo publicado desde Hermosillo, Sonora. %","breadcrumb":{"@id":"https:\/\/www.sonoraenequipo.com.mx\/destacan-estudiantes-sonorenses-en-foro-regional-sobre-intervencion-educativa\/#breadcrumb"},"inLanguage":"es","potentialAction":[{"@type":"ReadAction","target":["https:\/\/www.sonoraenequipo.com.mx\/destacan-estudiantes-sonorenses-en-foro-regional-sobre-intervencion-educativa\/"]}]},{"@type":"ImageObject","inLanguage":"es","@id":"https:\/\/www.sonoraenequipo.com.mx\/destacan-estudiantes-sonorenses-en-foro-regional-sobre-intervencion-educativa\/#primaryimage","url":"https:\/\/www.sonoraenequipo.com.mx\/storage\/2025\/05\/Estudiantes-de-la-UPN-Sonora-participaron-en-XIV-Foro-Regional-en-Tijuana-min.jpg","contentUrl":"https:\/\/www.sonoraenequipo.com.mx\/storage\/2025\/05\/Estudiantes-de-la-UPN-Sonora-participaron-en-XIV-Foro-Regional-en-Tijuana-min.jpg","width":1000,"height":478},{"@type":"BreadcrumbList","@id":"https:\/\/www.sonoraenequipo.com.mx\/destacan-estudiantes-sonorenses-en-foro-regional-sobre-intervencion-educativa\/#breadcrumb","itemListElement":[{"@type":"ListItem","position":1,"name":"Portada","item":"https:\/\/www.sonoraenequipo.com.mx\/"},{"@type":"ListItem","position":2,"name":"Destacan estudiantes sonorenses en foro regional sobre intervenci\u00f3n educativa"}]},{"@type":"WebSite","@id":"https:\/\/www.sonoraenequipo.com.mx\/#website","url":"https:\/\/www.sonoraenequipo.com.mx\/","name":"Sonora en Equipo.","description":"Diario en l\u00ednea con Noticias desde Hermosillo, Sonora","publisher":{"@id":"https:\/\/www.sonoraenequipo.com.mx\/#organization"},"potentialAction":[{"@type":"SearchAction","target":{"@type":"EntryPoint","urlTemplate":"https:\/\/www.sonoraenequipo.com.mx\/?s={search_term_string}"},"query-input":{"@type":"PropertyValueSpecification","valueRequired":true,"valueName":"search_term_string"}}],"inLanguage":"es"},{"@type":"Organization","@id":"https:\/\/www.sonoraenequipo.com.mx\/#organization","name":"Sonoraenequipo.com.mx","url":"https:\/\/www.sonoraenequipo.com.mx\/","logo":{"@type":"ImageObject","inLanguage":"es","@id":"https:\/\/www.sonoraenequipo.com.mx\/#\/schema\/logo\/image\/","url":"https:\/\/www.sonoraenequipo.com.mx\/storage\/2019\/01\/sonoraenequipo_opt.png","contentUrl":"https:\/\/www.sonoraenequipo.com.mx\/storage\/2019\/01\/sonoraenequipo_opt.png","width":375,"height":125,"caption":"Sonoraenequipo.com.mx"},"image":{"@id":"https:\/\/www.sonoraenequipo.com.mx\/#\/schema\/logo\/image\/"},"sameAs":["https:\/\/www.facebook.com\/SonoraEE\/","https:\/\/x.com\/sonoraenequipo","https:\/\/www.youtube.com\/channel\/UC338nW-lPEYmJQs4ZABQ1SQ"]},{"@type":"Person","@id":"https:\/\/www.sonoraenequipo.com.mx\/#\/schema\/person\/50102df0fb23a8fa9e8effad8fa81386","name":"enequipo","image":{"@type":"ImageObject","inLanguage":"es","@id":"https:\/\/www.sonoraenequipo.com.mx\/#\/schema\/person\/image\/","url":"https:\/\/secure.gravatar.com\/avatar\/049821681b589dabc0bc20695993ccebb09f5b5d4d790cd9251b97faac7c652b?s=96&d=blank&r=g","contentUrl":"https:\/\/secure.gravatar.com\/avatar\/049821681b589dabc0bc20695993ccebb09f5b5d4d790cd9251b97faac7c652b?s=96&d=blank&r=g","caption":"enequipo"},"sameAs":["https:\/\/www.facebook.com\/SonoraEE"]}]}},"jetpack_featured_media_url":"https:\/\/www.sonoraenequipo.com.mx\/storage\/2025\/05\/Estudiantes-de-la-UPN-Sonora-participaron-en-XIV-Foro-Regional-en-Tijuana-min.jpg","_links":{"self":[{"href":"https:\/\/www.sonoraenequipo.com.mx\/api\/wp\/v2\/posts\/216521","targetHints":{"allow":["GET"]}}],"collection":[{"href":"https:\/\/www.sonoraenequipo.com.mx\/api\/wp\/v2\/posts"}],"about":[{"href":"https:\/\/www.sonoraenequipo.com.mx\/api\/wp\/v2\/types\/post"}],"author":[{"embeddable":true,"href":"https:\/\/www.sonoraenequipo.com.mx\/api\/wp\/v2\/users\/1"}],"replies":[{"embeddable":true,"href":"https:\/\/www.sonoraenequipo.com.mx\/api\/wp\/v2\/comments?post=216521"}],"version-history":[{"count":2,"href":"https:\/\/www.sonoraenequipo.com.mx\/api\/wp\/v2\/posts\/216521\/revisions"}],"predecessor-version":[{"id":216528,"href":"https:\/\/www.sonoraenequipo.com.mx\/api\/wp\/v2\/posts\/216521\/revisions\/216528"}],"wp:featuredmedia":[{"embeddable":true,"href":"https:\/\/www.sonoraenequipo.com.mx\/api\/wp\/v2\/media\/216525"}],"wp:attachment":[{"href":"https:\/\/www.sonoraenequipo.com.mx\/api\/wp\/v2\/media?parent=216521"}],"wp:term":[{"taxonomy":"category","embeddable":true,"href":"https:\/\/www.sonoraenequipo.com.mx\/api\/wp\/v2\/categories?post=216521"},{"taxonomy":"post_tag","embeddable":true,"href":"https:\/\/www.sonoraenequipo.com.mx\/api\/wp\/v2\/tags?post=216521"}],"curies":[{"name":"wp","href":"https:\/\/api.w.org\/{rel}","templated":true}]}}