{"id":216522,"date":"2025-05-28T18:29:05","date_gmt":"2025-05-29T01:29:05","guid":{"rendered":"https:\/\/www.sonoraenequipo.com.mx\/?p=216522"},"modified":"2025-05-28T18:29:05","modified_gmt":"2025-05-29T01:29:05","slug":"invita-gobierno-de-sonora-a-disfrutar-de-los-eventos-del-estado-en-junio","status":"publish","type":"post","link":"https:\/\/www.sonoraenequipo.com.mx\/invita-gobierno-de-sonora-a-disfrutar-de-los-eventos-del-estado-en-junio\/","title":{"rendered":"Invita Gobierno de Sonora a disfrutar de los eventos del estado en junio"},"content":{"rendered":"<p><strong>HERMOSILLO, SONORA, MX.<\/strong> \u2014 El Gobierno de Sonora, a trav\u00e9s de la Secretar\u00eda de Econom\u00eda y Turismo (Setur), present\u00f3 la agenda de eventos que se desarrollar\u00e1n durante el mes de junio en diversos municipios del estado, con el objetivo de fortalecer la convivencia comunitaria, promover las tradiciones sonorenses y dinamizar la econom\u00eda local.<\/p>\n<p>&nbsp;<\/p>\n<p>&nbsp;<\/p>\n<p>&nbsp;<\/p>\n<p>La dependencia estatal hizo una atenta invitaci\u00f3n a la ciudadan\u00eda sonorense a disfrutar en familia de las diferentes actividades que van desde lo deportivo hasta lo cultural, que los ayuntamientos y organizadores ofrecen en estos pr\u00f3ximos d\u00edas.<\/p>\n<p>&nbsp;<\/p>\n<p>&nbsp;<\/p>\n<p>&nbsp;<\/p>\n<p>El secretario de Econom\u00eda y Turismo de Sonora, Roberto Gradillas Pineda, coment\u00f3 que mes con mes esta se convierte en una gran oportunidad para promover las experiencias y el crecimiento del turismo, que hoy en d\u00eda es un motor econ\u00f3mico de grandes beneficios para las familias de nuestro estado.<\/p>\n<p>&nbsp;<\/p>\n<p>&nbsp;<\/p>\n<p>&nbsp;<\/p>\n<p>\u201cCon el respaldo del gobernador Alfonso Durazo, en Sonora estamos fortaleciendo nuestras ra\u00edces, promoviendo el orgullo por lo que somos y generando oportunidades de desarrollo para nuestras comunidades. Estos eventos no solo enriquecen nuestra cultura, tambi\u00e9n activan la econom\u00eda local y posicionan a Sonora como un destino diverso, aut\u00e9ntico y con gran potencial tur\u00edstico\u201d, expres\u00f3.<\/p>\n<p>&nbsp;<\/p>\n<p>&nbsp;<\/p>\n<p>&nbsp;<\/p>\n<p>La realizaci\u00f3n de estos eventos patronales, culturales y deportivos contribuye al fortalecimiento de la actividad tur\u00edstica, la generaci\u00f3n de empleo y la atracci\u00f3n de visitantes nacionales e internacionales, en beneficio de todas y todos los sonorenses.<\/p>\n<p>&nbsp;<\/p>\n<p>&nbsp;<\/p>\n<p>&nbsp;<\/p>\n<p>A continuaci\u00f3n, algunos de los eventos programados para junio. La programaci\u00f3n completa puede consultarse en visitsonora.mx:<\/p>\n<p>&nbsp;<\/p>\n<p>&nbsp;<\/p>\n<p>&nbsp;<\/p>\n<ul>\n<li>Agua Prieta: Bachicui Festival de las Artes 2025, del 5 al 8 de junio.<\/li>\n<\/ul>\n<p>&nbsp;<\/p>\n<ul>\n<li>Oquitoa: Fiestas Patronales de San Antonio de Padua, del 13 al 15 de junio.<\/li>\n<\/ul>\n<p>&nbsp;<\/p>\n<ul>\n<li>Arizpe: Fiestas Patronales, el 24 de junio.<\/li>\n<\/ul>\n<p>&nbsp;<\/p>\n<ul>\n<li>San Pedro de la Cueva: Fiestas Patronales, del 24 al 29 de junio.<\/li>\n<\/ul>\n<p>&nbsp;<\/p>\n<ul>\n<li>Tubutama: Fiestas Patronales de San Pedro y San Pablo, el 28 y 29 de junio.<\/li>\n<\/ul>\n<p>&nbsp;<\/p>\n<ul>\n<li>Cananea: Feria del Cobre, 84va edici\u00f3n, del 6 al 15 de junio.<\/li>\n<\/ul>\n<p>&nbsp;<\/p>\n<ul>\n<li>Navojoa: Copa Navojoa de B\u00e1squetbol y Feria MayoMusic 2025, del 6 al 15 de junio.<\/li>\n<\/ul>\n<p>&nbsp;<\/p>\n<ul>\n<li>Huatabampo: Proyecto X Huatabampito Girls, el 20 y 21 de junio.<\/li>\n<\/ul>\n<p>&nbsp;<\/p>\n<ul>\n<li>San Carlos: Dorado Derby, el 13 y 14 de junio, y Cruce de Bah\u00eda Algodones 2025, el 22 de junio.<\/li>\n<\/ul>\n<p>&nbsp;<\/p>\n<ul>\n<li>Puerto Pe\u00f1asco: El Cheve Fest del Tapeo, el 21 de junio, y Circus Mexicus de Roger Clyne &amp; The Peacemakers, del 5 al 9 de junio.<\/li>\n<\/ul>\n<p>&nbsp;<\/p>\n<ul>\n<li>Hermosillo: 2do Torneo Nacional de P\u00e1del 2025, del 26 al 29 de junio, y Pedaleada D\u00eda Mundial de la Bicicleta, el 3 de junio.<\/li>\n<\/ul>\n<p>&nbsp;<\/p>\n<ul>\n<li>Ciudad Obreg\u00f3n: La Novicia Rebelde (obra de teatro), del 7 al 15 de junio; El Derecho a la Libertad de Expresi\u00f3n (conferencia), el 6 de junio; Congreso Nacional ITSON, del 4 al 6 de junio; Fiesta de la Laguna, el 15 de junio; y Conservatorio D\u00eda de la Gastronom\u00eda Sostenible, el 18 de junio.<\/li>\n<\/ul>\n<p><strong>Fecha de publicaci\u00f3n mi\u00e9rcoles 28 de mayo de 2025 \/<\/strong><\/p>\n<p>&nbsp;<\/p>\n","protected":false},"excerpt":{"rendered":"<p>HERMOSILLO, SONORA, MX. \u2014 El Gobierno de Sonora, a trav\u00e9s de la Secretar\u00eda de Econom\u00eda&#8230;<\/p>\n","protected":false},"author":1,"featured_media":216523,"comment_status":"open","ping_status":"open","sticky":false,"template":"","format":"standard","meta":{"_monsterinsights_skip_tracking":false,"_monsterinsights_sitenote_active":false,"_monsterinsights_sitenote_note":"","_monsterinsights_sitenote_category":0,"footnotes":""},"categories":[22],"tags":[7188,72,11273],"class_list":["post"],"yoast_head":" \n<title>Sonora en Equipo. Invita Gobierno de Sonora a disfrutar de los eventos del estado en junio Sonora<\/title>\n<meta name=\"description\" content=\"HERMOSILLO, SONORA, MX. \u2014 El Gobierno de Sonora, a trav\u00e9s de la Secretar\u00eda de Econom\u00eda y Turismo (Setur), present\u00f3 la agenda de eventos que se En Sonora en Equipo publicamos toda la informaci\u00f3n de Sonora, M\u00e9xico y el Mundo de manera oportuna y busca que la libertad de expresi\u00f3n sea real. Visita nuestro medio informativo publicado desde Hermosillo, Sonora. %\" \/>\n<meta name=\"robots\" content=\"index, follow, max-snippet:-1, max-image-preview:large, max-video-preview:-1\" \/>\n<link rel=\"canonical\" href=\"https:\/\/www.sonoraenequipo.com.mx\/invita-gobierno-de-sonora-a-disfrutar-de-los-eventos-del-estado-en-junio\/\" \/>\n<meta property=\"og:locale\" content=\"es_ES\" \/>\n<meta property=\"og:type\" content=\"article\" \/>\n<meta property=\"og:title\" content=\"Sonora en Equipo. Invita Gobierno de Sonora a disfrutar de los eventos del estado en junio Sonora\" \/>\n<meta property=\"og:description\" content=\"HERMOSILLO, SONORA, MX. \u2014 El Gobierno de Sonora, a trav\u00e9s de la Secretar\u00eda de Econom\u00eda y Turismo (Setur), present\u00f3 la agenda de eventos que se En Sonora en Equipo publicamos toda la informaci\u00f3n de Sonora, M\u00e9xico y el Mundo de manera oportuna y busca que la libertad de expresi\u00f3n sea real. Visita nuestro medio informativo publicado desde Hermosillo, Sonora. %\" \/>\n<meta property=\"og:url\" content=\"https:\/\/www.sonoraenequipo.com.mx\/invita-gobierno-de-sonora-a-disfrutar-de-los-eventos-del-estado-en-junio\/\" \/>\n<meta property=\"og:site_name\" content=\"Sonora en Equipo.\" \/>\n<meta property=\"article:publisher\" content=\"https:\/\/www.facebook.com\/SonoraEE\/\" \/>\n<meta property=\"article:author\" content=\"https:\/\/www.facebook.com\/SonoraEE\" \/>\n<meta property=\"article:published_time\" content=\"2025-05-29T01:29:05+00:00\" \/>\n<meta property=\"og:image\" content=\"https:\/\/www.sonoraenequipo.com.mx\/storage\/2025\/05\/eventos-junio.jpg\" \/>\n\t<meta property=\"og:image:width\" content=\"600\" \/>\n\t<meta property=\"og:image:height\" content=\"400\" \/>\n\t<meta property=\"og:image:type\" content=\"image\/jpeg\" \/>\n<meta name=\"author\" content=\"enequipo\" \/>\n<meta name=\"twitter:card\" content=\"summary_large_image\" \/>\n<meta name=\"twitter:creator\" content=\"@sonoraenequipo\" \/>\n<meta name=\"twitter:site\" content=\"@sonoraenequipo\" \/>\n<meta name=\"twitter:label1\" content=\"Escrito por\" \/>\n\t<meta name=\"twitter:data1\" content=\"enequipo\" \/>\n\t<meta name=\"twitter:label2\" content=\"Tiempo de lectura\" \/>\n\t<meta name=\"twitter:data2\" content=\"3 minutos\" \/>\n<script type=\"application\/ld+json\" class=\"yoast-schema-graph\">{\"@context\":\"https:\/\/schema.org\",\"@graph\":[{\"@type\":\"Article\",\"@id\":\"https:\/\/www.sonoraenequipo.com.mx\/invita-gobierno-de-sonora-a-disfrutar-de-los-eventos-del-estado-en-junio\/#article\",\"isPartOf\":{\"@id\":\"https:\/\/www.sonoraenequipo.com.mx\/invita-gobierno-de-sonora-a-disfrutar-de-los-eventos-del-estado-en-junio\/\"},\"author\":{\"name\":\"enequipo\",\"@id\":\"https:\/\/www.sonoraenequipo.com.mx\/#\/schema\/person\/50102df0fb23a8fa9e8effad8fa81386\"},\"headline\":\"Invita Gobierno de Sonora a disfrutar de los eventos del estado en junio\",\"datePublished\":\"2025-05-29T01:29:05+00:00\",\"mainEntityOfPage\":{\"@id\":\"https:\/\/www.sonoraenequipo.com.mx\/invita-gobierno-de-sonora-a-disfrutar-de-los-eventos-del-estado-en-junio\/\"},\"wordCount\":521,\"commentCount\":0,\"publisher\":{\"@id\":\"https:\/\/www.sonoraenequipo.com.mx\/#organization\"},\"image\":{\"@id\":\"https:\/\/www.sonoraenequipo.com.mx\/invita-gobierno-de-sonora-a-disfrutar-de-los-eventos-del-estado-en-junio\/#primaryimage\"},\"thumbnailUrl\":\"https:\/\/www.sonoraenequipo.com.mx\/storage\/2025\/05\/eventos-junio.jpg\",\"keywords\":[\"eventos\",\"gobierno de sonora\",\"junio\"],\"articleSection\":[\"Sonora\"],\"inLanguage\":\"es\",\"potentialAction\":[{\"@type\":\"CommentAction\",\"name\":\"Comment\",\"target\":[\"https:\/\/www.sonoraenequipo.com.mx\/invita-gobierno-de-sonora-a-disfrutar-de-los-eventos-del-estado-en-junio\/#respond\"]}]},{\"@type\":\"WebPage\",\"@id\":\"https:\/\/www.sonoraenequipo.com.mx\/invita-gobierno-de-sonora-a-disfrutar-de-los-eventos-del-estado-en-junio\/\",\"url\":\"https:\/\/www.sonoraenequipo.com.mx\/invita-gobierno-de-sonora-a-disfrutar-de-los-eventos-del-estado-en-junio\/\",\"name\":\"Sonora en Equipo. Invita Gobierno de Sonora a disfrutar de los eventos del estado en junio Sonora\",\"isPartOf\":{\"@id\":\"https:\/\/www.sonoraenequipo.com.mx\/#website\"},\"primaryImageOfPage\":{\"@id\":\"https:\/\/www.sonoraenequipo.com.mx\/invita-gobierno-de-sonora-a-disfrutar-de-los-eventos-del-estado-en-junio\/#primaryimage\"},\"image\":{\"@id\":\"https:\/\/www.sonoraenequipo.com.mx\/invita-gobierno-de-sonora-a-disfrutar-de-los-eventos-del-estado-en-junio\/#primaryimage\"},\"thumbnailUrl\":\"https:\/\/www.sonoraenequipo.com.mx\/storage\/2025\/05\/eventos-junio.jpg\",\"datePublished\":\"2025-05-29T01:29:05+00:00\",\"description\":\"HERMOSILLO, SONORA, MX. \u2014 El Gobierno de Sonora, a trav\u00e9s de la Secretar\u00eda de Econom\u00eda y Turismo (Setur), present\u00f3 la agenda de eventos que se En Sonora en Equipo publicamos toda la informaci\u00f3n de Sonora, M\u00e9xico y el Mundo de manera oportuna y busca que la libertad de expresi\u00f3n sea real. Visita nuestro medio informativo publicado desde Hermosillo, Sonora. %\",\"breadcrumb\":{\"@id\":\"https:\/\/www.sonoraenequipo.com.mx\/invita-gobierno-de-sonora-a-disfrutar-de-los-eventos-del-estado-en-junio\/#breadcrumb\"},\"inLanguage\":\"es\",\"potentialAction\":[{\"@type\":\"ReadAction\",\"target\":[\"https:\/\/www.sonoraenequipo.com.mx\/invita-gobierno-de-sonora-a-disfrutar-de-los-eventos-del-estado-en-junio\/\"]}]},{\"@type\":\"ImageObject\",\"inLanguage\":\"es\",\"@id\":\"https:\/\/www.sonoraenequipo.com.mx\/invita-gobierno-de-sonora-a-disfrutar-de-los-eventos-del-estado-en-junio\/#primaryimage\",\"url\":\"https:\/\/www.sonoraenequipo.com.mx\/storage\/2025\/05\/eventos-junio.jpg\",\"contentUrl\":\"https:\/\/www.sonoraenequipo.com.mx\/storage\/2025\/05\/eventos-junio.jpg\",\"width\":600,\"height\":400},{\"@type\":\"BreadcrumbList\",\"@id\":\"https:\/\/www.sonoraenequipo.com.mx\/invita-gobierno-de-sonora-a-disfrutar-de-los-eventos-del-estado-en-junio\/#breadcrumb\",\"itemListElement\":[{\"@type\":\"ListItem\",\"position\":1,\"name\":\"Portada\",\"item\":\"https:\/\/www.sonoraenequipo.com.mx\/\"},{\"@type\":\"ListItem\",\"position\":2,\"name\":\"Invita Gobierno de Sonora a disfrutar de los eventos del estado en junio\"}]},{\"@type\":\"WebSite\",\"@id\":\"https:\/\/www.sonoraenequipo.com.mx\/#website\",\"url\":\"https:\/\/www.sonoraenequipo.com.mx\/\",\"name\":\"Sonora en Equipo.\",\"description\":\"Diario en l\u00ednea con Noticias desde Hermosillo, Sonora\",\"publisher\":{\"@id\":\"https:\/\/www.sonoraenequipo.com.mx\/#organization\"},\"potentialAction\":[{\"@type\":\"SearchAction\",\"target\":{\"@type\":\"EntryPoint\",\"urlTemplate\":\"https:\/\/www.sonoraenequipo.com.mx\/?s={search_term_string}\"},\"query-input\":{\"@type\":\"PropertyValueSpecification\",\"valueRequired\":true,\"valueName\":\"search_term_string\"}}],\"inLanguage\":\"es\"},{\"@type\":\"Organization\",\"@id\":\"https:\/\/www.sonoraenequipo.com.mx\/#organization\",\"name\":\"Sonoraenequipo.com.mx\",\"url\":\"https:\/\/www.sonoraenequipo.com.mx\/\",\"logo\":{\"@type\":\"ImageObject\",\"inLanguage\":\"es\",\"@id\":\"https:\/\/www.sonoraenequipo.com.mx\/#\/schema\/logo\/image\/\",\"url\":\"https:\/\/www.sonoraenequipo.com.mx\/storage\/2019\/01\/sonoraenequipo_opt.png\",\"contentUrl\":\"https:\/\/www.sonoraenequipo.com.mx\/storage\/2019\/01\/sonoraenequipo_opt.png\",\"width\":375,\"height\":125,\"caption\":\"Sonoraenequipo.com.mx\"},\"image\":{\"@id\":\"https:\/\/www.sonoraenequipo.com.mx\/#\/schema\/logo\/image\/\"},\"sameAs\":[\"https:\/\/www.facebook.com\/SonoraEE\/\",\"https:\/\/x.com\/sonoraenequipo\",\"https:\/\/www.youtube.com\/channel\/UC338nW-lPEYmJQs4ZABQ1SQ\"]},{\"@type\":\"Person\",\"@id\":\"https:\/\/www.sonoraenequipo.com.mx\/#\/schema\/person\/50102df0fb23a8fa9e8effad8fa81386\",\"name\":\"enequipo\",\"image\":{\"@type\":\"ImageObject\",\"inLanguage\":\"es\",\"@id\":\"https:\/\/www.sonoraenequipo.com.mx\/#\/schema\/person\/image\/\",\"url\":\"https:\/\/secure.gravatar.com\/avatar\/049821681b589dabc0bc20695993ccebb09f5b5d4d790cd9251b97faac7c652b?s=96&d=blank&r=g\",\"contentUrl\":\"https:\/\/secure.gravatar.com\/avatar\/049821681b589dabc0bc20695993ccebb09f5b5d4d790cd9251b97faac7c652b?s=96&d=blank&r=g\",\"caption\":\"enequipo\"},\"sameAs\":[\"https:\/\/www.facebook.com\/SonoraEE\"]}]}<\/script>\n ","yoast_head_json":{"title":"Sonora en Equipo. Invita Gobierno de Sonora a disfrutar de los eventos del estado en junio Sonora","description":"HERMOSILLO, SONORA, MX. \u2014 El Gobierno de Sonora, a trav\u00e9s de la Secretar\u00eda de Econom\u00eda y Turismo (Setur), present\u00f3 la agenda de eventos que se En Sonora en Equipo publicamos toda la informaci\u00f3n de Sonora, M\u00e9xico y el Mundo de manera oportuna y busca que la libertad de expresi\u00f3n sea real. Visita nuestro medio informativo publicado desde Hermosillo, Sonora. %","robots":{"index":"index","follow":"follow","max-snippet":"max-snippet:-1","max-image-preview":"max-image-preview:large","max-video-preview":"max-video-preview:-1"},"canonical":"https:\/\/www.sonoraenequipo.com.mx\/invita-gobierno-de-sonora-a-disfrutar-de-los-eventos-del-estado-en-junio\/","og_locale":"es_ES","og_type":"article","og_title":"Sonora en Equipo. Invita Gobierno de Sonora a disfrutar de los eventos del estado en junio Sonora","og_description":"HERMOSILLO, SONORA, MX. \u2014 El Gobierno de Sonora, a trav\u00e9s de la Secretar\u00eda de Econom\u00eda y Turismo (Setur), present\u00f3 la agenda de eventos que se En Sonora en Equipo publicamos toda la informaci\u00f3n de Sonora, M\u00e9xico y el Mundo de manera oportuna y busca que la libertad de expresi\u00f3n sea real. Visita nuestro medio informativo publicado desde Hermosillo, Sonora. %","og_url":"https:\/\/www.sonoraenequipo.com.mx\/invita-gobierno-de-sonora-a-disfrutar-de-los-eventos-del-estado-en-junio\/","og_site_name":"Sonora en Equipo.","article_publisher":"https:\/\/www.facebook.com\/SonoraEE\/","article_author":"https:\/\/www.facebook.com\/SonoraEE","article_published_time":"2025-05-29T01:29:05+00:00","og_image":[{"width":600,"height":400,"url":"https:\/\/www.sonoraenequipo.com.mx\/storage\/2025\/05\/eventos-junio.jpg","type":"image\/jpeg"}],"author":"enequipo","twitter_card":"summary_large_image","twitter_creator":"@sonoraenequipo","twitter_site":"@sonoraenequipo","twitter_misc":{"Escrito por":"enequipo","Tiempo de lectura":"3 minutos"},"schema":{"@context":"https:\/\/schema.org","@graph":[{"@type":"Article","@id":"https:\/\/www.sonoraenequipo.com.mx\/invita-gobierno-de-sonora-a-disfrutar-de-los-eventos-del-estado-en-junio\/#article","isPartOf":{"@id":"https:\/\/www.sonoraenequipo.com.mx\/invita-gobierno-de-sonora-a-disfrutar-de-los-eventos-del-estado-en-junio\/"},"author":{"name":"enequipo","@id":"https:\/\/www.sonoraenequipo.com.mx\/#\/schema\/person\/50102df0fb23a8fa9e8effad8fa81386"},"headline":"Invita Gobierno de Sonora a disfrutar de los eventos del estado en junio","datePublished":"2025-05-29T01:29:05+00:00","mainEntityOfPage":{"@id":"https:\/\/www.sonoraenequipo.com.mx\/invita-gobierno-de-sonora-a-disfrutar-de-los-eventos-del-estado-en-junio\/"},"wordCount":521,"commentCount":0,"publisher":{"@id":"https:\/\/www.sonoraenequipo.com.mx\/#organization"},"image":{"@id":"https:\/\/www.sonoraenequipo.com.mx\/invita-gobierno-de-sonora-a-disfrutar-de-los-eventos-del-estado-en-junio\/#primaryimage"},"thumbnailUrl":"https:\/\/www.sonoraenequipo.com.mx\/storage\/2025\/05\/eventos-junio.jpg","keywords":["eventos","gobierno de sonora","junio"],"articleSection":["Sonora"],"inLanguage":"es","potentialAction":[{"@type":"CommentAction","name":"Comment","target":["https:\/\/www.sonoraenequipo.com.mx\/invita-gobierno-de-sonora-a-disfrutar-de-los-eventos-del-estado-en-junio\/#respond"]}]},{"@type":"WebPage","@id":"https:\/\/www.sonoraenequipo.com.mx\/invita-gobierno-de-sonora-a-disfrutar-de-los-eventos-del-estado-en-junio\/","url":"https:\/\/www.sonoraenequipo.com.mx\/invita-gobierno-de-sonora-a-disfrutar-de-los-eventos-del-estado-en-junio\/","name":"Sonora en Equipo. Invita Gobierno de Sonora a disfrutar de los eventos del estado en junio Sonora","isPartOf":{"@id":"https:\/\/www.sonoraenequipo.com.mx\/#website"},"primaryImageOfPage":{"@id":"https:\/\/www.sonoraenequipo.com.mx\/invita-gobierno-de-sonora-a-disfrutar-de-los-eventos-del-estado-en-junio\/#primaryimage"},"image":{"@id":"https:\/\/www.sonoraenequipo.com.mx\/invita-gobierno-de-sonora-a-disfrutar-de-los-eventos-del-estado-en-junio\/#primaryimage"},"thumbnailUrl":"https:\/\/www.sonoraenequipo.com.mx\/storage\/2025\/05\/eventos-junio.jpg","datePublished":"2025-05-29T01:29:05+00:00","description":"HERMOSILLO, SONORA, MX. \u2014 El Gobierno de Sonora, a trav\u00e9s de la Secretar\u00eda de Econom\u00eda y Turismo (Setur), present\u00f3 la agenda de eventos que se En Sonora en Equipo publicamos toda la informaci\u00f3n de Sonora, M\u00e9xico y el Mundo de manera oportuna y busca que la libertad de expresi\u00f3n sea real. Visita nuestro medio informativo publicado desde Hermosillo, Sonora. %","breadcrumb":{"@id":"https:\/\/www.sonoraenequipo.com.mx\/invita-gobierno-de-sonora-a-disfrutar-de-los-eventos-del-estado-en-junio\/#breadcrumb"},"inLanguage":"es","potentialAction":[{"@type":"ReadAction","target":["https:\/\/www.sonoraenequipo.com.mx\/invita-gobierno-de-sonora-a-disfrutar-de-los-eventos-del-estado-en-junio\/"]}]},{"@type":"ImageObject","inLanguage":"es","@id":"https:\/\/www.sonoraenequipo.com.mx\/invita-gobierno-de-sonora-a-disfrutar-de-los-eventos-del-estado-en-junio\/#primaryimage","url":"https:\/\/www.sonoraenequipo.com.mx\/storage\/2025\/05\/eventos-junio.jpg","contentUrl":"https:\/\/www.sonoraenequipo.com.mx\/storage\/2025\/05\/eventos-junio.jpg","width":600,"height":400},{"@type":"BreadcrumbList","@id":"https:\/\/www.sonoraenequipo.com.mx\/invita-gobierno-de-sonora-a-disfrutar-de-los-eventos-del-estado-en-junio\/#breadcrumb","itemListElement":[{"@type":"ListItem","position":1,"name":"Portada","item":"https:\/\/www.sonoraenequipo.com.mx\/"},{"@type":"ListItem","position":2,"name":"Invita Gobierno de Sonora a disfrutar de los eventos del estado en junio"}]},{"@type":"WebSite","@id":"https:\/\/www.sonoraenequipo.com.mx\/#website","url":"https:\/\/www.sonoraenequipo.com.mx\/","name":"Sonora en Equipo.","description":"Diario en l\u00ednea con Noticias desde Hermosillo, Sonora","publisher":{"@id":"https:\/\/www.sonoraenequipo.com.mx\/#organization"},"potentialAction":[{"@type":"SearchAction","target":{"@type":"EntryPoint","urlTemplate":"https:\/\/www.sonoraenequipo.com.mx\/?s={search_term_string}"},"query-input":{"@type":"PropertyValueSpecification","valueRequired":true,"valueName":"search_term_string"}}],"inLanguage":"es"},{"@type":"Organization","@id":"https:\/\/www.sonoraenequipo.com.mx\/#organization","name":"Sonoraenequipo.com.mx","url":"https:\/\/www.sonoraenequipo.com.mx\/","logo":{"@type":"ImageObject","inLanguage":"es","@id":"https:\/\/www.sonoraenequipo.com.mx\/#\/schema\/logo\/image\/","url":"https:\/\/www.sonoraenequipo.com.mx\/storage\/2019\/01\/sonoraenequipo_opt.png","contentUrl":"https:\/\/www.sonoraenequipo.com.mx\/storage\/2019\/01\/sonoraenequipo_opt.png","width":375,"height":125,"caption":"Sonoraenequipo.com.mx"},"image":{"@id":"https:\/\/www.sonoraenequipo.com.mx\/#\/schema\/logo\/image\/"},"sameAs":["https:\/\/www.facebook.com\/SonoraEE\/","https:\/\/x.com\/sonoraenequipo","https:\/\/www.youtube.com\/channel\/UC338nW-lPEYmJQs4ZABQ1SQ"]},{"@type":"Person","@id":"https:\/\/www.sonoraenequipo.com.mx\/#\/schema\/person\/50102df0fb23a8fa9e8effad8fa81386","name":"enequipo","image":{"@type":"ImageObject","inLanguage":"es","@id":"https:\/\/www.sonoraenequipo.com.mx\/#\/schema\/person\/image\/","url":"https:\/\/secure.gravatar.com\/avatar\/049821681b589dabc0bc20695993ccebb09f5b5d4d790cd9251b97faac7c652b?s=96&d=blank&r=g","contentUrl":"https:\/\/secure.gravatar.com\/avatar\/049821681b589dabc0bc20695993ccebb09f5b5d4d790cd9251b97faac7c652b?s=96&d=blank&r=g","caption":"enequipo"},"sameAs":["https:\/\/www.facebook.com\/SonoraEE"]}]}},"jetpack_featured_media_url":"https:\/\/www.sonoraenequipo.com.mx\/storage\/2025\/05\/eventos-junio.jpg","_links":{"self":[{"href":"https:\/\/www.sonoraenequipo.com.mx\/api\/wp\/v2\/posts\/216522","targetHints":{"allow":["GET"]}}],"collection":[{"href":"https:\/\/www.sonoraenequipo.com.mx\/api\/wp\/v2\/posts"}],"about":[{"href":"https:\/\/www.sonoraenequipo.com.mx\/api\/wp\/v2\/types\/post"}],"author":[{"embeddable":true,"href":"https:\/\/www.sonoraenequipo.com.mx\/api\/wp\/v2\/users\/1"}],"replies":[{"embeddable":true,"href":"https:\/\/www.sonoraenequipo.com.mx\/api\/wp\/v2\/comments?post=216522"}],"version-history":[{"count":1,"href":"https:\/\/www.sonoraenequipo.com.mx\/api\/wp\/v2\/posts\/216522\/revisions"}],"predecessor-version":[{"id":216524,"href":"https:\/\/www.sonoraenequipo.com.mx\/api\/wp\/v2\/posts\/216522\/revisions\/216524"}],"wp:featuredmedia":[{"embeddable":true,"href":"https:\/\/www.sonoraenequipo.com.mx\/api\/wp\/v2\/media\/216523"}],"wp:attachment":[{"href":"https:\/\/www.sonoraenequipo.com.mx\/api\/wp\/v2\/media?parent=216522"}],"wp:term":[{"taxonomy":"category","embeddable":true,"href":"https:\/\/www.sonoraenequipo.com.mx\/api\/wp\/v2\/categories?post=216522"},{"taxonomy":"post_tag","embeddable":true,"href":"https:\/\/www.sonoraenequipo.com.mx\/api\/wp\/v2\/tags?post=216522"}],"curies":[{"name":"wp","href":"https:\/\/api.w.org\/{rel}","templated":true}]}}