{"id":216529,"date":"2025-05-28T21:52:48","date_gmt":"2025-05-29T04:52:48","guid":{"rendered":"https:\/\/www.sonoraenequipo.com.mx\/?p=216529"},"modified":"2025-05-28T19:07:09","modified_gmt":"2025-05-29T02:07:09","slug":"capacita-gobson-a-docentes-para-fortalecer-la-inclusion-y-la-atencion-a-la-diversidad","status":"publish","type":"post","link":"https:\/\/www.sonoraenequipo.com.mx\/capacita-gobson-a-docentes-para-fortalecer-la-inclusion-y-la-atencion-a-la-diversidad\/","title":{"rendered":"Capacita GobSon a docentes para fortalecer la inclusi\u00f3n y la atenci\u00f3n a la diversidad"},"content":{"rendered":"<p><b>HERMOSILLO, SONORA. MX. \u2014 <\/b>Docentes de educaci\u00f3n b\u00e1sica participaron en el taller Innovaci\u00f3n en estrategias de ense\u00f1anza para maestros de educaci\u00f3n preescolar y primaria, como parte de los esfuerzos del Gobierno de Sonora para consolidar la profesionalizaci\u00f3n del magisterio estatal.<\/p>\n<p>&nbsp;<\/p>\n<p>&nbsp;<\/p>\n<p>&nbsp;<\/p>\n<p> <\/p>\n<p>A trav\u00e9s de la Secretar\u00eda de Educaci\u00f3n y Cultura (SEC), se brindaron herramientas y estrategias innovadoras para mejorar los procesos de ense\u00f1anza y aprendizaje en el aula, con un enfoque en la inclusi\u00f3n y la atenci\u00f3n a la diversidad, en beneficio del alumnado.<\/p>\n<p>&nbsp;<\/p>\n<p>&nbsp;<\/p>\n<p>&nbsp;<\/p>\n<p>La dependencia educativa estatal inform\u00f3 que, en colaboraci\u00f3n con diversas instituciones, se han reforzado estrategias para consolidar la excelencia del sistema educativo, mediante enfoques creativos y efectivos que promuevan un aprendizaje m\u00e1s significativo y personalizado para cada estudiante.<\/p>\n<p>&nbsp;<\/p>\n<p>&nbsp;<\/p>\n<p>Durante la jornada de capacitaci\u00f3n, se analizaron metodolog\u00edas espec\u00edficas para la ense\u00f1anza de habilidades sociales y emocionales a estudiantes que enfrentan barreras para el aprendizaje.<\/p>\n<p>&nbsp;<\/p>\n<p>&nbsp;<\/p>\n<p>Asimismo, las y los participantes abordaron y resolvieron casos pr\u00e1cticos comunes en el aula, fortaleciendo aspectos como la empat\u00eda y la comunicaci\u00f3n efectiva, adem\u00e1s de explorar herramientas y recursos tecnol\u00f3gicos para mejorar la ense\u00f1anza y el aprendizaje.<\/p>\n<p>&nbsp;<\/p>\n<p>&nbsp;<\/p>\n<p>&nbsp;<\/p>\n<p>PUBLICADO EL 28 DE MAYO DE 2025 Con informaci\u00f3n de GOBSON 0525\/229)<\/p>\n","protected":false},"excerpt":{"rendered":"<p>HERMOSILLO, SONORA. MX. \u2014 Docentes de educaci\u00f3n b\u00e1sica participaron en el taller Innovaci\u00f3n en estrategias&#8230;<\/p>\n","protected":false},"author":1,"featured_media":216534,"comment_status":"open","ping_status":"open","sticky":false,"template":"","format":"standard","meta":{"_monsterinsights_skip_tracking":false,"_monsterinsights_sitenote_active":false,"_monsterinsights_sitenote_note":"","_monsterinsights_sitenote_category":0,"footnotes":""},"categories":[22],"tags":[],"class_list":["post"],"yoast_head":" \n<title>Sonora en Equipo. Capacita GobSon a docentes para fortalecer la inclusi\u00f3n y la atenci\u00f3n a la diversidad Sonora<\/title>\n<meta name=\"description\" content=\"HERMOSILLO, SONORA. MX. \u2014 Docentes de educaci\u00f3n b\u00e1sica participaron en el taller Innovaci\u00f3n en estrategias de ense\u00f1anza para maestros de educaci\u00f3n En Sonora en Equipo publicamos toda la informaci\u00f3n de Sonora, M\u00e9xico y el Mundo de manera oportuna y busca que la libertad de expresi\u00f3n sea real. Visita nuestro medio informativo publicado desde Hermosillo, Sonora. %\" \/>\n<meta name=\"robots\" content=\"index, follow, max-snippet:-1, max-image-preview:large, max-video-preview:-1\" \/>\n<link rel=\"canonical\" href=\"https:\/\/www.sonoraenequipo.com.mx\/capacita-gobson-a-docentes-para-fortalecer-la-inclusion-y-la-atencion-a-la-diversidad\/\" \/>\n<meta property=\"og:locale\" content=\"es_ES\" \/>\n<meta property=\"og:type\" content=\"article\" \/>\n<meta property=\"og:title\" content=\"Sonora en Equipo. Capacita GobSon a docentes para fortalecer la inclusi\u00f3n y la atenci\u00f3n a la diversidad Sonora\" \/>\n<meta property=\"og:description\" content=\"HERMOSILLO, SONORA. MX. \u2014 Docentes de educaci\u00f3n b\u00e1sica participaron en el taller Innovaci\u00f3n en estrategias de ense\u00f1anza para maestros de educaci\u00f3n En Sonora en Equipo publicamos toda la informaci\u00f3n de Sonora, M\u00e9xico y el Mundo de manera oportuna y busca que la libertad de expresi\u00f3n sea real. Visita nuestro medio informativo publicado desde Hermosillo, Sonora. %\" \/>\n<meta property=\"og:url\" content=\"https:\/\/www.sonoraenequipo.com.mx\/capacita-gobson-a-docentes-para-fortalecer-la-inclusion-y-la-atencion-a-la-diversidad\/\" \/>\n<meta property=\"og:site_name\" content=\"Sonora en Equipo.\" \/>\n<meta property=\"article:publisher\" content=\"https:\/\/www.facebook.com\/SonoraEE\/\" \/>\n<meta property=\"article:author\" content=\"https:\/\/www.facebook.com\/SonoraEE\" \/>\n<meta property=\"article:published_time\" content=\"2025-05-29T04:52:48+00:00\" \/>\n<meta property=\"og:image\" content=\"https:\/\/www.sonoraenequipo.com.mx\/storage\/2025\/05\/inclusion-y-atencion-a-la-diversidad-min.jpg\" \/>\n\t<meta property=\"og:image:width\" content=\"1190\" \/>\n\t<meta property=\"og:image:height\" content=\"640\" \/>\n\t<meta property=\"og:image:type\" content=\"image\/jpeg\" \/>\n<meta name=\"author\" content=\"enequipo\" \/>\n<meta name=\"twitter:card\" content=\"summary_large_image\" \/>\n<meta name=\"twitter:creator\" content=\"@sonoraenequipo\" \/>\n<meta name=\"twitter:site\" content=\"@sonoraenequipo\" \/>\n<meta name=\"twitter:label1\" content=\"Escrito por\" \/>\n\t<meta name=\"twitter:data1\" content=\"enequipo\" \/>\n\t<meta name=\"twitter:label2\" content=\"Tiempo de lectura\" \/>\n\t<meta name=\"twitter:data2\" content=\"1 minuto\" \/>\n<script type=\"application\/ld+json\" class=\"yoast-schema-graph\">{\"@context\":\"https:\/\/schema.org\",\"@graph\":[{\"@type\":\"Article\",\"@id\":\"https:\/\/www.sonoraenequipo.com.mx\/capacita-gobson-a-docentes-para-fortalecer-la-inclusion-y-la-atencion-a-la-diversidad\/#article\",\"isPartOf\":{\"@id\":\"https:\/\/www.sonoraenequipo.com.mx\/capacita-gobson-a-docentes-para-fortalecer-la-inclusion-y-la-atencion-a-la-diversidad\/\"},\"author\":{\"name\":\"enequipo\",\"@id\":\"https:\/\/www.sonoraenequipo.com.mx\/#\/schema\/person\/50102df0fb23a8fa9e8effad8fa81386\"},\"headline\":\"Capacita GobSon a docentes para fortalecer la inclusi\u00f3n y la atenci\u00f3n a la diversidad\",\"datePublished\":\"2025-05-29T04:52:48+00:00\",\"mainEntityOfPage\":{\"@id\":\"https:\/\/www.sonoraenequipo.com.mx\/capacita-gobson-a-docentes-para-fortalecer-la-inclusion-y-la-atencion-a-la-diversidad\/\"},\"wordCount\":245,\"commentCount\":0,\"publisher\":{\"@id\":\"https:\/\/www.sonoraenequipo.com.mx\/#organization\"},\"image\":{\"@id\":\"https:\/\/www.sonoraenequipo.com.mx\/capacita-gobson-a-docentes-para-fortalecer-la-inclusion-y-la-atencion-a-la-diversidad\/#primaryimage\"},\"thumbnailUrl\":\"https:\/\/www.sonoraenequipo.com.mx\/storage\/2025\/05\/inclusion-y-atencion-a-la-diversidad-min.jpg\",\"articleSection\":[\"Sonora\"],\"inLanguage\":\"es\",\"potentialAction\":[{\"@type\":\"CommentAction\",\"name\":\"Comment\",\"target\":[\"https:\/\/www.sonoraenequipo.com.mx\/capacita-gobson-a-docentes-para-fortalecer-la-inclusion-y-la-atencion-a-la-diversidad\/#respond\"]}]},{\"@type\":\"WebPage\",\"@id\":\"https:\/\/www.sonoraenequipo.com.mx\/capacita-gobson-a-docentes-para-fortalecer-la-inclusion-y-la-atencion-a-la-diversidad\/\",\"url\":\"https:\/\/www.sonoraenequipo.com.mx\/capacita-gobson-a-docentes-para-fortalecer-la-inclusion-y-la-atencion-a-la-diversidad\/\",\"name\":\"Sonora en Equipo. Capacita GobSon a docentes para fortalecer la inclusi\u00f3n y la atenci\u00f3n a la diversidad Sonora\",\"isPartOf\":{\"@id\":\"https:\/\/www.sonoraenequipo.com.mx\/#website\"},\"primaryImageOfPage\":{\"@id\":\"https:\/\/www.sonoraenequipo.com.mx\/capacita-gobson-a-docentes-para-fortalecer-la-inclusion-y-la-atencion-a-la-diversidad\/#primaryimage\"},\"image\":{\"@id\":\"https:\/\/www.sonoraenequipo.com.mx\/capacita-gobson-a-docentes-para-fortalecer-la-inclusion-y-la-atencion-a-la-diversidad\/#primaryimage\"},\"thumbnailUrl\":\"https:\/\/www.sonoraenequipo.com.mx\/storage\/2025\/05\/inclusion-y-atencion-a-la-diversidad-min.jpg\",\"datePublished\":\"2025-05-29T04:52:48+00:00\",\"description\":\"HERMOSILLO, SONORA. MX. \u2014 Docentes de educaci\u00f3n b\u00e1sica participaron en el taller Innovaci\u00f3n en estrategias de ense\u00f1anza para maestros de educaci\u00f3n En Sonora en Equipo publicamos toda la informaci\u00f3n de Sonora, M\u00e9xico y el Mundo de manera oportuna y busca que la libertad de expresi\u00f3n sea real. Visita nuestro medio informativo publicado desde Hermosillo, Sonora. %\",\"breadcrumb\":{\"@id\":\"https:\/\/www.sonoraenequipo.com.mx\/capacita-gobson-a-docentes-para-fortalecer-la-inclusion-y-la-atencion-a-la-diversidad\/#breadcrumb\"},\"inLanguage\":\"es\",\"potentialAction\":[{\"@type\":\"ReadAction\",\"target\":[\"https:\/\/www.sonoraenequipo.com.mx\/capacita-gobson-a-docentes-para-fortalecer-la-inclusion-y-la-atencion-a-la-diversidad\/\"]}]},{\"@type\":\"ImageObject\",\"inLanguage\":\"es\",\"@id\":\"https:\/\/www.sonoraenequipo.com.mx\/capacita-gobson-a-docentes-para-fortalecer-la-inclusion-y-la-atencion-a-la-diversidad\/#primaryimage\",\"url\":\"https:\/\/www.sonoraenequipo.com.mx\/storage\/2025\/05\/inclusion-y-atencion-a-la-diversidad-min.jpg\",\"contentUrl\":\"https:\/\/www.sonoraenequipo.com.mx\/storage\/2025\/05\/inclusion-y-atencion-a-la-diversidad-min.jpg\",\"width\":1190,\"height\":640},{\"@type\":\"BreadcrumbList\",\"@id\":\"https:\/\/www.sonoraenequipo.com.mx\/capacita-gobson-a-docentes-para-fortalecer-la-inclusion-y-la-atencion-a-la-diversidad\/#breadcrumb\",\"itemListElement\":[{\"@type\":\"ListItem\",\"position\":1,\"name\":\"Portada\",\"item\":\"https:\/\/www.sonoraenequipo.com.mx\/\"},{\"@type\":\"ListItem\",\"position\":2,\"name\":\"Capacita GobSon a docentes para fortalecer la inclusi\u00f3n y la atenci\u00f3n a la diversidad\"}]},{\"@type\":\"WebSite\",\"@id\":\"https:\/\/www.sonoraenequipo.com.mx\/#website\",\"url\":\"https:\/\/www.sonoraenequipo.com.mx\/\",\"name\":\"Sonora en Equipo.\",\"description\":\"Diario en l\u00ednea con Noticias desde Hermosillo, Sonora\",\"publisher\":{\"@id\":\"https:\/\/www.sonoraenequipo.com.mx\/#organization\"},\"potentialAction\":[{\"@type\":\"SearchAction\",\"target\":{\"@type\":\"EntryPoint\",\"urlTemplate\":\"https:\/\/www.sonoraenequipo.com.mx\/?s={search_term_string}\"},\"query-input\":{\"@type\":\"PropertyValueSpecification\",\"valueRequired\":true,\"valueName\":\"search_term_string\"}}],\"inLanguage\":\"es\"},{\"@type\":\"Organization\",\"@id\":\"https:\/\/www.sonoraenequipo.com.mx\/#organization\",\"name\":\"Sonoraenequipo.com.mx\",\"url\":\"https:\/\/www.sonoraenequipo.com.mx\/\",\"logo\":{\"@type\":\"ImageObject\",\"inLanguage\":\"es\",\"@id\":\"https:\/\/www.sonoraenequipo.com.mx\/#\/schema\/logo\/image\/\",\"url\":\"https:\/\/www.sonoraenequipo.com.mx\/storage\/2019\/01\/sonoraenequipo_opt.png\",\"contentUrl\":\"https:\/\/www.sonoraenequipo.com.mx\/storage\/2019\/01\/sonoraenequipo_opt.png\",\"width\":375,\"height\":125,\"caption\":\"Sonoraenequipo.com.mx\"},\"image\":{\"@id\":\"https:\/\/www.sonoraenequipo.com.mx\/#\/schema\/logo\/image\/\"},\"sameAs\":[\"https:\/\/www.facebook.com\/SonoraEE\/\",\"https:\/\/x.com\/sonoraenequipo\",\"https:\/\/www.youtube.com\/channel\/UC338nW-lPEYmJQs4ZABQ1SQ\"]},{\"@type\":\"Person\",\"@id\":\"https:\/\/www.sonoraenequipo.com.mx\/#\/schema\/person\/50102df0fb23a8fa9e8effad8fa81386\",\"name\":\"enequipo\",\"image\":{\"@type\":\"ImageObject\",\"inLanguage\":\"es\",\"@id\":\"https:\/\/www.sonoraenequipo.com.mx\/#\/schema\/person\/image\/\",\"url\":\"https:\/\/secure.gravatar.com\/avatar\/049821681b589dabc0bc20695993ccebb09f5b5d4d790cd9251b97faac7c652b?s=96&d=blank&r=g\",\"contentUrl\":\"https:\/\/secure.gravatar.com\/avatar\/049821681b589dabc0bc20695993ccebb09f5b5d4d790cd9251b97faac7c652b?s=96&d=blank&r=g\",\"caption\":\"enequipo\"},\"sameAs\":[\"https:\/\/www.facebook.com\/SonoraEE\"]}]}<\/script>\n ","yoast_head_json":{"title":"Sonora en Equipo. Capacita GobSon a docentes para fortalecer la inclusi\u00f3n y la atenci\u00f3n a la diversidad Sonora","description":"HERMOSILLO, SONORA. MX. \u2014 Docentes de educaci\u00f3n b\u00e1sica participaron en el taller Innovaci\u00f3n en estrategias de ense\u00f1anza para maestros de educaci\u00f3n En Sonora en Equipo publicamos toda la informaci\u00f3n de Sonora, M\u00e9xico y el Mundo de manera oportuna y busca que la libertad de expresi\u00f3n sea real. Visita nuestro medio informativo publicado desde Hermosillo, Sonora. %","robots":{"index":"index","follow":"follow","max-snippet":"max-snippet:-1","max-image-preview":"max-image-preview:large","max-video-preview":"max-video-preview:-1"},"canonical":"https:\/\/www.sonoraenequipo.com.mx\/capacita-gobson-a-docentes-para-fortalecer-la-inclusion-y-la-atencion-a-la-diversidad\/","og_locale":"es_ES","og_type":"article","og_title":"Sonora en Equipo. Capacita GobSon a docentes para fortalecer la inclusi\u00f3n y la atenci\u00f3n a la diversidad Sonora","og_description":"HERMOSILLO, SONORA. MX. \u2014 Docentes de educaci\u00f3n b\u00e1sica participaron en el taller Innovaci\u00f3n en estrategias de ense\u00f1anza para maestros de educaci\u00f3n En Sonora en Equipo publicamos toda la informaci\u00f3n de Sonora, M\u00e9xico y el Mundo de manera oportuna y busca que la libertad de expresi\u00f3n sea real. Visita nuestro medio informativo publicado desde Hermosillo, Sonora. %","og_url":"https:\/\/www.sonoraenequipo.com.mx\/capacita-gobson-a-docentes-para-fortalecer-la-inclusion-y-la-atencion-a-la-diversidad\/","og_site_name":"Sonora en Equipo.","article_publisher":"https:\/\/www.facebook.com\/SonoraEE\/","article_author":"https:\/\/www.facebook.com\/SonoraEE","article_published_time":"2025-05-29T04:52:48+00:00","og_image":[{"width":1190,"height":640,"url":"https:\/\/www.sonoraenequipo.com.mx\/storage\/2025\/05\/inclusion-y-atencion-a-la-diversidad-min.jpg","type":"image\/jpeg"}],"author":"enequipo","twitter_card":"summary_large_image","twitter_creator":"@sonoraenequipo","twitter_site":"@sonoraenequipo","twitter_misc":{"Escrito por":"enequipo","Tiempo de lectura":"1 minuto"},"schema":{"@context":"https:\/\/schema.org","@graph":[{"@type":"Article","@id":"https:\/\/www.sonoraenequipo.com.mx\/capacita-gobson-a-docentes-para-fortalecer-la-inclusion-y-la-atencion-a-la-diversidad\/#article","isPartOf":{"@id":"https:\/\/www.sonoraenequipo.com.mx\/capacita-gobson-a-docentes-para-fortalecer-la-inclusion-y-la-atencion-a-la-diversidad\/"},"author":{"name":"enequipo","@id":"https:\/\/www.sonoraenequipo.com.mx\/#\/schema\/person\/50102df0fb23a8fa9e8effad8fa81386"},"headline":"Capacita GobSon a docentes para fortalecer la inclusi\u00f3n y la atenci\u00f3n a la diversidad","datePublished":"2025-05-29T04:52:48+00:00","mainEntityOfPage":{"@id":"https:\/\/www.sonoraenequipo.com.mx\/capacita-gobson-a-docentes-para-fortalecer-la-inclusion-y-la-atencion-a-la-diversidad\/"},"wordCount":245,"commentCount":0,"publisher":{"@id":"https:\/\/www.sonoraenequipo.com.mx\/#organization"},"image":{"@id":"https:\/\/www.sonoraenequipo.com.mx\/capacita-gobson-a-docentes-para-fortalecer-la-inclusion-y-la-atencion-a-la-diversidad\/#primaryimage"},"thumbnailUrl":"https:\/\/www.sonoraenequipo.com.mx\/storage\/2025\/05\/inclusion-y-atencion-a-la-diversidad-min.jpg","articleSection":["Sonora"],"inLanguage":"es","potentialAction":[{"@type":"CommentAction","name":"Comment","target":["https:\/\/www.sonoraenequipo.com.mx\/capacita-gobson-a-docentes-para-fortalecer-la-inclusion-y-la-atencion-a-la-diversidad\/#respond"]}]},{"@type":"WebPage","@id":"https:\/\/www.sonoraenequipo.com.mx\/capacita-gobson-a-docentes-para-fortalecer-la-inclusion-y-la-atencion-a-la-diversidad\/","url":"https:\/\/www.sonoraenequipo.com.mx\/capacita-gobson-a-docentes-para-fortalecer-la-inclusion-y-la-atencion-a-la-diversidad\/","name":"Sonora en Equipo. Capacita GobSon a docentes para fortalecer la inclusi\u00f3n y la atenci\u00f3n a la diversidad Sonora","isPartOf":{"@id":"https:\/\/www.sonoraenequipo.com.mx\/#website"},"primaryImageOfPage":{"@id":"https:\/\/www.sonoraenequipo.com.mx\/capacita-gobson-a-docentes-para-fortalecer-la-inclusion-y-la-atencion-a-la-diversidad\/#primaryimage"},"image":{"@id":"https:\/\/www.sonoraenequipo.com.mx\/capacita-gobson-a-docentes-para-fortalecer-la-inclusion-y-la-atencion-a-la-diversidad\/#primaryimage"},"thumbnailUrl":"https:\/\/www.sonoraenequipo.com.mx\/storage\/2025\/05\/inclusion-y-atencion-a-la-diversidad-min.jpg","datePublished":"2025-05-29T04:52:48+00:00","description":"HERMOSILLO, SONORA. MX. \u2014 Docentes de educaci\u00f3n b\u00e1sica participaron en el taller Innovaci\u00f3n en estrategias de ense\u00f1anza para maestros de educaci\u00f3n En Sonora en Equipo publicamos toda la informaci\u00f3n de Sonora, M\u00e9xico y el Mundo de manera oportuna y busca que la libertad de expresi\u00f3n sea real. Visita nuestro medio informativo publicado desde Hermosillo, Sonora. %","breadcrumb":{"@id":"https:\/\/www.sonoraenequipo.com.mx\/capacita-gobson-a-docentes-para-fortalecer-la-inclusion-y-la-atencion-a-la-diversidad\/#breadcrumb"},"inLanguage":"es","potentialAction":[{"@type":"ReadAction","target":["https:\/\/www.sonoraenequipo.com.mx\/capacita-gobson-a-docentes-para-fortalecer-la-inclusion-y-la-atencion-a-la-diversidad\/"]}]},{"@type":"ImageObject","inLanguage":"es","@id":"https:\/\/www.sonoraenequipo.com.mx\/capacita-gobson-a-docentes-para-fortalecer-la-inclusion-y-la-atencion-a-la-diversidad\/#primaryimage","url":"https:\/\/www.sonoraenequipo.com.mx\/storage\/2025\/05\/inclusion-y-atencion-a-la-diversidad-min.jpg","contentUrl":"https:\/\/www.sonoraenequipo.com.mx\/storage\/2025\/05\/inclusion-y-atencion-a-la-diversidad-min.jpg","width":1190,"height":640},{"@type":"BreadcrumbList","@id":"https:\/\/www.sonoraenequipo.com.mx\/capacita-gobson-a-docentes-para-fortalecer-la-inclusion-y-la-atencion-a-la-diversidad\/#breadcrumb","itemListElement":[{"@type":"ListItem","position":1,"name":"Portada","item":"https:\/\/www.sonoraenequipo.com.mx\/"},{"@type":"ListItem","position":2,"name":"Capacita GobSon a docentes para fortalecer la inclusi\u00f3n y la atenci\u00f3n a la diversidad"}]},{"@type":"WebSite","@id":"https:\/\/www.sonoraenequipo.com.mx\/#website","url":"https:\/\/www.sonoraenequipo.com.mx\/","name":"Sonora en Equipo.","description":"Diario en l\u00ednea con Noticias desde Hermosillo, Sonora","publisher":{"@id":"https:\/\/www.sonoraenequipo.com.mx\/#organization"},"potentialAction":[{"@type":"SearchAction","target":{"@type":"EntryPoint","urlTemplate":"https:\/\/www.sonoraenequipo.com.mx\/?s={search_term_string}"},"query-input":{"@type":"PropertyValueSpecification","valueRequired":true,"valueName":"search_term_string"}}],"inLanguage":"es"},{"@type":"Organization","@id":"https:\/\/www.sonoraenequipo.com.mx\/#organization","name":"Sonoraenequipo.com.mx","url":"https:\/\/www.sonoraenequipo.com.mx\/","logo":{"@type":"ImageObject","inLanguage":"es","@id":"https:\/\/www.sonoraenequipo.com.mx\/#\/schema\/logo\/image\/","url":"https:\/\/www.sonoraenequipo.com.mx\/storage\/2019\/01\/sonoraenequipo_opt.png","contentUrl":"https:\/\/www.sonoraenequipo.com.mx\/storage\/2019\/01\/sonoraenequipo_opt.png","width":375,"height":125,"caption":"Sonoraenequipo.com.mx"},"image":{"@id":"https:\/\/www.sonoraenequipo.com.mx\/#\/schema\/logo\/image\/"},"sameAs":["https:\/\/www.facebook.com\/SonoraEE\/","https:\/\/x.com\/sonoraenequipo","https:\/\/www.youtube.com\/channel\/UC338nW-lPEYmJQs4ZABQ1SQ"]},{"@type":"Person","@id":"https:\/\/www.sonoraenequipo.com.mx\/#\/schema\/person\/50102df0fb23a8fa9e8effad8fa81386","name":"enequipo","image":{"@type":"ImageObject","inLanguage":"es","@id":"https:\/\/www.sonoraenequipo.com.mx\/#\/schema\/person\/image\/","url":"https:\/\/secure.gravatar.com\/avatar\/049821681b589dabc0bc20695993ccebb09f5b5d4d790cd9251b97faac7c652b?s=96&d=blank&r=g","contentUrl":"https:\/\/secure.gravatar.com\/avatar\/049821681b589dabc0bc20695993ccebb09f5b5d4d790cd9251b97faac7c652b?s=96&d=blank&r=g","caption":"enequipo"},"sameAs":["https:\/\/www.facebook.com\/SonoraEE"]}]}},"jetpack_featured_media_url":"https:\/\/www.sonoraenequipo.com.mx\/storage\/2025\/05\/inclusion-y-atencion-a-la-diversidad-min.jpg","_links":{"self":[{"href":"https:\/\/www.sonoraenequipo.com.mx\/api\/wp\/v2\/posts\/216529","targetHints":{"allow":["GET"]}}],"collection":[{"href":"https:\/\/www.sonoraenequipo.com.mx\/api\/wp\/v2\/posts"}],"about":[{"href":"https:\/\/www.sonoraenequipo.com.mx\/api\/wp\/v2\/types\/post"}],"author":[{"embeddable":true,"href":"https:\/\/www.sonoraenequipo.com.mx\/api\/wp\/v2\/users\/1"}],"replies":[{"embeddable":true,"href":"https:\/\/www.sonoraenequipo.com.mx\/api\/wp\/v2\/comments?post=216529"}],"version-history":[{"count":1,"href":"https:\/\/www.sonoraenequipo.com.mx\/api\/wp\/v2\/posts\/216529\/revisions"}],"predecessor-version":[{"id":216535,"href":"https:\/\/www.sonoraenequipo.com.mx\/api\/wp\/v2\/posts\/216529\/revisions\/216535"}],"wp:featuredmedia":[{"embeddable":true,"href":"https:\/\/www.sonoraenequipo.com.mx\/api\/wp\/v2\/media\/216534"}],"wp:attachment":[{"href":"https:\/\/www.sonoraenequipo.com.mx\/api\/wp\/v2\/media?parent=216529"}],"wp:term":[{"taxonomy":"category","embeddable":true,"href":"https:\/\/www.sonoraenequipo.com.mx\/api\/wp\/v2\/categories?post=216529"},{"taxonomy":"post_tag","embeddable":true,"href":"https:\/\/www.sonoraenequipo.com.mx\/api\/wp\/v2\/tags?post=216529"}],"curies":[{"name":"wp","href":"https:\/\/api.w.org\/{rel}","templated":true}]}}