{"id":216536,"date":"2025-05-28T21:00:46","date_gmt":"2025-05-29T04:00:46","guid":{"rendered":"https:\/\/www.sonoraenequipo.com.mx\/?p=216536"},"modified":"2025-05-28T19:32:09","modified_gmt":"2025-05-29T02:32:09","slug":"fortalece-gobernador-durazo-infraestructura-academica-deportiva-y-de-mantenimiento-de-la-ues","status":"publish","type":"post","link":"https:\/\/www.sonoraenequipo.com.mx\/fortalece-gobernador-durazo-infraestructura-academica-deportiva-y-de-mantenimiento-de-la-ues\/","title":{"rendered":"Fortalece gobernador Durazo infraestructura acad\u00e9mica, deportiva y de mantenimiento de la UES"},"content":{"rendered":"<p><b>SAN LUIS, R\u00cdO COLORADO, SONORA. MX.\u2014 <\/b>Con el respaldo del gobernador Alfonso Durazo, la Universidad Estatal de Sonora (UES) contin\u00faa fortaleciendo sus espacios educativos con la entrega de equipamiento y materiales en la unidad acad\u00e9mica de San Luis R\u00edo Colorado, como parte de la transformaci\u00f3n de la educaci\u00f3n superior en la entidad.<\/p>\n<p> <\/p>\n<p>Entre el equipamiento entregado se incluyen dos aires acondicionados de 20 toneladas para el gimnasio universitario, 16 minisplits para aulas del edificio B y 14 pantallas destinadas a los laboratorios de c\u00f3mputo. Asimismo, se dot\u00f3 de material deportivo a la Coordinaci\u00f3n de Deportes para fomentar la activaci\u00f3n f\u00edsica de las y los estudiantes.<\/p>\n<p>La rectora de la UES, Martha Patricia Pati\u00f1o Fierro, supervis\u00f3 la entrega de insumos que beneficiar\u00e1n directamente las actividades acad\u00e9micas, deportivas y de mantenimiento, reafirmando el compromiso del Gobierno de Sonora con la creaci\u00f3n de entornos dignos, funcionales y de calidad para el desarrollo integral de la comunidad universitaria.<\/p>\n<p>Tambi\u00e9n se hizo entrega de 71 cubetas de pintura que ser\u00e1n utilizadas para labores de mantenimiento y mejora en las instalaciones de la unidad. La recepci\u00f3n de los insumos estuvo a cargo del encargado del despacho de la direcci\u00f3n, Carlos E. Ram\u00edrez Escamilla, quien acompa\u00f1\u00f3 a la rectora en un recorrido por las \u00e1reas que ser\u00e1n intervenidas.<\/p>\n<p>PUBLICADO EL 28 DE MAYO DE 2025 Con informaci\u00f3n de GOBSON 0525\/232)<\/p>\n","protected":false},"excerpt":{"rendered":"<p>SAN LUIS, R\u00cdO COLORADO, SONORA. MX.\u2014 Con el respaldo del gobernador Alfonso Durazo, la Universidad&#8230;<\/p>\n","protected":false},"author":1,"featured_media":216537,"comment_status":"open","ping_status":"open","sticky":false,"template":"","format":"standard","meta":{"_monsterinsights_skip_tracking":false,"_monsterinsights_sitenote_active":false,"_monsterinsights_sitenote_note":"","_monsterinsights_sitenote_category":0,"footnotes":""},"categories":[22],"tags":[],"class_list":["post"],"yoast_head":" \n<title>Sonora en Equipo. Fortalece gobernador Durazo infraestructura acad\u00e9mica, deportiva y de mantenimiento de la UES Sonora<\/title>\n<meta name=\"description\" content=\"SAN LUIS, R\u00cdO COLORADO, SONORA. MX.\u2014 Con el respaldo del gobernador Alfonso Durazo, la Universidad Estatal de Sonora (UES) contin\u00faa fortaleciendo sus En Sonora en Equipo publicamos toda la informaci\u00f3n de Sonora, M\u00e9xico y el Mundo de manera oportuna y busca que la libertad de expresi\u00f3n sea real. Visita nuestro medio informativo publicado desde Hermosillo, Sonora. %\" \/>\n<meta name=\"robots\" content=\"index, follow, max-snippet:-1, max-image-preview:large, max-video-preview:-1\" \/>\n<link rel=\"canonical\" href=\"https:\/\/www.sonoraenequipo.com.mx\/fortalece-gobernador-durazo-infraestructura-academica-deportiva-y-de-mantenimiento-de-la-ues\/\" \/>\n<meta property=\"og:locale\" content=\"es_ES\" \/>\n<meta property=\"og:type\" content=\"article\" \/>\n<meta property=\"og:title\" content=\"Sonora en Equipo. Fortalece gobernador Durazo infraestructura acad\u00e9mica, deportiva y de mantenimiento de la UES Sonora\" \/>\n<meta property=\"og:description\" content=\"SAN LUIS, R\u00cdO COLORADO, SONORA. MX.\u2014 Con el respaldo del gobernador Alfonso Durazo, la Universidad Estatal de Sonora (UES) contin\u00faa fortaleciendo sus En Sonora en Equipo publicamos toda la informaci\u00f3n de Sonora, M\u00e9xico y el Mundo de manera oportuna y busca que la libertad de expresi\u00f3n sea real. Visita nuestro medio informativo publicado desde Hermosillo, Sonora. %\" \/>\n<meta property=\"og:url\" content=\"https:\/\/www.sonoraenequipo.com.mx\/fortalece-gobernador-durazo-infraestructura-academica-deportiva-y-de-mantenimiento-de-la-ues\/\" \/>\n<meta property=\"og:site_name\" content=\"Sonora en Equipo.\" \/>\n<meta property=\"article:publisher\" content=\"https:\/\/www.facebook.com\/SonoraEE\/\" \/>\n<meta property=\"article:author\" content=\"https:\/\/www.facebook.com\/SonoraEE\" \/>\n<meta property=\"article:published_time\" content=\"2025-05-29T04:00:46+00:00\" \/>\n<meta property=\"og:image\" content=\"https:\/\/www.sonoraenequipo.com.mx\/storage\/2025\/05\/Fortalece-gobernador-Durazo-infraestructura-academica-deportiva-y-de-mantenimiento-de-la-UES-min.jpg\" \/>\n\t<meta property=\"og:image:width\" content=\"1000\" \/>\n\t<meta property=\"og:image:height\" content=\"639\" \/>\n\t<meta property=\"og:image:type\" content=\"image\/jpeg\" \/>\n<meta name=\"author\" content=\"enequipo\" \/>\n<meta name=\"twitter:card\" content=\"summary_large_image\" \/>\n<meta name=\"twitter:creator\" content=\"@sonoraenequipo\" \/>\n<meta name=\"twitter:site\" content=\"@sonoraenequipo\" \/>\n<meta name=\"twitter:label1\" content=\"Escrito por\" \/>\n\t<meta name=\"twitter:data1\" content=\"enequipo\" \/>\n\t<meta name=\"twitter:label2\" content=\"Tiempo de lectura\" \/>\n\t<meta name=\"twitter:data2\" content=\"1 minuto\" \/>\n<script type=\"application\/ld+json\" class=\"yoast-schema-graph\">{\"@context\":\"https:\/\/schema.org\",\"@graph\":[{\"@type\":\"Article\",\"@id\":\"https:\/\/www.sonoraenequipo.com.mx\/fortalece-gobernador-durazo-infraestructura-academica-deportiva-y-de-mantenimiento-de-la-ues\/#article\",\"isPartOf\":{\"@id\":\"https:\/\/www.sonoraenequipo.com.mx\/fortalece-gobernador-durazo-infraestructura-academica-deportiva-y-de-mantenimiento-de-la-ues\/\"},\"author\":{\"name\":\"enequipo\",\"@id\":\"https:\/\/www.sonoraenequipo.com.mx\/#\/schema\/person\/50102df0fb23a8fa9e8effad8fa81386\"},\"headline\":\"Fortalece gobernador Durazo infraestructura acad\u00e9mica, deportiva y de mantenimiento de la UES\",\"datePublished\":\"2025-05-29T04:00:46+00:00\",\"mainEntityOfPage\":{\"@id\":\"https:\/\/www.sonoraenequipo.com.mx\/fortalece-gobernador-durazo-infraestructura-academica-deportiva-y-de-mantenimiento-de-la-ues\/\"},\"wordCount\":250,\"commentCount\":0,\"publisher\":{\"@id\":\"https:\/\/www.sonoraenequipo.com.mx\/#organization\"},\"image\":{\"@id\":\"https:\/\/www.sonoraenequipo.com.mx\/fortalece-gobernador-durazo-infraestructura-academica-deportiva-y-de-mantenimiento-de-la-ues\/#primaryimage\"},\"thumbnailUrl\":\"https:\/\/www.sonoraenequipo.com.mx\/storage\/2025\/05\/Fortalece-gobernador-Durazo-infraestructura-academica-deportiva-y-de-mantenimiento-de-la-UES-min.jpg\",\"articleSection\":[\"Sonora\"],\"inLanguage\":\"es\",\"potentialAction\":[{\"@type\":\"CommentAction\",\"name\":\"Comment\",\"target\":[\"https:\/\/www.sonoraenequipo.com.mx\/fortalece-gobernador-durazo-infraestructura-academica-deportiva-y-de-mantenimiento-de-la-ues\/#respond\"]}]},{\"@type\":\"WebPage\",\"@id\":\"https:\/\/www.sonoraenequipo.com.mx\/fortalece-gobernador-durazo-infraestructura-academica-deportiva-y-de-mantenimiento-de-la-ues\/\",\"url\":\"https:\/\/www.sonoraenequipo.com.mx\/fortalece-gobernador-durazo-infraestructura-academica-deportiva-y-de-mantenimiento-de-la-ues\/\",\"name\":\"Sonora en Equipo. Fortalece gobernador Durazo infraestructura acad\u00e9mica, deportiva y de mantenimiento de la UES Sonora\",\"isPartOf\":{\"@id\":\"https:\/\/www.sonoraenequipo.com.mx\/#website\"},\"primaryImageOfPage\":{\"@id\":\"https:\/\/www.sonoraenequipo.com.mx\/fortalece-gobernador-durazo-infraestructura-academica-deportiva-y-de-mantenimiento-de-la-ues\/#primaryimage\"},\"image\":{\"@id\":\"https:\/\/www.sonoraenequipo.com.mx\/fortalece-gobernador-durazo-infraestructura-academica-deportiva-y-de-mantenimiento-de-la-ues\/#primaryimage\"},\"thumbnailUrl\":\"https:\/\/www.sonoraenequipo.com.mx\/storage\/2025\/05\/Fortalece-gobernador-Durazo-infraestructura-academica-deportiva-y-de-mantenimiento-de-la-UES-min.jpg\",\"datePublished\":\"2025-05-29T04:00:46+00:00\",\"description\":\"SAN LUIS, R\u00cdO COLORADO, SONORA. MX.\u2014 Con el respaldo del gobernador Alfonso Durazo, la Universidad Estatal de Sonora (UES) contin\u00faa fortaleciendo sus En Sonora en Equipo publicamos toda la informaci\u00f3n de Sonora, M\u00e9xico y el Mundo de manera oportuna y busca que la libertad de expresi\u00f3n sea real. Visita nuestro medio informativo publicado desde Hermosillo, Sonora. %\",\"breadcrumb\":{\"@id\":\"https:\/\/www.sonoraenequipo.com.mx\/fortalece-gobernador-durazo-infraestructura-academica-deportiva-y-de-mantenimiento-de-la-ues\/#breadcrumb\"},\"inLanguage\":\"es\",\"potentialAction\":[{\"@type\":\"ReadAction\",\"target\":[\"https:\/\/www.sonoraenequipo.com.mx\/fortalece-gobernador-durazo-infraestructura-academica-deportiva-y-de-mantenimiento-de-la-ues\/\"]}]},{\"@type\":\"ImageObject\",\"inLanguage\":\"es\",\"@id\":\"https:\/\/www.sonoraenequipo.com.mx\/fortalece-gobernador-durazo-infraestructura-academica-deportiva-y-de-mantenimiento-de-la-ues\/#primaryimage\",\"url\":\"https:\/\/www.sonoraenequipo.com.mx\/storage\/2025\/05\/Fortalece-gobernador-Durazo-infraestructura-academica-deportiva-y-de-mantenimiento-de-la-UES-min.jpg\",\"contentUrl\":\"https:\/\/www.sonoraenequipo.com.mx\/storage\/2025\/05\/Fortalece-gobernador-Durazo-infraestructura-academica-deportiva-y-de-mantenimiento-de-la-UES-min.jpg\",\"width\":1000,\"height\":639},{\"@type\":\"BreadcrumbList\",\"@id\":\"https:\/\/www.sonoraenequipo.com.mx\/fortalece-gobernador-durazo-infraestructura-academica-deportiva-y-de-mantenimiento-de-la-ues\/#breadcrumb\",\"itemListElement\":[{\"@type\":\"ListItem\",\"position\":1,\"name\":\"Portada\",\"item\":\"https:\/\/www.sonoraenequipo.com.mx\/\"},{\"@type\":\"ListItem\",\"position\":2,\"name\":\"Fortalece gobernador Durazo infraestructura acad\u00e9mica, deportiva y de mantenimiento de la UES\"}]},{\"@type\":\"WebSite\",\"@id\":\"https:\/\/www.sonoraenequipo.com.mx\/#website\",\"url\":\"https:\/\/www.sonoraenequipo.com.mx\/\",\"name\":\"Sonora en Equipo.\",\"description\":\"Diario en l\u00ednea con Noticias desde Hermosillo, Sonora\",\"publisher\":{\"@id\":\"https:\/\/www.sonoraenequipo.com.mx\/#organization\"},\"potentialAction\":[{\"@type\":\"SearchAction\",\"target\":{\"@type\":\"EntryPoint\",\"urlTemplate\":\"https:\/\/www.sonoraenequipo.com.mx\/?s={search_term_string}\"},\"query-input\":{\"@type\":\"PropertyValueSpecification\",\"valueRequired\":true,\"valueName\":\"search_term_string\"}}],\"inLanguage\":\"es\"},{\"@type\":\"Organization\",\"@id\":\"https:\/\/www.sonoraenequipo.com.mx\/#organization\",\"name\":\"Sonoraenequipo.com.mx\",\"url\":\"https:\/\/www.sonoraenequipo.com.mx\/\",\"logo\":{\"@type\":\"ImageObject\",\"inLanguage\":\"es\",\"@id\":\"https:\/\/www.sonoraenequipo.com.mx\/#\/schema\/logo\/image\/\",\"url\":\"https:\/\/www.sonoraenequipo.com.mx\/storage\/2019\/01\/sonoraenequipo_opt.png\",\"contentUrl\":\"https:\/\/www.sonoraenequipo.com.mx\/storage\/2019\/01\/sonoraenequipo_opt.png\",\"width\":375,\"height\":125,\"caption\":\"Sonoraenequipo.com.mx\"},\"image\":{\"@id\":\"https:\/\/www.sonoraenequipo.com.mx\/#\/schema\/logo\/image\/\"},\"sameAs\":[\"https:\/\/www.facebook.com\/SonoraEE\/\",\"https:\/\/x.com\/sonoraenequipo\",\"https:\/\/www.youtube.com\/channel\/UC338nW-lPEYmJQs4ZABQ1SQ\"]},{\"@type\":\"Person\",\"@id\":\"https:\/\/www.sonoraenequipo.com.mx\/#\/schema\/person\/50102df0fb23a8fa9e8effad8fa81386\",\"name\":\"enequipo\",\"image\":{\"@type\":\"ImageObject\",\"inLanguage\":\"es\",\"@id\":\"https:\/\/www.sonoraenequipo.com.mx\/#\/schema\/person\/image\/\",\"url\":\"https:\/\/secure.gravatar.com\/avatar\/049821681b589dabc0bc20695993ccebb09f5b5d4d790cd9251b97faac7c652b?s=96&d=blank&r=g\",\"contentUrl\":\"https:\/\/secure.gravatar.com\/avatar\/049821681b589dabc0bc20695993ccebb09f5b5d4d790cd9251b97faac7c652b?s=96&d=blank&r=g\",\"caption\":\"enequipo\"},\"sameAs\":[\"https:\/\/www.facebook.com\/SonoraEE\"]}]}<\/script>\n ","yoast_head_json":{"title":"Sonora en Equipo. Fortalece gobernador Durazo infraestructura acad\u00e9mica, deportiva y de mantenimiento de la UES Sonora","description":"SAN LUIS, R\u00cdO COLORADO, SONORA. MX.\u2014 Con el respaldo del gobernador Alfonso Durazo, la Universidad Estatal de Sonora (UES) contin\u00faa fortaleciendo sus En Sonora en Equipo publicamos toda la informaci\u00f3n de Sonora, M\u00e9xico y el Mundo de manera oportuna y busca que la libertad de expresi\u00f3n sea real. Visita nuestro medio informativo publicado desde Hermosillo, Sonora. %","robots":{"index":"index","follow":"follow","max-snippet":"max-snippet:-1","max-image-preview":"max-image-preview:large","max-video-preview":"max-video-preview:-1"},"canonical":"https:\/\/www.sonoraenequipo.com.mx\/fortalece-gobernador-durazo-infraestructura-academica-deportiva-y-de-mantenimiento-de-la-ues\/","og_locale":"es_ES","og_type":"article","og_title":"Sonora en Equipo. Fortalece gobernador Durazo infraestructura acad\u00e9mica, deportiva y de mantenimiento de la UES Sonora","og_description":"SAN LUIS, R\u00cdO COLORADO, SONORA. MX.\u2014 Con el respaldo del gobernador Alfonso Durazo, la Universidad Estatal de Sonora (UES) contin\u00faa fortaleciendo sus En Sonora en Equipo publicamos toda la informaci\u00f3n de Sonora, M\u00e9xico y el Mundo de manera oportuna y busca que la libertad de expresi\u00f3n sea real. Visita nuestro medio informativo publicado desde Hermosillo, Sonora. %","og_url":"https:\/\/www.sonoraenequipo.com.mx\/fortalece-gobernador-durazo-infraestructura-academica-deportiva-y-de-mantenimiento-de-la-ues\/","og_site_name":"Sonora en Equipo.","article_publisher":"https:\/\/www.facebook.com\/SonoraEE\/","article_author":"https:\/\/www.facebook.com\/SonoraEE","article_published_time":"2025-05-29T04:00:46+00:00","og_image":[{"width":1000,"height":639,"url":"https:\/\/www.sonoraenequipo.com.mx\/storage\/2025\/05\/Fortalece-gobernador-Durazo-infraestructura-academica-deportiva-y-de-mantenimiento-de-la-UES-min.jpg","type":"image\/jpeg"}],"author":"enequipo","twitter_card":"summary_large_image","twitter_creator":"@sonoraenequipo","twitter_site":"@sonoraenequipo","twitter_misc":{"Escrito por":"enequipo","Tiempo de lectura":"1 minuto"},"schema":{"@context":"https:\/\/schema.org","@graph":[{"@type":"Article","@id":"https:\/\/www.sonoraenequipo.com.mx\/fortalece-gobernador-durazo-infraestructura-academica-deportiva-y-de-mantenimiento-de-la-ues\/#article","isPartOf":{"@id":"https:\/\/www.sonoraenequipo.com.mx\/fortalece-gobernador-durazo-infraestructura-academica-deportiva-y-de-mantenimiento-de-la-ues\/"},"author":{"name":"enequipo","@id":"https:\/\/www.sonoraenequipo.com.mx\/#\/schema\/person\/50102df0fb23a8fa9e8effad8fa81386"},"headline":"Fortalece gobernador Durazo infraestructura acad\u00e9mica, deportiva y de mantenimiento de la UES","datePublished":"2025-05-29T04:00:46+00:00","mainEntityOfPage":{"@id":"https:\/\/www.sonoraenequipo.com.mx\/fortalece-gobernador-durazo-infraestructura-academica-deportiva-y-de-mantenimiento-de-la-ues\/"},"wordCount":250,"commentCount":0,"publisher":{"@id":"https:\/\/www.sonoraenequipo.com.mx\/#organization"},"image":{"@id":"https:\/\/www.sonoraenequipo.com.mx\/fortalece-gobernador-durazo-infraestructura-academica-deportiva-y-de-mantenimiento-de-la-ues\/#primaryimage"},"thumbnailUrl":"https:\/\/www.sonoraenequipo.com.mx\/storage\/2025\/05\/Fortalece-gobernador-Durazo-infraestructura-academica-deportiva-y-de-mantenimiento-de-la-UES-min.jpg","articleSection":["Sonora"],"inLanguage":"es","potentialAction":[{"@type":"CommentAction","name":"Comment","target":["https:\/\/www.sonoraenequipo.com.mx\/fortalece-gobernador-durazo-infraestructura-academica-deportiva-y-de-mantenimiento-de-la-ues\/#respond"]}]},{"@type":"WebPage","@id":"https:\/\/www.sonoraenequipo.com.mx\/fortalece-gobernador-durazo-infraestructura-academica-deportiva-y-de-mantenimiento-de-la-ues\/","url":"https:\/\/www.sonoraenequipo.com.mx\/fortalece-gobernador-durazo-infraestructura-academica-deportiva-y-de-mantenimiento-de-la-ues\/","name":"Sonora en Equipo. Fortalece gobernador Durazo infraestructura acad\u00e9mica, deportiva y de mantenimiento de la UES Sonora","isPartOf":{"@id":"https:\/\/www.sonoraenequipo.com.mx\/#website"},"primaryImageOfPage":{"@id":"https:\/\/www.sonoraenequipo.com.mx\/fortalece-gobernador-durazo-infraestructura-academica-deportiva-y-de-mantenimiento-de-la-ues\/#primaryimage"},"image":{"@id":"https:\/\/www.sonoraenequipo.com.mx\/fortalece-gobernador-durazo-infraestructura-academica-deportiva-y-de-mantenimiento-de-la-ues\/#primaryimage"},"thumbnailUrl":"https:\/\/www.sonoraenequipo.com.mx\/storage\/2025\/05\/Fortalece-gobernador-Durazo-infraestructura-academica-deportiva-y-de-mantenimiento-de-la-UES-min.jpg","datePublished":"2025-05-29T04:00:46+00:00","description":"SAN LUIS, R\u00cdO COLORADO, SONORA. MX.\u2014 Con el respaldo del gobernador Alfonso Durazo, la Universidad Estatal de Sonora (UES) contin\u00faa fortaleciendo sus En Sonora en Equipo publicamos toda la informaci\u00f3n de Sonora, M\u00e9xico y el Mundo de manera oportuna y busca que la libertad de expresi\u00f3n sea real. Visita nuestro medio informativo publicado desde Hermosillo, Sonora. %","breadcrumb":{"@id":"https:\/\/www.sonoraenequipo.com.mx\/fortalece-gobernador-durazo-infraestructura-academica-deportiva-y-de-mantenimiento-de-la-ues\/#breadcrumb"},"inLanguage":"es","potentialAction":[{"@type":"ReadAction","target":["https:\/\/www.sonoraenequipo.com.mx\/fortalece-gobernador-durazo-infraestructura-academica-deportiva-y-de-mantenimiento-de-la-ues\/"]}]},{"@type":"ImageObject","inLanguage":"es","@id":"https:\/\/www.sonoraenequipo.com.mx\/fortalece-gobernador-durazo-infraestructura-academica-deportiva-y-de-mantenimiento-de-la-ues\/#primaryimage","url":"https:\/\/www.sonoraenequipo.com.mx\/storage\/2025\/05\/Fortalece-gobernador-Durazo-infraestructura-academica-deportiva-y-de-mantenimiento-de-la-UES-min.jpg","contentUrl":"https:\/\/www.sonoraenequipo.com.mx\/storage\/2025\/05\/Fortalece-gobernador-Durazo-infraestructura-academica-deportiva-y-de-mantenimiento-de-la-UES-min.jpg","width":1000,"height":639},{"@type":"BreadcrumbList","@id":"https:\/\/www.sonoraenequipo.com.mx\/fortalece-gobernador-durazo-infraestructura-academica-deportiva-y-de-mantenimiento-de-la-ues\/#breadcrumb","itemListElement":[{"@type":"ListItem","position":1,"name":"Portada","item":"https:\/\/www.sonoraenequipo.com.mx\/"},{"@type":"ListItem","position":2,"name":"Fortalece gobernador Durazo infraestructura acad\u00e9mica, deportiva y de mantenimiento de la UES"}]},{"@type":"WebSite","@id":"https:\/\/www.sonoraenequipo.com.mx\/#website","url":"https:\/\/www.sonoraenequipo.com.mx\/","name":"Sonora en Equipo.","description":"Diario en l\u00ednea con Noticias desde Hermosillo, Sonora","publisher":{"@id":"https:\/\/www.sonoraenequipo.com.mx\/#organization"},"potentialAction":[{"@type":"SearchAction","target":{"@type":"EntryPoint","urlTemplate":"https:\/\/www.sonoraenequipo.com.mx\/?s={search_term_string}"},"query-input":{"@type":"PropertyValueSpecification","valueRequired":true,"valueName":"search_term_string"}}],"inLanguage":"es"},{"@type":"Organization","@id":"https:\/\/www.sonoraenequipo.com.mx\/#organization","name":"Sonoraenequipo.com.mx","url":"https:\/\/www.sonoraenequipo.com.mx\/","logo":{"@type":"ImageObject","inLanguage":"es","@id":"https:\/\/www.sonoraenequipo.com.mx\/#\/schema\/logo\/image\/","url":"https:\/\/www.sonoraenequipo.com.mx\/storage\/2019\/01\/sonoraenequipo_opt.png","contentUrl":"https:\/\/www.sonoraenequipo.com.mx\/storage\/2019\/01\/sonoraenequipo_opt.png","width":375,"height":125,"caption":"Sonoraenequipo.com.mx"},"image":{"@id":"https:\/\/www.sonoraenequipo.com.mx\/#\/schema\/logo\/image\/"},"sameAs":["https:\/\/www.facebook.com\/SonoraEE\/","https:\/\/x.com\/sonoraenequipo","https:\/\/www.youtube.com\/channel\/UC338nW-lPEYmJQs4ZABQ1SQ"]},{"@type":"Person","@id":"https:\/\/www.sonoraenequipo.com.mx\/#\/schema\/person\/50102df0fb23a8fa9e8effad8fa81386","name":"enequipo","image":{"@type":"ImageObject","inLanguage":"es","@id":"https:\/\/www.sonoraenequipo.com.mx\/#\/schema\/person\/image\/","url":"https:\/\/secure.gravatar.com\/avatar\/049821681b589dabc0bc20695993ccebb09f5b5d4d790cd9251b97faac7c652b?s=96&d=blank&r=g","contentUrl":"https:\/\/secure.gravatar.com\/avatar\/049821681b589dabc0bc20695993ccebb09f5b5d4d790cd9251b97faac7c652b?s=96&d=blank&r=g","caption":"enequipo"},"sameAs":["https:\/\/www.facebook.com\/SonoraEE"]}]}},"jetpack_featured_media_url":"https:\/\/www.sonoraenequipo.com.mx\/storage\/2025\/05\/Fortalece-gobernador-Durazo-infraestructura-academica-deportiva-y-de-mantenimiento-de-la-UES-min.jpg","_links":{"self":[{"href":"https:\/\/www.sonoraenequipo.com.mx\/api\/wp\/v2\/posts\/216536","targetHints":{"allow":["GET"]}}],"collection":[{"href":"https:\/\/www.sonoraenequipo.com.mx\/api\/wp\/v2\/posts"}],"about":[{"href":"https:\/\/www.sonoraenequipo.com.mx\/api\/wp\/v2\/types\/post"}],"author":[{"embeddable":true,"href":"https:\/\/www.sonoraenequipo.com.mx\/api\/wp\/v2\/users\/1"}],"replies":[{"embeddable":true,"href":"https:\/\/www.sonoraenequipo.com.mx\/api\/wp\/v2\/comments?post=216536"}],"version-history":[{"count":3,"href":"https:\/\/www.sonoraenequipo.com.mx\/api\/wp\/v2\/posts\/216536\/revisions"}],"predecessor-version":[{"id":216541,"href":"https:\/\/www.sonoraenequipo.com.mx\/api\/wp\/v2\/posts\/216536\/revisions\/216541"}],"wp:featuredmedia":[{"embeddable":true,"href":"https:\/\/www.sonoraenequipo.com.mx\/api\/wp\/v2\/media\/216537"}],"wp:attachment":[{"href":"https:\/\/www.sonoraenequipo.com.mx\/api\/wp\/v2\/media?parent=216536"}],"wp:term":[{"taxonomy":"category","embeddable":true,"href":"https:\/\/www.sonoraenequipo.com.mx\/api\/wp\/v2\/categories?post=216536"},{"taxonomy":"post_tag","embeddable":true,"href":"https:\/\/www.sonoraenequipo.com.mx\/api\/wp\/v2\/tags?post=216536"}],"curies":[{"name":"wp","href":"https:\/\/api.w.org\/{rel}","templated":true}]}}