{"id":216544,"date":"2025-05-29T08:28:30","date_gmt":"2025-05-29T15:28:30","guid":{"rendered":"https:\/\/www.sonoraenequipo.com.mx\/?p=216544"},"modified":"2025-05-29T10:46:33","modified_gmt":"2025-05-29T17:46:33","slug":"gobernador-durazo-cumple-a-familias-de-la-cholla-con-servicios-gratuitos-en-la-feria-sonora-atiende","status":"publish","type":"post","link":"https:\/\/www.sonoraenequipo.com.mx\/gobernador-durazo-cumple-a-familias-de-la-cholla-con-servicios-gratuitos-en-la-feria-sonora-atiende\/","title":{"rendered":"Gobernador Durazo cumple a familias de La Cholla con servicios gratuitos en la feria \u201cSonora Atiende\u201d"},"content":{"rendered":"<p><strong>HERMOSILLO, SONORA. MX. \u2014\u00a0<\/strong> La encomienda del gobernador Alfonso Durazo Monta\u00f1o de contar con un gobierno cercano, comprometido y al servicio de la gente se cumpli\u00f3 en la colonia La Cholla de Hermosillo, donde se llev\u00f3 a cabo con gran \u00e9xito una nueva edici\u00f3n de la jornada \u201cSonora Atiende\u201d.<\/p>\n<p> <\/p>\n<p>Con el compromiso de llevar los servicios de gobierno a donde m\u00e1s se necesita, esta feria reuni\u00f3 a vecinas y vecinos del sector, quienes aprovecharon la oportunidad de acceder a m\u00e1s de 30 dependencias estatales y federales sin tener que salir de su colonia. Se brindaron atenciones de Salud, educaci\u00f3n, tramites para apoyos sociales, del Registro Civil, programas para mujeres, j\u00f3venes y personas en situaci\u00f3n vulnerable, todo en un mismo lugar, con atenci\u00f3n personalizada y gratuita.<\/p>\n<p>Durante la jornada, se vivi\u00f3 un ambiente de comunidad y colaboraci\u00f3n. Los asistentes pudieron resolver tr\u00e1mites, informarse sobre becas, acceder a chequeos m\u00e9dicos y conocer los programas disponibles para mejorar su calidad de vida. Todo esto, con el acompa\u00f1amiento de funcionarias y funcionarios comprometidos que atendieron con calidez y eficacia.<\/p>\n<p>Entre los cientos de beneficiados en la jornada de servicios estuvo Guillermo Castillo, vecino de esta colonia quien acudi\u00f3 al m\u00f3dulo de la Coordinaci\u00f3n General del Sistema Estatal de Comunicaci\u00f3n Social donde, despu\u00e9s de un examen de la vista, recibi\u00f3 sus lentes de lectura o vista cansada, adem\u00e1s solicit\u00f3 su acta de nacimiento en el stand del Registro Civil.<\/p>\n<p>\u00abVine a las actas de nacimiento por el tema de que est\u00e1 m\u00e1s cerca de la vivienda y pues evitar las filas y todo eso donde hay que salir a sacarlas, y a parte, muchas veces las discapacidades o muchas cosas, el calor, el transporte, se nos dificulta. Pero ahorita que est\u00e1n en la colonia hay que aprovechar los servicios que nos trae el gobernador ahora. Con esto que est\u00e1 haciendo se refleja el trabajo que est\u00e1 haciendo \u00e9l y su gabinete, su gente, la gente que lo apoya. Veo el beneficio en mi persona, con las situaciones en las que estamos y pues que siga adelante\u00bb, coment\u00f3.<\/p>\n<p>Por su parte Hilda Moreno, asisti\u00f3 a la feria \u00abSonora Atiende\u00bb Para vacunar a su peque\u00f1a mascota y aprovech\u00f3 para beneficiarse con los servicios que se ofrecieron en otros m\u00f3dulos.<\/p>\n<p>\u00abA vacunar al perro, por una despensa, y pues a ver qu\u00e9 m\u00e1s hay. Est\u00e1 muy bien porque aqu\u00ed puede sacar algo uno, un acta de nacimiento, todo lo que hay. Est\u00e1 bien todo lo que se est\u00e1 haciendo\u00bb, destac\u00f3.<\/p>\n<p>Rosario Arce, acudi\u00f3 a la feria \u00abSonora Atiende\u00bb por curiosidad y consigui\u00f3 varios beneficios por su salud f\u00edsica.<\/p>\n<p>\u00abPues vine a ver de qu\u00e9 se trataba, y pues ya me acerqu\u00e9, y me dijeron que estaban dando lentes, ya me los dieron , y all\u00e1 con el DIF tambi\u00e9n me apoyaron para una silla de ruedas, me apuntaron y me van a dar la tarjeta de discapacidad. Est\u00e1 muy bien porque mucha gente como nosotros necesitamos y no vamos porque no tenemos como ir. Le dar\u00eda muchas gracias (al gobernador) porque ayuda a mucha gente\u00bb, expres\u00f3.<\/p>\n<p>Entre las autoridades que formaron parte de esta jornada estuvieron Adolfo Salazar Razo, secretario de Gobierno; Paulina Oca\u00f1a, jefa de la Oficina del Ejecutivo Estatal; Paloma Ter\u00e1n, titular del Sistema Estatal de Comunicaci\u00f3n Social; Fernando Rojo de la Vega, secretario de Bienestar en Sonora; David Fernando Soto Alday, secretario del Trabajo; Sheila Hern\u00e1ndez, secretaria de las Mujeres; David Mendoza Rivas, coordinador General del Consejo Estatal de Concertaci\u00f3n para la Obra P\u00fablica (Cecop); Mar\u00eda Engracia Carrazco Valenzuela, directora del Instituto Sonorense de Educaci\u00f3n para los Adultos (ISEA); Manuel Eduardo Gallegos Salgado, director general del Icatson y Lizeth V\u00e1squez Ochoa, directora general del Sistema DIF.<\/p>\n<p>PUBLICADO EL 29 DE MAYO DE 2025 Con informaci\u00f3n de GOBSON 0525\/241)<\/p>\n","protected":false},"excerpt":{"rendered":"<p>HERMOSILLO, SONORA. MX. \u2014\u00a0 La encomienda del gobernador Alfonso Durazo Monta\u00f1o de contar con un&#8230;<\/p>\n","protected":false},"author":1,"featured_media":216545,"comment_status":"open","ping_status":"open","sticky":false,"template":"","format":"standard","meta":{"_monsterinsights_skip_tracking":false,"_monsterinsights_sitenote_active":false,"_monsterinsights_sitenote_note":"","_monsterinsights_sitenote_category":0,"footnotes":""},"categories":[22],"tags":[],"class_list":["post"],"yoast_head":" \n<title>Sonora en Equipo. Gobernador Durazo cumple a familias de La Cholla con servicios gratuitos en la feria \u201cSonora Atiende\u201d Sonora<\/title>\n<meta name=\"description\" content=\"HERMOSILLO, SONORA. MX. \u2014\u00a0 La encomienda del gobernador Alfonso Durazo Monta\u00f1o de contar con un gobierno cercano, comprometido y al servicio de la gente En Sonora en Equipo publicamos toda la informaci\u00f3n de Sonora, M\u00e9xico y el Mundo de manera oportuna y busca que la libertad de expresi\u00f3n sea real. Visita nuestro medio informativo publicado desde Hermosillo, Sonora. %\" \/>\n<meta name=\"robots\" content=\"index, follow, max-snippet:-1, max-image-preview:large, max-video-preview:-1\" \/>\n<link rel=\"canonical\" href=\"https:\/\/www.sonoraenequipo.com.mx\/gobernador-durazo-cumple-a-familias-de-la-cholla-con-servicios-gratuitos-en-la-feria-sonora-atiende\/\" \/>\n<meta property=\"og:locale\" content=\"es_ES\" \/>\n<meta property=\"og:type\" content=\"article\" \/>\n<meta property=\"og:title\" content=\"Sonora en Equipo. Gobernador Durazo cumple a familias de La Cholla con servicios gratuitos en la feria \u201cSonora Atiende\u201d Sonora\" \/>\n<meta property=\"og:description\" content=\"HERMOSILLO, SONORA. MX. \u2014\u00a0 La encomienda del gobernador Alfonso Durazo Monta\u00f1o de contar con un gobierno cercano, comprometido y al servicio de la gente En Sonora en Equipo publicamos toda la informaci\u00f3n de Sonora, M\u00e9xico y el Mundo de manera oportuna y busca que la libertad de expresi\u00f3n sea real. Visita nuestro medio informativo publicado desde Hermosillo, Sonora. %\" \/>\n<meta property=\"og:url\" content=\"https:\/\/www.sonoraenequipo.com.mx\/gobernador-durazo-cumple-a-familias-de-la-cholla-con-servicios-gratuitos-en-la-feria-sonora-atiende\/\" \/>\n<meta property=\"og:site_name\" content=\"Sonora en Equipo.\" \/>\n<meta property=\"article:publisher\" content=\"https:\/\/www.facebook.com\/SonoraEE\/\" \/>\n<meta property=\"article:author\" content=\"https:\/\/www.facebook.com\/SonoraEE\" \/>\n<meta property=\"article:published_time\" content=\"2025-05-29T15:28:30+00:00\" \/>\n<meta property=\"article:modified_time\" content=\"2025-05-29T17:46:33+00:00\" \/>\n<meta property=\"og:image\" content=\"https:\/\/www.sonoraenequipo.com.mx\/storage\/2025\/05\/Sonora-Atiende-en-la-Choya-min.jpg\" \/>\n\t<meta property=\"og:image:width\" content=\"1000\" \/>\n\t<meta property=\"og:image:height\" content=\"666\" \/>\n\t<meta property=\"og:image:type\" content=\"image\/jpeg\" \/>\n<meta name=\"author\" content=\"enequipo\" \/>\n<meta name=\"twitter:card\" content=\"summary_large_image\" \/>\n<meta name=\"twitter:creator\" content=\"@sonoraenequipo\" \/>\n<meta name=\"twitter:site\" content=\"@sonoraenequipo\" \/>\n<meta name=\"twitter:label1\" content=\"Escrito por\" \/>\n\t<meta name=\"twitter:data1\" content=\"enequipo\" \/>\n\t<meta name=\"twitter:label2\" content=\"Tiempo de lectura\" \/>\n\t<meta name=\"twitter:data2\" content=\"3 minutos\" \/>\n<script type=\"application\/ld+json\" class=\"yoast-schema-graph\">{\"@context\":\"https:\/\/schema.org\",\"@graph\":[{\"@type\":\"Article\",\"@id\":\"https:\/\/www.sonoraenequipo.com.mx\/gobernador-durazo-cumple-a-familias-de-la-cholla-con-servicios-gratuitos-en-la-feria-sonora-atiende\/#article\",\"isPartOf\":{\"@id\":\"https:\/\/www.sonoraenequipo.com.mx\/gobernador-durazo-cumple-a-familias-de-la-cholla-con-servicios-gratuitos-en-la-feria-sonora-atiende\/\"},\"author\":{\"name\":\"enequipo\",\"@id\":\"https:\/\/www.sonoraenequipo.com.mx\/#\/schema\/person\/50102df0fb23a8fa9e8effad8fa81386\"},\"headline\":\"Gobernador Durazo cumple a familias de La Cholla con servicios gratuitos en la feria \u201cSonora Atiende\u201d\",\"datePublished\":\"2025-05-29T15:28:30+00:00\",\"dateModified\":\"2025-05-29T17:46:33+00:00\",\"mainEntityOfPage\":{\"@id\":\"https:\/\/www.sonoraenequipo.com.mx\/gobernador-durazo-cumple-a-familias-de-la-cholla-con-servicios-gratuitos-en-la-feria-sonora-atiende\/\"},\"wordCount\":668,\"commentCount\":0,\"publisher\":{\"@id\":\"https:\/\/www.sonoraenequipo.com.mx\/#organization\"},\"image\":{\"@id\":\"https:\/\/www.sonoraenequipo.com.mx\/gobernador-durazo-cumple-a-familias-de-la-cholla-con-servicios-gratuitos-en-la-feria-sonora-atiende\/#primaryimage\"},\"thumbnailUrl\":\"https:\/\/www.sonoraenequipo.com.mx\/storage\/2025\/05\/Sonora-Atiende-en-la-Choya-min.jpg\",\"articleSection\":[\"Sonora\"],\"inLanguage\":\"es\",\"potentialAction\":[{\"@type\":\"CommentAction\",\"name\":\"Comment\",\"target\":[\"https:\/\/www.sonoraenequipo.com.mx\/gobernador-durazo-cumple-a-familias-de-la-cholla-con-servicios-gratuitos-en-la-feria-sonora-atiende\/#respond\"]}]},{\"@type\":\"WebPage\",\"@id\":\"https:\/\/www.sonoraenequipo.com.mx\/gobernador-durazo-cumple-a-familias-de-la-cholla-con-servicios-gratuitos-en-la-feria-sonora-atiende\/\",\"url\":\"https:\/\/www.sonoraenequipo.com.mx\/gobernador-durazo-cumple-a-familias-de-la-cholla-con-servicios-gratuitos-en-la-feria-sonora-atiende\/\",\"name\":\"Sonora en Equipo. Gobernador Durazo cumple a familias de La Cholla con servicios gratuitos en la feria \u201cSonora Atiende\u201d Sonora\",\"isPartOf\":{\"@id\":\"https:\/\/www.sonoraenequipo.com.mx\/#website\"},\"primaryImageOfPage\":{\"@id\":\"https:\/\/www.sonoraenequipo.com.mx\/gobernador-durazo-cumple-a-familias-de-la-cholla-con-servicios-gratuitos-en-la-feria-sonora-atiende\/#primaryimage\"},\"image\":{\"@id\":\"https:\/\/www.sonoraenequipo.com.mx\/gobernador-durazo-cumple-a-familias-de-la-cholla-con-servicios-gratuitos-en-la-feria-sonora-atiende\/#primaryimage\"},\"thumbnailUrl\":\"https:\/\/www.sonoraenequipo.com.mx\/storage\/2025\/05\/Sonora-Atiende-en-la-Choya-min.jpg\",\"datePublished\":\"2025-05-29T15:28:30+00:00\",\"dateModified\":\"2025-05-29T17:46:33+00:00\",\"description\":\"HERMOSILLO, SONORA. MX. \u2014\u00a0 La encomienda del gobernador Alfonso Durazo Monta\u00f1o de contar con un gobierno cercano, comprometido y al servicio de la gente En Sonora en Equipo publicamos toda la informaci\u00f3n de Sonora, M\u00e9xico y el Mundo de manera oportuna y busca que la libertad de expresi\u00f3n sea real. Visita nuestro medio informativo publicado desde Hermosillo, Sonora. %\",\"breadcrumb\":{\"@id\":\"https:\/\/www.sonoraenequipo.com.mx\/gobernador-durazo-cumple-a-familias-de-la-cholla-con-servicios-gratuitos-en-la-feria-sonora-atiende\/#breadcrumb\"},\"inLanguage\":\"es\",\"potentialAction\":[{\"@type\":\"ReadAction\",\"target\":[\"https:\/\/www.sonoraenequipo.com.mx\/gobernador-durazo-cumple-a-familias-de-la-cholla-con-servicios-gratuitos-en-la-feria-sonora-atiende\/\"]}]},{\"@type\":\"ImageObject\",\"inLanguage\":\"es\",\"@id\":\"https:\/\/www.sonoraenequipo.com.mx\/gobernador-durazo-cumple-a-familias-de-la-cholla-con-servicios-gratuitos-en-la-feria-sonora-atiende\/#primaryimage\",\"url\":\"https:\/\/www.sonoraenequipo.com.mx\/storage\/2025\/05\/Sonora-Atiende-en-la-Choya-min.jpg\",\"contentUrl\":\"https:\/\/www.sonoraenequipo.com.mx\/storage\/2025\/05\/Sonora-Atiende-en-la-Choya-min.jpg\",\"width\":1000,\"height\":666},{\"@type\":\"BreadcrumbList\",\"@id\":\"https:\/\/www.sonoraenequipo.com.mx\/gobernador-durazo-cumple-a-familias-de-la-cholla-con-servicios-gratuitos-en-la-feria-sonora-atiende\/#breadcrumb\",\"itemListElement\":[{\"@type\":\"ListItem\",\"position\":1,\"name\":\"Portada\",\"item\":\"https:\/\/www.sonoraenequipo.com.mx\/\"},{\"@type\":\"ListItem\",\"position\":2,\"name\":\"Gobernador Durazo cumple a familias de La Cholla con servicios gratuitos en la feria \u201cSonora Atiende\u201d\"}]},{\"@type\":\"WebSite\",\"@id\":\"https:\/\/www.sonoraenequipo.com.mx\/#website\",\"url\":\"https:\/\/www.sonoraenequipo.com.mx\/\",\"name\":\"Sonora en Equipo.\",\"description\":\"Diario en l\u00ednea con Noticias desde Hermosillo, Sonora\",\"publisher\":{\"@id\":\"https:\/\/www.sonoraenequipo.com.mx\/#organization\"},\"potentialAction\":[{\"@type\":\"SearchAction\",\"target\":{\"@type\":\"EntryPoint\",\"urlTemplate\":\"https:\/\/www.sonoraenequipo.com.mx\/?s={search_term_string}\"},\"query-input\":{\"@type\":\"PropertyValueSpecification\",\"valueRequired\":true,\"valueName\":\"search_term_string\"}}],\"inLanguage\":\"es\"},{\"@type\":\"Organization\",\"@id\":\"https:\/\/www.sonoraenequipo.com.mx\/#organization\",\"name\":\"Sonoraenequipo.com.mx\",\"url\":\"https:\/\/www.sonoraenequipo.com.mx\/\",\"logo\":{\"@type\":\"ImageObject\",\"inLanguage\":\"es\",\"@id\":\"https:\/\/www.sonoraenequipo.com.mx\/#\/schema\/logo\/image\/\",\"url\":\"https:\/\/www.sonoraenequipo.com.mx\/storage\/2019\/01\/sonoraenequipo_opt.png\",\"contentUrl\":\"https:\/\/www.sonoraenequipo.com.mx\/storage\/2019\/01\/sonoraenequipo_opt.png\",\"width\":375,\"height\":125,\"caption\":\"Sonoraenequipo.com.mx\"},\"image\":{\"@id\":\"https:\/\/www.sonoraenequipo.com.mx\/#\/schema\/logo\/image\/\"},\"sameAs\":[\"https:\/\/www.facebook.com\/SonoraEE\/\",\"https:\/\/x.com\/sonoraenequipo\",\"https:\/\/www.youtube.com\/channel\/UC338nW-lPEYmJQs4ZABQ1SQ\"]},{\"@type\":\"Person\",\"@id\":\"https:\/\/www.sonoraenequipo.com.mx\/#\/schema\/person\/50102df0fb23a8fa9e8effad8fa81386\",\"name\":\"enequipo\",\"image\":{\"@type\":\"ImageObject\",\"inLanguage\":\"es\",\"@id\":\"https:\/\/www.sonoraenequipo.com.mx\/#\/schema\/person\/image\/\",\"url\":\"https:\/\/secure.gravatar.com\/avatar\/049821681b589dabc0bc20695993ccebb09f5b5d4d790cd9251b97faac7c652b?s=96&d=blank&r=g\",\"contentUrl\":\"https:\/\/secure.gravatar.com\/avatar\/049821681b589dabc0bc20695993ccebb09f5b5d4d790cd9251b97faac7c652b?s=96&d=blank&r=g\",\"caption\":\"enequipo\"},\"sameAs\":[\"https:\/\/www.facebook.com\/SonoraEE\"]}]}<\/script>\n ","yoast_head_json":{"title":"Sonora en Equipo. Gobernador Durazo cumple a familias de La Cholla con servicios gratuitos en la feria \u201cSonora Atiende\u201d Sonora","description":"HERMOSILLO, SONORA. MX. \u2014\u00a0 La encomienda del gobernador Alfonso Durazo Monta\u00f1o de contar con un gobierno cercano, comprometido y al servicio de la gente En Sonora en Equipo publicamos toda la informaci\u00f3n de Sonora, M\u00e9xico y el Mundo de manera oportuna y busca que la libertad de expresi\u00f3n sea real. Visita nuestro medio informativo publicado desde Hermosillo, Sonora. %","robots":{"index":"index","follow":"follow","max-snippet":"max-snippet:-1","max-image-preview":"max-image-preview:large","max-video-preview":"max-video-preview:-1"},"canonical":"https:\/\/www.sonoraenequipo.com.mx\/gobernador-durazo-cumple-a-familias-de-la-cholla-con-servicios-gratuitos-en-la-feria-sonora-atiende\/","og_locale":"es_ES","og_type":"article","og_title":"Sonora en Equipo. Gobernador Durazo cumple a familias de La Cholla con servicios gratuitos en la feria \u201cSonora Atiende\u201d Sonora","og_description":"HERMOSILLO, SONORA. MX. \u2014\u00a0 La encomienda del gobernador Alfonso Durazo Monta\u00f1o de contar con un gobierno cercano, comprometido y al servicio de la gente En Sonora en Equipo publicamos toda la informaci\u00f3n de Sonora, M\u00e9xico y el Mundo de manera oportuna y busca que la libertad de expresi\u00f3n sea real. Visita nuestro medio informativo publicado desde Hermosillo, Sonora. %","og_url":"https:\/\/www.sonoraenequipo.com.mx\/gobernador-durazo-cumple-a-familias-de-la-cholla-con-servicios-gratuitos-en-la-feria-sonora-atiende\/","og_site_name":"Sonora en Equipo.","article_publisher":"https:\/\/www.facebook.com\/SonoraEE\/","article_author":"https:\/\/www.facebook.com\/SonoraEE","article_published_time":"2025-05-29T15:28:30+00:00","article_modified_time":"2025-05-29T17:46:33+00:00","og_image":[{"width":1000,"height":666,"url":"https:\/\/www.sonoraenequipo.com.mx\/storage\/2025\/05\/Sonora-Atiende-en-la-Choya-min.jpg","type":"image\/jpeg"}],"author":"enequipo","twitter_card":"summary_large_image","twitter_creator":"@sonoraenequipo","twitter_site":"@sonoraenequipo","twitter_misc":{"Escrito por":"enequipo","Tiempo de lectura":"3 minutos"},"schema":{"@context":"https:\/\/schema.org","@graph":[{"@type":"Article","@id":"https:\/\/www.sonoraenequipo.com.mx\/gobernador-durazo-cumple-a-familias-de-la-cholla-con-servicios-gratuitos-en-la-feria-sonora-atiende\/#article","isPartOf":{"@id":"https:\/\/www.sonoraenequipo.com.mx\/gobernador-durazo-cumple-a-familias-de-la-cholla-con-servicios-gratuitos-en-la-feria-sonora-atiende\/"},"author":{"name":"enequipo","@id":"https:\/\/www.sonoraenequipo.com.mx\/#\/schema\/person\/50102df0fb23a8fa9e8effad8fa81386"},"headline":"Gobernador Durazo cumple a familias de La Cholla con servicios gratuitos en la feria \u201cSonora Atiende\u201d","datePublished":"2025-05-29T15:28:30+00:00","dateModified":"2025-05-29T17:46:33+00:00","mainEntityOfPage":{"@id":"https:\/\/www.sonoraenequipo.com.mx\/gobernador-durazo-cumple-a-familias-de-la-cholla-con-servicios-gratuitos-en-la-feria-sonora-atiende\/"},"wordCount":668,"commentCount":0,"publisher":{"@id":"https:\/\/www.sonoraenequipo.com.mx\/#organization"},"image":{"@id":"https:\/\/www.sonoraenequipo.com.mx\/gobernador-durazo-cumple-a-familias-de-la-cholla-con-servicios-gratuitos-en-la-feria-sonora-atiende\/#primaryimage"},"thumbnailUrl":"https:\/\/www.sonoraenequipo.com.mx\/storage\/2025\/05\/Sonora-Atiende-en-la-Choya-min.jpg","articleSection":["Sonora"],"inLanguage":"es","potentialAction":[{"@type":"CommentAction","name":"Comment","target":["https:\/\/www.sonoraenequipo.com.mx\/gobernador-durazo-cumple-a-familias-de-la-cholla-con-servicios-gratuitos-en-la-feria-sonora-atiende\/#respond"]}]},{"@type":"WebPage","@id":"https:\/\/www.sonoraenequipo.com.mx\/gobernador-durazo-cumple-a-familias-de-la-cholla-con-servicios-gratuitos-en-la-feria-sonora-atiende\/","url":"https:\/\/www.sonoraenequipo.com.mx\/gobernador-durazo-cumple-a-familias-de-la-cholla-con-servicios-gratuitos-en-la-feria-sonora-atiende\/","name":"Sonora en Equipo. Gobernador Durazo cumple a familias de La Cholla con servicios gratuitos en la feria \u201cSonora Atiende\u201d Sonora","isPartOf":{"@id":"https:\/\/www.sonoraenequipo.com.mx\/#website"},"primaryImageOfPage":{"@id":"https:\/\/www.sonoraenequipo.com.mx\/gobernador-durazo-cumple-a-familias-de-la-cholla-con-servicios-gratuitos-en-la-feria-sonora-atiende\/#primaryimage"},"image":{"@id":"https:\/\/www.sonoraenequipo.com.mx\/gobernador-durazo-cumple-a-familias-de-la-cholla-con-servicios-gratuitos-en-la-feria-sonora-atiende\/#primaryimage"},"thumbnailUrl":"https:\/\/www.sonoraenequipo.com.mx\/storage\/2025\/05\/Sonora-Atiende-en-la-Choya-min.jpg","datePublished":"2025-05-29T15:28:30+00:00","dateModified":"2025-05-29T17:46:33+00:00","description":"HERMOSILLO, SONORA. MX. \u2014\u00a0 La encomienda del gobernador Alfonso Durazo Monta\u00f1o de contar con un gobierno cercano, comprometido y al servicio de la gente En Sonora en Equipo publicamos toda la informaci\u00f3n de Sonora, M\u00e9xico y el Mundo de manera oportuna y busca que la libertad de expresi\u00f3n sea real. Visita nuestro medio informativo publicado desde Hermosillo, Sonora. %","breadcrumb":{"@id":"https:\/\/www.sonoraenequipo.com.mx\/gobernador-durazo-cumple-a-familias-de-la-cholla-con-servicios-gratuitos-en-la-feria-sonora-atiende\/#breadcrumb"},"inLanguage":"es","potentialAction":[{"@type":"ReadAction","target":["https:\/\/www.sonoraenequipo.com.mx\/gobernador-durazo-cumple-a-familias-de-la-cholla-con-servicios-gratuitos-en-la-feria-sonora-atiende\/"]}]},{"@type":"ImageObject","inLanguage":"es","@id":"https:\/\/www.sonoraenequipo.com.mx\/gobernador-durazo-cumple-a-familias-de-la-cholla-con-servicios-gratuitos-en-la-feria-sonora-atiende\/#primaryimage","url":"https:\/\/www.sonoraenequipo.com.mx\/storage\/2025\/05\/Sonora-Atiende-en-la-Choya-min.jpg","contentUrl":"https:\/\/www.sonoraenequipo.com.mx\/storage\/2025\/05\/Sonora-Atiende-en-la-Choya-min.jpg","width":1000,"height":666},{"@type":"BreadcrumbList","@id":"https:\/\/www.sonoraenequipo.com.mx\/gobernador-durazo-cumple-a-familias-de-la-cholla-con-servicios-gratuitos-en-la-feria-sonora-atiende\/#breadcrumb","itemListElement":[{"@type":"ListItem","position":1,"name":"Portada","item":"https:\/\/www.sonoraenequipo.com.mx\/"},{"@type":"ListItem","position":2,"name":"Gobernador Durazo cumple a familias de La Cholla con servicios gratuitos en la feria \u201cSonora Atiende\u201d"}]},{"@type":"WebSite","@id":"https:\/\/www.sonoraenequipo.com.mx\/#website","url":"https:\/\/www.sonoraenequipo.com.mx\/","name":"Sonora en Equipo.","description":"Diario en l\u00ednea con Noticias desde Hermosillo, Sonora","publisher":{"@id":"https:\/\/www.sonoraenequipo.com.mx\/#organization"},"potentialAction":[{"@type":"SearchAction","target":{"@type":"EntryPoint","urlTemplate":"https:\/\/www.sonoraenequipo.com.mx\/?s={search_term_string}"},"query-input":{"@type":"PropertyValueSpecification","valueRequired":true,"valueName":"search_term_string"}}],"inLanguage":"es"},{"@type":"Organization","@id":"https:\/\/www.sonoraenequipo.com.mx\/#organization","name":"Sonoraenequipo.com.mx","url":"https:\/\/www.sonoraenequipo.com.mx\/","logo":{"@type":"ImageObject","inLanguage":"es","@id":"https:\/\/www.sonoraenequipo.com.mx\/#\/schema\/logo\/image\/","url":"https:\/\/www.sonoraenequipo.com.mx\/storage\/2019\/01\/sonoraenequipo_opt.png","contentUrl":"https:\/\/www.sonoraenequipo.com.mx\/storage\/2019\/01\/sonoraenequipo_opt.png","width":375,"height":125,"caption":"Sonoraenequipo.com.mx"},"image":{"@id":"https:\/\/www.sonoraenequipo.com.mx\/#\/schema\/logo\/image\/"},"sameAs":["https:\/\/www.facebook.com\/SonoraEE\/","https:\/\/x.com\/sonoraenequipo","https:\/\/www.youtube.com\/channel\/UC338nW-lPEYmJQs4ZABQ1SQ"]},{"@type":"Person","@id":"https:\/\/www.sonoraenequipo.com.mx\/#\/schema\/person\/50102df0fb23a8fa9e8effad8fa81386","name":"enequipo","image":{"@type":"ImageObject","inLanguage":"es","@id":"https:\/\/www.sonoraenequipo.com.mx\/#\/schema\/person\/image\/","url":"https:\/\/secure.gravatar.com\/avatar\/049821681b589dabc0bc20695993ccebb09f5b5d4d790cd9251b97faac7c652b?s=96&d=blank&r=g","contentUrl":"https:\/\/secure.gravatar.com\/avatar\/049821681b589dabc0bc20695993ccebb09f5b5d4d790cd9251b97faac7c652b?s=96&d=blank&r=g","caption":"enequipo"},"sameAs":["https:\/\/www.facebook.com\/SonoraEE"]}]}},"jetpack_featured_media_url":"https:\/\/www.sonoraenequipo.com.mx\/storage\/2025\/05\/Sonora-Atiende-en-la-Choya-min.jpg","_links":{"self":[{"href":"https:\/\/www.sonoraenequipo.com.mx\/api\/wp\/v2\/posts\/216544","targetHints":{"allow":["GET"]}}],"collection":[{"href":"https:\/\/www.sonoraenequipo.com.mx\/api\/wp\/v2\/posts"}],"about":[{"href":"https:\/\/www.sonoraenequipo.com.mx\/api\/wp\/v2\/types\/post"}],"author":[{"embeddable":true,"href":"https:\/\/www.sonoraenequipo.com.mx\/api\/wp\/v2\/users\/1"}],"replies":[{"embeddable":true,"href":"https:\/\/www.sonoraenequipo.com.mx\/api\/wp\/v2\/comments?post=216544"}],"version-history":[{"count":2,"href":"https:\/\/www.sonoraenequipo.com.mx\/api\/wp\/v2\/posts\/216544\/revisions"}],"predecessor-version":[{"id":216549,"href":"https:\/\/www.sonoraenequipo.com.mx\/api\/wp\/v2\/posts\/216544\/revisions\/216549"}],"wp:featuredmedia":[{"embeddable":true,"href":"https:\/\/www.sonoraenequipo.com.mx\/api\/wp\/v2\/media\/216545"}],"wp:attachment":[{"href":"https:\/\/www.sonoraenequipo.com.mx\/api\/wp\/v2\/media?parent=216544"}],"wp:term":[{"taxonomy":"category","embeddable":true,"href":"https:\/\/www.sonoraenequipo.com.mx\/api\/wp\/v2\/categories?post=216544"},{"taxonomy":"post_tag","embeddable":true,"href":"https:\/\/www.sonoraenequipo.com.mx\/api\/wp\/v2\/tags?post=216544"}],"curies":[{"name":"wp","href":"https:\/\/api.w.org\/{rel}","templated":true}]}}