{"id":216573,"date":"2025-05-29T12:54:53","date_gmt":"2025-05-29T19:54:53","guid":{"rendered":"https:\/\/www.sonoraenequipo.com.mx\/?p=216573"},"modified":"2025-05-29T13:09:05","modified_gmt":"2025-05-29T20:09:05","slug":"fiestas-del-pitic-2025-consolidan-a-hermosillo-como-la-capital-de-la-cultura","status":"publish","type":"post","link":"https:\/\/www.sonoraenequipo.com.mx\/fiestas-del-pitic-2025-consolidan-a-hermosillo-como-la-capital-de-la-cultura\/","title":{"rendered":"Fiestas del Pitic 2025 consolidan a \u00a0Hermosillo como la capital de la cultura"},"content":{"rendered":"<p>&gt;&gt; La gran variedad de artistas y eventos culturales dieron pie a una derrama econ\u00f3mica de 88.2 millones de pesos<\/p>\n<p>&gt;&gt; M\u00e1s de 400 comerciantes tramitaron permisos para venta de gastronom\u00eda, postres, bebidas y art\u00edculos en el corredor del bulevar Miguel Hidalgo y alrededores<\/p>\n<p>&nbsp;<\/p>\n<p><strong>HERMOSILLO, SONORA, MX.<\/strong> \u2014 Hermosillo se consolid\u00f3 como la capital de la cultura con las Fiestas del Pitic 2025 donde m\u00e1s de 283 mil personas tuvieron la oportunidad de degustar la gastronom\u00eda y adquirir art\u00edculos artesanales, por mencionar parte de la diversidad de productos que llenaron de vida el corredor del bulevar Miguel Hidalgo.<\/p>\n<p>&nbsp;<\/p>\n<p>El Gobierno de Hermosillo a trav\u00e9s de la Direcci\u00f3n de Inspecci\u00f3n y Vigilancia cont\u00f3 con 44 de inspectores al servicio de la ciudadan\u00eda cuidando en todo momento el orden y un total de 424 permisos tramitados, los cuatro d\u00edas de celebraci\u00f3n contaron con giros en los que destacaron los accesorios, gastronom\u00eda, snacks y artesan\u00edas.<\/p>\n<p>&nbsp;<\/p>\n<p>La cifra hist\u00f3rica tambi\u00e9n se vio reflejada en el comercio local ya que en este a\u00f1o se tramitaron 424 permisos, mientras que en 2023 fueron 247, lo que confirma la popularidad que Fiestas del Pitic ha cobrado con el paso de los a\u00f1os convirti\u00e9ndose en una oportunidad para impulsar la econom\u00eda.<\/p>\n<p>&nbsp;<\/p>\n<p>Del 22 al 25 de mayo el bulevar Hidalgo con camellones renovados por el Gobierno Municipal encabezado por Antonio Astiazar\u00e1n se transform\u00f3 en un corredor cultural y gastron\u00f3mico lleno de aromas que invitaban a degustar, coloridas prendas que no pasaban desapercibidas y art\u00edculos que fueron colocados con esmero por comerciantes que instalaron sus puestos.<\/p>\n<p>&nbsp;<\/p>\n<p>Desde la tradicional carne asada, la refrescante horchata hasta artesan\u00edas Comcaac que invitan a abrazar nuestras tradiciones, conformaron este espacio que impuls\u00f3 negocios, gener\u00f3 empleos y fortalecieron la econom\u00eda familiar en la celebraci\u00f3n del aniversario 325 de Hermosillo.<\/p>\n<p>&nbsp;<\/p>\n<p>Este encuentro cultural gener\u00f3 una derrama econ\u00f3mica hist\u00f3rica de 88.2 millones de pesos superando los 71.2 millones registrados en 2024 y los 46.6 millones del 2023, cifra que no solo refleja el \u00e9xito del evento, sino el fortalecimiento de la econom\u00eda local a trav\u00e9s del arte, la cultura y el comercio.<\/p>\n<p>&nbsp;<\/p>\n<p>El Gobierno Municipal reafirma su compromiso de seguir impulsando espacios que unan a las familias, promuevan el talento local y conviertan a Hermosillo en una ciudad donde la cultura y el comercio caminen de la mano abriendo oportunidades para todos.<\/p>\n<p><strong>Fecha de publicaci\u00f3n jueves 29 de mayo de 2025 \/<\/strong><\/p>\n","protected":false},"excerpt":{"rendered":"<p>&gt;&gt; La gran variedad de artistas y eventos culturales dieron pie a una derrama econ\u00f3mica&#8230;<\/p>\n","protected":false},"author":1,"featured_media":216578,"comment_status":"open","ping_status":"open","sticky":false,"template":"","format":"standard","meta":{"_monsterinsights_skip_tracking":false,"_monsterinsights_sitenote_active":false,"_monsterinsights_sitenote_note":"","_monsterinsights_sitenote_category":0,"footnotes":""},"categories":[4],"tags":[10342,8569],"class_list":["post"],"yoast_head":" \n<title>Sonora en Equipo. Fiestas del Pitic 2025 consolidan a \u00a0Hermosillo como la capital de la cultura Municipios<\/title>\n<meta name=\"description\" content=\"&gt;&gt; La gran variedad de artistas y eventos culturales dieron pie a una derrama econ\u00f3mica de 88.2 millones de pesos &gt;&gt; M\u00e1s de 400 comerciantes En Sonora en Equipo publicamos toda la informaci\u00f3n de Sonora, M\u00e9xico y el Mundo de manera oportuna y busca que la libertad de expresi\u00f3n sea real. Visita nuestro medio informativo publicado desde Hermosillo, Sonora. %\" \/>\n<meta name=\"robots\" content=\"index, follow, max-snippet:-1, max-image-preview:large, max-video-preview:-1\" \/>\n<link rel=\"canonical\" href=\"https:\/\/www.sonoraenequipo.com.mx\/fiestas-del-pitic-2025-consolidan-a-hermosillo-como-la-capital-de-la-cultura\/\" \/>\n<meta property=\"og:locale\" content=\"es_ES\" \/>\n<meta property=\"og:type\" content=\"article\" \/>\n<meta property=\"og:title\" content=\"Sonora en Equipo. Fiestas del Pitic 2025 consolidan a \u00a0Hermosillo como la capital de la cultura Municipios\" \/>\n<meta property=\"og:description\" content=\"&gt;&gt; La gran variedad de artistas y eventos culturales dieron pie a una derrama econ\u00f3mica de 88.2 millones de pesos &gt;&gt; M\u00e1s de 400 comerciantes En Sonora en Equipo publicamos toda la informaci\u00f3n de Sonora, M\u00e9xico y el Mundo de manera oportuna y busca que la libertad de expresi\u00f3n sea real. Visita nuestro medio informativo publicado desde Hermosillo, Sonora. %\" \/>\n<meta property=\"og:url\" content=\"https:\/\/www.sonoraenequipo.com.mx\/fiestas-del-pitic-2025-consolidan-a-hermosillo-como-la-capital-de-la-cultura\/\" \/>\n<meta property=\"og:site_name\" content=\"Sonora en Equipo.\" \/>\n<meta property=\"article:publisher\" content=\"https:\/\/www.facebook.com\/SonoraEE\/\" \/>\n<meta property=\"article:author\" content=\"https:\/\/www.facebook.com\/SonoraEE\" \/>\n<meta property=\"article:published_time\" content=\"2025-05-29T19:54:53+00:00\" \/>\n<meta property=\"article:modified_time\" content=\"2025-05-29T20:09:05+00:00\" \/>\n<meta property=\"og:image\" content=\"https:\/\/www.sonoraenequipo.com.mx\/storage\/2025\/05\/fiestaspitic-2025.jpg\" \/>\n\t<meta property=\"og:image:width\" content=\"600\" \/>\n\t<meta property=\"og:image:height\" content=\"401\" \/>\n\t<meta property=\"og:image:type\" content=\"image\/jpeg\" \/>\n<meta name=\"author\" content=\"enequipo\" \/>\n<meta name=\"twitter:card\" content=\"summary_large_image\" \/>\n<meta name=\"twitter:creator\" content=\"@sonoraenequipo\" \/>\n<meta name=\"twitter:site\" content=\"@sonoraenequipo\" \/>\n<meta name=\"twitter:label1\" content=\"Escrito por\" \/>\n\t<meta name=\"twitter:data1\" content=\"enequipo\" \/>\n\t<meta name=\"twitter:label2\" content=\"Tiempo de lectura\" \/>\n\t<meta name=\"twitter:data2\" content=\"2 minutos\" \/>\n<script type=\"application\/ld+json\" class=\"yoast-schema-graph\">{\"@context\":\"https:\/\/schema.org\",\"@graph\":[{\"@type\":\"Article\",\"@id\":\"https:\/\/www.sonoraenequipo.com.mx\/fiestas-del-pitic-2025-consolidan-a-hermosillo-como-la-capital-de-la-cultura\/#article\",\"isPartOf\":{\"@id\":\"https:\/\/www.sonoraenequipo.com.mx\/fiestas-del-pitic-2025-consolidan-a-hermosillo-como-la-capital-de-la-cultura\/\"},\"author\":{\"name\":\"enequipo\",\"@id\":\"https:\/\/www.sonoraenequipo.com.mx\/#\/schema\/person\/50102df0fb23a8fa9e8effad8fa81386\"},\"headline\":\"Fiestas del Pitic 2025 consolidan a \u00a0Hermosillo como la capital de la cultura\",\"datePublished\":\"2025-05-29T19:54:53+00:00\",\"dateModified\":\"2025-05-29T20:09:05+00:00\",\"mainEntityOfPage\":{\"@id\":\"https:\/\/www.sonoraenequipo.com.mx\/fiestas-del-pitic-2025-consolidan-a-hermosillo-como-la-capital-de-la-cultura\/\"},\"wordCount\":428,\"commentCount\":0,\"publisher\":{\"@id\":\"https:\/\/www.sonoraenequipo.com.mx\/#organization\"},\"image\":{\"@id\":\"https:\/\/www.sonoraenequipo.com.mx\/fiestas-del-pitic-2025-consolidan-a-hermosillo-como-la-capital-de-la-cultura\/#primaryimage\"},\"thumbnailUrl\":\"https:\/\/www.sonoraenequipo.com.mx\/storage\/2025\/05\/fiestaspitic-2025.jpg\",\"keywords\":[\"2025\",\"fiestas pitic\"],\"articleSection\":[\"Municipios\"],\"inLanguage\":\"es\",\"potentialAction\":[{\"@type\":\"CommentAction\",\"name\":\"Comment\",\"target\":[\"https:\/\/www.sonoraenequipo.com.mx\/fiestas-del-pitic-2025-consolidan-a-hermosillo-como-la-capital-de-la-cultura\/#respond\"]}]},{\"@type\":\"WebPage\",\"@id\":\"https:\/\/www.sonoraenequipo.com.mx\/fiestas-del-pitic-2025-consolidan-a-hermosillo-como-la-capital-de-la-cultura\/\",\"url\":\"https:\/\/www.sonoraenequipo.com.mx\/fiestas-del-pitic-2025-consolidan-a-hermosillo-como-la-capital-de-la-cultura\/\",\"name\":\"Sonora en Equipo. Fiestas del Pitic 2025 consolidan a \u00a0Hermosillo como la capital de la cultura Municipios\",\"isPartOf\":{\"@id\":\"https:\/\/www.sonoraenequipo.com.mx\/#website\"},\"primaryImageOfPage\":{\"@id\":\"https:\/\/www.sonoraenequipo.com.mx\/fiestas-del-pitic-2025-consolidan-a-hermosillo-como-la-capital-de-la-cultura\/#primaryimage\"},\"image\":{\"@id\":\"https:\/\/www.sonoraenequipo.com.mx\/fiestas-del-pitic-2025-consolidan-a-hermosillo-como-la-capital-de-la-cultura\/#primaryimage\"},\"thumbnailUrl\":\"https:\/\/www.sonoraenequipo.com.mx\/storage\/2025\/05\/fiestaspitic-2025.jpg\",\"datePublished\":\"2025-05-29T19:54:53+00:00\",\"dateModified\":\"2025-05-29T20:09:05+00:00\",\"description\":\"&gt;&gt; La gran variedad de artistas y eventos culturales dieron pie a una derrama econ\u00f3mica de 88.2 millones de pesos &gt;&gt; M\u00e1s de 400 comerciantes En Sonora en Equipo publicamos toda la informaci\u00f3n de Sonora, M\u00e9xico y el Mundo de manera oportuna y busca que la libertad de expresi\u00f3n sea real. Visita nuestro medio informativo publicado desde Hermosillo, Sonora. %\",\"breadcrumb\":{\"@id\":\"https:\/\/www.sonoraenequipo.com.mx\/fiestas-del-pitic-2025-consolidan-a-hermosillo-como-la-capital-de-la-cultura\/#breadcrumb\"},\"inLanguage\":\"es\",\"potentialAction\":[{\"@type\":\"ReadAction\",\"target\":[\"https:\/\/www.sonoraenequipo.com.mx\/fiestas-del-pitic-2025-consolidan-a-hermosillo-como-la-capital-de-la-cultura\/\"]}]},{\"@type\":\"ImageObject\",\"inLanguage\":\"es\",\"@id\":\"https:\/\/www.sonoraenequipo.com.mx\/fiestas-del-pitic-2025-consolidan-a-hermosillo-como-la-capital-de-la-cultura\/#primaryimage\",\"url\":\"https:\/\/www.sonoraenequipo.com.mx\/storage\/2025\/05\/fiestaspitic-2025.jpg\",\"contentUrl\":\"https:\/\/www.sonoraenequipo.com.mx\/storage\/2025\/05\/fiestaspitic-2025.jpg\",\"width\":600,\"height\":401},{\"@type\":\"BreadcrumbList\",\"@id\":\"https:\/\/www.sonoraenequipo.com.mx\/fiestas-del-pitic-2025-consolidan-a-hermosillo-como-la-capital-de-la-cultura\/#breadcrumb\",\"itemListElement\":[{\"@type\":\"ListItem\",\"position\":1,\"name\":\"Portada\",\"item\":\"https:\/\/www.sonoraenequipo.com.mx\/\"},{\"@type\":\"ListItem\",\"position\":2,\"name\":\"Fiestas del Pitic 2025 consolidan a \u00a0Hermosillo como la capital de la cultura\"}]},{\"@type\":\"WebSite\",\"@id\":\"https:\/\/www.sonoraenequipo.com.mx\/#website\",\"url\":\"https:\/\/www.sonoraenequipo.com.mx\/\",\"name\":\"Sonora en Equipo.\",\"description\":\"Diario en l\u00ednea con Noticias desde Hermosillo, Sonora\",\"publisher\":{\"@id\":\"https:\/\/www.sonoraenequipo.com.mx\/#organization\"},\"potentialAction\":[{\"@type\":\"SearchAction\",\"target\":{\"@type\":\"EntryPoint\",\"urlTemplate\":\"https:\/\/www.sonoraenequipo.com.mx\/?s={search_term_string}\"},\"query-input\":{\"@type\":\"PropertyValueSpecification\",\"valueRequired\":true,\"valueName\":\"search_term_string\"}}],\"inLanguage\":\"es\"},{\"@type\":\"Organization\",\"@id\":\"https:\/\/www.sonoraenequipo.com.mx\/#organization\",\"name\":\"Sonoraenequipo.com.mx\",\"url\":\"https:\/\/www.sonoraenequipo.com.mx\/\",\"logo\":{\"@type\":\"ImageObject\",\"inLanguage\":\"es\",\"@id\":\"https:\/\/www.sonoraenequipo.com.mx\/#\/schema\/logo\/image\/\",\"url\":\"https:\/\/www.sonoraenequipo.com.mx\/storage\/2019\/01\/sonoraenequipo_opt.png\",\"contentUrl\":\"https:\/\/www.sonoraenequipo.com.mx\/storage\/2019\/01\/sonoraenequipo_opt.png\",\"width\":375,\"height\":125,\"caption\":\"Sonoraenequipo.com.mx\"},\"image\":{\"@id\":\"https:\/\/www.sonoraenequipo.com.mx\/#\/schema\/logo\/image\/\"},\"sameAs\":[\"https:\/\/www.facebook.com\/SonoraEE\/\",\"https:\/\/x.com\/sonoraenequipo\",\"https:\/\/www.youtube.com\/channel\/UC338nW-lPEYmJQs4ZABQ1SQ\"]},{\"@type\":\"Person\",\"@id\":\"https:\/\/www.sonoraenequipo.com.mx\/#\/schema\/person\/50102df0fb23a8fa9e8effad8fa81386\",\"name\":\"enequipo\",\"image\":{\"@type\":\"ImageObject\",\"inLanguage\":\"es\",\"@id\":\"https:\/\/www.sonoraenequipo.com.mx\/#\/schema\/person\/image\/\",\"url\":\"https:\/\/secure.gravatar.com\/avatar\/049821681b589dabc0bc20695993ccebb09f5b5d4d790cd9251b97faac7c652b?s=96&d=blank&r=g\",\"contentUrl\":\"https:\/\/secure.gravatar.com\/avatar\/049821681b589dabc0bc20695993ccebb09f5b5d4d790cd9251b97faac7c652b?s=96&d=blank&r=g\",\"caption\":\"enequipo\"},\"sameAs\":[\"https:\/\/www.facebook.com\/SonoraEE\"]}]}<\/script>\n ","yoast_head_json":{"title":"Sonora en Equipo. Fiestas del Pitic 2025 consolidan a \u00a0Hermosillo como la capital de la cultura Municipios","description":"&gt;&gt; La gran variedad de artistas y eventos culturales dieron pie a una derrama econ\u00f3mica de 88.2 millones de pesos &gt;&gt; M\u00e1s de 400 comerciantes En Sonora en Equipo publicamos toda la informaci\u00f3n de Sonora, M\u00e9xico y el Mundo de manera oportuna y busca que la libertad de expresi\u00f3n sea real. Visita nuestro medio informativo publicado desde Hermosillo, Sonora. %","robots":{"index":"index","follow":"follow","max-snippet":"max-snippet:-1","max-image-preview":"max-image-preview:large","max-video-preview":"max-video-preview:-1"},"canonical":"https:\/\/www.sonoraenequipo.com.mx\/fiestas-del-pitic-2025-consolidan-a-hermosillo-como-la-capital-de-la-cultura\/","og_locale":"es_ES","og_type":"article","og_title":"Sonora en Equipo. Fiestas del Pitic 2025 consolidan a \u00a0Hermosillo como la capital de la cultura Municipios","og_description":"&gt;&gt; La gran variedad de artistas y eventos culturales dieron pie a una derrama econ\u00f3mica de 88.2 millones de pesos &gt;&gt; M\u00e1s de 400 comerciantes En Sonora en Equipo publicamos toda la informaci\u00f3n de Sonora, M\u00e9xico y el Mundo de manera oportuna y busca que la libertad de expresi\u00f3n sea real. Visita nuestro medio informativo publicado desde Hermosillo, Sonora. %","og_url":"https:\/\/www.sonoraenequipo.com.mx\/fiestas-del-pitic-2025-consolidan-a-hermosillo-como-la-capital-de-la-cultura\/","og_site_name":"Sonora en Equipo.","article_publisher":"https:\/\/www.facebook.com\/SonoraEE\/","article_author":"https:\/\/www.facebook.com\/SonoraEE","article_published_time":"2025-05-29T19:54:53+00:00","article_modified_time":"2025-05-29T20:09:05+00:00","og_image":[{"width":600,"height":401,"url":"https:\/\/www.sonoraenequipo.com.mx\/storage\/2025\/05\/fiestaspitic-2025.jpg","type":"image\/jpeg"}],"author":"enequipo","twitter_card":"summary_large_image","twitter_creator":"@sonoraenequipo","twitter_site":"@sonoraenequipo","twitter_misc":{"Escrito por":"enequipo","Tiempo de lectura":"2 minutos"},"schema":{"@context":"https:\/\/schema.org","@graph":[{"@type":"Article","@id":"https:\/\/www.sonoraenequipo.com.mx\/fiestas-del-pitic-2025-consolidan-a-hermosillo-como-la-capital-de-la-cultura\/#article","isPartOf":{"@id":"https:\/\/www.sonoraenequipo.com.mx\/fiestas-del-pitic-2025-consolidan-a-hermosillo-como-la-capital-de-la-cultura\/"},"author":{"name":"enequipo","@id":"https:\/\/www.sonoraenequipo.com.mx\/#\/schema\/person\/50102df0fb23a8fa9e8effad8fa81386"},"headline":"Fiestas del Pitic 2025 consolidan a \u00a0Hermosillo como la capital de la cultura","datePublished":"2025-05-29T19:54:53+00:00","dateModified":"2025-05-29T20:09:05+00:00","mainEntityOfPage":{"@id":"https:\/\/www.sonoraenequipo.com.mx\/fiestas-del-pitic-2025-consolidan-a-hermosillo-como-la-capital-de-la-cultura\/"},"wordCount":428,"commentCount":0,"publisher":{"@id":"https:\/\/www.sonoraenequipo.com.mx\/#organization"},"image":{"@id":"https:\/\/www.sonoraenequipo.com.mx\/fiestas-del-pitic-2025-consolidan-a-hermosillo-como-la-capital-de-la-cultura\/#primaryimage"},"thumbnailUrl":"https:\/\/www.sonoraenequipo.com.mx\/storage\/2025\/05\/fiestaspitic-2025.jpg","keywords":["2025","fiestas pitic"],"articleSection":["Municipios"],"inLanguage":"es","potentialAction":[{"@type":"CommentAction","name":"Comment","target":["https:\/\/www.sonoraenequipo.com.mx\/fiestas-del-pitic-2025-consolidan-a-hermosillo-como-la-capital-de-la-cultura\/#respond"]}]},{"@type":"WebPage","@id":"https:\/\/www.sonoraenequipo.com.mx\/fiestas-del-pitic-2025-consolidan-a-hermosillo-como-la-capital-de-la-cultura\/","url":"https:\/\/www.sonoraenequipo.com.mx\/fiestas-del-pitic-2025-consolidan-a-hermosillo-como-la-capital-de-la-cultura\/","name":"Sonora en Equipo. Fiestas del Pitic 2025 consolidan a \u00a0Hermosillo como la capital de la cultura Municipios","isPartOf":{"@id":"https:\/\/www.sonoraenequipo.com.mx\/#website"},"primaryImageOfPage":{"@id":"https:\/\/www.sonoraenequipo.com.mx\/fiestas-del-pitic-2025-consolidan-a-hermosillo-como-la-capital-de-la-cultura\/#primaryimage"},"image":{"@id":"https:\/\/www.sonoraenequipo.com.mx\/fiestas-del-pitic-2025-consolidan-a-hermosillo-como-la-capital-de-la-cultura\/#primaryimage"},"thumbnailUrl":"https:\/\/www.sonoraenequipo.com.mx\/storage\/2025\/05\/fiestaspitic-2025.jpg","datePublished":"2025-05-29T19:54:53+00:00","dateModified":"2025-05-29T20:09:05+00:00","description":"&gt;&gt; La gran variedad de artistas y eventos culturales dieron pie a una derrama econ\u00f3mica de 88.2 millones de pesos &gt;&gt; M\u00e1s de 400 comerciantes En Sonora en Equipo publicamos toda la informaci\u00f3n de Sonora, M\u00e9xico y el Mundo de manera oportuna y busca que la libertad de expresi\u00f3n sea real. Visita nuestro medio informativo publicado desde Hermosillo, Sonora. %","breadcrumb":{"@id":"https:\/\/www.sonoraenequipo.com.mx\/fiestas-del-pitic-2025-consolidan-a-hermosillo-como-la-capital-de-la-cultura\/#breadcrumb"},"inLanguage":"es","potentialAction":[{"@type":"ReadAction","target":["https:\/\/www.sonoraenequipo.com.mx\/fiestas-del-pitic-2025-consolidan-a-hermosillo-como-la-capital-de-la-cultura\/"]}]},{"@type":"ImageObject","inLanguage":"es","@id":"https:\/\/www.sonoraenequipo.com.mx\/fiestas-del-pitic-2025-consolidan-a-hermosillo-como-la-capital-de-la-cultura\/#primaryimage","url":"https:\/\/www.sonoraenequipo.com.mx\/storage\/2025\/05\/fiestaspitic-2025.jpg","contentUrl":"https:\/\/www.sonoraenequipo.com.mx\/storage\/2025\/05\/fiestaspitic-2025.jpg","width":600,"height":401},{"@type":"BreadcrumbList","@id":"https:\/\/www.sonoraenequipo.com.mx\/fiestas-del-pitic-2025-consolidan-a-hermosillo-como-la-capital-de-la-cultura\/#breadcrumb","itemListElement":[{"@type":"ListItem","position":1,"name":"Portada","item":"https:\/\/www.sonoraenequipo.com.mx\/"},{"@type":"ListItem","position":2,"name":"Fiestas del Pitic 2025 consolidan a \u00a0Hermosillo como la capital de la cultura"}]},{"@type":"WebSite","@id":"https:\/\/www.sonoraenequipo.com.mx\/#website","url":"https:\/\/www.sonoraenequipo.com.mx\/","name":"Sonora en Equipo.","description":"Diario en l\u00ednea con Noticias desde Hermosillo, Sonora","publisher":{"@id":"https:\/\/www.sonoraenequipo.com.mx\/#organization"},"potentialAction":[{"@type":"SearchAction","target":{"@type":"EntryPoint","urlTemplate":"https:\/\/www.sonoraenequipo.com.mx\/?s={search_term_string}"},"query-input":{"@type":"PropertyValueSpecification","valueRequired":true,"valueName":"search_term_string"}}],"inLanguage":"es"},{"@type":"Organization","@id":"https:\/\/www.sonoraenequipo.com.mx\/#organization","name":"Sonoraenequipo.com.mx","url":"https:\/\/www.sonoraenequipo.com.mx\/","logo":{"@type":"ImageObject","inLanguage":"es","@id":"https:\/\/www.sonoraenequipo.com.mx\/#\/schema\/logo\/image\/","url":"https:\/\/www.sonoraenequipo.com.mx\/storage\/2019\/01\/sonoraenequipo_opt.png","contentUrl":"https:\/\/www.sonoraenequipo.com.mx\/storage\/2019\/01\/sonoraenequipo_opt.png","width":375,"height":125,"caption":"Sonoraenequipo.com.mx"},"image":{"@id":"https:\/\/www.sonoraenequipo.com.mx\/#\/schema\/logo\/image\/"},"sameAs":["https:\/\/www.facebook.com\/SonoraEE\/","https:\/\/x.com\/sonoraenequipo","https:\/\/www.youtube.com\/channel\/UC338nW-lPEYmJQs4ZABQ1SQ"]},{"@type":"Person","@id":"https:\/\/www.sonoraenequipo.com.mx\/#\/schema\/person\/50102df0fb23a8fa9e8effad8fa81386","name":"enequipo","image":{"@type":"ImageObject","inLanguage":"es","@id":"https:\/\/www.sonoraenequipo.com.mx\/#\/schema\/person\/image\/","url":"https:\/\/secure.gravatar.com\/avatar\/049821681b589dabc0bc20695993ccebb09f5b5d4d790cd9251b97faac7c652b?s=96&d=blank&r=g","contentUrl":"https:\/\/secure.gravatar.com\/avatar\/049821681b589dabc0bc20695993ccebb09f5b5d4d790cd9251b97faac7c652b?s=96&d=blank&r=g","caption":"enequipo"},"sameAs":["https:\/\/www.facebook.com\/SonoraEE"]}]}},"jetpack_featured_media_url":"https:\/\/www.sonoraenequipo.com.mx\/storage\/2025\/05\/fiestaspitic-2025.jpg","_links":{"self":[{"href":"https:\/\/www.sonoraenequipo.com.mx\/api\/wp\/v2\/posts\/216573","targetHints":{"allow":["GET"]}}],"collection":[{"href":"https:\/\/www.sonoraenequipo.com.mx\/api\/wp\/v2\/posts"}],"about":[{"href":"https:\/\/www.sonoraenequipo.com.mx\/api\/wp\/v2\/types\/post"}],"author":[{"embeddable":true,"href":"https:\/\/www.sonoraenequipo.com.mx\/api\/wp\/v2\/users\/1"}],"replies":[{"embeddable":true,"href":"https:\/\/www.sonoraenequipo.com.mx\/api\/wp\/v2\/comments?post=216573"}],"version-history":[{"count":1,"href":"https:\/\/www.sonoraenequipo.com.mx\/api\/wp\/v2\/posts\/216573\/revisions"}],"predecessor-version":[{"id":216574,"href":"https:\/\/www.sonoraenequipo.com.mx\/api\/wp\/v2\/posts\/216573\/revisions\/216574"}],"wp:featuredmedia":[{"embeddable":true,"href":"https:\/\/www.sonoraenequipo.com.mx\/api\/wp\/v2\/media\/216578"}],"wp:attachment":[{"href":"https:\/\/www.sonoraenequipo.com.mx\/api\/wp\/v2\/media?parent=216573"}],"wp:term":[{"taxonomy":"category","embeddable":true,"href":"https:\/\/www.sonoraenequipo.com.mx\/api\/wp\/v2\/categories?post=216573"},{"taxonomy":"post_tag","embeddable":true,"href":"https:\/\/www.sonoraenequipo.com.mx\/api\/wp\/v2\/tags?post=216573"}],"curies":[{"name":"wp","href":"https:\/\/api.w.org\/{rel}","templated":true}]}}