{"id":216579,"date":"2025-05-29T13:28:57","date_gmt":"2025-05-29T20:28:57","guid":{"rendered":"https:\/\/www.sonoraenequipo.com.mx\/?p=216579"},"modified":"2025-05-29T13:28:57","modified_gmt":"2025-05-29T20:28:57","slug":"escandalo-en-escuela-alemana-por-propuesta-de-eslogan-nazi","status":"publish","type":"post","link":"https:\/\/www.sonoraenequipo.com.mx\/escandalo-en-escuela-alemana-por-propuesta-de-eslogan-nazi\/","title":{"rendered":"Esc\u00e1ndalo en escuela alemana por propuesta de eslogan nazi"},"content":{"rendered":"<p>En el mejor de los casos, el lema elegido para la graduaci\u00f3n en tu escuela secundaria es algo que recordar\u00e1s con cari\u00f1o el resto de tu vida. Adorna las camisetas de las clases que se grad\u00faan, sirve de inspiraci\u00f3n para las numerosas fiestas de graduaci\u00f3n y, a menudo, es el t\u00edtulo del peri\u00f3dico escolar con el que los j\u00f3venes de 18 y 19 a\u00f1os terminan festivamente sus a\u00f1os escolares.<\/p>\n<p>&nbsp;<\/p>\n<p>Para algunos estudiantes del instituto Liebiggymnasium de Gie\u00dfen, en Hesse, el lema del &#8216;Abitur&#8217; (nombre con el que se conoce el bachillerato en Alemania, normalmente abreviado como \u00abAbi\u00bb) es algo que preferir\u00edan olvidar m\u00e1s pronto que tarde. O, como lo expres\u00f3 la representante estudiantil Nicole Kracke a la revista Spiegel: \u00abAhora somos nosotros los que llevamos la etiqueta de nazis. Eso duele\u00bb.<\/p>\n<p>&nbsp;<\/p>\n<p>\u00abAbi macht frei\u00bb (en referencia a la inscripci\u00f3n sobre el port\u00f3n de un campo de concentraci\u00f3n nazi, \u00abArbeit macht frei\u00bb \u2013&#8217;el trabajo te hace libre&#8217;-), \u00abAbi-Akbar\u00bb (en referencia a los ataques terroristas islamistas) o \u00abNSDABI &#8211; Quemar el Duden\u00bb (en alusi\u00f3n a las siglas del partido nazi, NSDAP; al diccionario de referencia m\u00e1s usado en Alemania, el Duden, y a las quemas de libros de los nazis) fueron las sugerencias en una votaci\u00f3n an\u00f3nima en l\u00ednea para el lema del bachillerato de 2026.<\/p>\n<p>&nbsp;<\/p>\n<p>Algunos estudiantes reaccionaron e inmediatamente informaron a la administraci\u00f3n de la escuela. Se elimin\u00f3 el acceso al portal, se convoc\u00f3 a toda la clase y se redact\u00f3 una declaraci\u00f3n: \u00abEn nuestra comunidad escolar no tienen cabida el racismo, el antisemitismo y la discriminaci\u00f3n. \u00a1En esto estamos juntos!\u00bb. La polic\u00eda investiga el caso por sospechas de presunta incitaci\u00f3n al odio.<\/p>\n<p>&nbsp;<\/p>\n<p>\u00bfProvocaci\u00f3n o ya una actitud de extrema derecha?<\/p>\n<p>\u00bfS\u00f3lo una provocaci\u00f3n y un patinazo de algunos alumnos inmaduros de secundaria, una broma tonta de unos chicos o tal vez la prueba definitiva de hasta qu\u00e9 punto las actitudes extremistas de derecha se est\u00e1n afianzando entre cada vez m\u00e1s j\u00f3venes? En cualquier caso, los esl\u00f3ganes nazis como lema de fin de curso causaron tal revuelo en Alemania que incluso la nueva ministra de Educaci\u00f3n, Karin Prien (CDU), se pronunci\u00f3 al respecto. Pidi\u00f3 que las visitas a los monumentos conmemorativos de los campos de concentraci\u00f3n sean obligatorias en todas las escuelas de Alemania.<\/p>\n<p>&nbsp;<\/p>\n<p>\u00bfEs el incidente de Giessen s\u00f3lo la punta del iceberg? Frente al campo de exterminio de Auschwitz, donde los nazis asesinaron a m\u00e1s de un mill\u00f3n de personas,\u00a0 escolares de noveno grado de G\u00f6rlitz, Sajonia, hicieron un saludo neonazi. En Oelsnitz, tambi\u00e9n en Sajonia, una profesora de secundaria pidi\u00f3 su traslado porque hab\u00eda sido amenazada por extremistas de derecha. En Duisburgo, amenazas extremistas obligaron a suspender las clases. Y en Wiesbaden, Hesse, los estudiantes aplaudieron una pel\u00edcula educativa sobre el asesinato de millones de jud\u00edos.<\/p>\n<p>Por eso Tina D\u00fcrr no se sorprendi\u00f3 demasiado cuando se enter\u00f3 del incidente de Gie\u00dfen. Es subdirectora del Centro para la Democracia de Hesse, que apoya y asesora a escuelas, municipios y asociaciones en la lucha contra el extremismo de derecha. \u00abLas provocaciones y los discursos de extrema derecha, como este lema escolar, han aumentado en general en los colegios, y cada vez escuchamos m\u00e1s noticias al respecto\u00bb, declar\u00f3 a DW. \u00abHay esv\u00e1sticas y grafitis de extrema derecha, saludos hitlerianos, canciones racistas o de extrema derecha que se cantan en las excursiones escolares\u00bb.<\/p>\n<p><strong>Fecha de publicaci\u00f3n jueves 29 de mayo de 2025 \/ DW<\/strong><\/p>\n<p>&nbsp;<\/p>\n","protected":false},"excerpt":{"rendered":"<p>En el mejor de los casos, el lema elegido para la graduaci\u00f3n en tu escuela&#8230;<\/p>\n","protected":false},"author":1,"featured_media":216580,"comment_status":"open","ping_status":"open","sticky":false,"template":"","format":"standard","meta":{"_monsterinsights_skip_tracking":false,"_monsterinsights_sitenote_active":false,"_monsterinsights_sitenote_note":"","_monsterinsights_sitenote_category":0,"footnotes":""},"categories":[3],"tags":[11279,11280,102,11278,4338],"class_list":["post"],"yoast_head":" \n<title>Sonora en Equipo. Esc\u00e1ndalo en escuela alemana por propuesta de eslogan nazi MUNDO<\/title>\n<meta name=\"description\" content=\"En el mejor de los casos, el lema elegido para la graduaci\u00f3n en tu escuela secundaria es algo que recordar\u00e1s con cari\u00f1o el resto de tu vida. Adorna las En Sonora en Equipo publicamos toda la informaci\u00f3n de Sonora, M\u00e9xico y el Mundo de manera oportuna y busca que la libertad de expresi\u00f3n sea real. Visita nuestro medio informativo publicado desde Hermosillo, Sonora. %\" \/>\n<meta name=\"robots\" content=\"index, follow, max-snippet:-1, max-image-preview:large, max-video-preview:-1\" \/>\n<link rel=\"canonical\" href=\"https:\/\/www.sonoraenequipo.com.mx\/escandalo-en-escuela-alemana-por-propuesta-de-eslogan-nazi\/\" \/>\n<meta property=\"og:locale\" content=\"es_ES\" \/>\n<meta property=\"og:type\" content=\"article\" \/>\n<meta property=\"og:title\" content=\"Sonora en Equipo. Esc\u00e1ndalo en escuela alemana por propuesta de eslogan nazi MUNDO\" \/>\n<meta property=\"og:description\" content=\"En el mejor de los casos, el lema elegido para la graduaci\u00f3n en tu escuela secundaria es algo que recordar\u00e1s con cari\u00f1o el resto de tu vida. Adorna las En Sonora en Equipo publicamos toda la informaci\u00f3n de Sonora, M\u00e9xico y el Mundo de manera oportuna y busca que la libertad de expresi\u00f3n sea real. Visita nuestro medio informativo publicado desde Hermosillo, Sonora. %\" \/>\n<meta property=\"og:url\" content=\"https:\/\/www.sonoraenequipo.com.mx\/escandalo-en-escuela-alemana-por-propuesta-de-eslogan-nazi\/\" \/>\n<meta property=\"og:site_name\" content=\"Sonora en Equipo.\" \/>\n<meta property=\"article:publisher\" content=\"https:\/\/www.facebook.com\/SonoraEE\/\" \/>\n<meta property=\"article:author\" content=\"https:\/\/www.facebook.com\/SonoraEE\" \/>\n<meta property=\"article:published_time\" content=\"2025-05-29T20:28:57+00:00\" \/>\n<meta property=\"og:image\" content=\"https:\/\/www.sonoraenequipo.com.mx\/storage\/2025\/05\/estudiantes-alemanes.jpg\" \/>\n\t<meta property=\"og:image:width\" content=\"600\" \/>\n\t<meta property=\"og:image:height\" content=\"400\" \/>\n\t<meta property=\"og:image:type\" content=\"image\/jpeg\" \/>\n<meta name=\"author\" content=\"enequipo\" \/>\n<meta name=\"twitter:card\" content=\"summary_large_image\" \/>\n<meta name=\"twitter:creator\" content=\"@sonoraenequipo\" \/>\n<meta name=\"twitter:site\" content=\"@sonoraenequipo\" \/>\n<meta name=\"twitter:label1\" content=\"Escrito por\" \/>\n\t<meta name=\"twitter:data1\" content=\"enequipo\" \/>\n\t<meta name=\"twitter:label2\" content=\"Tiempo de lectura\" \/>\n\t<meta name=\"twitter:data2\" content=\"3 minutos\" \/>\n<script type=\"application\/ld+json\" class=\"yoast-schema-graph\">{\"@context\":\"https:\/\/schema.org\",\"@graph\":[{\"@type\":\"Article\",\"@id\":\"https:\/\/www.sonoraenequipo.com.mx\/escandalo-en-escuela-alemana-por-propuesta-de-eslogan-nazi\/#article\",\"isPartOf\":{\"@id\":\"https:\/\/www.sonoraenequipo.com.mx\/escandalo-en-escuela-alemana-por-propuesta-de-eslogan-nazi\/\"},\"author\":{\"name\":\"enequipo\",\"@id\":\"https:\/\/www.sonoraenequipo.com.mx\/#\/schema\/person\/50102df0fb23a8fa9e8effad8fa81386\"},\"headline\":\"Esc\u00e1ndalo en escuela alemana por propuesta de eslogan nazi\",\"datePublished\":\"2025-05-29T20:28:57+00:00\",\"mainEntityOfPage\":{\"@id\":\"https:\/\/www.sonoraenequipo.com.mx\/escandalo-en-escuela-alemana-por-propuesta-de-eslogan-nazi\/\"},\"wordCount\":623,\"commentCount\":0,\"publisher\":{\"@id\":\"https:\/\/www.sonoraenequipo.com.mx\/#organization\"},\"image\":{\"@id\":\"https:\/\/www.sonoraenequipo.com.mx\/escandalo-en-escuela-alemana-por-propuesta-de-eslogan-nazi\/#primaryimage\"},\"thumbnailUrl\":\"https:\/\/www.sonoraenequipo.com.mx\/storage\/2025\/05\/estudiantes-alemanes.jpg\",\"keywords\":[\"alemana\",\"esc\u00e1ndalo\",\"escuela\",\"lema\",\"nazi\"],\"articleSection\":[\"MUNDO\"],\"inLanguage\":\"es\",\"potentialAction\":[{\"@type\":\"CommentAction\",\"name\":\"Comment\",\"target\":[\"https:\/\/www.sonoraenequipo.com.mx\/escandalo-en-escuela-alemana-por-propuesta-de-eslogan-nazi\/#respond\"]}]},{\"@type\":\"WebPage\",\"@id\":\"https:\/\/www.sonoraenequipo.com.mx\/escandalo-en-escuela-alemana-por-propuesta-de-eslogan-nazi\/\",\"url\":\"https:\/\/www.sonoraenequipo.com.mx\/escandalo-en-escuela-alemana-por-propuesta-de-eslogan-nazi\/\",\"name\":\"Sonora en Equipo. Esc\u00e1ndalo en escuela alemana por propuesta de eslogan nazi MUNDO\",\"isPartOf\":{\"@id\":\"https:\/\/www.sonoraenequipo.com.mx\/#website\"},\"primaryImageOfPage\":{\"@id\":\"https:\/\/www.sonoraenequipo.com.mx\/escandalo-en-escuela-alemana-por-propuesta-de-eslogan-nazi\/#primaryimage\"},\"image\":{\"@id\":\"https:\/\/www.sonoraenequipo.com.mx\/escandalo-en-escuela-alemana-por-propuesta-de-eslogan-nazi\/#primaryimage\"},\"thumbnailUrl\":\"https:\/\/www.sonoraenequipo.com.mx\/storage\/2025\/05\/estudiantes-alemanes.jpg\",\"datePublished\":\"2025-05-29T20:28:57+00:00\",\"description\":\"En el mejor de los casos, el lema elegido para la graduaci\u00f3n en tu escuela secundaria es algo que recordar\u00e1s con cari\u00f1o el resto de tu vida. Adorna las En Sonora en Equipo publicamos toda la informaci\u00f3n de Sonora, M\u00e9xico y el Mundo de manera oportuna y busca que la libertad de expresi\u00f3n sea real. Visita nuestro medio informativo publicado desde Hermosillo, Sonora. %\",\"breadcrumb\":{\"@id\":\"https:\/\/www.sonoraenequipo.com.mx\/escandalo-en-escuela-alemana-por-propuesta-de-eslogan-nazi\/#breadcrumb\"},\"inLanguage\":\"es\",\"potentialAction\":[{\"@type\":\"ReadAction\",\"target\":[\"https:\/\/www.sonoraenequipo.com.mx\/escandalo-en-escuela-alemana-por-propuesta-de-eslogan-nazi\/\"]}]},{\"@type\":\"ImageObject\",\"inLanguage\":\"es\",\"@id\":\"https:\/\/www.sonoraenequipo.com.mx\/escandalo-en-escuela-alemana-por-propuesta-de-eslogan-nazi\/#primaryimage\",\"url\":\"https:\/\/www.sonoraenequipo.com.mx\/storage\/2025\/05\/estudiantes-alemanes.jpg\",\"contentUrl\":\"https:\/\/www.sonoraenequipo.com.mx\/storage\/2025\/05\/estudiantes-alemanes.jpg\",\"width\":600,\"height\":400,\"caption\":\"Examen de bachillerato ('Abitur') en una escuela secundaria alemana.Imagen: Silas Stein\/dpa\/picture alliance\"},{\"@type\":\"BreadcrumbList\",\"@id\":\"https:\/\/www.sonoraenequipo.com.mx\/escandalo-en-escuela-alemana-por-propuesta-de-eslogan-nazi\/#breadcrumb\",\"itemListElement\":[{\"@type\":\"ListItem\",\"position\":1,\"name\":\"Portada\",\"item\":\"https:\/\/www.sonoraenequipo.com.mx\/\"},{\"@type\":\"ListItem\",\"position\":2,\"name\":\"Esc\u00e1ndalo en escuela alemana por propuesta de eslogan nazi\"}]},{\"@type\":\"WebSite\",\"@id\":\"https:\/\/www.sonoraenequipo.com.mx\/#website\",\"url\":\"https:\/\/www.sonoraenequipo.com.mx\/\",\"name\":\"Sonora en Equipo.\",\"description\":\"Diario en l\u00ednea con Noticias desde Hermosillo, Sonora\",\"publisher\":{\"@id\":\"https:\/\/www.sonoraenequipo.com.mx\/#organization\"},\"potentialAction\":[{\"@type\":\"SearchAction\",\"target\":{\"@type\":\"EntryPoint\",\"urlTemplate\":\"https:\/\/www.sonoraenequipo.com.mx\/?s={search_term_string}\"},\"query-input\":{\"@type\":\"PropertyValueSpecification\",\"valueRequired\":true,\"valueName\":\"search_term_string\"}}],\"inLanguage\":\"es\"},{\"@type\":\"Organization\",\"@id\":\"https:\/\/www.sonoraenequipo.com.mx\/#organization\",\"name\":\"Sonoraenequipo.com.mx\",\"url\":\"https:\/\/www.sonoraenequipo.com.mx\/\",\"logo\":{\"@type\":\"ImageObject\",\"inLanguage\":\"es\",\"@id\":\"https:\/\/www.sonoraenequipo.com.mx\/#\/schema\/logo\/image\/\",\"url\":\"https:\/\/www.sonoraenequipo.com.mx\/storage\/2019\/01\/sonoraenequipo_opt.png\",\"contentUrl\":\"https:\/\/www.sonoraenequipo.com.mx\/storage\/2019\/01\/sonoraenequipo_opt.png\",\"width\":375,\"height\":125,\"caption\":\"Sonoraenequipo.com.mx\"},\"image\":{\"@id\":\"https:\/\/www.sonoraenequipo.com.mx\/#\/schema\/logo\/image\/\"},\"sameAs\":[\"https:\/\/www.facebook.com\/SonoraEE\/\",\"https:\/\/x.com\/sonoraenequipo\",\"https:\/\/www.youtube.com\/channel\/UC338nW-lPEYmJQs4ZABQ1SQ\"]},{\"@type\":\"Person\",\"@id\":\"https:\/\/www.sonoraenequipo.com.mx\/#\/schema\/person\/50102df0fb23a8fa9e8effad8fa81386\",\"name\":\"enequipo\",\"image\":{\"@type\":\"ImageObject\",\"inLanguage\":\"es\",\"@id\":\"https:\/\/www.sonoraenequipo.com.mx\/#\/schema\/person\/image\/\",\"url\":\"https:\/\/secure.gravatar.com\/avatar\/049821681b589dabc0bc20695993ccebb09f5b5d4d790cd9251b97faac7c652b?s=96&d=blank&r=g\",\"contentUrl\":\"https:\/\/secure.gravatar.com\/avatar\/049821681b589dabc0bc20695993ccebb09f5b5d4d790cd9251b97faac7c652b?s=96&d=blank&r=g\",\"caption\":\"enequipo\"},\"sameAs\":[\"https:\/\/www.facebook.com\/SonoraEE\"]}]}<\/script>\n ","yoast_head_json":{"title":"Sonora en Equipo. Esc\u00e1ndalo en escuela alemana por propuesta de eslogan nazi MUNDO","description":"En el mejor de los casos, el lema elegido para la graduaci\u00f3n en tu escuela secundaria es algo que recordar\u00e1s con cari\u00f1o el resto de tu vida. Adorna las En Sonora en Equipo publicamos toda la informaci\u00f3n de Sonora, M\u00e9xico y el Mundo de manera oportuna y busca que la libertad de expresi\u00f3n sea real. Visita nuestro medio informativo publicado desde Hermosillo, Sonora. %","robots":{"index":"index","follow":"follow","max-snippet":"max-snippet:-1","max-image-preview":"max-image-preview:large","max-video-preview":"max-video-preview:-1"},"canonical":"https:\/\/www.sonoraenequipo.com.mx\/escandalo-en-escuela-alemana-por-propuesta-de-eslogan-nazi\/","og_locale":"es_ES","og_type":"article","og_title":"Sonora en Equipo. Esc\u00e1ndalo en escuela alemana por propuesta de eslogan nazi MUNDO","og_description":"En el mejor de los casos, el lema elegido para la graduaci\u00f3n en tu escuela secundaria es algo que recordar\u00e1s con cari\u00f1o el resto de tu vida. Adorna las En Sonora en Equipo publicamos toda la informaci\u00f3n de Sonora, M\u00e9xico y el Mundo de manera oportuna y busca que la libertad de expresi\u00f3n sea real. Visita nuestro medio informativo publicado desde Hermosillo, Sonora. %","og_url":"https:\/\/www.sonoraenequipo.com.mx\/escandalo-en-escuela-alemana-por-propuesta-de-eslogan-nazi\/","og_site_name":"Sonora en Equipo.","article_publisher":"https:\/\/www.facebook.com\/SonoraEE\/","article_author":"https:\/\/www.facebook.com\/SonoraEE","article_published_time":"2025-05-29T20:28:57+00:00","og_image":[{"width":600,"height":400,"url":"https:\/\/www.sonoraenequipo.com.mx\/storage\/2025\/05\/estudiantes-alemanes.jpg","type":"image\/jpeg"}],"author":"enequipo","twitter_card":"summary_large_image","twitter_creator":"@sonoraenequipo","twitter_site":"@sonoraenequipo","twitter_misc":{"Escrito por":"enequipo","Tiempo de lectura":"3 minutos"},"schema":{"@context":"https:\/\/schema.org","@graph":[{"@type":"Article","@id":"https:\/\/www.sonoraenequipo.com.mx\/escandalo-en-escuela-alemana-por-propuesta-de-eslogan-nazi\/#article","isPartOf":{"@id":"https:\/\/www.sonoraenequipo.com.mx\/escandalo-en-escuela-alemana-por-propuesta-de-eslogan-nazi\/"},"author":{"name":"enequipo","@id":"https:\/\/www.sonoraenequipo.com.mx\/#\/schema\/person\/50102df0fb23a8fa9e8effad8fa81386"},"headline":"Esc\u00e1ndalo en escuela alemana por propuesta de eslogan nazi","datePublished":"2025-05-29T20:28:57+00:00","mainEntityOfPage":{"@id":"https:\/\/www.sonoraenequipo.com.mx\/escandalo-en-escuela-alemana-por-propuesta-de-eslogan-nazi\/"},"wordCount":623,"commentCount":0,"publisher":{"@id":"https:\/\/www.sonoraenequipo.com.mx\/#organization"},"image":{"@id":"https:\/\/www.sonoraenequipo.com.mx\/escandalo-en-escuela-alemana-por-propuesta-de-eslogan-nazi\/#primaryimage"},"thumbnailUrl":"https:\/\/www.sonoraenequipo.com.mx\/storage\/2025\/05\/estudiantes-alemanes.jpg","keywords":["alemana","esc\u00e1ndalo","escuela","lema","nazi"],"articleSection":["MUNDO"],"inLanguage":"es","potentialAction":[{"@type":"CommentAction","name":"Comment","target":["https:\/\/www.sonoraenequipo.com.mx\/escandalo-en-escuela-alemana-por-propuesta-de-eslogan-nazi\/#respond"]}]},{"@type":"WebPage","@id":"https:\/\/www.sonoraenequipo.com.mx\/escandalo-en-escuela-alemana-por-propuesta-de-eslogan-nazi\/","url":"https:\/\/www.sonoraenequipo.com.mx\/escandalo-en-escuela-alemana-por-propuesta-de-eslogan-nazi\/","name":"Sonora en Equipo. Esc\u00e1ndalo en escuela alemana por propuesta de eslogan nazi MUNDO","isPartOf":{"@id":"https:\/\/www.sonoraenequipo.com.mx\/#website"},"primaryImageOfPage":{"@id":"https:\/\/www.sonoraenequipo.com.mx\/escandalo-en-escuela-alemana-por-propuesta-de-eslogan-nazi\/#primaryimage"},"image":{"@id":"https:\/\/www.sonoraenequipo.com.mx\/escandalo-en-escuela-alemana-por-propuesta-de-eslogan-nazi\/#primaryimage"},"thumbnailUrl":"https:\/\/www.sonoraenequipo.com.mx\/storage\/2025\/05\/estudiantes-alemanes.jpg","datePublished":"2025-05-29T20:28:57+00:00","description":"En el mejor de los casos, el lema elegido para la graduaci\u00f3n en tu escuela secundaria es algo que recordar\u00e1s con cari\u00f1o el resto de tu vida. Adorna las En Sonora en Equipo publicamos toda la informaci\u00f3n de Sonora, M\u00e9xico y el Mundo de manera oportuna y busca que la libertad de expresi\u00f3n sea real. Visita nuestro medio informativo publicado desde Hermosillo, Sonora. %","breadcrumb":{"@id":"https:\/\/www.sonoraenequipo.com.mx\/escandalo-en-escuela-alemana-por-propuesta-de-eslogan-nazi\/#breadcrumb"},"inLanguage":"es","potentialAction":[{"@type":"ReadAction","target":["https:\/\/www.sonoraenequipo.com.mx\/escandalo-en-escuela-alemana-por-propuesta-de-eslogan-nazi\/"]}]},{"@type":"ImageObject","inLanguage":"es","@id":"https:\/\/www.sonoraenequipo.com.mx\/escandalo-en-escuela-alemana-por-propuesta-de-eslogan-nazi\/#primaryimage","url":"https:\/\/www.sonoraenequipo.com.mx\/storage\/2025\/05\/estudiantes-alemanes.jpg","contentUrl":"https:\/\/www.sonoraenequipo.com.mx\/storage\/2025\/05\/estudiantes-alemanes.jpg","width":600,"height":400,"caption":"Examen de bachillerato ('Abitur') en una escuela secundaria alemana.Imagen: Silas Stein\/dpa\/picture alliance"},{"@type":"BreadcrumbList","@id":"https:\/\/www.sonoraenequipo.com.mx\/escandalo-en-escuela-alemana-por-propuesta-de-eslogan-nazi\/#breadcrumb","itemListElement":[{"@type":"ListItem","position":1,"name":"Portada","item":"https:\/\/www.sonoraenequipo.com.mx\/"},{"@type":"ListItem","position":2,"name":"Esc\u00e1ndalo en escuela alemana por propuesta de eslogan nazi"}]},{"@type":"WebSite","@id":"https:\/\/www.sonoraenequipo.com.mx\/#website","url":"https:\/\/www.sonoraenequipo.com.mx\/","name":"Sonora en Equipo.","description":"Diario en l\u00ednea con Noticias desde Hermosillo, Sonora","publisher":{"@id":"https:\/\/www.sonoraenequipo.com.mx\/#organization"},"potentialAction":[{"@type":"SearchAction","target":{"@type":"EntryPoint","urlTemplate":"https:\/\/www.sonoraenequipo.com.mx\/?s={search_term_string}"},"query-input":{"@type":"PropertyValueSpecification","valueRequired":true,"valueName":"search_term_string"}}],"inLanguage":"es"},{"@type":"Organization","@id":"https:\/\/www.sonoraenequipo.com.mx\/#organization","name":"Sonoraenequipo.com.mx","url":"https:\/\/www.sonoraenequipo.com.mx\/","logo":{"@type":"ImageObject","inLanguage":"es","@id":"https:\/\/www.sonoraenequipo.com.mx\/#\/schema\/logo\/image\/","url":"https:\/\/www.sonoraenequipo.com.mx\/storage\/2019\/01\/sonoraenequipo_opt.png","contentUrl":"https:\/\/www.sonoraenequipo.com.mx\/storage\/2019\/01\/sonoraenequipo_opt.png","width":375,"height":125,"caption":"Sonoraenequipo.com.mx"},"image":{"@id":"https:\/\/www.sonoraenequipo.com.mx\/#\/schema\/logo\/image\/"},"sameAs":["https:\/\/www.facebook.com\/SonoraEE\/","https:\/\/x.com\/sonoraenequipo","https:\/\/www.youtube.com\/channel\/UC338nW-lPEYmJQs4ZABQ1SQ"]},{"@type":"Person","@id":"https:\/\/www.sonoraenequipo.com.mx\/#\/schema\/person\/50102df0fb23a8fa9e8effad8fa81386","name":"enequipo","image":{"@type":"ImageObject","inLanguage":"es","@id":"https:\/\/www.sonoraenequipo.com.mx\/#\/schema\/person\/image\/","url":"https:\/\/secure.gravatar.com\/avatar\/049821681b589dabc0bc20695993ccebb09f5b5d4d790cd9251b97faac7c652b?s=96&d=blank&r=g","contentUrl":"https:\/\/secure.gravatar.com\/avatar\/049821681b589dabc0bc20695993ccebb09f5b5d4d790cd9251b97faac7c652b?s=96&d=blank&r=g","caption":"enequipo"},"sameAs":["https:\/\/www.facebook.com\/SonoraEE"]}]}},"jetpack_featured_media_url":"https:\/\/www.sonoraenequipo.com.mx\/storage\/2025\/05\/estudiantes-alemanes.jpg","_links":{"self":[{"href":"https:\/\/www.sonoraenequipo.com.mx\/api\/wp\/v2\/posts\/216579","targetHints":{"allow":["GET"]}}],"collection":[{"href":"https:\/\/www.sonoraenequipo.com.mx\/api\/wp\/v2\/posts"}],"about":[{"href":"https:\/\/www.sonoraenequipo.com.mx\/api\/wp\/v2\/types\/post"}],"author":[{"embeddable":true,"href":"https:\/\/www.sonoraenequipo.com.mx\/api\/wp\/v2\/users\/1"}],"replies":[{"embeddable":true,"href":"https:\/\/www.sonoraenequipo.com.mx\/api\/wp\/v2\/comments?post=216579"}],"version-history":[{"count":1,"href":"https:\/\/www.sonoraenequipo.com.mx\/api\/wp\/v2\/posts\/216579\/revisions"}],"predecessor-version":[{"id":216581,"href":"https:\/\/www.sonoraenequipo.com.mx\/api\/wp\/v2\/posts\/216579\/revisions\/216581"}],"wp:featuredmedia":[{"embeddable":true,"href":"https:\/\/www.sonoraenequipo.com.mx\/api\/wp\/v2\/media\/216580"}],"wp:attachment":[{"href":"https:\/\/www.sonoraenequipo.com.mx\/api\/wp\/v2\/media?parent=216579"}],"wp:term":[{"taxonomy":"category","embeddable":true,"href":"https:\/\/www.sonoraenequipo.com.mx\/api\/wp\/v2\/categories?post=216579"},{"taxonomy":"post_tag","embeddable":true,"href":"https:\/\/www.sonoraenequipo.com.mx\/api\/wp\/v2\/tags?post=216579"}],"curies":[{"name":"wp","href":"https:\/\/api.w.org\/{rel}","templated":true}]}}