{"id":216598,"date":"2025-05-29T09:19:43","date_gmt":"2025-05-29T16:19:43","guid":{"rendered":"https:\/\/www.sonoraenequipo.com.mx\/?p=216598"},"modified":"2025-05-29T17:36:49","modified_gmt":"2025-05-30T00:36:49","slug":"que-pasara-con-los-aranceles-de-trump-ahora-que-un-tribunal-los-anulo","status":"publish","type":"post","link":"https:\/\/www.sonoraenequipo.com.mx\/que-pasara-con-los-aranceles-de-trump-ahora-que-un-tribunal-los-anulo\/","title":{"rendered":"\u00bfQu\u00e9 pasar\u00e1 con los aranceles de Trump ahora que un tribunal los anul\u00f3?"},"content":{"rendered":"<p><strong>&nbsp;WASHINGTON, ESTADOS UNIDOS DEL NORTE DE AM\u00c9RICA. \u2014<\/strong> Un tribunal federal en Nueva York le propin\u00f3 un gran rev\u00e9s el mi\u00e9rcoles al presidente estadunidense Donald Trump, bloqueando su audaz plan de imponer enormes impuestos a las importaciones provenientes de casi todos los pa\u00edses del mundo.<\/p>\n<p>&nbsp;<\/p>\n<p>&nbsp;<\/p>\n<p>&nbsp;<\/p>\n<p> Un panel de tres jueces del Tribunal de Comercio Internacional de Estados Unidos dictamin\u00f3 que Trump se extralimit\u00f3 en su autoridad cuando invoc\u00f3 la Ley de Poderes Econ\u00f3micos para Emergencias Internacionales (Ieepa, por sus siglas en ingl\u00e9s) de 1977 con el fin de declarar una emergencia nacional y justificar los aranceles generalizados.<\/p>\n<p>&nbsp;<\/p>\n<p>&nbsp;<\/p>\n<p>Los aranceles revirtieron d\u00e9cadas de pol\u00edtica comercial de Washington, interrumpieron el comercio global, sacudieron los mercados financieros y aumentaron el riesgo de que los precios suban y haya recesi\u00f3n en Estados Unidos y en todo el mundo.<\/p>\n<p>&nbsp;<\/p>\n<p>&nbsp;<\/p>\n<p>El Tribunal de Comercio Internacional tiene jurisdicci\u00f3n sobre casos civiles relacionados con el comercio. Sus decisiones pueden ser apeladas ante la Corte Federal de Apelaciones para el Circuito Federal en Washington y, en \u00faltima instancia, ante la Corte Suprema, donde se prev\u00e9 que vayan a parar las impugnaciones jur\u00eddicas a los aranceles de Trump.<\/p>\n<p>&nbsp;<\/p>\n<p>&nbsp;<\/p>\n<p><strong>\u00bfQu\u00e9 aranceles bloque\u00f3 el tribunal?<\/strong><\/p>\n<p>&nbsp;<\/p>\n<p>&nbsp;<\/p>\n<p>&nbsp;<\/p>\n<p>La decisi\u00f3n del tribunal bloquea los aranceles que Trump impuso el mes pasado a casi todos los socios comerciales de Estados Unidos y los grav\u00e1menes que impuso antes a China, M\u00e9xico y Canad\u00e1.<\/p>\n<p>&nbsp;<\/p>\n<p>&nbsp;<\/p>\n<p>&nbsp;<\/p>\n<p>El 2 de abril, Trump impuso los llamados aranceles rec\u00edprocos de hasta el 50 por ciento a pa\u00edses con los que Estados Unidos tiene un d\u00e9ficit comercial, y aranceles de base del 10 por ciento a casi todos los dem\u00e1s. Posteriormente suspendi\u00f3 los aranceles rec\u00edprocos durante 90 d\u00edas para dar tiempo a los pa\u00edses a acordar la reducci\u00f3n de barreras a las exportaciones estadunidenses. Pero mantuvo los aranceles de base. Ampar\u00e1ndose en el alegato de que ten\u00eda un poder extraordinario para actuar sin la aprobaci\u00f3n del Congreso, justific\u00f3 los impuestos en virtud de la Ieepa, declarando que los a\u00f1ejos d\u00e9ficits comerciales de Estados Unidos son \u00abuna emergencia nacional\u00bb.<\/p>\n<p>&nbsp;<\/p>\n<p>&nbsp;<\/p>\n<p>&nbsp;<\/p>\n<p>En febrero hab\u00eda invocado la ley para imponer aranceles a Canad\u00e1, M\u00e9xico y China, diciendo que el flujo ilegal de inmigrantes y drogas a trav\u00e9s de la frontera estadounidense constitu\u00eda una emergencia nacional y que los tres pa\u00edses necesitaban hacer m\u00e1s para detenerlo.<\/p>\n<p>&nbsp;<\/p>\n<p>&nbsp;<\/p>\n<p>&nbsp;<\/p>\n<p>La Constituci\u00f3n de Estados Unidos otorga al Congreso el poder de establecer impuestos, incluidos los aranceles. Pero gradualmente los legisladores han permitido que los presidentes asuman m\u00e1s poder sobre los aranceles, y Trump ha aprovechado al m\u00e1ximo esta situaci\u00f3n.<\/p>\n<p>&nbsp;<\/p>\n<p>&nbsp;<\/p>\n<p>Los aranceles est\u00e1n siendo impugnados en al menos siete demandas. En el fallo del mi\u00e9rcoles, el tribunal de comercio combin\u00f3 dos de los casos: uno interpuesto por cinco peque\u00f1as empresas y otro por 12 estados de Estados Unidos.<\/p>\n<p>&nbsp;<\/p>\n<p>&nbsp;<\/p>\n<p>&nbsp;<\/p>\n<p>El fallo deja en vigor otros aranceles de Trump, incluidos aquellos sobre el acero, el aluminio y los autom\u00f3viles extranjeros. Pero esos grav\u00e1menes fueron invocados bajo una ley diferente que requer\u00eda una investigaci\u00f3n del Departamento de Comercio y no pod\u00edan ser impuestos a discreci\u00f3n del presidente.<\/p>\n<p>&nbsp;<\/p>\n<p>&nbsp;<\/p>\n<p><strong>\u00bfPor qu\u00e9 fall\u00f3 el tribunal en contra del presidente?<\/strong><\/p>\n<p>&nbsp;<\/p>\n<p>&nbsp;<\/p>\n<p>&nbsp;<\/p>\n<p>El gobierno hab\u00eda argumentado que los tribunales hab\u00edan aprobado el uso de emergencia de aranceles por parte del entonces presidente Richard Nixon en una crisis econ\u00f3mica y financiera de 1971, la cual surgi\u00f3 cuando Estados Unidos devalu\u00f3 repentinamente el d\u00f3lar al poner fin a una pol\u00edtica que vinculaba la moneda estadounidense al precio del oro. El gobierno de Nixon cit\u00f3 con \u00e9xito su autoridad bajo la Ley de Comercio con el Enemigo de 1917, que precedi\u00f3 y de la cual se extrajo parte del lenguaje jur\u00eddico utilizado posteriormente en la Ieepa.<\/p>\n<p>&nbsp;<\/p>\n<p>&nbsp;<\/p>\n<p>&nbsp;<\/p>\n<p>El tribunal no estuvo de acuerdo, y decidi\u00f3 que los aranceles generalizados de Trump estaban por encima de la autoridad de \u00e9l para regular las importaciones bajo la Ieepa. Tambi\u00e9n indic\u00f3 que esos grav\u00e1menes no hicieron nada para abordar los problemas que se supon\u00eda deb\u00edan resolver. En su caso, los estados pusieron de relieve que los d\u00e9ficits comerciales de Estados Unidos dif\u00edcilmente constituyen una emergencia repentina. El pa\u00eds los ha acumulado durante 49 a\u00f1os consecutivos en tiempos buenos y malos.<\/p>\n<p>&nbsp;<\/p>\n<p>&nbsp;<\/p>\n<p>&nbsp;<\/p>\n<p><strong>Despu\u00e9s de esto, \u00bfd\u00f3nde queda la agenda comercial de Trump?<\/strong><\/p>\n<p>&nbsp;<\/p>\n<p>&nbsp;<\/p>\n<p>Wendy Cutler, exfuncionaria comercial de Estados Unidos que ahora es vicepresidenta del Asia Society Policy Institute \u2014un centro de investigaci\u00f3n\u2014, dice que la decisi\u00f3n del tribunal <em><strong>\u00abgenera una turbulencia en la pol\u00edtica comercial del presidente\u00bb.<\/strong><\/em><\/p>\n<p>&nbsp;<\/p>\n<p>&nbsp;<\/p>\n<p><em><strong>\u00abLos socios que negocian arduamente durante el per\u00edodo de pausa de 90 d\u00edas en la imposici\u00f3n de aranceles pueden verse tentados a abstenerse de hacer m\u00e1s concesiones a Estados Unidos hasta que haya m\u00e1s claridad jur\u00eddica\u00bb<\/strong><\/em>, se\u00f1al\u00f3.<\/p>\n<p>&nbsp;<\/p>\n<p>&nbsp;<\/p>\n<p>&nbsp;<\/p>\n<p>Asimismo, las empresas tendr\u00e1n que reevaluar la forma en que gestionan sus cadenas de suministro, quiz\u00e1s acelerando los env\u00edos a Estados Unidos para compensar el riesgo de que los aranceles sean reinstaurados luego de una apelaci\u00f3n.<\/p>\n<p>&nbsp;<\/p>\n<p>&nbsp;<\/p>\n<p>&nbsp;<\/p>\n<p>El tribunal de comercio hizo notar que Trump retiene un poder m\u00e1s limitado para imponer aranceles con el fin de abordar los d\u00e9ficits comerciales bajo otro estatuto, la Ley de Comercio de 1974. Pero esa ley restringe los aranceles al 15 por ciento y s\u00f3lo durante 150 d\u00edas con pa\u00edses con los que Washington tiene grandes d\u00e9ficits comerciales.<\/p>\n<p>&nbsp;<\/p>\n<p>&nbsp;<\/p>\n<p>&nbsp;<\/p>\n<p>&nbsp;<\/p>\n<p>Por ahora, el fallo del tribunal de comercio \u00ab<em><strong>destruye la justificaci\u00f3n del gobierno de Trump para usar poderes de emergencia federales con el fin de imponer aranceles, lo que excede la autoridad del Congreso y contraviene cualquier noci\u00f3n de debido proceso\u00bb<\/strong><\/em>, declar\u00f3 Eswar Prasad, profesor de pol\u00edtica comercial en la Universidad de Cornell. \u00ab<em><strong>El fallo deja claro que los amplios aranceles impuestos unilateralmente por Trump representan una extralimitaci\u00f3n del poder ejecutivo\u00bb.<\/strong><\/em><\/p>\n<p>&nbsp;<\/p>\n<p>&nbsp;<\/p>\n<p>PUBLICADO EL 29 DE MAYO DE 2025 Con informaci\u00f3n de AP)<\/p>\n","protected":false},"excerpt":{"rendered":"<p>&nbsp;WASHINGTON, ESTADOS UNIDOS DEL NORTE DE AM\u00c9RICA. \u2014 Un tribunal federal en Nueva York le&#8230;<\/p>\n","protected":false},"author":1,"featured_media":216601,"comment_status":"open","ping_status":"open","sticky":false,"template":"","format":"standard","meta":{"_monsterinsights_skip_tracking":false,"_monsterinsights_sitenote_active":false,"_monsterinsights_sitenote_note":"","_monsterinsights_sitenote_category":0,"footnotes":""},"categories":[3],"tags":[],"class_list":["post"],"yoast_head":" \n<title>Sonora en Equipo. \u00bfQu\u00e9 pasar\u00e1 con los aranceles de Trump ahora que un tribunal los anul\u00f3? MUNDO<\/title>\n<meta name=\"description\" content=\"&nbsp;WASHINGTON, ESTADOS UNIDOS DEL NORTE DE AM\u00c9RICA. \u2014 Un tribunal federal en Nueva York le propin\u00f3 un gran rev\u00e9s el mi\u00e9rcoles al presidente En Sonora en Equipo publicamos toda la informaci\u00f3n de Sonora, M\u00e9xico y el Mundo de manera oportuna y busca que la libertad de expresi\u00f3n sea real. Visita nuestro medio informativo publicado desde Hermosillo, Sonora. %\" \/>\n<meta name=\"robots\" content=\"index, follow, max-snippet:-1, max-image-preview:large, max-video-preview:-1\" \/>\n<link rel=\"canonical\" href=\"https:\/\/www.sonoraenequipo.com.mx\/que-pasara-con-los-aranceles-de-trump-ahora-que-un-tribunal-los-anulo\/\" \/>\n<meta property=\"og:locale\" content=\"es_ES\" \/>\n<meta property=\"og:type\" content=\"article\" \/>\n<meta property=\"og:title\" content=\"Sonora en Equipo. \u00bfQu\u00e9 pasar\u00e1 con los aranceles de Trump ahora que un tribunal los anul\u00f3? MUNDO\" \/>\n<meta property=\"og:description\" content=\"&nbsp;WASHINGTON, ESTADOS UNIDOS DEL NORTE DE AM\u00c9RICA. \u2014 Un tribunal federal en Nueva York le propin\u00f3 un gran rev\u00e9s el mi\u00e9rcoles al presidente En Sonora en Equipo publicamos toda la informaci\u00f3n de Sonora, M\u00e9xico y el Mundo de manera oportuna y busca que la libertad de expresi\u00f3n sea real. Visita nuestro medio informativo publicado desde Hermosillo, Sonora. %\" \/>\n<meta property=\"og:url\" content=\"https:\/\/www.sonoraenequipo.com.mx\/que-pasara-con-los-aranceles-de-trump-ahora-que-un-tribunal-los-anulo\/\" \/>\n<meta property=\"og:site_name\" content=\"Sonora en Equipo.\" \/>\n<meta property=\"article:publisher\" content=\"https:\/\/www.facebook.com\/SonoraEE\/\" \/>\n<meta property=\"article:author\" content=\"https:\/\/www.facebook.com\/SonoraEE\" \/>\n<meta property=\"article:published_time\" content=\"2025-05-29T16:19:43+00:00\" \/>\n<meta property=\"article:modified_time\" content=\"2025-05-30T00:36:49+00:00\" \/>\n<meta property=\"og:image\" content=\"https:\/\/www.sonoraenequipo.com.mx\/storage\/2025\/05\/Donald-Trump-min.jpg\" \/>\n\t<meta property=\"og:image:width\" content=\"1107\" \/>\n\t<meta property=\"og:image:height\" content=\"718\" \/>\n\t<meta property=\"og:image:type\" content=\"image\/jpeg\" \/>\n<meta name=\"author\" content=\"enequipo\" \/>\n<meta name=\"twitter:card\" content=\"summary_large_image\" \/>\n<meta name=\"twitter:creator\" content=\"@sonoraenequipo\" \/>\n<meta name=\"twitter:site\" content=\"@sonoraenequipo\" \/>\n<meta name=\"twitter:label1\" content=\"Escrito por\" \/>\n\t<meta name=\"twitter:data1\" content=\"enequipo\" \/>\n\t<meta name=\"twitter:label2\" content=\"Tiempo de lectura\" \/>\n\t<meta name=\"twitter:data2\" content=\"5 minutos\" \/>\n<script type=\"application\/ld+json\" class=\"yoast-schema-graph\">{\"@context\":\"https:\/\/schema.org\",\"@graph\":[{\"@type\":\"Article\",\"@id\":\"https:\/\/www.sonoraenequipo.com.mx\/que-pasara-con-los-aranceles-de-trump-ahora-que-un-tribunal-los-anulo\/#article\",\"isPartOf\":{\"@id\":\"https:\/\/www.sonoraenequipo.com.mx\/que-pasara-con-los-aranceles-de-trump-ahora-que-un-tribunal-los-anulo\/\"},\"author\":{\"name\":\"enequipo\",\"@id\":\"https:\/\/www.sonoraenequipo.com.mx\/#\/schema\/person\/50102df0fb23a8fa9e8effad8fa81386\"},\"headline\":\"\u00bfQu\u00e9 pasar\u00e1 con los aranceles de Trump ahora que un tribunal los anul\u00f3?\",\"datePublished\":\"2025-05-29T16:19:43+00:00\",\"dateModified\":\"2025-05-30T00:36:49+00:00\",\"mainEntityOfPage\":{\"@id\":\"https:\/\/www.sonoraenequipo.com.mx\/que-pasara-con-los-aranceles-de-trump-ahora-que-un-tribunal-los-anulo\/\"},\"wordCount\":1076,\"commentCount\":0,\"publisher\":{\"@id\":\"https:\/\/www.sonoraenequipo.com.mx\/#organization\"},\"image\":{\"@id\":\"https:\/\/www.sonoraenequipo.com.mx\/que-pasara-con-los-aranceles-de-trump-ahora-que-un-tribunal-los-anulo\/#primaryimage\"},\"thumbnailUrl\":\"https:\/\/www.sonoraenequipo.com.mx\/storage\/2025\/05\/Donald-Trump-min.jpg\",\"articleSection\":[\"MUNDO\"],\"inLanguage\":\"es\",\"potentialAction\":[{\"@type\":\"CommentAction\",\"name\":\"Comment\",\"target\":[\"https:\/\/www.sonoraenequipo.com.mx\/que-pasara-con-los-aranceles-de-trump-ahora-que-un-tribunal-los-anulo\/#respond\"]}]},{\"@type\":\"WebPage\",\"@id\":\"https:\/\/www.sonoraenequipo.com.mx\/que-pasara-con-los-aranceles-de-trump-ahora-que-un-tribunal-los-anulo\/\",\"url\":\"https:\/\/www.sonoraenequipo.com.mx\/que-pasara-con-los-aranceles-de-trump-ahora-que-un-tribunal-los-anulo\/\",\"name\":\"Sonora en Equipo. \u00bfQu\u00e9 pasar\u00e1 con los aranceles de Trump ahora que un tribunal los anul\u00f3? MUNDO\",\"isPartOf\":{\"@id\":\"https:\/\/www.sonoraenequipo.com.mx\/#website\"},\"primaryImageOfPage\":{\"@id\":\"https:\/\/www.sonoraenequipo.com.mx\/que-pasara-con-los-aranceles-de-trump-ahora-que-un-tribunal-los-anulo\/#primaryimage\"},\"image\":{\"@id\":\"https:\/\/www.sonoraenequipo.com.mx\/que-pasara-con-los-aranceles-de-trump-ahora-que-un-tribunal-los-anulo\/#primaryimage\"},\"thumbnailUrl\":\"https:\/\/www.sonoraenequipo.com.mx\/storage\/2025\/05\/Donald-Trump-min.jpg\",\"datePublished\":\"2025-05-29T16:19:43+00:00\",\"dateModified\":\"2025-05-30T00:36:49+00:00\",\"description\":\"&nbsp;WASHINGTON, ESTADOS UNIDOS DEL NORTE DE AM\u00c9RICA. \u2014 Un tribunal federal en Nueva York le propin\u00f3 un gran rev\u00e9s el mi\u00e9rcoles al presidente En Sonora en Equipo publicamos toda la informaci\u00f3n de Sonora, M\u00e9xico y el Mundo de manera oportuna y busca que la libertad de expresi\u00f3n sea real. Visita nuestro medio informativo publicado desde Hermosillo, Sonora. %\",\"breadcrumb\":{\"@id\":\"https:\/\/www.sonoraenequipo.com.mx\/que-pasara-con-los-aranceles-de-trump-ahora-que-un-tribunal-los-anulo\/#breadcrumb\"},\"inLanguage\":\"es\",\"potentialAction\":[{\"@type\":\"ReadAction\",\"target\":[\"https:\/\/www.sonoraenequipo.com.mx\/que-pasara-con-los-aranceles-de-trump-ahora-que-un-tribunal-los-anulo\/\"]}]},{\"@type\":\"ImageObject\",\"inLanguage\":\"es\",\"@id\":\"https:\/\/www.sonoraenequipo.com.mx\/que-pasara-con-los-aranceles-de-trump-ahora-que-un-tribunal-los-anulo\/#primaryimage\",\"url\":\"https:\/\/www.sonoraenequipo.com.mx\/storage\/2025\/05\/Donald-Trump-min.jpg\",\"contentUrl\":\"https:\/\/www.sonoraenequipo.com.mx\/storage\/2025\/05\/Donald-Trump-min.jpg\",\"width\":1107,\"height\":718,\"caption\":\"Imagen de archivo\"},{\"@type\":\"BreadcrumbList\",\"@id\":\"https:\/\/www.sonoraenequipo.com.mx\/que-pasara-con-los-aranceles-de-trump-ahora-que-un-tribunal-los-anulo\/#breadcrumb\",\"itemListElement\":[{\"@type\":\"ListItem\",\"position\":1,\"name\":\"Portada\",\"item\":\"https:\/\/www.sonoraenequipo.com.mx\/\"},{\"@type\":\"ListItem\",\"position\":2,\"name\":\"\u00bfQu\u00e9 pasar\u00e1 con los aranceles de Trump ahora que un tribunal los anul\u00f3?\"}]},{\"@type\":\"WebSite\",\"@id\":\"https:\/\/www.sonoraenequipo.com.mx\/#website\",\"url\":\"https:\/\/www.sonoraenequipo.com.mx\/\",\"name\":\"Sonora en Equipo.\",\"description\":\"Diario en l\u00ednea con Noticias desde Hermosillo, Sonora\",\"publisher\":{\"@id\":\"https:\/\/www.sonoraenequipo.com.mx\/#organization\"},\"potentialAction\":[{\"@type\":\"SearchAction\",\"target\":{\"@type\":\"EntryPoint\",\"urlTemplate\":\"https:\/\/www.sonoraenequipo.com.mx\/?s={search_term_string}\"},\"query-input\":{\"@type\":\"PropertyValueSpecification\",\"valueRequired\":true,\"valueName\":\"search_term_string\"}}],\"inLanguage\":\"es\"},{\"@type\":\"Organization\",\"@id\":\"https:\/\/www.sonoraenequipo.com.mx\/#organization\",\"name\":\"Sonoraenequipo.com.mx\",\"url\":\"https:\/\/www.sonoraenequipo.com.mx\/\",\"logo\":{\"@type\":\"ImageObject\",\"inLanguage\":\"es\",\"@id\":\"https:\/\/www.sonoraenequipo.com.mx\/#\/schema\/logo\/image\/\",\"url\":\"https:\/\/www.sonoraenequipo.com.mx\/storage\/2019\/01\/sonoraenequipo_opt.png\",\"contentUrl\":\"https:\/\/www.sonoraenequipo.com.mx\/storage\/2019\/01\/sonoraenequipo_opt.png\",\"width\":375,\"height\":125,\"caption\":\"Sonoraenequipo.com.mx\"},\"image\":{\"@id\":\"https:\/\/www.sonoraenequipo.com.mx\/#\/schema\/logo\/image\/\"},\"sameAs\":[\"https:\/\/www.facebook.com\/SonoraEE\/\",\"https:\/\/x.com\/sonoraenequipo\",\"https:\/\/www.youtube.com\/channel\/UC338nW-lPEYmJQs4ZABQ1SQ\"]},{\"@type\":\"Person\",\"@id\":\"https:\/\/www.sonoraenequipo.com.mx\/#\/schema\/person\/50102df0fb23a8fa9e8effad8fa81386\",\"name\":\"enequipo\",\"image\":{\"@type\":\"ImageObject\",\"inLanguage\":\"es\",\"@id\":\"https:\/\/www.sonoraenequipo.com.mx\/#\/schema\/person\/image\/\",\"url\":\"https:\/\/secure.gravatar.com\/avatar\/049821681b589dabc0bc20695993ccebb09f5b5d4d790cd9251b97faac7c652b?s=96&d=blank&r=g\",\"contentUrl\":\"https:\/\/secure.gravatar.com\/avatar\/049821681b589dabc0bc20695993ccebb09f5b5d4d790cd9251b97faac7c652b?s=96&d=blank&r=g\",\"caption\":\"enequipo\"},\"sameAs\":[\"https:\/\/www.facebook.com\/SonoraEE\"]}]}<\/script>\n ","yoast_head_json":{"title":"Sonora en Equipo. \u00bfQu\u00e9 pasar\u00e1 con los aranceles de Trump ahora que un tribunal los anul\u00f3? MUNDO","description":"&nbsp;WASHINGTON, ESTADOS UNIDOS DEL NORTE DE AM\u00c9RICA. \u2014 Un tribunal federal en Nueva York le propin\u00f3 un gran rev\u00e9s el mi\u00e9rcoles al presidente En Sonora en Equipo publicamos toda la informaci\u00f3n de Sonora, M\u00e9xico y el Mundo de manera oportuna y busca que la libertad de expresi\u00f3n sea real. Visita nuestro medio informativo publicado desde Hermosillo, Sonora. %","robots":{"index":"index","follow":"follow","max-snippet":"max-snippet:-1","max-image-preview":"max-image-preview:large","max-video-preview":"max-video-preview:-1"},"canonical":"https:\/\/www.sonoraenequipo.com.mx\/que-pasara-con-los-aranceles-de-trump-ahora-que-un-tribunal-los-anulo\/","og_locale":"es_ES","og_type":"article","og_title":"Sonora en Equipo. \u00bfQu\u00e9 pasar\u00e1 con los aranceles de Trump ahora que un tribunal los anul\u00f3? MUNDO","og_description":"&nbsp;WASHINGTON, ESTADOS UNIDOS DEL NORTE DE AM\u00c9RICA. \u2014 Un tribunal federal en Nueva York le propin\u00f3 un gran rev\u00e9s el mi\u00e9rcoles al presidente En Sonora en Equipo publicamos toda la informaci\u00f3n de Sonora, M\u00e9xico y el Mundo de manera oportuna y busca que la libertad de expresi\u00f3n sea real. Visita nuestro medio informativo publicado desde Hermosillo, Sonora. %","og_url":"https:\/\/www.sonoraenequipo.com.mx\/que-pasara-con-los-aranceles-de-trump-ahora-que-un-tribunal-los-anulo\/","og_site_name":"Sonora en Equipo.","article_publisher":"https:\/\/www.facebook.com\/SonoraEE\/","article_author":"https:\/\/www.facebook.com\/SonoraEE","article_published_time":"2025-05-29T16:19:43+00:00","article_modified_time":"2025-05-30T00:36:49+00:00","og_image":[{"width":1107,"height":718,"url":"https:\/\/www.sonoraenequipo.com.mx\/storage\/2025\/05\/Donald-Trump-min.jpg","type":"image\/jpeg"}],"author":"enequipo","twitter_card":"summary_large_image","twitter_creator":"@sonoraenequipo","twitter_site":"@sonoraenequipo","twitter_misc":{"Escrito por":"enequipo","Tiempo de lectura":"5 minutos"},"schema":{"@context":"https:\/\/schema.org","@graph":[{"@type":"Article","@id":"https:\/\/www.sonoraenequipo.com.mx\/que-pasara-con-los-aranceles-de-trump-ahora-que-un-tribunal-los-anulo\/#article","isPartOf":{"@id":"https:\/\/www.sonoraenequipo.com.mx\/que-pasara-con-los-aranceles-de-trump-ahora-que-un-tribunal-los-anulo\/"},"author":{"name":"enequipo","@id":"https:\/\/www.sonoraenequipo.com.mx\/#\/schema\/person\/50102df0fb23a8fa9e8effad8fa81386"},"headline":"\u00bfQu\u00e9 pasar\u00e1 con los aranceles de Trump ahora que un tribunal los anul\u00f3?","datePublished":"2025-05-29T16:19:43+00:00","dateModified":"2025-05-30T00:36:49+00:00","mainEntityOfPage":{"@id":"https:\/\/www.sonoraenequipo.com.mx\/que-pasara-con-los-aranceles-de-trump-ahora-que-un-tribunal-los-anulo\/"},"wordCount":1076,"commentCount":0,"publisher":{"@id":"https:\/\/www.sonoraenequipo.com.mx\/#organization"},"image":{"@id":"https:\/\/www.sonoraenequipo.com.mx\/que-pasara-con-los-aranceles-de-trump-ahora-que-un-tribunal-los-anulo\/#primaryimage"},"thumbnailUrl":"https:\/\/www.sonoraenequipo.com.mx\/storage\/2025\/05\/Donald-Trump-min.jpg","articleSection":["MUNDO"],"inLanguage":"es","potentialAction":[{"@type":"CommentAction","name":"Comment","target":["https:\/\/www.sonoraenequipo.com.mx\/que-pasara-con-los-aranceles-de-trump-ahora-que-un-tribunal-los-anulo\/#respond"]}]},{"@type":"WebPage","@id":"https:\/\/www.sonoraenequipo.com.mx\/que-pasara-con-los-aranceles-de-trump-ahora-que-un-tribunal-los-anulo\/","url":"https:\/\/www.sonoraenequipo.com.mx\/que-pasara-con-los-aranceles-de-trump-ahora-que-un-tribunal-los-anulo\/","name":"Sonora en Equipo. \u00bfQu\u00e9 pasar\u00e1 con los aranceles de Trump ahora que un tribunal los anul\u00f3? MUNDO","isPartOf":{"@id":"https:\/\/www.sonoraenequipo.com.mx\/#website"},"primaryImageOfPage":{"@id":"https:\/\/www.sonoraenequipo.com.mx\/que-pasara-con-los-aranceles-de-trump-ahora-que-un-tribunal-los-anulo\/#primaryimage"},"image":{"@id":"https:\/\/www.sonoraenequipo.com.mx\/que-pasara-con-los-aranceles-de-trump-ahora-que-un-tribunal-los-anulo\/#primaryimage"},"thumbnailUrl":"https:\/\/www.sonoraenequipo.com.mx\/storage\/2025\/05\/Donald-Trump-min.jpg","datePublished":"2025-05-29T16:19:43+00:00","dateModified":"2025-05-30T00:36:49+00:00","description":"&nbsp;WASHINGTON, ESTADOS UNIDOS DEL NORTE DE AM\u00c9RICA. \u2014 Un tribunal federal en Nueva York le propin\u00f3 un gran rev\u00e9s el mi\u00e9rcoles al presidente En Sonora en Equipo publicamos toda la informaci\u00f3n de Sonora, M\u00e9xico y el Mundo de manera oportuna y busca que la libertad de expresi\u00f3n sea real. Visita nuestro medio informativo publicado desde Hermosillo, Sonora. %","breadcrumb":{"@id":"https:\/\/www.sonoraenequipo.com.mx\/que-pasara-con-los-aranceles-de-trump-ahora-que-un-tribunal-los-anulo\/#breadcrumb"},"inLanguage":"es","potentialAction":[{"@type":"ReadAction","target":["https:\/\/www.sonoraenequipo.com.mx\/que-pasara-con-los-aranceles-de-trump-ahora-que-un-tribunal-los-anulo\/"]}]},{"@type":"ImageObject","inLanguage":"es","@id":"https:\/\/www.sonoraenequipo.com.mx\/que-pasara-con-los-aranceles-de-trump-ahora-que-un-tribunal-los-anulo\/#primaryimage","url":"https:\/\/www.sonoraenequipo.com.mx\/storage\/2025\/05\/Donald-Trump-min.jpg","contentUrl":"https:\/\/www.sonoraenequipo.com.mx\/storage\/2025\/05\/Donald-Trump-min.jpg","width":1107,"height":718,"caption":"Imagen de archivo"},{"@type":"BreadcrumbList","@id":"https:\/\/www.sonoraenequipo.com.mx\/que-pasara-con-los-aranceles-de-trump-ahora-que-un-tribunal-los-anulo\/#breadcrumb","itemListElement":[{"@type":"ListItem","position":1,"name":"Portada","item":"https:\/\/www.sonoraenequipo.com.mx\/"},{"@type":"ListItem","position":2,"name":"\u00bfQu\u00e9 pasar\u00e1 con los aranceles de Trump ahora que un tribunal los anul\u00f3?"}]},{"@type":"WebSite","@id":"https:\/\/www.sonoraenequipo.com.mx\/#website","url":"https:\/\/www.sonoraenequipo.com.mx\/","name":"Sonora en Equipo.","description":"Diario en l\u00ednea con Noticias desde Hermosillo, Sonora","publisher":{"@id":"https:\/\/www.sonoraenequipo.com.mx\/#organization"},"potentialAction":[{"@type":"SearchAction","target":{"@type":"EntryPoint","urlTemplate":"https:\/\/www.sonoraenequipo.com.mx\/?s={search_term_string}"},"query-input":{"@type":"PropertyValueSpecification","valueRequired":true,"valueName":"search_term_string"}}],"inLanguage":"es"},{"@type":"Organization","@id":"https:\/\/www.sonoraenequipo.com.mx\/#organization","name":"Sonoraenequipo.com.mx","url":"https:\/\/www.sonoraenequipo.com.mx\/","logo":{"@type":"ImageObject","inLanguage":"es","@id":"https:\/\/www.sonoraenequipo.com.mx\/#\/schema\/logo\/image\/","url":"https:\/\/www.sonoraenequipo.com.mx\/storage\/2019\/01\/sonoraenequipo_opt.png","contentUrl":"https:\/\/www.sonoraenequipo.com.mx\/storage\/2019\/01\/sonoraenequipo_opt.png","width":375,"height":125,"caption":"Sonoraenequipo.com.mx"},"image":{"@id":"https:\/\/www.sonoraenequipo.com.mx\/#\/schema\/logo\/image\/"},"sameAs":["https:\/\/www.facebook.com\/SonoraEE\/","https:\/\/x.com\/sonoraenequipo","https:\/\/www.youtube.com\/channel\/UC338nW-lPEYmJQs4ZABQ1SQ"]},{"@type":"Person","@id":"https:\/\/www.sonoraenequipo.com.mx\/#\/schema\/person\/50102df0fb23a8fa9e8effad8fa81386","name":"enequipo","image":{"@type":"ImageObject","inLanguage":"es","@id":"https:\/\/www.sonoraenequipo.com.mx\/#\/schema\/person\/image\/","url":"https:\/\/secure.gravatar.com\/avatar\/049821681b589dabc0bc20695993ccebb09f5b5d4d790cd9251b97faac7c652b?s=96&d=blank&r=g","contentUrl":"https:\/\/secure.gravatar.com\/avatar\/049821681b589dabc0bc20695993ccebb09f5b5d4d790cd9251b97faac7c652b?s=96&d=blank&r=g","caption":"enequipo"},"sameAs":["https:\/\/www.facebook.com\/SonoraEE"]}]}},"jetpack_featured_media_url":"https:\/\/www.sonoraenequipo.com.mx\/storage\/2025\/05\/Donald-Trump-min.jpg","_links":{"self":[{"href":"https:\/\/www.sonoraenequipo.com.mx\/api\/wp\/v2\/posts\/216598","targetHints":{"allow":["GET"]}}],"collection":[{"href":"https:\/\/www.sonoraenequipo.com.mx\/api\/wp\/v2\/posts"}],"about":[{"href":"https:\/\/www.sonoraenequipo.com.mx\/api\/wp\/v2\/types\/post"}],"author":[{"embeddable":true,"href":"https:\/\/www.sonoraenequipo.com.mx\/api\/wp\/v2\/users\/1"}],"replies":[{"embeddable":true,"href":"https:\/\/www.sonoraenequipo.com.mx\/api\/wp\/v2\/comments?post=216598"}],"version-history":[{"count":2,"href":"https:\/\/www.sonoraenequipo.com.mx\/api\/wp\/v2\/posts\/216598\/revisions"}],"predecessor-version":[{"id":216607,"href":"https:\/\/www.sonoraenequipo.com.mx\/api\/wp\/v2\/posts\/216598\/revisions\/216607"}],"wp:featuredmedia":[{"embeddable":true,"href":"https:\/\/www.sonoraenequipo.com.mx\/api\/wp\/v2\/media\/216601"}],"wp:attachment":[{"href":"https:\/\/www.sonoraenequipo.com.mx\/api\/wp\/v2\/media?parent=216598"}],"wp:term":[{"taxonomy":"category","embeddable":true,"href":"https:\/\/www.sonoraenequipo.com.mx\/api\/wp\/v2\/categories?post=216598"},{"taxonomy":"post_tag","embeddable":true,"href":"https:\/\/www.sonoraenequipo.com.mx\/api\/wp\/v2\/tags?post=216598"}],"curies":[{"name":"wp","href":"https:\/\/api.w.org\/{rel}","templated":true}]}}