{"id":216609,"date":"2025-05-29T14:42:24","date_gmt":"2025-05-29T21:42:24","guid":{"rendered":"https:\/\/www.sonoraenequipo.com.mx\/?p=216609"},"modified":"2025-05-29T17:58:03","modified_gmt":"2025-05-30T00:58:03","slug":"leon-xiv-visita-una-residencia-de-verano-que-francisco-convirtio-en-museo","status":"publish","type":"post","link":"https:\/\/www.sonoraenequipo.com.mx\/leon-xiv-visita-una-residencia-de-verano-que-francisco-convirtio-en-museo\/","title":{"rendered":"Le\u00f3n XIV visita una residencia de verano que Francisco convirti\u00f3 en museo"},"content":{"rendered":"<p><strong>ROMA.<\/strong> \u2014&nbsp; Le\u00f3n XIV visit\u00f3 el jueves palacio papal de verano, al sur de Roma, mientras se especula sobre si lo utilizar\u00e1 para escapar del calor de la capital italiana o seguir\u00e1 los pasos de Francisco y mantendr\u00e1 la finca ubicada en una colina como museo y centro ambiental.<\/p>\n<p>&nbsp;<\/p>\n<p>&nbsp;<\/p>\n<p>&nbsp;<\/p>\n<p> <br \/>\nEl pont\u00edfice visit\u00f3 el Borgo Laudato Si, un proyecto educativo de sostenibilidad que surgi\u00f3 de la enc\u00edclica ambiental de su antecesor de 2015, \u00abLaudato Si\u00bb, dijo el Vaticano. El centro est\u00e1 en los jardines de la propiedad del Vaticano en Castel Gandolfo, en el lago Albano, en las colinas al sur de Roma.<\/p>\n<p>&nbsp;<\/p>\n<p>&nbsp;<\/p>\n<p>&nbsp;<\/p>\n<p>El papa Urbano VIII construy\u00f3 el palacio en el extremo norte de la ciudad en 1624, para ofrecer a los pont\u00edfices una alternativa a los sofocantes veranos romanos. Fue ampliado durante pontificados posteriores hasta alcanzar su tama\u00f1o actual de 55 hect\u00e1reas (136 acres), lo que hace que la finca sea en realidad m\u00e1s grande que la propia Ciudad del Vaticano.<\/p>\n<p>&nbsp;<\/p>\n<p>&nbsp;<\/p>\n<p>En el pasado, los papas lo usaban normalmente en verano, y Benedicto XVI se retir\u00f3 all\u00ed el 28 de febrero de 2013, tras su renuncia al cargo. Pero Francisco, un religioso hogare\u00f1o que nunca se tom\u00f3 unas vacaciones propiamente dichas durante su pontificado de 12 a\u00f1os, opt\u00f3 por quedarse en Roma en verano.<\/p>\n<p>&nbsp;<\/p>\n<p>&nbsp;<\/p>\n<p>&nbsp;<\/p>\n<p>En 2014 decidi\u00f3 abrir los jardines de Castel Gandolfo al p\u00fablico, y m\u00e1s tarde convirti\u00f3 parte del propio palacio en un museo, en parte para ayudar a compensar la recesi\u00f3n econ\u00f3mica que experiment\u00f3 la ciudad cuando el pont\u00edfice dej\u00f3 de ofrecer oraciones semanales all\u00ed durante el verano.<\/p>\n<p>&nbsp;<\/p>\n<p>&nbsp;<\/p>\n<p>&nbsp;<\/p>\n<p>Le\u00f3n, un antiguo cura misionero que pas\u00f3 la mayor parte de su sacerdocio en Per\u00fa, no ha dicho d\u00f3nde vivir\u00e1 a tiempo completo en Roma, y mucho menos si usar\u00e1 el palacio como refugio estival.<\/p>\n<p>&nbsp;<\/p>\n<p>&nbsp;<\/p>\n<p>&nbsp;<\/p>\n<p>El proyecto de sostenibilidad, que est\u00e1 abierto al p\u00fablico, se ha hecho cargo de las operaciones de la granja en funcionamiento situada en los jardines de la finca, que incluye 20 hect\u00e1reas (50 acres) de tierras agr\u00edcolas y de cultivo, invernaderos y edificios de servicios. La granja, que proporciona productos l\u00e1cteos y frescos al Vaticano, tiene como objetivo crear una \u00abeconom\u00eda circular\u00bb en consonancia con el llamado de la enc\u00edclica de Francisco para cuidar mejor la creaci\u00f3n de Dios.<\/p>\n<p>&nbsp;<\/p>\n<p>&nbsp;<\/p>\n<p>&nbsp;<\/p>\n<p>PUBLICADO EL 29 DE MAYO DE 2025 Con informaci\u00f3n de AP)<\/p>\n","protected":false},"excerpt":{"rendered":"<p>ROMA. \u2014&nbsp; Le\u00f3n XIV visit\u00f3 el jueves palacio papal de verano, al sur de Roma,&#8230;<\/p>\n","protected":false},"author":1,"featured_media":216611,"comment_status":"open","ping_status":"open","sticky":false,"template":"","format":"standard","meta":{"_monsterinsights_skip_tracking":false,"_monsterinsights_sitenote_active":false,"_monsterinsights_sitenote_note":"","_monsterinsights_sitenote_category":0,"footnotes":""},"categories":[3],"tags":[],"class_list":["post"],"yoast_head":" \n<title>Sonora en Equipo. Le\u00f3n XIV visita una residencia de verano que Francisco convirti\u00f3 en museo MUNDO<\/title>\n<meta name=\"description\" content=\"ROMA. \u2014&nbsp; Le\u00f3n XIV visit\u00f3 el jueves palacio papal de verano, al sur de Roma, mientras se especula sobre si lo utilizar\u00e1 para escapar del calor de la En Sonora en Equipo publicamos toda la informaci\u00f3n de Sonora, M\u00e9xico y el Mundo de manera oportuna y busca que la libertad de expresi\u00f3n sea real. Visita nuestro medio informativo publicado desde Hermosillo, Sonora. %\" \/>\n<meta name=\"robots\" content=\"index, follow, max-snippet:-1, max-image-preview:large, max-video-preview:-1\" \/>\n<link rel=\"canonical\" href=\"https:\/\/www.sonoraenequipo.com.mx\/leon-xiv-visita-una-residencia-de-verano-que-francisco-convirtio-en-museo\/\" \/>\n<meta property=\"og:locale\" content=\"es_ES\" \/>\n<meta property=\"og:type\" content=\"article\" \/>\n<meta property=\"og:title\" content=\"Sonora en Equipo. Le\u00f3n XIV visita una residencia de verano que Francisco convirti\u00f3 en museo MUNDO\" \/>\n<meta property=\"og:description\" content=\"ROMA. \u2014&nbsp; Le\u00f3n XIV visit\u00f3 el jueves palacio papal de verano, al sur de Roma, mientras se especula sobre si lo utilizar\u00e1 para escapar del calor de la En Sonora en Equipo publicamos toda la informaci\u00f3n de Sonora, M\u00e9xico y el Mundo de manera oportuna y busca que la libertad de expresi\u00f3n sea real. Visita nuestro medio informativo publicado desde Hermosillo, Sonora. %\" \/>\n<meta property=\"og:url\" content=\"https:\/\/www.sonoraenequipo.com.mx\/leon-xiv-visita-una-residencia-de-verano-que-francisco-convirtio-en-museo\/\" \/>\n<meta property=\"og:site_name\" content=\"Sonora en Equipo.\" \/>\n<meta property=\"article:publisher\" content=\"https:\/\/www.facebook.com\/SonoraEE\/\" \/>\n<meta property=\"article:author\" content=\"https:\/\/www.facebook.com\/SonoraEE\" \/>\n<meta property=\"article:published_time\" content=\"2025-05-29T21:42:24+00:00\" \/>\n<meta property=\"article:modified_time\" content=\"2025-05-30T00:58:03+00:00\" \/>\n<meta property=\"og:image\" content=\"https:\/\/www.sonoraenequipo.com.mx\/storage\/2025\/05\/leon-xiv-visita-residencia-de-verano-min.jpg\" \/>\n\t<meta property=\"og:image:width\" content=\"1000\" \/>\n\t<meta property=\"og:image:height\" content=\"553\" \/>\n\t<meta property=\"og:image:type\" content=\"image\/jpeg\" \/>\n<meta name=\"author\" content=\"enequipo\" \/>\n<meta name=\"twitter:card\" content=\"summary_large_image\" \/>\n<meta name=\"twitter:creator\" content=\"@sonoraenequipo\" \/>\n<meta name=\"twitter:site\" content=\"@sonoraenequipo\" \/>\n<meta name=\"twitter:label1\" content=\"Escrito por\" \/>\n\t<meta name=\"twitter:data1\" content=\"enequipo\" \/>\n\t<meta name=\"twitter:label2\" content=\"Tiempo de lectura\" \/>\n\t<meta name=\"twitter:data2\" content=\"2 minutos\" \/>\n<script type=\"application\/ld+json\" class=\"yoast-schema-graph\">{\"@context\":\"https:\/\/schema.org\",\"@graph\":[{\"@type\":\"Article\",\"@id\":\"https:\/\/www.sonoraenequipo.com.mx\/leon-xiv-visita-una-residencia-de-verano-que-francisco-convirtio-en-museo\/#article\",\"isPartOf\":{\"@id\":\"https:\/\/www.sonoraenequipo.com.mx\/leon-xiv-visita-una-residencia-de-verano-que-francisco-convirtio-en-museo\/\"},\"author\":{\"name\":\"enequipo\",\"@id\":\"https:\/\/www.sonoraenequipo.com.mx\/#\/schema\/person\/50102df0fb23a8fa9e8effad8fa81386\"},\"headline\":\"Le\u00f3n XIV visita una residencia de verano que Francisco convirti\u00f3 en museo\",\"datePublished\":\"2025-05-29T21:42:24+00:00\",\"dateModified\":\"2025-05-30T00:58:03+00:00\",\"mainEntityOfPage\":{\"@id\":\"https:\/\/www.sonoraenequipo.com.mx\/leon-xiv-visita-una-residencia-de-verano-que-francisco-convirtio-en-museo\/\"},\"wordCount\":432,\"commentCount\":0,\"publisher\":{\"@id\":\"https:\/\/www.sonoraenequipo.com.mx\/#organization\"},\"image\":{\"@id\":\"https:\/\/www.sonoraenequipo.com.mx\/leon-xiv-visita-una-residencia-de-verano-que-francisco-convirtio-en-museo\/#primaryimage\"},\"thumbnailUrl\":\"https:\/\/www.sonoraenequipo.com.mx\/storage\/2025\/05\/leon-xiv-visita-residencia-de-verano-min.jpg\",\"articleSection\":[\"MUNDO\"],\"inLanguage\":\"es\",\"potentialAction\":[{\"@type\":\"CommentAction\",\"name\":\"Comment\",\"target\":[\"https:\/\/www.sonoraenequipo.com.mx\/leon-xiv-visita-una-residencia-de-verano-que-francisco-convirtio-en-museo\/#respond\"]}]},{\"@type\":\"WebPage\",\"@id\":\"https:\/\/www.sonoraenequipo.com.mx\/leon-xiv-visita-una-residencia-de-verano-que-francisco-convirtio-en-museo\/\",\"url\":\"https:\/\/www.sonoraenequipo.com.mx\/leon-xiv-visita-una-residencia-de-verano-que-francisco-convirtio-en-museo\/\",\"name\":\"Sonora en Equipo. Le\u00f3n XIV visita una residencia de verano que Francisco convirti\u00f3 en museo MUNDO\",\"isPartOf\":{\"@id\":\"https:\/\/www.sonoraenequipo.com.mx\/#website\"},\"primaryImageOfPage\":{\"@id\":\"https:\/\/www.sonoraenequipo.com.mx\/leon-xiv-visita-una-residencia-de-verano-que-francisco-convirtio-en-museo\/#primaryimage\"},\"image\":{\"@id\":\"https:\/\/www.sonoraenequipo.com.mx\/leon-xiv-visita-una-residencia-de-verano-que-francisco-convirtio-en-museo\/#primaryimage\"},\"thumbnailUrl\":\"https:\/\/www.sonoraenequipo.com.mx\/storage\/2025\/05\/leon-xiv-visita-residencia-de-verano-min.jpg\",\"datePublished\":\"2025-05-29T21:42:24+00:00\",\"dateModified\":\"2025-05-30T00:58:03+00:00\",\"description\":\"ROMA. \u2014&nbsp; Le\u00f3n XIV visit\u00f3 el jueves palacio papal de verano, al sur de Roma, mientras se especula sobre si lo utilizar\u00e1 para escapar del calor de la En Sonora en Equipo publicamos toda la informaci\u00f3n de Sonora, M\u00e9xico y el Mundo de manera oportuna y busca que la libertad de expresi\u00f3n sea real. Visita nuestro medio informativo publicado desde Hermosillo, Sonora. %\",\"breadcrumb\":{\"@id\":\"https:\/\/www.sonoraenequipo.com.mx\/leon-xiv-visita-una-residencia-de-verano-que-francisco-convirtio-en-museo\/#breadcrumb\"},\"inLanguage\":\"es\",\"potentialAction\":[{\"@type\":\"ReadAction\",\"target\":[\"https:\/\/www.sonoraenequipo.com.mx\/leon-xiv-visita-una-residencia-de-verano-que-francisco-convirtio-en-museo\/\"]}]},{\"@type\":\"ImageObject\",\"inLanguage\":\"es\",\"@id\":\"https:\/\/www.sonoraenequipo.com.mx\/leon-xiv-visita-una-residencia-de-verano-que-francisco-convirtio-en-museo\/#primaryimage\",\"url\":\"https:\/\/www.sonoraenequipo.com.mx\/storage\/2025\/05\/leon-xiv-visita-residencia-de-verano-min.jpg\",\"contentUrl\":\"https:\/\/www.sonoraenequipo.com.mx\/storage\/2025\/05\/leon-xiv-visita-residencia-de-verano-min.jpg\",\"width\":1000,\"height\":553},{\"@type\":\"BreadcrumbList\",\"@id\":\"https:\/\/www.sonoraenequipo.com.mx\/leon-xiv-visita-una-residencia-de-verano-que-francisco-convirtio-en-museo\/#breadcrumb\",\"itemListElement\":[{\"@type\":\"ListItem\",\"position\":1,\"name\":\"Portada\",\"item\":\"https:\/\/www.sonoraenequipo.com.mx\/\"},{\"@type\":\"ListItem\",\"position\":2,\"name\":\"Le\u00f3n XIV visita una residencia de verano que Francisco convirti\u00f3 en museo\"}]},{\"@type\":\"WebSite\",\"@id\":\"https:\/\/www.sonoraenequipo.com.mx\/#website\",\"url\":\"https:\/\/www.sonoraenequipo.com.mx\/\",\"name\":\"Sonora en Equipo.\",\"description\":\"Diario en l\u00ednea con Noticias desde Hermosillo, Sonora\",\"publisher\":{\"@id\":\"https:\/\/www.sonoraenequipo.com.mx\/#organization\"},\"potentialAction\":[{\"@type\":\"SearchAction\",\"target\":{\"@type\":\"EntryPoint\",\"urlTemplate\":\"https:\/\/www.sonoraenequipo.com.mx\/?s={search_term_string}\"},\"query-input\":{\"@type\":\"PropertyValueSpecification\",\"valueRequired\":true,\"valueName\":\"search_term_string\"}}],\"inLanguage\":\"es\"},{\"@type\":\"Organization\",\"@id\":\"https:\/\/www.sonoraenequipo.com.mx\/#organization\",\"name\":\"Sonoraenequipo.com.mx\",\"url\":\"https:\/\/www.sonoraenequipo.com.mx\/\",\"logo\":{\"@type\":\"ImageObject\",\"inLanguage\":\"es\",\"@id\":\"https:\/\/www.sonoraenequipo.com.mx\/#\/schema\/logo\/image\/\",\"url\":\"https:\/\/www.sonoraenequipo.com.mx\/storage\/2019\/01\/sonoraenequipo_opt.png\",\"contentUrl\":\"https:\/\/www.sonoraenequipo.com.mx\/storage\/2019\/01\/sonoraenequipo_opt.png\",\"width\":375,\"height\":125,\"caption\":\"Sonoraenequipo.com.mx\"},\"image\":{\"@id\":\"https:\/\/www.sonoraenequipo.com.mx\/#\/schema\/logo\/image\/\"},\"sameAs\":[\"https:\/\/www.facebook.com\/SonoraEE\/\",\"https:\/\/x.com\/sonoraenequipo\",\"https:\/\/www.youtube.com\/channel\/UC338nW-lPEYmJQs4ZABQ1SQ\"]},{\"@type\":\"Person\",\"@id\":\"https:\/\/www.sonoraenequipo.com.mx\/#\/schema\/person\/50102df0fb23a8fa9e8effad8fa81386\",\"name\":\"enequipo\",\"image\":{\"@type\":\"ImageObject\",\"inLanguage\":\"es\",\"@id\":\"https:\/\/www.sonoraenequipo.com.mx\/#\/schema\/person\/image\/\",\"url\":\"https:\/\/secure.gravatar.com\/avatar\/049821681b589dabc0bc20695993ccebb09f5b5d4d790cd9251b97faac7c652b?s=96&d=blank&r=g\",\"contentUrl\":\"https:\/\/secure.gravatar.com\/avatar\/049821681b589dabc0bc20695993ccebb09f5b5d4d790cd9251b97faac7c652b?s=96&d=blank&r=g\",\"caption\":\"enequipo\"},\"sameAs\":[\"https:\/\/www.facebook.com\/SonoraEE\"]}]}<\/script>\n ","yoast_head_json":{"title":"Sonora en Equipo. Le\u00f3n XIV visita una residencia de verano que Francisco convirti\u00f3 en museo MUNDO","description":"ROMA. \u2014&nbsp; Le\u00f3n XIV visit\u00f3 el jueves palacio papal de verano, al sur de Roma, mientras se especula sobre si lo utilizar\u00e1 para escapar del calor de la En Sonora en Equipo publicamos toda la informaci\u00f3n de Sonora, M\u00e9xico y el Mundo de manera oportuna y busca que la libertad de expresi\u00f3n sea real. Visita nuestro medio informativo publicado desde Hermosillo, Sonora. %","robots":{"index":"index","follow":"follow","max-snippet":"max-snippet:-1","max-image-preview":"max-image-preview:large","max-video-preview":"max-video-preview:-1"},"canonical":"https:\/\/www.sonoraenequipo.com.mx\/leon-xiv-visita-una-residencia-de-verano-que-francisco-convirtio-en-museo\/","og_locale":"es_ES","og_type":"article","og_title":"Sonora en Equipo. Le\u00f3n XIV visita una residencia de verano que Francisco convirti\u00f3 en museo MUNDO","og_description":"ROMA. \u2014&nbsp; Le\u00f3n XIV visit\u00f3 el jueves palacio papal de verano, al sur de Roma, mientras se especula sobre si lo utilizar\u00e1 para escapar del calor de la En Sonora en Equipo publicamos toda la informaci\u00f3n de Sonora, M\u00e9xico y el Mundo de manera oportuna y busca que la libertad de expresi\u00f3n sea real. Visita nuestro medio informativo publicado desde Hermosillo, Sonora. %","og_url":"https:\/\/www.sonoraenequipo.com.mx\/leon-xiv-visita-una-residencia-de-verano-que-francisco-convirtio-en-museo\/","og_site_name":"Sonora en Equipo.","article_publisher":"https:\/\/www.facebook.com\/SonoraEE\/","article_author":"https:\/\/www.facebook.com\/SonoraEE","article_published_time":"2025-05-29T21:42:24+00:00","article_modified_time":"2025-05-30T00:58:03+00:00","og_image":[{"width":1000,"height":553,"url":"https:\/\/www.sonoraenequipo.com.mx\/storage\/2025\/05\/leon-xiv-visita-residencia-de-verano-min.jpg","type":"image\/jpeg"}],"author":"enequipo","twitter_card":"summary_large_image","twitter_creator":"@sonoraenequipo","twitter_site":"@sonoraenequipo","twitter_misc":{"Escrito por":"enequipo","Tiempo de lectura":"2 minutos"},"schema":{"@context":"https:\/\/schema.org","@graph":[{"@type":"Article","@id":"https:\/\/www.sonoraenequipo.com.mx\/leon-xiv-visita-una-residencia-de-verano-que-francisco-convirtio-en-museo\/#article","isPartOf":{"@id":"https:\/\/www.sonoraenequipo.com.mx\/leon-xiv-visita-una-residencia-de-verano-que-francisco-convirtio-en-museo\/"},"author":{"name":"enequipo","@id":"https:\/\/www.sonoraenequipo.com.mx\/#\/schema\/person\/50102df0fb23a8fa9e8effad8fa81386"},"headline":"Le\u00f3n XIV visita una residencia de verano que Francisco convirti\u00f3 en museo","datePublished":"2025-05-29T21:42:24+00:00","dateModified":"2025-05-30T00:58:03+00:00","mainEntityOfPage":{"@id":"https:\/\/www.sonoraenequipo.com.mx\/leon-xiv-visita-una-residencia-de-verano-que-francisco-convirtio-en-museo\/"},"wordCount":432,"commentCount":0,"publisher":{"@id":"https:\/\/www.sonoraenequipo.com.mx\/#organization"},"image":{"@id":"https:\/\/www.sonoraenequipo.com.mx\/leon-xiv-visita-una-residencia-de-verano-que-francisco-convirtio-en-museo\/#primaryimage"},"thumbnailUrl":"https:\/\/www.sonoraenequipo.com.mx\/storage\/2025\/05\/leon-xiv-visita-residencia-de-verano-min.jpg","articleSection":["MUNDO"],"inLanguage":"es","potentialAction":[{"@type":"CommentAction","name":"Comment","target":["https:\/\/www.sonoraenequipo.com.mx\/leon-xiv-visita-una-residencia-de-verano-que-francisco-convirtio-en-museo\/#respond"]}]},{"@type":"WebPage","@id":"https:\/\/www.sonoraenequipo.com.mx\/leon-xiv-visita-una-residencia-de-verano-que-francisco-convirtio-en-museo\/","url":"https:\/\/www.sonoraenequipo.com.mx\/leon-xiv-visita-una-residencia-de-verano-que-francisco-convirtio-en-museo\/","name":"Sonora en Equipo. Le\u00f3n XIV visita una residencia de verano que Francisco convirti\u00f3 en museo MUNDO","isPartOf":{"@id":"https:\/\/www.sonoraenequipo.com.mx\/#website"},"primaryImageOfPage":{"@id":"https:\/\/www.sonoraenequipo.com.mx\/leon-xiv-visita-una-residencia-de-verano-que-francisco-convirtio-en-museo\/#primaryimage"},"image":{"@id":"https:\/\/www.sonoraenequipo.com.mx\/leon-xiv-visita-una-residencia-de-verano-que-francisco-convirtio-en-museo\/#primaryimage"},"thumbnailUrl":"https:\/\/www.sonoraenequipo.com.mx\/storage\/2025\/05\/leon-xiv-visita-residencia-de-verano-min.jpg","datePublished":"2025-05-29T21:42:24+00:00","dateModified":"2025-05-30T00:58:03+00:00","description":"ROMA. \u2014&nbsp; Le\u00f3n XIV visit\u00f3 el jueves palacio papal de verano, al sur de Roma, mientras se especula sobre si lo utilizar\u00e1 para escapar del calor de la En Sonora en Equipo publicamos toda la informaci\u00f3n de Sonora, M\u00e9xico y el Mundo de manera oportuna y busca que la libertad de expresi\u00f3n sea real. Visita nuestro medio informativo publicado desde Hermosillo, Sonora. %","breadcrumb":{"@id":"https:\/\/www.sonoraenequipo.com.mx\/leon-xiv-visita-una-residencia-de-verano-que-francisco-convirtio-en-museo\/#breadcrumb"},"inLanguage":"es","potentialAction":[{"@type":"ReadAction","target":["https:\/\/www.sonoraenequipo.com.mx\/leon-xiv-visita-una-residencia-de-verano-que-francisco-convirtio-en-museo\/"]}]},{"@type":"ImageObject","inLanguage":"es","@id":"https:\/\/www.sonoraenequipo.com.mx\/leon-xiv-visita-una-residencia-de-verano-que-francisco-convirtio-en-museo\/#primaryimage","url":"https:\/\/www.sonoraenequipo.com.mx\/storage\/2025\/05\/leon-xiv-visita-residencia-de-verano-min.jpg","contentUrl":"https:\/\/www.sonoraenequipo.com.mx\/storage\/2025\/05\/leon-xiv-visita-residencia-de-verano-min.jpg","width":1000,"height":553},{"@type":"BreadcrumbList","@id":"https:\/\/www.sonoraenequipo.com.mx\/leon-xiv-visita-una-residencia-de-verano-que-francisco-convirtio-en-museo\/#breadcrumb","itemListElement":[{"@type":"ListItem","position":1,"name":"Portada","item":"https:\/\/www.sonoraenequipo.com.mx\/"},{"@type":"ListItem","position":2,"name":"Le\u00f3n XIV visita una residencia de verano que Francisco convirti\u00f3 en museo"}]},{"@type":"WebSite","@id":"https:\/\/www.sonoraenequipo.com.mx\/#website","url":"https:\/\/www.sonoraenequipo.com.mx\/","name":"Sonora en Equipo.","description":"Diario en l\u00ednea con Noticias desde Hermosillo, Sonora","publisher":{"@id":"https:\/\/www.sonoraenequipo.com.mx\/#organization"},"potentialAction":[{"@type":"SearchAction","target":{"@type":"EntryPoint","urlTemplate":"https:\/\/www.sonoraenequipo.com.mx\/?s={search_term_string}"},"query-input":{"@type":"PropertyValueSpecification","valueRequired":true,"valueName":"search_term_string"}}],"inLanguage":"es"},{"@type":"Organization","@id":"https:\/\/www.sonoraenequipo.com.mx\/#organization","name":"Sonoraenequipo.com.mx","url":"https:\/\/www.sonoraenequipo.com.mx\/","logo":{"@type":"ImageObject","inLanguage":"es","@id":"https:\/\/www.sonoraenequipo.com.mx\/#\/schema\/logo\/image\/","url":"https:\/\/www.sonoraenequipo.com.mx\/storage\/2019\/01\/sonoraenequipo_opt.png","contentUrl":"https:\/\/www.sonoraenequipo.com.mx\/storage\/2019\/01\/sonoraenequipo_opt.png","width":375,"height":125,"caption":"Sonoraenequipo.com.mx"},"image":{"@id":"https:\/\/www.sonoraenequipo.com.mx\/#\/schema\/logo\/image\/"},"sameAs":["https:\/\/www.facebook.com\/SonoraEE\/","https:\/\/x.com\/sonoraenequipo","https:\/\/www.youtube.com\/channel\/UC338nW-lPEYmJQs4ZABQ1SQ"]},{"@type":"Person","@id":"https:\/\/www.sonoraenequipo.com.mx\/#\/schema\/person\/50102df0fb23a8fa9e8effad8fa81386","name":"enequipo","image":{"@type":"ImageObject","inLanguage":"es","@id":"https:\/\/www.sonoraenequipo.com.mx\/#\/schema\/person\/image\/","url":"https:\/\/secure.gravatar.com\/avatar\/049821681b589dabc0bc20695993ccebb09f5b5d4d790cd9251b97faac7c652b?s=96&d=blank&r=g","contentUrl":"https:\/\/secure.gravatar.com\/avatar\/049821681b589dabc0bc20695993ccebb09f5b5d4d790cd9251b97faac7c652b?s=96&d=blank&r=g","caption":"enequipo"},"sameAs":["https:\/\/www.facebook.com\/SonoraEE"]}]}},"jetpack_featured_media_url":"https:\/\/www.sonoraenequipo.com.mx\/storage\/2025\/05\/leon-xiv-visita-residencia-de-verano-min.jpg","_links":{"self":[{"href":"https:\/\/www.sonoraenequipo.com.mx\/api\/wp\/v2\/posts\/216609","targetHints":{"allow":["GET"]}}],"collection":[{"href":"https:\/\/www.sonoraenequipo.com.mx\/api\/wp\/v2\/posts"}],"about":[{"href":"https:\/\/www.sonoraenequipo.com.mx\/api\/wp\/v2\/types\/post"}],"author":[{"embeddable":true,"href":"https:\/\/www.sonoraenequipo.com.mx\/api\/wp\/v2\/users\/1"}],"replies":[{"embeddable":true,"href":"https:\/\/www.sonoraenequipo.com.mx\/api\/wp\/v2\/comments?post=216609"}],"version-history":[{"count":2,"href":"https:\/\/www.sonoraenequipo.com.mx\/api\/wp\/v2\/posts\/216609\/revisions"}],"predecessor-version":[{"id":216613,"href":"https:\/\/www.sonoraenequipo.com.mx\/api\/wp\/v2\/posts\/216609\/revisions\/216613"}],"wp:featuredmedia":[{"embeddable":true,"href":"https:\/\/www.sonoraenequipo.com.mx\/api\/wp\/v2\/media\/216611"}],"wp:attachment":[{"href":"https:\/\/www.sonoraenequipo.com.mx\/api\/wp\/v2\/media?parent=216609"}],"wp:term":[{"taxonomy":"category","embeddable":true,"href":"https:\/\/www.sonoraenequipo.com.mx\/api\/wp\/v2\/categories?post=216609"},{"taxonomy":"post_tag","embeddable":true,"href":"https:\/\/www.sonoraenequipo.com.mx\/api\/wp\/v2\/tags?post=216609"}],"curies":[{"name":"wp","href":"https:\/\/api.w.org\/{rel}","templated":true}]}}