{"id":217007,"date":"2025-06-03T19:27:48","date_gmt":"2025-06-04T02:27:48","guid":{"rendered":"https:\/\/www.sonoraenequipo.com.mx\/?p=217007"},"modified":"2025-06-03T19:27:48","modified_gmt":"2025-06-04T02:27:48","slug":"lee-jae-myung-elegido-presidente-de-corea-del-sur","status":"publish","type":"post","link":"https:\/\/www.sonoraenequipo.com.mx\/lee-jae-myung-elegido-presidente-de-corea-del-sur\/","title":{"rendered":"Lee Jae-myung, elegido presidente de Corea del Sur"},"content":{"rendered":"<ul>\n<li>Los resultados oficiales dan por vencedor al candidato de centroizquierda, que hizo un llamado a la unidad. El candidato oficialista, Kim Moon-soo, acept\u00f3 su derrota \u00abcon humildad\u00bb y reconoci\u00f3 la victoria del opositor.<\/li>\n<\/ul>\n<p><strong>SE\u00daL COREA DEL SUR.<\/strong><strong> \u0336 \u0336\u00a0 <\/strong>El candidato de centroizquierda Lee Jae-myung fue elegido presidente de Corea del Sur frente a su rival conservador Kim Moon-soo, seg\u00fan los resultados oficiales publicados este martes (03.06.2025), madrugada del mi\u00e9rcoles, hora local. Tras el recuento de m\u00e1s del 98\u2009% de las papeletas, Lee gan\u00f3 con el 49,2\u2009% de los votos, frente al 41,5\u2009% para Kim, seg\u00fan las cifras publicadas por la comisi\u00f3n electoral.<\/p>\n<p>&nbsp;<\/p>\n<p>Lee Jae-myung, que se sab\u00eda ganador ya por los sondeos a pie de urna, llam\u00f3 a dejar atr\u00e1s las \u00abdivisiones\u00bb y el \u00abodio\u00bb en el pa\u00eds de cara a su mandato, que marca un cambio de gobierno tras la grave crisis pol\u00edtica desencadenada por la ley marcial del pasado diciembre. \u00abCumplir\u00e9 con la primera misi\u00f3n que me han encomendado: superar la insurrecci\u00f3n y asegurar que nunca m\u00e1s haya un golpe militar que intimide al pueblo con las armas que ha confiado\u00bb, declar\u00f3 Lee durante un discurso en Yeouido, Se\u00fal.<\/p>\n<p>&nbsp;<\/p>\n<p>Su rival, del hasta ahora gobernante partido conservador, por su parte, declar\u00f3 \u00abaceptar con humildad la decisi\u00f3n del pueblo\u00bb, en una rueda de prensa ofrecida en la sede de su partido en Yeouido, ya antes incluso de los resultados oficiales, tras conocerse que su derrota era pr\u00e1cticamente definitiva. \u00abFelicito al candidato electo Lee Jae-myung\u00bb, manifest\u00f3 Kim.<\/p>\n<p>&nbsp;<\/p>\n<p>El nuevo presidente asumir\u00e1 el cargo de inmediato tras la proclamaci\u00f3n oficial de los resultados, sin per\u00edodo de transici\u00f3n, dado que se trata de unos comicios extraordinarios para sustituir al destituido Yoon. La ceremonia de investidura se celebrar\u00e1 el mismo mi\u00e9rcoles, poco despu\u00e9s del anuncio oficial, aunque la hora exacta ser\u00e1 confirmada m\u00e1s tarde.<\/p>\n","protected":false},"excerpt":{"rendered":"<p>Los resultados oficiales dan por vencedor al candidato de centroizquierda, que hizo un llamado a&#8230;<\/p>\n","protected":false},"author":1,"featured_media":217008,"comment_status":"open","ping_status":"open","sticky":false,"template":"","format":"standard","meta":{"_monsterinsights_skip_tracking":false,"_monsterinsights_sitenote_active":false,"_monsterinsights_sitenote_note":"","_monsterinsights_sitenote_category":0,"footnotes":""},"categories":[3],"tags":[2053,11300],"class_list":["post"],"yoast_head":" \n<title>Sonora en Equipo. Lee Jae-myung, elegido presidente de Corea del Sur MUNDO<\/title>\n<meta name=\"description\" content=\"Los resultados oficiales dan por vencedor al candidato de centroizquierda, que hizo un llamado a la unidad. El candidato oficialista, Kim Moon-soo, acept\u00f3 En Sonora en Equipo publicamos toda la informaci\u00f3n de Sonora, M\u00e9xico y el Mundo de manera oportuna y busca que la libertad de expresi\u00f3n sea real. Visita nuestro medio informativo publicado desde Hermosillo, Sonora. %\" \/>\n<meta name=\"robots\" content=\"index, follow, max-snippet:-1, max-image-preview:large, max-video-preview:-1\" \/>\n<link rel=\"canonical\" href=\"https:\/\/www.sonoraenequipo.com.mx\/lee-jae-myung-elegido-presidente-de-corea-del-sur\/\" \/>\n<meta property=\"og:locale\" content=\"es_ES\" \/>\n<meta property=\"og:type\" content=\"article\" \/>\n<meta property=\"og:title\" content=\"Sonora en Equipo. Lee Jae-myung, elegido presidente de Corea del Sur MUNDO\" \/>\n<meta property=\"og:description\" content=\"Los resultados oficiales dan por vencedor al candidato de centroizquierda, que hizo un llamado a la unidad. El candidato oficialista, Kim Moon-soo, acept\u00f3 En Sonora en Equipo publicamos toda la informaci\u00f3n de Sonora, M\u00e9xico y el Mundo de manera oportuna y busca que la libertad de expresi\u00f3n sea real. Visita nuestro medio informativo publicado desde Hermosillo, Sonora. %\" \/>\n<meta property=\"og:url\" content=\"https:\/\/www.sonoraenequipo.com.mx\/lee-jae-myung-elegido-presidente-de-corea-del-sur\/\" \/>\n<meta property=\"og:site_name\" content=\"Sonora en Equipo.\" \/>\n<meta property=\"article:publisher\" content=\"https:\/\/www.facebook.com\/SonoraEE\/\" \/>\n<meta property=\"article:author\" content=\"https:\/\/www.facebook.com\/SonoraEE\" \/>\n<meta property=\"article:published_time\" content=\"2025-06-04T02:27:48+00:00\" \/>\n<meta property=\"og:image\" content=\"https:\/\/www.sonoraenequipo.com.mx\/storage\/2025\/06\/Lee-Jae-myung.jpg\" \/>\n\t<meta property=\"og:image:width\" content=\"600\" \/>\n\t<meta property=\"og:image:height\" content=\"400\" \/>\n\t<meta property=\"og:image:type\" content=\"image\/jpeg\" \/>\n<meta name=\"author\" content=\"enequipo\" \/>\n<meta name=\"twitter:card\" content=\"summary_large_image\" \/>\n<meta name=\"twitter:creator\" content=\"@sonoraenequipo\" \/>\n<meta name=\"twitter:site\" content=\"@sonoraenequipo\" \/>\n<meta name=\"twitter:label1\" content=\"Escrito por\" \/>\n\t<meta name=\"twitter:data1\" content=\"enequipo\" \/>\n\t<meta name=\"twitter:label2\" content=\"Tiempo de lectura\" \/>\n\t<meta name=\"twitter:data2\" content=\"2 minutos\" \/>\n<script type=\"application\/ld+json\" class=\"yoast-schema-graph\">{\"@context\":\"https:\/\/schema.org\",\"@graph\":[{\"@type\":\"Article\",\"@id\":\"https:\/\/www.sonoraenequipo.com.mx\/lee-jae-myung-elegido-presidente-de-corea-del-sur\/#article\",\"isPartOf\":{\"@id\":\"https:\/\/www.sonoraenequipo.com.mx\/lee-jae-myung-elegido-presidente-de-corea-del-sur\/\"},\"author\":{\"name\":\"enequipo\",\"@id\":\"https:\/\/www.sonoraenequipo.com.mx\/#\/schema\/person\/50102df0fb23a8fa9e8effad8fa81386\"},\"headline\":\"Lee Jae-myung, elegido presidente de Corea del Sur\",\"datePublished\":\"2025-06-04T02:27:48+00:00\",\"mainEntityOfPage\":{\"@id\":\"https:\/\/www.sonoraenequipo.com.mx\/lee-jae-myung-elegido-presidente-de-corea-del-sur\/\"},\"wordCount\":329,\"commentCount\":0,\"publisher\":{\"@id\":\"https:\/\/www.sonoraenequipo.com.mx\/#organization\"},\"image\":{\"@id\":\"https:\/\/www.sonoraenequipo.com.mx\/lee-jae-myung-elegido-presidente-de-corea-del-sur\/#primaryimage\"},\"thumbnailUrl\":\"https:\/\/www.sonoraenequipo.com.mx\/storage\/2025\/06\/Lee-Jae-myung.jpg\",\"keywords\":[\"Corea del Sur\",\"Lee Jae-myung\"],\"articleSection\":[\"MUNDO\"],\"inLanguage\":\"es\",\"potentialAction\":[{\"@type\":\"CommentAction\",\"name\":\"Comment\",\"target\":[\"https:\/\/www.sonoraenequipo.com.mx\/lee-jae-myung-elegido-presidente-de-corea-del-sur\/#respond\"]}]},{\"@type\":\"WebPage\",\"@id\":\"https:\/\/www.sonoraenequipo.com.mx\/lee-jae-myung-elegido-presidente-de-corea-del-sur\/\",\"url\":\"https:\/\/www.sonoraenequipo.com.mx\/lee-jae-myung-elegido-presidente-de-corea-del-sur\/\",\"name\":\"Sonora en Equipo. Lee Jae-myung, elegido presidente de Corea del Sur MUNDO\",\"isPartOf\":{\"@id\":\"https:\/\/www.sonoraenequipo.com.mx\/#website\"},\"primaryImageOfPage\":{\"@id\":\"https:\/\/www.sonoraenequipo.com.mx\/lee-jae-myung-elegido-presidente-de-corea-del-sur\/#primaryimage\"},\"image\":{\"@id\":\"https:\/\/www.sonoraenequipo.com.mx\/lee-jae-myung-elegido-presidente-de-corea-del-sur\/#primaryimage\"},\"thumbnailUrl\":\"https:\/\/www.sonoraenequipo.com.mx\/storage\/2025\/06\/Lee-Jae-myung.jpg\",\"datePublished\":\"2025-06-04T02:27:48+00:00\",\"description\":\"Los resultados oficiales dan por vencedor al candidato de centroizquierda, que hizo un llamado a la unidad. El candidato oficialista, Kim Moon-soo, acept\u00f3 En Sonora en Equipo publicamos toda la informaci\u00f3n de Sonora, M\u00e9xico y el Mundo de manera oportuna y busca que la libertad de expresi\u00f3n sea real. Visita nuestro medio informativo publicado desde Hermosillo, Sonora. %\",\"breadcrumb\":{\"@id\":\"https:\/\/www.sonoraenequipo.com.mx\/lee-jae-myung-elegido-presidente-de-corea-del-sur\/#breadcrumb\"},\"inLanguage\":\"es\",\"potentialAction\":[{\"@type\":\"ReadAction\",\"target\":[\"https:\/\/www.sonoraenequipo.com.mx\/lee-jae-myung-elegido-presidente-de-corea-del-sur\/\"]}]},{\"@type\":\"ImageObject\",\"inLanguage\":\"es\",\"@id\":\"https:\/\/www.sonoraenequipo.com.mx\/lee-jae-myung-elegido-presidente-de-corea-del-sur\/#primaryimage\",\"url\":\"https:\/\/www.sonoraenequipo.com.mx\/storage\/2025\/06\/Lee-Jae-myung.jpg\",\"contentUrl\":\"https:\/\/www.sonoraenequipo.com.mx\/storage\/2025\/06\/Lee-Jae-myung.jpg\",\"width\":600,\"height\":400,\"caption\":\"Lee Jae-Myung se dirige a sus seguidores desde la sede del Partido Democr\u00e1tico en Se\u00fal.Imagen: Kim Hong-Ji\/REUTERS\"},{\"@type\":\"BreadcrumbList\",\"@id\":\"https:\/\/www.sonoraenequipo.com.mx\/lee-jae-myung-elegido-presidente-de-corea-del-sur\/#breadcrumb\",\"itemListElement\":[{\"@type\":\"ListItem\",\"position\":1,\"name\":\"Portada\",\"item\":\"https:\/\/www.sonoraenequipo.com.mx\/\"},{\"@type\":\"ListItem\",\"position\":2,\"name\":\"Lee Jae-myung, elegido presidente de Corea del Sur\"}]},{\"@type\":\"WebSite\",\"@id\":\"https:\/\/www.sonoraenequipo.com.mx\/#website\",\"url\":\"https:\/\/www.sonoraenequipo.com.mx\/\",\"name\":\"Sonora en Equipo.\",\"description\":\"Diario en l\u00ednea con Noticias desde Hermosillo, Sonora\",\"publisher\":{\"@id\":\"https:\/\/www.sonoraenequipo.com.mx\/#organization\"},\"potentialAction\":[{\"@type\":\"SearchAction\",\"target\":{\"@type\":\"EntryPoint\",\"urlTemplate\":\"https:\/\/www.sonoraenequipo.com.mx\/?s={search_term_string}\"},\"query-input\":{\"@type\":\"PropertyValueSpecification\",\"valueRequired\":true,\"valueName\":\"search_term_string\"}}],\"inLanguage\":\"es\"},{\"@type\":\"Organization\",\"@id\":\"https:\/\/www.sonoraenequipo.com.mx\/#organization\",\"name\":\"Sonoraenequipo.com.mx\",\"url\":\"https:\/\/www.sonoraenequipo.com.mx\/\",\"logo\":{\"@type\":\"ImageObject\",\"inLanguage\":\"es\",\"@id\":\"https:\/\/www.sonoraenequipo.com.mx\/#\/schema\/logo\/image\/\",\"url\":\"https:\/\/www.sonoraenequipo.com.mx\/storage\/2019\/01\/sonoraenequipo_opt.png\",\"contentUrl\":\"https:\/\/www.sonoraenequipo.com.mx\/storage\/2019\/01\/sonoraenequipo_opt.png\",\"width\":375,\"height\":125,\"caption\":\"Sonoraenequipo.com.mx\"},\"image\":{\"@id\":\"https:\/\/www.sonoraenequipo.com.mx\/#\/schema\/logo\/image\/\"},\"sameAs\":[\"https:\/\/www.facebook.com\/SonoraEE\/\",\"https:\/\/x.com\/sonoraenequipo\",\"https:\/\/www.youtube.com\/channel\/UC338nW-lPEYmJQs4ZABQ1SQ\"]},{\"@type\":\"Person\",\"@id\":\"https:\/\/www.sonoraenequipo.com.mx\/#\/schema\/person\/50102df0fb23a8fa9e8effad8fa81386\",\"name\":\"enequipo\",\"image\":{\"@type\":\"ImageObject\",\"inLanguage\":\"es\",\"@id\":\"https:\/\/www.sonoraenequipo.com.mx\/#\/schema\/person\/image\/\",\"url\":\"https:\/\/secure.gravatar.com\/avatar\/049821681b589dabc0bc20695993ccebb09f5b5d4d790cd9251b97faac7c652b?s=96&d=blank&r=g\",\"contentUrl\":\"https:\/\/secure.gravatar.com\/avatar\/049821681b589dabc0bc20695993ccebb09f5b5d4d790cd9251b97faac7c652b?s=96&d=blank&r=g\",\"caption\":\"enequipo\"},\"sameAs\":[\"https:\/\/www.facebook.com\/SonoraEE\"]}]}<\/script>\n ","yoast_head_json":{"title":"Sonora en Equipo. Lee Jae-myung, elegido presidente de Corea del Sur MUNDO","description":"Los resultados oficiales dan por vencedor al candidato de centroizquierda, que hizo un llamado a la unidad. El candidato oficialista, Kim Moon-soo, acept\u00f3 En Sonora en Equipo publicamos toda la informaci\u00f3n de Sonora, M\u00e9xico y el Mundo de manera oportuna y busca que la libertad de expresi\u00f3n sea real. Visita nuestro medio informativo publicado desde Hermosillo, Sonora. %","robots":{"index":"index","follow":"follow","max-snippet":"max-snippet:-1","max-image-preview":"max-image-preview:large","max-video-preview":"max-video-preview:-1"},"canonical":"https:\/\/www.sonoraenequipo.com.mx\/lee-jae-myung-elegido-presidente-de-corea-del-sur\/","og_locale":"es_ES","og_type":"article","og_title":"Sonora en Equipo. Lee Jae-myung, elegido presidente de Corea del Sur MUNDO","og_description":"Los resultados oficiales dan por vencedor al candidato de centroizquierda, que hizo un llamado a la unidad. El candidato oficialista, Kim Moon-soo, acept\u00f3 En Sonora en Equipo publicamos toda la informaci\u00f3n de Sonora, M\u00e9xico y el Mundo de manera oportuna y busca que la libertad de expresi\u00f3n sea real. Visita nuestro medio informativo publicado desde Hermosillo, Sonora. %","og_url":"https:\/\/www.sonoraenequipo.com.mx\/lee-jae-myung-elegido-presidente-de-corea-del-sur\/","og_site_name":"Sonora en Equipo.","article_publisher":"https:\/\/www.facebook.com\/SonoraEE\/","article_author":"https:\/\/www.facebook.com\/SonoraEE","article_published_time":"2025-06-04T02:27:48+00:00","og_image":[{"width":600,"height":400,"url":"https:\/\/www.sonoraenequipo.com.mx\/storage\/2025\/06\/Lee-Jae-myung.jpg","type":"image\/jpeg"}],"author":"enequipo","twitter_card":"summary_large_image","twitter_creator":"@sonoraenequipo","twitter_site":"@sonoraenequipo","twitter_misc":{"Escrito por":"enequipo","Tiempo de lectura":"2 minutos"},"schema":{"@context":"https:\/\/schema.org","@graph":[{"@type":"Article","@id":"https:\/\/www.sonoraenequipo.com.mx\/lee-jae-myung-elegido-presidente-de-corea-del-sur\/#article","isPartOf":{"@id":"https:\/\/www.sonoraenequipo.com.mx\/lee-jae-myung-elegido-presidente-de-corea-del-sur\/"},"author":{"name":"enequipo","@id":"https:\/\/www.sonoraenequipo.com.mx\/#\/schema\/person\/50102df0fb23a8fa9e8effad8fa81386"},"headline":"Lee Jae-myung, elegido presidente de Corea del Sur","datePublished":"2025-06-04T02:27:48+00:00","mainEntityOfPage":{"@id":"https:\/\/www.sonoraenequipo.com.mx\/lee-jae-myung-elegido-presidente-de-corea-del-sur\/"},"wordCount":329,"commentCount":0,"publisher":{"@id":"https:\/\/www.sonoraenequipo.com.mx\/#organization"},"image":{"@id":"https:\/\/www.sonoraenequipo.com.mx\/lee-jae-myung-elegido-presidente-de-corea-del-sur\/#primaryimage"},"thumbnailUrl":"https:\/\/www.sonoraenequipo.com.mx\/storage\/2025\/06\/Lee-Jae-myung.jpg","keywords":["Corea del Sur","Lee Jae-myung"],"articleSection":["MUNDO"],"inLanguage":"es","potentialAction":[{"@type":"CommentAction","name":"Comment","target":["https:\/\/www.sonoraenequipo.com.mx\/lee-jae-myung-elegido-presidente-de-corea-del-sur\/#respond"]}]},{"@type":"WebPage","@id":"https:\/\/www.sonoraenequipo.com.mx\/lee-jae-myung-elegido-presidente-de-corea-del-sur\/","url":"https:\/\/www.sonoraenequipo.com.mx\/lee-jae-myung-elegido-presidente-de-corea-del-sur\/","name":"Sonora en Equipo. Lee Jae-myung, elegido presidente de Corea del Sur MUNDO","isPartOf":{"@id":"https:\/\/www.sonoraenequipo.com.mx\/#website"},"primaryImageOfPage":{"@id":"https:\/\/www.sonoraenequipo.com.mx\/lee-jae-myung-elegido-presidente-de-corea-del-sur\/#primaryimage"},"image":{"@id":"https:\/\/www.sonoraenequipo.com.mx\/lee-jae-myung-elegido-presidente-de-corea-del-sur\/#primaryimage"},"thumbnailUrl":"https:\/\/www.sonoraenequipo.com.mx\/storage\/2025\/06\/Lee-Jae-myung.jpg","datePublished":"2025-06-04T02:27:48+00:00","description":"Los resultados oficiales dan por vencedor al candidato de centroizquierda, que hizo un llamado a la unidad. El candidato oficialista, Kim Moon-soo, acept\u00f3 En Sonora en Equipo publicamos toda la informaci\u00f3n de Sonora, M\u00e9xico y el Mundo de manera oportuna y busca que la libertad de expresi\u00f3n sea real. Visita nuestro medio informativo publicado desde Hermosillo, Sonora. %","breadcrumb":{"@id":"https:\/\/www.sonoraenequipo.com.mx\/lee-jae-myung-elegido-presidente-de-corea-del-sur\/#breadcrumb"},"inLanguage":"es","potentialAction":[{"@type":"ReadAction","target":["https:\/\/www.sonoraenequipo.com.mx\/lee-jae-myung-elegido-presidente-de-corea-del-sur\/"]}]},{"@type":"ImageObject","inLanguage":"es","@id":"https:\/\/www.sonoraenequipo.com.mx\/lee-jae-myung-elegido-presidente-de-corea-del-sur\/#primaryimage","url":"https:\/\/www.sonoraenequipo.com.mx\/storage\/2025\/06\/Lee-Jae-myung.jpg","contentUrl":"https:\/\/www.sonoraenequipo.com.mx\/storage\/2025\/06\/Lee-Jae-myung.jpg","width":600,"height":400,"caption":"Lee Jae-Myung se dirige a sus seguidores desde la sede del Partido Democr\u00e1tico en Se\u00fal.Imagen: Kim Hong-Ji\/REUTERS"},{"@type":"BreadcrumbList","@id":"https:\/\/www.sonoraenequipo.com.mx\/lee-jae-myung-elegido-presidente-de-corea-del-sur\/#breadcrumb","itemListElement":[{"@type":"ListItem","position":1,"name":"Portada","item":"https:\/\/www.sonoraenequipo.com.mx\/"},{"@type":"ListItem","position":2,"name":"Lee Jae-myung, elegido presidente de Corea del Sur"}]},{"@type":"WebSite","@id":"https:\/\/www.sonoraenequipo.com.mx\/#website","url":"https:\/\/www.sonoraenequipo.com.mx\/","name":"Sonora en Equipo.","description":"Diario en l\u00ednea con Noticias desde Hermosillo, Sonora","publisher":{"@id":"https:\/\/www.sonoraenequipo.com.mx\/#organization"},"potentialAction":[{"@type":"SearchAction","target":{"@type":"EntryPoint","urlTemplate":"https:\/\/www.sonoraenequipo.com.mx\/?s={search_term_string}"},"query-input":{"@type":"PropertyValueSpecification","valueRequired":true,"valueName":"search_term_string"}}],"inLanguage":"es"},{"@type":"Organization","@id":"https:\/\/www.sonoraenequipo.com.mx\/#organization","name":"Sonoraenequipo.com.mx","url":"https:\/\/www.sonoraenequipo.com.mx\/","logo":{"@type":"ImageObject","inLanguage":"es","@id":"https:\/\/www.sonoraenequipo.com.mx\/#\/schema\/logo\/image\/","url":"https:\/\/www.sonoraenequipo.com.mx\/storage\/2019\/01\/sonoraenequipo_opt.png","contentUrl":"https:\/\/www.sonoraenequipo.com.mx\/storage\/2019\/01\/sonoraenequipo_opt.png","width":375,"height":125,"caption":"Sonoraenequipo.com.mx"},"image":{"@id":"https:\/\/www.sonoraenequipo.com.mx\/#\/schema\/logo\/image\/"},"sameAs":["https:\/\/www.facebook.com\/SonoraEE\/","https:\/\/x.com\/sonoraenequipo","https:\/\/www.youtube.com\/channel\/UC338nW-lPEYmJQs4ZABQ1SQ"]},{"@type":"Person","@id":"https:\/\/www.sonoraenequipo.com.mx\/#\/schema\/person\/50102df0fb23a8fa9e8effad8fa81386","name":"enequipo","image":{"@type":"ImageObject","inLanguage":"es","@id":"https:\/\/www.sonoraenequipo.com.mx\/#\/schema\/person\/image\/","url":"https:\/\/secure.gravatar.com\/avatar\/049821681b589dabc0bc20695993ccebb09f5b5d4d790cd9251b97faac7c652b?s=96&d=blank&r=g","contentUrl":"https:\/\/secure.gravatar.com\/avatar\/049821681b589dabc0bc20695993ccebb09f5b5d4d790cd9251b97faac7c652b?s=96&d=blank&r=g","caption":"enequipo"},"sameAs":["https:\/\/www.facebook.com\/SonoraEE"]}]}},"jetpack_featured_media_url":"https:\/\/www.sonoraenequipo.com.mx\/storage\/2025\/06\/Lee-Jae-myung.jpg","_links":{"self":[{"href":"https:\/\/www.sonoraenequipo.com.mx\/api\/wp\/v2\/posts\/217007","targetHints":{"allow":["GET"]}}],"collection":[{"href":"https:\/\/www.sonoraenequipo.com.mx\/api\/wp\/v2\/posts"}],"about":[{"href":"https:\/\/www.sonoraenequipo.com.mx\/api\/wp\/v2\/types\/post"}],"author":[{"embeddable":true,"href":"https:\/\/www.sonoraenequipo.com.mx\/api\/wp\/v2\/users\/1"}],"replies":[{"embeddable":true,"href":"https:\/\/www.sonoraenequipo.com.mx\/api\/wp\/v2\/comments?post=217007"}],"version-history":[{"count":1,"href":"https:\/\/www.sonoraenequipo.com.mx\/api\/wp\/v2\/posts\/217007\/revisions"}],"predecessor-version":[{"id":217009,"href":"https:\/\/www.sonoraenequipo.com.mx\/api\/wp\/v2\/posts\/217007\/revisions\/217009"}],"wp:featuredmedia":[{"embeddable":true,"href":"https:\/\/www.sonoraenequipo.com.mx\/api\/wp\/v2\/media\/217008"}],"wp:attachment":[{"href":"https:\/\/www.sonoraenequipo.com.mx\/api\/wp\/v2\/media?parent=217007"}],"wp:term":[{"taxonomy":"category","embeddable":true,"href":"https:\/\/www.sonoraenequipo.com.mx\/api\/wp\/v2\/categories?post=217007"},{"taxonomy":"post_tag","embeddable":true,"href":"https:\/\/www.sonoraenequipo.com.mx\/api\/wp\/v2\/tags?post=217007"}],"curies":[{"name":"wp","href":"https:\/\/api.w.org\/{rel}","templated":true}]}}