{"id":217010,"date":"2025-06-03T19:35:18","date_gmt":"2025-06-04T02:35:18","guid":{"rendered":"https:\/\/www.sonoraenequipo.com.mx\/?p=217010"},"modified":"2025-06-03T19:35:18","modified_gmt":"2025-06-04T02:35:18","slug":"musk-califica-de-abominacion-repugnante-a-la-ley-fiscal-de-trump","status":"publish","type":"post","link":"https:\/\/www.sonoraenequipo.com.mx\/musk-califica-de-abominacion-repugnante-a-la-ley-fiscal-de-trump\/","title":{"rendered":"Musk califica de \u00ababominaci\u00f3n repugnante\u00bb a la ley fiscal de Trump"},"content":{"rendered":"<p>Elon Musk consider\u00f3 este martes (03.06.2025) que el megaproyecto de ley presupuestaria de Donald Trump es una \u00ababominaci\u00f3n repugnante\u00bb, una muestra de la tensi\u00f3n entre el millonario y el presidente de Estados Unidos d\u00edas despu\u00e9s de que el hombre m\u00e1s rico del mundo dejara de ser uno de sus asesores.<\/p>\n<p>&nbsp;<\/p>\n<p>Tras su salida de la Casa Blanca, el magnate critic\u00f3 a los republicanos que votaron por el proyecto de ley fiscal y presupuestario impulsado por el presidente de Estados Unidos, acus\u00e1ndoles de haber cometido un \u00aberror\u00bb.<\/p>\n<p>&nbsp;<\/p>\n<p>\u00abLo siento, pero no lo puedo soportar m\u00e1s. Este proyecto de ley de gasto del Congreso, masivo, escandaloso y lleno de gastos innecesarios, es una abominaci\u00f3n repugnante. Qu\u00e9 verg\u00fcenza para quienes votaron a favor: saben que cometieron un error. Lo saben\u00bb, escribi\u00f3 el empresario en X.<\/p>\n<p>&nbsp;<\/p>\n<p>En una segunda publicaci\u00f3n, el ejecutivo de Tesla y SpaceX advirti\u00f3 de que el proyecto \u00abincrementar\u00e1 masivamente el d\u00e9ficit ya gigante del presupuesto a 2,5 billones de d\u00f3lares (!!!) y cargar\u00e1 a los ciudadanos de EE.UU. con una deuda devastadoramente insostenible\u00bb.<\/p>\n<p>&nbsp;<\/p>\n<p><strong>Pr\u00f3rroga a monumentales cr\u00e9ditos fiscales<\/strong><\/p>\n<p>El proyecto de ley incluye la pr\u00f3rroga de los monumentales cr\u00e9ditos fiscales del primer mandato de Trump (2017-2021), que expiran a finales de a\u00f1o.<\/p>\n<p>&nbsp;<\/p>\n<p>Sus detractores aseguran que los recortes privar\u00e1n de cobertura sanitaria a millones de estadounidenses con bajos ingresos, pero los halcones fiscales lo consideran una bomba de relojer\u00eda para la deuda de Estados Unidos.<\/p>\n<p>&nbsp;<\/p>\n<p>Seg\u00fan varios analistas independientes, la pr\u00f3rroga fiscal podr\u00eda aumentar el d\u00e9ficit del gobierno federal entre 2 y 4 billones de d\u00f3lares durante la pr\u00f3xima d\u00e9cada.<\/p>\n<p>&nbsp;<\/p>\n<p>El 22 de mayo, los republicanos lograron que la C\u00e1mara de Representantes aprobaran el megaproyecto por un solo voto y ahora ser\u00e1 debatido en el Senado, que puede aportar cambios.<\/p>\n<p>&nbsp;<\/p>\n<p>Musk, que se despidi\u00f3 el viernes pasado de su cargo en el Gobierno, argument\u00f3 que el plan fiscal aumentar\u00e1 el d\u00e9ficit p\u00fablico y pondr\u00e1 en peligro los resultados del Departamento de Eficiencia Gubernamental (DOGE, en ingl\u00e9s) que encabez\u00f3.<\/p>\n<p><strong>Fecha de publicaci\u00f3n martes 3 de junio de 2025\/DW<\/strong><\/p>\n","protected":false},"excerpt":{"rendered":"<p>Elon Musk consider\u00f3 este martes (03.06.2025) que el megaproyecto de ley presupuestaria de Donald Trump&#8230;<\/p>\n","protected":false},"author":1,"featured_media":209253,"comment_status":"open","ping_status":"open","sticky":false,"template":"","format":"standard","meta":{"_monsterinsights_skip_tracking":false,"_monsterinsights_sitenote_active":false,"_monsterinsights_sitenote_note":"","_monsterinsights_sitenote_category":0,"footnotes":""},"categories":[3],"tags":[11301,7710,1898],"class_list":["post"],"yoast_head":" \n<title>Sonora en Equipo. Musk califica de &quot;abominaci\u00f3n repugnante&quot; a la ley fiscal de Trump MUNDO<\/title>\n<meta name=\"description\" content=\"Elon Musk consider\u00f3 este martes (03.06.2025) que el megaproyecto de ley presupuestaria de Donald Trump es una &quot;abominaci\u00f3n repugnante&quot;, una muestra de la En Sonora en Equipo publicamos toda la informaci\u00f3n de Sonora, M\u00e9xico y el Mundo de manera oportuna y busca que la libertad de expresi\u00f3n sea real. Visita nuestro medio informativo publicado desde Hermosillo, Sonora. %\" \/>\n<meta name=\"robots\" content=\"index, follow, max-snippet:-1, max-image-preview:large, max-video-preview:-1\" \/>\n<link rel=\"canonical\" href=\"https:\/\/www.sonoraenequipo.com.mx\/musk-califica-de-abominacion-repugnante-a-la-ley-fiscal-de-trump\/\" \/>\n<meta property=\"og:locale\" content=\"es_ES\" \/>\n<meta property=\"og:type\" content=\"article\" \/>\n<meta property=\"og:title\" content=\"Sonora en Equipo. Musk califica de &quot;abominaci\u00f3n repugnante&quot; a la ley fiscal de Trump MUNDO\" \/>\n<meta property=\"og:description\" content=\"Elon Musk consider\u00f3 este martes (03.06.2025) que el megaproyecto de ley presupuestaria de Donald Trump es una &quot;abominaci\u00f3n repugnante&quot;, una muestra de la En Sonora en Equipo publicamos toda la informaci\u00f3n de Sonora, M\u00e9xico y el Mundo de manera oportuna y busca que la libertad de expresi\u00f3n sea real. Visita nuestro medio informativo publicado desde Hermosillo, Sonora. %\" \/>\n<meta property=\"og:url\" content=\"https:\/\/www.sonoraenequipo.com.mx\/musk-califica-de-abominacion-repugnante-a-la-ley-fiscal-de-trump\/\" \/>\n<meta property=\"og:site_name\" content=\"Sonora en Equipo.\" \/>\n<meta property=\"article:publisher\" content=\"https:\/\/www.facebook.com\/SonoraEE\/\" \/>\n<meta property=\"article:author\" content=\"https:\/\/www.facebook.com\/SonoraEE\" \/>\n<meta property=\"article:published_time\" content=\"2025-06-04T02:35:18+00:00\" \/>\n<meta property=\"og:image\" content=\"https:\/\/www.sonoraenequipo.com.mx\/storage\/2025\/02\/musk.elon-min.jpg\" \/>\n\t<meta property=\"og:image:width\" content=\"1000\" \/>\n\t<meta property=\"og:image:height\" content=\"562\" \/>\n\t<meta property=\"og:image:type\" content=\"image\/jpeg\" \/>\n<meta name=\"author\" content=\"enequipo\" \/>\n<meta name=\"twitter:card\" content=\"summary_large_image\" \/>\n<meta name=\"twitter:creator\" content=\"@sonoraenequipo\" \/>\n<meta name=\"twitter:site\" content=\"@sonoraenequipo\" \/>\n<meta name=\"twitter:label1\" content=\"Escrito por\" \/>\n\t<meta name=\"twitter:data1\" content=\"enequipo\" \/>\n\t<meta name=\"twitter:label2\" content=\"Tiempo de lectura\" \/>\n\t<meta name=\"twitter:data2\" content=\"2 minutos\" \/>\n<script type=\"application\/ld+json\" class=\"yoast-schema-graph\">{\"@context\":\"https:\/\/schema.org\",\"@graph\":[{\"@type\":\"Article\",\"@id\":\"https:\/\/www.sonoraenequipo.com.mx\/musk-califica-de-abominacion-repugnante-a-la-ley-fiscal-de-trump\/#article\",\"isPartOf\":{\"@id\":\"https:\/\/www.sonoraenequipo.com.mx\/musk-califica-de-abominacion-repugnante-a-la-ley-fiscal-de-trump\/\"},\"author\":{\"name\":\"enequipo\",\"@id\":\"https:\/\/www.sonoraenequipo.com.mx\/#\/schema\/person\/50102df0fb23a8fa9e8effad8fa81386\"},\"headline\":\"Musk califica de \u00ababominaci\u00f3n repugnante\u00bb a la ley fiscal de Trump\",\"datePublished\":\"2025-06-04T02:35:18+00:00\",\"mainEntityOfPage\":{\"@id\":\"https:\/\/www.sonoraenequipo.com.mx\/musk-califica-de-abominacion-repugnante-a-la-ley-fiscal-de-trump\/\"},\"wordCount\":382,\"commentCount\":0,\"publisher\":{\"@id\":\"https:\/\/www.sonoraenequipo.com.mx\/#organization\"},\"image\":{\"@id\":\"https:\/\/www.sonoraenequipo.com.mx\/musk-califica-de-abominacion-repugnante-a-la-ley-fiscal-de-trump\/#primaryimage\"},\"thumbnailUrl\":\"https:\/\/www.sonoraenequipo.com.mx\/storage\/2025\/02\/musk.elon-min.jpg\",\"keywords\":[\"ley fiscal\",\"MUSK\",\"Trump\"],\"articleSection\":[\"MUNDO\"],\"inLanguage\":\"es\",\"potentialAction\":[{\"@type\":\"CommentAction\",\"name\":\"Comment\",\"target\":[\"https:\/\/www.sonoraenequipo.com.mx\/musk-califica-de-abominacion-repugnante-a-la-ley-fiscal-de-trump\/#respond\"]}]},{\"@type\":\"WebPage\",\"@id\":\"https:\/\/www.sonoraenequipo.com.mx\/musk-califica-de-abominacion-repugnante-a-la-ley-fiscal-de-trump\/\",\"url\":\"https:\/\/www.sonoraenequipo.com.mx\/musk-califica-de-abominacion-repugnante-a-la-ley-fiscal-de-trump\/\",\"name\":\"Sonora en Equipo. Musk califica de \\\"abominaci\u00f3n repugnante\\\" a la ley fiscal de Trump MUNDO\",\"isPartOf\":{\"@id\":\"https:\/\/www.sonoraenequipo.com.mx\/#website\"},\"primaryImageOfPage\":{\"@id\":\"https:\/\/www.sonoraenequipo.com.mx\/musk-califica-de-abominacion-repugnante-a-la-ley-fiscal-de-trump\/#primaryimage\"},\"image\":{\"@id\":\"https:\/\/www.sonoraenequipo.com.mx\/musk-califica-de-abominacion-repugnante-a-la-ley-fiscal-de-trump\/#primaryimage\"},\"thumbnailUrl\":\"https:\/\/www.sonoraenequipo.com.mx\/storage\/2025\/02\/musk.elon-min.jpg\",\"datePublished\":\"2025-06-04T02:35:18+00:00\",\"description\":\"Elon Musk consider\u00f3 este martes (03.06.2025) que el megaproyecto de ley presupuestaria de Donald Trump es una \\\"abominaci\u00f3n repugnante\\\", una muestra de la En Sonora en Equipo publicamos toda la informaci\u00f3n de Sonora, M\u00e9xico y el Mundo de manera oportuna y busca que la libertad de expresi\u00f3n sea real. Visita nuestro medio informativo publicado desde Hermosillo, Sonora. %\",\"breadcrumb\":{\"@id\":\"https:\/\/www.sonoraenequipo.com.mx\/musk-califica-de-abominacion-repugnante-a-la-ley-fiscal-de-trump\/#breadcrumb\"},\"inLanguage\":\"es\",\"potentialAction\":[{\"@type\":\"ReadAction\",\"target\":[\"https:\/\/www.sonoraenequipo.com.mx\/musk-califica-de-abominacion-repugnante-a-la-ley-fiscal-de-trump\/\"]}]},{\"@type\":\"ImageObject\",\"inLanguage\":\"es\",\"@id\":\"https:\/\/www.sonoraenequipo.com.mx\/musk-califica-de-abominacion-repugnante-a-la-ley-fiscal-de-trump\/#primaryimage\",\"url\":\"https:\/\/www.sonoraenequipo.com.mx\/storage\/2025\/02\/musk.elon-min.jpg\",\"contentUrl\":\"https:\/\/www.sonoraenequipo.com.mx\/storage\/2025\/02\/musk.elon-min.jpg\",\"width\":1000,\"height\":562},{\"@type\":\"BreadcrumbList\",\"@id\":\"https:\/\/www.sonoraenequipo.com.mx\/musk-califica-de-abominacion-repugnante-a-la-ley-fiscal-de-trump\/#breadcrumb\",\"itemListElement\":[{\"@type\":\"ListItem\",\"position\":1,\"name\":\"Portada\",\"item\":\"https:\/\/www.sonoraenequipo.com.mx\/\"},{\"@type\":\"ListItem\",\"position\":2,\"name\":\"Musk califica de \u00ababominaci\u00f3n repugnante\u00bb a la ley fiscal de Trump\"}]},{\"@type\":\"WebSite\",\"@id\":\"https:\/\/www.sonoraenequipo.com.mx\/#website\",\"url\":\"https:\/\/www.sonoraenequipo.com.mx\/\",\"name\":\"Sonora en Equipo.\",\"description\":\"Diario en l\u00ednea con Noticias desde Hermosillo, Sonora\",\"publisher\":{\"@id\":\"https:\/\/www.sonoraenequipo.com.mx\/#organization\"},\"potentialAction\":[{\"@type\":\"SearchAction\",\"target\":{\"@type\":\"EntryPoint\",\"urlTemplate\":\"https:\/\/www.sonoraenequipo.com.mx\/?s={search_term_string}\"},\"query-input\":{\"@type\":\"PropertyValueSpecification\",\"valueRequired\":true,\"valueName\":\"search_term_string\"}}],\"inLanguage\":\"es\"},{\"@type\":\"Organization\",\"@id\":\"https:\/\/www.sonoraenequipo.com.mx\/#organization\",\"name\":\"Sonoraenequipo.com.mx\",\"url\":\"https:\/\/www.sonoraenequipo.com.mx\/\",\"logo\":{\"@type\":\"ImageObject\",\"inLanguage\":\"es\",\"@id\":\"https:\/\/www.sonoraenequipo.com.mx\/#\/schema\/logo\/image\/\",\"url\":\"https:\/\/www.sonoraenequipo.com.mx\/storage\/2019\/01\/sonoraenequipo_opt.png\",\"contentUrl\":\"https:\/\/www.sonoraenequipo.com.mx\/storage\/2019\/01\/sonoraenequipo_opt.png\",\"width\":375,\"height\":125,\"caption\":\"Sonoraenequipo.com.mx\"},\"image\":{\"@id\":\"https:\/\/www.sonoraenequipo.com.mx\/#\/schema\/logo\/image\/\"},\"sameAs\":[\"https:\/\/www.facebook.com\/SonoraEE\/\",\"https:\/\/x.com\/sonoraenequipo\",\"https:\/\/www.youtube.com\/channel\/UC338nW-lPEYmJQs4ZABQ1SQ\"]},{\"@type\":\"Person\",\"@id\":\"https:\/\/www.sonoraenequipo.com.mx\/#\/schema\/person\/50102df0fb23a8fa9e8effad8fa81386\",\"name\":\"enequipo\",\"image\":{\"@type\":\"ImageObject\",\"inLanguage\":\"es\",\"@id\":\"https:\/\/www.sonoraenequipo.com.mx\/#\/schema\/person\/image\/\",\"url\":\"https:\/\/secure.gravatar.com\/avatar\/049821681b589dabc0bc20695993ccebb09f5b5d4d790cd9251b97faac7c652b?s=96&d=blank&r=g\",\"contentUrl\":\"https:\/\/secure.gravatar.com\/avatar\/049821681b589dabc0bc20695993ccebb09f5b5d4d790cd9251b97faac7c652b?s=96&d=blank&r=g\",\"caption\":\"enequipo\"},\"sameAs\":[\"https:\/\/www.facebook.com\/SonoraEE\"]}]}<\/script>\n ","yoast_head_json":{"title":"Sonora en Equipo. Musk califica de \"abominaci\u00f3n repugnante\" a la ley fiscal de Trump MUNDO","description":"Elon Musk consider\u00f3 este martes (03.06.2025) que el megaproyecto de ley presupuestaria de Donald Trump es una \"abominaci\u00f3n repugnante\", una muestra de la En Sonora en Equipo publicamos toda la informaci\u00f3n de Sonora, M\u00e9xico y el Mundo de manera oportuna y busca que la libertad de expresi\u00f3n sea real. Visita nuestro medio informativo publicado desde Hermosillo, Sonora. %","robots":{"index":"index","follow":"follow","max-snippet":"max-snippet:-1","max-image-preview":"max-image-preview:large","max-video-preview":"max-video-preview:-1"},"canonical":"https:\/\/www.sonoraenequipo.com.mx\/musk-califica-de-abominacion-repugnante-a-la-ley-fiscal-de-trump\/","og_locale":"es_ES","og_type":"article","og_title":"Sonora en Equipo. Musk califica de \"abominaci\u00f3n repugnante\" a la ley fiscal de Trump MUNDO","og_description":"Elon Musk consider\u00f3 este martes (03.06.2025) que el megaproyecto de ley presupuestaria de Donald Trump es una \"abominaci\u00f3n repugnante\", una muestra de la En Sonora en Equipo publicamos toda la informaci\u00f3n de Sonora, M\u00e9xico y el Mundo de manera oportuna y busca que la libertad de expresi\u00f3n sea real. Visita nuestro medio informativo publicado desde Hermosillo, Sonora. %","og_url":"https:\/\/www.sonoraenequipo.com.mx\/musk-califica-de-abominacion-repugnante-a-la-ley-fiscal-de-trump\/","og_site_name":"Sonora en Equipo.","article_publisher":"https:\/\/www.facebook.com\/SonoraEE\/","article_author":"https:\/\/www.facebook.com\/SonoraEE","article_published_time":"2025-06-04T02:35:18+00:00","og_image":[{"width":1000,"height":562,"url":"https:\/\/www.sonoraenequipo.com.mx\/storage\/2025\/02\/musk.elon-min.jpg","type":"image\/jpeg"}],"author":"enequipo","twitter_card":"summary_large_image","twitter_creator":"@sonoraenequipo","twitter_site":"@sonoraenequipo","twitter_misc":{"Escrito por":"enequipo","Tiempo de lectura":"2 minutos"},"schema":{"@context":"https:\/\/schema.org","@graph":[{"@type":"Article","@id":"https:\/\/www.sonoraenequipo.com.mx\/musk-califica-de-abominacion-repugnante-a-la-ley-fiscal-de-trump\/#article","isPartOf":{"@id":"https:\/\/www.sonoraenequipo.com.mx\/musk-califica-de-abominacion-repugnante-a-la-ley-fiscal-de-trump\/"},"author":{"name":"enequipo","@id":"https:\/\/www.sonoraenequipo.com.mx\/#\/schema\/person\/50102df0fb23a8fa9e8effad8fa81386"},"headline":"Musk califica de \u00ababominaci\u00f3n repugnante\u00bb a la ley fiscal de Trump","datePublished":"2025-06-04T02:35:18+00:00","mainEntityOfPage":{"@id":"https:\/\/www.sonoraenequipo.com.mx\/musk-califica-de-abominacion-repugnante-a-la-ley-fiscal-de-trump\/"},"wordCount":382,"commentCount":0,"publisher":{"@id":"https:\/\/www.sonoraenequipo.com.mx\/#organization"},"image":{"@id":"https:\/\/www.sonoraenequipo.com.mx\/musk-califica-de-abominacion-repugnante-a-la-ley-fiscal-de-trump\/#primaryimage"},"thumbnailUrl":"https:\/\/www.sonoraenequipo.com.mx\/storage\/2025\/02\/musk.elon-min.jpg","keywords":["ley fiscal","MUSK","Trump"],"articleSection":["MUNDO"],"inLanguage":"es","potentialAction":[{"@type":"CommentAction","name":"Comment","target":["https:\/\/www.sonoraenequipo.com.mx\/musk-califica-de-abominacion-repugnante-a-la-ley-fiscal-de-trump\/#respond"]}]},{"@type":"WebPage","@id":"https:\/\/www.sonoraenequipo.com.mx\/musk-califica-de-abominacion-repugnante-a-la-ley-fiscal-de-trump\/","url":"https:\/\/www.sonoraenequipo.com.mx\/musk-califica-de-abominacion-repugnante-a-la-ley-fiscal-de-trump\/","name":"Sonora en Equipo. Musk califica de \"abominaci\u00f3n repugnante\" a la ley fiscal de Trump MUNDO","isPartOf":{"@id":"https:\/\/www.sonoraenequipo.com.mx\/#website"},"primaryImageOfPage":{"@id":"https:\/\/www.sonoraenequipo.com.mx\/musk-califica-de-abominacion-repugnante-a-la-ley-fiscal-de-trump\/#primaryimage"},"image":{"@id":"https:\/\/www.sonoraenequipo.com.mx\/musk-califica-de-abominacion-repugnante-a-la-ley-fiscal-de-trump\/#primaryimage"},"thumbnailUrl":"https:\/\/www.sonoraenequipo.com.mx\/storage\/2025\/02\/musk.elon-min.jpg","datePublished":"2025-06-04T02:35:18+00:00","description":"Elon Musk consider\u00f3 este martes (03.06.2025) que el megaproyecto de ley presupuestaria de Donald Trump es una \"abominaci\u00f3n repugnante\", una muestra de la En Sonora en Equipo publicamos toda la informaci\u00f3n de Sonora, M\u00e9xico y el Mundo de manera oportuna y busca que la libertad de expresi\u00f3n sea real. Visita nuestro medio informativo publicado desde Hermosillo, Sonora. %","breadcrumb":{"@id":"https:\/\/www.sonoraenequipo.com.mx\/musk-califica-de-abominacion-repugnante-a-la-ley-fiscal-de-trump\/#breadcrumb"},"inLanguage":"es","potentialAction":[{"@type":"ReadAction","target":["https:\/\/www.sonoraenequipo.com.mx\/musk-califica-de-abominacion-repugnante-a-la-ley-fiscal-de-trump\/"]}]},{"@type":"ImageObject","inLanguage":"es","@id":"https:\/\/www.sonoraenequipo.com.mx\/musk-califica-de-abominacion-repugnante-a-la-ley-fiscal-de-trump\/#primaryimage","url":"https:\/\/www.sonoraenequipo.com.mx\/storage\/2025\/02\/musk.elon-min.jpg","contentUrl":"https:\/\/www.sonoraenequipo.com.mx\/storage\/2025\/02\/musk.elon-min.jpg","width":1000,"height":562},{"@type":"BreadcrumbList","@id":"https:\/\/www.sonoraenequipo.com.mx\/musk-califica-de-abominacion-repugnante-a-la-ley-fiscal-de-trump\/#breadcrumb","itemListElement":[{"@type":"ListItem","position":1,"name":"Portada","item":"https:\/\/www.sonoraenequipo.com.mx\/"},{"@type":"ListItem","position":2,"name":"Musk califica de \u00ababominaci\u00f3n repugnante\u00bb a la ley fiscal de Trump"}]},{"@type":"WebSite","@id":"https:\/\/www.sonoraenequipo.com.mx\/#website","url":"https:\/\/www.sonoraenequipo.com.mx\/","name":"Sonora en Equipo.","description":"Diario en l\u00ednea con Noticias desde Hermosillo, Sonora","publisher":{"@id":"https:\/\/www.sonoraenequipo.com.mx\/#organization"},"potentialAction":[{"@type":"SearchAction","target":{"@type":"EntryPoint","urlTemplate":"https:\/\/www.sonoraenequipo.com.mx\/?s={search_term_string}"},"query-input":{"@type":"PropertyValueSpecification","valueRequired":true,"valueName":"search_term_string"}}],"inLanguage":"es"},{"@type":"Organization","@id":"https:\/\/www.sonoraenequipo.com.mx\/#organization","name":"Sonoraenequipo.com.mx","url":"https:\/\/www.sonoraenequipo.com.mx\/","logo":{"@type":"ImageObject","inLanguage":"es","@id":"https:\/\/www.sonoraenequipo.com.mx\/#\/schema\/logo\/image\/","url":"https:\/\/www.sonoraenequipo.com.mx\/storage\/2019\/01\/sonoraenequipo_opt.png","contentUrl":"https:\/\/www.sonoraenequipo.com.mx\/storage\/2019\/01\/sonoraenequipo_opt.png","width":375,"height":125,"caption":"Sonoraenequipo.com.mx"},"image":{"@id":"https:\/\/www.sonoraenequipo.com.mx\/#\/schema\/logo\/image\/"},"sameAs":["https:\/\/www.facebook.com\/SonoraEE\/","https:\/\/x.com\/sonoraenequipo","https:\/\/www.youtube.com\/channel\/UC338nW-lPEYmJQs4ZABQ1SQ"]},{"@type":"Person","@id":"https:\/\/www.sonoraenequipo.com.mx\/#\/schema\/person\/50102df0fb23a8fa9e8effad8fa81386","name":"enequipo","image":{"@type":"ImageObject","inLanguage":"es","@id":"https:\/\/www.sonoraenequipo.com.mx\/#\/schema\/person\/image\/","url":"https:\/\/secure.gravatar.com\/avatar\/049821681b589dabc0bc20695993ccebb09f5b5d4d790cd9251b97faac7c652b?s=96&d=blank&r=g","contentUrl":"https:\/\/secure.gravatar.com\/avatar\/049821681b589dabc0bc20695993ccebb09f5b5d4d790cd9251b97faac7c652b?s=96&d=blank&r=g","caption":"enequipo"},"sameAs":["https:\/\/www.facebook.com\/SonoraEE"]}]}},"jetpack_featured_media_url":"https:\/\/www.sonoraenequipo.com.mx\/storage\/2025\/02\/musk.elon-min.jpg","_links":{"self":[{"href":"https:\/\/www.sonoraenequipo.com.mx\/api\/wp\/v2\/posts\/217010","targetHints":{"allow":["GET"]}}],"collection":[{"href":"https:\/\/www.sonoraenequipo.com.mx\/api\/wp\/v2\/posts"}],"about":[{"href":"https:\/\/www.sonoraenequipo.com.mx\/api\/wp\/v2\/types\/post"}],"author":[{"embeddable":true,"href":"https:\/\/www.sonoraenequipo.com.mx\/api\/wp\/v2\/users\/1"}],"replies":[{"embeddable":true,"href":"https:\/\/www.sonoraenequipo.com.mx\/api\/wp\/v2\/comments?post=217010"}],"version-history":[{"count":1,"href":"https:\/\/www.sonoraenequipo.com.mx\/api\/wp\/v2\/posts\/217010\/revisions"}],"predecessor-version":[{"id":217011,"href":"https:\/\/www.sonoraenequipo.com.mx\/api\/wp\/v2\/posts\/217010\/revisions\/217011"}],"wp:featuredmedia":[{"embeddable":true,"href":"https:\/\/www.sonoraenequipo.com.mx\/api\/wp\/v2\/media\/209253"}],"wp:attachment":[{"href":"https:\/\/www.sonoraenequipo.com.mx\/api\/wp\/v2\/media?parent=217010"}],"wp:term":[{"taxonomy":"category","embeddable":true,"href":"https:\/\/www.sonoraenequipo.com.mx\/api\/wp\/v2\/categories?post=217010"},{"taxonomy":"post_tag","embeddable":true,"href":"https:\/\/www.sonoraenequipo.com.mx\/api\/wp\/v2\/tags?post=217010"}],"curies":[{"name":"wp","href":"https:\/\/api.w.org\/{rel}","templated":true}]}}