{"id":217024,"date":"2025-06-04T09:07:36","date_gmt":"2025-06-04T16:07:36","guid":{"rendered":"https:\/\/www.sonoraenequipo.com.mx\/?p=217024"},"modified":"2025-06-04T11:09:38","modified_gmt":"2025-06-04T18:09:38","slug":"las-complicaciones-esteticas-estan-aumentando-su-incidencia-ano-tras-ano-dr-eduardo-cardona","status":"publish","type":"post","link":"https:\/\/www.sonoraenequipo.com.mx\/las-complicaciones-esteticas-estan-aumentando-su-incidencia-ano-tras-ano-dr-eduardo-cardona\/","title":{"rendered":"Las complicaciones est\u00e9ticas est\u00e1n aumentando su incidencia a\u00f1o tras a\u00f1o: Dr. Eduardo Cardona."},"content":{"rendered":"<p><strong>MIAMI, FLORIDA. ESTADOS UNIDOS DEL NORTE DE AM\u00c9RICA.<\/strong> \u2014 La fibrosis, los n\u00f3dulos y los granulomas subcut\u00e1neos se est\u00e1n convirtiendo en diagn\u00f3sticos cada vez m\u00e1s frecuentes en consultas est\u00e9ticas. Y lo m\u00e1s preocupante es que, en muchos casos, no deber\u00edan haber ocurrido, advirti\u00f3 el Dr. Eduardo Cardona.<\/p>\n<p>&nbsp;<\/p>\n<p>&nbsp;<\/p>\n<p>&nbsp;<\/p>\n<p>&nbsp;<\/p>\n<p> <\/p>\n<p><em><strong>\u201cEn el espejo todo parec\u00eda ir bien\u2026 hasta que apareci\u00f3 un bulto, una dureza o una inflamaci\u00f3n inexplicable, semanas despu\u00e9s del tratamiento. Lo que muchos consideran un efecto pasajero, a menudo es el primer signo de una complicaci\u00f3n evitable\u201d<\/strong><\/em>, relat\u00f3 el experto sobre casos vistos en su carrera.<\/p>\n<p>&nbsp;<\/p>\n<p>&nbsp;<\/p>\n<p>&nbsp;<\/p>\n<p>&nbsp;<\/p>\n<p>Y es que los tratamientos con rellenos d\u00e9rmicos y bioestimuladores han transformado la medicina est\u00e9tica moderna, pero su creciente popularidad ha tra\u00eddo consigo un aumento paralelo de efectos adversos, en particular cuando se aplican sin la formaci\u00f3n, criterio cl\u00ednico o seguimiento adecuado.<\/p>\n<p>&nbsp;<\/p>\n<p>&nbsp;<\/p>\n<h3>\u00bfQu\u00e9 son y por qu\u00e9 aparecen?<\/h3>\n<p>&nbsp;<\/p>\n<p>&nbsp;<\/p>\n<p>&nbsp;<\/p>\n<p>El protagonista de \u201c<em><strong>Diario de Belleza Podcast\u201d,<\/strong><\/em> presentado junto a Doreen Guti\u00e9rrez, as\u00ed lo explica:<\/p>\n<p>&nbsp;<\/p>\n<p>&nbsp;<\/p>\n<p>&nbsp;<\/p>\n<p><strong>-Fibrosis:<\/strong> es una respuesta exagerada del cuerpo a una agresi\u00f3n repetida o inflamaci\u00f3n cr\u00f3nica. En est\u00e9tica, aparece cuando el tejido conectivo se endurece y engrosa, perdiendo elasticidad. Puede surgir tras m\u00faltiples sesiones mal espaciadas, t\u00e9cnicas traum\u00e1ticas o por el uso de productos bioestimuladores como hilos tensores (PLA), \u00e1cido poli-L-l\u00e1ctico (PLLA), l\u00e1ser fraccionado o radiofrecuencia ablativa.<\/p>\n<p>&nbsp;<\/p>\n<p>&nbsp;<\/p>\n<p>&nbsp;<\/p>\n<p><strong>-N\u00f3dulos:<\/strong> son acumulaciones firmes bajo la piel que pueden ser visibles o palpables. Suelen deberse a colocaci\u00f3n incorrecta del producto, uso excesivo o frecuente de bioestimuladores, t\u00e9cnica inadecuada o sensibilidad individual del paciente.<\/p>\n<p>&nbsp;<\/p>\n<p>&nbsp;<\/p>\n<p>&nbsp;<\/p>\n<p><strong>-Granulomas:<\/strong> son respuestas inflamatorias m\u00e1s complejas, resultado de una reacci\u00f3n a cuerpo extra\u00f1o. Pueden ser dolorosos, estar enrojecidos y aparecer meses despu\u00e9s del tratamiento inicial.<\/p>\n<p>&nbsp;<\/p>\n<p>&nbsp;<\/p>\n<h3>\u00bfPor qu\u00e9 est\u00e1n aumentando estos casos?<\/h3>\n<p>&nbsp;<\/p>\n<p>&nbsp;<\/p>\n<p>&nbsp;<\/p>\n<p>De acuerdo con el creador de The Cardona Method\u00ae\ufe0f, esto se debe a una formaci\u00f3n profesional \u201cexpr\u00e9s\u201d sin fundamentos s\u00f3lidos, t\u00e9cnicas virales en redes sociales sin respaldo cient\u00edfico, aplicaci\u00f3n de productos fuera de indicaci\u00f3n o en zonas no aprobadas, falta de seguimiento adecuado al paciente o subestimaci\u00f3n del riesgo por parte de algunos profesionales.<\/p>\n<p>&nbsp;<\/p>\n<p>&nbsp;<\/p>\n<p>&nbsp;<\/p>\n<p>&nbsp;<\/p>\n<p>Para tratar algunas de estas complicaciones, el profesor de Medicina Est\u00e9tica recomienda un abordaje individualizado con medicamentos e incluso cirug\u00eda o aspiraci\u00f3n, como \u00faltimo recurso ante lesiones encapsuladas o persistentes.<\/p>\n<p>&nbsp;<\/p>\n<p>&nbsp;<\/p>\n<p>&nbsp;<\/p>\n<p>&nbsp;<\/p>\n<p><em><strong>\u201cEn medicina est\u00e9tica, el verdadero \u00e9xito no est\u00e1 en aplicar m\u00e1s producto, sino en saber cu\u00e1ndo, c\u00f3mo, d\u00f3nde y por qu\u00e9 usarlo. Las complicaciones como la fibrosis, los n\u00f3dulos y los granulomas no son inevitables. Son, en muchos casos, consecuencias prevenibles de una mala t\u00e9cnica, excesos o una indicaci\u00f3n poco adecuada\u201d<\/strong><\/em>, insisti\u00f3 el Dr. Eduardo Cardona.<\/p>\n<p>&nbsp;<\/p>\n<p>&nbsp;<\/p>\n<p>&nbsp;<\/p>\n<p>&nbsp;<\/p>\n<p>PUBLICADO EL 04 DE JUNIO DE 2025 Con informaci\u00f3n de MS AGENCY \/MICHEL SU\u00c1REZ)<\/p>\n","protected":false},"excerpt":{"rendered":"<p>MIAMI, FLORIDA. ESTADOS UNIDOS DEL NORTE DE AM\u00c9RICA. \u2014 La fibrosis, los n\u00f3dulos y los&#8230;<\/p>\n","protected":false},"author":1,"featured_media":217025,"comment_status":"open","ping_status":"open","sticky":false,"template":"","format":"standard","meta":{"_monsterinsights_skip_tracking":false,"_monsterinsights_sitenote_active":false,"_monsterinsights_sitenote_note":"","_monsterinsights_sitenote_category":0,"footnotes":""},"categories":[12],"tags":[],"class_list":["post"],"yoast_head":" \n<title>Sonora en Equipo. Las complicaciones est\u00e9ticas est\u00e1n aumentando su incidencia a\u00f1o tras a\u00f1o: Dr. Eduardo Cardona. Especiales<\/title>\n<meta name=\"description\" content=\"MIAMI, FLORIDA. ESTADOS UNIDOS DEL NORTE DE AM\u00c9RICA. \u2014 La fibrosis, los n\u00f3dulos y los granulomas subcut\u00e1neos se est\u00e1n convirtiendo en diagn\u00f3sticos cada En Sonora en Equipo publicamos toda la informaci\u00f3n de Sonora, M\u00e9xico y el Mundo de manera oportuna y busca que la libertad de expresi\u00f3n sea real. Visita nuestro medio informativo publicado desde Hermosillo, Sonora. %\" \/>\n<meta name=\"robots\" content=\"index, follow, max-snippet:-1, max-image-preview:large, max-video-preview:-1\" \/>\n<link rel=\"canonical\" href=\"https:\/\/www.sonoraenequipo.com.mx\/las-complicaciones-esteticas-estan-aumentando-su-incidencia-ano-tras-ano-dr-eduardo-cardona\/\" \/>\n<meta property=\"og:locale\" content=\"es_ES\" \/>\n<meta property=\"og:type\" content=\"article\" \/>\n<meta property=\"og:title\" content=\"Sonora en Equipo. Las complicaciones est\u00e9ticas est\u00e1n aumentando su incidencia a\u00f1o tras a\u00f1o: Dr. Eduardo Cardona. Especiales\" \/>\n<meta property=\"og:description\" content=\"MIAMI, FLORIDA. ESTADOS UNIDOS DEL NORTE DE AM\u00c9RICA. \u2014 La fibrosis, los n\u00f3dulos y los granulomas subcut\u00e1neos se est\u00e1n convirtiendo en diagn\u00f3sticos cada En Sonora en Equipo publicamos toda la informaci\u00f3n de Sonora, M\u00e9xico y el Mundo de manera oportuna y busca que la libertad de expresi\u00f3n sea real. Visita nuestro medio informativo publicado desde Hermosillo, Sonora. %\" \/>\n<meta property=\"og:url\" content=\"https:\/\/www.sonoraenequipo.com.mx\/las-complicaciones-esteticas-estan-aumentando-su-incidencia-ano-tras-ano-dr-eduardo-cardona\/\" \/>\n<meta property=\"og:site_name\" content=\"Sonora en Equipo.\" \/>\n<meta property=\"article:publisher\" content=\"https:\/\/www.facebook.com\/SonoraEE\/\" \/>\n<meta property=\"article:author\" content=\"https:\/\/www.facebook.com\/SonoraEE\" \/>\n<meta property=\"article:published_time\" content=\"2025-06-04T16:07:36+00:00\" \/>\n<meta property=\"article:modified_time\" content=\"2025-06-04T18:09:38+00:00\" \/>\n<meta property=\"og:image\" content=\"https:\/\/www.sonoraenequipo.com.mx\/storage\/2025\/06\/las-complicaciones-esteticas-que-nadie-explica-min.jpg\" \/>\n\t<meta property=\"og:image:width\" content=\"1000\" \/>\n\t<meta property=\"og:image:height\" content=\"652\" \/>\n\t<meta property=\"og:image:type\" content=\"image\/jpeg\" \/>\n<meta name=\"author\" content=\"enequipo\" \/>\n<meta name=\"twitter:card\" content=\"summary_large_image\" \/>\n<meta name=\"twitter:creator\" content=\"@sonoraenequipo\" \/>\n<meta name=\"twitter:site\" content=\"@sonoraenequipo\" \/>\n<meta name=\"twitter:label1\" content=\"Escrito por\" \/>\n\t<meta name=\"twitter:data1\" content=\"enequipo\" \/>\n\t<meta name=\"twitter:label2\" content=\"Tiempo de lectura\" \/>\n\t<meta name=\"twitter:data2\" content=\"3 minutos\" \/>\n<script type=\"application\/ld+json\" class=\"yoast-schema-graph\">{\"@context\":\"https:\/\/schema.org\",\"@graph\":[{\"@type\":\"Article\",\"@id\":\"https:\/\/www.sonoraenequipo.com.mx\/las-complicaciones-esteticas-estan-aumentando-su-incidencia-ano-tras-ano-dr-eduardo-cardona\/#article\",\"isPartOf\":{\"@id\":\"https:\/\/www.sonoraenequipo.com.mx\/las-complicaciones-esteticas-estan-aumentando-su-incidencia-ano-tras-ano-dr-eduardo-cardona\/\"},\"author\":{\"name\":\"enequipo\",\"@id\":\"https:\/\/www.sonoraenequipo.com.mx\/#\/schema\/person\/50102df0fb23a8fa9e8effad8fa81386\"},\"headline\":\"Las complicaciones est\u00e9ticas est\u00e1n aumentando su incidencia a\u00f1o tras a\u00f1o: Dr. Eduardo Cardona.\",\"datePublished\":\"2025-06-04T16:07:36+00:00\",\"dateModified\":\"2025-06-04T18:09:38+00:00\",\"mainEntityOfPage\":{\"@id\":\"https:\/\/www.sonoraenequipo.com.mx\/las-complicaciones-esteticas-estan-aumentando-su-incidencia-ano-tras-ano-dr-eduardo-cardona\/\"},\"wordCount\":541,\"commentCount\":0,\"publisher\":{\"@id\":\"https:\/\/www.sonoraenequipo.com.mx\/#organization\"},\"image\":{\"@id\":\"https:\/\/www.sonoraenequipo.com.mx\/las-complicaciones-esteticas-estan-aumentando-su-incidencia-ano-tras-ano-dr-eduardo-cardona\/#primaryimage\"},\"thumbnailUrl\":\"https:\/\/www.sonoraenequipo.com.mx\/storage\/2025\/06\/las-complicaciones-esteticas-que-nadie-explica-min.jpg\",\"articleSection\":[\"Especiales\"],\"inLanguage\":\"es\",\"potentialAction\":[{\"@type\":\"CommentAction\",\"name\":\"Comment\",\"target\":[\"https:\/\/www.sonoraenequipo.com.mx\/las-complicaciones-esteticas-estan-aumentando-su-incidencia-ano-tras-ano-dr-eduardo-cardona\/#respond\"]}]},{\"@type\":\"WebPage\",\"@id\":\"https:\/\/www.sonoraenequipo.com.mx\/las-complicaciones-esteticas-estan-aumentando-su-incidencia-ano-tras-ano-dr-eduardo-cardona\/\",\"url\":\"https:\/\/www.sonoraenequipo.com.mx\/las-complicaciones-esteticas-estan-aumentando-su-incidencia-ano-tras-ano-dr-eduardo-cardona\/\",\"name\":\"Sonora en Equipo. Las complicaciones est\u00e9ticas est\u00e1n aumentando su incidencia a\u00f1o tras a\u00f1o: Dr. Eduardo Cardona. Especiales\",\"isPartOf\":{\"@id\":\"https:\/\/www.sonoraenequipo.com.mx\/#website\"},\"primaryImageOfPage\":{\"@id\":\"https:\/\/www.sonoraenequipo.com.mx\/las-complicaciones-esteticas-estan-aumentando-su-incidencia-ano-tras-ano-dr-eduardo-cardona\/#primaryimage\"},\"image\":{\"@id\":\"https:\/\/www.sonoraenequipo.com.mx\/las-complicaciones-esteticas-estan-aumentando-su-incidencia-ano-tras-ano-dr-eduardo-cardona\/#primaryimage\"},\"thumbnailUrl\":\"https:\/\/www.sonoraenequipo.com.mx\/storage\/2025\/06\/las-complicaciones-esteticas-que-nadie-explica-min.jpg\",\"datePublished\":\"2025-06-04T16:07:36+00:00\",\"dateModified\":\"2025-06-04T18:09:38+00:00\",\"description\":\"MIAMI, FLORIDA. ESTADOS UNIDOS DEL NORTE DE AM\u00c9RICA. \u2014 La fibrosis, los n\u00f3dulos y los granulomas subcut\u00e1neos se est\u00e1n convirtiendo en diagn\u00f3sticos cada En Sonora en Equipo publicamos toda la informaci\u00f3n de Sonora, M\u00e9xico y el Mundo de manera oportuna y busca que la libertad de expresi\u00f3n sea real. Visita nuestro medio informativo publicado desde Hermosillo, Sonora. %\",\"breadcrumb\":{\"@id\":\"https:\/\/www.sonoraenequipo.com.mx\/las-complicaciones-esteticas-estan-aumentando-su-incidencia-ano-tras-ano-dr-eduardo-cardona\/#breadcrumb\"},\"inLanguage\":\"es\",\"potentialAction\":[{\"@type\":\"ReadAction\",\"target\":[\"https:\/\/www.sonoraenequipo.com.mx\/las-complicaciones-esteticas-estan-aumentando-su-incidencia-ano-tras-ano-dr-eduardo-cardona\/\"]}]},{\"@type\":\"ImageObject\",\"inLanguage\":\"es\",\"@id\":\"https:\/\/www.sonoraenequipo.com.mx\/las-complicaciones-esteticas-estan-aumentando-su-incidencia-ano-tras-ano-dr-eduardo-cardona\/#primaryimage\",\"url\":\"https:\/\/www.sonoraenequipo.com.mx\/storage\/2025\/06\/las-complicaciones-esteticas-que-nadie-explica-min.jpg\",\"contentUrl\":\"https:\/\/www.sonoraenequipo.com.mx\/storage\/2025\/06\/las-complicaciones-esteticas-que-nadie-explica-min.jpg\",\"width\":1000,\"height\":652},{\"@type\":\"BreadcrumbList\",\"@id\":\"https:\/\/www.sonoraenequipo.com.mx\/las-complicaciones-esteticas-estan-aumentando-su-incidencia-ano-tras-ano-dr-eduardo-cardona\/#breadcrumb\",\"itemListElement\":[{\"@type\":\"ListItem\",\"position\":1,\"name\":\"Portada\",\"item\":\"https:\/\/www.sonoraenequipo.com.mx\/\"},{\"@type\":\"ListItem\",\"position\":2,\"name\":\"Las complicaciones est\u00e9ticas est\u00e1n aumentando su incidencia a\u00f1o tras a\u00f1o: Dr. Eduardo Cardona.\"}]},{\"@type\":\"WebSite\",\"@id\":\"https:\/\/www.sonoraenequipo.com.mx\/#website\",\"url\":\"https:\/\/www.sonoraenequipo.com.mx\/\",\"name\":\"Sonora en Equipo.\",\"description\":\"Diario en l\u00ednea con Noticias desde Hermosillo, Sonora\",\"publisher\":{\"@id\":\"https:\/\/www.sonoraenequipo.com.mx\/#organization\"},\"potentialAction\":[{\"@type\":\"SearchAction\",\"target\":{\"@type\":\"EntryPoint\",\"urlTemplate\":\"https:\/\/www.sonoraenequipo.com.mx\/?s={search_term_string}\"},\"query-input\":{\"@type\":\"PropertyValueSpecification\",\"valueRequired\":true,\"valueName\":\"search_term_string\"}}],\"inLanguage\":\"es\"},{\"@type\":\"Organization\",\"@id\":\"https:\/\/www.sonoraenequipo.com.mx\/#organization\",\"name\":\"Sonoraenequipo.com.mx\",\"url\":\"https:\/\/www.sonoraenequipo.com.mx\/\",\"logo\":{\"@type\":\"ImageObject\",\"inLanguage\":\"es\",\"@id\":\"https:\/\/www.sonoraenequipo.com.mx\/#\/schema\/logo\/image\/\",\"url\":\"https:\/\/www.sonoraenequipo.com.mx\/storage\/2019\/01\/sonoraenequipo_opt.png\",\"contentUrl\":\"https:\/\/www.sonoraenequipo.com.mx\/storage\/2019\/01\/sonoraenequipo_opt.png\",\"width\":375,\"height\":125,\"caption\":\"Sonoraenequipo.com.mx\"},\"image\":{\"@id\":\"https:\/\/www.sonoraenequipo.com.mx\/#\/schema\/logo\/image\/\"},\"sameAs\":[\"https:\/\/www.facebook.com\/SonoraEE\/\",\"https:\/\/x.com\/sonoraenequipo\",\"https:\/\/www.youtube.com\/channel\/UC338nW-lPEYmJQs4ZABQ1SQ\"]},{\"@type\":\"Person\",\"@id\":\"https:\/\/www.sonoraenequipo.com.mx\/#\/schema\/person\/50102df0fb23a8fa9e8effad8fa81386\",\"name\":\"enequipo\",\"image\":{\"@type\":\"ImageObject\",\"inLanguage\":\"es\",\"@id\":\"https:\/\/www.sonoraenequipo.com.mx\/#\/schema\/person\/image\/\",\"url\":\"https:\/\/secure.gravatar.com\/avatar\/049821681b589dabc0bc20695993ccebb09f5b5d4d790cd9251b97faac7c652b?s=96&d=blank&r=g\",\"contentUrl\":\"https:\/\/secure.gravatar.com\/avatar\/049821681b589dabc0bc20695993ccebb09f5b5d4d790cd9251b97faac7c652b?s=96&d=blank&r=g\",\"caption\":\"enequipo\"},\"sameAs\":[\"https:\/\/www.facebook.com\/SonoraEE\"]}]}<\/script>\n ","yoast_head_json":{"title":"Sonora en Equipo. Las complicaciones est\u00e9ticas est\u00e1n aumentando su incidencia a\u00f1o tras a\u00f1o: Dr. Eduardo Cardona. Especiales","description":"MIAMI, FLORIDA. ESTADOS UNIDOS DEL NORTE DE AM\u00c9RICA. \u2014 La fibrosis, los n\u00f3dulos y los granulomas subcut\u00e1neos se est\u00e1n convirtiendo en diagn\u00f3sticos cada En Sonora en Equipo publicamos toda la informaci\u00f3n de Sonora, M\u00e9xico y el Mundo de manera oportuna y busca que la libertad de expresi\u00f3n sea real. Visita nuestro medio informativo publicado desde Hermosillo, Sonora. %","robots":{"index":"index","follow":"follow","max-snippet":"max-snippet:-1","max-image-preview":"max-image-preview:large","max-video-preview":"max-video-preview:-1"},"canonical":"https:\/\/www.sonoraenequipo.com.mx\/las-complicaciones-esteticas-estan-aumentando-su-incidencia-ano-tras-ano-dr-eduardo-cardona\/","og_locale":"es_ES","og_type":"article","og_title":"Sonora en Equipo. Las complicaciones est\u00e9ticas est\u00e1n aumentando su incidencia a\u00f1o tras a\u00f1o: Dr. Eduardo Cardona. Especiales","og_description":"MIAMI, FLORIDA. ESTADOS UNIDOS DEL NORTE DE AM\u00c9RICA. \u2014 La fibrosis, los n\u00f3dulos y los granulomas subcut\u00e1neos se est\u00e1n convirtiendo en diagn\u00f3sticos cada En Sonora en Equipo publicamos toda la informaci\u00f3n de Sonora, M\u00e9xico y el Mundo de manera oportuna y busca que la libertad de expresi\u00f3n sea real. Visita nuestro medio informativo publicado desde Hermosillo, Sonora. %","og_url":"https:\/\/www.sonoraenequipo.com.mx\/las-complicaciones-esteticas-estan-aumentando-su-incidencia-ano-tras-ano-dr-eduardo-cardona\/","og_site_name":"Sonora en Equipo.","article_publisher":"https:\/\/www.facebook.com\/SonoraEE\/","article_author":"https:\/\/www.facebook.com\/SonoraEE","article_published_time":"2025-06-04T16:07:36+00:00","article_modified_time":"2025-06-04T18:09:38+00:00","og_image":[{"width":1000,"height":652,"url":"https:\/\/www.sonoraenequipo.com.mx\/storage\/2025\/06\/las-complicaciones-esteticas-que-nadie-explica-min.jpg","type":"image\/jpeg"}],"author":"enequipo","twitter_card":"summary_large_image","twitter_creator":"@sonoraenequipo","twitter_site":"@sonoraenequipo","twitter_misc":{"Escrito por":"enequipo","Tiempo de lectura":"3 minutos"},"schema":{"@context":"https:\/\/schema.org","@graph":[{"@type":"Article","@id":"https:\/\/www.sonoraenequipo.com.mx\/las-complicaciones-esteticas-estan-aumentando-su-incidencia-ano-tras-ano-dr-eduardo-cardona\/#article","isPartOf":{"@id":"https:\/\/www.sonoraenequipo.com.mx\/las-complicaciones-esteticas-estan-aumentando-su-incidencia-ano-tras-ano-dr-eduardo-cardona\/"},"author":{"name":"enequipo","@id":"https:\/\/www.sonoraenequipo.com.mx\/#\/schema\/person\/50102df0fb23a8fa9e8effad8fa81386"},"headline":"Las complicaciones est\u00e9ticas est\u00e1n aumentando su incidencia a\u00f1o tras a\u00f1o: Dr. Eduardo Cardona.","datePublished":"2025-06-04T16:07:36+00:00","dateModified":"2025-06-04T18:09:38+00:00","mainEntityOfPage":{"@id":"https:\/\/www.sonoraenequipo.com.mx\/las-complicaciones-esteticas-estan-aumentando-su-incidencia-ano-tras-ano-dr-eduardo-cardona\/"},"wordCount":541,"commentCount":0,"publisher":{"@id":"https:\/\/www.sonoraenequipo.com.mx\/#organization"},"image":{"@id":"https:\/\/www.sonoraenequipo.com.mx\/las-complicaciones-esteticas-estan-aumentando-su-incidencia-ano-tras-ano-dr-eduardo-cardona\/#primaryimage"},"thumbnailUrl":"https:\/\/www.sonoraenequipo.com.mx\/storage\/2025\/06\/las-complicaciones-esteticas-que-nadie-explica-min.jpg","articleSection":["Especiales"],"inLanguage":"es","potentialAction":[{"@type":"CommentAction","name":"Comment","target":["https:\/\/www.sonoraenequipo.com.mx\/las-complicaciones-esteticas-estan-aumentando-su-incidencia-ano-tras-ano-dr-eduardo-cardona\/#respond"]}]},{"@type":"WebPage","@id":"https:\/\/www.sonoraenequipo.com.mx\/las-complicaciones-esteticas-estan-aumentando-su-incidencia-ano-tras-ano-dr-eduardo-cardona\/","url":"https:\/\/www.sonoraenequipo.com.mx\/las-complicaciones-esteticas-estan-aumentando-su-incidencia-ano-tras-ano-dr-eduardo-cardona\/","name":"Sonora en Equipo. Las complicaciones est\u00e9ticas est\u00e1n aumentando su incidencia a\u00f1o tras a\u00f1o: Dr. Eduardo Cardona. Especiales","isPartOf":{"@id":"https:\/\/www.sonoraenequipo.com.mx\/#website"},"primaryImageOfPage":{"@id":"https:\/\/www.sonoraenequipo.com.mx\/las-complicaciones-esteticas-estan-aumentando-su-incidencia-ano-tras-ano-dr-eduardo-cardona\/#primaryimage"},"image":{"@id":"https:\/\/www.sonoraenequipo.com.mx\/las-complicaciones-esteticas-estan-aumentando-su-incidencia-ano-tras-ano-dr-eduardo-cardona\/#primaryimage"},"thumbnailUrl":"https:\/\/www.sonoraenequipo.com.mx\/storage\/2025\/06\/las-complicaciones-esteticas-que-nadie-explica-min.jpg","datePublished":"2025-06-04T16:07:36+00:00","dateModified":"2025-06-04T18:09:38+00:00","description":"MIAMI, FLORIDA. ESTADOS UNIDOS DEL NORTE DE AM\u00c9RICA. \u2014 La fibrosis, los n\u00f3dulos y los granulomas subcut\u00e1neos se est\u00e1n convirtiendo en diagn\u00f3sticos cada En Sonora en Equipo publicamos toda la informaci\u00f3n de Sonora, M\u00e9xico y el Mundo de manera oportuna y busca que la libertad de expresi\u00f3n sea real. Visita nuestro medio informativo publicado desde Hermosillo, Sonora. %","breadcrumb":{"@id":"https:\/\/www.sonoraenequipo.com.mx\/las-complicaciones-esteticas-estan-aumentando-su-incidencia-ano-tras-ano-dr-eduardo-cardona\/#breadcrumb"},"inLanguage":"es","potentialAction":[{"@type":"ReadAction","target":["https:\/\/www.sonoraenequipo.com.mx\/las-complicaciones-esteticas-estan-aumentando-su-incidencia-ano-tras-ano-dr-eduardo-cardona\/"]}]},{"@type":"ImageObject","inLanguage":"es","@id":"https:\/\/www.sonoraenequipo.com.mx\/las-complicaciones-esteticas-estan-aumentando-su-incidencia-ano-tras-ano-dr-eduardo-cardona\/#primaryimage","url":"https:\/\/www.sonoraenequipo.com.mx\/storage\/2025\/06\/las-complicaciones-esteticas-que-nadie-explica-min.jpg","contentUrl":"https:\/\/www.sonoraenequipo.com.mx\/storage\/2025\/06\/las-complicaciones-esteticas-que-nadie-explica-min.jpg","width":1000,"height":652},{"@type":"BreadcrumbList","@id":"https:\/\/www.sonoraenequipo.com.mx\/las-complicaciones-esteticas-estan-aumentando-su-incidencia-ano-tras-ano-dr-eduardo-cardona\/#breadcrumb","itemListElement":[{"@type":"ListItem","position":1,"name":"Portada","item":"https:\/\/www.sonoraenequipo.com.mx\/"},{"@type":"ListItem","position":2,"name":"Las complicaciones est\u00e9ticas est\u00e1n aumentando su incidencia a\u00f1o tras a\u00f1o: Dr. Eduardo Cardona."}]},{"@type":"WebSite","@id":"https:\/\/www.sonoraenequipo.com.mx\/#website","url":"https:\/\/www.sonoraenequipo.com.mx\/","name":"Sonora en Equipo.","description":"Diario en l\u00ednea con Noticias desde Hermosillo, Sonora","publisher":{"@id":"https:\/\/www.sonoraenequipo.com.mx\/#organization"},"potentialAction":[{"@type":"SearchAction","target":{"@type":"EntryPoint","urlTemplate":"https:\/\/www.sonoraenequipo.com.mx\/?s={search_term_string}"},"query-input":{"@type":"PropertyValueSpecification","valueRequired":true,"valueName":"search_term_string"}}],"inLanguage":"es"},{"@type":"Organization","@id":"https:\/\/www.sonoraenequipo.com.mx\/#organization","name":"Sonoraenequipo.com.mx","url":"https:\/\/www.sonoraenequipo.com.mx\/","logo":{"@type":"ImageObject","inLanguage":"es","@id":"https:\/\/www.sonoraenequipo.com.mx\/#\/schema\/logo\/image\/","url":"https:\/\/www.sonoraenequipo.com.mx\/storage\/2019\/01\/sonoraenequipo_opt.png","contentUrl":"https:\/\/www.sonoraenequipo.com.mx\/storage\/2019\/01\/sonoraenequipo_opt.png","width":375,"height":125,"caption":"Sonoraenequipo.com.mx"},"image":{"@id":"https:\/\/www.sonoraenequipo.com.mx\/#\/schema\/logo\/image\/"},"sameAs":["https:\/\/www.facebook.com\/SonoraEE\/","https:\/\/x.com\/sonoraenequipo","https:\/\/www.youtube.com\/channel\/UC338nW-lPEYmJQs4ZABQ1SQ"]},{"@type":"Person","@id":"https:\/\/www.sonoraenequipo.com.mx\/#\/schema\/person\/50102df0fb23a8fa9e8effad8fa81386","name":"enequipo","image":{"@type":"ImageObject","inLanguage":"es","@id":"https:\/\/www.sonoraenequipo.com.mx\/#\/schema\/person\/image\/","url":"https:\/\/secure.gravatar.com\/avatar\/049821681b589dabc0bc20695993ccebb09f5b5d4d790cd9251b97faac7c652b?s=96&d=blank&r=g","contentUrl":"https:\/\/secure.gravatar.com\/avatar\/049821681b589dabc0bc20695993ccebb09f5b5d4d790cd9251b97faac7c652b?s=96&d=blank&r=g","caption":"enequipo"},"sameAs":["https:\/\/www.facebook.com\/SonoraEE"]}]}},"jetpack_featured_media_url":"https:\/\/www.sonoraenequipo.com.mx\/storage\/2025\/06\/las-complicaciones-esteticas-que-nadie-explica-min.jpg","_links":{"self":[{"href":"https:\/\/www.sonoraenequipo.com.mx\/api\/wp\/v2\/posts\/217024","targetHints":{"allow":["GET"]}}],"collection":[{"href":"https:\/\/www.sonoraenequipo.com.mx\/api\/wp\/v2\/posts"}],"about":[{"href":"https:\/\/www.sonoraenequipo.com.mx\/api\/wp\/v2\/types\/post"}],"author":[{"embeddable":true,"href":"https:\/\/www.sonoraenequipo.com.mx\/api\/wp\/v2\/users\/1"}],"replies":[{"embeddable":true,"href":"https:\/\/www.sonoraenequipo.com.mx\/api\/wp\/v2\/comments?post=217024"}],"version-history":[{"count":1,"href":"https:\/\/www.sonoraenequipo.com.mx\/api\/wp\/v2\/posts\/217024\/revisions"}],"predecessor-version":[{"id":217027,"href":"https:\/\/www.sonoraenequipo.com.mx\/api\/wp\/v2\/posts\/217024\/revisions\/217027"}],"wp:featuredmedia":[{"embeddable":true,"href":"https:\/\/www.sonoraenequipo.com.mx\/api\/wp\/v2\/media\/217025"}],"wp:attachment":[{"href":"https:\/\/www.sonoraenequipo.com.mx\/api\/wp\/v2\/media?parent=217024"}],"wp:term":[{"taxonomy":"category","embeddable":true,"href":"https:\/\/www.sonoraenequipo.com.mx\/api\/wp\/v2\/categories?post=217024"},{"taxonomy":"post_tag","embeddable":true,"href":"https:\/\/www.sonoraenequipo.com.mx\/api\/wp\/v2\/tags?post=217024"}],"curies":[{"name":"wp","href":"https:\/\/api.w.org\/{rel}","templated":true}]}}