{"id":217070,"date":"2025-06-04T17:19:26","date_gmt":"2025-06-05T00:19:26","guid":{"rendered":"https:\/\/www.sonoraenequipo.com.mx\/?p=217070"},"modified":"2025-06-04T17:19:26","modified_gmt":"2025-06-05T00:19:26","slug":"todo-listo-para-la-gran-final-de-desafio-incluyente-2025","status":"publish","type":"post","link":"https:\/\/www.sonoraenequipo.com.mx\/todo-listo-para-la-gran-final-de-desafio-incluyente-2025\/","title":{"rendered":"Todo listo para la gran final de \u201cDesaf\u00edo Incluyente 2025&#8243;"},"content":{"rendered":"<p><strong>HERMOSILLO, SONORA, MX.<\/strong> \u2014 Se invita a la ciudadan\u00eda en general para apoyar a los 10 finalistas de \u00abDesaf\u00edo Incluyente 2025\u00bb, quienes presentar\u00e1n su emprendimiento a trav\u00e9s de una competencia de pitches el pr\u00f3ximo lunes 9 de junio, en el sal\u00f3n de eventos La Cascada.<\/p>\n<p>&nbsp;<\/p>\n<p>La invitaci\u00f3n es abierta para apoyar a uno de los finalistas de las categor\u00edas Persona con discapacidad o Cuidador de una persona con discapacidad, en el evento que se llevar\u00e1 a cabo de 6 de la tarde a 8:30 de la noche.<\/p>\n<p>Desaf\u00edo Incluyente es un programa integral, que organiza DIF Hermosillo a trav\u00e9s de COMUDIS junto con la Agencia Municipal de Desarrollo Econ\u00f3mico, de impacto social que mejora la econom\u00eda y calidad de vida de comunidades locales a trav\u00e9s de la capacitaci\u00f3n y formaci\u00f3n en mejorar su emprendimiento, adem\u00e1s de un concurso con premios en efectivo y en especie.<\/p>\n<p>Tambi\u00e9n se llevar\u00e1 a cabo la premiaci\u00f3n de los primeros lugares de cada categor\u00eda y de los premios especiales People\u00b4s Choice, uno de redes sociales y otro por medio de votaci\u00f3n en tiempo real el d\u00eda del evento.<\/p>\n<p>&nbsp;<\/p>\n<p>El programa se divide en los ejes: M\u00f3dulos de Capacitaci\u00f3n Empresarial, Presentaci\u00f3n Final de Emprendimiento y Mentor\u00edas Personalizadas, en los cuales las personas emprendedoras reciben herramientas para fortalecer su negocio.<\/p>\n<p>&nbsp;<\/p>\n<p>Del 19 al 23 de mayo se llevaron a cabo las capacitaciones a trav\u00e9s de m\u00f3dulos de emprendimiento, el 27 de mayo se realiz\u00f3 la selecci\u00f3n de finalistas, del 3 al 4 de junio la ciudadan\u00eda vot\u00f3 por su emprendimiento favorito, a trav\u00e9s del People\u2019s Choice Award.<\/p>\n<p>&nbsp;<\/p>\n<p>Los emprendimientos finalistas son: Flor de Jamaica , Frijoles Majo; Fiestas Soy Sordo, Talabarter\u00eda G\u00e1lvez; Loter\u00eda de Valores e Inclusi\u00f3n; Puro Chuqui; Forma y Dise\u00f1o de Madera; Beauty Art Salon y Spa; Los Portillo Carne Seca; y Polvos M\u00e1gicos.<\/p>\n<p>&nbsp;<\/p>\n<p>Premios:<\/p>\n<p>&nbsp;<\/p>\n<p>1er lugar: $35,000\u00a0\u00a0\u00a0\u00a0\u00a0\u00a0\u00a0\u00a0\u00a0\u00a0\u00a0\u00a0\u00a0 5to lugar: $10,000<\/p>\n<p>2do lugar: $25,000\u00a0\u00a0\u00a0\u00a0\u00a0\u00a0\u00a0\u00a0\u00a0\u00a0\u00a0\u00a0 People\u00b4s Choice Redes Sociales: Premio en especie<\/p>\n<p>3er lugar: $20,000\u00a0\u00a0\u00a0\u00a0\u00a0\u00a0\u00a0\u00a0\u00a0\u00a0\u00a0\u00a0\u00a0 People\u00b4s Choice Evento: Premio en especie<\/p>\n<p>4to lugar: $10,000.<\/p>\n<p><strong>Fecha de publicaci\u00f3n mi\u00e9rcoles<\/strong><strong> 4 de junio de 2025<\/strong><\/p>\n","protected":false},"excerpt":{"rendered":"<p>HERMOSILLO, SONORA, MX. \u2014 Se invita a la ciudadan\u00eda en general para apoyar a los&#8230;<\/p>\n","protected":false},"author":1,"featured_media":197747,"comment_status":"open","ping_status":"open","sticky":false,"template":"","format":"standard","meta":{"_monsterinsights_skip_tracking":false,"_monsterinsights_sitenote_active":false,"_monsterinsights_sitenote_note":"","_monsterinsights_sitenote_category":0,"footnotes":""},"categories":[4],"tags":[10096],"class_list":["post"],"yoast_head":" \n<title>Sonora en Equipo. Todo listo para la gran final de \u201cDesaf\u00edo Incluyente 2025&quot; Municipios<\/title>\n<meta name=\"description\" content=\"HERMOSILLO, SONORA, MX. \u2014 Se invita a la ciudadan\u00eda en general para apoyar a los 10 finalistas de &quot;Desaf\u00edo Incluyente 2025&quot;, quienes presentar\u00e1n su En Sonora en Equipo publicamos toda la informaci\u00f3n de Sonora, M\u00e9xico y el Mundo de manera oportuna y busca que la libertad de expresi\u00f3n sea real. Visita nuestro medio informativo publicado desde Hermosillo, Sonora. %\" \/>\n<meta name=\"robots\" content=\"index, follow, max-snippet:-1, max-image-preview:large, max-video-preview:-1\" \/>\n<link rel=\"canonical\" href=\"https:\/\/www.sonoraenequipo.com.mx\/todo-listo-para-la-gran-final-de-desafio-incluyente-2025\/\" \/>\n<meta property=\"og:locale\" content=\"es_ES\" \/>\n<meta property=\"og:type\" content=\"article\" \/>\n<meta property=\"og:title\" content=\"Sonora en Equipo. Todo listo para la gran final de \u201cDesaf\u00edo Incluyente 2025&quot; Municipios\" \/>\n<meta property=\"og:description\" content=\"HERMOSILLO, SONORA, MX. \u2014 Se invita a la ciudadan\u00eda en general para apoyar a los 10 finalistas de &quot;Desaf\u00edo Incluyente 2025&quot;, quienes presentar\u00e1n su En Sonora en Equipo publicamos toda la informaci\u00f3n de Sonora, M\u00e9xico y el Mundo de manera oportuna y busca que la libertad de expresi\u00f3n sea real. Visita nuestro medio informativo publicado desde Hermosillo, Sonora. %\" \/>\n<meta property=\"og:url\" content=\"https:\/\/www.sonoraenequipo.com.mx\/todo-listo-para-la-gran-final-de-desafio-incluyente-2025\/\" \/>\n<meta property=\"og:site_name\" content=\"Sonora en Equipo.\" \/>\n<meta property=\"article:publisher\" content=\"https:\/\/www.facebook.com\/SonoraEE\/\" \/>\n<meta property=\"article:author\" content=\"https:\/\/www.facebook.com\/SonoraEE\" \/>\n<meta property=\"article:published_time\" content=\"2025-06-05T00:19:26+00:00\" \/>\n<meta property=\"og:image\" content=\"https:\/\/www.sonoraenequipo.com.mx\/storage\/2024\/08\/desafio-incluyente-2024.jpg\" \/>\n\t<meta property=\"og:image:width\" content=\"600\" \/>\n\t<meta property=\"og:image:height\" content=\"383\" \/>\n\t<meta property=\"og:image:type\" content=\"image\/jpeg\" \/>\n<meta name=\"author\" content=\"enequipo\" \/>\n<meta name=\"twitter:card\" content=\"summary_large_image\" \/>\n<meta name=\"twitter:creator\" content=\"@sonoraenequipo\" \/>\n<meta name=\"twitter:site\" content=\"@sonoraenequipo\" \/>\n<meta name=\"twitter:label1\" content=\"Escrito por\" \/>\n\t<meta name=\"twitter:data1\" content=\"enequipo\" \/>\n\t<meta name=\"twitter:label2\" content=\"Tiempo de lectura\" \/>\n\t<meta name=\"twitter:data2\" content=\"2 minutos\" \/>\n<script type=\"application\/ld+json\" class=\"yoast-schema-graph\">{\"@context\":\"https:\/\/schema.org\",\"@graph\":[{\"@type\":\"Article\",\"@id\":\"https:\/\/www.sonoraenequipo.com.mx\/todo-listo-para-la-gran-final-de-desafio-incluyente-2025\/#article\",\"isPartOf\":{\"@id\":\"https:\/\/www.sonoraenequipo.com.mx\/todo-listo-para-la-gran-final-de-desafio-incluyente-2025\/\"},\"author\":{\"name\":\"enequipo\",\"@id\":\"https:\/\/www.sonoraenequipo.com.mx\/#\/schema\/person\/50102df0fb23a8fa9e8effad8fa81386\"},\"headline\":\"Todo listo para la gran final de \u201cDesaf\u00edo Incluyente 2025&#8243;\",\"datePublished\":\"2025-06-05T00:19:26+00:00\",\"mainEntityOfPage\":{\"@id\":\"https:\/\/www.sonoraenequipo.com.mx\/todo-listo-para-la-gran-final-de-desafio-incluyente-2025\/\"},\"wordCount\":376,\"commentCount\":0,\"publisher\":{\"@id\":\"https:\/\/www.sonoraenequipo.com.mx\/#organization\"},\"image\":{\"@id\":\"https:\/\/www.sonoraenequipo.com.mx\/todo-listo-para-la-gran-final-de-desafio-incluyente-2025\/#primaryimage\"},\"thumbnailUrl\":\"https:\/\/www.sonoraenequipo.com.mx\/storage\/2024\/08\/desafio-incluyente-2024.jpg\",\"keywords\":[\"desafio incluyente\"],\"articleSection\":[\"Municipios\"],\"inLanguage\":\"es\",\"potentialAction\":[{\"@type\":\"CommentAction\",\"name\":\"Comment\",\"target\":[\"https:\/\/www.sonoraenequipo.com.mx\/todo-listo-para-la-gran-final-de-desafio-incluyente-2025\/#respond\"]}]},{\"@type\":\"WebPage\",\"@id\":\"https:\/\/www.sonoraenequipo.com.mx\/todo-listo-para-la-gran-final-de-desafio-incluyente-2025\/\",\"url\":\"https:\/\/www.sonoraenequipo.com.mx\/todo-listo-para-la-gran-final-de-desafio-incluyente-2025\/\",\"name\":\"Sonora en Equipo. Todo listo para la gran final de \u201cDesaf\u00edo Incluyente 2025\\\" Municipios\",\"isPartOf\":{\"@id\":\"https:\/\/www.sonoraenequipo.com.mx\/#website\"},\"primaryImageOfPage\":{\"@id\":\"https:\/\/www.sonoraenequipo.com.mx\/todo-listo-para-la-gran-final-de-desafio-incluyente-2025\/#primaryimage\"},\"image\":{\"@id\":\"https:\/\/www.sonoraenequipo.com.mx\/todo-listo-para-la-gran-final-de-desafio-incluyente-2025\/#primaryimage\"},\"thumbnailUrl\":\"https:\/\/www.sonoraenequipo.com.mx\/storage\/2024\/08\/desafio-incluyente-2024.jpg\",\"datePublished\":\"2025-06-05T00:19:26+00:00\",\"description\":\"HERMOSILLO, SONORA, MX. \u2014 Se invita a la ciudadan\u00eda en general para apoyar a los 10 finalistas de \\\"Desaf\u00edo Incluyente 2025\\\", quienes presentar\u00e1n su En Sonora en Equipo publicamos toda la informaci\u00f3n de Sonora, M\u00e9xico y el Mundo de manera oportuna y busca que la libertad de expresi\u00f3n sea real. Visita nuestro medio informativo publicado desde Hermosillo, Sonora. %\",\"breadcrumb\":{\"@id\":\"https:\/\/www.sonoraenequipo.com.mx\/todo-listo-para-la-gran-final-de-desafio-incluyente-2025\/#breadcrumb\"},\"inLanguage\":\"es\",\"potentialAction\":[{\"@type\":\"ReadAction\",\"target\":[\"https:\/\/www.sonoraenequipo.com.mx\/todo-listo-para-la-gran-final-de-desafio-incluyente-2025\/\"]}]},{\"@type\":\"ImageObject\",\"inLanguage\":\"es\",\"@id\":\"https:\/\/www.sonoraenequipo.com.mx\/todo-listo-para-la-gran-final-de-desafio-incluyente-2025\/#primaryimage\",\"url\":\"https:\/\/www.sonoraenequipo.com.mx\/storage\/2024\/08\/desafio-incluyente-2024.jpg\",\"contentUrl\":\"https:\/\/www.sonoraenequipo.com.mx\/storage\/2024\/08\/desafio-incluyente-2024.jpg\",\"width\":600,\"height\":383,\"caption\":\"ganadores 2024.Imagen de archivo.\"},{\"@type\":\"BreadcrumbList\",\"@id\":\"https:\/\/www.sonoraenequipo.com.mx\/todo-listo-para-la-gran-final-de-desafio-incluyente-2025\/#breadcrumb\",\"itemListElement\":[{\"@type\":\"ListItem\",\"position\":1,\"name\":\"Portada\",\"item\":\"https:\/\/www.sonoraenequipo.com.mx\/\"},{\"@type\":\"ListItem\",\"position\":2,\"name\":\"Todo listo para la gran final de \u201cDesaf\u00edo Incluyente 2025&#8243;\"}]},{\"@type\":\"WebSite\",\"@id\":\"https:\/\/www.sonoraenequipo.com.mx\/#website\",\"url\":\"https:\/\/www.sonoraenequipo.com.mx\/\",\"name\":\"Sonora en Equipo.\",\"description\":\"Diario en l\u00ednea con Noticias desde Hermosillo, Sonora\",\"publisher\":{\"@id\":\"https:\/\/www.sonoraenequipo.com.mx\/#organization\"},\"potentialAction\":[{\"@type\":\"SearchAction\",\"target\":{\"@type\":\"EntryPoint\",\"urlTemplate\":\"https:\/\/www.sonoraenequipo.com.mx\/?s={search_term_string}\"},\"query-input\":{\"@type\":\"PropertyValueSpecification\",\"valueRequired\":true,\"valueName\":\"search_term_string\"}}],\"inLanguage\":\"es\"},{\"@type\":\"Organization\",\"@id\":\"https:\/\/www.sonoraenequipo.com.mx\/#organization\",\"name\":\"Sonoraenequipo.com.mx\",\"url\":\"https:\/\/www.sonoraenequipo.com.mx\/\",\"logo\":{\"@type\":\"ImageObject\",\"inLanguage\":\"es\",\"@id\":\"https:\/\/www.sonoraenequipo.com.mx\/#\/schema\/logo\/image\/\",\"url\":\"https:\/\/www.sonoraenequipo.com.mx\/storage\/2019\/01\/sonoraenequipo_opt.png\",\"contentUrl\":\"https:\/\/www.sonoraenequipo.com.mx\/storage\/2019\/01\/sonoraenequipo_opt.png\",\"width\":375,\"height\":125,\"caption\":\"Sonoraenequipo.com.mx\"},\"image\":{\"@id\":\"https:\/\/www.sonoraenequipo.com.mx\/#\/schema\/logo\/image\/\"},\"sameAs\":[\"https:\/\/www.facebook.com\/SonoraEE\/\",\"https:\/\/x.com\/sonoraenequipo\",\"https:\/\/www.youtube.com\/channel\/UC338nW-lPEYmJQs4ZABQ1SQ\"]},{\"@type\":\"Person\",\"@id\":\"https:\/\/www.sonoraenequipo.com.mx\/#\/schema\/person\/50102df0fb23a8fa9e8effad8fa81386\",\"name\":\"enequipo\",\"image\":{\"@type\":\"ImageObject\",\"inLanguage\":\"es\",\"@id\":\"https:\/\/www.sonoraenequipo.com.mx\/#\/schema\/person\/image\/\",\"url\":\"https:\/\/secure.gravatar.com\/avatar\/049821681b589dabc0bc20695993ccebb09f5b5d4d790cd9251b97faac7c652b?s=96&d=blank&r=g\",\"contentUrl\":\"https:\/\/secure.gravatar.com\/avatar\/049821681b589dabc0bc20695993ccebb09f5b5d4d790cd9251b97faac7c652b?s=96&d=blank&r=g\",\"caption\":\"enequipo\"},\"sameAs\":[\"https:\/\/www.facebook.com\/SonoraEE\"]}]}<\/script>\n ","yoast_head_json":{"title":"Sonora en Equipo. Todo listo para la gran final de \u201cDesaf\u00edo Incluyente 2025\" Municipios","description":"HERMOSILLO, SONORA, MX. \u2014 Se invita a la ciudadan\u00eda en general para apoyar a los 10 finalistas de \"Desaf\u00edo Incluyente 2025\", quienes presentar\u00e1n su En Sonora en Equipo publicamos toda la informaci\u00f3n de Sonora, M\u00e9xico y el Mundo de manera oportuna y busca que la libertad de expresi\u00f3n sea real. Visita nuestro medio informativo publicado desde Hermosillo, Sonora. %","robots":{"index":"index","follow":"follow","max-snippet":"max-snippet:-1","max-image-preview":"max-image-preview:large","max-video-preview":"max-video-preview:-1"},"canonical":"https:\/\/www.sonoraenequipo.com.mx\/todo-listo-para-la-gran-final-de-desafio-incluyente-2025\/","og_locale":"es_ES","og_type":"article","og_title":"Sonora en Equipo. Todo listo para la gran final de \u201cDesaf\u00edo Incluyente 2025\" Municipios","og_description":"HERMOSILLO, SONORA, MX. \u2014 Se invita a la ciudadan\u00eda en general para apoyar a los 10 finalistas de \"Desaf\u00edo Incluyente 2025\", quienes presentar\u00e1n su En Sonora en Equipo publicamos toda la informaci\u00f3n de Sonora, M\u00e9xico y el Mundo de manera oportuna y busca que la libertad de expresi\u00f3n sea real. Visita nuestro medio informativo publicado desde Hermosillo, Sonora. %","og_url":"https:\/\/www.sonoraenequipo.com.mx\/todo-listo-para-la-gran-final-de-desafio-incluyente-2025\/","og_site_name":"Sonora en Equipo.","article_publisher":"https:\/\/www.facebook.com\/SonoraEE\/","article_author":"https:\/\/www.facebook.com\/SonoraEE","article_published_time":"2025-06-05T00:19:26+00:00","og_image":[{"width":600,"height":383,"url":"https:\/\/www.sonoraenequipo.com.mx\/storage\/2024\/08\/desafio-incluyente-2024.jpg","type":"image\/jpeg"}],"author":"enequipo","twitter_card":"summary_large_image","twitter_creator":"@sonoraenequipo","twitter_site":"@sonoraenequipo","twitter_misc":{"Escrito por":"enequipo","Tiempo de lectura":"2 minutos"},"schema":{"@context":"https:\/\/schema.org","@graph":[{"@type":"Article","@id":"https:\/\/www.sonoraenequipo.com.mx\/todo-listo-para-la-gran-final-de-desafio-incluyente-2025\/#article","isPartOf":{"@id":"https:\/\/www.sonoraenequipo.com.mx\/todo-listo-para-la-gran-final-de-desafio-incluyente-2025\/"},"author":{"name":"enequipo","@id":"https:\/\/www.sonoraenequipo.com.mx\/#\/schema\/person\/50102df0fb23a8fa9e8effad8fa81386"},"headline":"Todo listo para la gran final de \u201cDesaf\u00edo Incluyente 2025&#8243;","datePublished":"2025-06-05T00:19:26+00:00","mainEntityOfPage":{"@id":"https:\/\/www.sonoraenequipo.com.mx\/todo-listo-para-la-gran-final-de-desafio-incluyente-2025\/"},"wordCount":376,"commentCount":0,"publisher":{"@id":"https:\/\/www.sonoraenequipo.com.mx\/#organization"},"image":{"@id":"https:\/\/www.sonoraenequipo.com.mx\/todo-listo-para-la-gran-final-de-desafio-incluyente-2025\/#primaryimage"},"thumbnailUrl":"https:\/\/www.sonoraenequipo.com.mx\/storage\/2024\/08\/desafio-incluyente-2024.jpg","keywords":["desafio incluyente"],"articleSection":["Municipios"],"inLanguage":"es","potentialAction":[{"@type":"CommentAction","name":"Comment","target":["https:\/\/www.sonoraenequipo.com.mx\/todo-listo-para-la-gran-final-de-desafio-incluyente-2025\/#respond"]}]},{"@type":"WebPage","@id":"https:\/\/www.sonoraenequipo.com.mx\/todo-listo-para-la-gran-final-de-desafio-incluyente-2025\/","url":"https:\/\/www.sonoraenequipo.com.mx\/todo-listo-para-la-gran-final-de-desafio-incluyente-2025\/","name":"Sonora en Equipo. Todo listo para la gran final de \u201cDesaf\u00edo Incluyente 2025\" Municipios","isPartOf":{"@id":"https:\/\/www.sonoraenequipo.com.mx\/#website"},"primaryImageOfPage":{"@id":"https:\/\/www.sonoraenequipo.com.mx\/todo-listo-para-la-gran-final-de-desafio-incluyente-2025\/#primaryimage"},"image":{"@id":"https:\/\/www.sonoraenequipo.com.mx\/todo-listo-para-la-gran-final-de-desafio-incluyente-2025\/#primaryimage"},"thumbnailUrl":"https:\/\/www.sonoraenequipo.com.mx\/storage\/2024\/08\/desafio-incluyente-2024.jpg","datePublished":"2025-06-05T00:19:26+00:00","description":"HERMOSILLO, SONORA, MX. \u2014 Se invita a la ciudadan\u00eda en general para apoyar a los 10 finalistas de \"Desaf\u00edo Incluyente 2025\", quienes presentar\u00e1n su En Sonora en Equipo publicamos toda la informaci\u00f3n de Sonora, M\u00e9xico y el Mundo de manera oportuna y busca que la libertad de expresi\u00f3n sea real. Visita nuestro medio informativo publicado desde Hermosillo, Sonora. %","breadcrumb":{"@id":"https:\/\/www.sonoraenequipo.com.mx\/todo-listo-para-la-gran-final-de-desafio-incluyente-2025\/#breadcrumb"},"inLanguage":"es","potentialAction":[{"@type":"ReadAction","target":["https:\/\/www.sonoraenequipo.com.mx\/todo-listo-para-la-gran-final-de-desafio-incluyente-2025\/"]}]},{"@type":"ImageObject","inLanguage":"es","@id":"https:\/\/www.sonoraenequipo.com.mx\/todo-listo-para-la-gran-final-de-desafio-incluyente-2025\/#primaryimage","url":"https:\/\/www.sonoraenequipo.com.mx\/storage\/2024\/08\/desafio-incluyente-2024.jpg","contentUrl":"https:\/\/www.sonoraenequipo.com.mx\/storage\/2024\/08\/desafio-incluyente-2024.jpg","width":600,"height":383,"caption":"ganadores 2024.Imagen de archivo."},{"@type":"BreadcrumbList","@id":"https:\/\/www.sonoraenequipo.com.mx\/todo-listo-para-la-gran-final-de-desafio-incluyente-2025\/#breadcrumb","itemListElement":[{"@type":"ListItem","position":1,"name":"Portada","item":"https:\/\/www.sonoraenequipo.com.mx\/"},{"@type":"ListItem","position":2,"name":"Todo listo para la gran final de \u201cDesaf\u00edo Incluyente 2025&#8243;"}]},{"@type":"WebSite","@id":"https:\/\/www.sonoraenequipo.com.mx\/#website","url":"https:\/\/www.sonoraenequipo.com.mx\/","name":"Sonora en Equipo.","description":"Diario en l\u00ednea con Noticias desde Hermosillo, Sonora","publisher":{"@id":"https:\/\/www.sonoraenequipo.com.mx\/#organization"},"potentialAction":[{"@type":"SearchAction","target":{"@type":"EntryPoint","urlTemplate":"https:\/\/www.sonoraenequipo.com.mx\/?s={search_term_string}"},"query-input":{"@type":"PropertyValueSpecification","valueRequired":true,"valueName":"search_term_string"}}],"inLanguage":"es"},{"@type":"Organization","@id":"https:\/\/www.sonoraenequipo.com.mx\/#organization","name":"Sonoraenequipo.com.mx","url":"https:\/\/www.sonoraenequipo.com.mx\/","logo":{"@type":"ImageObject","inLanguage":"es","@id":"https:\/\/www.sonoraenequipo.com.mx\/#\/schema\/logo\/image\/","url":"https:\/\/www.sonoraenequipo.com.mx\/storage\/2019\/01\/sonoraenequipo_opt.png","contentUrl":"https:\/\/www.sonoraenequipo.com.mx\/storage\/2019\/01\/sonoraenequipo_opt.png","width":375,"height":125,"caption":"Sonoraenequipo.com.mx"},"image":{"@id":"https:\/\/www.sonoraenequipo.com.mx\/#\/schema\/logo\/image\/"},"sameAs":["https:\/\/www.facebook.com\/SonoraEE\/","https:\/\/x.com\/sonoraenequipo","https:\/\/www.youtube.com\/channel\/UC338nW-lPEYmJQs4ZABQ1SQ"]},{"@type":"Person","@id":"https:\/\/www.sonoraenequipo.com.mx\/#\/schema\/person\/50102df0fb23a8fa9e8effad8fa81386","name":"enequipo","image":{"@type":"ImageObject","inLanguage":"es","@id":"https:\/\/www.sonoraenequipo.com.mx\/#\/schema\/person\/image\/","url":"https:\/\/secure.gravatar.com\/avatar\/049821681b589dabc0bc20695993ccebb09f5b5d4d790cd9251b97faac7c652b?s=96&d=blank&r=g","contentUrl":"https:\/\/secure.gravatar.com\/avatar\/049821681b589dabc0bc20695993ccebb09f5b5d4d790cd9251b97faac7c652b?s=96&d=blank&r=g","caption":"enequipo"},"sameAs":["https:\/\/www.facebook.com\/SonoraEE"]}]}},"jetpack_featured_media_url":"https:\/\/www.sonoraenequipo.com.mx\/storage\/2024\/08\/desafio-incluyente-2024.jpg","_links":{"self":[{"href":"https:\/\/www.sonoraenequipo.com.mx\/api\/wp\/v2\/posts\/217070","targetHints":{"allow":["GET"]}}],"collection":[{"href":"https:\/\/www.sonoraenequipo.com.mx\/api\/wp\/v2\/posts"}],"about":[{"href":"https:\/\/www.sonoraenequipo.com.mx\/api\/wp\/v2\/types\/post"}],"author":[{"embeddable":true,"href":"https:\/\/www.sonoraenequipo.com.mx\/api\/wp\/v2\/users\/1"}],"replies":[{"embeddable":true,"href":"https:\/\/www.sonoraenequipo.com.mx\/api\/wp\/v2\/comments?post=217070"}],"version-history":[{"count":1,"href":"https:\/\/www.sonoraenequipo.com.mx\/api\/wp\/v2\/posts\/217070\/revisions"}],"predecessor-version":[{"id":217072,"href":"https:\/\/www.sonoraenequipo.com.mx\/api\/wp\/v2\/posts\/217070\/revisions\/217072"}],"wp:featuredmedia":[{"embeddable":true,"href":"https:\/\/www.sonoraenequipo.com.mx\/api\/wp\/v2\/media\/197747"}],"wp:attachment":[{"href":"https:\/\/www.sonoraenequipo.com.mx\/api\/wp\/v2\/media?parent=217070"}],"wp:term":[{"taxonomy":"category","embeddable":true,"href":"https:\/\/www.sonoraenequipo.com.mx\/api\/wp\/v2\/categories?post=217070"},{"taxonomy":"post_tag","embeddable":true,"href":"https:\/\/www.sonoraenequipo.com.mx\/api\/wp\/v2\/tags?post=217070"}],"curies":[{"name":"wp","href":"https:\/\/api.w.org\/{rel}","templated":true}]}}