{"id":217955,"date":"2025-06-17T12:56:25","date_gmt":"2025-06-17T19:56:25","guid":{"rendered":"https:\/\/www.sonoraenequipo.com.mx\/?p=217955"},"modified":"2025-06-17T12:56:25","modified_gmt":"2025-06-17T19:56:25","slug":"tormenta-erick-afectaria-a-tres-estados-mexicanos-podria-convertirse-en-huracan-en-horas","status":"publish","type":"post","link":"https:\/\/www.sonoraenequipo.com.mx\/tormenta-erick-afectaria-a-tres-estados-mexicanos-podria-convertirse-en-huracan-en-horas\/","title":{"rendered":"Tormenta Erick afectar\u00eda a tres estados mexicanos podr\u00eda convertirse en hurac\u00e1n en horas"},"content":{"rendered":"<p>&nbsp;<\/p>\n<p>La tormenta tropical Erick se aproxima este martes (17.06.2025) a las costas del Pac\u00edfico mexicano, y se espera que se convierta en hurac\u00e1n categor\u00eda 1 en las pr\u00f3ximas horas, seg\u00fan el Centro Nacional de Huracanes (NHC) de Estados Unidos.<\/p>\n<p>&nbsp;<\/p>\n<p>El NHC dijo en su \u00faltimo reporte que la tormenta se ubica a 460 km de Puerto \u00c1ngel, en la costa de Oaxaca, con vientos m\u00e1ximos sostenidos de 75 kil\u00f3metros por hora.<\/p>\n<p>&nbsp;<\/p>\n<p>La dependencia meteorol\u00f3gica estim\u00f3 que Erick se fortalecer\u00e1 para convertirse en hurac\u00e1n durante esta noche (17.06.2025) \u00a0o la madrugada del mi\u00e9rcoles (18.06.2025). Se esperan fuertes lluvias en los sure\u00f1os estados de Guerrero, Oaxaca y Chiapas.<\/p>\n<p>&nbsp;<\/p>\n<p>La presidenta mexicana, Claudia Sheinbaum, pidi\u00f3 a la poblaci\u00f3n estar atenta a la informaci\u00f3n de Protecci\u00f3n Civil.<\/p>\n<p>&nbsp;<\/p>\n<p>\u00abHay probabilidades de que evolucione a hurac\u00e1n categor\u00eda 2 y toque tierra ma\u00f1ana mi\u00e9rcoles. Pedimos a toda la poblaci\u00f3n de las costas de Chiapas, Oaxaca y el sur de Guerrero que est\u00e9n atentos a la informaci\u00f3n\u00bb, dijo en la red social X.<\/p>\n<p>&nbsp;<\/p>\n<p>Por su ubicaci\u00f3n geogr\u00e1fica, M\u00e9xico sufre todos los a\u00f1os el embate de ciclones, tanto en la costa del Pac\u00edfico como en la del Atl\u00e1ntico, normalmente entre mayo y noviembre.<\/p>\n<p>&nbsp;<\/p>\n<p>En octubre de 2023, el puerto de Acapulco fue golpeado por el hurac\u00e1n Otis, que en cuesti\u00f3n de horas cobr\u00f3 fuerza de categor\u00eda 5, m\u00e1xima de la escala Saffir-Simpson, y dej\u00f3 una ola de destrucci\u00f3n, medio centenar de muertos y unos 30 desaparecidos.<\/p>\n<p><strong>\u00bfQu\u00e9 es la tormenta Erick?<\/strong><\/p>\n<p>Las tormentas tropicales o los huracanes se forman en las regiones tropicales, normalmente en el oc\u00e9ano Atl\u00e1ntico, Pac\u00edfico y el Caribe. El nombre \u00abErick\u201d se utiliza de acuerdo con la lista de nombres asignados por la Organizaci\u00f3n Meteorol\u00f3gica Mundial para nombrar ciclones tropicales en ciertas cuencas.<\/p>\n<p>&nbsp;<\/p>\n<p>Las tormentas tropicales como Erick se forman a partir de perturbaciones atmosf\u00e9ricas en zonas c\u00e1lidas del oc\u00e9ano, donde la temperatura del agua suele ser superior a 26.5\u00b0C. Estas condiciones c\u00e1lidas permiten la evaporaci\u00f3n y la condensaci\u00f3n que alimentan el sistema. Cuando el aire caliente y h\u00famedo se eleva, se enfr\u00eda y se condensa, formando nubes y lluvias.<\/p>\n<p>&nbsp;<\/p>\n<p>Este proceso libera energ\u00eda que hace que el sistema gire y se intensifique debido al efecto Coriolis, generando vientos circulares.<\/p>\n<p><strong>Fecha de publicaci\u00f3n martes 17 de junio de 2025\/DW<\/strong><\/p>\n","protected":false},"excerpt":{"rendered":"<p>&nbsp; La tormenta tropical Erick se aproxima este martes (17.06.2025) a las costas del Pac\u00edfico&#8230;<\/p>\n","protected":false},"author":1,"featured_media":217956,"comment_status":"open","ping_status":"open","sticky":false,"template":"","format":"standard","meta":{"_monsterinsights_skip_tracking":false,"_monsterinsights_sitenote_active":false,"_monsterinsights_sitenote_note":"","_monsterinsights_sitenote_category":0,"footnotes":""},"categories":[5],"tags":[11376],"class_list":["post"],"yoast_head":" \n<title>Sonora en Equipo. Tormenta Erick afectar\u00eda a tres estados mexicanos podr\u00eda convertirse en hurac\u00e1n en horas Rep\u00fablica<\/title>\n<meta name=\"description\" content=\"&nbsp; La tormenta tropical Erick se aproxima este martes (17.06.2025) a las costas del Pac\u00edfico mexicano, y se espera que se convierta en hurac\u00e1n En Sonora en Equipo publicamos toda la informaci\u00f3n de Sonora, M\u00e9xico y el Mundo de manera oportuna y busca que la libertad de expresi\u00f3n sea real. Visita nuestro medio informativo publicado desde Hermosillo, Sonora. %\" \/>\n<meta name=\"robots\" content=\"index, follow, max-snippet:-1, max-image-preview:large, max-video-preview:-1\" \/>\n<link rel=\"canonical\" href=\"https:\/\/www.sonoraenequipo.com.mx\/tormenta-erick-afectaria-a-tres-estados-mexicanos-podria-convertirse-en-huracan-en-horas\/\" \/>\n<meta property=\"og:locale\" content=\"es_ES\" \/>\n<meta property=\"og:type\" content=\"article\" \/>\n<meta property=\"og:title\" content=\"Sonora en Equipo. Tormenta Erick afectar\u00eda a tres estados mexicanos podr\u00eda convertirse en hurac\u00e1n en horas Rep\u00fablica\" \/>\n<meta property=\"og:description\" content=\"&nbsp; La tormenta tropical Erick se aproxima este martes (17.06.2025) a las costas del Pac\u00edfico mexicano, y se espera que se convierta en hurac\u00e1n En Sonora en Equipo publicamos toda la informaci\u00f3n de Sonora, M\u00e9xico y el Mundo de manera oportuna y busca que la libertad de expresi\u00f3n sea real. Visita nuestro medio informativo publicado desde Hermosillo, Sonora. %\" \/>\n<meta property=\"og:url\" content=\"https:\/\/www.sonoraenequipo.com.mx\/tormenta-erick-afectaria-a-tres-estados-mexicanos-podria-convertirse-en-huracan-en-horas\/\" \/>\n<meta property=\"og:site_name\" content=\"Sonora en Equipo.\" \/>\n<meta property=\"article:publisher\" content=\"https:\/\/www.facebook.com\/SonoraEE\/\" \/>\n<meta property=\"article:author\" content=\"https:\/\/www.facebook.com\/SonoraEE\" \/>\n<meta property=\"article:published_time\" content=\"2025-06-17T19:56:25+00:00\" \/>\n<meta property=\"og:image\" content=\"https:\/\/www.sonoraenequipo.com.mx\/storage\/2025\/06\/erick.jpg\" \/>\n\t<meta property=\"og:image:width\" content=\"600\" \/>\n\t<meta property=\"og:image:height\" content=\"400\" \/>\n\t<meta property=\"og:image:type\" content=\"image\/jpeg\" \/>\n<meta name=\"author\" content=\"enequipo\" \/>\n<meta name=\"twitter:card\" content=\"summary_large_image\" \/>\n<meta name=\"twitter:creator\" content=\"@sonoraenequipo\" \/>\n<meta name=\"twitter:site\" content=\"@sonoraenequipo\" \/>\n<meta name=\"twitter:label1\" content=\"Escrito por\" \/>\n\t<meta name=\"twitter:data1\" content=\"enequipo\" \/>\n\t<meta name=\"twitter:label2\" content=\"Tiempo de lectura\" \/>\n\t<meta name=\"twitter:data2\" content=\"2 minutos\" \/>\n<script type=\"application\/ld+json\" class=\"yoast-schema-graph\">{\"@context\":\"https:\/\/schema.org\",\"@graph\":[{\"@type\":\"Article\",\"@id\":\"https:\/\/www.sonoraenequipo.com.mx\/tormenta-erick-afectaria-a-tres-estados-mexicanos-podria-convertirse-en-huracan-en-horas\/#article\",\"isPartOf\":{\"@id\":\"https:\/\/www.sonoraenequipo.com.mx\/tormenta-erick-afectaria-a-tres-estados-mexicanos-podria-convertirse-en-huracan-en-horas\/\"},\"author\":{\"name\":\"enequipo\",\"@id\":\"https:\/\/www.sonoraenequipo.com.mx\/#\/schema\/person\/50102df0fb23a8fa9e8effad8fa81386\"},\"headline\":\"Tormenta Erick afectar\u00eda a tres estados mexicanos podr\u00eda convertirse en hurac\u00e1n en horas\",\"datePublished\":\"2025-06-17T19:56:25+00:00\",\"mainEntityOfPage\":{\"@id\":\"https:\/\/www.sonoraenequipo.com.mx\/tormenta-erick-afectaria-a-tres-estados-mexicanos-podria-convertirse-en-huracan-en-horas\/\"},\"wordCount\":435,\"commentCount\":0,\"publisher\":{\"@id\":\"https:\/\/www.sonoraenequipo.com.mx\/#organization\"},\"image\":{\"@id\":\"https:\/\/www.sonoraenequipo.com.mx\/tormenta-erick-afectaria-a-tres-estados-mexicanos-podria-convertirse-en-huracan-en-horas\/#primaryimage\"},\"thumbnailUrl\":\"https:\/\/www.sonoraenequipo.com.mx\/storage\/2025\/06\/erick.jpg\",\"keywords\":[\"tormentaErick\"],\"articleSection\":[\"Rep\u00fablica\"],\"inLanguage\":\"es\",\"potentialAction\":[{\"@type\":\"CommentAction\",\"name\":\"Comment\",\"target\":[\"https:\/\/www.sonoraenequipo.com.mx\/tormenta-erick-afectaria-a-tres-estados-mexicanos-podria-convertirse-en-huracan-en-horas\/#respond\"]}]},{\"@type\":\"WebPage\",\"@id\":\"https:\/\/www.sonoraenequipo.com.mx\/tormenta-erick-afectaria-a-tres-estados-mexicanos-podria-convertirse-en-huracan-en-horas\/\",\"url\":\"https:\/\/www.sonoraenequipo.com.mx\/tormenta-erick-afectaria-a-tres-estados-mexicanos-podria-convertirse-en-huracan-en-horas\/\",\"name\":\"Sonora en Equipo. Tormenta Erick afectar\u00eda a tres estados mexicanos podr\u00eda convertirse en hurac\u00e1n en horas Rep\u00fablica\",\"isPartOf\":{\"@id\":\"https:\/\/www.sonoraenequipo.com.mx\/#website\"},\"primaryImageOfPage\":{\"@id\":\"https:\/\/www.sonoraenequipo.com.mx\/tormenta-erick-afectaria-a-tres-estados-mexicanos-podria-convertirse-en-huracan-en-horas\/#primaryimage\"},\"image\":{\"@id\":\"https:\/\/www.sonoraenequipo.com.mx\/tormenta-erick-afectaria-a-tres-estados-mexicanos-podria-convertirse-en-huracan-en-horas\/#primaryimage\"},\"thumbnailUrl\":\"https:\/\/www.sonoraenequipo.com.mx\/storage\/2025\/06\/erick.jpg\",\"datePublished\":\"2025-06-17T19:56:25+00:00\",\"description\":\"&nbsp; La tormenta tropical Erick se aproxima este martes (17.06.2025) a las costas del Pac\u00edfico mexicano, y se espera que se convierta en hurac\u00e1n En Sonora en Equipo publicamos toda la informaci\u00f3n de Sonora, M\u00e9xico y el Mundo de manera oportuna y busca que la libertad de expresi\u00f3n sea real. Visita nuestro medio informativo publicado desde Hermosillo, Sonora. %\",\"breadcrumb\":{\"@id\":\"https:\/\/www.sonoraenequipo.com.mx\/tormenta-erick-afectaria-a-tres-estados-mexicanos-podria-convertirse-en-huracan-en-horas\/#breadcrumb\"},\"inLanguage\":\"es\",\"potentialAction\":[{\"@type\":\"ReadAction\",\"target\":[\"https:\/\/www.sonoraenequipo.com.mx\/tormenta-erick-afectaria-a-tres-estados-mexicanos-podria-convertirse-en-huracan-en-horas\/\"]}]},{\"@type\":\"ImageObject\",\"inLanguage\":\"es\",\"@id\":\"https:\/\/www.sonoraenequipo.com.mx\/tormenta-erick-afectaria-a-tres-estados-mexicanos-podria-convertirse-en-huracan-en-horas\/#primaryimage\",\"url\":\"https:\/\/www.sonoraenequipo.com.mx\/storage\/2025\/06\/erick.jpg\",\"contentUrl\":\"https:\/\/www.sonoraenequipo.com.mx\/storage\/2025\/06\/erick.jpg\",\"width\":600,\"height\":400,\"caption\":\"NOAA\"},{\"@type\":\"BreadcrumbList\",\"@id\":\"https:\/\/www.sonoraenequipo.com.mx\/tormenta-erick-afectaria-a-tres-estados-mexicanos-podria-convertirse-en-huracan-en-horas\/#breadcrumb\",\"itemListElement\":[{\"@type\":\"ListItem\",\"position\":1,\"name\":\"Portada\",\"item\":\"https:\/\/www.sonoraenequipo.com.mx\/\"},{\"@type\":\"ListItem\",\"position\":2,\"name\":\"Tormenta Erick afectar\u00eda a tres estados mexicanos podr\u00eda convertirse en hurac\u00e1n en horas\"}]},{\"@type\":\"WebSite\",\"@id\":\"https:\/\/www.sonoraenequipo.com.mx\/#website\",\"url\":\"https:\/\/www.sonoraenequipo.com.mx\/\",\"name\":\"Sonora en Equipo.\",\"description\":\"Diario en l\u00ednea con Noticias desde Hermosillo, Sonora\",\"publisher\":{\"@id\":\"https:\/\/www.sonoraenequipo.com.mx\/#organization\"},\"potentialAction\":[{\"@type\":\"SearchAction\",\"target\":{\"@type\":\"EntryPoint\",\"urlTemplate\":\"https:\/\/www.sonoraenequipo.com.mx\/?s={search_term_string}\"},\"query-input\":{\"@type\":\"PropertyValueSpecification\",\"valueRequired\":true,\"valueName\":\"search_term_string\"}}],\"inLanguage\":\"es\"},{\"@type\":\"Organization\",\"@id\":\"https:\/\/www.sonoraenequipo.com.mx\/#organization\",\"name\":\"Sonoraenequipo.com.mx\",\"url\":\"https:\/\/www.sonoraenequipo.com.mx\/\",\"logo\":{\"@type\":\"ImageObject\",\"inLanguage\":\"es\",\"@id\":\"https:\/\/www.sonoraenequipo.com.mx\/#\/schema\/logo\/image\/\",\"url\":\"https:\/\/www.sonoraenequipo.com.mx\/storage\/2019\/01\/sonoraenequipo_opt.png\",\"contentUrl\":\"https:\/\/www.sonoraenequipo.com.mx\/storage\/2019\/01\/sonoraenequipo_opt.png\",\"width\":375,\"height\":125,\"caption\":\"Sonoraenequipo.com.mx\"},\"image\":{\"@id\":\"https:\/\/www.sonoraenequipo.com.mx\/#\/schema\/logo\/image\/\"},\"sameAs\":[\"https:\/\/www.facebook.com\/SonoraEE\/\",\"https:\/\/x.com\/sonoraenequipo\",\"https:\/\/www.youtube.com\/channel\/UC338nW-lPEYmJQs4ZABQ1SQ\"]},{\"@type\":\"Person\",\"@id\":\"https:\/\/www.sonoraenequipo.com.mx\/#\/schema\/person\/50102df0fb23a8fa9e8effad8fa81386\",\"name\":\"enequipo\",\"image\":{\"@type\":\"ImageObject\",\"inLanguage\":\"es\",\"@id\":\"https:\/\/www.sonoraenequipo.com.mx\/#\/schema\/person\/image\/\",\"url\":\"https:\/\/secure.gravatar.com\/avatar\/049821681b589dabc0bc20695993ccebb09f5b5d4d790cd9251b97faac7c652b?s=96&d=blank&r=g\",\"contentUrl\":\"https:\/\/secure.gravatar.com\/avatar\/049821681b589dabc0bc20695993ccebb09f5b5d4d790cd9251b97faac7c652b?s=96&d=blank&r=g\",\"caption\":\"enequipo\"},\"sameAs\":[\"https:\/\/www.facebook.com\/SonoraEE\"]}]}<\/script>\n ","yoast_head_json":{"title":"Sonora en Equipo. Tormenta Erick afectar\u00eda a tres estados mexicanos podr\u00eda convertirse en hurac\u00e1n en horas Rep\u00fablica","description":"&nbsp; La tormenta tropical Erick se aproxima este martes (17.06.2025) a las costas del Pac\u00edfico mexicano, y se espera que se convierta en hurac\u00e1n En Sonora en Equipo publicamos toda la informaci\u00f3n de Sonora, M\u00e9xico y el Mundo de manera oportuna y busca que la libertad de expresi\u00f3n sea real. Visita nuestro medio informativo publicado desde Hermosillo, Sonora. %","robots":{"index":"index","follow":"follow","max-snippet":"max-snippet:-1","max-image-preview":"max-image-preview:large","max-video-preview":"max-video-preview:-1"},"canonical":"https:\/\/www.sonoraenequipo.com.mx\/tormenta-erick-afectaria-a-tres-estados-mexicanos-podria-convertirse-en-huracan-en-horas\/","og_locale":"es_ES","og_type":"article","og_title":"Sonora en Equipo. Tormenta Erick afectar\u00eda a tres estados mexicanos podr\u00eda convertirse en hurac\u00e1n en horas Rep\u00fablica","og_description":"&nbsp; La tormenta tropical Erick se aproxima este martes (17.06.2025) a las costas del Pac\u00edfico mexicano, y se espera que se convierta en hurac\u00e1n En Sonora en Equipo publicamos toda la informaci\u00f3n de Sonora, M\u00e9xico y el Mundo de manera oportuna y busca que la libertad de expresi\u00f3n sea real. Visita nuestro medio informativo publicado desde Hermosillo, Sonora. %","og_url":"https:\/\/www.sonoraenequipo.com.mx\/tormenta-erick-afectaria-a-tres-estados-mexicanos-podria-convertirse-en-huracan-en-horas\/","og_site_name":"Sonora en Equipo.","article_publisher":"https:\/\/www.facebook.com\/SonoraEE\/","article_author":"https:\/\/www.facebook.com\/SonoraEE","article_published_time":"2025-06-17T19:56:25+00:00","og_image":[{"width":600,"height":400,"url":"https:\/\/www.sonoraenequipo.com.mx\/storage\/2025\/06\/erick.jpg","type":"image\/jpeg"}],"author":"enequipo","twitter_card":"summary_large_image","twitter_creator":"@sonoraenequipo","twitter_site":"@sonoraenequipo","twitter_misc":{"Escrito por":"enequipo","Tiempo de lectura":"2 minutos"},"schema":{"@context":"https:\/\/schema.org","@graph":[{"@type":"Article","@id":"https:\/\/www.sonoraenequipo.com.mx\/tormenta-erick-afectaria-a-tres-estados-mexicanos-podria-convertirse-en-huracan-en-horas\/#article","isPartOf":{"@id":"https:\/\/www.sonoraenequipo.com.mx\/tormenta-erick-afectaria-a-tres-estados-mexicanos-podria-convertirse-en-huracan-en-horas\/"},"author":{"name":"enequipo","@id":"https:\/\/www.sonoraenequipo.com.mx\/#\/schema\/person\/50102df0fb23a8fa9e8effad8fa81386"},"headline":"Tormenta Erick afectar\u00eda a tres estados mexicanos podr\u00eda convertirse en hurac\u00e1n en horas","datePublished":"2025-06-17T19:56:25+00:00","mainEntityOfPage":{"@id":"https:\/\/www.sonoraenequipo.com.mx\/tormenta-erick-afectaria-a-tres-estados-mexicanos-podria-convertirse-en-huracan-en-horas\/"},"wordCount":435,"commentCount":0,"publisher":{"@id":"https:\/\/www.sonoraenequipo.com.mx\/#organization"},"image":{"@id":"https:\/\/www.sonoraenequipo.com.mx\/tormenta-erick-afectaria-a-tres-estados-mexicanos-podria-convertirse-en-huracan-en-horas\/#primaryimage"},"thumbnailUrl":"https:\/\/www.sonoraenequipo.com.mx\/storage\/2025\/06\/erick.jpg","keywords":["tormentaErick"],"articleSection":["Rep\u00fablica"],"inLanguage":"es","potentialAction":[{"@type":"CommentAction","name":"Comment","target":["https:\/\/www.sonoraenequipo.com.mx\/tormenta-erick-afectaria-a-tres-estados-mexicanos-podria-convertirse-en-huracan-en-horas\/#respond"]}]},{"@type":"WebPage","@id":"https:\/\/www.sonoraenequipo.com.mx\/tormenta-erick-afectaria-a-tres-estados-mexicanos-podria-convertirse-en-huracan-en-horas\/","url":"https:\/\/www.sonoraenequipo.com.mx\/tormenta-erick-afectaria-a-tres-estados-mexicanos-podria-convertirse-en-huracan-en-horas\/","name":"Sonora en Equipo. Tormenta Erick afectar\u00eda a tres estados mexicanos podr\u00eda convertirse en hurac\u00e1n en horas Rep\u00fablica","isPartOf":{"@id":"https:\/\/www.sonoraenequipo.com.mx\/#website"},"primaryImageOfPage":{"@id":"https:\/\/www.sonoraenequipo.com.mx\/tormenta-erick-afectaria-a-tres-estados-mexicanos-podria-convertirse-en-huracan-en-horas\/#primaryimage"},"image":{"@id":"https:\/\/www.sonoraenequipo.com.mx\/tormenta-erick-afectaria-a-tres-estados-mexicanos-podria-convertirse-en-huracan-en-horas\/#primaryimage"},"thumbnailUrl":"https:\/\/www.sonoraenequipo.com.mx\/storage\/2025\/06\/erick.jpg","datePublished":"2025-06-17T19:56:25+00:00","description":"&nbsp; La tormenta tropical Erick se aproxima este martes (17.06.2025) a las costas del Pac\u00edfico mexicano, y se espera que se convierta en hurac\u00e1n En Sonora en Equipo publicamos toda la informaci\u00f3n de Sonora, M\u00e9xico y el Mundo de manera oportuna y busca que la libertad de expresi\u00f3n sea real. Visita nuestro medio informativo publicado desde Hermosillo, Sonora. %","breadcrumb":{"@id":"https:\/\/www.sonoraenequipo.com.mx\/tormenta-erick-afectaria-a-tres-estados-mexicanos-podria-convertirse-en-huracan-en-horas\/#breadcrumb"},"inLanguage":"es","potentialAction":[{"@type":"ReadAction","target":["https:\/\/www.sonoraenequipo.com.mx\/tormenta-erick-afectaria-a-tres-estados-mexicanos-podria-convertirse-en-huracan-en-horas\/"]}]},{"@type":"ImageObject","inLanguage":"es","@id":"https:\/\/www.sonoraenequipo.com.mx\/tormenta-erick-afectaria-a-tres-estados-mexicanos-podria-convertirse-en-huracan-en-horas\/#primaryimage","url":"https:\/\/www.sonoraenequipo.com.mx\/storage\/2025\/06\/erick.jpg","contentUrl":"https:\/\/www.sonoraenequipo.com.mx\/storage\/2025\/06\/erick.jpg","width":600,"height":400,"caption":"NOAA"},{"@type":"BreadcrumbList","@id":"https:\/\/www.sonoraenequipo.com.mx\/tormenta-erick-afectaria-a-tres-estados-mexicanos-podria-convertirse-en-huracan-en-horas\/#breadcrumb","itemListElement":[{"@type":"ListItem","position":1,"name":"Portada","item":"https:\/\/www.sonoraenequipo.com.mx\/"},{"@type":"ListItem","position":2,"name":"Tormenta Erick afectar\u00eda a tres estados mexicanos podr\u00eda convertirse en hurac\u00e1n en horas"}]},{"@type":"WebSite","@id":"https:\/\/www.sonoraenequipo.com.mx\/#website","url":"https:\/\/www.sonoraenequipo.com.mx\/","name":"Sonora en Equipo.","description":"Diario en l\u00ednea con Noticias desde Hermosillo, Sonora","publisher":{"@id":"https:\/\/www.sonoraenequipo.com.mx\/#organization"},"potentialAction":[{"@type":"SearchAction","target":{"@type":"EntryPoint","urlTemplate":"https:\/\/www.sonoraenequipo.com.mx\/?s={search_term_string}"},"query-input":{"@type":"PropertyValueSpecification","valueRequired":true,"valueName":"search_term_string"}}],"inLanguage":"es"},{"@type":"Organization","@id":"https:\/\/www.sonoraenequipo.com.mx\/#organization","name":"Sonoraenequipo.com.mx","url":"https:\/\/www.sonoraenequipo.com.mx\/","logo":{"@type":"ImageObject","inLanguage":"es","@id":"https:\/\/www.sonoraenequipo.com.mx\/#\/schema\/logo\/image\/","url":"https:\/\/www.sonoraenequipo.com.mx\/storage\/2019\/01\/sonoraenequipo_opt.png","contentUrl":"https:\/\/www.sonoraenequipo.com.mx\/storage\/2019\/01\/sonoraenequipo_opt.png","width":375,"height":125,"caption":"Sonoraenequipo.com.mx"},"image":{"@id":"https:\/\/www.sonoraenequipo.com.mx\/#\/schema\/logo\/image\/"},"sameAs":["https:\/\/www.facebook.com\/SonoraEE\/","https:\/\/x.com\/sonoraenequipo","https:\/\/www.youtube.com\/channel\/UC338nW-lPEYmJQs4ZABQ1SQ"]},{"@type":"Person","@id":"https:\/\/www.sonoraenequipo.com.mx\/#\/schema\/person\/50102df0fb23a8fa9e8effad8fa81386","name":"enequipo","image":{"@type":"ImageObject","inLanguage":"es","@id":"https:\/\/www.sonoraenequipo.com.mx\/#\/schema\/person\/image\/","url":"https:\/\/secure.gravatar.com\/avatar\/049821681b589dabc0bc20695993ccebb09f5b5d4d790cd9251b97faac7c652b?s=96&d=blank&r=g","contentUrl":"https:\/\/secure.gravatar.com\/avatar\/049821681b589dabc0bc20695993ccebb09f5b5d4d790cd9251b97faac7c652b?s=96&d=blank&r=g","caption":"enequipo"},"sameAs":["https:\/\/www.facebook.com\/SonoraEE"]}]}},"jetpack_featured_media_url":"https:\/\/www.sonoraenequipo.com.mx\/storage\/2025\/06\/erick.jpg","_links":{"self":[{"href":"https:\/\/www.sonoraenequipo.com.mx\/api\/wp\/v2\/posts\/217955","targetHints":{"allow":["GET"]}}],"collection":[{"href":"https:\/\/www.sonoraenequipo.com.mx\/api\/wp\/v2\/posts"}],"about":[{"href":"https:\/\/www.sonoraenequipo.com.mx\/api\/wp\/v2\/types\/post"}],"author":[{"embeddable":true,"href":"https:\/\/www.sonoraenequipo.com.mx\/api\/wp\/v2\/users\/1"}],"replies":[{"embeddable":true,"href":"https:\/\/www.sonoraenequipo.com.mx\/api\/wp\/v2\/comments?post=217955"}],"version-history":[{"count":1,"href":"https:\/\/www.sonoraenequipo.com.mx\/api\/wp\/v2\/posts\/217955\/revisions"}],"predecessor-version":[{"id":217957,"href":"https:\/\/www.sonoraenequipo.com.mx\/api\/wp\/v2\/posts\/217955\/revisions\/217957"}],"wp:featuredmedia":[{"embeddable":true,"href":"https:\/\/www.sonoraenequipo.com.mx\/api\/wp\/v2\/media\/217956"}],"wp:attachment":[{"href":"https:\/\/www.sonoraenequipo.com.mx\/api\/wp\/v2\/media?parent=217955"}],"wp:term":[{"taxonomy":"category","embeddable":true,"href":"https:\/\/www.sonoraenequipo.com.mx\/api\/wp\/v2\/categories?post=217955"},{"taxonomy":"post_tag","embeddable":true,"href":"https:\/\/www.sonoraenequipo.com.mx\/api\/wp\/v2\/tags?post=217955"}],"curies":[{"name":"wp","href":"https:\/\/api.w.org\/{rel}","templated":true}]}}