{"id":217968,"date":"2025-06-17T19:30:30","date_gmt":"2025-06-18T02:30:30","guid":{"rendered":"https:\/\/www.sonoraenequipo.com.mx\/?p=217968"},"modified":"2025-06-17T19:30:30","modified_gmt":"2025-06-18T02:30:30","slug":"impulsan-participacion-de-las-mujeres-en-puestos-de-liderazgo-politico","status":"publish","type":"post","link":"https:\/\/www.sonoraenequipo.com.mx\/impulsan-participacion-de-las-mujeres-en-puestos-de-liderazgo-politico\/","title":{"rendered":"Impulsan \u00a0participaci\u00f3n de las mujeres en puestos de liderazgo pol\u00edtico"},"content":{"rendered":"<p><strong>HERMOSILLO, SONORA, MX.<\/strong> \u2014 Con el prop\u00f3sito de fortalecer las capacidades de gesti\u00f3n p\u00fablica con perspectiva de g\u00e9nero y avanzar hacia la igualdad sustantiva, el Gobierno de Sonora llev\u00f3 a cabo el Seminario de Formaci\u00f3n para Presidentas y S\u00edndicas Municipales, coordinado por la Secretar\u00eda de las Mujeres, en colaboraci\u00f3n con la Red de Mujeres en Plural de Sonora y la Junta Local del Instituto Nacional Electoral (INE).<\/p>\n<p>&nbsp;<\/p>\n<p>&nbsp;<\/p>\n<p>&nbsp;<\/p>\n<p>En representaci\u00f3n del gobernador Alfonso Durazo Monta\u00f1o, la jefa de la Oficina del Ejecutivo Estatal, Paulina Oca\u00f1a, encabez\u00f3 el acto protocolario junto a la secretaria de las Mujeres, Sheila Hern\u00e1ndez Alcaraz. Ambas destacaron que este seminario forma parte de una agenda integral para saldar la deuda hist\u00f3rica con las mujeres sonorenses, impulsando su participaci\u00f3n activa en espacios de decisi\u00f3n p\u00fablica.<\/p>\n<p>&nbsp;<\/p>\n<p>&nbsp;<\/p>\n<p>&nbsp;<\/p>\n<p>\u201cEs importante que hagamos ejercicios como este y muchos m\u00e1s para seguir fomentando este crecimiento y sobretodo poder seguir abriendo estas brechas. Hay que luchar hombro con hombro con nuestro gobernador Alfonso Durazo para poder seguir abriendo brechas para las mujeres sonorenses\u201d, subray\u00f3 Oca\u00f1a Encinas.<\/p>\n<p>&nbsp;<\/p>\n<p>&nbsp;<\/p>\n<p>&nbsp;<\/p>\n<p>Por su parte, Sheila Hern\u00e1ndez Alcaraz, secretaria de las Mujeres, resalt\u00f3 que este esfuerzo refleja el firme respaldo del gobernador Alfonso Durazo a la agenda de g\u00e9nero y reiter\u00f3 que estos espacios son fundamentales para generar condiciones para que m\u00e1s mujeres accedan a puestos de liderazgo.<\/p>\n<p>&nbsp;<\/p>\n<p>&nbsp;<\/p>\n<p>&nbsp;<\/p>\n<p>\u201cGracias a nuestro gobernador, hoy Sonora cuenta con una Secretar\u00eda de las Mujeres y con el Observatorio de Participaci\u00f3n Pol\u00edtica de las Mujeres. \u00c9l es nuestro m\u00e1ximo aliado; siempre ha dicho: \u2018Es tiempo de mujeres\u2019, y lo est\u00e1 cumpliendo\u201d, afirm\u00f3 Hern\u00e1ndez Alcaraz.<\/p>\n<p>&nbsp;<\/p>\n<p>&nbsp;<\/p>\n<p>&nbsp;<\/p>\n<p>Al seminario asistieron presidentas y s\u00edndicas de nueve municipios, as\u00ed como funcionarias p\u00fablicas y legisladoras. Durante la jornada, que se llev\u00f3 a cabo en la Sala de Capacitaci\u00f3n del INE en Sonora, se impartieron herramientas clave en temas como igualdad de g\u00e9nero, prevenci\u00f3n de la violencia pol\u00edtica y liderazgo con enfoque feminista.<\/p>\n<p>&nbsp;<\/p>\n<p>&nbsp;<\/p>\n<p>&nbsp;<\/p>\n<p>Tambi\u00e9n participaron la coordinadora general del Sistema Estatal de Comunicaci\u00f3n Social, Paloma Ter\u00e1n Villalobos; la senadora Lorenia Valles Sampedro; la diputada Mar\u00eda Alicia Gayt\u00e1n; la vocal ejecutiva del INE en Sonora Ver\u00f3nica Sandoval y la coordinadora de la Red de Mujeres en Plural, Olga Hayde\u00e9 Flores, quienes coincidieron en que fortalecer el liderazgo femenino desde lo local es esencial para una democracia m\u00e1s equitativa e incluyente.<\/p>\n<p><strong>Fecha de publicaci\u00f3n martes 17 de junio de 2025<\/strong><\/p>\n","protected":false},"excerpt":{"rendered":"<p>HERMOSILLO, SONORA, MX. \u2014 Con el prop\u00f3sito de fortalecer las capacidades de gesti\u00f3n p\u00fablica con&#8230;<\/p>\n","protected":false},"author":1,"featured_media":217969,"comment_status":"open","ping_status":"open","sticky":false,"template":"","format":"standard","meta":{"_monsterinsights_skip_tracking":false,"_monsterinsights_sitenote_active":false,"_monsterinsights_sitenote_note":"","_monsterinsights_sitenote_category":0,"footnotes":""},"categories":[22],"tags":[297,6860,77],"class_list":["post"],"yoast_head":" \n<title>Sonora en Equipo. Impulsan \u00a0participaci\u00f3n de las mujeres en puestos de liderazgo pol\u00edtico Sonora<\/title>\n<meta name=\"description\" content=\"HERMOSILLO, SONORA, MX. \u2014 Con el prop\u00f3sito de fortalecer las capacidades de gesti\u00f3n p\u00fablica con perspectiva de g\u00e9nero y avanzar hacia la igualdad En Sonora en Equipo publicamos toda la informaci\u00f3n de Sonora, M\u00e9xico y el Mundo de manera oportuna y busca que la libertad de expresi\u00f3n sea real. Visita nuestro medio informativo publicado desde Hermosillo, Sonora. %\" \/>\n<meta name=\"robots\" content=\"index, follow, max-snippet:-1, max-image-preview:large, max-video-preview:-1\" \/>\n<link rel=\"canonical\" href=\"https:\/\/www.sonoraenequipo.com.mx\/impulsan-participacion-de-las-mujeres-en-puestos-de-liderazgo-politico\/\" \/>\n<meta property=\"og:locale\" content=\"es_ES\" \/>\n<meta property=\"og:type\" content=\"article\" \/>\n<meta property=\"og:title\" content=\"Sonora en Equipo. Impulsan \u00a0participaci\u00f3n de las mujeres en puestos de liderazgo pol\u00edtico Sonora\" \/>\n<meta property=\"og:description\" content=\"HERMOSILLO, SONORA, MX. \u2014 Con el prop\u00f3sito de fortalecer las capacidades de gesti\u00f3n p\u00fablica con perspectiva de g\u00e9nero y avanzar hacia la igualdad En Sonora en Equipo publicamos toda la informaci\u00f3n de Sonora, M\u00e9xico y el Mundo de manera oportuna y busca que la libertad de expresi\u00f3n sea real. Visita nuestro medio informativo publicado desde Hermosillo, Sonora. %\" \/>\n<meta property=\"og:url\" content=\"https:\/\/www.sonoraenequipo.com.mx\/impulsan-participacion-de-las-mujeres-en-puestos-de-liderazgo-politico\/\" \/>\n<meta property=\"og:site_name\" content=\"Sonora en Equipo.\" \/>\n<meta property=\"article:publisher\" content=\"https:\/\/www.facebook.com\/SonoraEE\/\" \/>\n<meta property=\"article:author\" content=\"https:\/\/www.facebook.com\/SonoraEE\" \/>\n<meta property=\"article:published_time\" content=\"2025-06-18T02:30:30+00:00\" \/>\n<meta property=\"og:image\" content=\"https:\/\/www.sonoraenequipo.com.mx\/storage\/2025\/06\/mujeres-politica.jpg\" \/>\n\t<meta property=\"og:image:width\" content=\"600\" \/>\n\t<meta property=\"og:image:height\" content=\"400\" \/>\n\t<meta property=\"og:image:type\" content=\"image\/jpeg\" \/>\n<meta name=\"author\" content=\"enequipo\" \/>\n<meta name=\"twitter:card\" content=\"summary_large_image\" \/>\n<meta name=\"twitter:creator\" content=\"@sonoraenequipo\" \/>\n<meta name=\"twitter:site\" content=\"@sonoraenequipo\" \/>\n<meta name=\"twitter:label1\" content=\"Escrito por\" \/>\n\t<meta name=\"twitter:data1\" content=\"enequipo\" \/>\n\t<meta name=\"twitter:label2\" content=\"Tiempo de lectura\" \/>\n\t<meta name=\"twitter:data2\" content=\"2 minutos\" \/>\n<script type=\"application\/ld+json\" class=\"yoast-schema-graph\">{\"@context\":\"https:\/\/schema.org\",\"@graph\":[{\"@type\":\"Article\",\"@id\":\"https:\/\/www.sonoraenequipo.com.mx\/impulsan-participacion-de-las-mujeres-en-puestos-de-liderazgo-politico\/#article\",\"isPartOf\":{\"@id\":\"https:\/\/www.sonoraenequipo.com.mx\/impulsan-participacion-de-las-mujeres-en-puestos-de-liderazgo-politico\/\"},\"author\":{\"name\":\"enequipo\",\"@id\":\"https:\/\/www.sonoraenequipo.com.mx\/#\/schema\/person\/50102df0fb23a8fa9e8effad8fa81386\"},\"headline\":\"Impulsan \u00a0participaci\u00f3n de las mujeres en puestos de liderazgo pol\u00edtico\",\"datePublished\":\"2025-06-18T02:30:30+00:00\",\"mainEntityOfPage\":{\"@id\":\"https:\/\/www.sonoraenequipo.com.mx\/impulsan-participacion-de-las-mujeres-en-puestos-de-liderazgo-politico\/\"},\"wordCount\":454,\"commentCount\":0,\"publisher\":{\"@id\":\"https:\/\/www.sonoraenequipo.com.mx\/#organization\"},\"image\":{\"@id\":\"https:\/\/www.sonoraenequipo.com.mx\/impulsan-participacion-de-las-mujeres-en-puestos-de-liderazgo-politico\/#primaryimage\"},\"thumbnailUrl\":\"https:\/\/www.sonoraenequipo.com.mx\/storage\/2025\/06\/mujeres-politica.jpg\",\"keywords\":[\"mujeres\",\"participaci\u00f3n\",\"politica\"],\"articleSection\":[\"Sonora\"],\"inLanguage\":\"es\",\"potentialAction\":[{\"@type\":\"CommentAction\",\"name\":\"Comment\",\"target\":[\"https:\/\/www.sonoraenequipo.com.mx\/impulsan-participacion-de-las-mujeres-en-puestos-de-liderazgo-politico\/#respond\"]}]},{\"@type\":\"WebPage\",\"@id\":\"https:\/\/www.sonoraenequipo.com.mx\/impulsan-participacion-de-las-mujeres-en-puestos-de-liderazgo-politico\/\",\"url\":\"https:\/\/www.sonoraenequipo.com.mx\/impulsan-participacion-de-las-mujeres-en-puestos-de-liderazgo-politico\/\",\"name\":\"Sonora en Equipo. Impulsan \u00a0participaci\u00f3n de las mujeres en puestos de liderazgo pol\u00edtico Sonora\",\"isPartOf\":{\"@id\":\"https:\/\/www.sonoraenequipo.com.mx\/#website\"},\"primaryImageOfPage\":{\"@id\":\"https:\/\/www.sonoraenequipo.com.mx\/impulsan-participacion-de-las-mujeres-en-puestos-de-liderazgo-politico\/#primaryimage\"},\"image\":{\"@id\":\"https:\/\/www.sonoraenequipo.com.mx\/impulsan-participacion-de-las-mujeres-en-puestos-de-liderazgo-politico\/#primaryimage\"},\"thumbnailUrl\":\"https:\/\/www.sonoraenequipo.com.mx\/storage\/2025\/06\/mujeres-politica.jpg\",\"datePublished\":\"2025-06-18T02:30:30+00:00\",\"description\":\"HERMOSILLO, SONORA, MX. \u2014 Con el prop\u00f3sito de fortalecer las capacidades de gesti\u00f3n p\u00fablica con perspectiva de g\u00e9nero y avanzar hacia la igualdad En Sonora en Equipo publicamos toda la informaci\u00f3n de Sonora, M\u00e9xico y el Mundo de manera oportuna y busca que la libertad de expresi\u00f3n sea real. Visita nuestro medio informativo publicado desde Hermosillo, Sonora. %\",\"breadcrumb\":{\"@id\":\"https:\/\/www.sonoraenequipo.com.mx\/impulsan-participacion-de-las-mujeres-en-puestos-de-liderazgo-politico\/#breadcrumb\"},\"inLanguage\":\"es\",\"potentialAction\":[{\"@type\":\"ReadAction\",\"target\":[\"https:\/\/www.sonoraenequipo.com.mx\/impulsan-participacion-de-las-mujeres-en-puestos-de-liderazgo-politico\/\"]}]},{\"@type\":\"ImageObject\",\"inLanguage\":\"es\",\"@id\":\"https:\/\/www.sonoraenequipo.com.mx\/impulsan-participacion-de-las-mujeres-en-puestos-de-liderazgo-politico\/#primaryimage\",\"url\":\"https:\/\/www.sonoraenequipo.com.mx\/storage\/2025\/06\/mujeres-politica.jpg\",\"contentUrl\":\"https:\/\/www.sonoraenequipo.com.mx\/storage\/2025\/06\/mujeres-politica.jpg\",\"width\":600,\"height\":400},{\"@type\":\"BreadcrumbList\",\"@id\":\"https:\/\/www.sonoraenequipo.com.mx\/impulsan-participacion-de-las-mujeres-en-puestos-de-liderazgo-politico\/#breadcrumb\",\"itemListElement\":[{\"@type\":\"ListItem\",\"position\":1,\"name\":\"Portada\",\"item\":\"https:\/\/www.sonoraenequipo.com.mx\/\"},{\"@type\":\"ListItem\",\"position\":2,\"name\":\"Impulsan \u00a0participaci\u00f3n de las mujeres en puestos de liderazgo pol\u00edtico\"}]},{\"@type\":\"WebSite\",\"@id\":\"https:\/\/www.sonoraenequipo.com.mx\/#website\",\"url\":\"https:\/\/www.sonoraenequipo.com.mx\/\",\"name\":\"Sonora en Equipo.\",\"description\":\"Diario en l\u00ednea con Noticias desde Hermosillo, Sonora\",\"publisher\":{\"@id\":\"https:\/\/www.sonoraenequipo.com.mx\/#organization\"},\"potentialAction\":[{\"@type\":\"SearchAction\",\"target\":{\"@type\":\"EntryPoint\",\"urlTemplate\":\"https:\/\/www.sonoraenequipo.com.mx\/?s={search_term_string}\"},\"query-input\":{\"@type\":\"PropertyValueSpecification\",\"valueRequired\":true,\"valueName\":\"search_term_string\"}}],\"inLanguage\":\"es\"},{\"@type\":\"Organization\",\"@id\":\"https:\/\/www.sonoraenequipo.com.mx\/#organization\",\"name\":\"Sonoraenequipo.com.mx\",\"url\":\"https:\/\/www.sonoraenequipo.com.mx\/\",\"logo\":{\"@type\":\"ImageObject\",\"inLanguage\":\"es\",\"@id\":\"https:\/\/www.sonoraenequipo.com.mx\/#\/schema\/logo\/image\/\",\"url\":\"https:\/\/www.sonoraenequipo.com.mx\/storage\/2019\/01\/sonoraenequipo_opt.png\",\"contentUrl\":\"https:\/\/www.sonoraenequipo.com.mx\/storage\/2019\/01\/sonoraenequipo_opt.png\",\"width\":375,\"height\":125,\"caption\":\"Sonoraenequipo.com.mx\"},\"image\":{\"@id\":\"https:\/\/www.sonoraenequipo.com.mx\/#\/schema\/logo\/image\/\"},\"sameAs\":[\"https:\/\/www.facebook.com\/SonoraEE\/\",\"https:\/\/x.com\/sonoraenequipo\",\"https:\/\/www.youtube.com\/channel\/UC338nW-lPEYmJQs4ZABQ1SQ\"]},{\"@type\":\"Person\",\"@id\":\"https:\/\/www.sonoraenequipo.com.mx\/#\/schema\/person\/50102df0fb23a8fa9e8effad8fa81386\",\"name\":\"enequipo\",\"image\":{\"@type\":\"ImageObject\",\"inLanguage\":\"es\",\"@id\":\"https:\/\/www.sonoraenequipo.com.mx\/#\/schema\/person\/image\/\",\"url\":\"https:\/\/secure.gravatar.com\/avatar\/049821681b589dabc0bc20695993ccebb09f5b5d4d790cd9251b97faac7c652b?s=96&d=blank&r=g\",\"contentUrl\":\"https:\/\/secure.gravatar.com\/avatar\/049821681b589dabc0bc20695993ccebb09f5b5d4d790cd9251b97faac7c652b?s=96&d=blank&r=g\",\"caption\":\"enequipo\"},\"sameAs\":[\"https:\/\/www.facebook.com\/SonoraEE\"]}]}<\/script>\n ","yoast_head_json":{"title":"Sonora en Equipo. Impulsan \u00a0participaci\u00f3n de las mujeres en puestos de liderazgo pol\u00edtico Sonora","description":"HERMOSILLO, SONORA, MX. \u2014 Con el prop\u00f3sito de fortalecer las capacidades de gesti\u00f3n p\u00fablica con perspectiva de g\u00e9nero y avanzar hacia la igualdad En Sonora en Equipo publicamos toda la informaci\u00f3n de Sonora, M\u00e9xico y el Mundo de manera oportuna y busca que la libertad de expresi\u00f3n sea real. Visita nuestro medio informativo publicado desde Hermosillo, Sonora. %","robots":{"index":"index","follow":"follow","max-snippet":"max-snippet:-1","max-image-preview":"max-image-preview:large","max-video-preview":"max-video-preview:-1"},"canonical":"https:\/\/www.sonoraenequipo.com.mx\/impulsan-participacion-de-las-mujeres-en-puestos-de-liderazgo-politico\/","og_locale":"es_ES","og_type":"article","og_title":"Sonora en Equipo. Impulsan \u00a0participaci\u00f3n de las mujeres en puestos de liderazgo pol\u00edtico Sonora","og_description":"HERMOSILLO, SONORA, MX. \u2014 Con el prop\u00f3sito de fortalecer las capacidades de gesti\u00f3n p\u00fablica con perspectiva de g\u00e9nero y avanzar hacia la igualdad En Sonora en Equipo publicamos toda la informaci\u00f3n de Sonora, M\u00e9xico y el Mundo de manera oportuna y busca que la libertad de expresi\u00f3n sea real. Visita nuestro medio informativo publicado desde Hermosillo, Sonora. %","og_url":"https:\/\/www.sonoraenequipo.com.mx\/impulsan-participacion-de-las-mujeres-en-puestos-de-liderazgo-politico\/","og_site_name":"Sonora en Equipo.","article_publisher":"https:\/\/www.facebook.com\/SonoraEE\/","article_author":"https:\/\/www.facebook.com\/SonoraEE","article_published_time":"2025-06-18T02:30:30+00:00","og_image":[{"width":600,"height":400,"url":"https:\/\/www.sonoraenequipo.com.mx\/storage\/2025\/06\/mujeres-politica.jpg","type":"image\/jpeg"}],"author":"enequipo","twitter_card":"summary_large_image","twitter_creator":"@sonoraenequipo","twitter_site":"@sonoraenequipo","twitter_misc":{"Escrito por":"enequipo","Tiempo de lectura":"2 minutos"},"schema":{"@context":"https:\/\/schema.org","@graph":[{"@type":"Article","@id":"https:\/\/www.sonoraenequipo.com.mx\/impulsan-participacion-de-las-mujeres-en-puestos-de-liderazgo-politico\/#article","isPartOf":{"@id":"https:\/\/www.sonoraenequipo.com.mx\/impulsan-participacion-de-las-mujeres-en-puestos-de-liderazgo-politico\/"},"author":{"name":"enequipo","@id":"https:\/\/www.sonoraenequipo.com.mx\/#\/schema\/person\/50102df0fb23a8fa9e8effad8fa81386"},"headline":"Impulsan \u00a0participaci\u00f3n de las mujeres en puestos de liderazgo pol\u00edtico","datePublished":"2025-06-18T02:30:30+00:00","mainEntityOfPage":{"@id":"https:\/\/www.sonoraenequipo.com.mx\/impulsan-participacion-de-las-mujeres-en-puestos-de-liderazgo-politico\/"},"wordCount":454,"commentCount":0,"publisher":{"@id":"https:\/\/www.sonoraenequipo.com.mx\/#organization"},"image":{"@id":"https:\/\/www.sonoraenequipo.com.mx\/impulsan-participacion-de-las-mujeres-en-puestos-de-liderazgo-politico\/#primaryimage"},"thumbnailUrl":"https:\/\/www.sonoraenequipo.com.mx\/storage\/2025\/06\/mujeres-politica.jpg","keywords":["mujeres","participaci\u00f3n","politica"],"articleSection":["Sonora"],"inLanguage":"es","potentialAction":[{"@type":"CommentAction","name":"Comment","target":["https:\/\/www.sonoraenequipo.com.mx\/impulsan-participacion-de-las-mujeres-en-puestos-de-liderazgo-politico\/#respond"]}]},{"@type":"WebPage","@id":"https:\/\/www.sonoraenequipo.com.mx\/impulsan-participacion-de-las-mujeres-en-puestos-de-liderazgo-politico\/","url":"https:\/\/www.sonoraenequipo.com.mx\/impulsan-participacion-de-las-mujeres-en-puestos-de-liderazgo-politico\/","name":"Sonora en Equipo. Impulsan \u00a0participaci\u00f3n de las mujeres en puestos de liderazgo pol\u00edtico Sonora","isPartOf":{"@id":"https:\/\/www.sonoraenequipo.com.mx\/#website"},"primaryImageOfPage":{"@id":"https:\/\/www.sonoraenequipo.com.mx\/impulsan-participacion-de-las-mujeres-en-puestos-de-liderazgo-politico\/#primaryimage"},"image":{"@id":"https:\/\/www.sonoraenequipo.com.mx\/impulsan-participacion-de-las-mujeres-en-puestos-de-liderazgo-politico\/#primaryimage"},"thumbnailUrl":"https:\/\/www.sonoraenequipo.com.mx\/storage\/2025\/06\/mujeres-politica.jpg","datePublished":"2025-06-18T02:30:30+00:00","description":"HERMOSILLO, SONORA, MX. \u2014 Con el prop\u00f3sito de fortalecer las capacidades de gesti\u00f3n p\u00fablica con perspectiva de g\u00e9nero y avanzar hacia la igualdad En Sonora en Equipo publicamos toda la informaci\u00f3n de Sonora, M\u00e9xico y el Mundo de manera oportuna y busca que la libertad de expresi\u00f3n sea real. Visita nuestro medio informativo publicado desde Hermosillo, Sonora. %","breadcrumb":{"@id":"https:\/\/www.sonoraenequipo.com.mx\/impulsan-participacion-de-las-mujeres-en-puestos-de-liderazgo-politico\/#breadcrumb"},"inLanguage":"es","potentialAction":[{"@type":"ReadAction","target":["https:\/\/www.sonoraenequipo.com.mx\/impulsan-participacion-de-las-mujeres-en-puestos-de-liderazgo-politico\/"]}]},{"@type":"ImageObject","inLanguage":"es","@id":"https:\/\/www.sonoraenequipo.com.mx\/impulsan-participacion-de-las-mujeres-en-puestos-de-liderazgo-politico\/#primaryimage","url":"https:\/\/www.sonoraenequipo.com.mx\/storage\/2025\/06\/mujeres-politica.jpg","contentUrl":"https:\/\/www.sonoraenequipo.com.mx\/storage\/2025\/06\/mujeres-politica.jpg","width":600,"height":400},{"@type":"BreadcrumbList","@id":"https:\/\/www.sonoraenequipo.com.mx\/impulsan-participacion-de-las-mujeres-en-puestos-de-liderazgo-politico\/#breadcrumb","itemListElement":[{"@type":"ListItem","position":1,"name":"Portada","item":"https:\/\/www.sonoraenequipo.com.mx\/"},{"@type":"ListItem","position":2,"name":"Impulsan \u00a0participaci\u00f3n de las mujeres en puestos de liderazgo pol\u00edtico"}]},{"@type":"WebSite","@id":"https:\/\/www.sonoraenequipo.com.mx\/#website","url":"https:\/\/www.sonoraenequipo.com.mx\/","name":"Sonora en Equipo.","description":"Diario en l\u00ednea con Noticias desde Hermosillo, Sonora","publisher":{"@id":"https:\/\/www.sonoraenequipo.com.mx\/#organization"},"potentialAction":[{"@type":"SearchAction","target":{"@type":"EntryPoint","urlTemplate":"https:\/\/www.sonoraenequipo.com.mx\/?s={search_term_string}"},"query-input":{"@type":"PropertyValueSpecification","valueRequired":true,"valueName":"search_term_string"}}],"inLanguage":"es"},{"@type":"Organization","@id":"https:\/\/www.sonoraenequipo.com.mx\/#organization","name":"Sonoraenequipo.com.mx","url":"https:\/\/www.sonoraenequipo.com.mx\/","logo":{"@type":"ImageObject","inLanguage":"es","@id":"https:\/\/www.sonoraenequipo.com.mx\/#\/schema\/logo\/image\/","url":"https:\/\/www.sonoraenequipo.com.mx\/storage\/2019\/01\/sonoraenequipo_opt.png","contentUrl":"https:\/\/www.sonoraenequipo.com.mx\/storage\/2019\/01\/sonoraenequipo_opt.png","width":375,"height":125,"caption":"Sonoraenequipo.com.mx"},"image":{"@id":"https:\/\/www.sonoraenequipo.com.mx\/#\/schema\/logo\/image\/"},"sameAs":["https:\/\/www.facebook.com\/SonoraEE\/","https:\/\/x.com\/sonoraenequipo","https:\/\/www.youtube.com\/channel\/UC338nW-lPEYmJQs4ZABQ1SQ"]},{"@type":"Person","@id":"https:\/\/www.sonoraenequipo.com.mx\/#\/schema\/person\/50102df0fb23a8fa9e8effad8fa81386","name":"enequipo","image":{"@type":"ImageObject","inLanguage":"es","@id":"https:\/\/www.sonoraenequipo.com.mx\/#\/schema\/person\/image\/","url":"https:\/\/secure.gravatar.com\/avatar\/049821681b589dabc0bc20695993ccebb09f5b5d4d790cd9251b97faac7c652b?s=96&d=blank&r=g","contentUrl":"https:\/\/secure.gravatar.com\/avatar\/049821681b589dabc0bc20695993ccebb09f5b5d4d790cd9251b97faac7c652b?s=96&d=blank&r=g","caption":"enequipo"},"sameAs":["https:\/\/www.facebook.com\/SonoraEE"]}]}},"jetpack_featured_media_url":"https:\/\/www.sonoraenequipo.com.mx\/storage\/2025\/06\/mujeres-politica.jpg","_links":{"self":[{"href":"https:\/\/www.sonoraenequipo.com.mx\/api\/wp\/v2\/posts\/217968","targetHints":{"allow":["GET"]}}],"collection":[{"href":"https:\/\/www.sonoraenequipo.com.mx\/api\/wp\/v2\/posts"}],"about":[{"href":"https:\/\/www.sonoraenequipo.com.mx\/api\/wp\/v2\/types\/post"}],"author":[{"embeddable":true,"href":"https:\/\/www.sonoraenequipo.com.mx\/api\/wp\/v2\/users\/1"}],"replies":[{"embeddable":true,"href":"https:\/\/www.sonoraenequipo.com.mx\/api\/wp\/v2\/comments?post=217968"}],"version-history":[{"count":1,"href":"https:\/\/www.sonoraenequipo.com.mx\/api\/wp\/v2\/posts\/217968\/revisions"}],"predecessor-version":[{"id":217970,"href":"https:\/\/www.sonoraenequipo.com.mx\/api\/wp\/v2\/posts\/217968\/revisions\/217970"}],"wp:featuredmedia":[{"embeddable":true,"href":"https:\/\/www.sonoraenequipo.com.mx\/api\/wp\/v2\/media\/217969"}],"wp:attachment":[{"href":"https:\/\/www.sonoraenequipo.com.mx\/api\/wp\/v2\/media?parent=217968"}],"wp:term":[{"taxonomy":"category","embeddable":true,"href":"https:\/\/www.sonoraenequipo.com.mx\/api\/wp\/v2\/categories?post=217968"},{"taxonomy":"post_tag","embeddable":true,"href":"https:\/\/www.sonoraenequipo.com.mx\/api\/wp\/v2\/tags?post=217968"}],"curies":[{"name":"wp","href":"https:\/\/api.w.org\/{rel}","templated":true}]}}