{"id":217971,"date":"2025-06-17T19:43:54","date_gmt":"2025-06-18T02:43:54","guid":{"rendered":"https:\/\/www.sonoraenequipo.com.mx\/?p=217971"},"modified":"2025-06-17T19:43:54","modified_gmt":"2025-06-18T02:43:54","slug":"encabezaran-gobernadores-durazo-y-hobbs-plenaria-arizona-mexico-en-phoenix","status":"publish","type":"post","link":"https:\/\/www.sonoraenequipo.com.mx\/encabezaran-gobernadores-durazo-y-hobbs-plenaria-arizona-mexico-en-phoenix\/","title":{"rendered":"Encabezar\u00e1n Gobernadores Durazo y Hobbs plenaria Arizona-M\u00e9xico  en Phoenix"},"content":{"rendered":"<p><strong>HERMOSILLO, SONORA, MX.<\/strong> \u2014 El Gobierno de Sonora alista su participaci\u00f3n en la pr\u00f3xima reuni\u00f3n plenaria de la Comisi\u00f3n Arizona-M\u00e9xico, que se celebrar\u00e1 los d\u00edas 26 y 27 de junio en Phoenix, Arizona, y ser\u00e1 encabezada por el gobernador Alfonso Durazo Monta\u00f1o y la gobernadora Katie Hobbs. Este encuentro binacional reforzar\u00e1 los lazos comerciales, sociales y estrat\u00e9gicos que unen a ambas entidades, consolidando una Megarregi\u00f3n s\u00f3lida, pr\u00f3spera y con visi\u00f3n de futuro.<\/p>\n<p>&nbsp;<\/p>\n<p>&nbsp;<\/p>\n<p>&nbsp;<\/p>\n<p>En el marco del 66 aniversario de la Comisi\u00f3n Arizona-M\u00e9xico (AMC), bajo el lema \u201cCelebrando Nuestro Legado, Construyendo Nuestro Futuro\u201d, el gobernador Durazo destac\u00f3 que Sonora est\u00e1 listo para desempe\u00f1ar un papel esencial en esta alianza binacional. Se abordar\u00e1n temas clave como econom\u00eda, educaci\u00f3n, salud, medio ambiente, recursos naturales y sostenibilidad, con el objetivo de definir una agenda conjunta que impulse el desarrollo econ\u00f3mico y social en ambos lados de la frontera.<\/p>\n<p>&nbsp;<\/p>\n<p>&nbsp;<\/p>\n<p>&nbsp;<\/p>\n<p>Este evento sin precedentes reunir\u00e1 a l\u00edderes gubernamentales, empresariales y comunitarios de ambos pa\u00edses para fortalecer una de las alianzas m\u00e1s exitosas en la regi\u00f3n. La plenaria ser\u00e1 un espacio de reflexi\u00f3n, di\u00e1logo y construcci\u00f3n de soluciones compartidas, donde se reafirma el compromiso con una cooperaci\u00f3n internacional ejemplar, basada en el respeto, la innovaci\u00f3n y el bienestar de sus pueblos.<\/p>\n<p><strong>Fecha de publicaci\u00f3n martes 17 de junio de 2025<\/strong><\/p>\n","protected":false},"excerpt":{"rendered":"<p>HERMOSILLO, SONORA, MX. \u2014 El Gobierno de Sonora alista su participaci\u00f3n en la pr\u00f3xima reuni\u00f3n&#8230;<\/p>\n","protected":false},"author":1,"featured_media":217972,"comment_status":"open","ping_status":"open","sticky":false,"template":"","format":"standard","meta":{"_monsterinsights_skip_tracking":false,"_monsterinsights_sitenote_active":false,"_monsterinsights_sitenote_note":"","_monsterinsights_sitenote_category":0,"footnotes":""},"categories":[22],"tags":[11379],"class_list":["post"],"yoast_head":" \n<title>Sonora en Equipo. Encabezar\u00e1n Gobernadores Durazo y Hobbs plenaria Arizona-M\u00e9xico en Phoenix Sonora<\/title>\n<meta name=\"description\" content=\"HERMOSILLO, SONORA, MX. \u2014 El Gobierno de Sonora alista su participaci\u00f3n en la pr\u00f3xima reuni\u00f3n plenaria de la Comisi\u00f3n Arizona-M\u00e9xico, que se celebrar\u00e1 los En Sonora en Equipo publicamos toda la informaci\u00f3n de Sonora, M\u00e9xico y el Mundo de manera oportuna y busca que la libertad de expresi\u00f3n sea real. Visita nuestro medio informativo publicado desde Hermosillo, Sonora. %\" \/>\n<meta name=\"robots\" content=\"index, follow, max-snippet:-1, max-image-preview:large, max-video-preview:-1\" \/>\n<link rel=\"canonical\" href=\"https:\/\/www.sonoraenequipo.com.mx\/encabezaran-gobernadores-durazo-y-hobbs-plenaria-arizona-mexico-en-phoenix\/\" \/>\n<meta property=\"og:locale\" content=\"es_ES\" \/>\n<meta property=\"og:type\" content=\"article\" \/>\n<meta property=\"og:title\" content=\"Sonora en Equipo. Encabezar\u00e1n Gobernadores Durazo y Hobbs plenaria Arizona-M\u00e9xico en Phoenix Sonora\" \/>\n<meta property=\"og:description\" content=\"HERMOSILLO, SONORA, MX. \u2014 El Gobierno de Sonora alista su participaci\u00f3n en la pr\u00f3xima reuni\u00f3n plenaria de la Comisi\u00f3n Arizona-M\u00e9xico, que se celebrar\u00e1 los En Sonora en Equipo publicamos toda la informaci\u00f3n de Sonora, M\u00e9xico y el Mundo de manera oportuna y busca que la libertad de expresi\u00f3n sea real. Visita nuestro medio informativo publicado desde Hermosillo, Sonora. %\" \/>\n<meta property=\"og:url\" content=\"https:\/\/www.sonoraenequipo.com.mx\/encabezaran-gobernadores-durazo-y-hobbs-plenaria-arizona-mexico-en-phoenix\/\" \/>\n<meta property=\"og:site_name\" content=\"Sonora en Equipo.\" \/>\n<meta property=\"article:publisher\" content=\"https:\/\/www.facebook.com\/SonoraEE\/\" \/>\n<meta property=\"article:author\" content=\"https:\/\/www.facebook.com\/SonoraEE\" \/>\n<meta property=\"article:published_time\" content=\"2025-06-18T02:43:54+00:00\" \/>\n<meta property=\"og:image\" content=\"https:\/\/www.sonoraenequipo.com.mx\/storage\/2025\/06\/durazo-y-hobbs.jpg\" \/>\n\t<meta property=\"og:image:width\" content=\"600\" \/>\n\t<meta property=\"og:image:height\" content=\"400\" \/>\n\t<meta property=\"og:image:type\" content=\"image\/jpeg\" \/>\n<meta name=\"author\" content=\"enequipo\" \/>\n<meta name=\"twitter:card\" content=\"summary_large_image\" \/>\n<meta name=\"twitter:creator\" content=\"@sonoraenequipo\" \/>\n<meta name=\"twitter:site\" content=\"@sonoraenequipo\" \/>\n<meta name=\"twitter:label1\" content=\"Escrito por\" \/>\n\t<meta name=\"twitter:data1\" content=\"enequipo\" \/>\n\t<meta name=\"twitter:label2\" content=\"Tiempo de lectura\" \/>\n\t<meta name=\"twitter:data2\" content=\"1 minuto\" \/>\n<script type=\"application\/ld+json\" class=\"yoast-schema-graph\">{\"@context\":\"https:\/\/schema.org\",\"@graph\":[{\"@type\":\"Article\",\"@id\":\"https:\/\/www.sonoraenequipo.com.mx\/encabezaran-gobernadores-durazo-y-hobbs-plenaria-arizona-mexico-en-phoenix\/#article\",\"isPartOf\":{\"@id\":\"https:\/\/www.sonoraenequipo.com.mx\/encabezaran-gobernadores-durazo-y-hobbs-plenaria-arizona-mexico-en-phoenix\/\"},\"author\":{\"name\":\"enequipo\",\"@id\":\"https:\/\/www.sonoraenequipo.com.mx\/#\/schema\/person\/50102df0fb23a8fa9e8effad8fa81386\"},\"headline\":\"Encabezar\u00e1n Gobernadores Durazo y Hobbs plenaria Arizona-M\u00e9xico en Phoenix\",\"datePublished\":\"2025-06-18T02:43:54+00:00\",\"mainEntityOfPage\":{\"@id\":\"https:\/\/www.sonoraenequipo.com.mx\/encabezaran-gobernadores-durazo-y-hobbs-plenaria-arizona-mexico-en-phoenix\/\"},\"wordCount\":253,\"commentCount\":0,\"publisher\":{\"@id\":\"https:\/\/www.sonoraenequipo.com.mx\/#organization\"},\"image\":{\"@id\":\"https:\/\/www.sonoraenequipo.com.mx\/encabezaran-gobernadores-durazo-y-hobbs-plenaria-arizona-mexico-en-phoenix\/#primaryimage\"},\"thumbnailUrl\":\"https:\/\/www.sonoraenequipo.com.mx\/storage\/2025\/06\/durazo-y-hobbs.jpg\",\"keywords\":[\"comision Arizona M\u00e9xico\"],\"articleSection\":[\"Sonora\"],\"inLanguage\":\"es\",\"potentialAction\":[{\"@type\":\"CommentAction\",\"name\":\"Comment\",\"target\":[\"https:\/\/www.sonoraenequipo.com.mx\/encabezaran-gobernadores-durazo-y-hobbs-plenaria-arizona-mexico-en-phoenix\/#respond\"]}]},{\"@type\":\"WebPage\",\"@id\":\"https:\/\/www.sonoraenequipo.com.mx\/encabezaran-gobernadores-durazo-y-hobbs-plenaria-arizona-mexico-en-phoenix\/\",\"url\":\"https:\/\/www.sonoraenequipo.com.mx\/encabezaran-gobernadores-durazo-y-hobbs-plenaria-arizona-mexico-en-phoenix\/\",\"name\":\"Sonora en Equipo. Encabezar\u00e1n Gobernadores Durazo y Hobbs plenaria Arizona-M\u00e9xico en Phoenix Sonora\",\"isPartOf\":{\"@id\":\"https:\/\/www.sonoraenequipo.com.mx\/#website\"},\"primaryImageOfPage\":{\"@id\":\"https:\/\/www.sonoraenequipo.com.mx\/encabezaran-gobernadores-durazo-y-hobbs-plenaria-arizona-mexico-en-phoenix\/#primaryimage\"},\"image\":{\"@id\":\"https:\/\/www.sonoraenequipo.com.mx\/encabezaran-gobernadores-durazo-y-hobbs-plenaria-arizona-mexico-en-phoenix\/#primaryimage\"},\"thumbnailUrl\":\"https:\/\/www.sonoraenequipo.com.mx\/storage\/2025\/06\/durazo-y-hobbs.jpg\",\"datePublished\":\"2025-06-18T02:43:54+00:00\",\"description\":\"HERMOSILLO, SONORA, MX. \u2014 El Gobierno de Sonora alista su participaci\u00f3n en la pr\u00f3xima reuni\u00f3n plenaria de la Comisi\u00f3n Arizona-M\u00e9xico, que se celebrar\u00e1 los En Sonora en Equipo publicamos toda la informaci\u00f3n de Sonora, M\u00e9xico y el Mundo de manera oportuna y busca que la libertad de expresi\u00f3n sea real. Visita nuestro medio informativo publicado desde Hermosillo, Sonora. %\",\"breadcrumb\":{\"@id\":\"https:\/\/www.sonoraenequipo.com.mx\/encabezaran-gobernadores-durazo-y-hobbs-plenaria-arizona-mexico-en-phoenix\/#breadcrumb\"},\"inLanguage\":\"es\",\"potentialAction\":[{\"@type\":\"ReadAction\",\"target\":[\"https:\/\/www.sonoraenequipo.com.mx\/encabezaran-gobernadores-durazo-y-hobbs-plenaria-arizona-mexico-en-phoenix\/\"]}]},{\"@type\":\"ImageObject\",\"inLanguage\":\"es\",\"@id\":\"https:\/\/www.sonoraenequipo.com.mx\/encabezaran-gobernadores-durazo-y-hobbs-plenaria-arizona-mexico-en-phoenix\/#primaryimage\",\"url\":\"https:\/\/www.sonoraenequipo.com.mx\/storage\/2025\/06\/durazo-y-hobbs.jpg\",\"contentUrl\":\"https:\/\/www.sonoraenequipo.com.mx\/storage\/2025\/06\/durazo-y-hobbs.jpg\",\"width\":600,\"height\":400,\"caption\":\"Alfonso Durazo y Katie Hobbs\"},{\"@type\":\"BreadcrumbList\",\"@id\":\"https:\/\/www.sonoraenequipo.com.mx\/encabezaran-gobernadores-durazo-y-hobbs-plenaria-arizona-mexico-en-phoenix\/#breadcrumb\",\"itemListElement\":[{\"@type\":\"ListItem\",\"position\":1,\"name\":\"Portada\",\"item\":\"https:\/\/www.sonoraenequipo.com.mx\/\"},{\"@type\":\"ListItem\",\"position\":2,\"name\":\"Encabezar\u00e1n Gobernadores Durazo y Hobbs plenaria Arizona-M\u00e9xico en Phoenix\"}]},{\"@type\":\"WebSite\",\"@id\":\"https:\/\/www.sonoraenequipo.com.mx\/#website\",\"url\":\"https:\/\/www.sonoraenequipo.com.mx\/\",\"name\":\"Sonora en Equipo.\",\"description\":\"Diario en l\u00ednea con Noticias desde Hermosillo, Sonora\",\"publisher\":{\"@id\":\"https:\/\/www.sonoraenequipo.com.mx\/#organization\"},\"potentialAction\":[{\"@type\":\"SearchAction\",\"target\":{\"@type\":\"EntryPoint\",\"urlTemplate\":\"https:\/\/www.sonoraenequipo.com.mx\/?s={search_term_string}\"},\"query-input\":{\"@type\":\"PropertyValueSpecification\",\"valueRequired\":true,\"valueName\":\"search_term_string\"}}],\"inLanguage\":\"es\"},{\"@type\":\"Organization\",\"@id\":\"https:\/\/www.sonoraenequipo.com.mx\/#organization\",\"name\":\"Sonoraenequipo.com.mx\",\"url\":\"https:\/\/www.sonoraenequipo.com.mx\/\",\"logo\":{\"@type\":\"ImageObject\",\"inLanguage\":\"es\",\"@id\":\"https:\/\/www.sonoraenequipo.com.mx\/#\/schema\/logo\/image\/\",\"url\":\"https:\/\/www.sonoraenequipo.com.mx\/storage\/2019\/01\/sonoraenequipo_opt.png\",\"contentUrl\":\"https:\/\/www.sonoraenequipo.com.mx\/storage\/2019\/01\/sonoraenequipo_opt.png\",\"width\":375,\"height\":125,\"caption\":\"Sonoraenequipo.com.mx\"},\"image\":{\"@id\":\"https:\/\/www.sonoraenequipo.com.mx\/#\/schema\/logo\/image\/\"},\"sameAs\":[\"https:\/\/www.facebook.com\/SonoraEE\/\",\"https:\/\/x.com\/sonoraenequipo\",\"https:\/\/www.youtube.com\/channel\/UC338nW-lPEYmJQs4ZABQ1SQ\"]},{\"@type\":\"Person\",\"@id\":\"https:\/\/www.sonoraenequipo.com.mx\/#\/schema\/person\/50102df0fb23a8fa9e8effad8fa81386\",\"name\":\"enequipo\",\"image\":{\"@type\":\"ImageObject\",\"inLanguage\":\"es\",\"@id\":\"https:\/\/www.sonoraenequipo.com.mx\/#\/schema\/person\/image\/\",\"url\":\"https:\/\/secure.gravatar.com\/avatar\/049821681b589dabc0bc20695993ccebb09f5b5d4d790cd9251b97faac7c652b?s=96&d=blank&r=g\",\"contentUrl\":\"https:\/\/secure.gravatar.com\/avatar\/049821681b589dabc0bc20695993ccebb09f5b5d4d790cd9251b97faac7c652b?s=96&d=blank&r=g\",\"caption\":\"enequipo\"},\"sameAs\":[\"https:\/\/www.facebook.com\/SonoraEE\"]}]}<\/script>\n ","yoast_head_json":{"title":"Sonora en Equipo. Encabezar\u00e1n Gobernadores Durazo y Hobbs plenaria Arizona-M\u00e9xico en Phoenix Sonora","description":"HERMOSILLO, SONORA, MX. \u2014 El Gobierno de Sonora alista su participaci\u00f3n en la pr\u00f3xima reuni\u00f3n plenaria de la Comisi\u00f3n Arizona-M\u00e9xico, que se celebrar\u00e1 los En Sonora en Equipo publicamos toda la informaci\u00f3n de Sonora, M\u00e9xico y el Mundo de manera oportuna y busca que la libertad de expresi\u00f3n sea real. Visita nuestro medio informativo publicado desde Hermosillo, Sonora. %","robots":{"index":"index","follow":"follow","max-snippet":"max-snippet:-1","max-image-preview":"max-image-preview:large","max-video-preview":"max-video-preview:-1"},"canonical":"https:\/\/www.sonoraenequipo.com.mx\/encabezaran-gobernadores-durazo-y-hobbs-plenaria-arizona-mexico-en-phoenix\/","og_locale":"es_ES","og_type":"article","og_title":"Sonora en Equipo. Encabezar\u00e1n Gobernadores Durazo y Hobbs plenaria Arizona-M\u00e9xico en Phoenix Sonora","og_description":"HERMOSILLO, SONORA, MX. \u2014 El Gobierno de Sonora alista su participaci\u00f3n en la pr\u00f3xima reuni\u00f3n plenaria de la Comisi\u00f3n Arizona-M\u00e9xico, que se celebrar\u00e1 los En Sonora en Equipo publicamos toda la informaci\u00f3n de Sonora, M\u00e9xico y el Mundo de manera oportuna y busca que la libertad de expresi\u00f3n sea real. Visita nuestro medio informativo publicado desde Hermosillo, Sonora. %","og_url":"https:\/\/www.sonoraenequipo.com.mx\/encabezaran-gobernadores-durazo-y-hobbs-plenaria-arizona-mexico-en-phoenix\/","og_site_name":"Sonora en Equipo.","article_publisher":"https:\/\/www.facebook.com\/SonoraEE\/","article_author":"https:\/\/www.facebook.com\/SonoraEE","article_published_time":"2025-06-18T02:43:54+00:00","og_image":[{"width":600,"height":400,"url":"https:\/\/www.sonoraenequipo.com.mx\/storage\/2025\/06\/durazo-y-hobbs.jpg","type":"image\/jpeg"}],"author":"enequipo","twitter_card":"summary_large_image","twitter_creator":"@sonoraenequipo","twitter_site":"@sonoraenequipo","twitter_misc":{"Escrito por":"enequipo","Tiempo de lectura":"1 minuto"},"schema":{"@context":"https:\/\/schema.org","@graph":[{"@type":"Article","@id":"https:\/\/www.sonoraenequipo.com.mx\/encabezaran-gobernadores-durazo-y-hobbs-plenaria-arizona-mexico-en-phoenix\/#article","isPartOf":{"@id":"https:\/\/www.sonoraenequipo.com.mx\/encabezaran-gobernadores-durazo-y-hobbs-plenaria-arizona-mexico-en-phoenix\/"},"author":{"name":"enequipo","@id":"https:\/\/www.sonoraenequipo.com.mx\/#\/schema\/person\/50102df0fb23a8fa9e8effad8fa81386"},"headline":"Encabezar\u00e1n Gobernadores Durazo y Hobbs plenaria Arizona-M\u00e9xico en Phoenix","datePublished":"2025-06-18T02:43:54+00:00","mainEntityOfPage":{"@id":"https:\/\/www.sonoraenequipo.com.mx\/encabezaran-gobernadores-durazo-y-hobbs-plenaria-arizona-mexico-en-phoenix\/"},"wordCount":253,"commentCount":0,"publisher":{"@id":"https:\/\/www.sonoraenequipo.com.mx\/#organization"},"image":{"@id":"https:\/\/www.sonoraenequipo.com.mx\/encabezaran-gobernadores-durazo-y-hobbs-plenaria-arizona-mexico-en-phoenix\/#primaryimage"},"thumbnailUrl":"https:\/\/www.sonoraenequipo.com.mx\/storage\/2025\/06\/durazo-y-hobbs.jpg","keywords":["comision Arizona M\u00e9xico"],"articleSection":["Sonora"],"inLanguage":"es","potentialAction":[{"@type":"CommentAction","name":"Comment","target":["https:\/\/www.sonoraenequipo.com.mx\/encabezaran-gobernadores-durazo-y-hobbs-plenaria-arizona-mexico-en-phoenix\/#respond"]}]},{"@type":"WebPage","@id":"https:\/\/www.sonoraenequipo.com.mx\/encabezaran-gobernadores-durazo-y-hobbs-plenaria-arizona-mexico-en-phoenix\/","url":"https:\/\/www.sonoraenequipo.com.mx\/encabezaran-gobernadores-durazo-y-hobbs-plenaria-arizona-mexico-en-phoenix\/","name":"Sonora en Equipo. Encabezar\u00e1n Gobernadores Durazo y Hobbs plenaria Arizona-M\u00e9xico en Phoenix Sonora","isPartOf":{"@id":"https:\/\/www.sonoraenequipo.com.mx\/#website"},"primaryImageOfPage":{"@id":"https:\/\/www.sonoraenequipo.com.mx\/encabezaran-gobernadores-durazo-y-hobbs-plenaria-arizona-mexico-en-phoenix\/#primaryimage"},"image":{"@id":"https:\/\/www.sonoraenequipo.com.mx\/encabezaran-gobernadores-durazo-y-hobbs-plenaria-arizona-mexico-en-phoenix\/#primaryimage"},"thumbnailUrl":"https:\/\/www.sonoraenequipo.com.mx\/storage\/2025\/06\/durazo-y-hobbs.jpg","datePublished":"2025-06-18T02:43:54+00:00","description":"HERMOSILLO, SONORA, MX. \u2014 El Gobierno de Sonora alista su participaci\u00f3n en la pr\u00f3xima reuni\u00f3n plenaria de la Comisi\u00f3n Arizona-M\u00e9xico, que se celebrar\u00e1 los En Sonora en Equipo publicamos toda la informaci\u00f3n de Sonora, M\u00e9xico y el Mundo de manera oportuna y busca que la libertad de expresi\u00f3n sea real. Visita nuestro medio informativo publicado desde Hermosillo, Sonora. %","breadcrumb":{"@id":"https:\/\/www.sonoraenequipo.com.mx\/encabezaran-gobernadores-durazo-y-hobbs-plenaria-arizona-mexico-en-phoenix\/#breadcrumb"},"inLanguage":"es","potentialAction":[{"@type":"ReadAction","target":["https:\/\/www.sonoraenequipo.com.mx\/encabezaran-gobernadores-durazo-y-hobbs-plenaria-arizona-mexico-en-phoenix\/"]}]},{"@type":"ImageObject","inLanguage":"es","@id":"https:\/\/www.sonoraenequipo.com.mx\/encabezaran-gobernadores-durazo-y-hobbs-plenaria-arizona-mexico-en-phoenix\/#primaryimage","url":"https:\/\/www.sonoraenequipo.com.mx\/storage\/2025\/06\/durazo-y-hobbs.jpg","contentUrl":"https:\/\/www.sonoraenequipo.com.mx\/storage\/2025\/06\/durazo-y-hobbs.jpg","width":600,"height":400,"caption":"Alfonso Durazo y Katie Hobbs"},{"@type":"BreadcrumbList","@id":"https:\/\/www.sonoraenequipo.com.mx\/encabezaran-gobernadores-durazo-y-hobbs-plenaria-arizona-mexico-en-phoenix\/#breadcrumb","itemListElement":[{"@type":"ListItem","position":1,"name":"Portada","item":"https:\/\/www.sonoraenequipo.com.mx\/"},{"@type":"ListItem","position":2,"name":"Encabezar\u00e1n Gobernadores Durazo y Hobbs plenaria Arizona-M\u00e9xico en Phoenix"}]},{"@type":"WebSite","@id":"https:\/\/www.sonoraenequipo.com.mx\/#website","url":"https:\/\/www.sonoraenequipo.com.mx\/","name":"Sonora en Equipo.","description":"Diario en l\u00ednea con Noticias desde Hermosillo, Sonora","publisher":{"@id":"https:\/\/www.sonoraenequipo.com.mx\/#organization"},"potentialAction":[{"@type":"SearchAction","target":{"@type":"EntryPoint","urlTemplate":"https:\/\/www.sonoraenequipo.com.mx\/?s={search_term_string}"},"query-input":{"@type":"PropertyValueSpecification","valueRequired":true,"valueName":"search_term_string"}}],"inLanguage":"es"},{"@type":"Organization","@id":"https:\/\/www.sonoraenequipo.com.mx\/#organization","name":"Sonoraenequipo.com.mx","url":"https:\/\/www.sonoraenequipo.com.mx\/","logo":{"@type":"ImageObject","inLanguage":"es","@id":"https:\/\/www.sonoraenequipo.com.mx\/#\/schema\/logo\/image\/","url":"https:\/\/www.sonoraenequipo.com.mx\/storage\/2019\/01\/sonoraenequipo_opt.png","contentUrl":"https:\/\/www.sonoraenequipo.com.mx\/storage\/2019\/01\/sonoraenequipo_opt.png","width":375,"height":125,"caption":"Sonoraenequipo.com.mx"},"image":{"@id":"https:\/\/www.sonoraenequipo.com.mx\/#\/schema\/logo\/image\/"},"sameAs":["https:\/\/www.facebook.com\/SonoraEE\/","https:\/\/x.com\/sonoraenequipo","https:\/\/www.youtube.com\/channel\/UC338nW-lPEYmJQs4ZABQ1SQ"]},{"@type":"Person","@id":"https:\/\/www.sonoraenequipo.com.mx\/#\/schema\/person\/50102df0fb23a8fa9e8effad8fa81386","name":"enequipo","image":{"@type":"ImageObject","inLanguage":"es","@id":"https:\/\/www.sonoraenequipo.com.mx\/#\/schema\/person\/image\/","url":"https:\/\/secure.gravatar.com\/avatar\/049821681b589dabc0bc20695993ccebb09f5b5d4d790cd9251b97faac7c652b?s=96&d=blank&r=g","contentUrl":"https:\/\/secure.gravatar.com\/avatar\/049821681b589dabc0bc20695993ccebb09f5b5d4d790cd9251b97faac7c652b?s=96&d=blank&r=g","caption":"enequipo"},"sameAs":["https:\/\/www.facebook.com\/SonoraEE"]}]}},"jetpack_featured_media_url":"https:\/\/www.sonoraenequipo.com.mx\/storage\/2025\/06\/durazo-y-hobbs.jpg","_links":{"self":[{"href":"https:\/\/www.sonoraenequipo.com.mx\/api\/wp\/v2\/posts\/217971","targetHints":{"allow":["GET"]}}],"collection":[{"href":"https:\/\/www.sonoraenequipo.com.mx\/api\/wp\/v2\/posts"}],"about":[{"href":"https:\/\/www.sonoraenequipo.com.mx\/api\/wp\/v2\/types\/post"}],"author":[{"embeddable":true,"href":"https:\/\/www.sonoraenequipo.com.mx\/api\/wp\/v2\/users\/1"}],"replies":[{"embeddable":true,"href":"https:\/\/www.sonoraenequipo.com.mx\/api\/wp\/v2\/comments?post=217971"}],"version-history":[{"count":1,"href":"https:\/\/www.sonoraenequipo.com.mx\/api\/wp\/v2\/posts\/217971\/revisions"}],"predecessor-version":[{"id":217973,"href":"https:\/\/www.sonoraenequipo.com.mx\/api\/wp\/v2\/posts\/217971\/revisions\/217973"}],"wp:featuredmedia":[{"embeddable":true,"href":"https:\/\/www.sonoraenequipo.com.mx\/api\/wp\/v2\/media\/217972"}],"wp:attachment":[{"href":"https:\/\/www.sonoraenequipo.com.mx\/api\/wp\/v2\/media?parent=217971"}],"wp:term":[{"taxonomy":"category","embeddable":true,"href":"https:\/\/www.sonoraenequipo.com.mx\/api\/wp\/v2\/categories?post=217971"},{"taxonomy":"post_tag","embeddable":true,"href":"https:\/\/www.sonoraenequipo.com.mx\/api\/wp\/v2\/tags?post=217971"}],"curies":[{"name":"wp","href":"https:\/\/api.w.org\/{rel}","templated":true}]}}