{"id":217974,"date":"2025-06-17T19:55:41","date_gmt":"2025-06-18T02:55:41","guid":{"rendered":"https:\/\/www.sonoraenequipo.com.mx\/?p=217974"},"modified":"2025-06-17T19:55:41","modified_gmt":"2025-06-18T02:55:41","slug":"lanza-ayuntamiento-de-hermosillo-programa-verano-creativo","status":"publish","type":"post","link":"https:\/\/www.sonoraenequipo.com.mx\/lanza-ayuntamiento-de-hermosillo-programa-verano-creativo\/","title":{"rendered":"Lanza Ayuntamiento de Hermosillo programa Verano Creativo"},"content":{"rendered":"<p><strong>HERMOSILLO, SONORA, MX.<\/strong> \u2014 Un Verano Creativo lleno de diversi\u00f3n, arte y sorpresas est\u00e1 por iniciar para ni\u00f1as, ni\u00f1os y adultos mayores, inform\u00f3 el Ayuntamiento de Hermosillo, a trav\u00e9s del Instituto Municipal de Cultura y Arte (IMCA) durante la presentaci\u00f3n del programa de esta edici\u00f3n que contar\u00e1 con una amplia oferta de actividades art\u00edsticas y formativas durante junio, julio y agosto.<\/p>\n<p>&nbsp;<\/p>\n<p>Marianna Gonz\u00e1lez Gast\u00e9lum; directora general del Instituto Municipal de Cultura y Arte (IMCA) anunci\u00f3 el programa que contempla m\u00e1s de 90 actividades que buscan fomentar la participaci\u00f3n cultural y art\u00edstica de ni\u00f1as, ni\u00f1os, adolescentes y personas adultas durante el periodo vacacional.<\/p>\n<p>&nbsp;<\/p>\n<p>El programa se conforma por el Campamento de Verano 2025, los talleres de Lectura Creativa en la Red de Bibliotecas P\u00fablicas Municipales y talleres en Casa de Abuelos, en coordinaci\u00f3n con DIF Hermosillo.<\/p>\n<p>&nbsp;<\/p>\n<p>\u201cYo quisiera platicarles de la novedad de este a\u00f1o, hemos preparado una serie de talleres creativos de diferentes disciplinas art\u00edsticas que creemos importante impulsar como las artes visuales con actividades de reciclaje, collage, pintura, m\u00fasica, literatura, expresi\u00f3n art\u00edstica y danza\u201d, agreg\u00f3 Marianna Gonz\u00e1lez Gast\u00e9lum.<\/p>\n<p>&nbsp;<\/p>\n<p>El Campamento de Verano 2025 se dividir\u00e1 en tres grupos, cuya agenda de actividades abarca del 7 de julio al 22 de agosto para ni\u00f1as y ni\u00f1os de 7 a 12 a\u00f1os con actividades como pintura, literatura, expresi\u00f3n art\u00edstica, m\u00fasica y danza y una cuota de recuperaci\u00f3n de 100 pesos.<\/p>\n<p>&nbsp;<\/p>\n<p>Entre los talleres que se impartir\u00e1n destacan Collage, Creciendo Con Ritmo (hip hop para ni\u00f1as y ni\u00f1os), Arte y Creatividad, Reciclaje; Lectura y An\u00e1lisis de Cuentos, Taller de T\u00edteres, Taller Date La Machincuepa; Uno es Puro Cuento, Taller de Percusiones, entre otros.<\/p>\n<p>&nbsp;<\/p>\n<p>Por su parte, Czarina Olo\u00f1o Morales, subdirectora de Patrimonio y Bibliotecas, present\u00f3 los talleres de Lectura Creativa que se impartir\u00e1n en la Red de Bibliotecas P\u00fablicas Municipales en el marco de Verano Creativo y Mis Vacaciones en la Biblioteca, como Huateque de Palabras y Garabatos; Factor Sorpresa; El \u00c1rbol Generoso y Chapaquita, por mencionar algunos.<\/p>\n<p>&nbsp;<\/p>\n<p>\u201cEstas actividades se hacen con el objetivo de fomentar la lectura de ni\u00f1as y ni\u00f1os hermosillenses de la zona urbana y rural. Aqu\u00ed las ni\u00f1as y ni\u00f1os podr\u00e1n realizar actividades de expresi\u00f3n art\u00edstica, siempre basadas en temas literarios, todas las actividades son basadas en la lectura\u201d, detall\u00f3.<\/p>\n<p>&nbsp;<\/p>\n<p>Tambi\u00e9n, Victoria Montes de Oca Tapia, subdirectora de Capacitaci\u00f3n y Talleres, dio a conocer los talleres en la Casa de Abuelos de DIF Hermosillo, dirigidos a personas adultas mayores como: Escuchar El Cuerpo, Larga Danza y Coro Para Adultos Mayores.<\/p>\n<p>&nbsp;<\/p>\n<p>Las inscripciones ya est\u00e1n abiertas en las instalaciones del IMCA ubicadas en la calle Dr. Aguilar #33 en la colonia Centenario, de lunes a viernes en un horario de 8:00 am a 3:00 pm. Es necesario acudir con identificaci\u00f3n oficial por parte de los padres o tutores, llenar un formato y leer el reglamento.<\/p>\n<p>&nbsp;<\/p>\n<p>El programa completo puede consultarse en el sitio web http:\/\/imca.hermosillo.gob.mx y en las redes sociales oficiales del Instituto Municipal de Cultura y Arte y del Ayuntamiento de Hermosillo.<\/p>\n<p><strong>Fecha de publicaci\u00f3n martes 17 de junio de 2025<\/strong><\/p>\n","protected":false},"excerpt":{"rendered":"<p>HERMOSILLO, SONORA, MX. \u2014 Un Verano Creativo lleno de diversi\u00f3n, arte y sorpresas est\u00e1 por&#8230;<\/p>\n","protected":false},"author":1,"featured_media":217975,"comment_status":"open","ping_status":"open","sticky":false,"template":"","format":"standard","meta":{"_monsterinsights_skip_tracking":false,"_monsterinsights_sitenote_active":false,"_monsterinsights_sitenote_note":"","_monsterinsights_sitenote_category":0,"footnotes":""},"categories":[4],"tags":[11380],"class_list":["post"],"yoast_head":" \n<title>Sonora en Equipo. Lanza Ayuntamiento de Hermosillo programa Verano Creativo Municipios<\/title>\n<meta name=\"description\" content=\"HERMOSILLO, SONORA, MX. \u2014 Un Verano Creativo lleno de diversi\u00f3n, arte y sorpresas est\u00e1 por iniciar para ni\u00f1as, ni\u00f1os y adultos mayores, inform\u00f3 el En Sonora en Equipo publicamos toda la informaci\u00f3n de Sonora, M\u00e9xico y el Mundo de manera oportuna y busca que la libertad de expresi\u00f3n sea real. Visita nuestro medio informativo publicado desde Hermosillo, Sonora. %\" \/>\n<meta name=\"robots\" content=\"index, follow, max-snippet:-1, max-image-preview:large, max-video-preview:-1\" \/>\n<link rel=\"canonical\" href=\"https:\/\/www.sonoraenequipo.com.mx\/lanza-ayuntamiento-de-hermosillo-programa-verano-creativo\/\" \/>\n<meta property=\"og:locale\" content=\"es_ES\" \/>\n<meta property=\"og:type\" content=\"article\" \/>\n<meta property=\"og:title\" content=\"Sonora en Equipo. Lanza Ayuntamiento de Hermosillo programa Verano Creativo Municipios\" \/>\n<meta property=\"og:description\" content=\"HERMOSILLO, SONORA, MX. \u2014 Un Verano Creativo lleno de diversi\u00f3n, arte y sorpresas est\u00e1 por iniciar para ni\u00f1as, ni\u00f1os y adultos mayores, inform\u00f3 el En Sonora en Equipo publicamos toda la informaci\u00f3n de Sonora, M\u00e9xico y el Mundo de manera oportuna y busca que la libertad de expresi\u00f3n sea real. Visita nuestro medio informativo publicado desde Hermosillo, Sonora. %\" \/>\n<meta property=\"og:url\" content=\"https:\/\/www.sonoraenequipo.com.mx\/lanza-ayuntamiento-de-hermosillo-programa-verano-creativo\/\" \/>\n<meta property=\"og:site_name\" content=\"Sonora en Equipo.\" \/>\n<meta property=\"article:publisher\" content=\"https:\/\/www.facebook.com\/SonoraEE\/\" \/>\n<meta property=\"article:author\" content=\"https:\/\/www.facebook.com\/SonoraEE\" \/>\n<meta property=\"article:published_time\" content=\"2025-06-18T02:55:41+00:00\" \/>\n<meta property=\"og:image\" content=\"https:\/\/www.sonoraenequipo.com.mx\/storage\/2025\/06\/verano-creativo.jpg\" \/>\n\t<meta property=\"og:image:width\" content=\"600\" \/>\n\t<meta property=\"og:image:height\" content=\"400\" \/>\n\t<meta property=\"og:image:type\" content=\"image\/jpeg\" \/>\n<meta name=\"author\" content=\"enequipo\" \/>\n<meta name=\"twitter:card\" content=\"summary_large_image\" \/>\n<meta name=\"twitter:creator\" content=\"@sonoraenequipo\" \/>\n<meta name=\"twitter:site\" content=\"@sonoraenequipo\" \/>\n<meta name=\"twitter:label1\" content=\"Escrito por\" \/>\n\t<meta name=\"twitter:data1\" content=\"enequipo\" \/>\n\t<meta name=\"twitter:label2\" content=\"Tiempo de lectura\" \/>\n\t<meta name=\"twitter:data2\" content=\"3 minutos\" \/>\n<script type=\"application\/ld+json\" class=\"yoast-schema-graph\">{\"@context\":\"https:\/\/schema.org\",\"@graph\":[{\"@type\":\"Article\",\"@id\":\"https:\/\/www.sonoraenequipo.com.mx\/lanza-ayuntamiento-de-hermosillo-programa-verano-creativo\/#article\",\"isPartOf\":{\"@id\":\"https:\/\/www.sonoraenequipo.com.mx\/lanza-ayuntamiento-de-hermosillo-programa-verano-creativo\/\"},\"author\":{\"name\":\"enequipo\",\"@id\":\"https:\/\/www.sonoraenequipo.com.mx\/#\/schema\/person\/50102df0fb23a8fa9e8effad8fa81386\"},\"headline\":\"Lanza Ayuntamiento de Hermosillo programa Verano Creativo\",\"datePublished\":\"2025-06-18T02:55:41+00:00\",\"mainEntityOfPage\":{\"@id\":\"https:\/\/www.sonoraenequipo.com.mx\/lanza-ayuntamiento-de-hermosillo-programa-verano-creativo\/\"},\"wordCount\":561,\"commentCount\":0,\"publisher\":{\"@id\":\"https:\/\/www.sonoraenequipo.com.mx\/#organization\"},\"image\":{\"@id\":\"https:\/\/www.sonoraenequipo.com.mx\/lanza-ayuntamiento-de-hermosillo-programa-verano-creativo\/#primaryimage\"},\"thumbnailUrl\":\"https:\/\/www.sonoraenequipo.com.mx\/storage\/2025\/06\/verano-creativo.jpg\",\"keywords\":[\"verano creativo\"],\"articleSection\":[\"Municipios\"],\"inLanguage\":\"es\",\"potentialAction\":[{\"@type\":\"CommentAction\",\"name\":\"Comment\",\"target\":[\"https:\/\/www.sonoraenequipo.com.mx\/lanza-ayuntamiento-de-hermosillo-programa-verano-creativo\/#respond\"]}]},{\"@type\":\"WebPage\",\"@id\":\"https:\/\/www.sonoraenequipo.com.mx\/lanza-ayuntamiento-de-hermosillo-programa-verano-creativo\/\",\"url\":\"https:\/\/www.sonoraenequipo.com.mx\/lanza-ayuntamiento-de-hermosillo-programa-verano-creativo\/\",\"name\":\"Sonora en Equipo. Lanza Ayuntamiento de Hermosillo programa Verano Creativo Municipios\",\"isPartOf\":{\"@id\":\"https:\/\/www.sonoraenequipo.com.mx\/#website\"},\"primaryImageOfPage\":{\"@id\":\"https:\/\/www.sonoraenequipo.com.mx\/lanza-ayuntamiento-de-hermosillo-programa-verano-creativo\/#primaryimage\"},\"image\":{\"@id\":\"https:\/\/www.sonoraenequipo.com.mx\/lanza-ayuntamiento-de-hermosillo-programa-verano-creativo\/#primaryimage\"},\"thumbnailUrl\":\"https:\/\/www.sonoraenequipo.com.mx\/storage\/2025\/06\/verano-creativo.jpg\",\"datePublished\":\"2025-06-18T02:55:41+00:00\",\"description\":\"HERMOSILLO, SONORA, MX. \u2014 Un Verano Creativo lleno de diversi\u00f3n, arte y sorpresas est\u00e1 por iniciar para ni\u00f1as, ni\u00f1os y adultos mayores, inform\u00f3 el En Sonora en Equipo publicamos toda la informaci\u00f3n de Sonora, M\u00e9xico y el Mundo de manera oportuna y busca que la libertad de expresi\u00f3n sea real. Visita nuestro medio informativo publicado desde Hermosillo, Sonora. %\",\"breadcrumb\":{\"@id\":\"https:\/\/www.sonoraenequipo.com.mx\/lanza-ayuntamiento-de-hermosillo-programa-verano-creativo\/#breadcrumb\"},\"inLanguage\":\"es\",\"potentialAction\":[{\"@type\":\"ReadAction\",\"target\":[\"https:\/\/www.sonoraenequipo.com.mx\/lanza-ayuntamiento-de-hermosillo-programa-verano-creativo\/\"]}]},{\"@type\":\"ImageObject\",\"inLanguage\":\"es\",\"@id\":\"https:\/\/www.sonoraenequipo.com.mx\/lanza-ayuntamiento-de-hermosillo-programa-verano-creativo\/#primaryimage\",\"url\":\"https:\/\/www.sonoraenequipo.com.mx\/storage\/2025\/06\/verano-creativo.jpg\",\"contentUrl\":\"https:\/\/www.sonoraenequipo.com.mx\/storage\/2025\/06\/verano-creativo.jpg\",\"width\":600,\"height\":400},{\"@type\":\"BreadcrumbList\",\"@id\":\"https:\/\/www.sonoraenequipo.com.mx\/lanza-ayuntamiento-de-hermosillo-programa-verano-creativo\/#breadcrumb\",\"itemListElement\":[{\"@type\":\"ListItem\",\"position\":1,\"name\":\"Portada\",\"item\":\"https:\/\/www.sonoraenequipo.com.mx\/\"},{\"@type\":\"ListItem\",\"position\":2,\"name\":\"Lanza Ayuntamiento de Hermosillo programa Verano Creativo\"}]},{\"@type\":\"WebSite\",\"@id\":\"https:\/\/www.sonoraenequipo.com.mx\/#website\",\"url\":\"https:\/\/www.sonoraenequipo.com.mx\/\",\"name\":\"Sonora en Equipo.\",\"description\":\"Diario en l\u00ednea con Noticias desde Hermosillo, Sonora\",\"publisher\":{\"@id\":\"https:\/\/www.sonoraenequipo.com.mx\/#organization\"},\"potentialAction\":[{\"@type\":\"SearchAction\",\"target\":{\"@type\":\"EntryPoint\",\"urlTemplate\":\"https:\/\/www.sonoraenequipo.com.mx\/?s={search_term_string}\"},\"query-input\":{\"@type\":\"PropertyValueSpecification\",\"valueRequired\":true,\"valueName\":\"search_term_string\"}}],\"inLanguage\":\"es\"},{\"@type\":\"Organization\",\"@id\":\"https:\/\/www.sonoraenequipo.com.mx\/#organization\",\"name\":\"Sonoraenequipo.com.mx\",\"url\":\"https:\/\/www.sonoraenequipo.com.mx\/\",\"logo\":{\"@type\":\"ImageObject\",\"inLanguage\":\"es\",\"@id\":\"https:\/\/www.sonoraenequipo.com.mx\/#\/schema\/logo\/image\/\",\"url\":\"https:\/\/www.sonoraenequipo.com.mx\/storage\/2019\/01\/sonoraenequipo_opt.png\",\"contentUrl\":\"https:\/\/www.sonoraenequipo.com.mx\/storage\/2019\/01\/sonoraenequipo_opt.png\",\"width\":375,\"height\":125,\"caption\":\"Sonoraenequipo.com.mx\"},\"image\":{\"@id\":\"https:\/\/www.sonoraenequipo.com.mx\/#\/schema\/logo\/image\/\"},\"sameAs\":[\"https:\/\/www.facebook.com\/SonoraEE\/\",\"https:\/\/x.com\/sonoraenequipo\",\"https:\/\/www.youtube.com\/channel\/UC338nW-lPEYmJQs4ZABQ1SQ\"]},{\"@type\":\"Person\",\"@id\":\"https:\/\/www.sonoraenequipo.com.mx\/#\/schema\/person\/50102df0fb23a8fa9e8effad8fa81386\",\"name\":\"enequipo\",\"image\":{\"@type\":\"ImageObject\",\"inLanguage\":\"es\",\"@id\":\"https:\/\/www.sonoraenequipo.com.mx\/#\/schema\/person\/image\/\",\"url\":\"https:\/\/secure.gravatar.com\/avatar\/049821681b589dabc0bc20695993ccebb09f5b5d4d790cd9251b97faac7c652b?s=96&d=blank&r=g\",\"contentUrl\":\"https:\/\/secure.gravatar.com\/avatar\/049821681b589dabc0bc20695993ccebb09f5b5d4d790cd9251b97faac7c652b?s=96&d=blank&r=g\",\"caption\":\"enequipo\"},\"sameAs\":[\"https:\/\/www.facebook.com\/SonoraEE\"]}]}<\/script>\n ","yoast_head_json":{"title":"Sonora en Equipo. Lanza Ayuntamiento de Hermosillo programa Verano Creativo Municipios","description":"HERMOSILLO, SONORA, MX. \u2014 Un Verano Creativo lleno de diversi\u00f3n, arte y sorpresas est\u00e1 por iniciar para ni\u00f1as, ni\u00f1os y adultos mayores, inform\u00f3 el En Sonora en Equipo publicamos toda la informaci\u00f3n de Sonora, M\u00e9xico y el Mundo de manera oportuna y busca que la libertad de expresi\u00f3n sea real. Visita nuestro medio informativo publicado desde Hermosillo, Sonora. %","robots":{"index":"index","follow":"follow","max-snippet":"max-snippet:-1","max-image-preview":"max-image-preview:large","max-video-preview":"max-video-preview:-1"},"canonical":"https:\/\/www.sonoraenequipo.com.mx\/lanza-ayuntamiento-de-hermosillo-programa-verano-creativo\/","og_locale":"es_ES","og_type":"article","og_title":"Sonora en Equipo. Lanza Ayuntamiento de Hermosillo programa Verano Creativo Municipios","og_description":"HERMOSILLO, SONORA, MX. \u2014 Un Verano Creativo lleno de diversi\u00f3n, arte y sorpresas est\u00e1 por iniciar para ni\u00f1as, ni\u00f1os y adultos mayores, inform\u00f3 el En Sonora en Equipo publicamos toda la informaci\u00f3n de Sonora, M\u00e9xico y el Mundo de manera oportuna y busca que la libertad de expresi\u00f3n sea real. Visita nuestro medio informativo publicado desde Hermosillo, Sonora. %","og_url":"https:\/\/www.sonoraenequipo.com.mx\/lanza-ayuntamiento-de-hermosillo-programa-verano-creativo\/","og_site_name":"Sonora en Equipo.","article_publisher":"https:\/\/www.facebook.com\/SonoraEE\/","article_author":"https:\/\/www.facebook.com\/SonoraEE","article_published_time":"2025-06-18T02:55:41+00:00","og_image":[{"width":600,"height":400,"url":"https:\/\/www.sonoraenequipo.com.mx\/storage\/2025\/06\/verano-creativo.jpg","type":"image\/jpeg"}],"author":"enequipo","twitter_card":"summary_large_image","twitter_creator":"@sonoraenequipo","twitter_site":"@sonoraenequipo","twitter_misc":{"Escrito por":"enequipo","Tiempo de lectura":"3 minutos"},"schema":{"@context":"https:\/\/schema.org","@graph":[{"@type":"Article","@id":"https:\/\/www.sonoraenequipo.com.mx\/lanza-ayuntamiento-de-hermosillo-programa-verano-creativo\/#article","isPartOf":{"@id":"https:\/\/www.sonoraenequipo.com.mx\/lanza-ayuntamiento-de-hermosillo-programa-verano-creativo\/"},"author":{"name":"enequipo","@id":"https:\/\/www.sonoraenequipo.com.mx\/#\/schema\/person\/50102df0fb23a8fa9e8effad8fa81386"},"headline":"Lanza Ayuntamiento de Hermosillo programa Verano Creativo","datePublished":"2025-06-18T02:55:41+00:00","mainEntityOfPage":{"@id":"https:\/\/www.sonoraenequipo.com.mx\/lanza-ayuntamiento-de-hermosillo-programa-verano-creativo\/"},"wordCount":561,"commentCount":0,"publisher":{"@id":"https:\/\/www.sonoraenequipo.com.mx\/#organization"},"image":{"@id":"https:\/\/www.sonoraenequipo.com.mx\/lanza-ayuntamiento-de-hermosillo-programa-verano-creativo\/#primaryimage"},"thumbnailUrl":"https:\/\/www.sonoraenequipo.com.mx\/storage\/2025\/06\/verano-creativo.jpg","keywords":["verano creativo"],"articleSection":["Municipios"],"inLanguage":"es","potentialAction":[{"@type":"CommentAction","name":"Comment","target":["https:\/\/www.sonoraenequipo.com.mx\/lanza-ayuntamiento-de-hermosillo-programa-verano-creativo\/#respond"]}]},{"@type":"WebPage","@id":"https:\/\/www.sonoraenequipo.com.mx\/lanza-ayuntamiento-de-hermosillo-programa-verano-creativo\/","url":"https:\/\/www.sonoraenequipo.com.mx\/lanza-ayuntamiento-de-hermosillo-programa-verano-creativo\/","name":"Sonora en Equipo. Lanza Ayuntamiento de Hermosillo programa Verano Creativo Municipios","isPartOf":{"@id":"https:\/\/www.sonoraenequipo.com.mx\/#website"},"primaryImageOfPage":{"@id":"https:\/\/www.sonoraenequipo.com.mx\/lanza-ayuntamiento-de-hermosillo-programa-verano-creativo\/#primaryimage"},"image":{"@id":"https:\/\/www.sonoraenequipo.com.mx\/lanza-ayuntamiento-de-hermosillo-programa-verano-creativo\/#primaryimage"},"thumbnailUrl":"https:\/\/www.sonoraenequipo.com.mx\/storage\/2025\/06\/verano-creativo.jpg","datePublished":"2025-06-18T02:55:41+00:00","description":"HERMOSILLO, SONORA, MX. \u2014 Un Verano Creativo lleno de diversi\u00f3n, arte y sorpresas est\u00e1 por iniciar para ni\u00f1as, ni\u00f1os y adultos mayores, inform\u00f3 el En Sonora en Equipo publicamos toda la informaci\u00f3n de Sonora, M\u00e9xico y el Mundo de manera oportuna y busca que la libertad de expresi\u00f3n sea real. Visita nuestro medio informativo publicado desde Hermosillo, Sonora. %","breadcrumb":{"@id":"https:\/\/www.sonoraenequipo.com.mx\/lanza-ayuntamiento-de-hermosillo-programa-verano-creativo\/#breadcrumb"},"inLanguage":"es","potentialAction":[{"@type":"ReadAction","target":["https:\/\/www.sonoraenequipo.com.mx\/lanza-ayuntamiento-de-hermosillo-programa-verano-creativo\/"]}]},{"@type":"ImageObject","inLanguage":"es","@id":"https:\/\/www.sonoraenequipo.com.mx\/lanza-ayuntamiento-de-hermosillo-programa-verano-creativo\/#primaryimage","url":"https:\/\/www.sonoraenequipo.com.mx\/storage\/2025\/06\/verano-creativo.jpg","contentUrl":"https:\/\/www.sonoraenequipo.com.mx\/storage\/2025\/06\/verano-creativo.jpg","width":600,"height":400},{"@type":"BreadcrumbList","@id":"https:\/\/www.sonoraenequipo.com.mx\/lanza-ayuntamiento-de-hermosillo-programa-verano-creativo\/#breadcrumb","itemListElement":[{"@type":"ListItem","position":1,"name":"Portada","item":"https:\/\/www.sonoraenequipo.com.mx\/"},{"@type":"ListItem","position":2,"name":"Lanza Ayuntamiento de Hermosillo programa Verano Creativo"}]},{"@type":"WebSite","@id":"https:\/\/www.sonoraenequipo.com.mx\/#website","url":"https:\/\/www.sonoraenequipo.com.mx\/","name":"Sonora en Equipo.","description":"Diario en l\u00ednea con Noticias desde Hermosillo, Sonora","publisher":{"@id":"https:\/\/www.sonoraenequipo.com.mx\/#organization"},"potentialAction":[{"@type":"SearchAction","target":{"@type":"EntryPoint","urlTemplate":"https:\/\/www.sonoraenequipo.com.mx\/?s={search_term_string}"},"query-input":{"@type":"PropertyValueSpecification","valueRequired":true,"valueName":"search_term_string"}}],"inLanguage":"es"},{"@type":"Organization","@id":"https:\/\/www.sonoraenequipo.com.mx\/#organization","name":"Sonoraenequipo.com.mx","url":"https:\/\/www.sonoraenequipo.com.mx\/","logo":{"@type":"ImageObject","inLanguage":"es","@id":"https:\/\/www.sonoraenequipo.com.mx\/#\/schema\/logo\/image\/","url":"https:\/\/www.sonoraenequipo.com.mx\/storage\/2019\/01\/sonoraenequipo_opt.png","contentUrl":"https:\/\/www.sonoraenequipo.com.mx\/storage\/2019\/01\/sonoraenequipo_opt.png","width":375,"height":125,"caption":"Sonoraenequipo.com.mx"},"image":{"@id":"https:\/\/www.sonoraenequipo.com.mx\/#\/schema\/logo\/image\/"},"sameAs":["https:\/\/www.facebook.com\/SonoraEE\/","https:\/\/x.com\/sonoraenequipo","https:\/\/www.youtube.com\/channel\/UC338nW-lPEYmJQs4ZABQ1SQ"]},{"@type":"Person","@id":"https:\/\/www.sonoraenequipo.com.mx\/#\/schema\/person\/50102df0fb23a8fa9e8effad8fa81386","name":"enequipo","image":{"@type":"ImageObject","inLanguage":"es","@id":"https:\/\/www.sonoraenequipo.com.mx\/#\/schema\/person\/image\/","url":"https:\/\/secure.gravatar.com\/avatar\/049821681b589dabc0bc20695993ccebb09f5b5d4d790cd9251b97faac7c652b?s=96&d=blank&r=g","contentUrl":"https:\/\/secure.gravatar.com\/avatar\/049821681b589dabc0bc20695993ccebb09f5b5d4d790cd9251b97faac7c652b?s=96&d=blank&r=g","caption":"enequipo"},"sameAs":["https:\/\/www.facebook.com\/SonoraEE"]}]}},"jetpack_featured_media_url":"https:\/\/www.sonoraenequipo.com.mx\/storage\/2025\/06\/verano-creativo.jpg","_links":{"self":[{"href":"https:\/\/www.sonoraenequipo.com.mx\/api\/wp\/v2\/posts\/217974","targetHints":{"allow":["GET"]}}],"collection":[{"href":"https:\/\/www.sonoraenequipo.com.mx\/api\/wp\/v2\/posts"}],"about":[{"href":"https:\/\/www.sonoraenequipo.com.mx\/api\/wp\/v2\/types\/post"}],"author":[{"embeddable":true,"href":"https:\/\/www.sonoraenequipo.com.mx\/api\/wp\/v2\/users\/1"}],"replies":[{"embeddable":true,"href":"https:\/\/www.sonoraenequipo.com.mx\/api\/wp\/v2\/comments?post=217974"}],"version-history":[{"count":1,"href":"https:\/\/www.sonoraenequipo.com.mx\/api\/wp\/v2\/posts\/217974\/revisions"}],"predecessor-version":[{"id":217976,"href":"https:\/\/www.sonoraenequipo.com.mx\/api\/wp\/v2\/posts\/217974\/revisions\/217976"}],"wp:featuredmedia":[{"embeddable":true,"href":"https:\/\/www.sonoraenequipo.com.mx\/api\/wp\/v2\/media\/217975"}],"wp:attachment":[{"href":"https:\/\/www.sonoraenequipo.com.mx\/api\/wp\/v2\/media?parent=217974"}],"wp:term":[{"taxonomy":"category","embeddable":true,"href":"https:\/\/www.sonoraenequipo.com.mx\/api\/wp\/v2\/categories?post=217974"},{"taxonomy":"post_tag","embeddable":true,"href":"https:\/\/www.sonoraenequipo.com.mx\/api\/wp\/v2\/tags?post=217974"}],"curies":[{"name":"wp","href":"https:\/\/api.w.org\/{rel}","templated":true}]}}