{"id":217980,"date":"2025-06-18T10:55:16","date_gmt":"2025-06-18T17:55:16","guid":{"rendered":"https:\/\/www.sonoraenequipo.com.mx\/?p=217980"},"modified":"2025-06-18T10:55:16","modified_gmt":"2025-06-18T17:55:16","slug":"tormenta-erick-se-convierte-en-huracan-cerca-de-mexico","status":"publish","type":"post","link":"https:\/\/www.sonoraenequipo.com.mx\/tormenta-erick-se-convierte-en-huracan-cerca-de-mexico\/","title":{"rendered":"Tormenta Erick se convierte en hurac\u00e1n cerca de M\u00e9xico"},"content":{"rendered":"<p>La tormenta tropical Erick se convirti\u00f3 este mi\u00e9rcoles (18.06.2025) en hurac\u00e1n en aguas del Pac\u00edfico cerca de las costas del suroeste de M\u00e9xico, dijo el Centro Nacional de Huracanes de Estados Unidos (NHC).<\/p>\n<p>&nbsp;<\/p>\n<p>El hurac\u00e1n se encuentra a 255 kil\u00f3metros de Puerto \u00c1ngel, en el estado sure\u00f1o de Oaxaca, con vientos m\u00e1ximos sostenidos de 120 kil\u00f3metros por hora, se\u00f1al\u00f3 el centro meteorol\u00f3gico en su \u00faltimo reporte.<\/p>\n<p>&nbsp;<\/p>\n<p>Se espera que Erick sea el primer hurac\u00e1n que toque tierra en M\u00e9xico esta temporada y provocar\u00eda \u00abinundaciones repentinas potencialmente mortales en partes del sur de M\u00e9xico m\u00e1s tarde esta noche y el jueves\u00bb, precis\u00f3 el NHC.<\/p>\n<p>&nbsp;<\/p>\n<p>Erick avanza a 11 kil\u00f3metros por hora en direcci\u00f3n noroeste y se prev\u00e9 que toque tierra en la madrugada del jueves en los l\u00edmites de los estados de Oaxaca y Guerrero. Las autoridades mexicanas esperan fuertes lluvias en los sure\u00f1os estados de Guerrero, Oaxaca y Chiapas, en donde se han habilitado unos 2.000 refugios temporales.<\/p>\n<p>&nbsp;<\/p>\n<p><strong>M\u00e9xico y su ubicaci\u00f3n vulnerable<\/strong><\/p>\n<p>&nbsp;<\/p>\n<p>Por su ubicaci\u00f3n geogr\u00e1fica, M\u00e9xico sufre todos los a\u00f1os el embate de ciclones, tanto en la costa del Pac\u00edfico como en la del Atl\u00e1ntico, normalmente entre mayo y noviembre.<\/p>\n<p>&nbsp;<\/p>\n<p>En octubre de 2023, el puerto de Acapulco fue golpeado por el hurac\u00e1n Otis, que en cuesti\u00f3n de horas cobr\u00f3 fuerza de categor\u00eda 5, m\u00e1xima de la escala Saffir-Simpson, y dej\u00f3 una ola de destrucci\u00f3n, medio centenar de muertos y unos 30 desaparecidos.<\/p>\n<p>&nbsp;<\/p>\n<p>En septiembre de 2024, la costa sur del Pac\u00edfico mexicano fue golpeada en dos ocasiones por John, que lleg\u00f3 a ser categor\u00eda 3 y caus\u00f3 al menos 15 fallecidos, la mayor\u00eda en Acapulco.<\/p>\n<p><strong>Fecha de publicaci\u00f3n mi\u00e9rcoles 18 de junio de 2025\/DW<\/strong><\/p>\n","protected":false},"excerpt":{"rendered":"<p>La tormenta tropical Erick se convirti\u00f3 este mi\u00e9rcoles (18.06.2025) en hurac\u00e1n en aguas del Pac\u00edfico&#8230;<\/p>\n","protected":false},"author":1,"featured_media":217981,"comment_status":"open","ping_status":"open","sticky":false,"template":"","format":"standard","meta":{"_monsterinsights_skip_tracking":false,"_monsterinsights_sitenote_active":false,"_monsterinsights_sitenote_note":"","_monsterinsights_sitenote_category":0,"footnotes":""},"categories":[1],"tags":[8248,29],"class_list":["post"],"yoast_head":" \n<title>Sonora en Equipo. Tormenta Erick se convierte en hurac\u00e1n cerca de M\u00e9xico<\/title>\n<meta name=\"description\" content=\"La tormenta tropical Erick se convirti\u00f3 este mi\u00e9rcoles (18.06.2025) en hurac\u00e1n en aguas del Pac\u00edfico cerca de las costas del suroeste de M\u00e9xico, dijo el En Sonora en Equipo publicamos toda la informaci\u00f3n de Sonora, M\u00e9xico y el Mundo de manera oportuna y busca que la libertad de expresi\u00f3n sea real. Visita nuestro medio informativo publicado desde Hermosillo, Sonora. %\" \/>\n<meta name=\"robots\" content=\"index, follow, max-snippet:-1, max-image-preview:large, max-video-preview:-1\" \/>\n<link rel=\"canonical\" href=\"https:\/\/www.sonoraenequipo.com.mx\/tormenta-erick-se-convierte-en-huracan-cerca-de-mexico\/\" \/>\n<meta property=\"og:locale\" content=\"es_ES\" \/>\n<meta property=\"og:type\" content=\"article\" \/>\n<meta property=\"og:title\" content=\"Sonora en Equipo. Tormenta Erick se convierte en hurac\u00e1n cerca de M\u00e9xico\" \/>\n<meta property=\"og:description\" content=\"La tormenta tropical Erick se convirti\u00f3 este mi\u00e9rcoles (18.06.2025) en hurac\u00e1n en aguas del Pac\u00edfico cerca de las costas del suroeste de M\u00e9xico, dijo el En Sonora en Equipo publicamos toda la informaci\u00f3n de Sonora, M\u00e9xico y el Mundo de manera oportuna y busca que la libertad de expresi\u00f3n sea real. Visita nuestro medio informativo publicado desde Hermosillo, Sonora. %\" \/>\n<meta property=\"og:url\" content=\"https:\/\/www.sonoraenequipo.com.mx\/tormenta-erick-se-convierte-en-huracan-cerca-de-mexico\/\" \/>\n<meta property=\"og:site_name\" content=\"Sonora en Equipo.\" \/>\n<meta property=\"article:publisher\" content=\"https:\/\/www.facebook.com\/SonoraEE\/\" \/>\n<meta property=\"article:author\" content=\"https:\/\/www.facebook.com\/SonoraEE\" \/>\n<meta property=\"article:published_time\" content=\"2025-06-18T17:55:16+00:00\" \/>\n<meta property=\"og:image\" content=\"https:\/\/www.sonoraenequipo.com.mx\/storage\/2025\/06\/huracan-Erick.jpg\" \/>\n\t<meta property=\"og:image:width\" content=\"600\" \/>\n\t<meta property=\"og:image:height\" content=\"400\" \/>\n\t<meta property=\"og:image:type\" content=\"image\/jpeg\" \/>\n<meta name=\"author\" content=\"enequipo\" \/>\n<meta name=\"twitter:card\" content=\"summary_large_image\" \/>\n<meta name=\"twitter:creator\" content=\"@sonoraenequipo\" \/>\n<meta name=\"twitter:site\" content=\"@sonoraenequipo\" \/>\n<meta name=\"twitter:label1\" content=\"Escrito por\" \/>\n\t<meta name=\"twitter:data1\" content=\"enequipo\" \/>\n\t<meta name=\"twitter:label2\" content=\"Tiempo de lectura\" \/>\n\t<meta name=\"twitter:data2\" content=\"2 minutos\" \/>\n<script type=\"application\/ld+json\" class=\"yoast-schema-graph\">{\"@context\":\"https:\/\/schema.org\",\"@graph\":[{\"@type\":\"Article\",\"@id\":\"https:\/\/www.sonoraenequipo.com.mx\/tormenta-erick-se-convierte-en-huracan-cerca-de-mexico\/#article\",\"isPartOf\":{\"@id\":\"https:\/\/www.sonoraenequipo.com.mx\/tormenta-erick-se-convierte-en-huracan-cerca-de-mexico\/\"},\"author\":{\"name\":\"enequipo\",\"@id\":\"https:\/\/www.sonoraenequipo.com.mx\/#\/schema\/person\/50102df0fb23a8fa9e8effad8fa81386\"},\"headline\":\"Tormenta Erick se convierte en hurac\u00e1n cerca de M\u00e9xico\",\"datePublished\":\"2025-06-18T17:55:16+00:00\",\"mainEntityOfPage\":{\"@id\":\"https:\/\/www.sonoraenequipo.com.mx\/tormenta-erick-se-convierte-en-huracan-cerca-de-mexico\/\"},\"wordCount\":321,\"commentCount\":0,\"publisher\":{\"@id\":\"https:\/\/www.sonoraenequipo.com.mx\/#organization\"},\"image\":{\"@id\":\"https:\/\/www.sonoraenequipo.com.mx\/tormenta-erick-se-convierte-en-huracan-cerca-de-mexico\/#primaryimage\"},\"thumbnailUrl\":\"https:\/\/www.sonoraenequipo.com.mx\/storage\/2025\/06\/huracan-Erick.jpg\",\"keywords\":[\"erick\",\"huracan\"],\"articleSection\":[\"Sin categorizar\"],\"inLanguage\":\"es\",\"potentialAction\":[{\"@type\":\"CommentAction\",\"name\":\"Comment\",\"target\":[\"https:\/\/www.sonoraenequipo.com.mx\/tormenta-erick-se-convierte-en-huracan-cerca-de-mexico\/#respond\"]}]},{\"@type\":\"WebPage\",\"@id\":\"https:\/\/www.sonoraenequipo.com.mx\/tormenta-erick-se-convierte-en-huracan-cerca-de-mexico\/\",\"url\":\"https:\/\/www.sonoraenequipo.com.mx\/tormenta-erick-se-convierte-en-huracan-cerca-de-mexico\/\",\"name\":\"Sonora en Equipo. Tormenta Erick se convierte en hurac\u00e1n cerca de M\u00e9xico\",\"isPartOf\":{\"@id\":\"https:\/\/www.sonoraenequipo.com.mx\/#website\"},\"primaryImageOfPage\":{\"@id\":\"https:\/\/www.sonoraenequipo.com.mx\/tormenta-erick-se-convierte-en-huracan-cerca-de-mexico\/#primaryimage\"},\"image\":{\"@id\":\"https:\/\/www.sonoraenequipo.com.mx\/tormenta-erick-se-convierte-en-huracan-cerca-de-mexico\/#primaryimage\"},\"thumbnailUrl\":\"https:\/\/www.sonoraenequipo.com.mx\/storage\/2025\/06\/huracan-Erick.jpg\",\"datePublished\":\"2025-06-18T17:55:16+00:00\",\"description\":\"La tormenta tropical Erick se convirti\u00f3 este mi\u00e9rcoles (18.06.2025) en hurac\u00e1n en aguas del Pac\u00edfico cerca de las costas del suroeste de M\u00e9xico, dijo el En Sonora en Equipo publicamos toda la informaci\u00f3n de Sonora, M\u00e9xico y el Mundo de manera oportuna y busca que la libertad de expresi\u00f3n sea real. Visita nuestro medio informativo publicado desde Hermosillo, Sonora. %\",\"breadcrumb\":{\"@id\":\"https:\/\/www.sonoraenequipo.com.mx\/tormenta-erick-se-convierte-en-huracan-cerca-de-mexico\/#breadcrumb\"},\"inLanguage\":\"es\",\"potentialAction\":[{\"@type\":\"ReadAction\",\"target\":[\"https:\/\/www.sonoraenequipo.com.mx\/tormenta-erick-se-convierte-en-huracan-cerca-de-mexico\/\"]}]},{\"@type\":\"ImageObject\",\"inLanguage\":\"es\",\"@id\":\"https:\/\/www.sonoraenequipo.com.mx\/tormenta-erick-se-convierte-en-huracan-cerca-de-mexico\/#primaryimage\",\"url\":\"https:\/\/www.sonoraenequipo.com.mx\/storage\/2025\/06\/huracan-Erick.jpg\",\"contentUrl\":\"https:\/\/www.sonoraenequipo.com.mx\/storage\/2025\/06\/huracan-Erick.jpg\",\"width\":600,\"height\":400},{\"@type\":\"BreadcrumbList\",\"@id\":\"https:\/\/www.sonoraenequipo.com.mx\/tormenta-erick-se-convierte-en-huracan-cerca-de-mexico\/#breadcrumb\",\"itemListElement\":[{\"@type\":\"ListItem\",\"position\":1,\"name\":\"Portada\",\"item\":\"https:\/\/www.sonoraenequipo.com.mx\/\"},{\"@type\":\"ListItem\",\"position\":2,\"name\":\"Tormenta Erick se convierte en hurac\u00e1n cerca de M\u00e9xico\"}]},{\"@type\":\"WebSite\",\"@id\":\"https:\/\/www.sonoraenequipo.com.mx\/#website\",\"url\":\"https:\/\/www.sonoraenequipo.com.mx\/\",\"name\":\"Sonora en Equipo.\",\"description\":\"Diario en l\u00ednea con Noticias desde Hermosillo, Sonora\",\"publisher\":{\"@id\":\"https:\/\/www.sonoraenequipo.com.mx\/#organization\"},\"potentialAction\":[{\"@type\":\"SearchAction\",\"target\":{\"@type\":\"EntryPoint\",\"urlTemplate\":\"https:\/\/www.sonoraenequipo.com.mx\/?s={search_term_string}\"},\"query-input\":{\"@type\":\"PropertyValueSpecification\",\"valueRequired\":true,\"valueName\":\"search_term_string\"}}],\"inLanguage\":\"es\"},{\"@type\":\"Organization\",\"@id\":\"https:\/\/www.sonoraenequipo.com.mx\/#organization\",\"name\":\"Sonoraenequipo.com.mx\",\"url\":\"https:\/\/www.sonoraenequipo.com.mx\/\",\"logo\":{\"@type\":\"ImageObject\",\"inLanguage\":\"es\",\"@id\":\"https:\/\/www.sonoraenequipo.com.mx\/#\/schema\/logo\/image\/\",\"url\":\"https:\/\/www.sonoraenequipo.com.mx\/storage\/2019\/01\/sonoraenequipo_opt.png\",\"contentUrl\":\"https:\/\/www.sonoraenequipo.com.mx\/storage\/2019\/01\/sonoraenequipo_opt.png\",\"width\":375,\"height\":125,\"caption\":\"Sonoraenequipo.com.mx\"},\"image\":{\"@id\":\"https:\/\/www.sonoraenequipo.com.mx\/#\/schema\/logo\/image\/\"},\"sameAs\":[\"https:\/\/www.facebook.com\/SonoraEE\/\",\"https:\/\/x.com\/sonoraenequipo\",\"https:\/\/www.youtube.com\/channel\/UC338nW-lPEYmJQs4ZABQ1SQ\"]},{\"@type\":\"Person\",\"@id\":\"https:\/\/www.sonoraenequipo.com.mx\/#\/schema\/person\/50102df0fb23a8fa9e8effad8fa81386\",\"name\":\"enequipo\",\"image\":{\"@type\":\"ImageObject\",\"inLanguage\":\"es\",\"@id\":\"https:\/\/www.sonoraenequipo.com.mx\/#\/schema\/person\/image\/\",\"url\":\"https:\/\/secure.gravatar.com\/avatar\/049821681b589dabc0bc20695993ccebb09f5b5d4d790cd9251b97faac7c652b?s=96&d=blank&r=g\",\"contentUrl\":\"https:\/\/secure.gravatar.com\/avatar\/049821681b589dabc0bc20695993ccebb09f5b5d4d790cd9251b97faac7c652b?s=96&d=blank&r=g\",\"caption\":\"enequipo\"},\"sameAs\":[\"https:\/\/www.facebook.com\/SonoraEE\"]}]}<\/script>\n ","yoast_head_json":{"title":"Sonora en Equipo. Tormenta Erick se convierte en hurac\u00e1n cerca de M\u00e9xico","description":"La tormenta tropical Erick se convirti\u00f3 este mi\u00e9rcoles (18.06.2025) en hurac\u00e1n en aguas del Pac\u00edfico cerca de las costas del suroeste de M\u00e9xico, dijo el En Sonora en Equipo publicamos toda la informaci\u00f3n de Sonora, M\u00e9xico y el Mundo de manera oportuna y busca que la libertad de expresi\u00f3n sea real. Visita nuestro medio informativo publicado desde Hermosillo, Sonora. %","robots":{"index":"index","follow":"follow","max-snippet":"max-snippet:-1","max-image-preview":"max-image-preview:large","max-video-preview":"max-video-preview:-1"},"canonical":"https:\/\/www.sonoraenequipo.com.mx\/tormenta-erick-se-convierte-en-huracan-cerca-de-mexico\/","og_locale":"es_ES","og_type":"article","og_title":"Sonora en Equipo. Tormenta Erick se convierte en hurac\u00e1n cerca de M\u00e9xico","og_description":"La tormenta tropical Erick se convirti\u00f3 este mi\u00e9rcoles (18.06.2025) en hurac\u00e1n en aguas del Pac\u00edfico cerca de las costas del suroeste de M\u00e9xico, dijo el En Sonora en Equipo publicamos toda la informaci\u00f3n de Sonora, M\u00e9xico y el Mundo de manera oportuna y busca que la libertad de expresi\u00f3n sea real. Visita nuestro medio informativo publicado desde Hermosillo, Sonora. %","og_url":"https:\/\/www.sonoraenequipo.com.mx\/tormenta-erick-se-convierte-en-huracan-cerca-de-mexico\/","og_site_name":"Sonora en Equipo.","article_publisher":"https:\/\/www.facebook.com\/SonoraEE\/","article_author":"https:\/\/www.facebook.com\/SonoraEE","article_published_time":"2025-06-18T17:55:16+00:00","og_image":[{"width":600,"height":400,"url":"https:\/\/www.sonoraenequipo.com.mx\/storage\/2025\/06\/huracan-Erick.jpg","type":"image\/jpeg"}],"author":"enequipo","twitter_card":"summary_large_image","twitter_creator":"@sonoraenequipo","twitter_site":"@sonoraenequipo","twitter_misc":{"Escrito por":"enequipo","Tiempo de lectura":"2 minutos"},"schema":{"@context":"https:\/\/schema.org","@graph":[{"@type":"Article","@id":"https:\/\/www.sonoraenequipo.com.mx\/tormenta-erick-se-convierte-en-huracan-cerca-de-mexico\/#article","isPartOf":{"@id":"https:\/\/www.sonoraenequipo.com.mx\/tormenta-erick-se-convierte-en-huracan-cerca-de-mexico\/"},"author":{"name":"enequipo","@id":"https:\/\/www.sonoraenequipo.com.mx\/#\/schema\/person\/50102df0fb23a8fa9e8effad8fa81386"},"headline":"Tormenta Erick se convierte en hurac\u00e1n cerca de M\u00e9xico","datePublished":"2025-06-18T17:55:16+00:00","mainEntityOfPage":{"@id":"https:\/\/www.sonoraenequipo.com.mx\/tormenta-erick-se-convierte-en-huracan-cerca-de-mexico\/"},"wordCount":321,"commentCount":0,"publisher":{"@id":"https:\/\/www.sonoraenequipo.com.mx\/#organization"},"image":{"@id":"https:\/\/www.sonoraenequipo.com.mx\/tormenta-erick-se-convierte-en-huracan-cerca-de-mexico\/#primaryimage"},"thumbnailUrl":"https:\/\/www.sonoraenequipo.com.mx\/storage\/2025\/06\/huracan-Erick.jpg","keywords":["erick","huracan"],"articleSection":["Sin categorizar"],"inLanguage":"es","potentialAction":[{"@type":"CommentAction","name":"Comment","target":["https:\/\/www.sonoraenequipo.com.mx\/tormenta-erick-se-convierte-en-huracan-cerca-de-mexico\/#respond"]}]},{"@type":"WebPage","@id":"https:\/\/www.sonoraenequipo.com.mx\/tormenta-erick-se-convierte-en-huracan-cerca-de-mexico\/","url":"https:\/\/www.sonoraenequipo.com.mx\/tormenta-erick-se-convierte-en-huracan-cerca-de-mexico\/","name":"Sonora en Equipo. Tormenta Erick se convierte en hurac\u00e1n cerca de M\u00e9xico","isPartOf":{"@id":"https:\/\/www.sonoraenequipo.com.mx\/#website"},"primaryImageOfPage":{"@id":"https:\/\/www.sonoraenequipo.com.mx\/tormenta-erick-se-convierte-en-huracan-cerca-de-mexico\/#primaryimage"},"image":{"@id":"https:\/\/www.sonoraenequipo.com.mx\/tormenta-erick-se-convierte-en-huracan-cerca-de-mexico\/#primaryimage"},"thumbnailUrl":"https:\/\/www.sonoraenequipo.com.mx\/storage\/2025\/06\/huracan-Erick.jpg","datePublished":"2025-06-18T17:55:16+00:00","description":"La tormenta tropical Erick se convirti\u00f3 este mi\u00e9rcoles (18.06.2025) en hurac\u00e1n en aguas del Pac\u00edfico cerca de las costas del suroeste de M\u00e9xico, dijo el En Sonora en Equipo publicamos toda la informaci\u00f3n de Sonora, M\u00e9xico y el Mundo de manera oportuna y busca que la libertad de expresi\u00f3n sea real. Visita nuestro medio informativo publicado desde Hermosillo, Sonora. %","breadcrumb":{"@id":"https:\/\/www.sonoraenequipo.com.mx\/tormenta-erick-se-convierte-en-huracan-cerca-de-mexico\/#breadcrumb"},"inLanguage":"es","potentialAction":[{"@type":"ReadAction","target":["https:\/\/www.sonoraenequipo.com.mx\/tormenta-erick-se-convierte-en-huracan-cerca-de-mexico\/"]}]},{"@type":"ImageObject","inLanguage":"es","@id":"https:\/\/www.sonoraenequipo.com.mx\/tormenta-erick-se-convierte-en-huracan-cerca-de-mexico\/#primaryimage","url":"https:\/\/www.sonoraenequipo.com.mx\/storage\/2025\/06\/huracan-Erick.jpg","contentUrl":"https:\/\/www.sonoraenequipo.com.mx\/storage\/2025\/06\/huracan-Erick.jpg","width":600,"height":400},{"@type":"BreadcrumbList","@id":"https:\/\/www.sonoraenequipo.com.mx\/tormenta-erick-se-convierte-en-huracan-cerca-de-mexico\/#breadcrumb","itemListElement":[{"@type":"ListItem","position":1,"name":"Portada","item":"https:\/\/www.sonoraenequipo.com.mx\/"},{"@type":"ListItem","position":2,"name":"Tormenta Erick se convierte en hurac\u00e1n cerca de M\u00e9xico"}]},{"@type":"WebSite","@id":"https:\/\/www.sonoraenequipo.com.mx\/#website","url":"https:\/\/www.sonoraenequipo.com.mx\/","name":"Sonora en Equipo.","description":"Diario en l\u00ednea con Noticias desde Hermosillo, Sonora","publisher":{"@id":"https:\/\/www.sonoraenequipo.com.mx\/#organization"},"potentialAction":[{"@type":"SearchAction","target":{"@type":"EntryPoint","urlTemplate":"https:\/\/www.sonoraenequipo.com.mx\/?s={search_term_string}"},"query-input":{"@type":"PropertyValueSpecification","valueRequired":true,"valueName":"search_term_string"}}],"inLanguage":"es"},{"@type":"Organization","@id":"https:\/\/www.sonoraenequipo.com.mx\/#organization","name":"Sonoraenequipo.com.mx","url":"https:\/\/www.sonoraenequipo.com.mx\/","logo":{"@type":"ImageObject","inLanguage":"es","@id":"https:\/\/www.sonoraenequipo.com.mx\/#\/schema\/logo\/image\/","url":"https:\/\/www.sonoraenequipo.com.mx\/storage\/2019\/01\/sonoraenequipo_opt.png","contentUrl":"https:\/\/www.sonoraenequipo.com.mx\/storage\/2019\/01\/sonoraenequipo_opt.png","width":375,"height":125,"caption":"Sonoraenequipo.com.mx"},"image":{"@id":"https:\/\/www.sonoraenequipo.com.mx\/#\/schema\/logo\/image\/"},"sameAs":["https:\/\/www.facebook.com\/SonoraEE\/","https:\/\/x.com\/sonoraenequipo","https:\/\/www.youtube.com\/channel\/UC338nW-lPEYmJQs4ZABQ1SQ"]},{"@type":"Person","@id":"https:\/\/www.sonoraenequipo.com.mx\/#\/schema\/person\/50102df0fb23a8fa9e8effad8fa81386","name":"enequipo","image":{"@type":"ImageObject","inLanguage":"es","@id":"https:\/\/www.sonoraenequipo.com.mx\/#\/schema\/person\/image\/","url":"https:\/\/secure.gravatar.com\/avatar\/049821681b589dabc0bc20695993ccebb09f5b5d4d790cd9251b97faac7c652b?s=96&d=blank&r=g","contentUrl":"https:\/\/secure.gravatar.com\/avatar\/049821681b589dabc0bc20695993ccebb09f5b5d4d790cd9251b97faac7c652b?s=96&d=blank&r=g","caption":"enequipo"},"sameAs":["https:\/\/www.facebook.com\/SonoraEE"]}]}},"jetpack_featured_media_url":"https:\/\/www.sonoraenequipo.com.mx\/storage\/2025\/06\/huracan-Erick.jpg","_links":{"self":[{"href":"https:\/\/www.sonoraenequipo.com.mx\/api\/wp\/v2\/posts\/217980","targetHints":{"allow":["GET"]}}],"collection":[{"href":"https:\/\/www.sonoraenequipo.com.mx\/api\/wp\/v2\/posts"}],"about":[{"href":"https:\/\/www.sonoraenequipo.com.mx\/api\/wp\/v2\/types\/post"}],"author":[{"embeddable":true,"href":"https:\/\/www.sonoraenequipo.com.mx\/api\/wp\/v2\/users\/1"}],"replies":[{"embeddable":true,"href":"https:\/\/www.sonoraenequipo.com.mx\/api\/wp\/v2\/comments?post=217980"}],"version-history":[{"count":1,"href":"https:\/\/www.sonoraenequipo.com.mx\/api\/wp\/v2\/posts\/217980\/revisions"}],"predecessor-version":[{"id":217982,"href":"https:\/\/www.sonoraenequipo.com.mx\/api\/wp\/v2\/posts\/217980\/revisions\/217982"}],"wp:featuredmedia":[{"embeddable":true,"href":"https:\/\/www.sonoraenequipo.com.mx\/api\/wp\/v2\/media\/217981"}],"wp:attachment":[{"href":"https:\/\/www.sonoraenequipo.com.mx\/api\/wp\/v2\/media?parent=217980"}],"wp:term":[{"taxonomy":"category","embeddable":true,"href":"https:\/\/www.sonoraenequipo.com.mx\/api\/wp\/v2\/categories?post=217980"},{"taxonomy":"post_tag","embeddable":true,"href":"https:\/\/www.sonoraenequipo.com.mx\/api\/wp\/v2\/tags?post=217980"}],"curies":[{"name":"wp","href":"https:\/\/api.w.org\/{rel}","templated":true}]}}