{"id":217983,"date":"2025-06-18T11:12:21","date_gmt":"2025-06-18T18:12:21","guid":{"rendered":"https:\/\/www.sonoraenequipo.com.mx\/?p=217983"},"modified":"2025-06-18T11:12:21","modified_gmt":"2025-06-18T18:12:21","slug":"museo-de-amsterdam-exhibe-condon-de-hace-200-anos","status":"publish","type":"post","link":"https:\/\/www.sonoraenequipo.com.mx\/museo-de-amsterdam-exhibe-condon-de-hace-200-anos\/","title":{"rendered":"Museo de \u00c1msterdam exhibe cond\u00f3n de hace 200 a\u00f1os"},"content":{"rendered":"<p>El Rijksmuseum de \u00c1msterdam exhibe a partir de este martes (03.06.2025) un cond\u00f3n realizado alrededor de 1830, y que lleva una estampa er\u00f3tica de una monja con tres cl\u00e9rigos, lo que, seg\u00fan la pinacoteca, ofrece una visi\u00f3n de la sexualidad y la prostituci\u00f3n en el siglo XIX.<\/p>\n<p>&nbsp;<\/p>\n<p>Este anticonceptivo tiene casi 200 a\u00f1os y est\u00e1 hecho, seg\u00fan el an\u00e1lisis de la pieza, del intestino ciego de una oveja. El Rijksmuseum cree que podr\u00eda tratarse de un recuerdo de un burdel y, seg\u00fan su informaci\u00f3n, solo se conservan dos ejemplares.<\/p>\n<p>&nbsp;<\/p>\n<p>\u00abLa monja aparece sentada con las piernas abiertas frente a tres cl\u00e9rigos, mientras se\u00f1ala a uno de ellos con el dedo. Los hombres levantan sus sotanas y muestran su excitaci\u00f3n. Las palabras &#8216;Voil\u00e0 mon choix&#8217; (&#8216;Aqu\u00ed est\u00e1 mi elecci\u00f3n&#8217;) lo convierten en una parodia tanto del Juicio de Paris de la Antig\u00fcedad cl\u00e1sica como del celibato\u201d, explica el museo.<\/p>\n<p>&nbsp;<\/p>\n<p>En el Juicio de Paris, de la mitolog\u00eda griega, el pr\u00edncipe troyano Paris tuvo que decidir cu\u00e1l de las tres diosas \u2014 Hera, Atenea o Afrodita \u2014 era la m\u00e1s bella. Cada una le ofreci\u00f3 un regalo, y Paris eligi\u00f3 a Afrodita.<\/p>\n<p>&nbsp;<\/p>\n<p>El grabado del cond\u00f3n juega con ese mito: la monja se\u00f1ala a uno de los cl\u00e9rigos y dice \u00abEsta es mi elecci\u00f3n\u201d, como si estuviera tomando su propia decisi\u00f3n entre varios hombres, igual que Paris ten\u00eda que elegir entre varias diosas.<\/p>\n<p><strong>Fecha de publicaci\u00f3n mi\u00e9rcoles 18 de junio de 2025\/DW<\/strong><\/p>\n","protected":false},"excerpt":{"rendered":"<p>El Rijksmuseum de \u00c1msterdam exhibe a partir de este martes (03.06.2025) un cond\u00f3n realizado alrededor&#8230;<\/p>\n","protected":false},"author":1,"featured_media":217984,"comment_status":"open","ping_status":"open","sticky":false,"template":"","format":"standard","meta":{"_monsterinsights_skip_tracking":false,"_monsterinsights_sitenote_active":false,"_monsterinsights_sitenote_note":"","_monsterinsights_sitenote_category":0,"footnotes":""},"categories":[2216],"tags":[11382],"class_list":["post"],"yoast_head":" \n<title>Sonora en Equipo. Museo de \u00c1msterdam exhibe cond\u00f3n de hace 200 a\u00f1os Ciencia y Tecnolog\u00eda<\/title>\n<meta name=\"description\" content=\"El Rijksmuseum de \u00c1msterdam exhibe a partir de este martes (03.06.2025) un cond\u00f3n realizado alrededor de 1830, y que lleva una estampa er\u00f3tica de una En Sonora en Equipo publicamos toda la informaci\u00f3n de Sonora, M\u00e9xico y el Mundo de manera oportuna y busca que la libertad de expresi\u00f3n sea real. Visita nuestro medio informativo publicado desde Hermosillo, Sonora. %\" \/>\n<meta name=\"robots\" content=\"index, follow, max-snippet:-1, max-image-preview:large, max-video-preview:-1\" \/>\n<link rel=\"canonical\" href=\"https:\/\/www.sonoraenequipo.com.mx\/museo-de-amsterdam-exhibe-condon-de-hace-200-anos\/\" \/>\n<meta property=\"og:locale\" content=\"es_ES\" \/>\n<meta property=\"og:type\" content=\"article\" \/>\n<meta property=\"og:title\" content=\"Sonora en Equipo. Museo de \u00c1msterdam exhibe cond\u00f3n de hace 200 a\u00f1os Ciencia y Tecnolog\u00eda\" \/>\n<meta property=\"og:description\" content=\"El Rijksmuseum de \u00c1msterdam exhibe a partir de este martes (03.06.2025) un cond\u00f3n realizado alrededor de 1830, y que lleva una estampa er\u00f3tica de una En Sonora en Equipo publicamos toda la informaci\u00f3n de Sonora, M\u00e9xico y el Mundo de manera oportuna y busca que la libertad de expresi\u00f3n sea real. Visita nuestro medio informativo publicado desde Hermosillo, Sonora. %\" \/>\n<meta property=\"og:url\" content=\"https:\/\/www.sonoraenequipo.com.mx\/museo-de-amsterdam-exhibe-condon-de-hace-200-anos\/\" \/>\n<meta property=\"og:site_name\" content=\"Sonora en Equipo.\" \/>\n<meta property=\"article:publisher\" content=\"https:\/\/www.facebook.com\/SonoraEE\/\" \/>\n<meta property=\"article:author\" content=\"https:\/\/www.facebook.com\/SonoraEE\" \/>\n<meta property=\"article:published_time\" content=\"2025-06-18T18:12:21+00:00\" \/>\n<meta property=\"og:image\" content=\"https:\/\/www.sonoraenequipo.com.mx\/storage\/2025\/06\/condon.jpg\" \/>\n\t<meta property=\"og:image:width\" content=\"600\" \/>\n\t<meta property=\"og:image:height\" content=\"400\" \/>\n\t<meta property=\"og:image:type\" content=\"image\/jpeg\" \/>\n<meta name=\"author\" content=\"enequipo\" \/>\n<meta name=\"twitter:card\" content=\"summary_large_image\" \/>\n<meta name=\"twitter:creator\" content=\"@sonoraenequipo\" \/>\n<meta name=\"twitter:site\" content=\"@sonoraenequipo\" \/>\n<meta name=\"twitter:label1\" content=\"Escrito por\" \/>\n\t<meta name=\"twitter:data1\" content=\"enequipo\" \/>\n\t<meta name=\"twitter:label2\" content=\"Tiempo de lectura\" \/>\n\t<meta name=\"twitter:data2\" content=\"1 minuto\" \/>\n<script type=\"application\/ld+json\" class=\"yoast-schema-graph\">{\"@context\":\"https:\/\/schema.org\",\"@graph\":[{\"@type\":\"Article\",\"@id\":\"https:\/\/www.sonoraenequipo.com.mx\/museo-de-amsterdam-exhibe-condon-de-hace-200-anos\/#article\",\"isPartOf\":{\"@id\":\"https:\/\/www.sonoraenequipo.com.mx\/museo-de-amsterdam-exhibe-condon-de-hace-200-anos\/\"},\"author\":{\"name\":\"enequipo\",\"@id\":\"https:\/\/www.sonoraenequipo.com.mx\/#\/schema\/person\/50102df0fb23a8fa9e8effad8fa81386\"},\"headline\":\"Museo de \u00c1msterdam exhibe cond\u00f3n de hace 200 a\u00f1os\",\"datePublished\":\"2025-06-18T18:12:21+00:00\",\"mainEntityOfPage\":{\"@id\":\"https:\/\/www.sonoraenequipo.com.mx\/museo-de-amsterdam-exhibe-condon-de-hace-200-anos\/\"},\"wordCount\":278,\"commentCount\":0,\"publisher\":{\"@id\":\"https:\/\/www.sonoraenequipo.com.mx\/#organization\"},\"image\":{\"@id\":\"https:\/\/www.sonoraenequipo.com.mx\/museo-de-amsterdam-exhibe-condon-de-hace-200-anos\/#primaryimage\"},\"thumbnailUrl\":\"https:\/\/www.sonoraenequipo.com.mx\/storage\/2025\/06\/condon.jpg\",\"keywords\":[\"cond\u00f3n antiguo\"],\"articleSection\":[\"Ciencia y Tecnolog\u00eda\"],\"inLanguage\":\"es\",\"potentialAction\":[{\"@type\":\"CommentAction\",\"name\":\"Comment\",\"target\":[\"https:\/\/www.sonoraenequipo.com.mx\/museo-de-amsterdam-exhibe-condon-de-hace-200-anos\/#respond\"]}]},{\"@type\":\"WebPage\",\"@id\":\"https:\/\/www.sonoraenequipo.com.mx\/museo-de-amsterdam-exhibe-condon-de-hace-200-anos\/\",\"url\":\"https:\/\/www.sonoraenequipo.com.mx\/museo-de-amsterdam-exhibe-condon-de-hace-200-anos\/\",\"name\":\"Sonora en Equipo. Museo de \u00c1msterdam exhibe cond\u00f3n de hace 200 a\u00f1os Ciencia y Tecnolog\u00eda\",\"isPartOf\":{\"@id\":\"https:\/\/www.sonoraenequipo.com.mx\/#website\"},\"primaryImageOfPage\":{\"@id\":\"https:\/\/www.sonoraenequipo.com.mx\/museo-de-amsterdam-exhibe-condon-de-hace-200-anos\/#primaryimage\"},\"image\":{\"@id\":\"https:\/\/www.sonoraenequipo.com.mx\/museo-de-amsterdam-exhibe-condon-de-hace-200-anos\/#primaryimage\"},\"thumbnailUrl\":\"https:\/\/www.sonoraenequipo.com.mx\/storage\/2025\/06\/condon.jpg\",\"datePublished\":\"2025-06-18T18:12:21+00:00\",\"description\":\"El Rijksmuseum de \u00c1msterdam exhibe a partir de este martes (03.06.2025) un cond\u00f3n realizado alrededor de 1830, y que lleva una estampa er\u00f3tica de una En Sonora en Equipo publicamos toda la informaci\u00f3n de Sonora, M\u00e9xico y el Mundo de manera oportuna y busca que la libertad de expresi\u00f3n sea real. Visita nuestro medio informativo publicado desde Hermosillo, Sonora. %\",\"breadcrumb\":{\"@id\":\"https:\/\/www.sonoraenequipo.com.mx\/museo-de-amsterdam-exhibe-condon-de-hace-200-anos\/#breadcrumb\"},\"inLanguage\":\"es\",\"potentialAction\":[{\"@type\":\"ReadAction\",\"target\":[\"https:\/\/www.sonoraenequipo.com.mx\/museo-de-amsterdam-exhibe-condon-de-hace-200-anos\/\"]}]},{\"@type\":\"ImageObject\",\"inLanguage\":\"es\",\"@id\":\"https:\/\/www.sonoraenequipo.com.mx\/museo-de-amsterdam-exhibe-condon-de-hace-200-anos\/#primaryimage\",\"url\":\"https:\/\/www.sonoraenequipo.com.mx\/storage\/2025\/06\/condon.jpg\",\"contentUrl\":\"https:\/\/www.sonoraenequipo.com.mx\/storage\/2025\/06\/condon.jpg\",\"width\":600,\"height\":400,\"caption\":\"El cond\u00f3n exhibido en el Rijksmuseum de \u00c1msterdam, Pa\u00edses Bajos.Imagen: Kelly Schenk\/Rijksmuseum\/ AP\/picture alliance\"},{\"@type\":\"BreadcrumbList\",\"@id\":\"https:\/\/www.sonoraenequipo.com.mx\/museo-de-amsterdam-exhibe-condon-de-hace-200-anos\/#breadcrumb\",\"itemListElement\":[{\"@type\":\"ListItem\",\"position\":1,\"name\":\"Portada\",\"item\":\"https:\/\/www.sonoraenequipo.com.mx\/\"},{\"@type\":\"ListItem\",\"position\":2,\"name\":\"Museo de \u00c1msterdam exhibe cond\u00f3n de hace 200 a\u00f1os\"}]},{\"@type\":\"WebSite\",\"@id\":\"https:\/\/www.sonoraenequipo.com.mx\/#website\",\"url\":\"https:\/\/www.sonoraenequipo.com.mx\/\",\"name\":\"Sonora en Equipo.\",\"description\":\"Diario en l\u00ednea con Noticias desde Hermosillo, Sonora\",\"publisher\":{\"@id\":\"https:\/\/www.sonoraenequipo.com.mx\/#organization\"},\"potentialAction\":[{\"@type\":\"SearchAction\",\"target\":{\"@type\":\"EntryPoint\",\"urlTemplate\":\"https:\/\/www.sonoraenequipo.com.mx\/?s={search_term_string}\"},\"query-input\":{\"@type\":\"PropertyValueSpecification\",\"valueRequired\":true,\"valueName\":\"search_term_string\"}}],\"inLanguage\":\"es\"},{\"@type\":\"Organization\",\"@id\":\"https:\/\/www.sonoraenequipo.com.mx\/#organization\",\"name\":\"Sonoraenequipo.com.mx\",\"url\":\"https:\/\/www.sonoraenequipo.com.mx\/\",\"logo\":{\"@type\":\"ImageObject\",\"inLanguage\":\"es\",\"@id\":\"https:\/\/www.sonoraenequipo.com.mx\/#\/schema\/logo\/image\/\",\"url\":\"https:\/\/www.sonoraenequipo.com.mx\/storage\/2019\/01\/sonoraenequipo_opt.png\",\"contentUrl\":\"https:\/\/www.sonoraenequipo.com.mx\/storage\/2019\/01\/sonoraenequipo_opt.png\",\"width\":375,\"height\":125,\"caption\":\"Sonoraenequipo.com.mx\"},\"image\":{\"@id\":\"https:\/\/www.sonoraenequipo.com.mx\/#\/schema\/logo\/image\/\"},\"sameAs\":[\"https:\/\/www.facebook.com\/SonoraEE\/\",\"https:\/\/x.com\/sonoraenequipo\",\"https:\/\/www.youtube.com\/channel\/UC338nW-lPEYmJQs4ZABQ1SQ\"]},{\"@type\":\"Person\",\"@id\":\"https:\/\/www.sonoraenequipo.com.mx\/#\/schema\/person\/50102df0fb23a8fa9e8effad8fa81386\",\"name\":\"enequipo\",\"image\":{\"@type\":\"ImageObject\",\"inLanguage\":\"es\",\"@id\":\"https:\/\/www.sonoraenequipo.com.mx\/#\/schema\/person\/image\/\",\"url\":\"https:\/\/secure.gravatar.com\/avatar\/049821681b589dabc0bc20695993ccebb09f5b5d4d790cd9251b97faac7c652b?s=96&d=blank&r=g\",\"contentUrl\":\"https:\/\/secure.gravatar.com\/avatar\/049821681b589dabc0bc20695993ccebb09f5b5d4d790cd9251b97faac7c652b?s=96&d=blank&r=g\",\"caption\":\"enequipo\"},\"sameAs\":[\"https:\/\/www.facebook.com\/SonoraEE\"]}]}<\/script>\n ","yoast_head_json":{"title":"Sonora en Equipo. Museo de \u00c1msterdam exhibe cond\u00f3n de hace 200 a\u00f1os Ciencia y Tecnolog\u00eda","description":"El Rijksmuseum de \u00c1msterdam exhibe a partir de este martes (03.06.2025) un cond\u00f3n realizado alrededor de 1830, y que lleva una estampa er\u00f3tica de una En Sonora en Equipo publicamos toda la informaci\u00f3n de Sonora, M\u00e9xico y el Mundo de manera oportuna y busca que la libertad de expresi\u00f3n sea real. Visita nuestro medio informativo publicado desde Hermosillo, Sonora. %","robots":{"index":"index","follow":"follow","max-snippet":"max-snippet:-1","max-image-preview":"max-image-preview:large","max-video-preview":"max-video-preview:-1"},"canonical":"https:\/\/www.sonoraenequipo.com.mx\/museo-de-amsterdam-exhibe-condon-de-hace-200-anos\/","og_locale":"es_ES","og_type":"article","og_title":"Sonora en Equipo. Museo de \u00c1msterdam exhibe cond\u00f3n de hace 200 a\u00f1os Ciencia y Tecnolog\u00eda","og_description":"El Rijksmuseum de \u00c1msterdam exhibe a partir de este martes (03.06.2025) un cond\u00f3n realizado alrededor de 1830, y que lleva una estampa er\u00f3tica de una En Sonora en Equipo publicamos toda la informaci\u00f3n de Sonora, M\u00e9xico y el Mundo de manera oportuna y busca que la libertad de expresi\u00f3n sea real. Visita nuestro medio informativo publicado desde Hermosillo, Sonora. %","og_url":"https:\/\/www.sonoraenequipo.com.mx\/museo-de-amsterdam-exhibe-condon-de-hace-200-anos\/","og_site_name":"Sonora en Equipo.","article_publisher":"https:\/\/www.facebook.com\/SonoraEE\/","article_author":"https:\/\/www.facebook.com\/SonoraEE","article_published_time":"2025-06-18T18:12:21+00:00","og_image":[{"width":600,"height":400,"url":"https:\/\/www.sonoraenequipo.com.mx\/storage\/2025\/06\/condon.jpg","type":"image\/jpeg"}],"author":"enequipo","twitter_card":"summary_large_image","twitter_creator":"@sonoraenequipo","twitter_site":"@sonoraenequipo","twitter_misc":{"Escrito por":"enequipo","Tiempo de lectura":"1 minuto"},"schema":{"@context":"https:\/\/schema.org","@graph":[{"@type":"Article","@id":"https:\/\/www.sonoraenequipo.com.mx\/museo-de-amsterdam-exhibe-condon-de-hace-200-anos\/#article","isPartOf":{"@id":"https:\/\/www.sonoraenequipo.com.mx\/museo-de-amsterdam-exhibe-condon-de-hace-200-anos\/"},"author":{"name":"enequipo","@id":"https:\/\/www.sonoraenequipo.com.mx\/#\/schema\/person\/50102df0fb23a8fa9e8effad8fa81386"},"headline":"Museo de \u00c1msterdam exhibe cond\u00f3n de hace 200 a\u00f1os","datePublished":"2025-06-18T18:12:21+00:00","mainEntityOfPage":{"@id":"https:\/\/www.sonoraenequipo.com.mx\/museo-de-amsterdam-exhibe-condon-de-hace-200-anos\/"},"wordCount":278,"commentCount":0,"publisher":{"@id":"https:\/\/www.sonoraenequipo.com.mx\/#organization"},"image":{"@id":"https:\/\/www.sonoraenequipo.com.mx\/museo-de-amsterdam-exhibe-condon-de-hace-200-anos\/#primaryimage"},"thumbnailUrl":"https:\/\/www.sonoraenequipo.com.mx\/storage\/2025\/06\/condon.jpg","keywords":["cond\u00f3n antiguo"],"articleSection":["Ciencia y Tecnolog\u00eda"],"inLanguage":"es","potentialAction":[{"@type":"CommentAction","name":"Comment","target":["https:\/\/www.sonoraenequipo.com.mx\/museo-de-amsterdam-exhibe-condon-de-hace-200-anos\/#respond"]}]},{"@type":"WebPage","@id":"https:\/\/www.sonoraenequipo.com.mx\/museo-de-amsterdam-exhibe-condon-de-hace-200-anos\/","url":"https:\/\/www.sonoraenequipo.com.mx\/museo-de-amsterdam-exhibe-condon-de-hace-200-anos\/","name":"Sonora en Equipo. Museo de \u00c1msterdam exhibe cond\u00f3n de hace 200 a\u00f1os Ciencia y Tecnolog\u00eda","isPartOf":{"@id":"https:\/\/www.sonoraenequipo.com.mx\/#website"},"primaryImageOfPage":{"@id":"https:\/\/www.sonoraenequipo.com.mx\/museo-de-amsterdam-exhibe-condon-de-hace-200-anos\/#primaryimage"},"image":{"@id":"https:\/\/www.sonoraenequipo.com.mx\/museo-de-amsterdam-exhibe-condon-de-hace-200-anos\/#primaryimage"},"thumbnailUrl":"https:\/\/www.sonoraenequipo.com.mx\/storage\/2025\/06\/condon.jpg","datePublished":"2025-06-18T18:12:21+00:00","description":"El Rijksmuseum de \u00c1msterdam exhibe a partir de este martes (03.06.2025) un cond\u00f3n realizado alrededor de 1830, y que lleva una estampa er\u00f3tica de una En Sonora en Equipo publicamos toda la informaci\u00f3n de Sonora, M\u00e9xico y el Mundo de manera oportuna y busca que la libertad de expresi\u00f3n sea real. Visita nuestro medio informativo publicado desde Hermosillo, Sonora. %","breadcrumb":{"@id":"https:\/\/www.sonoraenequipo.com.mx\/museo-de-amsterdam-exhibe-condon-de-hace-200-anos\/#breadcrumb"},"inLanguage":"es","potentialAction":[{"@type":"ReadAction","target":["https:\/\/www.sonoraenequipo.com.mx\/museo-de-amsterdam-exhibe-condon-de-hace-200-anos\/"]}]},{"@type":"ImageObject","inLanguage":"es","@id":"https:\/\/www.sonoraenequipo.com.mx\/museo-de-amsterdam-exhibe-condon-de-hace-200-anos\/#primaryimage","url":"https:\/\/www.sonoraenequipo.com.mx\/storage\/2025\/06\/condon.jpg","contentUrl":"https:\/\/www.sonoraenequipo.com.mx\/storage\/2025\/06\/condon.jpg","width":600,"height":400,"caption":"El cond\u00f3n exhibido en el Rijksmuseum de \u00c1msterdam, Pa\u00edses Bajos.Imagen: Kelly Schenk\/Rijksmuseum\/ AP\/picture alliance"},{"@type":"BreadcrumbList","@id":"https:\/\/www.sonoraenequipo.com.mx\/museo-de-amsterdam-exhibe-condon-de-hace-200-anos\/#breadcrumb","itemListElement":[{"@type":"ListItem","position":1,"name":"Portada","item":"https:\/\/www.sonoraenequipo.com.mx\/"},{"@type":"ListItem","position":2,"name":"Museo de \u00c1msterdam exhibe cond\u00f3n de hace 200 a\u00f1os"}]},{"@type":"WebSite","@id":"https:\/\/www.sonoraenequipo.com.mx\/#website","url":"https:\/\/www.sonoraenequipo.com.mx\/","name":"Sonora en Equipo.","description":"Diario en l\u00ednea con Noticias desde Hermosillo, Sonora","publisher":{"@id":"https:\/\/www.sonoraenequipo.com.mx\/#organization"},"potentialAction":[{"@type":"SearchAction","target":{"@type":"EntryPoint","urlTemplate":"https:\/\/www.sonoraenequipo.com.mx\/?s={search_term_string}"},"query-input":{"@type":"PropertyValueSpecification","valueRequired":true,"valueName":"search_term_string"}}],"inLanguage":"es"},{"@type":"Organization","@id":"https:\/\/www.sonoraenequipo.com.mx\/#organization","name":"Sonoraenequipo.com.mx","url":"https:\/\/www.sonoraenequipo.com.mx\/","logo":{"@type":"ImageObject","inLanguage":"es","@id":"https:\/\/www.sonoraenequipo.com.mx\/#\/schema\/logo\/image\/","url":"https:\/\/www.sonoraenequipo.com.mx\/storage\/2019\/01\/sonoraenequipo_opt.png","contentUrl":"https:\/\/www.sonoraenequipo.com.mx\/storage\/2019\/01\/sonoraenequipo_opt.png","width":375,"height":125,"caption":"Sonoraenequipo.com.mx"},"image":{"@id":"https:\/\/www.sonoraenequipo.com.mx\/#\/schema\/logo\/image\/"},"sameAs":["https:\/\/www.facebook.com\/SonoraEE\/","https:\/\/x.com\/sonoraenequipo","https:\/\/www.youtube.com\/channel\/UC338nW-lPEYmJQs4ZABQ1SQ"]},{"@type":"Person","@id":"https:\/\/www.sonoraenequipo.com.mx\/#\/schema\/person\/50102df0fb23a8fa9e8effad8fa81386","name":"enequipo","image":{"@type":"ImageObject","inLanguage":"es","@id":"https:\/\/www.sonoraenequipo.com.mx\/#\/schema\/person\/image\/","url":"https:\/\/secure.gravatar.com\/avatar\/049821681b589dabc0bc20695993ccebb09f5b5d4d790cd9251b97faac7c652b?s=96&d=blank&r=g","contentUrl":"https:\/\/secure.gravatar.com\/avatar\/049821681b589dabc0bc20695993ccebb09f5b5d4d790cd9251b97faac7c652b?s=96&d=blank&r=g","caption":"enequipo"},"sameAs":["https:\/\/www.facebook.com\/SonoraEE"]}]}},"jetpack_featured_media_url":"https:\/\/www.sonoraenequipo.com.mx\/storage\/2025\/06\/condon.jpg","_links":{"self":[{"href":"https:\/\/www.sonoraenequipo.com.mx\/api\/wp\/v2\/posts\/217983","targetHints":{"allow":["GET"]}}],"collection":[{"href":"https:\/\/www.sonoraenequipo.com.mx\/api\/wp\/v2\/posts"}],"about":[{"href":"https:\/\/www.sonoraenequipo.com.mx\/api\/wp\/v2\/types\/post"}],"author":[{"embeddable":true,"href":"https:\/\/www.sonoraenequipo.com.mx\/api\/wp\/v2\/users\/1"}],"replies":[{"embeddable":true,"href":"https:\/\/www.sonoraenequipo.com.mx\/api\/wp\/v2\/comments?post=217983"}],"version-history":[{"count":1,"href":"https:\/\/www.sonoraenequipo.com.mx\/api\/wp\/v2\/posts\/217983\/revisions"}],"predecessor-version":[{"id":217985,"href":"https:\/\/www.sonoraenequipo.com.mx\/api\/wp\/v2\/posts\/217983\/revisions\/217985"}],"wp:featuredmedia":[{"embeddable":true,"href":"https:\/\/www.sonoraenequipo.com.mx\/api\/wp\/v2\/media\/217984"}],"wp:attachment":[{"href":"https:\/\/www.sonoraenequipo.com.mx\/api\/wp\/v2\/media?parent=217983"}],"wp:term":[{"taxonomy":"category","embeddable":true,"href":"https:\/\/www.sonoraenequipo.com.mx\/api\/wp\/v2\/categories?post=217983"},{"taxonomy":"post_tag","embeddable":true,"href":"https:\/\/www.sonoraenequipo.com.mx\/api\/wp\/v2\/tags?post=217983"}],"curies":[{"name":"wp","href":"https:\/\/api.w.org\/{rel}","templated":true}]}}