{"id":217988,"date":"2025-06-18T11:55:45","date_gmt":"2025-06-18T18:55:45","guid":{"rendered":"https:\/\/www.sonoraenequipo.com.mx\/?p=217988"},"modified":"2025-06-18T11:55:45","modified_gmt":"2025-06-18T18:55:45","slug":"capturan-policia-de-hermosillo-y-sedena-a-motociclista-armado-tras-balear-vehiculo-luego-de-hecho-vial","status":"publish","type":"post","link":"https:\/\/www.sonoraenequipo.com.mx\/capturan-policia-de-hermosillo-y-sedena-a-motociclista-armado-tras-balear-vehiculo-luego-de-hecho-vial\/","title":{"rendered":"Capturan Polic\u00eda de Hermosillo y Sedena a motociclista armado tras balear veh\u00edculo luego de \u00a0hecho vial"},"content":{"rendered":"<p>&nbsp;<\/p>\n<p><strong>HERMOSILLO, SONORA, MX.<\/strong> \u2014 Con el apoyo en el acordonamiento del Ej\u00e9rcito, oficiales preventivos detuvieron a un motociclista en posesi\u00f3n de un arma de fuego cargada con 12 tiros \u00fatiles.<\/p>\n<p>&nbsp;<\/p>\n<p>Adri\u00e1n \u00abN\u00bb de 39 a\u00f1os de edad,\u00a0 el arma de fuego de calibre 9 mil\u00edmetros y los cartuchos quedaron a disposici\u00f3n del Ministerio P\u00fablico.<\/p>\n<p>&nbsp;<\/p>\n<p>Eras\u00a0 las 19:30 horas de ayer, cuando se report\u00f3 un percance vial en las calles Pueblo del Sol Sur y Arroyo Agua Escondida.<\/p>\n<p>&nbsp;<\/p>\n<p>El reportante de 39 a\u00f1os de edad, cont\u00f3 que un motociclista le cerr\u00f3 el paso cuando conduc\u00eda su autom\u00f3vil tipo sed\u00e1n, de la l\u00ednea March.<\/p>\n<p>&nbsp;<\/p>\n<p>Dijo que eso provoc\u00f3 que la moto de la marca Honda, linea 150 se impactar\u00e1 del lado izquierdo, para luego el abordante disparar tres veces al sed\u00e1n causando da\u00f1os en la carrocer\u00eda.<\/p>\n<p>&nbsp;<\/p>\n<p>De inmediato los agentes municipales metros adelante interceptaron al motociclista, a quien le encontraron fajada a la altura de la cintura la pistola descrita.<\/p>\n<p><strong>Fecha de publicaci\u00f3n mi\u00e9rcoles 18 de junio de 2025<\/strong><\/p>\n","protected":false},"excerpt":{"rendered":"<p>&nbsp; HERMOSILLO, SONORA, MX. \u2014 Con el apoyo en el acordonamiento del Ej\u00e9rcito, oficiales preventivos&#8230;<\/p>\n","protected":false},"author":1,"featured_media":84737,"comment_status":"open","ping_status":"open","sticky":false,"template":"","format":"standard","meta":{"_monsterinsights_skip_tracking":false,"_monsterinsights_sitenote_active":false,"_monsterinsights_sitenote_note":"","_monsterinsights_sitenote_category":0,"footnotes":""},"categories":[3144],"tags":[35,299],"class_list":["post"],"yoast_head":" \n<title>Sonora en Equipo. Capturan Polic\u00eda de Hermosillo y Sedena a motociclista armado tras balear veh\u00edculo luego de \u00a0hecho vial Polic\u00edaca<\/title>\n<meta name=\"description\" content=\"&nbsp; HERMOSILLO, SONORA, MX. \u2014 Con el apoyo en el acordonamiento del Ej\u00e9rcito, oficiales preventivos detuvieron a un motociclista en posesi\u00f3n de un arma En Sonora en Equipo publicamos toda la informaci\u00f3n de Sonora, M\u00e9xico y el Mundo de manera oportuna y busca que la libertad de expresi\u00f3n sea real. Visita nuestro medio informativo publicado desde Hermosillo, Sonora. %\" \/>\n<meta name=\"robots\" content=\"index, follow, max-snippet:-1, max-image-preview:large, max-video-preview:-1\" \/>\n<link rel=\"canonical\" href=\"https:\/\/www.sonoraenequipo.com.mx\/capturan-policia-de-hermosillo-y-sedena-a-motociclista-armado-tras-balear-vehiculo-luego-de-hecho-vial\/\" \/>\n<meta property=\"og:locale\" content=\"es_ES\" \/>\n<meta property=\"og:type\" content=\"article\" \/>\n<meta property=\"og:title\" content=\"Sonora en Equipo. Capturan Polic\u00eda de Hermosillo y Sedena a motociclista armado tras balear veh\u00edculo luego de \u00a0hecho vial Polic\u00edaca\" \/>\n<meta property=\"og:description\" content=\"&nbsp; HERMOSILLO, SONORA, MX. \u2014 Con el apoyo en el acordonamiento del Ej\u00e9rcito, oficiales preventivos detuvieron a un motociclista en posesi\u00f3n de un arma En Sonora en Equipo publicamos toda la informaci\u00f3n de Sonora, M\u00e9xico y el Mundo de manera oportuna y busca que la libertad de expresi\u00f3n sea real. Visita nuestro medio informativo publicado desde Hermosillo, Sonora. %\" \/>\n<meta property=\"og:url\" content=\"https:\/\/www.sonoraenequipo.com.mx\/capturan-policia-de-hermosillo-y-sedena-a-motociclista-armado-tras-balear-vehiculo-luego-de-hecho-vial\/\" \/>\n<meta property=\"og:site_name\" content=\"Sonora en Equipo.\" \/>\n<meta property=\"article:publisher\" content=\"https:\/\/www.facebook.com\/SonoraEE\/\" \/>\n<meta property=\"article:author\" content=\"https:\/\/www.facebook.com\/SonoraEE\" \/>\n<meta property=\"article:published_time\" content=\"2025-06-18T18:55:45+00:00\" \/>\n<meta property=\"og:image\" content=\"https:\/\/www.sonoraenequipo.com.mx\/storage\/2020\/05\/bang-pistola.jpg\" \/>\n\t<meta property=\"og:image:width\" content=\"600\" \/>\n\t<meta property=\"og:image:height\" content=\"400\" \/>\n\t<meta property=\"og:image:type\" content=\"image\/jpeg\" \/>\n<meta name=\"author\" content=\"enequipo\" \/>\n<meta name=\"twitter:card\" content=\"summary_large_image\" \/>\n<meta name=\"twitter:creator\" content=\"@sonoraenequipo\" \/>\n<meta name=\"twitter:site\" content=\"@sonoraenequipo\" \/>\n<meta name=\"twitter:label1\" content=\"Escrito por\" \/>\n\t<meta name=\"twitter:data1\" content=\"enequipo\" \/>\n\t<meta name=\"twitter:label2\" content=\"Tiempo de lectura\" \/>\n\t<meta name=\"twitter:data2\" content=\"1 minuto\" \/>\n<script type=\"application\/ld+json\" class=\"yoast-schema-graph\">{\"@context\":\"https:\/\/schema.org\",\"@graph\":[{\"@type\":\"Article\",\"@id\":\"https:\/\/www.sonoraenequipo.com.mx\/capturan-policia-de-hermosillo-y-sedena-a-motociclista-armado-tras-balear-vehiculo-luego-de-hecho-vial\/#article\",\"isPartOf\":{\"@id\":\"https:\/\/www.sonoraenequipo.com.mx\/capturan-policia-de-hermosillo-y-sedena-a-motociclista-armado-tras-balear-vehiculo-luego-de-hecho-vial\/\"},\"author\":{\"name\":\"enequipo\",\"@id\":\"https:\/\/www.sonoraenequipo.com.mx\/#\/schema\/person\/50102df0fb23a8fa9e8effad8fa81386\"},\"headline\":\"Capturan Polic\u00eda de Hermosillo y Sedena a motociclista armado tras balear veh\u00edculo luego de \u00a0hecho vial\",\"datePublished\":\"2025-06-18T18:55:45+00:00\",\"mainEntityOfPage\":{\"@id\":\"https:\/\/www.sonoraenequipo.com.mx\/capturan-policia-de-hermosillo-y-sedena-a-motociclista-armado-tras-balear-vehiculo-luego-de-hecho-vial\/\"},\"wordCount\":199,\"commentCount\":0,\"publisher\":{\"@id\":\"https:\/\/www.sonoraenequipo.com.mx\/#organization\"},\"image\":{\"@id\":\"https:\/\/www.sonoraenequipo.com.mx\/capturan-policia-de-hermosillo-y-sedena-a-motociclista-armado-tras-balear-vehiculo-luego-de-hecho-vial\/#primaryimage\"},\"thumbnailUrl\":\"https:\/\/www.sonoraenequipo.com.mx\/storage\/2020\/05\/bang-pistola.jpg\",\"keywords\":[\"hermosillo\",\"inseguridad\"],\"articleSection\":[\"Polic\u00edaca\"],\"inLanguage\":\"es\",\"potentialAction\":[{\"@type\":\"CommentAction\",\"name\":\"Comment\",\"target\":[\"https:\/\/www.sonoraenequipo.com.mx\/capturan-policia-de-hermosillo-y-sedena-a-motociclista-armado-tras-balear-vehiculo-luego-de-hecho-vial\/#respond\"]}]},{\"@type\":\"WebPage\",\"@id\":\"https:\/\/www.sonoraenequipo.com.mx\/capturan-policia-de-hermosillo-y-sedena-a-motociclista-armado-tras-balear-vehiculo-luego-de-hecho-vial\/\",\"url\":\"https:\/\/www.sonoraenequipo.com.mx\/capturan-policia-de-hermosillo-y-sedena-a-motociclista-armado-tras-balear-vehiculo-luego-de-hecho-vial\/\",\"name\":\"Sonora en Equipo. Capturan Polic\u00eda de Hermosillo y Sedena a motociclista armado tras balear veh\u00edculo luego de \u00a0hecho vial Polic\u00edaca\",\"isPartOf\":{\"@id\":\"https:\/\/www.sonoraenequipo.com.mx\/#website\"},\"primaryImageOfPage\":{\"@id\":\"https:\/\/www.sonoraenequipo.com.mx\/capturan-policia-de-hermosillo-y-sedena-a-motociclista-armado-tras-balear-vehiculo-luego-de-hecho-vial\/#primaryimage\"},\"image\":{\"@id\":\"https:\/\/www.sonoraenequipo.com.mx\/capturan-policia-de-hermosillo-y-sedena-a-motociclista-armado-tras-balear-vehiculo-luego-de-hecho-vial\/#primaryimage\"},\"thumbnailUrl\":\"https:\/\/www.sonoraenequipo.com.mx\/storage\/2020\/05\/bang-pistola.jpg\",\"datePublished\":\"2025-06-18T18:55:45+00:00\",\"description\":\"&nbsp; HERMOSILLO, SONORA, MX. \u2014 Con el apoyo en el acordonamiento del Ej\u00e9rcito, oficiales preventivos detuvieron a un motociclista en posesi\u00f3n de un arma En Sonora en Equipo publicamos toda la informaci\u00f3n de Sonora, M\u00e9xico y el Mundo de manera oportuna y busca que la libertad de expresi\u00f3n sea real. Visita nuestro medio informativo publicado desde Hermosillo, Sonora. %\",\"breadcrumb\":{\"@id\":\"https:\/\/www.sonoraenequipo.com.mx\/capturan-policia-de-hermosillo-y-sedena-a-motociclista-armado-tras-balear-vehiculo-luego-de-hecho-vial\/#breadcrumb\"},\"inLanguage\":\"es\",\"potentialAction\":[{\"@type\":\"ReadAction\",\"target\":[\"https:\/\/www.sonoraenequipo.com.mx\/capturan-policia-de-hermosillo-y-sedena-a-motociclista-armado-tras-balear-vehiculo-luego-de-hecho-vial\/\"]}]},{\"@type\":\"ImageObject\",\"inLanguage\":\"es\",\"@id\":\"https:\/\/www.sonoraenequipo.com.mx\/capturan-policia-de-hermosillo-y-sedena-a-motociclista-armado-tras-balear-vehiculo-luego-de-hecho-vial\/#primaryimage\",\"url\":\"https:\/\/www.sonoraenequipo.com.mx\/storage\/2020\/05\/bang-pistola.jpg\",\"contentUrl\":\"https:\/\/www.sonoraenequipo.com.mx\/storage\/2020\/05\/bang-pistola.jpg\",\"width\":600,\"height\":400,\"caption\":\"Imagen ilustrativa. Archivo\"},{\"@type\":\"BreadcrumbList\",\"@id\":\"https:\/\/www.sonoraenequipo.com.mx\/capturan-policia-de-hermosillo-y-sedena-a-motociclista-armado-tras-balear-vehiculo-luego-de-hecho-vial\/#breadcrumb\",\"itemListElement\":[{\"@type\":\"ListItem\",\"position\":1,\"name\":\"Portada\",\"item\":\"https:\/\/www.sonoraenequipo.com.mx\/\"},{\"@type\":\"ListItem\",\"position\":2,\"name\":\"Capturan Polic\u00eda de Hermosillo y Sedena a motociclista armado tras balear veh\u00edculo luego de \u00a0hecho vial\"}]},{\"@type\":\"WebSite\",\"@id\":\"https:\/\/www.sonoraenequipo.com.mx\/#website\",\"url\":\"https:\/\/www.sonoraenequipo.com.mx\/\",\"name\":\"Sonora en Equipo.\",\"description\":\"Diario en l\u00ednea con Noticias desde Hermosillo, Sonora\",\"publisher\":{\"@id\":\"https:\/\/www.sonoraenequipo.com.mx\/#organization\"},\"potentialAction\":[{\"@type\":\"SearchAction\",\"target\":{\"@type\":\"EntryPoint\",\"urlTemplate\":\"https:\/\/www.sonoraenequipo.com.mx\/?s={search_term_string}\"},\"query-input\":{\"@type\":\"PropertyValueSpecification\",\"valueRequired\":true,\"valueName\":\"search_term_string\"}}],\"inLanguage\":\"es\"},{\"@type\":\"Organization\",\"@id\":\"https:\/\/www.sonoraenequipo.com.mx\/#organization\",\"name\":\"Sonoraenequipo.com.mx\",\"url\":\"https:\/\/www.sonoraenequipo.com.mx\/\",\"logo\":{\"@type\":\"ImageObject\",\"inLanguage\":\"es\",\"@id\":\"https:\/\/www.sonoraenequipo.com.mx\/#\/schema\/logo\/image\/\",\"url\":\"https:\/\/www.sonoraenequipo.com.mx\/storage\/2019\/01\/sonoraenequipo_opt.png\",\"contentUrl\":\"https:\/\/www.sonoraenequipo.com.mx\/storage\/2019\/01\/sonoraenequipo_opt.png\",\"width\":375,\"height\":125,\"caption\":\"Sonoraenequipo.com.mx\"},\"image\":{\"@id\":\"https:\/\/www.sonoraenequipo.com.mx\/#\/schema\/logo\/image\/\"},\"sameAs\":[\"https:\/\/www.facebook.com\/SonoraEE\/\",\"https:\/\/x.com\/sonoraenequipo\",\"https:\/\/www.youtube.com\/channel\/UC338nW-lPEYmJQs4ZABQ1SQ\"]},{\"@type\":\"Person\",\"@id\":\"https:\/\/www.sonoraenequipo.com.mx\/#\/schema\/person\/50102df0fb23a8fa9e8effad8fa81386\",\"name\":\"enequipo\",\"image\":{\"@type\":\"ImageObject\",\"inLanguage\":\"es\",\"@id\":\"https:\/\/www.sonoraenequipo.com.mx\/#\/schema\/person\/image\/\",\"url\":\"https:\/\/secure.gravatar.com\/avatar\/049821681b589dabc0bc20695993ccebb09f5b5d4d790cd9251b97faac7c652b?s=96&d=blank&r=g\",\"contentUrl\":\"https:\/\/secure.gravatar.com\/avatar\/049821681b589dabc0bc20695993ccebb09f5b5d4d790cd9251b97faac7c652b?s=96&d=blank&r=g\",\"caption\":\"enequipo\"},\"sameAs\":[\"https:\/\/www.facebook.com\/SonoraEE\"]}]}<\/script>\n ","yoast_head_json":{"title":"Sonora en Equipo. Capturan Polic\u00eda de Hermosillo y Sedena a motociclista armado tras balear veh\u00edculo luego de \u00a0hecho vial Polic\u00edaca","description":"&nbsp; HERMOSILLO, SONORA, MX. \u2014 Con el apoyo en el acordonamiento del Ej\u00e9rcito, oficiales preventivos detuvieron a un motociclista en posesi\u00f3n de un arma En Sonora en Equipo publicamos toda la informaci\u00f3n de Sonora, M\u00e9xico y el Mundo de manera oportuna y busca que la libertad de expresi\u00f3n sea real. Visita nuestro medio informativo publicado desde Hermosillo, Sonora. %","robots":{"index":"index","follow":"follow","max-snippet":"max-snippet:-1","max-image-preview":"max-image-preview:large","max-video-preview":"max-video-preview:-1"},"canonical":"https:\/\/www.sonoraenequipo.com.mx\/capturan-policia-de-hermosillo-y-sedena-a-motociclista-armado-tras-balear-vehiculo-luego-de-hecho-vial\/","og_locale":"es_ES","og_type":"article","og_title":"Sonora en Equipo. Capturan Polic\u00eda de Hermosillo y Sedena a motociclista armado tras balear veh\u00edculo luego de \u00a0hecho vial Polic\u00edaca","og_description":"&nbsp; HERMOSILLO, SONORA, MX. \u2014 Con el apoyo en el acordonamiento del Ej\u00e9rcito, oficiales preventivos detuvieron a un motociclista en posesi\u00f3n de un arma En Sonora en Equipo publicamos toda la informaci\u00f3n de Sonora, M\u00e9xico y el Mundo de manera oportuna y busca que la libertad de expresi\u00f3n sea real. Visita nuestro medio informativo publicado desde Hermosillo, Sonora. %","og_url":"https:\/\/www.sonoraenequipo.com.mx\/capturan-policia-de-hermosillo-y-sedena-a-motociclista-armado-tras-balear-vehiculo-luego-de-hecho-vial\/","og_site_name":"Sonora en Equipo.","article_publisher":"https:\/\/www.facebook.com\/SonoraEE\/","article_author":"https:\/\/www.facebook.com\/SonoraEE","article_published_time":"2025-06-18T18:55:45+00:00","og_image":[{"width":600,"height":400,"url":"https:\/\/www.sonoraenequipo.com.mx\/storage\/2020\/05\/bang-pistola.jpg","type":"image\/jpeg"}],"author":"enequipo","twitter_card":"summary_large_image","twitter_creator":"@sonoraenequipo","twitter_site":"@sonoraenequipo","twitter_misc":{"Escrito por":"enequipo","Tiempo de lectura":"1 minuto"},"schema":{"@context":"https:\/\/schema.org","@graph":[{"@type":"Article","@id":"https:\/\/www.sonoraenequipo.com.mx\/capturan-policia-de-hermosillo-y-sedena-a-motociclista-armado-tras-balear-vehiculo-luego-de-hecho-vial\/#article","isPartOf":{"@id":"https:\/\/www.sonoraenequipo.com.mx\/capturan-policia-de-hermosillo-y-sedena-a-motociclista-armado-tras-balear-vehiculo-luego-de-hecho-vial\/"},"author":{"name":"enequipo","@id":"https:\/\/www.sonoraenequipo.com.mx\/#\/schema\/person\/50102df0fb23a8fa9e8effad8fa81386"},"headline":"Capturan Polic\u00eda de Hermosillo y Sedena a motociclista armado tras balear veh\u00edculo luego de \u00a0hecho vial","datePublished":"2025-06-18T18:55:45+00:00","mainEntityOfPage":{"@id":"https:\/\/www.sonoraenequipo.com.mx\/capturan-policia-de-hermosillo-y-sedena-a-motociclista-armado-tras-balear-vehiculo-luego-de-hecho-vial\/"},"wordCount":199,"commentCount":0,"publisher":{"@id":"https:\/\/www.sonoraenequipo.com.mx\/#organization"},"image":{"@id":"https:\/\/www.sonoraenequipo.com.mx\/capturan-policia-de-hermosillo-y-sedena-a-motociclista-armado-tras-balear-vehiculo-luego-de-hecho-vial\/#primaryimage"},"thumbnailUrl":"https:\/\/www.sonoraenequipo.com.mx\/storage\/2020\/05\/bang-pistola.jpg","keywords":["hermosillo","inseguridad"],"articleSection":["Polic\u00edaca"],"inLanguage":"es","potentialAction":[{"@type":"CommentAction","name":"Comment","target":["https:\/\/www.sonoraenequipo.com.mx\/capturan-policia-de-hermosillo-y-sedena-a-motociclista-armado-tras-balear-vehiculo-luego-de-hecho-vial\/#respond"]}]},{"@type":"WebPage","@id":"https:\/\/www.sonoraenequipo.com.mx\/capturan-policia-de-hermosillo-y-sedena-a-motociclista-armado-tras-balear-vehiculo-luego-de-hecho-vial\/","url":"https:\/\/www.sonoraenequipo.com.mx\/capturan-policia-de-hermosillo-y-sedena-a-motociclista-armado-tras-balear-vehiculo-luego-de-hecho-vial\/","name":"Sonora en Equipo. Capturan Polic\u00eda de Hermosillo y Sedena a motociclista armado tras balear veh\u00edculo luego de \u00a0hecho vial Polic\u00edaca","isPartOf":{"@id":"https:\/\/www.sonoraenequipo.com.mx\/#website"},"primaryImageOfPage":{"@id":"https:\/\/www.sonoraenequipo.com.mx\/capturan-policia-de-hermosillo-y-sedena-a-motociclista-armado-tras-balear-vehiculo-luego-de-hecho-vial\/#primaryimage"},"image":{"@id":"https:\/\/www.sonoraenequipo.com.mx\/capturan-policia-de-hermosillo-y-sedena-a-motociclista-armado-tras-balear-vehiculo-luego-de-hecho-vial\/#primaryimage"},"thumbnailUrl":"https:\/\/www.sonoraenequipo.com.mx\/storage\/2020\/05\/bang-pistola.jpg","datePublished":"2025-06-18T18:55:45+00:00","description":"&nbsp; HERMOSILLO, SONORA, MX. \u2014 Con el apoyo en el acordonamiento del Ej\u00e9rcito, oficiales preventivos detuvieron a un motociclista en posesi\u00f3n de un arma En Sonora en Equipo publicamos toda la informaci\u00f3n de Sonora, M\u00e9xico y el Mundo de manera oportuna y busca que la libertad de expresi\u00f3n sea real. Visita nuestro medio informativo publicado desde Hermosillo, Sonora. %","breadcrumb":{"@id":"https:\/\/www.sonoraenequipo.com.mx\/capturan-policia-de-hermosillo-y-sedena-a-motociclista-armado-tras-balear-vehiculo-luego-de-hecho-vial\/#breadcrumb"},"inLanguage":"es","potentialAction":[{"@type":"ReadAction","target":["https:\/\/www.sonoraenequipo.com.mx\/capturan-policia-de-hermosillo-y-sedena-a-motociclista-armado-tras-balear-vehiculo-luego-de-hecho-vial\/"]}]},{"@type":"ImageObject","inLanguage":"es","@id":"https:\/\/www.sonoraenequipo.com.mx\/capturan-policia-de-hermosillo-y-sedena-a-motociclista-armado-tras-balear-vehiculo-luego-de-hecho-vial\/#primaryimage","url":"https:\/\/www.sonoraenequipo.com.mx\/storage\/2020\/05\/bang-pistola.jpg","contentUrl":"https:\/\/www.sonoraenequipo.com.mx\/storage\/2020\/05\/bang-pistola.jpg","width":600,"height":400,"caption":"Imagen ilustrativa. Archivo"},{"@type":"BreadcrumbList","@id":"https:\/\/www.sonoraenequipo.com.mx\/capturan-policia-de-hermosillo-y-sedena-a-motociclista-armado-tras-balear-vehiculo-luego-de-hecho-vial\/#breadcrumb","itemListElement":[{"@type":"ListItem","position":1,"name":"Portada","item":"https:\/\/www.sonoraenequipo.com.mx\/"},{"@type":"ListItem","position":2,"name":"Capturan Polic\u00eda de Hermosillo y Sedena a motociclista armado tras balear veh\u00edculo luego de \u00a0hecho vial"}]},{"@type":"WebSite","@id":"https:\/\/www.sonoraenequipo.com.mx\/#website","url":"https:\/\/www.sonoraenequipo.com.mx\/","name":"Sonora en Equipo.","description":"Diario en l\u00ednea con Noticias desde Hermosillo, Sonora","publisher":{"@id":"https:\/\/www.sonoraenequipo.com.mx\/#organization"},"potentialAction":[{"@type":"SearchAction","target":{"@type":"EntryPoint","urlTemplate":"https:\/\/www.sonoraenequipo.com.mx\/?s={search_term_string}"},"query-input":{"@type":"PropertyValueSpecification","valueRequired":true,"valueName":"search_term_string"}}],"inLanguage":"es"},{"@type":"Organization","@id":"https:\/\/www.sonoraenequipo.com.mx\/#organization","name":"Sonoraenequipo.com.mx","url":"https:\/\/www.sonoraenequipo.com.mx\/","logo":{"@type":"ImageObject","inLanguage":"es","@id":"https:\/\/www.sonoraenequipo.com.mx\/#\/schema\/logo\/image\/","url":"https:\/\/www.sonoraenequipo.com.mx\/storage\/2019\/01\/sonoraenequipo_opt.png","contentUrl":"https:\/\/www.sonoraenequipo.com.mx\/storage\/2019\/01\/sonoraenequipo_opt.png","width":375,"height":125,"caption":"Sonoraenequipo.com.mx"},"image":{"@id":"https:\/\/www.sonoraenequipo.com.mx\/#\/schema\/logo\/image\/"},"sameAs":["https:\/\/www.facebook.com\/SonoraEE\/","https:\/\/x.com\/sonoraenequipo","https:\/\/www.youtube.com\/channel\/UC338nW-lPEYmJQs4ZABQ1SQ"]},{"@type":"Person","@id":"https:\/\/www.sonoraenequipo.com.mx\/#\/schema\/person\/50102df0fb23a8fa9e8effad8fa81386","name":"enequipo","image":{"@type":"ImageObject","inLanguage":"es","@id":"https:\/\/www.sonoraenequipo.com.mx\/#\/schema\/person\/image\/","url":"https:\/\/secure.gravatar.com\/avatar\/049821681b589dabc0bc20695993ccebb09f5b5d4d790cd9251b97faac7c652b?s=96&d=blank&r=g","contentUrl":"https:\/\/secure.gravatar.com\/avatar\/049821681b589dabc0bc20695993ccebb09f5b5d4d790cd9251b97faac7c652b?s=96&d=blank&r=g","caption":"enequipo"},"sameAs":["https:\/\/www.facebook.com\/SonoraEE"]}]}},"jetpack_featured_media_url":"https:\/\/www.sonoraenequipo.com.mx\/storage\/2020\/05\/bang-pistola.jpg","_links":{"self":[{"href":"https:\/\/www.sonoraenequipo.com.mx\/api\/wp\/v2\/posts\/217988","targetHints":{"allow":["GET"]}}],"collection":[{"href":"https:\/\/www.sonoraenequipo.com.mx\/api\/wp\/v2\/posts"}],"about":[{"href":"https:\/\/www.sonoraenequipo.com.mx\/api\/wp\/v2\/types\/post"}],"author":[{"embeddable":true,"href":"https:\/\/www.sonoraenequipo.com.mx\/api\/wp\/v2\/users\/1"}],"replies":[{"embeddable":true,"href":"https:\/\/www.sonoraenequipo.com.mx\/api\/wp\/v2\/comments?post=217988"}],"version-history":[{"count":1,"href":"https:\/\/www.sonoraenequipo.com.mx\/api\/wp\/v2\/posts\/217988\/revisions"}],"predecessor-version":[{"id":217989,"href":"https:\/\/www.sonoraenequipo.com.mx\/api\/wp\/v2\/posts\/217988\/revisions\/217989"}],"wp:featuredmedia":[{"embeddable":true,"href":"https:\/\/www.sonoraenequipo.com.mx\/api\/wp\/v2\/media\/84737"}],"wp:attachment":[{"href":"https:\/\/www.sonoraenequipo.com.mx\/api\/wp\/v2\/media?parent=217988"}],"wp:term":[{"taxonomy":"category","embeddable":true,"href":"https:\/\/www.sonoraenequipo.com.mx\/api\/wp\/v2\/categories?post=217988"},{"taxonomy":"post_tag","embeddable":true,"href":"https:\/\/www.sonoraenequipo.com.mx\/api\/wp\/v2\/tags?post=217988"}],"curies":[{"name":"wp","href":"https:\/\/api.w.org\/{rel}","templated":true}]}}