{"id":217997,"date":"2025-06-18T13:00:24","date_gmt":"2025-06-18T20:00:24","guid":{"rendered":"https:\/\/www.sonoraenequipo.com.mx\/?p=217997"},"modified":"2025-06-18T13:00:24","modified_gmt":"2025-06-18T20:00:24","slug":"acuden-mas-de-3-mil-contribuyentes-al-dia-del-predial-del-gobierno-de-hermosillo","status":"publish","type":"post","link":"https:\/\/www.sonoraenequipo.com.mx\/acuden-mas-de-3-mil-contribuyentes-al-dia-del-predial-del-gobierno-de-hermosillo\/","title":{"rendered":"Acuden m\u00e1s de 3 mil contribuyentes al D\u00eda del Predial del gobierno de Hermosillo"},"content":{"rendered":"<ul>\n<li>Anuncia del 17 al 30 de junio descuentos en el impuesto predial para due\u00f1os de lotes bald\u00edo<\/li>\n<\/ul>\n<p><strong>HERMOSILLO, SONORA, MX.<\/strong> \u2014 M\u00e1s de 3 mil contribuyentes aprovecharon las promociones que se ofrecieron en el primer D\u00eda del Predial que se celebr\u00f3 por Tesorer\u00eda Municipal este 16 de junio con atractivos descuentos, en especial para quienes ten\u00edan m\u00e1s de 5 a\u00f1os de adeudos.<\/p>\n<p>&nbsp;<\/p>\n<p>Yazmina Anaya Camargo, directora de Ingresos de Tesorer\u00eda Municipal, dijo que esta fecha ya quedar\u00e1 institucionalizada, por lo que cada a\u00f1o se ofrecer\u00e1n descuentos especiales.<\/p>\n<p>&nbsp;<\/p>\n<p>Anaya Camargo record\u00f3 que hubo descuentos en recargos, en multas y hasta en la base del impuesto para todo tipo de contribuyentes, como comerciales, industriales, casa habitaci\u00f3n, bald\u00edos y todo tipo de predios.<\/p>\n<p>&nbsp;<\/p>\n<p>Fue en las oficinas centrales, ubicadas en la calle Veracruz y Reyes, desde las ocho de la ma\u00f1ana, hasta que se atendi\u00f3 al \u00faltimo contribuyente.<\/p>\n<p>&nbsp;<\/p>\n<p>Inicia Programa \u00abGrandes Descuentos en Tu Bald\u00edo\u00bb<\/p>\n<p>&nbsp;<\/p>\n<p>Anaya Camargo mencion\u00f3 adem\u00e1s, que del 17 al 30 de junio estar\u00e1 disponible el Programa \u00abGrandes Descuentos en Tu Bald\u00edo\u00bb, por el cual los due\u00f1os de lotes bald\u00edos podr\u00e1n ponerse al d\u00eda en el pago de su impuesto predial, debido a que tendr\u00e1n 100 por ciento de descuento en recargo y multa, as\u00ed como 15 por ciento de descuento en la base 2025, tal como as\u00ed se hubiera liquidado en enero.<\/p>\n<p><strong>Fecha de publicaci\u00f3n mi\u00e9rcoles 18 de junio de 2025<\/strong><\/p>\n","protected":false},"excerpt":{"rendered":"<p>Anuncia del 17 al 30 de junio descuentos en el impuesto predial para due\u00f1os de&#8230;<\/p>\n","protected":false},"author":1,"featured_media":217999,"comment_status":"open","ping_status":"open","sticky":false,"template":"","format":"standard","meta":{"_monsterinsights_skip_tracking":false,"_monsterinsights_sitenote_active":false,"_monsterinsights_sitenote_note":"","_monsterinsights_sitenote_category":0,"footnotes":""},"categories":[4],"tags":[11384,6836,35],"class_list":["post"],"yoast_head":" \n<title>Sonora en Equipo. Acuden m\u00e1s de 3 mil contribuyentes al D\u00eda del Predial del gobierno de Hermosillo Municipios<\/title>\n<meta name=\"description\" content=\"Anuncia del 17 al 30 de junio descuentos en el impuesto predial para due\u00f1os de lotes bald\u00edo HERMOSILLO, SONORA, MX. \u2014 M\u00e1s de 3 mil contribuyentes En Sonora en Equipo publicamos toda la informaci\u00f3n de Sonora, M\u00e9xico y el Mundo de manera oportuna y busca que la libertad de expresi\u00f3n sea real. Visita nuestro medio informativo publicado desde Hermosillo, Sonora. %\" \/>\n<meta name=\"robots\" content=\"index, follow, max-snippet:-1, max-image-preview:large, max-video-preview:-1\" \/>\n<link rel=\"canonical\" href=\"https:\/\/www.sonoraenequipo.com.mx\/acuden-mas-de-3-mil-contribuyentes-al-dia-del-predial-del-gobierno-de-hermosillo\/\" \/>\n<meta property=\"og:locale\" content=\"es_ES\" \/>\n<meta property=\"og:type\" content=\"article\" \/>\n<meta property=\"og:title\" content=\"Sonora en Equipo. Acuden m\u00e1s de 3 mil contribuyentes al D\u00eda del Predial del gobierno de Hermosillo Municipios\" \/>\n<meta property=\"og:description\" content=\"Anuncia del 17 al 30 de junio descuentos en el impuesto predial para due\u00f1os de lotes bald\u00edo HERMOSILLO, SONORA, MX. \u2014 M\u00e1s de 3 mil contribuyentes En Sonora en Equipo publicamos toda la informaci\u00f3n de Sonora, M\u00e9xico y el Mundo de manera oportuna y busca que la libertad de expresi\u00f3n sea real. Visita nuestro medio informativo publicado desde Hermosillo, Sonora. %\" \/>\n<meta property=\"og:url\" content=\"https:\/\/www.sonoraenequipo.com.mx\/acuden-mas-de-3-mil-contribuyentes-al-dia-del-predial-del-gobierno-de-hermosillo\/\" \/>\n<meta property=\"og:site_name\" content=\"Sonora en Equipo.\" \/>\n<meta property=\"article:publisher\" content=\"https:\/\/www.facebook.com\/SonoraEE\/\" \/>\n<meta property=\"article:author\" content=\"https:\/\/www.facebook.com\/SonoraEE\" \/>\n<meta property=\"article:published_time\" content=\"2025-06-18T20:00:24+00:00\" \/>\n<meta property=\"og:image\" content=\"https:\/\/www.sonoraenequipo.com.mx\/storage\/2025\/06\/predial.jpg\" \/>\n\t<meta property=\"og:image:width\" content=\"600\" \/>\n\t<meta property=\"og:image:height\" content=\"374\" \/>\n\t<meta property=\"og:image:type\" content=\"image\/jpeg\" \/>\n<meta name=\"author\" content=\"enequipo\" \/>\n<meta name=\"twitter:card\" content=\"summary_large_image\" \/>\n<meta name=\"twitter:creator\" content=\"@sonoraenequipo\" \/>\n<meta name=\"twitter:site\" content=\"@sonoraenequipo\" \/>\n<meta name=\"twitter:label1\" content=\"Escrito por\" \/>\n\t<meta name=\"twitter:data1\" content=\"enequipo\" \/>\n\t<meta name=\"twitter:label2\" content=\"Tiempo de lectura\" \/>\n\t<meta name=\"twitter:data2\" content=\"1 minuto\" \/>\n<script type=\"application\/ld+json\" class=\"yoast-schema-graph\">{\"@context\":\"https:\/\/schema.org\",\"@graph\":[{\"@type\":\"Article\",\"@id\":\"https:\/\/www.sonoraenequipo.com.mx\/acuden-mas-de-3-mil-contribuyentes-al-dia-del-predial-del-gobierno-de-hermosillo\/#article\",\"isPartOf\":{\"@id\":\"https:\/\/www.sonoraenequipo.com.mx\/acuden-mas-de-3-mil-contribuyentes-al-dia-del-predial-del-gobierno-de-hermosillo\/\"},\"author\":{\"name\":\"enequipo\",\"@id\":\"https:\/\/www.sonoraenequipo.com.mx\/#\/schema\/person\/50102df0fb23a8fa9e8effad8fa81386\"},\"headline\":\"Acuden m\u00e1s de 3 mil contribuyentes al D\u00eda del Predial del gobierno de Hermosillo\",\"datePublished\":\"2025-06-18T20:00:24+00:00\",\"mainEntityOfPage\":{\"@id\":\"https:\/\/www.sonoraenequipo.com.mx\/acuden-mas-de-3-mil-contribuyentes-al-dia-del-predial-del-gobierno-de-hermosillo\/\"},\"wordCount\":263,\"commentCount\":0,\"publisher\":{\"@id\":\"https:\/\/www.sonoraenequipo.com.mx\/#organization\"},\"image\":{\"@id\":\"https:\/\/www.sonoraenequipo.com.mx\/acuden-mas-de-3-mil-contribuyentes-al-dia-del-predial-del-gobierno-de-hermosillo\/#primaryimage\"},\"thumbnailUrl\":\"https:\/\/www.sonoraenequipo.com.mx\/storage\/2025\/06\/predial.jpg\",\"keywords\":[\"delpredial\",\"dia\",\"hermosillo\"],\"articleSection\":[\"Municipios\"],\"inLanguage\":\"es\",\"potentialAction\":[{\"@type\":\"CommentAction\",\"name\":\"Comment\",\"target\":[\"https:\/\/www.sonoraenequipo.com.mx\/acuden-mas-de-3-mil-contribuyentes-al-dia-del-predial-del-gobierno-de-hermosillo\/#respond\"]}]},{\"@type\":\"WebPage\",\"@id\":\"https:\/\/www.sonoraenequipo.com.mx\/acuden-mas-de-3-mil-contribuyentes-al-dia-del-predial-del-gobierno-de-hermosillo\/\",\"url\":\"https:\/\/www.sonoraenequipo.com.mx\/acuden-mas-de-3-mil-contribuyentes-al-dia-del-predial-del-gobierno-de-hermosillo\/\",\"name\":\"Sonora en Equipo. Acuden m\u00e1s de 3 mil contribuyentes al D\u00eda del Predial del gobierno de Hermosillo Municipios\",\"isPartOf\":{\"@id\":\"https:\/\/www.sonoraenequipo.com.mx\/#website\"},\"primaryImageOfPage\":{\"@id\":\"https:\/\/www.sonoraenequipo.com.mx\/acuden-mas-de-3-mil-contribuyentes-al-dia-del-predial-del-gobierno-de-hermosillo\/#primaryimage\"},\"image\":{\"@id\":\"https:\/\/www.sonoraenequipo.com.mx\/acuden-mas-de-3-mil-contribuyentes-al-dia-del-predial-del-gobierno-de-hermosillo\/#primaryimage\"},\"thumbnailUrl\":\"https:\/\/www.sonoraenequipo.com.mx\/storage\/2025\/06\/predial.jpg\",\"datePublished\":\"2025-06-18T20:00:24+00:00\",\"description\":\"Anuncia del 17 al 30 de junio descuentos en el impuesto predial para due\u00f1os de lotes bald\u00edo HERMOSILLO, SONORA, MX. \u2014 M\u00e1s de 3 mil contribuyentes En Sonora en Equipo publicamos toda la informaci\u00f3n de Sonora, M\u00e9xico y el Mundo de manera oportuna y busca que la libertad de expresi\u00f3n sea real. Visita nuestro medio informativo publicado desde Hermosillo, Sonora. %\",\"breadcrumb\":{\"@id\":\"https:\/\/www.sonoraenequipo.com.mx\/acuden-mas-de-3-mil-contribuyentes-al-dia-del-predial-del-gobierno-de-hermosillo\/#breadcrumb\"},\"inLanguage\":\"es\",\"potentialAction\":[{\"@type\":\"ReadAction\",\"target\":[\"https:\/\/www.sonoraenequipo.com.mx\/acuden-mas-de-3-mil-contribuyentes-al-dia-del-predial-del-gobierno-de-hermosillo\/\"]}]},{\"@type\":\"ImageObject\",\"inLanguage\":\"es\",\"@id\":\"https:\/\/www.sonoraenequipo.com.mx\/acuden-mas-de-3-mil-contribuyentes-al-dia-del-predial-del-gobierno-de-hermosillo\/#primaryimage\",\"url\":\"https:\/\/www.sonoraenequipo.com.mx\/storage\/2025\/06\/predial.jpg\",\"contentUrl\":\"https:\/\/www.sonoraenequipo.com.mx\/storage\/2025\/06\/predial.jpg\",\"width\":600,\"height\":374,\"caption\":\"Tesorer\u00eda de Hermosillo.Archivo\"},{\"@type\":\"BreadcrumbList\",\"@id\":\"https:\/\/www.sonoraenequipo.com.mx\/acuden-mas-de-3-mil-contribuyentes-al-dia-del-predial-del-gobierno-de-hermosillo\/#breadcrumb\",\"itemListElement\":[{\"@type\":\"ListItem\",\"position\":1,\"name\":\"Portada\",\"item\":\"https:\/\/www.sonoraenequipo.com.mx\/\"},{\"@type\":\"ListItem\",\"position\":2,\"name\":\"Acuden m\u00e1s de 3 mil contribuyentes al D\u00eda del Predial del gobierno de Hermosillo\"}]},{\"@type\":\"WebSite\",\"@id\":\"https:\/\/www.sonoraenequipo.com.mx\/#website\",\"url\":\"https:\/\/www.sonoraenequipo.com.mx\/\",\"name\":\"Sonora en Equipo.\",\"description\":\"Diario en l\u00ednea con Noticias desde Hermosillo, Sonora\",\"publisher\":{\"@id\":\"https:\/\/www.sonoraenequipo.com.mx\/#organization\"},\"potentialAction\":[{\"@type\":\"SearchAction\",\"target\":{\"@type\":\"EntryPoint\",\"urlTemplate\":\"https:\/\/www.sonoraenequipo.com.mx\/?s={search_term_string}\"},\"query-input\":{\"@type\":\"PropertyValueSpecification\",\"valueRequired\":true,\"valueName\":\"search_term_string\"}}],\"inLanguage\":\"es\"},{\"@type\":\"Organization\",\"@id\":\"https:\/\/www.sonoraenequipo.com.mx\/#organization\",\"name\":\"Sonoraenequipo.com.mx\",\"url\":\"https:\/\/www.sonoraenequipo.com.mx\/\",\"logo\":{\"@type\":\"ImageObject\",\"inLanguage\":\"es\",\"@id\":\"https:\/\/www.sonoraenequipo.com.mx\/#\/schema\/logo\/image\/\",\"url\":\"https:\/\/www.sonoraenequipo.com.mx\/storage\/2019\/01\/sonoraenequipo_opt.png\",\"contentUrl\":\"https:\/\/www.sonoraenequipo.com.mx\/storage\/2019\/01\/sonoraenequipo_opt.png\",\"width\":375,\"height\":125,\"caption\":\"Sonoraenequipo.com.mx\"},\"image\":{\"@id\":\"https:\/\/www.sonoraenequipo.com.mx\/#\/schema\/logo\/image\/\"},\"sameAs\":[\"https:\/\/www.facebook.com\/SonoraEE\/\",\"https:\/\/x.com\/sonoraenequipo\",\"https:\/\/www.youtube.com\/channel\/UC338nW-lPEYmJQs4ZABQ1SQ\"]},{\"@type\":\"Person\",\"@id\":\"https:\/\/www.sonoraenequipo.com.mx\/#\/schema\/person\/50102df0fb23a8fa9e8effad8fa81386\",\"name\":\"enequipo\",\"image\":{\"@type\":\"ImageObject\",\"inLanguage\":\"es\",\"@id\":\"https:\/\/www.sonoraenequipo.com.mx\/#\/schema\/person\/image\/\",\"url\":\"https:\/\/secure.gravatar.com\/avatar\/049821681b589dabc0bc20695993ccebb09f5b5d4d790cd9251b97faac7c652b?s=96&d=blank&r=g\",\"contentUrl\":\"https:\/\/secure.gravatar.com\/avatar\/049821681b589dabc0bc20695993ccebb09f5b5d4d790cd9251b97faac7c652b?s=96&d=blank&r=g\",\"caption\":\"enequipo\"},\"sameAs\":[\"https:\/\/www.facebook.com\/SonoraEE\"]}]}<\/script>\n ","yoast_head_json":{"title":"Sonora en Equipo. Acuden m\u00e1s de 3 mil contribuyentes al D\u00eda del Predial del gobierno de Hermosillo Municipios","description":"Anuncia del 17 al 30 de junio descuentos en el impuesto predial para due\u00f1os de lotes bald\u00edo HERMOSILLO, SONORA, MX. \u2014 M\u00e1s de 3 mil contribuyentes En Sonora en Equipo publicamos toda la informaci\u00f3n de Sonora, M\u00e9xico y el Mundo de manera oportuna y busca que la libertad de expresi\u00f3n sea real. Visita nuestro medio informativo publicado desde Hermosillo, Sonora. %","robots":{"index":"index","follow":"follow","max-snippet":"max-snippet:-1","max-image-preview":"max-image-preview:large","max-video-preview":"max-video-preview:-1"},"canonical":"https:\/\/www.sonoraenequipo.com.mx\/acuden-mas-de-3-mil-contribuyentes-al-dia-del-predial-del-gobierno-de-hermosillo\/","og_locale":"es_ES","og_type":"article","og_title":"Sonora en Equipo. Acuden m\u00e1s de 3 mil contribuyentes al D\u00eda del Predial del gobierno de Hermosillo Municipios","og_description":"Anuncia del 17 al 30 de junio descuentos en el impuesto predial para due\u00f1os de lotes bald\u00edo HERMOSILLO, SONORA, MX. \u2014 M\u00e1s de 3 mil contribuyentes En Sonora en Equipo publicamos toda la informaci\u00f3n de Sonora, M\u00e9xico y el Mundo de manera oportuna y busca que la libertad de expresi\u00f3n sea real. Visita nuestro medio informativo publicado desde Hermosillo, Sonora. %","og_url":"https:\/\/www.sonoraenequipo.com.mx\/acuden-mas-de-3-mil-contribuyentes-al-dia-del-predial-del-gobierno-de-hermosillo\/","og_site_name":"Sonora en Equipo.","article_publisher":"https:\/\/www.facebook.com\/SonoraEE\/","article_author":"https:\/\/www.facebook.com\/SonoraEE","article_published_time":"2025-06-18T20:00:24+00:00","og_image":[{"width":600,"height":374,"url":"https:\/\/www.sonoraenequipo.com.mx\/storage\/2025\/06\/predial.jpg","type":"image\/jpeg"}],"author":"enequipo","twitter_card":"summary_large_image","twitter_creator":"@sonoraenequipo","twitter_site":"@sonoraenequipo","twitter_misc":{"Escrito por":"enequipo","Tiempo de lectura":"1 minuto"},"schema":{"@context":"https:\/\/schema.org","@graph":[{"@type":"Article","@id":"https:\/\/www.sonoraenequipo.com.mx\/acuden-mas-de-3-mil-contribuyentes-al-dia-del-predial-del-gobierno-de-hermosillo\/#article","isPartOf":{"@id":"https:\/\/www.sonoraenequipo.com.mx\/acuden-mas-de-3-mil-contribuyentes-al-dia-del-predial-del-gobierno-de-hermosillo\/"},"author":{"name":"enequipo","@id":"https:\/\/www.sonoraenequipo.com.mx\/#\/schema\/person\/50102df0fb23a8fa9e8effad8fa81386"},"headline":"Acuden m\u00e1s de 3 mil contribuyentes al D\u00eda del Predial del gobierno de Hermosillo","datePublished":"2025-06-18T20:00:24+00:00","mainEntityOfPage":{"@id":"https:\/\/www.sonoraenequipo.com.mx\/acuden-mas-de-3-mil-contribuyentes-al-dia-del-predial-del-gobierno-de-hermosillo\/"},"wordCount":263,"commentCount":0,"publisher":{"@id":"https:\/\/www.sonoraenequipo.com.mx\/#organization"},"image":{"@id":"https:\/\/www.sonoraenequipo.com.mx\/acuden-mas-de-3-mil-contribuyentes-al-dia-del-predial-del-gobierno-de-hermosillo\/#primaryimage"},"thumbnailUrl":"https:\/\/www.sonoraenequipo.com.mx\/storage\/2025\/06\/predial.jpg","keywords":["delpredial","dia","hermosillo"],"articleSection":["Municipios"],"inLanguage":"es","potentialAction":[{"@type":"CommentAction","name":"Comment","target":["https:\/\/www.sonoraenequipo.com.mx\/acuden-mas-de-3-mil-contribuyentes-al-dia-del-predial-del-gobierno-de-hermosillo\/#respond"]}]},{"@type":"WebPage","@id":"https:\/\/www.sonoraenequipo.com.mx\/acuden-mas-de-3-mil-contribuyentes-al-dia-del-predial-del-gobierno-de-hermosillo\/","url":"https:\/\/www.sonoraenequipo.com.mx\/acuden-mas-de-3-mil-contribuyentes-al-dia-del-predial-del-gobierno-de-hermosillo\/","name":"Sonora en Equipo. Acuden m\u00e1s de 3 mil contribuyentes al D\u00eda del Predial del gobierno de Hermosillo Municipios","isPartOf":{"@id":"https:\/\/www.sonoraenequipo.com.mx\/#website"},"primaryImageOfPage":{"@id":"https:\/\/www.sonoraenequipo.com.mx\/acuden-mas-de-3-mil-contribuyentes-al-dia-del-predial-del-gobierno-de-hermosillo\/#primaryimage"},"image":{"@id":"https:\/\/www.sonoraenequipo.com.mx\/acuden-mas-de-3-mil-contribuyentes-al-dia-del-predial-del-gobierno-de-hermosillo\/#primaryimage"},"thumbnailUrl":"https:\/\/www.sonoraenequipo.com.mx\/storage\/2025\/06\/predial.jpg","datePublished":"2025-06-18T20:00:24+00:00","description":"Anuncia del 17 al 30 de junio descuentos en el impuesto predial para due\u00f1os de lotes bald\u00edo HERMOSILLO, SONORA, MX. \u2014 M\u00e1s de 3 mil contribuyentes En Sonora en Equipo publicamos toda la informaci\u00f3n de Sonora, M\u00e9xico y el Mundo de manera oportuna y busca que la libertad de expresi\u00f3n sea real. Visita nuestro medio informativo publicado desde Hermosillo, Sonora. %","breadcrumb":{"@id":"https:\/\/www.sonoraenequipo.com.mx\/acuden-mas-de-3-mil-contribuyentes-al-dia-del-predial-del-gobierno-de-hermosillo\/#breadcrumb"},"inLanguage":"es","potentialAction":[{"@type":"ReadAction","target":["https:\/\/www.sonoraenequipo.com.mx\/acuden-mas-de-3-mil-contribuyentes-al-dia-del-predial-del-gobierno-de-hermosillo\/"]}]},{"@type":"ImageObject","inLanguage":"es","@id":"https:\/\/www.sonoraenequipo.com.mx\/acuden-mas-de-3-mil-contribuyentes-al-dia-del-predial-del-gobierno-de-hermosillo\/#primaryimage","url":"https:\/\/www.sonoraenequipo.com.mx\/storage\/2025\/06\/predial.jpg","contentUrl":"https:\/\/www.sonoraenequipo.com.mx\/storage\/2025\/06\/predial.jpg","width":600,"height":374,"caption":"Tesorer\u00eda de Hermosillo.Archivo"},{"@type":"BreadcrumbList","@id":"https:\/\/www.sonoraenequipo.com.mx\/acuden-mas-de-3-mil-contribuyentes-al-dia-del-predial-del-gobierno-de-hermosillo\/#breadcrumb","itemListElement":[{"@type":"ListItem","position":1,"name":"Portada","item":"https:\/\/www.sonoraenequipo.com.mx\/"},{"@type":"ListItem","position":2,"name":"Acuden m\u00e1s de 3 mil contribuyentes al D\u00eda del Predial del gobierno de Hermosillo"}]},{"@type":"WebSite","@id":"https:\/\/www.sonoraenequipo.com.mx\/#website","url":"https:\/\/www.sonoraenequipo.com.mx\/","name":"Sonora en Equipo.","description":"Diario en l\u00ednea con Noticias desde Hermosillo, Sonora","publisher":{"@id":"https:\/\/www.sonoraenequipo.com.mx\/#organization"},"potentialAction":[{"@type":"SearchAction","target":{"@type":"EntryPoint","urlTemplate":"https:\/\/www.sonoraenequipo.com.mx\/?s={search_term_string}"},"query-input":{"@type":"PropertyValueSpecification","valueRequired":true,"valueName":"search_term_string"}}],"inLanguage":"es"},{"@type":"Organization","@id":"https:\/\/www.sonoraenequipo.com.mx\/#organization","name":"Sonoraenequipo.com.mx","url":"https:\/\/www.sonoraenequipo.com.mx\/","logo":{"@type":"ImageObject","inLanguage":"es","@id":"https:\/\/www.sonoraenequipo.com.mx\/#\/schema\/logo\/image\/","url":"https:\/\/www.sonoraenequipo.com.mx\/storage\/2019\/01\/sonoraenequipo_opt.png","contentUrl":"https:\/\/www.sonoraenequipo.com.mx\/storage\/2019\/01\/sonoraenequipo_opt.png","width":375,"height":125,"caption":"Sonoraenequipo.com.mx"},"image":{"@id":"https:\/\/www.sonoraenequipo.com.mx\/#\/schema\/logo\/image\/"},"sameAs":["https:\/\/www.facebook.com\/SonoraEE\/","https:\/\/x.com\/sonoraenequipo","https:\/\/www.youtube.com\/channel\/UC338nW-lPEYmJQs4ZABQ1SQ"]},{"@type":"Person","@id":"https:\/\/www.sonoraenequipo.com.mx\/#\/schema\/person\/50102df0fb23a8fa9e8effad8fa81386","name":"enequipo","image":{"@type":"ImageObject","inLanguage":"es","@id":"https:\/\/www.sonoraenequipo.com.mx\/#\/schema\/person\/image\/","url":"https:\/\/secure.gravatar.com\/avatar\/049821681b589dabc0bc20695993ccebb09f5b5d4d790cd9251b97faac7c652b?s=96&d=blank&r=g","contentUrl":"https:\/\/secure.gravatar.com\/avatar\/049821681b589dabc0bc20695993ccebb09f5b5d4d790cd9251b97faac7c652b?s=96&d=blank&r=g","caption":"enequipo"},"sameAs":["https:\/\/www.facebook.com\/SonoraEE"]}]}},"jetpack_featured_media_url":"https:\/\/www.sonoraenequipo.com.mx\/storage\/2025\/06\/predial.jpg","_links":{"self":[{"href":"https:\/\/www.sonoraenequipo.com.mx\/api\/wp\/v2\/posts\/217997","targetHints":{"allow":["GET"]}}],"collection":[{"href":"https:\/\/www.sonoraenequipo.com.mx\/api\/wp\/v2\/posts"}],"about":[{"href":"https:\/\/www.sonoraenequipo.com.mx\/api\/wp\/v2\/types\/post"}],"author":[{"embeddable":true,"href":"https:\/\/www.sonoraenequipo.com.mx\/api\/wp\/v2\/users\/1"}],"replies":[{"embeddable":true,"href":"https:\/\/www.sonoraenequipo.com.mx\/api\/wp\/v2\/comments?post=217997"}],"version-history":[{"count":1,"href":"https:\/\/www.sonoraenequipo.com.mx\/api\/wp\/v2\/posts\/217997\/revisions"}],"predecessor-version":[{"id":218000,"href":"https:\/\/www.sonoraenequipo.com.mx\/api\/wp\/v2\/posts\/217997\/revisions\/218000"}],"wp:featuredmedia":[{"embeddable":true,"href":"https:\/\/www.sonoraenequipo.com.mx\/api\/wp\/v2\/media\/217999"}],"wp:attachment":[{"href":"https:\/\/www.sonoraenequipo.com.mx\/api\/wp\/v2\/media?parent=217997"}],"wp:term":[{"taxonomy":"category","embeddable":true,"href":"https:\/\/www.sonoraenequipo.com.mx\/api\/wp\/v2\/categories?post=217997"},{"taxonomy":"post_tag","embeddable":true,"href":"https:\/\/www.sonoraenequipo.com.mx\/api\/wp\/v2\/tags?post=217997"}],"curies":[{"name":"wp","href":"https:\/\/api.w.org\/{rel}","templated":true}]}}