{"id":218006,"date":"2025-06-18T13:45:37","date_gmt":"2025-06-18T20:45:37","guid":{"rendered":"https:\/\/www.sonoraenequipo.com.mx\/?p=218006"},"modified":"2025-06-18T13:45:37","modified_gmt":"2025-06-18T20:45:37","slug":"mary-leyva-asume-como-presidenta-del-pri-cajeme","status":"publish","type":"post","link":"https:\/\/www.sonoraenequipo.com.mx\/mary-leyva-asume-como-presidenta-del-pri-cajeme\/","title":{"rendered":"Mary Leyva asume como presidenta del PRI Cajeme"},"content":{"rendered":"<p><strong>CAJEME, SONORA, MX.<\/strong><strong> \u0336 \u0336\u00a0 \u00a0<\/strong>Con un llamado en\u00e9rgico a recuperar la dignidad, la seguridad y el orgullo de Cajeme, la presidenta estatal del PRI, Lupita Soto Holgu\u00edn, tom\u00f3 protesta a Mar\u00eda Leyva Armend\u00e1riz como nueva presidenta del Comit\u00e9 Municipal del PRI en Cajeme.<\/p>\n<p>&nbsp;<\/p>\n<p>\u201cNecesitamos el despertar de Cajeme para que Sonora vuelva a ser una tierra de gigantes\u201d, advirti\u00f3 Soto Holgu\u00edn, al tiempo que denunci\u00f3 con contundencia el abandono en que se encuentra el municipio por parte del actual gobierno de Morena.<\/p>\n<p>&nbsp;<\/p>\n<p>\u201cAqu\u00ed en Cajeme, donde Morena ha convertido al municipio en uno de los m\u00e1s peligrosos del pa\u00eds y del mundo, se vive una tragedia diaria. Dos personas pierden la vida al d\u00eda por balaceras. Las j\u00f3venes temen salir a trabajar. Y los criminales, amparados en la impunidad, incluso asesinan candidatos\u201d, expres\u00f3.<\/p>\n<p>&nbsp;<\/p>\n<p>La presidenta del PRI Sonora record\u00f3 c\u00f3mo en los gobiernos del PRI, Cajeme era referente nacional por su agricultura, mientras que hoy, bajo Morena, Sonora muere de sed.<\/p>\n<p>&nbsp;<\/p>\n<p>\u201c178 mil hect\u00e1reas se han dejado de sembrar en el Valle del Yaqui, 70 mil en el Valle del Mayo y 2 mil 500 en Guaymas y Empalme. Las p\u00e9rdidas ganaderas tambi\u00e9n son millonarias y la frontera con Estados Unidos sigue cerrada por falta de control sanitario\u201d, agreg\u00f3.<\/p>\n<p>&nbsp;<\/p>\n<p>Destac\u00f3 la urgencia de cerrar filas ante la indiferencia de los gobiernos actuales y convoc\u00f3 a la militancia priista a seguir el liderazgo de Mary Leyva y a volver a creer en el PRI.\u00a0 \u201cMary es garant\u00eda de lucha. Pero tampoco puede sola. Necesita del apoyo de todas y todos los priistas de Cajeme y de Sonora\u201d.<\/p>\n<p>&nbsp;<\/p>\n<p>Mary Leyva reafirm\u00f3 su compromiso con el partido y con la ciudadan\u00eda, llamando a una nueva etapa de unidad, cercan\u00eda, trabajo y vocaci\u00f3n social, que permitan volver a ser la mejor opci\u00f3n para los cajemenses.<\/p>\n<p>&nbsp;<\/p>\n<p>\u201cEl PRI es y seguir\u00e1 siendo un pilar en la vida pol\u00edtica de M\u00e9xico, Sonora y Cajeme. Estoy lista para iniciar una etapa de reconstrucci\u00f3n, para recibir nuevos liderazgos, que los j\u00f3venes vuelvan a creer en el PRI\u201d, enfatiz\u00f3.<\/p>\n<p>&nbsp;<\/p>\n<p>Presentes en la toma de protesta el diputado local Emeterio Ochoa, el regidor Armando Alcal\u00e1, la expresidenta del PRI Cajeme, Micaela Rodr\u00edguez y los ex presidentes Rosario Oroz y Juan Leyva Mend\u00edvil, as\u00ed como el ex alcalde Faustino F\u00e9lix.<\/p>\n<p><strong>Fecha de publicaci\u00f3n mi\u00e9rcoles 18 de junio de 2025<\/strong><\/p>\n<p>&nbsp;<\/p>\n","protected":false},"excerpt":{"rendered":"<p>CAJEME, SONORA, MX. \u0336 \u0336\u00a0 \u00a0Con un llamado en\u00e9rgico a recuperar la dignidad, la seguridad&#8230;<\/p>\n","protected":false},"author":1,"featured_media":218011,"comment_status":"open","ping_status":"open","sticky":false,"template":"","format":"standard","meta":{"_monsterinsights_skip_tracking":false,"_monsterinsights_sitenote_active":false,"_monsterinsights_sitenote_note":"","_monsterinsights_sitenote_category":0,"footnotes":""},"categories":[22],"tags":[11386,15],"class_list":["post"],"yoast_head":" \n<title>Sonora en Equipo. Mary Leyva asume como presidenta del PRI Cajeme Sonora<\/title>\n<meta name=\"description\" content=\"CAJEME, SONORA, MX. \u0336 \u0336\u00a0 \u00a0Con un llamado en\u00e9rgico a recuperar la dignidad, la seguridad y el orgullo de Cajeme, la presidenta estatal del PRI, Lupita Soto En Sonora en Equipo publicamos toda la informaci\u00f3n de Sonora, M\u00e9xico y el Mundo de manera oportuna y busca que la libertad de expresi\u00f3n sea real. Visita nuestro medio informativo publicado desde Hermosillo, Sonora. %\" \/>\n<meta name=\"robots\" content=\"index, follow, max-snippet:-1, max-image-preview:large, max-video-preview:-1\" \/>\n<link rel=\"canonical\" href=\"https:\/\/www.sonoraenequipo.com.mx\/mary-leyva-asume-como-presidenta-del-pri-cajeme\/\" \/>\n<meta property=\"og:locale\" content=\"es_ES\" \/>\n<meta property=\"og:type\" content=\"article\" \/>\n<meta property=\"og:title\" content=\"Sonora en Equipo. Mary Leyva asume como presidenta del PRI Cajeme Sonora\" \/>\n<meta property=\"og:description\" content=\"CAJEME, SONORA, MX. \u0336 \u0336\u00a0 \u00a0Con un llamado en\u00e9rgico a recuperar la dignidad, la seguridad y el orgullo de Cajeme, la presidenta estatal del PRI, Lupita Soto En Sonora en Equipo publicamos toda la informaci\u00f3n de Sonora, M\u00e9xico y el Mundo de manera oportuna y busca que la libertad de expresi\u00f3n sea real. Visita nuestro medio informativo publicado desde Hermosillo, Sonora. %\" \/>\n<meta property=\"og:url\" content=\"https:\/\/www.sonoraenequipo.com.mx\/mary-leyva-asume-como-presidenta-del-pri-cajeme\/\" \/>\n<meta property=\"og:site_name\" content=\"Sonora en Equipo.\" \/>\n<meta property=\"article:publisher\" content=\"https:\/\/www.facebook.com\/SonoraEE\/\" \/>\n<meta property=\"article:author\" content=\"https:\/\/www.facebook.com\/SonoraEE\" \/>\n<meta property=\"article:published_time\" content=\"2025-06-18T20:45:37+00:00\" \/>\n<meta property=\"og:image\" content=\"https:\/\/www.sonoraenequipo.com.mx\/storage\/2025\/06\/mary-leyva.jpg\" \/>\n\t<meta property=\"og:image:width\" content=\"600\" \/>\n\t<meta property=\"og:image:height\" content=\"400\" \/>\n\t<meta property=\"og:image:type\" content=\"image\/jpeg\" \/>\n<meta name=\"author\" content=\"enequipo\" \/>\n<meta name=\"twitter:card\" content=\"summary_large_image\" \/>\n<meta name=\"twitter:creator\" content=\"@sonoraenequipo\" \/>\n<meta name=\"twitter:site\" content=\"@sonoraenequipo\" \/>\n<meta name=\"twitter:label1\" content=\"Escrito por\" \/>\n\t<meta name=\"twitter:data1\" content=\"enequipo\" \/>\n\t<meta name=\"twitter:label2\" content=\"Tiempo de lectura\" \/>\n\t<meta name=\"twitter:data2\" content=\"2 minutos\" \/>\n<script type=\"application\/ld+json\" class=\"yoast-schema-graph\">{\"@context\":\"https:\/\/schema.org\",\"@graph\":[{\"@type\":\"Article\",\"@id\":\"https:\/\/www.sonoraenequipo.com.mx\/mary-leyva-asume-como-presidenta-del-pri-cajeme\/#article\",\"isPartOf\":{\"@id\":\"https:\/\/www.sonoraenequipo.com.mx\/mary-leyva-asume-como-presidenta-del-pri-cajeme\/\"},\"author\":{\"name\":\"enequipo\",\"@id\":\"https:\/\/www.sonoraenequipo.com.mx\/#\/schema\/person\/50102df0fb23a8fa9e8effad8fa81386\"},\"headline\":\"Mary Leyva asume como presidenta del PRI Cajeme\",\"datePublished\":\"2025-06-18T20:45:37+00:00\",\"mainEntityOfPage\":{\"@id\":\"https:\/\/www.sonoraenequipo.com.mx\/mary-leyva-asume-como-presidenta-del-pri-cajeme\/\"},\"wordCount\":425,\"commentCount\":0,\"publisher\":{\"@id\":\"https:\/\/www.sonoraenequipo.com.mx\/#organization\"},\"image\":{\"@id\":\"https:\/\/www.sonoraenequipo.com.mx\/mary-leyva-asume-como-presidenta-del-pri-cajeme\/#primaryimage\"},\"thumbnailUrl\":\"https:\/\/www.sonoraenequipo.com.mx\/storage\/2025\/06\/mary-leyva.jpg\",\"keywords\":[\"cambios pri\",\"Sonora\"],\"articleSection\":[\"Sonora\"],\"inLanguage\":\"es\",\"potentialAction\":[{\"@type\":\"CommentAction\",\"name\":\"Comment\",\"target\":[\"https:\/\/www.sonoraenequipo.com.mx\/mary-leyva-asume-como-presidenta-del-pri-cajeme\/#respond\"]}]},{\"@type\":\"WebPage\",\"@id\":\"https:\/\/www.sonoraenequipo.com.mx\/mary-leyva-asume-como-presidenta-del-pri-cajeme\/\",\"url\":\"https:\/\/www.sonoraenequipo.com.mx\/mary-leyva-asume-como-presidenta-del-pri-cajeme\/\",\"name\":\"Sonora en Equipo. Mary Leyva asume como presidenta del PRI Cajeme Sonora\",\"isPartOf\":{\"@id\":\"https:\/\/www.sonoraenequipo.com.mx\/#website\"},\"primaryImageOfPage\":{\"@id\":\"https:\/\/www.sonoraenequipo.com.mx\/mary-leyva-asume-como-presidenta-del-pri-cajeme\/#primaryimage\"},\"image\":{\"@id\":\"https:\/\/www.sonoraenequipo.com.mx\/mary-leyva-asume-como-presidenta-del-pri-cajeme\/#primaryimage\"},\"thumbnailUrl\":\"https:\/\/www.sonoraenequipo.com.mx\/storage\/2025\/06\/mary-leyva.jpg\",\"datePublished\":\"2025-06-18T20:45:37+00:00\",\"description\":\"CAJEME, SONORA, MX. \u0336 \u0336\u00a0 \u00a0Con un llamado en\u00e9rgico a recuperar la dignidad, la seguridad y el orgullo de Cajeme, la presidenta estatal del PRI, Lupita Soto En Sonora en Equipo publicamos toda la informaci\u00f3n de Sonora, M\u00e9xico y el Mundo de manera oportuna y busca que la libertad de expresi\u00f3n sea real. Visita nuestro medio informativo publicado desde Hermosillo, Sonora. %\",\"breadcrumb\":{\"@id\":\"https:\/\/www.sonoraenequipo.com.mx\/mary-leyva-asume-como-presidenta-del-pri-cajeme\/#breadcrumb\"},\"inLanguage\":\"es\",\"potentialAction\":[{\"@type\":\"ReadAction\",\"target\":[\"https:\/\/www.sonoraenequipo.com.mx\/mary-leyva-asume-como-presidenta-del-pri-cajeme\/\"]}]},{\"@type\":\"ImageObject\",\"inLanguage\":\"es\",\"@id\":\"https:\/\/www.sonoraenequipo.com.mx\/mary-leyva-asume-como-presidenta-del-pri-cajeme\/#primaryimage\",\"url\":\"https:\/\/www.sonoraenequipo.com.mx\/storage\/2025\/06\/mary-leyva.jpg\",\"contentUrl\":\"https:\/\/www.sonoraenequipo.com.mx\/storage\/2025\/06\/mary-leyva.jpg\",\"width\":600,\"height\":400},{\"@type\":\"BreadcrumbList\",\"@id\":\"https:\/\/www.sonoraenequipo.com.mx\/mary-leyva-asume-como-presidenta-del-pri-cajeme\/#breadcrumb\",\"itemListElement\":[{\"@type\":\"ListItem\",\"position\":1,\"name\":\"Portada\",\"item\":\"https:\/\/www.sonoraenequipo.com.mx\/\"},{\"@type\":\"ListItem\",\"position\":2,\"name\":\"Mary Leyva asume como presidenta del PRI Cajeme\"}]},{\"@type\":\"WebSite\",\"@id\":\"https:\/\/www.sonoraenequipo.com.mx\/#website\",\"url\":\"https:\/\/www.sonoraenequipo.com.mx\/\",\"name\":\"Sonora en Equipo.\",\"description\":\"Diario en l\u00ednea con Noticias desde Hermosillo, Sonora\",\"publisher\":{\"@id\":\"https:\/\/www.sonoraenequipo.com.mx\/#organization\"},\"potentialAction\":[{\"@type\":\"SearchAction\",\"target\":{\"@type\":\"EntryPoint\",\"urlTemplate\":\"https:\/\/www.sonoraenequipo.com.mx\/?s={search_term_string}\"},\"query-input\":{\"@type\":\"PropertyValueSpecification\",\"valueRequired\":true,\"valueName\":\"search_term_string\"}}],\"inLanguage\":\"es\"},{\"@type\":\"Organization\",\"@id\":\"https:\/\/www.sonoraenequipo.com.mx\/#organization\",\"name\":\"Sonoraenequipo.com.mx\",\"url\":\"https:\/\/www.sonoraenequipo.com.mx\/\",\"logo\":{\"@type\":\"ImageObject\",\"inLanguage\":\"es\",\"@id\":\"https:\/\/www.sonoraenequipo.com.mx\/#\/schema\/logo\/image\/\",\"url\":\"https:\/\/www.sonoraenequipo.com.mx\/storage\/2019\/01\/sonoraenequipo_opt.png\",\"contentUrl\":\"https:\/\/www.sonoraenequipo.com.mx\/storage\/2019\/01\/sonoraenequipo_opt.png\",\"width\":375,\"height\":125,\"caption\":\"Sonoraenequipo.com.mx\"},\"image\":{\"@id\":\"https:\/\/www.sonoraenequipo.com.mx\/#\/schema\/logo\/image\/\"},\"sameAs\":[\"https:\/\/www.facebook.com\/SonoraEE\/\",\"https:\/\/x.com\/sonoraenequipo\",\"https:\/\/www.youtube.com\/channel\/UC338nW-lPEYmJQs4ZABQ1SQ\"]},{\"@type\":\"Person\",\"@id\":\"https:\/\/www.sonoraenequipo.com.mx\/#\/schema\/person\/50102df0fb23a8fa9e8effad8fa81386\",\"name\":\"enequipo\",\"image\":{\"@type\":\"ImageObject\",\"inLanguage\":\"es\",\"@id\":\"https:\/\/www.sonoraenequipo.com.mx\/#\/schema\/person\/image\/\",\"url\":\"https:\/\/secure.gravatar.com\/avatar\/049821681b589dabc0bc20695993ccebb09f5b5d4d790cd9251b97faac7c652b?s=96&d=blank&r=g\",\"contentUrl\":\"https:\/\/secure.gravatar.com\/avatar\/049821681b589dabc0bc20695993ccebb09f5b5d4d790cd9251b97faac7c652b?s=96&d=blank&r=g\",\"caption\":\"enequipo\"},\"sameAs\":[\"https:\/\/www.facebook.com\/SonoraEE\"]}]}<\/script>\n ","yoast_head_json":{"title":"Sonora en Equipo. Mary Leyva asume como presidenta del PRI Cajeme Sonora","description":"CAJEME, SONORA, MX. \u0336 \u0336\u00a0 \u00a0Con un llamado en\u00e9rgico a recuperar la dignidad, la seguridad y el orgullo de Cajeme, la presidenta estatal del PRI, Lupita Soto En Sonora en Equipo publicamos toda la informaci\u00f3n de Sonora, M\u00e9xico y el Mundo de manera oportuna y busca que la libertad de expresi\u00f3n sea real. Visita nuestro medio informativo publicado desde Hermosillo, Sonora. %","robots":{"index":"index","follow":"follow","max-snippet":"max-snippet:-1","max-image-preview":"max-image-preview:large","max-video-preview":"max-video-preview:-1"},"canonical":"https:\/\/www.sonoraenequipo.com.mx\/mary-leyva-asume-como-presidenta-del-pri-cajeme\/","og_locale":"es_ES","og_type":"article","og_title":"Sonora en Equipo. Mary Leyva asume como presidenta del PRI Cajeme Sonora","og_description":"CAJEME, SONORA, MX. \u0336 \u0336\u00a0 \u00a0Con un llamado en\u00e9rgico a recuperar la dignidad, la seguridad y el orgullo de Cajeme, la presidenta estatal del PRI, Lupita Soto En Sonora en Equipo publicamos toda la informaci\u00f3n de Sonora, M\u00e9xico y el Mundo de manera oportuna y busca que la libertad de expresi\u00f3n sea real. Visita nuestro medio informativo publicado desde Hermosillo, Sonora. %","og_url":"https:\/\/www.sonoraenequipo.com.mx\/mary-leyva-asume-como-presidenta-del-pri-cajeme\/","og_site_name":"Sonora en Equipo.","article_publisher":"https:\/\/www.facebook.com\/SonoraEE\/","article_author":"https:\/\/www.facebook.com\/SonoraEE","article_published_time":"2025-06-18T20:45:37+00:00","og_image":[{"width":600,"height":400,"url":"https:\/\/www.sonoraenequipo.com.mx\/storage\/2025\/06\/mary-leyva.jpg","type":"image\/jpeg"}],"author":"enequipo","twitter_card":"summary_large_image","twitter_creator":"@sonoraenequipo","twitter_site":"@sonoraenequipo","twitter_misc":{"Escrito por":"enequipo","Tiempo de lectura":"2 minutos"},"schema":{"@context":"https:\/\/schema.org","@graph":[{"@type":"Article","@id":"https:\/\/www.sonoraenequipo.com.mx\/mary-leyva-asume-como-presidenta-del-pri-cajeme\/#article","isPartOf":{"@id":"https:\/\/www.sonoraenequipo.com.mx\/mary-leyva-asume-como-presidenta-del-pri-cajeme\/"},"author":{"name":"enequipo","@id":"https:\/\/www.sonoraenequipo.com.mx\/#\/schema\/person\/50102df0fb23a8fa9e8effad8fa81386"},"headline":"Mary Leyva asume como presidenta del PRI Cajeme","datePublished":"2025-06-18T20:45:37+00:00","mainEntityOfPage":{"@id":"https:\/\/www.sonoraenequipo.com.mx\/mary-leyva-asume-como-presidenta-del-pri-cajeme\/"},"wordCount":425,"commentCount":0,"publisher":{"@id":"https:\/\/www.sonoraenequipo.com.mx\/#organization"},"image":{"@id":"https:\/\/www.sonoraenequipo.com.mx\/mary-leyva-asume-como-presidenta-del-pri-cajeme\/#primaryimage"},"thumbnailUrl":"https:\/\/www.sonoraenequipo.com.mx\/storage\/2025\/06\/mary-leyva.jpg","keywords":["cambios pri","Sonora"],"articleSection":["Sonora"],"inLanguage":"es","potentialAction":[{"@type":"CommentAction","name":"Comment","target":["https:\/\/www.sonoraenequipo.com.mx\/mary-leyva-asume-como-presidenta-del-pri-cajeme\/#respond"]}]},{"@type":"WebPage","@id":"https:\/\/www.sonoraenequipo.com.mx\/mary-leyva-asume-como-presidenta-del-pri-cajeme\/","url":"https:\/\/www.sonoraenequipo.com.mx\/mary-leyva-asume-como-presidenta-del-pri-cajeme\/","name":"Sonora en Equipo. Mary Leyva asume como presidenta del PRI Cajeme Sonora","isPartOf":{"@id":"https:\/\/www.sonoraenequipo.com.mx\/#website"},"primaryImageOfPage":{"@id":"https:\/\/www.sonoraenequipo.com.mx\/mary-leyva-asume-como-presidenta-del-pri-cajeme\/#primaryimage"},"image":{"@id":"https:\/\/www.sonoraenequipo.com.mx\/mary-leyva-asume-como-presidenta-del-pri-cajeme\/#primaryimage"},"thumbnailUrl":"https:\/\/www.sonoraenequipo.com.mx\/storage\/2025\/06\/mary-leyva.jpg","datePublished":"2025-06-18T20:45:37+00:00","description":"CAJEME, SONORA, MX. \u0336 \u0336\u00a0 \u00a0Con un llamado en\u00e9rgico a recuperar la dignidad, la seguridad y el orgullo de Cajeme, la presidenta estatal del PRI, Lupita Soto En Sonora en Equipo publicamos toda la informaci\u00f3n de Sonora, M\u00e9xico y el Mundo de manera oportuna y busca que la libertad de expresi\u00f3n sea real. Visita nuestro medio informativo publicado desde Hermosillo, Sonora. %","breadcrumb":{"@id":"https:\/\/www.sonoraenequipo.com.mx\/mary-leyva-asume-como-presidenta-del-pri-cajeme\/#breadcrumb"},"inLanguage":"es","potentialAction":[{"@type":"ReadAction","target":["https:\/\/www.sonoraenequipo.com.mx\/mary-leyva-asume-como-presidenta-del-pri-cajeme\/"]}]},{"@type":"ImageObject","inLanguage":"es","@id":"https:\/\/www.sonoraenequipo.com.mx\/mary-leyva-asume-como-presidenta-del-pri-cajeme\/#primaryimage","url":"https:\/\/www.sonoraenequipo.com.mx\/storage\/2025\/06\/mary-leyva.jpg","contentUrl":"https:\/\/www.sonoraenequipo.com.mx\/storage\/2025\/06\/mary-leyva.jpg","width":600,"height":400},{"@type":"BreadcrumbList","@id":"https:\/\/www.sonoraenequipo.com.mx\/mary-leyva-asume-como-presidenta-del-pri-cajeme\/#breadcrumb","itemListElement":[{"@type":"ListItem","position":1,"name":"Portada","item":"https:\/\/www.sonoraenequipo.com.mx\/"},{"@type":"ListItem","position":2,"name":"Mary Leyva asume como presidenta del PRI Cajeme"}]},{"@type":"WebSite","@id":"https:\/\/www.sonoraenequipo.com.mx\/#website","url":"https:\/\/www.sonoraenequipo.com.mx\/","name":"Sonora en Equipo.","description":"Diario en l\u00ednea con Noticias desde Hermosillo, Sonora","publisher":{"@id":"https:\/\/www.sonoraenequipo.com.mx\/#organization"},"potentialAction":[{"@type":"SearchAction","target":{"@type":"EntryPoint","urlTemplate":"https:\/\/www.sonoraenequipo.com.mx\/?s={search_term_string}"},"query-input":{"@type":"PropertyValueSpecification","valueRequired":true,"valueName":"search_term_string"}}],"inLanguage":"es"},{"@type":"Organization","@id":"https:\/\/www.sonoraenequipo.com.mx\/#organization","name":"Sonoraenequipo.com.mx","url":"https:\/\/www.sonoraenequipo.com.mx\/","logo":{"@type":"ImageObject","inLanguage":"es","@id":"https:\/\/www.sonoraenequipo.com.mx\/#\/schema\/logo\/image\/","url":"https:\/\/www.sonoraenequipo.com.mx\/storage\/2019\/01\/sonoraenequipo_opt.png","contentUrl":"https:\/\/www.sonoraenequipo.com.mx\/storage\/2019\/01\/sonoraenequipo_opt.png","width":375,"height":125,"caption":"Sonoraenequipo.com.mx"},"image":{"@id":"https:\/\/www.sonoraenequipo.com.mx\/#\/schema\/logo\/image\/"},"sameAs":["https:\/\/www.facebook.com\/SonoraEE\/","https:\/\/x.com\/sonoraenequipo","https:\/\/www.youtube.com\/channel\/UC338nW-lPEYmJQs4ZABQ1SQ"]},{"@type":"Person","@id":"https:\/\/www.sonoraenequipo.com.mx\/#\/schema\/person\/50102df0fb23a8fa9e8effad8fa81386","name":"enequipo","image":{"@type":"ImageObject","inLanguage":"es","@id":"https:\/\/www.sonoraenequipo.com.mx\/#\/schema\/person\/image\/","url":"https:\/\/secure.gravatar.com\/avatar\/049821681b589dabc0bc20695993ccebb09f5b5d4d790cd9251b97faac7c652b?s=96&d=blank&r=g","contentUrl":"https:\/\/secure.gravatar.com\/avatar\/049821681b589dabc0bc20695993ccebb09f5b5d4d790cd9251b97faac7c652b?s=96&d=blank&r=g","caption":"enequipo"},"sameAs":["https:\/\/www.facebook.com\/SonoraEE"]}]}},"jetpack_featured_media_url":"https:\/\/www.sonoraenequipo.com.mx\/storage\/2025\/06\/mary-leyva.jpg","_links":{"self":[{"href":"https:\/\/www.sonoraenequipo.com.mx\/api\/wp\/v2\/posts\/218006","targetHints":{"allow":["GET"]}}],"collection":[{"href":"https:\/\/www.sonoraenequipo.com.mx\/api\/wp\/v2\/posts"}],"about":[{"href":"https:\/\/www.sonoraenequipo.com.mx\/api\/wp\/v2\/types\/post"}],"author":[{"embeddable":true,"href":"https:\/\/www.sonoraenequipo.com.mx\/api\/wp\/v2\/users\/1"}],"replies":[{"embeddable":true,"href":"https:\/\/www.sonoraenequipo.com.mx\/api\/wp\/v2\/comments?post=218006"}],"version-history":[{"count":1,"href":"https:\/\/www.sonoraenequipo.com.mx\/api\/wp\/v2\/posts\/218006\/revisions"}],"predecessor-version":[{"id":218012,"href":"https:\/\/www.sonoraenequipo.com.mx\/api\/wp\/v2\/posts\/218006\/revisions\/218012"}],"wp:featuredmedia":[{"embeddable":true,"href":"https:\/\/www.sonoraenequipo.com.mx\/api\/wp\/v2\/media\/218011"}],"wp:attachment":[{"href":"https:\/\/www.sonoraenequipo.com.mx\/api\/wp\/v2\/media?parent=218006"}],"wp:term":[{"taxonomy":"category","embeddable":true,"href":"https:\/\/www.sonoraenequipo.com.mx\/api\/wp\/v2\/categories?post=218006"},{"taxonomy":"post_tag","embeddable":true,"href":"https:\/\/www.sonoraenequipo.com.mx\/api\/wp\/v2\/tags?post=218006"}],"curies":[{"name":"wp","href":"https:\/\/api.w.org\/{rel}","templated":true}]}}