{"id":218009,"date":"2025-06-18T14:00:00","date_gmt":"2025-06-18T21:00:00","guid":{"rendered":"https:\/\/www.sonoraenequipo.com.mx\/?p=218009"},"modified":"2025-06-18T13:54:37","modified_gmt":"2025-06-18T20:54:37","slug":"gobierno-de-sonora-consolida-atencion-infantil-especializada-con-la-unidad-de-neurodesarrollo-de-isssteson","status":"publish","type":"post","link":"https:\/\/www.sonoraenequipo.com.mx\/gobierno-de-sonora-consolida-atencion-infantil-especializada-con-la-unidad-de-neurodesarrollo-de-isssteson\/","title":{"rendered":"Gobierno de Sonora consolida atenci\u00f3n infantil especializada con la Unidad de Neurodesarrollo de Isssteson"},"content":{"rendered":"<p><strong>HERMOSILLO, SONORA. MX. \u2014&nbsp;<\/strong> A cuatro meses de su inauguraci\u00f3n, la Unidad de Neurodesarrollo del CIAS Centro de Isssteson ha brindado un total de mil 526 atenciones especializadas a 307 ni\u00f1as, ni\u00f1os y adolescentes, consolid\u00e1ndose como un referente estatal en el diagn\u00f3stico y tratamiento de condiciones que afectan el desarrollo neurol\u00f3gico durante la infancia y adolescencia.<\/p>\n<p>&nbsp;<\/p>\n<p>&nbsp;<\/p>\n<p>&nbsp;<\/p>\n<p>&nbsp;<\/p>\n<p>&nbsp;<\/p>\n<p> <\/p>\n<p>Impulsada por el gobierno que encabeza Alfonso Durazo Monta\u00f1o, esta unidad inici\u00f3 funciones el pasado 18 de febrero para ofrecer atenci\u00f3n especializada a menores con trastorno del espectro autista, trastorno por d\u00e9ficit de atenci\u00f3n con hiperactividad (TDAH), trastornos del lenguaje, del aprendizaje, entre otros.<\/p>\n<p>&nbsp;<\/p>\n<p>&nbsp;<\/p>\n<p>Su creaci\u00f3n fortalece los servicios que brinda Isssteson a sus derechohabientes, al tratarse de un espacio \u00fanico en su tipo dentro del sector p\u00fablico estatal de salud. Actualmente, opera con un equipo multidisciplinario integrado por psic\u00f3logas, psic\u00f3logos y trabajadoras sociales que apoyan a ni\u00f1as, ni\u00f1os, adolescentes y sus familias.<\/p>\n<p>&nbsp;<\/p>\n<p>&nbsp;<\/p>\n<p>La atenci\u00f3n se complementa con una Unidad de Estimulaci\u00f3n Temprana y Evaluaci\u00f3n del Desarrollo Infantil, que brinda servicios desde el nacimiento hasta los seis a\u00f1os de edad. Adem\u00e1s, se proyecta la construcci\u00f3n de un \u00e1rea de Fisioterapia Infantil en el mismo CIAS, con el fin de ampliar la cobertura terap\u00e9utica.<\/p>\n<p>&nbsp;<\/p>\n<p>&nbsp;<\/p>\n<p>Como parte de la expansi\u00f3n de este modelo de atenci\u00f3n, la Unidad de Neurodesarrollo se replicar\u00e1 pr\u00f3ximamente en el CIAS de Navojoa y el Hospital de Isssteson en Nogales, beneficiando a m\u00e1s derechohabientes en distintas regiones del estado.<\/p>\n<p>&nbsp;<\/p>\n<p>&nbsp;<\/p>\n<p>&nbsp;<\/p>\n<p>PUBLICADO EL 18 DE JUNIO DE 2025 Con informaci\u00f3n de GOBSON 0625178)<\/p>\n","protected":false},"excerpt":{"rendered":"<p>HERMOSILLO, SONORA. MX. \u2014&nbsp; A cuatro meses de su inauguraci\u00f3n, la Unidad de Neurodesarrollo del&#8230;<\/p>\n","protected":false},"author":1,"featured_media":218010,"comment_status":"open","ping_status":"open","sticky":false,"template":"","format":"standard","meta":{"_monsterinsights_skip_tracking":false,"_monsterinsights_sitenote_active":false,"_monsterinsights_sitenote_note":"","_monsterinsights_sitenote_category":0,"footnotes":""},"categories":[22],"tags":[],"class_list":["post"],"yoast_head":" \n<title>Sonora en Equipo. Gobierno de Sonora consolida atenci\u00f3n infantil especializada con la Unidad de Neurodesarrollo de Isssteson Sonora<\/title>\n<meta name=\"description\" content=\"HERMOSILLO, SONORA. MX. \u2014&nbsp; A cuatro meses de su inauguraci\u00f3n, la Unidad de Neurodesarrollo del CIAS Centro de Isssteson ha brindado un total de mil En Sonora en Equipo publicamos toda la informaci\u00f3n de Sonora, M\u00e9xico y el Mundo de manera oportuna y busca que la libertad de expresi\u00f3n sea real. Visita nuestro medio informativo publicado desde Hermosillo, Sonora. %\" \/>\n<meta name=\"robots\" content=\"index, follow, max-snippet:-1, max-image-preview:large, max-video-preview:-1\" \/>\n<link rel=\"canonical\" href=\"https:\/\/www.sonoraenequipo.com.mx\/gobierno-de-sonora-consolida-atencion-infantil-especializada-con-la-unidad-de-neurodesarrollo-de-isssteson\/\" \/>\n<meta property=\"og:locale\" content=\"es_ES\" \/>\n<meta property=\"og:type\" content=\"article\" \/>\n<meta property=\"og:title\" content=\"Sonora en Equipo. Gobierno de Sonora consolida atenci\u00f3n infantil especializada con la Unidad de Neurodesarrollo de Isssteson Sonora\" \/>\n<meta property=\"og:description\" content=\"HERMOSILLO, SONORA. MX. \u2014&nbsp; A cuatro meses de su inauguraci\u00f3n, la Unidad de Neurodesarrollo del CIAS Centro de Isssteson ha brindado un total de mil En Sonora en Equipo publicamos toda la informaci\u00f3n de Sonora, M\u00e9xico y el Mundo de manera oportuna y busca que la libertad de expresi\u00f3n sea real. Visita nuestro medio informativo publicado desde Hermosillo, Sonora. %\" \/>\n<meta property=\"og:url\" content=\"https:\/\/www.sonoraenequipo.com.mx\/gobierno-de-sonora-consolida-atencion-infantil-especializada-con-la-unidad-de-neurodesarrollo-de-isssteson\/\" \/>\n<meta property=\"og:site_name\" content=\"Sonora en Equipo.\" \/>\n<meta property=\"article:publisher\" content=\"https:\/\/www.facebook.com\/SonoraEE\/\" \/>\n<meta property=\"article:author\" content=\"https:\/\/www.facebook.com\/SonoraEE\" \/>\n<meta property=\"article:published_time\" content=\"2025-06-18T21:00:00+00:00\" \/>\n<meta property=\"og:image\" content=\"https:\/\/www.sonoraenequipo.com.mx\/storage\/2025\/06\/Unidad-de-Neurodesarrollo-de-Isssteson-min.jpg\" \/>\n\t<meta property=\"og:image:width\" content=\"900\" \/>\n\t<meta property=\"og:image:height\" content=\"600\" \/>\n\t<meta property=\"og:image:type\" content=\"image\/jpeg\" \/>\n<meta name=\"author\" content=\"enequipo\" \/>\n<meta name=\"twitter:card\" content=\"summary_large_image\" \/>\n<meta name=\"twitter:creator\" content=\"@sonoraenequipo\" \/>\n<meta name=\"twitter:site\" content=\"@sonoraenequipo\" \/>\n<meta name=\"twitter:label1\" content=\"Escrito por\" \/>\n\t<meta name=\"twitter:data1\" content=\"enequipo\" \/>\n\t<meta name=\"twitter:label2\" content=\"Tiempo de lectura\" \/>\n\t<meta name=\"twitter:data2\" content=\"1 minuto\" \/>\n<script type=\"application\/ld+json\" class=\"yoast-schema-graph\">{\"@context\":\"https:\/\/schema.org\",\"@graph\":[{\"@type\":\"Article\",\"@id\":\"https:\/\/www.sonoraenequipo.com.mx\/gobierno-de-sonora-consolida-atencion-infantil-especializada-con-la-unidad-de-neurodesarrollo-de-isssteson\/#article\",\"isPartOf\":{\"@id\":\"https:\/\/www.sonoraenequipo.com.mx\/gobierno-de-sonora-consolida-atencion-infantil-especializada-con-la-unidad-de-neurodesarrollo-de-isssteson\/\"},\"author\":{\"name\":\"enequipo\",\"@id\":\"https:\/\/www.sonoraenequipo.com.mx\/#\/schema\/person\/50102df0fb23a8fa9e8effad8fa81386\"},\"headline\":\"Gobierno de Sonora consolida atenci\u00f3n infantil especializada con la Unidad de Neurodesarrollo de Isssteson\",\"datePublished\":\"2025-06-18T21:00:00+00:00\",\"mainEntityOfPage\":{\"@id\":\"https:\/\/www.sonoraenequipo.com.mx\/gobierno-de-sonora-consolida-atencion-infantil-especializada-con-la-unidad-de-neurodesarrollo-de-isssteson\/\"},\"wordCount\":300,\"commentCount\":0,\"publisher\":{\"@id\":\"https:\/\/www.sonoraenequipo.com.mx\/#organization\"},\"image\":{\"@id\":\"https:\/\/www.sonoraenequipo.com.mx\/gobierno-de-sonora-consolida-atencion-infantil-especializada-con-la-unidad-de-neurodesarrollo-de-isssteson\/#primaryimage\"},\"thumbnailUrl\":\"https:\/\/www.sonoraenequipo.com.mx\/storage\/2025\/06\/Unidad-de-Neurodesarrollo-de-Isssteson-min.jpg\",\"articleSection\":[\"Sonora\"],\"inLanguage\":\"es\",\"potentialAction\":[{\"@type\":\"CommentAction\",\"name\":\"Comment\",\"target\":[\"https:\/\/www.sonoraenequipo.com.mx\/gobierno-de-sonora-consolida-atencion-infantil-especializada-con-la-unidad-de-neurodesarrollo-de-isssteson\/#respond\"]}]},{\"@type\":\"WebPage\",\"@id\":\"https:\/\/www.sonoraenequipo.com.mx\/gobierno-de-sonora-consolida-atencion-infantil-especializada-con-la-unidad-de-neurodesarrollo-de-isssteson\/\",\"url\":\"https:\/\/www.sonoraenequipo.com.mx\/gobierno-de-sonora-consolida-atencion-infantil-especializada-con-la-unidad-de-neurodesarrollo-de-isssteson\/\",\"name\":\"Sonora en Equipo. Gobierno de Sonora consolida atenci\u00f3n infantil especializada con la Unidad de Neurodesarrollo de Isssteson Sonora\",\"isPartOf\":{\"@id\":\"https:\/\/www.sonoraenequipo.com.mx\/#website\"},\"primaryImageOfPage\":{\"@id\":\"https:\/\/www.sonoraenequipo.com.mx\/gobierno-de-sonora-consolida-atencion-infantil-especializada-con-la-unidad-de-neurodesarrollo-de-isssteson\/#primaryimage\"},\"image\":{\"@id\":\"https:\/\/www.sonoraenequipo.com.mx\/gobierno-de-sonora-consolida-atencion-infantil-especializada-con-la-unidad-de-neurodesarrollo-de-isssteson\/#primaryimage\"},\"thumbnailUrl\":\"https:\/\/www.sonoraenequipo.com.mx\/storage\/2025\/06\/Unidad-de-Neurodesarrollo-de-Isssteson-min.jpg\",\"datePublished\":\"2025-06-18T21:00:00+00:00\",\"description\":\"HERMOSILLO, SONORA. MX. \u2014&nbsp; A cuatro meses de su inauguraci\u00f3n, la Unidad de Neurodesarrollo del CIAS Centro de Isssteson ha brindado un total de mil En Sonora en Equipo publicamos toda la informaci\u00f3n de Sonora, M\u00e9xico y el Mundo de manera oportuna y busca que la libertad de expresi\u00f3n sea real. Visita nuestro medio informativo publicado desde Hermosillo, Sonora. %\",\"breadcrumb\":{\"@id\":\"https:\/\/www.sonoraenequipo.com.mx\/gobierno-de-sonora-consolida-atencion-infantil-especializada-con-la-unidad-de-neurodesarrollo-de-isssteson\/#breadcrumb\"},\"inLanguage\":\"es\",\"potentialAction\":[{\"@type\":\"ReadAction\",\"target\":[\"https:\/\/www.sonoraenequipo.com.mx\/gobierno-de-sonora-consolida-atencion-infantil-especializada-con-la-unidad-de-neurodesarrollo-de-isssteson\/\"]}]},{\"@type\":\"ImageObject\",\"inLanguage\":\"es\",\"@id\":\"https:\/\/www.sonoraenequipo.com.mx\/gobierno-de-sonora-consolida-atencion-infantil-especializada-con-la-unidad-de-neurodesarrollo-de-isssteson\/#primaryimage\",\"url\":\"https:\/\/www.sonoraenequipo.com.mx\/storage\/2025\/06\/Unidad-de-Neurodesarrollo-de-Isssteson-min.jpg\",\"contentUrl\":\"https:\/\/www.sonoraenequipo.com.mx\/storage\/2025\/06\/Unidad-de-Neurodesarrollo-de-Isssteson-min.jpg\",\"width\":900,\"height\":600},{\"@type\":\"BreadcrumbList\",\"@id\":\"https:\/\/www.sonoraenequipo.com.mx\/gobierno-de-sonora-consolida-atencion-infantil-especializada-con-la-unidad-de-neurodesarrollo-de-isssteson\/#breadcrumb\",\"itemListElement\":[{\"@type\":\"ListItem\",\"position\":1,\"name\":\"Portada\",\"item\":\"https:\/\/www.sonoraenequipo.com.mx\/\"},{\"@type\":\"ListItem\",\"position\":2,\"name\":\"Gobierno de Sonora consolida atenci\u00f3n infantil especializada con la Unidad de Neurodesarrollo de Isssteson\"}]},{\"@type\":\"WebSite\",\"@id\":\"https:\/\/www.sonoraenequipo.com.mx\/#website\",\"url\":\"https:\/\/www.sonoraenequipo.com.mx\/\",\"name\":\"Sonora en Equipo.\",\"description\":\"Diario en l\u00ednea con Noticias desde Hermosillo, Sonora\",\"publisher\":{\"@id\":\"https:\/\/www.sonoraenequipo.com.mx\/#organization\"},\"potentialAction\":[{\"@type\":\"SearchAction\",\"target\":{\"@type\":\"EntryPoint\",\"urlTemplate\":\"https:\/\/www.sonoraenequipo.com.mx\/?s={search_term_string}\"},\"query-input\":{\"@type\":\"PropertyValueSpecification\",\"valueRequired\":true,\"valueName\":\"search_term_string\"}}],\"inLanguage\":\"es\"},{\"@type\":\"Organization\",\"@id\":\"https:\/\/www.sonoraenequipo.com.mx\/#organization\",\"name\":\"Sonoraenequipo.com.mx\",\"url\":\"https:\/\/www.sonoraenequipo.com.mx\/\",\"logo\":{\"@type\":\"ImageObject\",\"inLanguage\":\"es\",\"@id\":\"https:\/\/www.sonoraenequipo.com.mx\/#\/schema\/logo\/image\/\",\"url\":\"https:\/\/www.sonoraenequipo.com.mx\/storage\/2019\/01\/sonoraenequipo_opt.png\",\"contentUrl\":\"https:\/\/www.sonoraenequipo.com.mx\/storage\/2019\/01\/sonoraenequipo_opt.png\",\"width\":375,\"height\":125,\"caption\":\"Sonoraenequipo.com.mx\"},\"image\":{\"@id\":\"https:\/\/www.sonoraenequipo.com.mx\/#\/schema\/logo\/image\/\"},\"sameAs\":[\"https:\/\/www.facebook.com\/SonoraEE\/\",\"https:\/\/x.com\/sonoraenequipo\",\"https:\/\/www.youtube.com\/channel\/UC338nW-lPEYmJQs4ZABQ1SQ\"]},{\"@type\":\"Person\",\"@id\":\"https:\/\/www.sonoraenequipo.com.mx\/#\/schema\/person\/50102df0fb23a8fa9e8effad8fa81386\",\"name\":\"enequipo\",\"image\":{\"@type\":\"ImageObject\",\"inLanguage\":\"es\",\"@id\":\"https:\/\/www.sonoraenequipo.com.mx\/#\/schema\/person\/image\/\",\"url\":\"https:\/\/secure.gravatar.com\/avatar\/049821681b589dabc0bc20695993ccebb09f5b5d4d790cd9251b97faac7c652b?s=96&d=blank&r=g\",\"contentUrl\":\"https:\/\/secure.gravatar.com\/avatar\/049821681b589dabc0bc20695993ccebb09f5b5d4d790cd9251b97faac7c652b?s=96&d=blank&r=g\",\"caption\":\"enequipo\"},\"sameAs\":[\"https:\/\/www.facebook.com\/SonoraEE\"]}]}<\/script>\n ","yoast_head_json":{"title":"Sonora en Equipo. Gobierno de Sonora consolida atenci\u00f3n infantil especializada con la Unidad de Neurodesarrollo de Isssteson Sonora","description":"HERMOSILLO, SONORA. MX. \u2014&nbsp; A cuatro meses de su inauguraci\u00f3n, la Unidad de Neurodesarrollo del CIAS Centro de Isssteson ha brindado un total de mil En Sonora en Equipo publicamos toda la informaci\u00f3n de Sonora, M\u00e9xico y el Mundo de manera oportuna y busca que la libertad de expresi\u00f3n sea real. Visita nuestro medio informativo publicado desde Hermosillo, Sonora. %","robots":{"index":"index","follow":"follow","max-snippet":"max-snippet:-1","max-image-preview":"max-image-preview:large","max-video-preview":"max-video-preview:-1"},"canonical":"https:\/\/www.sonoraenequipo.com.mx\/gobierno-de-sonora-consolida-atencion-infantil-especializada-con-la-unidad-de-neurodesarrollo-de-isssteson\/","og_locale":"es_ES","og_type":"article","og_title":"Sonora en Equipo. Gobierno de Sonora consolida atenci\u00f3n infantil especializada con la Unidad de Neurodesarrollo de Isssteson Sonora","og_description":"HERMOSILLO, SONORA. MX. \u2014&nbsp; A cuatro meses de su inauguraci\u00f3n, la Unidad de Neurodesarrollo del CIAS Centro de Isssteson ha brindado un total de mil En Sonora en Equipo publicamos toda la informaci\u00f3n de Sonora, M\u00e9xico y el Mundo de manera oportuna y busca que la libertad de expresi\u00f3n sea real. Visita nuestro medio informativo publicado desde Hermosillo, Sonora. %","og_url":"https:\/\/www.sonoraenequipo.com.mx\/gobierno-de-sonora-consolida-atencion-infantil-especializada-con-la-unidad-de-neurodesarrollo-de-isssteson\/","og_site_name":"Sonora en Equipo.","article_publisher":"https:\/\/www.facebook.com\/SonoraEE\/","article_author":"https:\/\/www.facebook.com\/SonoraEE","article_published_time":"2025-06-18T21:00:00+00:00","og_image":[{"width":900,"height":600,"url":"https:\/\/www.sonoraenequipo.com.mx\/storage\/2025\/06\/Unidad-de-Neurodesarrollo-de-Isssteson-min.jpg","type":"image\/jpeg"}],"author":"enequipo","twitter_card":"summary_large_image","twitter_creator":"@sonoraenequipo","twitter_site":"@sonoraenequipo","twitter_misc":{"Escrito por":"enequipo","Tiempo de lectura":"1 minuto"},"schema":{"@context":"https:\/\/schema.org","@graph":[{"@type":"Article","@id":"https:\/\/www.sonoraenequipo.com.mx\/gobierno-de-sonora-consolida-atencion-infantil-especializada-con-la-unidad-de-neurodesarrollo-de-isssteson\/#article","isPartOf":{"@id":"https:\/\/www.sonoraenequipo.com.mx\/gobierno-de-sonora-consolida-atencion-infantil-especializada-con-la-unidad-de-neurodesarrollo-de-isssteson\/"},"author":{"name":"enequipo","@id":"https:\/\/www.sonoraenequipo.com.mx\/#\/schema\/person\/50102df0fb23a8fa9e8effad8fa81386"},"headline":"Gobierno de Sonora consolida atenci\u00f3n infantil especializada con la Unidad de Neurodesarrollo de Isssteson","datePublished":"2025-06-18T21:00:00+00:00","mainEntityOfPage":{"@id":"https:\/\/www.sonoraenequipo.com.mx\/gobierno-de-sonora-consolida-atencion-infantil-especializada-con-la-unidad-de-neurodesarrollo-de-isssteson\/"},"wordCount":300,"commentCount":0,"publisher":{"@id":"https:\/\/www.sonoraenequipo.com.mx\/#organization"},"image":{"@id":"https:\/\/www.sonoraenequipo.com.mx\/gobierno-de-sonora-consolida-atencion-infantil-especializada-con-la-unidad-de-neurodesarrollo-de-isssteson\/#primaryimage"},"thumbnailUrl":"https:\/\/www.sonoraenequipo.com.mx\/storage\/2025\/06\/Unidad-de-Neurodesarrollo-de-Isssteson-min.jpg","articleSection":["Sonora"],"inLanguage":"es","potentialAction":[{"@type":"CommentAction","name":"Comment","target":["https:\/\/www.sonoraenequipo.com.mx\/gobierno-de-sonora-consolida-atencion-infantil-especializada-con-la-unidad-de-neurodesarrollo-de-isssteson\/#respond"]}]},{"@type":"WebPage","@id":"https:\/\/www.sonoraenequipo.com.mx\/gobierno-de-sonora-consolida-atencion-infantil-especializada-con-la-unidad-de-neurodesarrollo-de-isssteson\/","url":"https:\/\/www.sonoraenequipo.com.mx\/gobierno-de-sonora-consolida-atencion-infantil-especializada-con-la-unidad-de-neurodesarrollo-de-isssteson\/","name":"Sonora en Equipo. Gobierno de Sonora consolida atenci\u00f3n infantil especializada con la Unidad de Neurodesarrollo de Isssteson Sonora","isPartOf":{"@id":"https:\/\/www.sonoraenequipo.com.mx\/#website"},"primaryImageOfPage":{"@id":"https:\/\/www.sonoraenequipo.com.mx\/gobierno-de-sonora-consolida-atencion-infantil-especializada-con-la-unidad-de-neurodesarrollo-de-isssteson\/#primaryimage"},"image":{"@id":"https:\/\/www.sonoraenequipo.com.mx\/gobierno-de-sonora-consolida-atencion-infantil-especializada-con-la-unidad-de-neurodesarrollo-de-isssteson\/#primaryimage"},"thumbnailUrl":"https:\/\/www.sonoraenequipo.com.mx\/storage\/2025\/06\/Unidad-de-Neurodesarrollo-de-Isssteson-min.jpg","datePublished":"2025-06-18T21:00:00+00:00","description":"HERMOSILLO, SONORA. MX. \u2014&nbsp; A cuatro meses de su inauguraci\u00f3n, la Unidad de Neurodesarrollo del CIAS Centro de Isssteson ha brindado un total de mil En Sonora en Equipo publicamos toda la informaci\u00f3n de Sonora, M\u00e9xico y el Mundo de manera oportuna y busca que la libertad de expresi\u00f3n sea real. Visita nuestro medio informativo publicado desde Hermosillo, Sonora. %","breadcrumb":{"@id":"https:\/\/www.sonoraenequipo.com.mx\/gobierno-de-sonora-consolida-atencion-infantil-especializada-con-la-unidad-de-neurodesarrollo-de-isssteson\/#breadcrumb"},"inLanguage":"es","potentialAction":[{"@type":"ReadAction","target":["https:\/\/www.sonoraenequipo.com.mx\/gobierno-de-sonora-consolida-atencion-infantil-especializada-con-la-unidad-de-neurodesarrollo-de-isssteson\/"]}]},{"@type":"ImageObject","inLanguage":"es","@id":"https:\/\/www.sonoraenequipo.com.mx\/gobierno-de-sonora-consolida-atencion-infantil-especializada-con-la-unidad-de-neurodesarrollo-de-isssteson\/#primaryimage","url":"https:\/\/www.sonoraenequipo.com.mx\/storage\/2025\/06\/Unidad-de-Neurodesarrollo-de-Isssteson-min.jpg","contentUrl":"https:\/\/www.sonoraenequipo.com.mx\/storage\/2025\/06\/Unidad-de-Neurodesarrollo-de-Isssteson-min.jpg","width":900,"height":600},{"@type":"BreadcrumbList","@id":"https:\/\/www.sonoraenequipo.com.mx\/gobierno-de-sonora-consolida-atencion-infantil-especializada-con-la-unidad-de-neurodesarrollo-de-isssteson\/#breadcrumb","itemListElement":[{"@type":"ListItem","position":1,"name":"Portada","item":"https:\/\/www.sonoraenequipo.com.mx\/"},{"@type":"ListItem","position":2,"name":"Gobierno de Sonora consolida atenci\u00f3n infantil especializada con la Unidad de Neurodesarrollo de Isssteson"}]},{"@type":"WebSite","@id":"https:\/\/www.sonoraenequipo.com.mx\/#website","url":"https:\/\/www.sonoraenequipo.com.mx\/","name":"Sonora en Equipo.","description":"Diario en l\u00ednea con Noticias desde Hermosillo, Sonora","publisher":{"@id":"https:\/\/www.sonoraenequipo.com.mx\/#organization"},"potentialAction":[{"@type":"SearchAction","target":{"@type":"EntryPoint","urlTemplate":"https:\/\/www.sonoraenequipo.com.mx\/?s={search_term_string}"},"query-input":{"@type":"PropertyValueSpecification","valueRequired":true,"valueName":"search_term_string"}}],"inLanguage":"es"},{"@type":"Organization","@id":"https:\/\/www.sonoraenequipo.com.mx\/#organization","name":"Sonoraenequipo.com.mx","url":"https:\/\/www.sonoraenequipo.com.mx\/","logo":{"@type":"ImageObject","inLanguage":"es","@id":"https:\/\/www.sonoraenequipo.com.mx\/#\/schema\/logo\/image\/","url":"https:\/\/www.sonoraenequipo.com.mx\/storage\/2019\/01\/sonoraenequipo_opt.png","contentUrl":"https:\/\/www.sonoraenequipo.com.mx\/storage\/2019\/01\/sonoraenequipo_opt.png","width":375,"height":125,"caption":"Sonoraenequipo.com.mx"},"image":{"@id":"https:\/\/www.sonoraenequipo.com.mx\/#\/schema\/logo\/image\/"},"sameAs":["https:\/\/www.facebook.com\/SonoraEE\/","https:\/\/x.com\/sonoraenequipo","https:\/\/www.youtube.com\/channel\/UC338nW-lPEYmJQs4ZABQ1SQ"]},{"@type":"Person","@id":"https:\/\/www.sonoraenequipo.com.mx\/#\/schema\/person\/50102df0fb23a8fa9e8effad8fa81386","name":"enequipo","image":{"@type":"ImageObject","inLanguage":"es","@id":"https:\/\/www.sonoraenequipo.com.mx\/#\/schema\/person\/image\/","url":"https:\/\/secure.gravatar.com\/avatar\/049821681b589dabc0bc20695993ccebb09f5b5d4d790cd9251b97faac7c652b?s=96&d=blank&r=g","contentUrl":"https:\/\/secure.gravatar.com\/avatar\/049821681b589dabc0bc20695993ccebb09f5b5d4d790cd9251b97faac7c652b?s=96&d=blank&r=g","caption":"enequipo"},"sameAs":["https:\/\/www.facebook.com\/SonoraEE"]}]}},"jetpack_featured_media_url":"https:\/\/www.sonoraenequipo.com.mx\/storage\/2025\/06\/Unidad-de-Neurodesarrollo-de-Isssteson-min.jpg","_links":{"self":[{"href":"https:\/\/www.sonoraenequipo.com.mx\/api\/wp\/v2\/posts\/218009","targetHints":{"allow":["GET"]}}],"collection":[{"href":"https:\/\/www.sonoraenequipo.com.mx\/api\/wp\/v2\/posts"}],"about":[{"href":"https:\/\/www.sonoraenequipo.com.mx\/api\/wp\/v2\/types\/post"}],"author":[{"embeddable":true,"href":"https:\/\/www.sonoraenequipo.com.mx\/api\/wp\/v2\/users\/1"}],"replies":[{"embeddable":true,"href":"https:\/\/www.sonoraenequipo.com.mx\/api\/wp\/v2\/comments?post=218009"}],"version-history":[{"count":2,"href":"https:\/\/www.sonoraenequipo.com.mx\/api\/wp\/v2\/posts\/218009\/revisions"}],"predecessor-version":[{"id":218015,"href":"https:\/\/www.sonoraenequipo.com.mx\/api\/wp\/v2\/posts\/218009\/revisions\/218015"}],"wp:featuredmedia":[{"embeddable":true,"href":"https:\/\/www.sonoraenequipo.com.mx\/api\/wp\/v2\/media\/218010"}],"wp:attachment":[{"href":"https:\/\/www.sonoraenequipo.com.mx\/api\/wp\/v2\/media?parent=218009"}],"wp:term":[{"taxonomy":"category","embeddable":true,"href":"https:\/\/www.sonoraenequipo.com.mx\/api\/wp\/v2\/categories?post=218009"},{"taxonomy":"post_tag","embeddable":true,"href":"https:\/\/www.sonoraenequipo.com.mx\/api\/wp\/v2\/tags?post=218009"}],"curies":[{"name":"wp","href":"https:\/\/api.w.org\/{rel}","templated":true}]}}