{"id":221508,"date":"2025-08-16T14:43:57","date_gmt":"2025-08-16T21:43:57","guid":{"rendered":"https:\/\/www.sonoraenequipo.com.mx\/?p=221508"},"modified":"2025-08-16T14:43:57","modified_gmt":"2025-08-16T21:43:57","slug":"se-consolida-hermosillo-como-capital-de-la-proveeduria-en-el-sector-minero-tono-astiazaran","status":"publish","type":"post","link":"https:\/\/www.sonoraenequipo.com.mx\/se-consolida-hermosillo-como-capital-de-la-proveeduria-en-el-sector-minero-tono-astiazaran\/","title":{"rendered":"Se consolida Hermosillo como capital de la proveedur\u00eda en el sector minero: To\u00f1o Astiazar\u00e1n"},"content":{"rendered":"<p><strong>HERMOSILLO, SONORA, MX.<\/strong> \u2014 Hermosillo cada vez se consolida m\u00e1s como la capital de la proveedur\u00eda del sector minero en el pa\u00eds, destac\u00f3 el presidente municipal Antonio Astiazar\u00e1n Guti\u00e9rrez en el marco de la toma de protesta del Comit\u00e9 Ejecutivo del Sindicato Nacional de Trabajadores de la Industria Minero-Metal\u00fargica, CTM.<\/p>\n<p>&nbsp;<\/p>\n<p>&nbsp;<\/p>\n<p>&nbsp;<\/p>\n<p>\u201cEn el Gobierno Municipal de Hermosillo siempre hemos cre\u00eddo que cuando las alianzas se fortalecen y se consolidan, quienes ganan son los sonorenses, son los hermosillenses\u201d, asegur\u00f3.<\/p>\n<p>&nbsp;<\/p>\n<p>&nbsp;<\/p>\n<p>&nbsp;<\/p>\n<p>En la toma de protesta de esta organizaci\u00f3n para el periodo 2025-2031, asumi\u00f3 el cargo como secretario general Javier Villarreal, dirigente de la CTM en Sonora.<\/p>\n<p>&nbsp;<\/p>\n<p>&nbsp;<\/p>\n<p>&nbsp;<\/p>\n<p>To\u00f1o Astiazar\u00e1n destac\u00f3 el aporte que representa para la construcci\u00f3n de una industria tan importante para la entidad, que genera empleos y calidad de vida para la ciudadan\u00eda.<\/p>\n<p>&nbsp;<\/p>\n<p>&nbsp;<\/p>\n<p>&nbsp;<\/p>\n<p>\u201cEn el Gobierno Municipal tendr\u00e1n siempre un aliado, porque sabemos que, si le va bien a la industria de la miner\u00eda en el Estado y en nuestro pa\u00eds, les ir\u00e1 bien a las familias hermosillenses\u201d, expres\u00f3.<\/p>\n<p>&nbsp;<\/p>\n<p>&nbsp;<\/p>\n<p>&nbsp;<\/p>\n<p>Antonio Astiazar\u00e1n acompa\u00f1\u00f3 la celebraci\u00f3n del IV Congreso Nacional Ordinario de la organizaci\u00f3n sindical junto con Fernando Salgado, secretario general del Comit\u00e9 Ejecutivo Nacional de la CTM; Ana Luisa Ch\u00e1vez, subsecretaria de la Secretar\u00eda de Gobierno de Sonora; Francisco Contreras, del Sindicato de Trabajadores de la Industria de la Radio y la Televisi\u00f3n (STIRT); el diputado \u00d3scar Ortiz, presidente de la Comisi\u00f3n de Asuntos del Trabajo en el Congreso del Estado; la diputada Iris S\u00e1nchez, de la Comisi\u00f3n de Miner\u00eda del Congreso; y Carmen Esmeralda Gonz\u00e1lez Tapia, presidenta municipal de Cananea.<\/p>\n<p><strong>Fecha de publicaci\u00f3n s\u00e1bado 16 de agosto de 2025<\/strong><\/p>\n<p>&nbsp;<\/p>\n<p>&nbsp;<\/p>\n","protected":false},"excerpt":{"rendered":"<p>HERMOSILLO, SONORA, MX. \u2014 Hermosillo cada vez se consolida m\u00e1s como la capital de la&#8230;<\/p>\n","protected":false},"author":1,"featured_media":221513,"comment_status":"open","ping_status":"open","sticky":false,"template":"","format":"standard","meta":{"_monsterinsights_skip_tracking":false,"_monsterinsights_sitenote_active":false,"_monsterinsights_sitenote_note":"","_monsterinsights_sitenote_category":0,"footnotes":""},"categories":[3],"tags":[832,15],"class_list":["post"],"yoast_head":" \n<title>Sonora en Equipo. Se consolida Hermosillo como capital de la proveedur\u00eda en el sector minero: To\u00f1o Astiazar\u00e1n MUNDO<\/title>\n<meta name=\"description\" content=\"HERMOSILLO, SONORA, MX. \u2014 Hermosillo cada vez se consolida m\u00e1s como la capital de la proveedur\u00eda del sector minero en el pa\u00eds, destac\u00f3 el presidente En Sonora en Equipo publicamos toda la informaci\u00f3n de Sonora, M\u00e9xico y el Mundo de manera oportuna y busca que la libertad de expresi\u00f3n sea real. Visita nuestro medio informativo publicado desde Hermosillo, Sonora. %\" \/>\n<meta name=\"robots\" content=\"index, follow, max-snippet:-1, max-image-preview:large, max-video-preview:-1\" \/>\n<link rel=\"canonical\" href=\"https:\/\/www.sonoraenequipo.com.mx\/se-consolida-hermosillo-como-capital-de-la-proveeduria-en-el-sector-minero-tono-astiazaran\/\" \/>\n<meta property=\"og:locale\" content=\"es_ES\" \/>\n<meta property=\"og:type\" content=\"article\" \/>\n<meta property=\"og:title\" content=\"Sonora en Equipo. Se consolida Hermosillo como capital de la proveedur\u00eda en el sector minero: To\u00f1o Astiazar\u00e1n MUNDO\" \/>\n<meta property=\"og:description\" content=\"HERMOSILLO, SONORA, MX. \u2014 Hermosillo cada vez se consolida m\u00e1s como la capital de la proveedur\u00eda del sector minero en el pa\u00eds, destac\u00f3 el presidente En Sonora en Equipo publicamos toda la informaci\u00f3n de Sonora, M\u00e9xico y el Mundo de manera oportuna y busca que la libertad de expresi\u00f3n sea real. Visita nuestro medio informativo publicado desde Hermosillo, Sonora. %\" \/>\n<meta property=\"og:url\" content=\"https:\/\/www.sonoraenequipo.com.mx\/se-consolida-hermosillo-como-capital-de-la-proveeduria-en-el-sector-minero-tono-astiazaran\/\" \/>\n<meta property=\"og:site_name\" content=\"Sonora en Equipo.\" \/>\n<meta property=\"article:publisher\" content=\"https:\/\/www.facebook.com\/SonoraEE\/\" \/>\n<meta property=\"article:author\" content=\"https:\/\/www.facebook.com\/SonoraEE\" \/>\n<meta property=\"article:published_time\" content=\"2025-08-16T21:43:57+00:00\" \/>\n<meta property=\"og:image\" content=\"https:\/\/www.sonoraenequipo.com.mx\/storage\/2025\/08\/tono-mineria.jpg\" \/>\n\t<meta property=\"og:image:width\" content=\"620\" \/>\n\t<meta property=\"og:image:height\" content=\"420\" \/>\n\t<meta property=\"og:image:type\" content=\"image\/jpeg\" \/>\n<meta name=\"author\" content=\"enequipo\" \/>\n<meta name=\"twitter:card\" content=\"summary_large_image\" \/>\n<meta name=\"twitter:creator\" content=\"@sonoraenequipo\" \/>\n<meta name=\"twitter:site\" content=\"@sonoraenequipo\" \/>\n<meta name=\"twitter:label1\" content=\"Escrito por\" \/>\n\t<meta name=\"twitter:data1\" content=\"enequipo\" \/>\n\t<meta name=\"twitter:label2\" content=\"Tiempo de lectura\" \/>\n\t<meta name=\"twitter:data2\" content=\"2 minutos\" \/>\n<script type=\"application\/ld+json\" class=\"yoast-schema-graph\">{\"@context\":\"https:\/\/schema.org\",\"@graph\":[{\"@type\":\"Article\",\"@id\":\"https:\/\/www.sonoraenequipo.com.mx\/se-consolida-hermosillo-como-capital-de-la-proveeduria-en-el-sector-minero-tono-astiazaran\/#article\",\"isPartOf\":{\"@id\":\"https:\/\/www.sonoraenequipo.com.mx\/se-consolida-hermosillo-como-capital-de-la-proveeduria-en-el-sector-minero-tono-astiazaran\/\"},\"author\":{\"name\":\"enequipo\",\"@id\":\"https:\/\/www.sonoraenequipo.com.mx\/#\/schema\/person\/50102df0fb23a8fa9e8effad8fa81386\"},\"headline\":\"Se consolida Hermosillo como capital de la proveedur\u00eda en el sector minero: To\u00f1o Astiazar\u00e1n\",\"datePublished\":\"2025-08-16T21:43:57+00:00\",\"mainEntityOfPage\":{\"@id\":\"https:\/\/www.sonoraenequipo.com.mx\/se-consolida-hermosillo-como-capital-de-la-proveeduria-en-el-sector-minero-tono-astiazaran\/\"},\"wordCount\":326,\"commentCount\":0,\"publisher\":{\"@id\":\"https:\/\/www.sonoraenequipo.com.mx\/#organization\"},\"image\":{\"@id\":\"https:\/\/www.sonoraenequipo.com.mx\/se-consolida-hermosillo-como-capital-de-la-proveeduria-en-el-sector-minero-tono-astiazaran\/#primaryimage\"},\"thumbnailUrl\":\"https:\/\/www.sonoraenequipo.com.mx\/storage\/2025\/08\/tono-mineria.jpg\",\"keywords\":[\"Mineria\",\"Sonora\"],\"articleSection\":[\"MUNDO\"],\"inLanguage\":\"es\",\"potentialAction\":[{\"@type\":\"CommentAction\",\"name\":\"Comment\",\"target\":[\"https:\/\/www.sonoraenequipo.com.mx\/se-consolida-hermosillo-como-capital-de-la-proveeduria-en-el-sector-minero-tono-astiazaran\/#respond\"]}]},{\"@type\":\"WebPage\",\"@id\":\"https:\/\/www.sonoraenequipo.com.mx\/se-consolida-hermosillo-como-capital-de-la-proveeduria-en-el-sector-minero-tono-astiazaran\/\",\"url\":\"https:\/\/www.sonoraenequipo.com.mx\/se-consolida-hermosillo-como-capital-de-la-proveeduria-en-el-sector-minero-tono-astiazaran\/\",\"name\":\"Sonora en Equipo. Se consolida Hermosillo como capital de la proveedur\u00eda en el sector minero: To\u00f1o Astiazar\u00e1n MUNDO\",\"isPartOf\":{\"@id\":\"https:\/\/www.sonoraenequipo.com.mx\/#website\"},\"primaryImageOfPage\":{\"@id\":\"https:\/\/www.sonoraenequipo.com.mx\/se-consolida-hermosillo-como-capital-de-la-proveeduria-en-el-sector-minero-tono-astiazaran\/#primaryimage\"},\"image\":{\"@id\":\"https:\/\/www.sonoraenequipo.com.mx\/se-consolida-hermosillo-como-capital-de-la-proveeduria-en-el-sector-minero-tono-astiazaran\/#primaryimage\"},\"thumbnailUrl\":\"https:\/\/www.sonoraenequipo.com.mx\/storage\/2025\/08\/tono-mineria.jpg\",\"datePublished\":\"2025-08-16T21:43:57+00:00\",\"description\":\"HERMOSILLO, SONORA, MX. \u2014 Hermosillo cada vez se consolida m\u00e1s como la capital de la proveedur\u00eda del sector minero en el pa\u00eds, destac\u00f3 el presidente En Sonora en Equipo publicamos toda la informaci\u00f3n de Sonora, M\u00e9xico y el Mundo de manera oportuna y busca que la libertad de expresi\u00f3n sea real. Visita nuestro medio informativo publicado desde Hermosillo, Sonora. %\",\"breadcrumb\":{\"@id\":\"https:\/\/www.sonoraenequipo.com.mx\/se-consolida-hermosillo-como-capital-de-la-proveeduria-en-el-sector-minero-tono-astiazaran\/#breadcrumb\"},\"inLanguage\":\"es\",\"potentialAction\":[{\"@type\":\"ReadAction\",\"target\":[\"https:\/\/www.sonoraenequipo.com.mx\/se-consolida-hermosillo-como-capital-de-la-proveeduria-en-el-sector-minero-tono-astiazaran\/\"]}]},{\"@type\":\"ImageObject\",\"inLanguage\":\"es\",\"@id\":\"https:\/\/www.sonoraenequipo.com.mx\/se-consolida-hermosillo-como-capital-de-la-proveeduria-en-el-sector-minero-tono-astiazaran\/#primaryimage\",\"url\":\"https:\/\/www.sonoraenequipo.com.mx\/storage\/2025\/08\/tono-mineria.jpg\",\"contentUrl\":\"https:\/\/www.sonoraenequipo.com.mx\/storage\/2025\/08\/tono-mineria.jpg\",\"width\":620,\"height\":420},{\"@type\":\"BreadcrumbList\",\"@id\":\"https:\/\/www.sonoraenequipo.com.mx\/se-consolida-hermosillo-como-capital-de-la-proveeduria-en-el-sector-minero-tono-astiazaran\/#breadcrumb\",\"itemListElement\":[{\"@type\":\"ListItem\",\"position\":1,\"name\":\"Portada\",\"item\":\"https:\/\/www.sonoraenequipo.com.mx\/\"},{\"@type\":\"ListItem\",\"position\":2,\"name\":\"Se consolida Hermosillo como capital de la proveedur\u00eda en el sector minero: To\u00f1o Astiazar\u00e1n\"}]},{\"@type\":\"WebSite\",\"@id\":\"https:\/\/www.sonoraenequipo.com.mx\/#website\",\"url\":\"https:\/\/www.sonoraenequipo.com.mx\/\",\"name\":\"Sonora en Equipo.\",\"description\":\"Diario en l\u00ednea con Noticias desde Hermosillo, Sonora\",\"publisher\":{\"@id\":\"https:\/\/www.sonoraenequipo.com.mx\/#organization\"},\"potentialAction\":[{\"@type\":\"SearchAction\",\"target\":{\"@type\":\"EntryPoint\",\"urlTemplate\":\"https:\/\/www.sonoraenequipo.com.mx\/?s={search_term_string}\"},\"query-input\":{\"@type\":\"PropertyValueSpecification\",\"valueRequired\":true,\"valueName\":\"search_term_string\"}}],\"inLanguage\":\"es\"},{\"@type\":\"Organization\",\"@id\":\"https:\/\/www.sonoraenequipo.com.mx\/#organization\",\"name\":\"Sonoraenequipo.com.mx\",\"url\":\"https:\/\/www.sonoraenequipo.com.mx\/\",\"logo\":{\"@type\":\"ImageObject\",\"inLanguage\":\"es\",\"@id\":\"https:\/\/www.sonoraenequipo.com.mx\/#\/schema\/logo\/image\/\",\"url\":\"https:\/\/www.sonoraenequipo.com.mx\/storage\/2019\/01\/sonoraenequipo_opt.png\",\"contentUrl\":\"https:\/\/www.sonoraenequipo.com.mx\/storage\/2019\/01\/sonoraenequipo_opt.png\",\"width\":375,\"height\":125,\"caption\":\"Sonoraenequipo.com.mx\"},\"image\":{\"@id\":\"https:\/\/www.sonoraenequipo.com.mx\/#\/schema\/logo\/image\/\"},\"sameAs\":[\"https:\/\/www.facebook.com\/SonoraEE\/\",\"https:\/\/x.com\/sonoraenequipo\",\"https:\/\/www.youtube.com\/channel\/UC338nW-lPEYmJQs4ZABQ1SQ\"]},{\"@type\":\"Person\",\"@id\":\"https:\/\/www.sonoraenequipo.com.mx\/#\/schema\/person\/50102df0fb23a8fa9e8effad8fa81386\",\"name\":\"enequipo\",\"image\":{\"@type\":\"ImageObject\",\"inLanguage\":\"es\",\"@id\":\"https:\/\/www.sonoraenequipo.com.mx\/#\/schema\/person\/image\/\",\"url\":\"https:\/\/secure.gravatar.com\/avatar\/049821681b589dabc0bc20695993ccebb09f5b5d4d790cd9251b97faac7c652b?s=96&d=blank&r=g\",\"contentUrl\":\"https:\/\/secure.gravatar.com\/avatar\/049821681b589dabc0bc20695993ccebb09f5b5d4d790cd9251b97faac7c652b?s=96&d=blank&r=g\",\"caption\":\"enequipo\"},\"sameAs\":[\"https:\/\/www.facebook.com\/SonoraEE\"]}]}<\/script>\n ","yoast_head_json":{"title":"Sonora en Equipo. Se consolida Hermosillo como capital de la proveedur\u00eda en el sector minero: To\u00f1o Astiazar\u00e1n MUNDO","description":"HERMOSILLO, SONORA, MX. \u2014 Hermosillo cada vez se consolida m\u00e1s como la capital de la proveedur\u00eda del sector minero en el pa\u00eds, destac\u00f3 el presidente En Sonora en Equipo publicamos toda la informaci\u00f3n de Sonora, M\u00e9xico y el Mundo de manera oportuna y busca que la libertad de expresi\u00f3n sea real. Visita nuestro medio informativo publicado desde Hermosillo, Sonora. %","robots":{"index":"index","follow":"follow","max-snippet":"max-snippet:-1","max-image-preview":"max-image-preview:large","max-video-preview":"max-video-preview:-1"},"canonical":"https:\/\/www.sonoraenequipo.com.mx\/se-consolida-hermosillo-como-capital-de-la-proveeduria-en-el-sector-minero-tono-astiazaran\/","og_locale":"es_ES","og_type":"article","og_title":"Sonora en Equipo. Se consolida Hermosillo como capital de la proveedur\u00eda en el sector minero: To\u00f1o Astiazar\u00e1n MUNDO","og_description":"HERMOSILLO, SONORA, MX. \u2014 Hermosillo cada vez se consolida m\u00e1s como la capital de la proveedur\u00eda del sector minero en el pa\u00eds, destac\u00f3 el presidente En Sonora en Equipo publicamos toda la informaci\u00f3n de Sonora, M\u00e9xico y el Mundo de manera oportuna y busca que la libertad de expresi\u00f3n sea real. Visita nuestro medio informativo publicado desde Hermosillo, Sonora. %","og_url":"https:\/\/www.sonoraenequipo.com.mx\/se-consolida-hermosillo-como-capital-de-la-proveeduria-en-el-sector-minero-tono-astiazaran\/","og_site_name":"Sonora en Equipo.","article_publisher":"https:\/\/www.facebook.com\/SonoraEE\/","article_author":"https:\/\/www.facebook.com\/SonoraEE","article_published_time":"2025-08-16T21:43:57+00:00","og_image":[{"width":620,"height":420,"url":"https:\/\/www.sonoraenequipo.com.mx\/storage\/2025\/08\/tono-mineria.jpg","type":"image\/jpeg"}],"author":"enequipo","twitter_card":"summary_large_image","twitter_creator":"@sonoraenequipo","twitter_site":"@sonoraenequipo","twitter_misc":{"Escrito por":"enequipo","Tiempo de lectura":"2 minutos"},"schema":{"@context":"https:\/\/schema.org","@graph":[{"@type":"Article","@id":"https:\/\/www.sonoraenequipo.com.mx\/se-consolida-hermosillo-como-capital-de-la-proveeduria-en-el-sector-minero-tono-astiazaran\/#article","isPartOf":{"@id":"https:\/\/www.sonoraenequipo.com.mx\/se-consolida-hermosillo-como-capital-de-la-proveeduria-en-el-sector-minero-tono-astiazaran\/"},"author":{"name":"enequipo","@id":"https:\/\/www.sonoraenequipo.com.mx\/#\/schema\/person\/50102df0fb23a8fa9e8effad8fa81386"},"headline":"Se consolida Hermosillo como capital de la proveedur\u00eda en el sector minero: To\u00f1o Astiazar\u00e1n","datePublished":"2025-08-16T21:43:57+00:00","mainEntityOfPage":{"@id":"https:\/\/www.sonoraenequipo.com.mx\/se-consolida-hermosillo-como-capital-de-la-proveeduria-en-el-sector-minero-tono-astiazaran\/"},"wordCount":326,"commentCount":0,"publisher":{"@id":"https:\/\/www.sonoraenequipo.com.mx\/#organization"},"image":{"@id":"https:\/\/www.sonoraenequipo.com.mx\/se-consolida-hermosillo-como-capital-de-la-proveeduria-en-el-sector-minero-tono-astiazaran\/#primaryimage"},"thumbnailUrl":"https:\/\/www.sonoraenequipo.com.mx\/storage\/2025\/08\/tono-mineria.jpg","keywords":["Mineria","Sonora"],"articleSection":["MUNDO"],"inLanguage":"es","potentialAction":[{"@type":"CommentAction","name":"Comment","target":["https:\/\/www.sonoraenequipo.com.mx\/se-consolida-hermosillo-como-capital-de-la-proveeduria-en-el-sector-minero-tono-astiazaran\/#respond"]}]},{"@type":"WebPage","@id":"https:\/\/www.sonoraenequipo.com.mx\/se-consolida-hermosillo-como-capital-de-la-proveeduria-en-el-sector-minero-tono-astiazaran\/","url":"https:\/\/www.sonoraenequipo.com.mx\/se-consolida-hermosillo-como-capital-de-la-proveeduria-en-el-sector-minero-tono-astiazaran\/","name":"Sonora en Equipo. Se consolida Hermosillo como capital de la proveedur\u00eda en el sector minero: To\u00f1o Astiazar\u00e1n MUNDO","isPartOf":{"@id":"https:\/\/www.sonoraenequipo.com.mx\/#website"},"primaryImageOfPage":{"@id":"https:\/\/www.sonoraenequipo.com.mx\/se-consolida-hermosillo-como-capital-de-la-proveeduria-en-el-sector-minero-tono-astiazaran\/#primaryimage"},"image":{"@id":"https:\/\/www.sonoraenequipo.com.mx\/se-consolida-hermosillo-como-capital-de-la-proveeduria-en-el-sector-minero-tono-astiazaran\/#primaryimage"},"thumbnailUrl":"https:\/\/www.sonoraenequipo.com.mx\/storage\/2025\/08\/tono-mineria.jpg","datePublished":"2025-08-16T21:43:57+00:00","description":"HERMOSILLO, SONORA, MX. \u2014 Hermosillo cada vez se consolida m\u00e1s como la capital de la proveedur\u00eda del sector minero en el pa\u00eds, destac\u00f3 el presidente En Sonora en Equipo publicamos toda la informaci\u00f3n de Sonora, M\u00e9xico y el Mundo de manera oportuna y busca que la libertad de expresi\u00f3n sea real. Visita nuestro medio informativo publicado desde Hermosillo, Sonora. %","breadcrumb":{"@id":"https:\/\/www.sonoraenequipo.com.mx\/se-consolida-hermosillo-como-capital-de-la-proveeduria-en-el-sector-minero-tono-astiazaran\/#breadcrumb"},"inLanguage":"es","potentialAction":[{"@type":"ReadAction","target":["https:\/\/www.sonoraenequipo.com.mx\/se-consolida-hermosillo-como-capital-de-la-proveeduria-en-el-sector-minero-tono-astiazaran\/"]}]},{"@type":"ImageObject","inLanguage":"es","@id":"https:\/\/www.sonoraenequipo.com.mx\/se-consolida-hermosillo-como-capital-de-la-proveeduria-en-el-sector-minero-tono-astiazaran\/#primaryimage","url":"https:\/\/www.sonoraenequipo.com.mx\/storage\/2025\/08\/tono-mineria.jpg","contentUrl":"https:\/\/www.sonoraenequipo.com.mx\/storage\/2025\/08\/tono-mineria.jpg","width":620,"height":420},{"@type":"BreadcrumbList","@id":"https:\/\/www.sonoraenequipo.com.mx\/se-consolida-hermosillo-como-capital-de-la-proveeduria-en-el-sector-minero-tono-astiazaran\/#breadcrumb","itemListElement":[{"@type":"ListItem","position":1,"name":"Portada","item":"https:\/\/www.sonoraenequipo.com.mx\/"},{"@type":"ListItem","position":2,"name":"Se consolida Hermosillo como capital de la proveedur\u00eda en el sector minero: To\u00f1o Astiazar\u00e1n"}]},{"@type":"WebSite","@id":"https:\/\/www.sonoraenequipo.com.mx\/#website","url":"https:\/\/www.sonoraenequipo.com.mx\/","name":"Sonora en Equipo.","description":"Diario en l\u00ednea con Noticias desde Hermosillo, Sonora","publisher":{"@id":"https:\/\/www.sonoraenequipo.com.mx\/#organization"},"potentialAction":[{"@type":"SearchAction","target":{"@type":"EntryPoint","urlTemplate":"https:\/\/www.sonoraenequipo.com.mx\/?s={search_term_string}"},"query-input":{"@type":"PropertyValueSpecification","valueRequired":true,"valueName":"search_term_string"}}],"inLanguage":"es"},{"@type":"Organization","@id":"https:\/\/www.sonoraenequipo.com.mx\/#organization","name":"Sonoraenequipo.com.mx","url":"https:\/\/www.sonoraenequipo.com.mx\/","logo":{"@type":"ImageObject","inLanguage":"es","@id":"https:\/\/www.sonoraenequipo.com.mx\/#\/schema\/logo\/image\/","url":"https:\/\/www.sonoraenequipo.com.mx\/storage\/2019\/01\/sonoraenequipo_opt.png","contentUrl":"https:\/\/www.sonoraenequipo.com.mx\/storage\/2019\/01\/sonoraenequipo_opt.png","width":375,"height":125,"caption":"Sonoraenequipo.com.mx"},"image":{"@id":"https:\/\/www.sonoraenequipo.com.mx\/#\/schema\/logo\/image\/"},"sameAs":["https:\/\/www.facebook.com\/SonoraEE\/","https:\/\/x.com\/sonoraenequipo","https:\/\/www.youtube.com\/channel\/UC338nW-lPEYmJQs4ZABQ1SQ"]},{"@type":"Person","@id":"https:\/\/www.sonoraenequipo.com.mx\/#\/schema\/person\/50102df0fb23a8fa9e8effad8fa81386","name":"enequipo","image":{"@type":"ImageObject","inLanguage":"es","@id":"https:\/\/www.sonoraenequipo.com.mx\/#\/schema\/person\/image\/","url":"https:\/\/secure.gravatar.com\/avatar\/049821681b589dabc0bc20695993ccebb09f5b5d4d790cd9251b97faac7c652b?s=96&d=blank&r=g","contentUrl":"https:\/\/secure.gravatar.com\/avatar\/049821681b589dabc0bc20695993ccebb09f5b5d4d790cd9251b97faac7c652b?s=96&d=blank&r=g","caption":"enequipo"},"sameAs":["https:\/\/www.facebook.com\/SonoraEE"]}]}},"jetpack_featured_media_url":"https:\/\/www.sonoraenequipo.com.mx\/storage\/2025\/08\/tono-mineria.jpg","_links":{"self":[{"href":"https:\/\/www.sonoraenequipo.com.mx\/api\/wp\/v2\/posts\/221508","targetHints":{"allow":["GET"]}}],"collection":[{"href":"https:\/\/www.sonoraenequipo.com.mx\/api\/wp\/v2\/posts"}],"about":[{"href":"https:\/\/www.sonoraenequipo.com.mx\/api\/wp\/v2\/types\/post"}],"author":[{"embeddable":true,"href":"https:\/\/www.sonoraenequipo.com.mx\/api\/wp\/v2\/users\/1"}],"replies":[{"embeddable":true,"href":"https:\/\/www.sonoraenequipo.com.mx\/api\/wp\/v2\/comments?post=221508"}],"version-history":[{"count":1,"href":"https:\/\/www.sonoraenequipo.com.mx\/api\/wp\/v2\/posts\/221508\/revisions"}],"predecessor-version":[{"id":221514,"href":"https:\/\/www.sonoraenequipo.com.mx\/api\/wp\/v2\/posts\/221508\/revisions\/221514"}],"wp:featuredmedia":[{"embeddable":true,"href":"https:\/\/www.sonoraenequipo.com.mx\/api\/wp\/v2\/media\/221513"}],"wp:attachment":[{"href":"https:\/\/www.sonoraenequipo.com.mx\/api\/wp\/v2\/media?parent=221508"}],"wp:term":[{"taxonomy":"category","embeddable":true,"href":"https:\/\/www.sonoraenequipo.com.mx\/api\/wp\/v2\/categories?post=221508"},{"taxonomy":"post_tag","embeddable":true,"href":"https:\/\/www.sonoraenequipo.com.mx\/api\/wp\/v2\/tags?post=221508"}],"curies":[{"name":"wp","href":"https:\/\/api.w.org\/{rel}","templated":true}]}}