{"id":221515,"date":"2025-08-16T17:34:32","date_gmt":"2025-08-17T00:34:32","guid":{"rendered":"https:\/\/www.sonoraenequipo.com.mx\/?p=221515"},"modified":"2025-08-16T17:34:32","modified_gmt":"2025-08-17T00:34:32","slug":"apoya-tono-astiazaran-a-ninas-y-ninos-con-campamento-cultural-del-imca","status":"publish","type":"post","link":"https:\/\/www.sonoraenequipo.com.mx\/apoya-tono-astiazaran-a-ninas-y-ninos-con-campamento-cultural-del-imca\/","title":{"rendered":"Apoya To\u00f1o Astiazar\u00e1n a ni\u00f1as y ni\u00f1os con Campamento Cultural del IMCA"},"content":{"rendered":"<p><strong>HERMOSILLO, SONORA, MX.<\/strong> \u2014 El presidente municipal, Antonio Astiazar\u00e1n Guti\u00e9rrez, entreg\u00f3 reconocimientos a ni\u00f1as y ni\u00f1os participantes del Campamento de Verano Creativo, organizado por el Instituto Municipal de Cultura y Arte (IMCA), en un evento que celebr\u00f3 el talento y la creatividad infantil.<\/p>\n<p>&nbsp;<\/p>\n<p>&nbsp;<\/p>\n<p>&nbsp;<\/p>\n<p>\u201cParte de lo que hoy buscamos es que nuestros sue\u00f1os se conviertan en realidad y una parte muy importante, como ya lo dec\u00eda nuestro maestro, tiene que ver con aprender lo que nos gusta. Estoy seguro de que de aqu\u00ed saldr\u00e1n muchas ni\u00f1as y muchos ni\u00f1os muy talentosos en la m\u00fasica\u201d, expres\u00f3.<\/p>\n<p>&nbsp;<\/p>\n<p>&nbsp;<\/p>\n<p>&nbsp;<\/p>\n<p>Astiazar\u00e1n Guti\u00e9rrez destac\u00f3 que Hermosillo es una ciudad con gran talento musical, reconocido a nivel local e incluso nacional.<\/p>\n<p>&nbsp;<\/p>\n<p>&nbsp;<\/p>\n<p>&nbsp;<\/p>\n<p>La directora del IMCA, Marianna Gonz\u00e1lez Gast\u00e9lum, subray\u00f3 que este es el primer a\u00f1o que se realiza el campamento y agradeci\u00f3 el esfuerzo del equipo del instituto por coordinar las actividades diarias.<\/p>\n<p>&nbsp;<\/p>\n<p>&nbsp;<\/p>\n<p>&nbsp;<\/p>\n<p>\u201cCreemos que es importante dar a las familias opciones para que nuestras ni\u00f1as y ni\u00f1os vivan el arte y la cultura en el verano\u201d, afirm\u00f3.<\/p>\n<p>&nbsp;<\/p>\n<p>&nbsp;<\/p>\n<p>&nbsp;<\/p>\n<p>El programa ha incluido m\u00e1s de 90 actividades que van desde dibujo, pintura, danza y talleres musicales.<\/p>\n<p>&nbsp;<\/p>\n<p>&nbsp;<\/p>\n<p>&nbsp;<\/p>\n<p>El campamento se desarrollar\u00e1 en tres semanas: actualmente se vive la segunda, y la tercera se realizar\u00e1 del 18 al 22 de agosto en la Biblioteca Meneses. Adem\u00e1s, en junio, julio y agosto se han realizado actividades en las 10 bibliotecas municipales y en las Casas de los Abuelos, promoviendo la interacci\u00f3n intergeneracional.<\/p>\n<p>&nbsp;<\/p>\n<p>&nbsp;<\/p>\n<p>&nbsp;<\/p>\n<p>El maestro de percusiones, David Norzagaray, agradeci\u00f3 al Gobierno Municipal por la oportunidad de ofrecer un taller poco convencional. \u201cPor lo general son otro tipo de clases musicales, pero aqu\u00ed tocar\u00e1n tambores, har\u00e1n m\u00fasica con las manos\u2026 y eso conecta mucho con los ni\u00f1os\u201d, se\u00f1al\u00f3.<\/p>\n<p><strong>Fecha de publicaci\u00f3n s\u00e1bado 16 de agosto de 2025<\/strong><\/p>\n<p>&nbsp;<\/p>\n","protected":false},"excerpt":{"rendered":"<p>HERMOSILLO, SONORA, MX. \u2014 El presidente municipal, Antonio Astiazar\u00e1n Guti\u00e9rrez, entreg\u00f3 reconocimientos a ni\u00f1as y&#8230;<\/p>\n","protected":false},"author":1,"featured_media":221516,"comment_status":"open","ping_status":"open","sticky":false,"template":"","format":"standard","meta":{"_monsterinsights_skip_tracking":false,"_monsterinsights_sitenote_active":false,"_monsterinsights_sitenote_note":"","_monsterinsights_sitenote_category":0,"footnotes":""},"categories":[4],"tags":[8601,7172,3807],"class_list":["post"],"yoast_head":" \n<title>Sonora en Equipo. Apoya To\u00f1o Astiazar\u00e1n a ni\u00f1as y ni\u00f1os con Campamento Cultural del IMCA Municipios<\/title>\n<meta name=\"description\" content=\"HERMOSILLO, SONORA, MX. \u2014 El presidente municipal, Antonio Astiazar\u00e1n Guti\u00e9rrez, entreg\u00f3 reconocimientos a ni\u00f1as y ni\u00f1os participantes del Campamento de En Sonora en Equipo publicamos toda la informaci\u00f3n de Sonora, M\u00e9xico y el Mundo de manera oportuna y busca que la libertad de expresi\u00f3n sea real. Visita nuestro medio informativo publicado desde Hermosillo, Sonora. %\" \/>\n<meta name=\"robots\" content=\"index, follow, max-snippet:-1, max-image-preview:large, max-video-preview:-1\" \/>\n<link rel=\"canonical\" href=\"https:\/\/www.sonoraenequipo.com.mx\/apoya-tono-astiazaran-a-ninas-y-ninos-con-campamento-cultural-del-imca\/\" \/>\n<meta property=\"og:locale\" content=\"es_ES\" \/>\n<meta property=\"og:type\" content=\"article\" \/>\n<meta property=\"og:title\" content=\"Sonora en Equipo. Apoya To\u00f1o Astiazar\u00e1n a ni\u00f1as y ni\u00f1os con Campamento Cultural del IMCA Municipios\" \/>\n<meta property=\"og:description\" content=\"HERMOSILLO, SONORA, MX. \u2014 El presidente municipal, Antonio Astiazar\u00e1n Guti\u00e9rrez, entreg\u00f3 reconocimientos a ni\u00f1as y ni\u00f1os participantes del Campamento de En Sonora en Equipo publicamos toda la informaci\u00f3n de Sonora, M\u00e9xico y el Mundo de manera oportuna y busca que la libertad de expresi\u00f3n sea real. Visita nuestro medio informativo publicado desde Hermosillo, Sonora. %\" \/>\n<meta property=\"og:url\" content=\"https:\/\/www.sonoraenequipo.com.mx\/apoya-tono-astiazaran-a-ninas-y-ninos-con-campamento-cultural-del-imca\/\" \/>\n<meta property=\"og:site_name\" content=\"Sonora en Equipo.\" \/>\n<meta property=\"article:publisher\" content=\"https:\/\/www.facebook.com\/SonoraEE\/\" \/>\n<meta property=\"article:author\" content=\"https:\/\/www.facebook.com\/SonoraEE\" \/>\n<meta property=\"article:published_time\" content=\"2025-08-17T00:34:32+00:00\" \/>\n<meta property=\"og:image\" content=\"https:\/\/www.sonoraenequipo.com.mx\/storage\/2025\/08\/campamento-cultural-imca.jpg\" \/>\n\t<meta property=\"og:image:width\" content=\"620\" \/>\n\t<meta property=\"og:image:height\" content=\"420\" \/>\n\t<meta property=\"og:image:type\" content=\"image\/jpeg\" \/>\n<meta name=\"author\" content=\"enequipo\" \/>\n<meta name=\"twitter:card\" content=\"summary_large_image\" \/>\n<meta name=\"twitter:creator\" content=\"@sonoraenequipo\" \/>\n<meta name=\"twitter:site\" content=\"@sonoraenequipo\" \/>\n<meta name=\"twitter:label1\" content=\"Escrito por\" \/>\n\t<meta name=\"twitter:data1\" content=\"enequipo\" \/>\n\t<meta name=\"twitter:label2\" content=\"Tiempo de lectura\" \/>\n\t<meta name=\"twitter:data2\" content=\"2 minutos\" \/>\n<script type=\"application\/ld+json\" class=\"yoast-schema-graph\">{\"@context\":\"https:\/\/schema.org\",\"@graph\":[{\"@type\":\"Article\",\"@id\":\"https:\/\/www.sonoraenequipo.com.mx\/apoya-tono-astiazaran-a-ninas-y-ninos-con-campamento-cultural-del-imca\/#article\",\"isPartOf\":{\"@id\":\"https:\/\/www.sonoraenequipo.com.mx\/apoya-tono-astiazaran-a-ninas-y-ninos-con-campamento-cultural-del-imca\/\"},\"author\":{\"name\":\"enequipo\",\"@id\":\"https:\/\/www.sonoraenequipo.com.mx\/#\/schema\/person\/50102df0fb23a8fa9e8effad8fa81386\"},\"headline\":\"Apoya To\u00f1o Astiazar\u00e1n a ni\u00f1as y ni\u00f1os con Campamento Cultural del IMCA\",\"datePublished\":\"2025-08-17T00:34:32+00:00\",\"mainEntityOfPage\":{\"@id\":\"https:\/\/www.sonoraenequipo.com.mx\/apoya-tono-astiazaran-a-ninas-y-ninos-con-campamento-cultural-del-imca\/\"},\"wordCount\":353,\"commentCount\":0,\"publisher\":{\"@id\":\"https:\/\/www.sonoraenequipo.com.mx\/#organization\"},\"image\":{\"@id\":\"https:\/\/www.sonoraenequipo.com.mx\/apoya-tono-astiazaran-a-ninas-y-ninos-con-campamento-cultural-del-imca\/#primaryimage\"},\"thumbnailUrl\":\"https:\/\/www.sonoraenequipo.com.mx\/storage\/2025\/08\/campamento-cultural-imca.jpg\",\"keywords\":[\"campamento\",\"cultural\",\"imca\"],\"articleSection\":[\"Municipios\"],\"inLanguage\":\"es\",\"potentialAction\":[{\"@type\":\"CommentAction\",\"name\":\"Comment\",\"target\":[\"https:\/\/www.sonoraenequipo.com.mx\/apoya-tono-astiazaran-a-ninas-y-ninos-con-campamento-cultural-del-imca\/#respond\"]}]},{\"@type\":\"WebPage\",\"@id\":\"https:\/\/www.sonoraenequipo.com.mx\/apoya-tono-astiazaran-a-ninas-y-ninos-con-campamento-cultural-del-imca\/\",\"url\":\"https:\/\/www.sonoraenequipo.com.mx\/apoya-tono-astiazaran-a-ninas-y-ninos-con-campamento-cultural-del-imca\/\",\"name\":\"Sonora en Equipo. Apoya To\u00f1o Astiazar\u00e1n a ni\u00f1as y ni\u00f1os con Campamento Cultural del IMCA Municipios\",\"isPartOf\":{\"@id\":\"https:\/\/www.sonoraenequipo.com.mx\/#website\"},\"primaryImageOfPage\":{\"@id\":\"https:\/\/www.sonoraenequipo.com.mx\/apoya-tono-astiazaran-a-ninas-y-ninos-con-campamento-cultural-del-imca\/#primaryimage\"},\"image\":{\"@id\":\"https:\/\/www.sonoraenequipo.com.mx\/apoya-tono-astiazaran-a-ninas-y-ninos-con-campamento-cultural-del-imca\/#primaryimage\"},\"thumbnailUrl\":\"https:\/\/www.sonoraenequipo.com.mx\/storage\/2025\/08\/campamento-cultural-imca.jpg\",\"datePublished\":\"2025-08-17T00:34:32+00:00\",\"description\":\"HERMOSILLO, SONORA, MX. \u2014 El presidente municipal, Antonio Astiazar\u00e1n Guti\u00e9rrez, entreg\u00f3 reconocimientos a ni\u00f1as y ni\u00f1os participantes del Campamento de En Sonora en Equipo publicamos toda la informaci\u00f3n de Sonora, M\u00e9xico y el Mundo de manera oportuna y busca que la libertad de expresi\u00f3n sea real. Visita nuestro medio informativo publicado desde Hermosillo, Sonora. %\",\"breadcrumb\":{\"@id\":\"https:\/\/www.sonoraenequipo.com.mx\/apoya-tono-astiazaran-a-ninas-y-ninos-con-campamento-cultural-del-imca\/#breadcrumb\"},\"inLanguage\":\"es\",\"potentialAction\":[{\"@type\":\"ReadAction\",\"target\":[\"https:\/\/www.sonoraenequipo.com.mx\/apoya-tono-astiazaran-a-ninas-y-ninos-con-campamento-cultural-del-imca\/\"]}]},{\"@type\":\"ImageObject\",\"inLanguage\":\"es\",\"@id\":\"https:\/\/www.sonoraenequipo.com.mx\/apoya-tono-astiazaran-a-ninas-y-ninos-con-campamento-cultural-del-imca\/#primaryimage\",\"url\":\"https:\/\/www.sonoraenequipo.com.mx\/storage\/2025\/08\/campamento-cultural-imca.jpg\",\"contentUrl\":\"https:\/\/www.sonoraenequipo.com.mx\/storage\/2025\/08\/campamento-cultural-imca.jpg\",\"width\":620,\"height\":420},{\"@type\":\"BreadcrumbList\",\"@id\":\"https:\/\/www.sonoraenequipo.com.mx\/apoya-tono-astiazaran-a-ninas-y-ninos-con-campamento-cultural-del-imca\/#breadcrumb\",\"itemListElement\":[{\"@type\":\"ListItem\",\"position\":1,\"name\":\"Portada\",\"item\":\"https:\/\/www.sonoraenequipo.com.mx\/\"},{\"@type\":\"ListItem\",\"position\":2,\"name\":\"Apoya To\u00f1o Astiazar\u00e1n a ni\u00f1as y ni\u00f1os con Campamento Cultural del IMCA\"}]},{\"@type\":\"WebSite\",\"@id\":\"https:\/\/www.sonoraenequipo.com.mx\/#website\",\"url\":\"https:\/\/www.sonoraenequipo.com.mx\/\",\"name\":\"Sonora en Equipo.\",\"description\":\"Diario en l\u00ednea con Noticias desde Hermosillo, Sonora\",\"publisher\":{\"@id\":\"https:\/\/www.sonoraenequipo.com.mx\/#organization\"},\"potentialAction\":[{\"@type\":\"SearchAction\",\"target\":{\"@type\":\"EntryPoint\",\"urlTemplate\":\"https:\/\/www.sonoraenequipo.com.mx\/?s={search_term_string}\"},\"query-input\":{\"@type\":\"PropertyValueSpecification\",\"valueRequired\":true,\"valueName\":\"search_term_string\"}}],\"inLanguage\":\"es\"},{\"@type\":\"Organization\",\"@id\":\"https:\/\/www.sonoraenequipo.com.mx\/#organization\",\"name\":\"Sonoraenequipo.com.mx\",\"url\":\"https:\/\/www.sonoraenequipo.com.mx\/\",\"logo\":{\"@type\":\"ImageObject\",\"inLanguage\":\"es\",\"@id\":\"https:\/\/www.sonoraenequipo.com.mx\/#\/schema\/logo\/image\/\",\"url\":\"https:\/\/www.sonoraenequipo.com.mx\/storage\/2019\/01\/sonoraenequipo_opt.png\",\"contentUrl\":\"https:\/\/www.sonoraenequipo.com.mx\/storage\/2019\/01\/sonoraenequipo_opt.png\",\"width\":375,\"height\":125,\"caption\":\"Sonoraenequipo.com.mx\"},\"image\":{\"@id\":\"https:\/\/www.sonoraenequipo.com.mx\/#\/schema\/logo\/image\/\"},\"sameAs\":[\"https:\/\/www.facebook.com\/SonoraEE\/\",\"https:\/\/x.com\/sonoraenequipo\",\"https:\/\/www.youtube.com\/channel\/UC338nW-lPEYmJQs4ZABQ1SQ\"]},{\"@type\":\"Person\",\"@id\":\"https:\/\/www.sonoraenequipo.com.mx\/#\/schema\/person\/50102df0fb23a8fa9e8effad8fa81386\",\"name\":\"enequipo\",\"image\":{\"@type\":\"ImageObject\",\"inLanguage\":\"es\",\"@id\":\"https:\/\/www.sonoraenequipo.com.mx\/#\/schema\/person\/image\/\",\"url\":\"https:\/\/secure.gravatar.com\/avatar\/049821681b589dabc0bc20695993ccebb09f5b5d4d790cd9251b97faac7c652b?s=96&d=blank&r=g\",\"contentUrl\":\"https:\/\/secure.gravatar.com\/avatar\/049821681b589dabc0bc20695993ccebb09f5b5d4d790cd9251b97faac7c652b?s=96&d=blank&r=g\",\"caption\":\"enequipo\"},\"sameAs\":[\"https:\/\/www.facebook.com\/SonoraEE\"]}]}<\/script>\n ","yoast_head_json":{"title":"Sonora en Equipo. Apoya To\u00f1o Astiazar\u00e1n a ni\u00f1as y ni\u00f1os con Campamento Cultural del IMCA Municipios","description":"HERMOSILLO, SONORA, MX. \u2014 El presidente municipal, Antonio Astiazar\u00e1n Guti\u00e9rrez, entreg\u00f3 reconocimientos a ni\u00f1as y ni\u00f1os participantes del Campamento de En Sonora en Equipo publicamos toda la informaci\u00f3n de Sonora, M\u00e9xico y el Mundo de manera oportuna y busca que la libertad de expresi\u00f3n sea real. Visita nuestro medio informativo publicado desde Hermosillo, Sonora. %","robots":{"index":"index","follow":"follow","max-snippet":"max-snippet:-1","max-image-preview":"max-image-preview:large","max-video-preview":"max-video-preview:-1"},"canonical":"https:\/\/www.sonoraenequipo.com.mx\/apoya-tono-astiazaran-a-ninas-y-ninos-con-campamento-cultural-del-imca\/","og_locale":"es_ES","og_type":"article","og_title":"Sonora en Equipo. Apoya To\u00f1o Astiazar\u00e1n a ni\u00f1as y ni\u00f1os con Campamento Cultural del IMCA Municipios","og_description":"HERMOSILLO, SONORA, MX. \u2014 El presidente municipal, Antonio Astiazar\u00e1n Guti\u00e9rrez, entreg\u00f3 reconocimientos a ni\u00f1as y ni\u00f1os participantes del Campamento de En Sonora en Equipo publicamos toda la informaci\u00f3n de Sonora, M\u00e9xico y el Mundo de manera oportuna y busca que la libertad de expresi\u00f3n sea real. Visita nuestro medio informativo publicado desde Hermosillo, Sonora. %","og_url":"https:\/\/www.sonoraenequipo.com.mx\/apoya-tono-astiazaran-a-ninas-y-ninos-con-campamento-cultural-del-imca\/","og_site_name":"Sonora en Equipo.","article_publisher":"https:\/\/www.facebook.com\/SonoraEE\/","article_author":"https:\/\/www.facebook.com\/SonoraEE","article_published_time":"2025-08-17T00:34:32+00:00","og_image":[{"width":620,"height":420,"url":"https:\/\/www.sonoraenequipo.com.mx\/storage\/2025\/08\/campamento-cultural-imca.jpg","type":"image\/jpeg"}],"author":"enequipo","twitter_card":"summary_large_image","twitter_creator":"@sonoraenequipo","twitter_site":"@sonoraenequipo","twitter_misc":{"Escrito por":"enequipo","Tiempo de lectura":"2 minutos"},"schema":{"@context":"https:\/\/schema.org","@graph":[{"@type":"Article","@id":"https:\/\/www.sonoraenequipo.com.mx\/apoya-tono-astiazaran-a-ninas-y-ninos-con-campamento-cultural-del-imca\/#article","isPartOf":{"@id":"https:\/\/www.sonoraenequipo.com.mx\/apoya-tono-astiazaran-a-ninas-y-ninos-con-campamento-cultural-del-imca\/"},"author":{"name":"enequipo","@id":"https:\/\/www.sonoraenequipo.com.mx\/#\/schema\/person\/50102df0fb23a8fa9e8effad8fa81386"},"headline":"Apoya To\u00f1o Astiazar\u00e1n a ni\u00f1as y ni\u00f1os con Campamento Cultural del IMCA","datePublished":"2025-08-17T00:34:32+00:00","mainEntityOfPage":{"@id":"https:\/\/www.sonoraenequipo.com.mx\/apoya-tono-astiazaran-a-ninas-y-ninos-con-campamento-cultural-del-imca\/"},"wordCount":353,"commentCount":0,"publisher":{"@id":"https:\/\/www.sonoraenequipo.com.mx\/#organization"},"image":{"@id":"https:\/\/www.sonoraenequipo.com.mx\/apoya-tono-astiazaran-a-ninas-y-ninos-con-campamento-cultural-del-imca\/#primaryimage"},"thumbnailUrl":"https:\/\/www.sonoraenequipo.com.mx\/storage\/2025\/08\/campamento-cultural-imca.jpg","keywords":["campamento","cultural","imca"],"articleSection":["Municipios"],"inLanguage":"es","potentialAction":[{"@type":"CommentAction","name":"Comment","target":["https:\/\/www.sonoraenequipo.com.mx\/apoya-tono-astiazaran-a-ninas-y-ninos-con-campamento-cultural-del-imca\/#respond"]}]},{"@type":"WebPage","@id":"https:\/\/www.sonoraenequipo.com.mx\/apoya-tono-astiazaran-a-ninas-y-ninos-con-campamento-cultural-del-imca\/","url":"https:\/\/www.sonoraenequipo.com.mx\/apoya-tono-astiazaran-a-ninas-y-ninos-con-campamento-cultural-del-imca\/","name":"Sonora en Equipo. Apoya To\u00f1o Astiazar\u00e1n a ni\u00f1as y ni\u00f1os con Campamento Cultural del IMCA Municipios","isPartOf":{"@id":"https:\/\/www.sonoraenequipo.com.mx\/#website"},"primaryImageOfPage":{"@id":"https:\/\/www.sonoraenequipo.com.mx\/apoya-tono-astiazaran-a-ninas-y-ninos-con-campamento-cultural-del-imca\/#primaryimage"},"image":{"@id":"https:\/\/www.sonoraenequipo.com.mx\/apoya-tono-astiazaran-a-ninas-y-ninos-con-campamento-cultural-del-imca\/#primaryimage"},"thumbnailUrl":"https:\/\/www.sonoraenequipo.com.mx\/storage\/2025\/08\/campamento-cultural-imca.jpg","datePublished":"2025-08-17T00:34:32+00:00","description":"HERMOSILLO, SONORA, MX. \u2014 El presidente municipal, Antonio Astiazar\u00e1n Guti\u00e9rrez, entreg\u00f3 reconocimientos a ni\u00f1as y ni\u00f1os participantes del Campamento de En Sonora en Equipo publicamos toda la informaci\u00f3n de Sonora, M\u00e9xico y el Mundo de manera oportuna y busca que la libertad de expresi\u00f3n sea real. Visita nuestro medio informativo publicado desde Hermosillo, Sonora. %","breadcrumb":{"@id":"https:\/\/www.sonoraenequipo.com.mx\/apoya-tono-astiazaran-a-ninas-y-ninos-con-campamento-cultural-del-imca\/#breadcrumb"},"inLanguage":"es","potentialAction":[{"@type":"ReadAction","target":["https:\/\/www.sonoraenequipo.com.mx\/apoya-tono-astiazaran-a-ninas-y-ninos-con-campamento-cultural-del-imca\/"]}]},{"@type":"ImageObject","inLanguage":"es","@id":"https:\/\/www.sonoraenequipo.com.mx\/apoya-tono-astiazaran-a-ninas-y-ninos-con-campamento-cultural-del-imca\/#primaryimage","url":"https:\/\/www.sonoraenequipo.com.mx\/storage\/2025\/08\/campamento-cultural-imca.jpg","contentUrl":"https:\/\/www.sonoraenequipo.com.mx\/storage\/2025\/08\/campamento-cultural-imca.jpg","width":620,"height":420},{"@type":"BreadcrumbList","@id":"https:\/\/www.sonoraenequipo.com.mx\/apoya-tono-astiazaran-a-ninas-y-ninos-con-campamento-cultural-del-imca\/#breadcrumb","itemListElement":[{"@type":"ListItem","position":1,"name":"Portada","item":"https:\/\/www.sonoraenequipo.com.mx\/"},{"@type":"ListItem","position":2,"name":"Apoya To\u00f1o Astiazar\u00e1n a ni\u00f1as y ni\u00f1os con Campamento Cultural del IMCA"}]},{"@type":"WebSite","@id":"https:\/\/www.sonoraenequipo.com.mx\/#website","url":"https:\/\/www.sonoraenequipo.com.mx\/","name":"Sonora en Equipo.","description":"Diario en l\u00ednea con Noticias desde Hermosillo, Sonora","publisher":{"@id":"https:\/\/www.sonoraenequipo.com.mx\/#organization"},"potentialAction":[{"@type":"SearchAction","target":{"@type":"EntryPoint","urlTemplate":"https:\/\/www.sonoraenequipo.com.mx\/?s={search_term_string}"},"query-input":{"@type":"PropertyValueSpecification","valueRequired":true,"valueName":"search_term_string"}}],"inLanguage":"es"},{"@type":"Organization","@id":"https:\/\/www.sonoraenequipo.com.mx\/#organization","name":"Sonoraenequipo.com.mx","url":"https:\/\/www.sonoraenequipo.com.mx\/","logo":{"@type":"ImageObject","inLanguage":"es","@id":"https:\/\/www.sonoraenequipo.com.mx\/#\/schema\/logo\/image\/","url":"https:\/\/www.sonoraenequipo.com.mx\/storage\/2019\/01\/sonoraenequipo_opt.png","contentUrl":"https:\/\/www.sonoraenequipo.com.mx\/storage\/2019\/01\/sonoraenequipo_opt.png","width":375,"height":125,"caption":"Sonoraenequipo.com.mx"},"image":{"@id":"https:\/\/www.sonoraenequipo.com.mx\/#\/schema\/logo\/image\/"},"sameAs":["https:\/\/www.facebook.com\/SonoraEE\/","https:\/\/x.com\/sonoraenequipo","https:\/\/www.youtube.com\/channel\/UC338nW-lPEYmJQs4ZABQ1SQ"]},{"@type":"Person","@id":"https:\/\/www.sonoraenequipo.com.mx\/#\/schema\/person\/50102df0fb23a8fa9e8effad8fa81386","name":"enequipo","image":{"@type":"ImageObject","inLanguage":"es","@id":"https:\/\/www.sonoraenequipo.com.mx\/#\/schema\/person\/image\/","url":"https:\/\/secure.gravatar.com\/avatar\/049821681b589dabc0bc20695993ccebb09f5b5d4d790cd9251b97faac7c652b?s=96&d=blank&r=g","contentUrl":"https:\/\/secure.gravatar.com\/avatar\/049821681b589dabc0bc20695993ccebb09f5b5d4d790cd9251b97faac7c652b?s=96&d=blank&r=g","caption":"enequipo"},"sameAs":["https:\/\/www.facebook.com\/SonoraEE"]}]}},"jetpack_featured_media_url":"https:\/\/www.sonoraenequipo.com.mx\/storage\/2025\/08\/campamento-cultural-imca.jpg","_links":{"self":[{"href":"https:\/\/www.sonoraenequipo.com.mx\/api\/wp\/v2\/posts\/221515","targetHints":{"allow":["GET"]}}],"collection":[{"href":"https:\/\/www.sonoraenequipo.com.mx\/api\/wp\/v2\/posts"}],"about":[{"href":"https:\/\/www.sonoraenequipo.com.mx\/api\/wp\/v2\/types\/post"}],"author":[{"embeddable":true,"href":"https:\/\/www.sonoraenequipo.com.mx\/api\/wp\/v2\/users\/1"}],"replies":[{"embeddable":true,"href":"https:\/\/www.sonoraenequipo.com.mx\/api\/wp\/v2\/comments?post=221515"}],"version-history":[{"count":1,"href":"https:\/\/www.sonoraenequipo.com.mx\/api\/wp\/v2\/posts\/221515\/revisions"}],"predecessor-version":[{"id":221517,"href":"https:\/\/www.sonoraenequipo.com.mx\/api\/wp\/v2\/posts\/221515\/revisions\/221517"}],"wp:featuredmedia":[{"embeddable":true,"href":"https:\/\/www.sonoraenequipo.com.mx\/api\/wp\/v2\/media\/221516"}],"wp:attachment":[{"href":"https:\/\/www.sonoraenequipo.com.mx\/api\/wp\/v2\/media?parent=221515"}],"wp:term":[{"taxonomy":"category","embeddable":true,"href":"https:\/\/www.sonoraenequipo.com.mx\/api\/wp\/v2\/categories?post=221515"},{"taxonomy":"post_tag","embeddable":true,"href":"https:\/\/www.sonoraenequipo.com.mx\/api\/wp\/v2\/tags?post=221515"}],"curies":[{"name":"wp","href":"https:\/\/api.w.org\/{rel}","templated":true}]}}