{"id":221519,"date":"2025-08-17T12:18:20","date_gmt":"2025-08-17T19:18:20","guid":{"rendered":"https:\/\/www.sonoraenequipo.com.mx\/?p=221519"},"modified":"2025-08-17T12:18:20","modified_gmt":"2025-08-17T19:18:20","slug":"campeche-claudia-sheinbaum-inaugura-centro-libre-para-las-mujeres-en-calakmul","status":"publish","type":"post","link":"https:\/\/www.sonoraenequipo.com.mx\/campeche-claudia-sheinbaum-inaugura-centro-libre-para-las-mujeres-en-calakmul\/","title":{"rendered":"Campeche. Claudia Sheinbaum inaugura Centro LIBRE para las mujeres en Calakmul"},"content":{"rendered":"<p>&nbsp;<\/p>\n<p>En Calakmul, Campeche, la Presidenta Claudia Sheinbaum Pardo inaugur\u00f3 ayer (16\/08\/2025) un Centro LIBRE para las Mujeres, un espacio que otorga gratuitamente servicios de asesor\u00eda legal, psicol\u00f3gica, trabajo social y empoderamiento econ\u00f3mico, con el objetivo de que las mujeres de la regi\u00f3n alcancen su derecho a ser libres.<\/p>\n<p>&nbsp;<\/p>\n<p>\u201cLas mujeres tenemos derecho a pensar lo que nosotros queremos, no es que el marido nos diga: t\u00fa tienes que pensar esto, t\u00fa tienes que votar por esto, no. Las mujeres tenemos toda la libertad de decidir por nosotras mismas qu\u00e9 queremos. Y amamos a nuestras familias y amamos a nuestros hijos, amamos a nuestros maridos, pero tenemos derecho a ser libres. Por eso se llaman Centros LIBRES. Responsables, s\u00ed, pero con la libertad de tomar nuestras propias decisiones\u201d, asegur\u00f3 al recordar que el objetivo es construir un Centro LIBRE en cada municipio del pa\u00eds.<\/p>\n<p>&nbsp;<\/p>\n<p>Como parte de las acciones para reivindicar el papel de las mujeres en la historia, la Jefa del Ejecutivo Federal resalt\u00f3 la reforma el art\u00edculo 18 de la Ley sobre el Escudo, la Bandera y el Himno Nacionales, que reconoce a las mujeres que han transformado nuestra patria.<\/p>\n<p>&nbsp;<\/p>\n<p>\u201cAs\u00ed que, no solo se trata del s\u00edmbolo, de que lleg\u00f3 una mujer a la Presidencia, que es importante, sino que, adem\u00e1s, modifiquemos, hagamos prevenci\u00f3n para evitar las violencias, pero tambi\u00e9n nos reconozcamos y nos sintamos siempre orgullosas de ser mujeres\u201d, agreg\u00f3.<\/p>\n<p>&nbsp;<\/p>\n<p>En materia de igualdad sustantiva, expuso que su administraci\u00f3n cre\u00f3 la Cartilla de Derechos de las Mujeres con el objetivo de que todas y todos los mexicanos la lean y que los hombres aprendan a establecer relaciones de respeto y de reconocimiento hacia las mujeres, as\u00ed como la Red Nacional de Tejedoras de la Patria para que las mexicanas se protejan entre todas.<\/p>\n<p>&nbsp;<\/p>\n<p>Finalmente, la Presidenta destac\u00f3 que, como parte de su visita a Calakmul, firm\u00f3 ayer un acuerdo hist\u00f3rico con sus hom\u00f3logos de Guatemala y Belice para crear el Corredor Biocultural de la Gran Selva Maya, que proteger\u00e1 5.7 millones de hect\u00e1reas en esa regi\u00f3n.<\/p>\n<p>&nbsp;<\/p>\n<p>La abogada del Centro LIBRE de Calakmul, Karina Guadalupe Cohuo P\u00e9rez, dej\u00f3 testimonio de la importancia que tiene la llegada de una mujer a la Presidencia de M\u00e9xico y, sobre todo, en dicho centro en el que se brinda atenci\u00f3n gratuita a mujeres de 84 comunidades que hay en el municipio.<\/p>\n<p>&nbsp;<\/p>\n<p>\u201cComo mujer, estoy muy orgullosa de que usted sea nuestra Presidenta (&#8230;) usted representa mucho, los sue\u00f1os de mi madre, de mi abuela, incluso hasta los de mi hija\u201d, expres\u00f3.<\/p>\n<p>&nbsp;<\/p>\n<p>La secretaria de las Mujeres, Citlalli Hern\u00e1ndez Mora, agreg\u00f3 que est\u00e1n visitando los municipios para escuchar propuestas de las mujeres que ayuden a eliminar los distintos tipos de violencia que viven.<\/p>\n<p>&nbsp;<\/p>\n<p>La gobernadora de Campeche, Layda Sansores San Rom\u00e1n, inform\u00f3 que hasta el momento han sido atendidas 400 mujeres en este espacio y destac\u00f3 la visi\u00f3n de la Presidenta para construir los caminos que les permita a las mujeres romper el silencio.<\/p>\n<p>&nbsp;<\/p>\n<p>La coordinadora del Centro LIBRE para las Mujeres en Calakmul, Yuneisy Dianley Chiquil Bacab, inform\u00f3 que desde que abrieron sus puertas atienden a mujeres que llegan a este espacio, adem\u00e1s de los recorridos a las comunidades m\u00e1s lejanas, donde est\u00e1n m\u00e1s marcadas las violencias.<\/p>\n<p>&nbsp;<\/p>\n<p>La coordinadora del Proyecto de Implementaci\u00f3n de la Estrategia de Atenci\u00f3n Integral (PIEAI) del Programa de Atenci\u00f3n Integral para el Bienestar de las Mujeres (PAIBIM), Laura Fanny Hern\u00e1ndez Le\u00f3n, record\u00f3 que los servicios del Centro LIBRE son gratuitos y est\u00e1n disponibles de 9:00 a 16:00 horas.<\/p>\n<p><strong>Fecha de publicaci\u00f3n domingo 17 de agosto de 2025<\/strong><\/p>\n<p>&nbsp;<\/p>\n","protected":false},"excerpt":{"rendered":"<p>&nbsp; En Calakmul, Campeche, la Presidenta Claudia Sheinbaum Pardo inaugur\u00f3 ayer (16\/08\/2025) un Centro LIBRE&#8230;<\/p>\n","protected":false},"author":1,"featured_media":221520,"comment_status":"open","ping_status":"open","sticky":false,"template":"","format":"standard","meta":{"_monsterinsights_skip_tracking":false,"_monsterinsights_sitenote_active":false,"_monsterinsights_sitenote_note":"","_monsterinsights_sitenote_category":0,"footnotes":""},"categories":[5],"tags":[11665,2432],"class_list":["post"],"yoast_head":" \n<title>Sonora en Equipo. Campeche. Claudia Sheinbaum inaugura Centro LIBRE para las mujeres en Calakmul Rep\u00fablica<\/title>\n<meta name=\"description\" content=\"&nbsp; En Calakmul, Campeche, la Presidenta Claudia Sheinbaum Pardo inaugur\u00f3 ayer (16\/08\/2025) un Centro LIBRE para las Mujeres, un espacio que otorga En Sonora en Equipo publicamos toda la informaci\u00f3n de Sonora, M\u00e9xico y el Mundo de manera oportuna y busca que la libertad de expresi\u00f3n sea real. Visita nuestro medio informativo publicado desde Hermosillo, Sonora. %\" \/>\n<meta name=\"robots\" content=\"index, follow, max-snippet:-1, max-image-preview:large, max-video-preview:-1\" \/>\n<link rel=\"canonical\" href=\"https:\/\/www.sonoraenequipo.com.mx\/campeche-claudia-sheinbaum-inaugura-centro-libre-para-las-mujeres-en-calakmul\/\" \/>\n<meta property=\"og:locale\" content=\"es_ES\" \/>\n<meta property=\"og:type\" content=\"article\" \/>\n<meta property=\"og:title\" content=\"Sonora en Equipo. Campeche. Claudia Sheinbaum inaugura Centro LIBRE para las mujeres en Calakmul Rep\u00fablica\" \/>\n<meta property=\"og:description\" content=\"&nbsp; En Calakmul, Campeche, la Presidenta Claudia Sheinbaum Pardo inaugur\u00f3 ayer (16\/08\/2025) un Centro LIBRE para las Mujeres, un espacio que otorga En Sonora en Equipo publicamos toda la informaci\u00f3n de Sonora, M\u00e9xico y el Mundo de manera oportuna y busca que la libertad de expresi\u00f3n sea real. Visita nuestro medio informativo publicado desde Hermosillo, Sonora. %\" \/>\n<meta property=\"og:url\" content=\"https:\/\/www.sonoraenequipo.com.mx\/campeche-claudia-sheinbaum-inaugura-centro-libre-para-las-mujeres-en-calakmul\/\" \/>\n<meta property=\"og:site_name\" content=\"Sonora en Equipo.\" \/>\n<meta property=\"article:publisher\" content=\"https:\/\/www.facebook.com\/SonoraEE\/\" \/>\n<meta property=\"article:author\" content=\"https:\/\/www.facebook.com\/SonoraEE\" \/>\n<meta property=\"article:published_time\" content=\"2025-08-17T19:18:20+00:00\" \/>\n<meta property=\"og:image\" content=\"https:\/\/www.sonoraenequipo.com.mx\/storage\/2025\/08\/csp-campeche.jpg\" \/>\n\t<meta property=\"og:image:width\" content=\"620\" \/>\n\t<meta property=\"og:image:height\" content=\"420\" \/>\n\t<meta property=\"og:image:type\" content=\"image\/jpeg\" \/>\n<meta name=\"author\" content=\"enequipo\" \/>\n<meta name=\"twitter:card\" content=\"summary_large_image\" \/>\n<meta name=\"twitter:creator\" content=\"@sonoraenequipo\" \/>\n<meta name=\"twitter:site\" content=\"@sonoraenequipo\" \/>\n<meta name=\"twitter:label1\" content=\"Escrito por\" \/>\n\t<meta name=\"twitter:data1\" content=\"enequipo\" \/>\n\t<meta name=\"twitter:label2\" content=\"Tiempo de lectura\" \/>\n\t<meta name=\"twitter:data2\" content=\"3 minutos\" \/>\n<script type=\"application\/ld+json\" class=\"yoast-schema-graph\">{\"@context\":\"https:\/\/schema.org\",\"@graph\":[{\"@type\":\"Article\",\"@id\":\"https:\/\/www.sonoraenequipo.com.mx\/campeche-claudia-sheinbaum-inaugura-centro-libre-para-las-mujeres-en-calakmul\/#article\",\"isPartOf\":{\"@id\":\"https:\/\/www.sonoraenequipo.com.mx\/campeche-claudia-sheinbaum-inaugura-centro-libre-para-las-mujeres-en-calakmul\/\"},\"author\":{\"name\":\"enequipo\",\"@id\":\"https:\/\/www.sonoraenequipo.com.mx\/#\/schema\/person\/50102df0fb23a8fa9e8effad8fa81386\"},\"headline\":\"Campeche. Claudia Sheinbaum inaugura Centro LIBRE para las mujeres en Calakmul\",\"datePublished\":\"2025-08-17T19:18:20+00:00\",\"mainEntityOfPage\":{\"@id\":\"https:\/\/www.sonoraenequipo.com.mx\/campeche-claudia-sheinbaum-inaugura-centro-libre-para-las-mujeres-en-calakmul\/\"},\"wordCount\":639,\"commentCount\":0,\"publisher\":{\"@id\":\"https:\/\/www.sonoraenequipo.com.mx\/#organization\"},\"image\":{\"@id\":\"https:\/\/www.sonoraenequipo.com.mx\/campeche-claudia-sheinbaum-inaugura-centro-libre-para-las-mujeres-en-calakmul\/#primaryimage\"},\"thumbnailUrl\":\"https:\/\/www.sonoraenequipo.com.mx\/storage\/2025\/08\/csp-campeche.jpg\",\"keywords\":[\"centro libre\",\"Claudia Sheinbaum\"],\"articleSection\":[\"Rep\u00fablica\"],\"inLanguage\":\"es\",\"potentialAction\":[{\"@type\":\"CommentAction\",\"name\":\"Comment\",\"target\":[\"https:\/\/www.sonoraenequipo.com.mx\/campeche-claudia-sheinbaum-inaugura-centro-libre-para-las-mujeres-en-calakmul\/#respond\"]}]},{\"@type\":\"WebPage\",\"@id\":\"https:\/\/www.sonoraenequipo.com.mx\/campeche-claudia-sheinbaum-inaugura-centro-libre-para-las-mujeres-en-calakmul\/\",\"url\":\"https:\/\/www.sonoraenequipo.com.mx\/campeche-claudia-sheinbaum-inaugura-centro-libre-para-las-mujeres-en-calakmul\/\",\"name\":\"Sonora en Equipo. Campeche. Claudia Sheinbaum inaugura Centro LIBRE para las mujeres en Calakmul Rep\u00fablica\",\"isPartOf\":{\"@id\":\"https:\/\/www.sonoraenequipo.com.mx\/#website\"},\"primaryImageOfPage\":{\"@id\":\"https:\/\/www.sonoraenequipo.com.mx\/campeche-claudia-sheinbaum-inaugura-centro-libre-para-las-mujeres-en-calakmul\/#primaryimage\"},\"image\":{\"@id\":\"https:\/\/www.sonoraenequipo.com.mx\/campeche-claudia-sheinbaum-inaugura-centro-libre-para-las-mujeres-en-calakmul\/#primaryimage\"},\"thumbnailUrl\":\"https:\/\/www.sonoraenequipo.com.mx\/storage\/2025\/08\/csp-campeche.jpg\",\"datePublished\":\"2025-08-17T19:18:20+00:00\",\"description\":\"&nbsp; En Calakmul, Campeche, la Presidenta Claudia Sheinbaum Pardo inaugur\u00f3 ayer (16\/08\/2025) un Centro LIBRE para las Mujeres, un espacio que otorga En Sonora en Equipo publicamos toda la informaci\u00f3n de Sonora, M\u00e9xico y el Mundo de manera oportuna y busca que la libertad de expresi\u00f3n sea real. Visita nuestro medio informativo publicado desde Hermosillo, Sonora. %\",\"breadcrumb\":{\"@id\":\"https:\/\/www.sonoraenequipo.com.mx\/campeche-claudia-sheinbaum-inaugura-centro-libre-para-las-mujeres-en-calakmul\/#breadcrumb\"},\"inLanguage\":\"es\",\"potentialAction\":[{\"@type\":\"ReadAction\",\"target\":[\"https:\/\/www.sonoraenequipo.com.mx\/campeche-claudia-sheinbaum-inaugura-centro-libre-para-las-mujeres-en-calakmul\/\"]}]},{\"@type\":\"ImageObject\",\"inLanguage\":\"es\",\"@id\":\"https:\/\/www.sonoraenequipo.com.mx\/campeche-claudia-sheinbaum-inaugura-centro-libre-para-las-mujeres-en-calakmul\/#primaryimage\",\"url\":\"https:\/\/www.sonoraenequipo.com.mx\/storage\/2025\/08\/csp-campeche.jpg\",\"contentUrl\":\"https:\/\/www.sonoraenequipo.com.mx\/storage\/2025\/08\/csp-campeche.jpg\",\"width\":620,\"height\":420},{\"@type\":\"BreadcrumbList\",\"@id\":\"https:\/\/www.sonoraenequipo.com.mx\/campeche-claudia-sheinbaum-inaugura-centro-libre-para-las-mujeres-en-calakmul\/#breadcrumb\",\"itemListElement\":[{\"@type\":\"ListItem\",\"position\":1,\"name\":\"Portada\",\"item\":\"https:\/\/www.sonoraenequipo.com.mx\/\"},{\"@type\":\"ListItem\",\"position\":2,\"name\":\"Campeche. Claudia Sheinbaum inaugura Centro LIBRE para las mujeres en Calakmul\"}]},{\"@type\":\"WebSite\",\"@id\":\"https:\/\/www.sonoraenequipo.com.mx\/#website\",\"url\":\"https:\/\/www.sonoraenequipo.com.mx\/\",\"name\":\"Sonora en Equipo.\",\"description\":\"Diario en l\u00ednea con Noticias desde Hermosillo, Sonora\",\"publisher\":{\"@id\":\"https:\/\/www.sonoraenequipo.com.mx\/#organization\"},\"potentialAction\":[{\"@type\":\"SearchAction\",\"target\":{\"@type\":\"EntryPoint\",\"urlTemplate\":\"https:\/\/www.sonoraenequipo.com.mx\/?s={search_term_string}\"},\"query-input\":{\"@type\":\"PropertyValueSpecification\",\"valueRequired\":true,\"valueName\":\"search_term_string\"}}],\"inLanguage\":\"es\"},{\"@type\":\"Organization\",\"@id\":\"https:\/\/www.sonoraenequipo.com.mx\/#organization\",\"name\":\"Sonoraenequipo.com.mx\",\"url\":\"https:\/\/www.sonoraenequipo.com.mx\/\",\"logo\":{\"@type\":\"ImageObject\",\"inLanguage\":\"es\",\"@id\":\"https:\/\/www.sonoraenequipo.com.mx\/#\/schema\/logo\/image\/\",\"url\":\"https:\/\/www.sonoraenequipo.com.mx\/storage\/2019\/01\/sonoraenequipo_opt.png\",\"contentUrl\":\"https:\/\/www.sonoraenequipo.com.mx\/storage\/2019\/01\/sonoraenequipo_opt.png\",\"width\":375,\"height\":125,\"caption\":\"Sonoraenequipo.com.mx\"},\"image\":{\"@id\":\"https:\/\/www.sonoraenequipo.com.mx\/#\/schema\/logo\/image\/\"},\"sameAs\":[\"https:\/\/www.facebook.com\/SonoraEE\/\",\"https:\/\/x.com\/sonoraenequipo\",\"https:\/\/www.youtube.com\/channel\/UC338nW-lPEYmJQs4ZABQ1SQ\"]},{\"@type\":\"Person\",\"@id\":\"https:\/\/www.sonoraenequipo.com.mx\/#\/schema\/person\/50102df0fb23a8fa9e8effad8fa81386\",\"name\":\"enequipo\",\"image\":{\"@type\":\"ImageObject\",\"inLanguage\":\"es\",\"@id\":\"https:\/\/www.sonoraenequipo.com.mx\/#\/schema\/person\/image\/\",\"url\":\"https:\/\/secure.gravatar.com\/avatar\/049821681b589dabc0bc20695993ccebb09f5b5d4d790cd9251b97faac7c652b?s=96&d=blank&r=g\",\"contentUrl\":\"https:\/\/secure.gravatar.com\/avatar\/049821681b589dabc0bc20695993ccebb09f5b5d4d790cd9251b97faac7c652b?s=96&d=blank&r=g\",\"caption\":\"enequipo\"},\"sameAs\":[\"https:\/\/www.facebook.com\/SonoraEE\"]}]}<\/script>\n ","yoast_head_json":{"title":"Sonora en Equipo. Campeche. Claudia Sheinbaum inaugura Centro LIBRE para las mujeres en Calakmul Rep\u00fablica","description":"&nbsp; En Calakmul, Campeche, la Presidenta Claudia Sheinbaum Pardo inaugur\u00f3 ayer (16\/08\/2025) un Centro LIBRE para las Mujeres, un espacio que otorga En Sonora en Equipo publicamos toda la informaci\u00f3n de Sonora, M\u00e9xico y el Mundo de manera oportuna y busca que la libertad de expresi\u00f3n sea real. Visita nuestro medio informativo publicado desde Hermosillo, Sonora. %","robots":{"index":"index","follow":"follow","max-snippet":"max-snippet:-1","max-image-preview":"max-image-preview:large","max-video-preview":"max-video-preview:-1"},"canonical":"https:\/\/www.sonoraenequipo.com.mx\/campeche-claudia-sheinbaum-inaugura-centro-libre-para-las-mujeres-en-calakmul\/","og_locale":"es_ES","og_type":"article","og_title":"Sonora en Equipo. Campeche. Claudia Sheinbaum inaugura Centro LIBRE para las mujeres en Calakmul Rep\u00fablica","og_description":"&nbsp; En Calakmul, Campeche, la Presidenta Claudia Sheinbaum Pardo inaugur\u00f3 ayer (16\/08\/2025) un Centro LIBRE para las Mujeres, un espacio que otorga En Sonora en Equipo publicamos toda la informaci\u00f3n de Sonora, M\u00e9xico y el Mundo de manera oportuna y busca que la libertad de expresi\u00f3n sea real. Visita nuestro medio informativo publicado desde Hermosillo, Sonora. %","og_url":"https:\/\/www.sonoraenequipo.com.mx\/campeche-claudia-sheinbaum-inaugura-centro-libre-para-las-mujeres-en-calakmul\/","og_site_name":"Sonora en Equipo.","article_publisher":"https:\/\/www.facebook.com\/SonoraEE\/","article_author":"https:\/\/www.facebook.com\/SonoraEE","article_published_time":"2025-08-17T19:18:20+00:00","og_image":[{"width":620,"height":420,"url":"https:\/\/www.sonoraenequipo.com.mx\/storage\/2025\/08\/csp-campeche.jpg","type":"image\/jpeg"}],"author":"enequipo","twitter_card":"summary_large_image","twitter_creator":"@sonoraenequipo","twitter_site":"@sonoraenequipo","twitter_misc":{"Escrito por":"enequipo","Tiempo de lectura":"3 minutos"},"schema":{"@context":"https:\/\/schema.org","@graph":[{"@type":"Article","@id":"https:\/\/www.sonoraenequipo.com.mx\/campeche-claudia-sheinbaum-inaugura-centro-libre-para-las-mujeres-en-calakmul\/#article","isPartOf":{"@id":"https:\/\/www.sonoraenequipo.com.mx\/campeche-claudia-sheinbaum-inaugura-centro-libre-para-las-mujeres-en-calakmul\/"},"author":{"name":"enequipo","@id":"https:\/\/www.sonoraenequipo.com.mx\/#\/schema\/person\/50102df0fb23a8fa9e8effad8fa81386"},"headline":"Campeche. Claudia Sheinbaum inaugura Centro LIBRE para las mujeres en Calakmul","datePublished":"2025-08-17T19:18:20+00:00","mainEntityOfPage":{"@id":"https:\/\/www.sonoraenequipo.com.mx\/campeche-claudia-sheinbaum-inaugura-centro-libre-para-las-mujeres-en-calakmul\/"},"wordCount":639,"commentCount":0,"publisher":{"@id":"https:\/\/www.sonoraenequipo.com.mx\/#organization"},"image":{"@id":"https:\/\/www.sonoraenequipo.com.mx\/campeche-claudia-sheinbaum-inaugura-centro-libre-para-las-mujeres-en-calakmul\/#primaryimage"},"thumbnailUrl":"https:\/\/www.sonoraenequipo.com.mx\/storage\/2025\/08\/csp-campeche.jpg","keywords":["centro libre","Claudia Sheinbaum"],"articleSection":["Rep\u00fablica"],"inLanguage":"es","potentialAction":[{"@type":"CommentAction","name":"Comment","target":["https:\/\/www.sonoraenequipo.com.mx\/campeche-claudia-sheinbaum-inaugura-centro-libre-para-las-mujeres-en-calakmul\/#respond"]}]},{"@type":"WebPage","@id":"https:\/\/www.sonoraenequipo.com.mx\/campeche-claudia-sheinbaum-inaugura-centro-libre-para-las-mujeres-en-calakmul\/","url":"https:\/\/www.sonoraenequipo.com.mx\/campeche-claudia-sheinbaum-inaugura-centro-libre-para-las-mujeres-en-calakmul\/","name":"Sonora en Equipo. Campeche. Claudia Sheinbaum inaugura Centro LIBRE para las mujeres en Calakmul Rep\u00fablica","isPartOf":{"@id":"https:\/\/www.sonoraenequipo.com.mx\/#website"},"primaryImageOfPage":{"@id":"https:\/\/www.sonoraenequipo.com.mx\/campeche-claudia-sheinbaum-inaugura-centro-libre-para-las-mujeres-en-calakmul\/#primaryimage"},"image":{"@id":"https:\/\/www.sonoraenequipo.com.mx\/campeche-claudia-sheinbaum-inaugura-centro-libre-para-las-mujeres-en-calakmul\/#primaryimage"},"thumbnailUrl":"https:\/\/www.sonoraenequipo.com.mx\/storage\/2025\/08\/csp-campeche.jpg","datePublished":"2025-08-17T19:18:20+00:00","description":"&nbsp; En Calakmul, Campeche, la Presidenta Claudia Sheinbaum Pardo inaugur\u00f3 ayer (16\/08\/2025) un Centro LIBRE para las Mujeres, un espacio que otorga En Sonora en Equipo publicamos toda la informaci\u00f3n de Sonora, M\u00e9xico y el Mundo de manera oportuna y busca que la libertad de expresi\u00f3n sea real. Visita nuestro medio informativo publicado desde Hermosillo, Sonora. %","breadcrumb":{"@id":"https:\/\/www.sonoraenequipo.com.mx\/campeche-claudia-sheinbaum-inaugura-centro-libre-para-las-mujeres-en-calakmul\/#breadcrumb"},"inLanguage":"es","potentialAction":[{"@type":"ReadAction","target":["https:\/\/www.sonoraenequipo.com.mx\/campeche-claudia-sheinbaum-inaugura-centro-libre-para-las-mujeres-en-calakmul\/"]}]},{"@type":"ImageObject","inLanguage":"es","@id":"https:\/\/www.sonoraenequipo.com.mx\/campeche-claudia-sheinbaum-inaugura-centro-libre-para-las-mujeres-en-calakmul\/#primaryimage","url":"https:\/\/www.sonoraenequipo.com.mx\/storage\/2025\/08\/csp-campeche.jpg","contentUrl":"https:\/\/www.sonoraenequipo.com.mx\/storage\/2025\/08\/csp-campeche.jpg","width":620,"height":420},{"@type":"BreadcrumbList","@id":"https:\/\/www.sonoraenequipo.com.mx\/campeche-claudia-sheinbaum-inaugura-centro-libre-para-las-mujeres-en-calakmul\/#breadcrumb","itemListElement":[{"@type":"ListItem","position":1,"name":"Portada","item":"https:\/\/www.sonoraenequipo.com.mx\/"},{"@type":"ListItem","position":2,"name":"Campeche. Claudia Sheinbaum inaugura Centro LIBRE para las mujeres en Calakmul"}]},{"@type":"WebSite","@id":"https:\/\/www.sonoraenequipo.com.mx\/#website","url":"https:\/\/www.sonoraenequipo.com.mx\/","name":"Sonora en Equipo.","description":"Diario en l\u00ednea con Noticias desde Hermosillo, Sonora","publisher":{"@id":"https:\/\/www.sonoraenequipo.com.mx\/#organization"},"potentialAction":[{"@type":"SearchAction","target":{"@type":"EntryPoint","urlTemplate":"https:\/\/www.sonoraenequipo.com.mx\/?s={search_term_string}"},"query-input":{"@type":"PropertyValueSpecification","valueRequired":true,"valueName":"search_term_string"}}],"inLanguage":"es"},{"@type":"Organization","@id":"https:\/\/www.sonoraenequipo.com.mx\/#organization","name":"Sonoraenequipo.com.mx","url":"https:\/\/www.sonoraenequipo.com.mx\/","logo":{"@type":"ImageObject","inLanguage":"es","@id":"https:\/\/www.sonoraenequipo.com.mx\/#\/schema\/logo\/image\/","url":"https:\/\/www.sonoraenequipo.com.mx\/storage\/2019\/01\/sonoraenequipo_opt.png","contentUrl":"https:\/\/www.sonoraenequipo.com.mx\/storage\/2019\/01\/sonoraenequipo_opt.png","width":375,"height":125,"caption":"Sonoraenequipo.com.mx"},"image":{"@id":"https:\/\/www.sonoraenequipo.com.mx\/#\/schema\/logo\/image\/"},"sameAs":["https:\/\/www.facebook.com\/SonoraEE\/","https:\/\/x.com\/sonoraenequipo","https:\/\/www.youtube.com\/channel\/UC338nW-lPEYmJQs4ZABQ1SQ"]},{"@type":"Person","@id":"https:\/\/www.sonoraenequipo.com.mx\/#\/schema\/person\/50102df0fb23a8fa9e8effad8fa81386","name":"enequipo","image":{"@type":"ImageObject","inLanguage":"es","@id":"https:\/\/www.sonoraenequipo.com.mx\/#\/schema\/person\/image\/","url":"https:\/\/secure.gravatar.com\/avatar\/049821681b589dabc0bc20695993ccebb09f5b5d4d790cd9251b97faac7c652b?s=96&d=blank&r=g","contentUrl":"https:\/\/secure.gravatar.com\/avatar\/049821681b589dabc0bc20695993ccebb09f5b5d4d790cd9251b97faac7c652b?s=96&d=blank&r=g","caption":"enequipo"},"sameAs":["https:\/\/www.facebook.com\/SonoraEE"]}]}},"jetpack_featured_media_url":"https:\/\/www.sonoraenequipo.com.mx\/storage\/2025\/08\/csp-campeche.jpg","_links":{"self":[{"href":"https:\/\/www.sonoraenequipo.com.mx\/api\/wp\/v2\/posts\/221519","targetHints":{"allow":["GET"]}}],"collection":[{"href":"https:\/\/www.sonoraenequipo.com.mx\/api\/wp\/v2\/posts"}],"about":[{"href":"https:\/\/www.sonoraenequipo.com.mx\/api\/wp\/v2\/types\/post"}],"author":[{"embeddable":true,"href":"https:\/\/www.sonoraenequipo.com.mx\/api\/wp\/v2\/users\/1"}],"replies":[{"embeddable":true,"href":"https:\/\/www.sonoraenequipo.com.mx\/api\/wp\/v2\/comments?post=221519"}],"version-history":[{"count":1,"href":"https:\/\/www.sonoraenequipo.com.mx\/api\/wp\/v2\/posts\/221519\/revisions"}],"predecessor-version":[{"id":221521,"href":"https:\/\/www.sonoraenequipo.com.mx\/api\/wp\/v2\/posts\/221519\/revisions\/221521"}],"wp:featuredmedia":[{"embeddable":true,"href":"https:\/\/www.sonoraenequipo.com.mx\/api\/wp\/v2\/media\/221520"}],"wp:attachment":[{"href":"https:\/\/www.sonoraenequipo.com.mx\/api\/wp\/v2\/media?parent=221519"}],"wp:term":[{"taxonomy":"category","embeddable":true,"href":"https:\/\/www.sonoraenequipo.com.mx\/api\/wp\/v2\/categories?post=221519"},{"taxonomy":"post_tag","embeddable":true,"href":"https:\/\/www.sonoraenequipo.com.mx\/api\/wp\/v2\/tags?post=221519"}],"curies":[{"name":"wp","href":"https:\/\/api.w.org\/{rel}","templated":true}]}}