{"id":221526,"date":"2025-08-17T13:14:09","date_gmt":"2025-08-17T20:14:09","guid":{"rendered":"https:\/\/www.sonoraenequipo.com.mx\/?p=221526"},"modified":"2025-08-17T13:14:09","modified_gmt":"2025-08-17T20:14:09","slug":"leon-xiv-nuestra-mision-no-es-toda-color-de-rosa-sino-signo-de-contradiccion","status":"publish","type":"post","link":"https:\/\/www.sonoraenequipo.com.mx\/leon-xiv-nuestra-mision-no-es-toda-color-de-rosa-sino-signo-de-contradiccion\/","title":{"rendered":"Le\u00f3n XIV: Nuestra misi\u00f3n no es toda \u201ccolor de rosa\u201d, sino signo de contradicci\u00f3n"},"content":{"rendered":"<p>Cristo llama a sus disc\u00edpulos a seguir adelante con la verdad pese a las incomprensiones e incluso persecuciones, pues est\u00e1n llamados a ser \u201csignos de contradicci\u00f3n\u201d ante el mundo, afirm\u00f3 el Papa Le\u00f3n XIV antes del rezo del \u00c1ngelus que dirigi\u00f3 este domingo desde Castel Gandolfo.<\/p>\n<p>&nbsp;<\/p>\n<p>El Santo Padre volvi\u00f3 a Castel Gandolfo el 13 de agosto. En esta localidad de la regi\u00f3n del Lacio dirigi\u00f3 el rezo del \u00c1ngelus luego de haber celebrado una Misa en Albano, ubicada en la misma regi\u00f3n.<\/p>\n<p>Le\u00f3n XIV empez\u00f3 reflexionando sobre la lectura de hoy, del Evangelio de Lucas, en el que Jes\u00fas afirma que ha venido \u201ca traer fuego a la tierra\u201d.<\/p>\n<p>&nbsp;<\/p>\n<p>\u201cHoy el Evangelio nos presenta un texto exigente, en el que Jes\u00fas, con im\u00e1genes fuertes y gran sinceridad, dice a los disc\u00edpulos que su misi\u00f3n, y tambi\u00e9n la de quienes lo siguen, no es toda \u2018color de rosa\u2019, sino que es \u2018signo de contradicci\u00f3n\u2019\u201d, empez\u00f3 el Papa.<\/p>\n<p>El Pont\u00edfice explic\u00f3 que de esta forma Jes\u00fas \u201canticipa lo que deber\u00e1 afrontar cuando en Jerusal\u00e9n sea agredido, arrestado, insultado, golpeado, crucificado; cuando su mensaje, aun hablando de amor y de justicia, sea rechazado; cuando los jefes del pueblo reaccionen con violencia a su predicaci\u00f3n\u201d.<\/p>\n<p>\u201cPor otra parte \u2014a\u00f1adi\u00f3\u2014, muchas de las comunidades a las que el evangelista Lucas se dirig\u00eda con sus escritos viv\u00edan la misma experiencia. Eran, como nos dicen los Hechos de los Ap\u00f3stoles, comunidades pac\u00edficas que, aun con sus l\u00edmites, intentaban vivir de la mejor manera el mensaje de caridad del Maestro. Y, sin embargo, sufr\u00edan persecuciones\u201d.<\/p>\n<p>&nbsp;<\/p>\n<p>El Papa Le\u00f3n XIV se\u00f1al\u00f3 que \u201ctodo esto nos recuerda que el bien no siempre encuentra una respuesta positiva en su entorno. Es m\u00e1s, en ocasiones, precisamente porque la belleza de ese bien molesta a quienes no lo acogen, aquel que lo pone en pr\u00e1ctica termina encontrando duras oposiciones, hasta sufrir maltratos y abusos\u201d.<\/p>\n<p>&nbsp;<\/p>\n<p>\u201cObrar en la verdad cuesta, porque en el mundo hay personas que eligen la mentira, y porque el diablo, aprovech\u00e1ndose de ello, a menudo busca obstaculizar el obrar de los buenos\u201d, indic\u00f3.<\/p>\n<p>Asimismo, record\u00f3 que \u201cSan Ignacio de Antioqu\u00eda, mientras viajaba hacia Roma, donde sufrir\u00eda el martirio, escrib\u00eda a los cristianos de esta ciudad: \u2018No quisiera que procurarais agradar a los hombres, sino a Dios\u2019, y agregaba: \u2018Es bueno para m\u00ed el morir por Jesucristo, m\u00e1s bien que reinar sobre los extremos m\u00e1s alejados de la tierra\u2019\u201d.<\/p>\n<p>&nbsp;<\/p>\n<p>\u201cHermanos y hermanas, pidamos juntos a Mar\u00eda, Reina de los m\u00e1rtires, que nos ayude a ser, en toda circunstancia, testigos fieles y valientes de su Hijo, y a sostener a los hermanos y hermanas que hoy sufren por la fe\u201d, expres\u00f3 a los fieles.<\/p>\n<p><strong>Fecha de publicaci\u00f3n domingo 17 de agosto de 2025\/ACI Prensa<\/strong><\/p>\n<p>&nbsp;<\/p>\n<p>&nbsp;<\/p>\n","protected":false},"excerpt":{"rendered":"<p>Cristo llama a sus disc\u00edpulos a seguir adelante con la verdad pese a las incomprensiones&#8230;<\/p>\n","protected":false},"author":1,"featured_media":221527,"comment_status":"open","ping_status":"open","sticky":false,"template":"","format":"standard","meta":{"_monsterinsights_skip_tracking":false,"_monsterinsights_sitenote_active":false,"_monsterinsights_sitenote_note":"","_monsterinsights_sitenote_category":0,"footnotes":""},"categories":[3],"tags":[11201],"class_list":["post"],"yoast_head":" \n<title>Sonora en Equipo. Le\u00f3n XIV: Nuestra misi\u00f3n no es toda \u201ccolor de rosa\u201d, sino signo de contradicci\u00f3n MUNDO<\/title>\n<meta name=\"description\" content=\"Cristo llama a sus disc\u00edpulos a seguir adelante con la verdad pese a las incomprensiones e incluso persecuciones, pues est\u00e1n llamados a ser \u201csignos de En Sonora en Equipo publicamos toda la informaci\u00f3n de Sonora, M\u00e9xico y el Mundo de manera oportuna y busca que la libertad de expresi\u00f3n sea real. Visita nuestro medio informativo publicado desde Hermosillo, Sonora. %\" \/>\n<meta name=\"robots\" content=\"index, follow, max-snippet:-1, max-image-preview:large, max-video-preview:-1\" \/>\n<link rel=\"canonical\" href=\"https:\/\/www.sonoraenequipo.com.mx\/leon-xiv-nuestra-mision-no-es-toda-color-de-rosa-sino-signo-de-contradiccion\/\" \/>\n<meta property=\"og:locale\" content=\"es_ES\" \/>\n<meta property=\"og:type\" content=\"article\" \/>\n<meta property=\"og:title\" content=\"Sonora en Equipo. Le\u00f3n XIV: Nuestra misi\u00f3n no es toda \u201ccolor de rosa\u201d, sino signo de contradicci\u00f3n MUNDO\" \/>\n<meta property=\"og:description\" content=\"Cristo llama a sus disc\u00edpulos a seguir adelante con la verdad pese a las incomprensiones e incluso persecuciones, pues est\u00e1n llamados a ser \u201csignos de En Sonora en Equipo publicamos toda la informaci\u00f3n de Sonora, M\u00e9xico y el Mundo de manera oportuna y busca que la libertad de expresi\u00f3n sea real. Visita nuestro medio informativo publicado desde Hermosillo, Sonora. %\" \/>\n<meta property=\"og:url\" content=\"https:\/\/www.sonoraenequipo.com.mx\/leon-xiv-nuestra-mision-no-es-toda-color-de-rosa-sino-signo-de-contradiccion\/\" \/>\n<meta property=\"og:site_name\" content=\"Sonora en Equipo.\" \/>\n<meta property=\"article:publisher\" content=\"https:\/\/www.facebook.com\/SonoraEE\/\" \/>\n<meta property=\"article:author\" content=\"https:\/\/www.facebook.com\/SonoraEE\" \/>\n<meta property=\"article:published_time\" content=\"2025-08-17T20:14:09+00:00\" \/>\n<meta property=\"og:image\" content=\"https:\/\/www.sonoraenequipo.com.mx\/storage\/2025\/08\/Leon-XIIV.jpg\" \/>\n\t<meta property=\"og:image:width\" content=\"620\" \/>\n\t<meta property=\"og:image:height\" content=\"420\" \/>\n\t<meta property=\"og:image:type\" content=\"image\/jpeg\" \/>\n<meta name=\"author\" content=\"enequipo\" \/>\n<meta name=\"twitter:card\" content=\"summary_large_image\" \/>\n<meta name=\"twitter:creator\" content=\"@sonoraenequipo\" \/>\n<meta name=\"twitter:site\" content=\"@sonoraenequipo\" \/>\n<meta name=\"twitter:label1\" content=\"Escrito por\" \/>\n\t<meta name=\"twitter:data1\" content=\"enequipo\" \/>\n\t<meta name=\"twitter:label2\" content=\"Tiempo de lectura\" \/>\n\t<meta name=\"twitter:data2\" content=\"2 minutos\" \/>\n<script type=\"application\/ld+json\" class=\"yoast-schema-graph\">{\"@context\":\"https:\/\/schema.org\",\"@graph\":[{\"@type\":\"Article\",\"@id\":\"https:\/\/www.sonoraenequipo.com.mx\/leon-xiv-nuestra-mision-no-es-toda-color-de-rosa-sino-signo-de-contradiccion\/#article\",\"isPartOf\":{\"@id\":\"https:\/\/www.sonoraenequipo.com.mx\/leon-xiv-nuestra-mision-no-es-toda-color-de-rosa-sino-signo-de-contradiccion\/\"},\"author\":{\"name\":\"enequipo\",\"@id\":\"https:\/\/www.sonoraenequipo.com.mx\/#\/schema\/person\/50102df0fb23a8fa9e8effad8fa81386\"},\"headline\":\"Le\u00f3n XIV: Nuestra misi\u00f3n no es toda \u201ccolor de rosa\u201d, sino signo de contradicci\u00f3n\",\"datePublished\":\"2025-08-17T20:14:09+00:00\",\"mainEntityOfPage\":{\"@id\":\"https:\/\/www.sonoraenequipo.com.mx\/leon-xiv-nuestra-mision-no-es-toda-color-de-rosa-sino-signo-de-contradiccion\/\"},\"wordCount\":513,\"commentCount\":0,\"publisher\":{\"@id\":\"https:\/\/www.sonoraenequipo.com.mx\/#organization\"},\"image\":{\"@id\":\"https:\/\/www.sonoraenequipo.com.mx\/leon-xiv-nuestra-mision-no-es-toda-color-de-rosa-sino-signo-de-contradiccion\/#primaryimage\"},\"thumbnailUrl\":\"https:\/\/www.sonoraenequipo.com.mx\/storage\/2025\/08\/Leon-XIIV.jpg\",\"keywords\":[\"papa leon XIV\"],\"articleSection\":[\"MUNDO\"],\"inLanguage\":\"es\",\"potentialAction\":[{\"@type\":\"CommentAction\",\"name\":\"Comment\",\"target\":[\"https:\/\/www.sonoraenequipo.com.mx\/leon-xiv-nuestra-mision-no-es-toda-color-de-rosa-sino-signo-de-contradiccion\/#respond\"]}]},{\"@type\":\"WebPage\",\"@id\":\"https:\/\/www.sonoraenequipo.com.mx\/leon-xiv-nuestra-mision-no-es-toda-color-de-rosa-sino-signo-de-contradiccion\/\",\"url\":\"https:\/\/www.sonoraenequipo.com.mx\/leon-xiv-nuestra-mision-no-es-toda-color-de-rosa-sino-signo-de-contradiccion\/\",\"name\":\"Sonora en Equipo. Le\u00f3n XIV: Nuestra misi\u00f3n no es toda \u201ccolor de rosa\u201d, sino signo de contradicci\u00f3n MUNDO\",\"isPartOf\":{\"@id\":\"https:\/\/www.sonoraenequipo.com.mx\/#website\"},\"primaryImageOfPage\":{\"@id\":\"https:\/\/www.sonoraenequipo.com.mx\/leon-xiv-nuestra-mision-no-es-toda-color-de-rosa-sino-signo-de-contradiccion\/#primaryimage\"},\"image\":{\"@id\":\"https:\/\/www.sonoraenequipo.com.mx\/leon-xiv-nuestra-mision-no-es-toda-color-de-rosa-sino-signo-de-contradiccion\/#primaryimage\"},\"thumbnailUrl\":\"https:\/\/www.sonoraenequipo.com.mx\/storage\/2025\/08\/Leon-XIIV.jpg\",\"datePublished\":\"2025-08-17T20:14:09+00:00\",\"description\":\"Cristo llama a sus disc\u00edpulos a seguir adelante con la verdad pese a las incomprensiones e incluso persecuciones, pues est\u00e1n llamados a ser \u201csignos de En Sonora en Equipo publicamos toda la informaci\u00f3n de Sonora, M\u00e9xico y el Mundo de manera oportuna y busca que la libertad de expresi\u00f3n sea real. Visita nuestro medio informativo publicado desde Hermosillo, Sonora. %\",\"breadcrumb\":{\"@id\":\"https:\/\/www.sonoraenequipo.com.mx\/leon-xiv-nuestra-mision-no-es-toda-color-de-rosa-sino-signo-de-contradiccion\/#breadcrumb\"},\"inLanguage\":\"es\",\"potentialAction\":[{\"@type\":\"ReadAction\",\"target\":[\"https:\/\/www.sonoraenequipo.com.mx\/leon-xiv-nuestra-mision-no-es-toda-color-de-rosa-sino-signo-de-contradiccion\/\"]}]},{\"@type\":\"ImageObject\",\"inLanguage\":\"es\",\"@id\":\"https:\/\/www.sonoraenequipo.com.mx\/leon-xiv-nuestra-mision-no-es-toda-color-de-rosa-sino-signo-de-contradiccion\/#primaryimage\",\"url\":\"https:\/\/www.sonoraenequipo.com.mx\/storage\/2025\/08\/Leon-XIIV.jpg\",\"contentUrl\":\"https:\/\/www.sonoraenequipo.com.mx\/storage\/2025\/08\/Leon-XIIV.jpg\",\"width\":620,\"height\":420,\"caption\":\"El Papa Le\u00f3n XIV durante el rezo del Angelus el domingo31 de agosto en el VaticanoVatican Media.Archivo\"},{\"@type\":\"BreadcrumbList\",\"@id\":\"https:\/\/www.sonoraenequipo.com.mx\/leon-xiv-nuestra-mision-no-es-toda-color-de-rosa-sino-signo-de-contradiccion\/#breadcrumb\",\"itemListElement\":[{\"@type\":\"ListItem\",\"position\":1,\"name\":\"Portada\",\"item\":\"https:\/\/www.sonoraenequipo.com.mx\/\"},{\"@type\":\"ListItem\",\"position\":2,\"name\":\"Le\u00f3n XIV: Nuestra misi\u00f3n no es toda \u201ccolor de rosa\u201d, sino signo de contradicci\u00f3n\"}]},{\"@type\":\"WebSite\",\"@id\":\"https:\/\/www.sonoraenequipo.com.mx\/#website\",\"url\":\"https:\/\/www.sonoraenequipo.com.mx\/\",\"name\":\"Sonora en Equipo.\",\"description\":\"Diario en l\u00ednea con Noticias desde Hermosillo, Sonora\",\"publisher\":{\"@id\":\"https:\/\/www.sonoraenequipo.com.mx\/#organization\"},\"potentialAction\":[{\"@type\":\"SearchAction\",\"target\":{\"@type\":\"EntryPoint\",\"urlTemplate\":\"https:\/\/www.sonoraenequipo.com.mx\/?s={search_term_string}\"},\"query-input\":{\"@type\":\"PropertyValueSpecification\",\"valueRequired\":true,\"valueName\":\"search_term_string\"}}],\"inLanguage\":\"es\"},{\"@type\":\"Organization\",\"@id\":\"https:\/\/www.sonoraenequipo.com.mx\/#organization\",\"name\":\"Sonoraenequipo.com.mx\",\"url\":\"https:\/\/www.sonoraenequipo.com.mx\/\",\"logo\":{\"@type\":\"ImageObject\",\"inLanguage\":\"es\",\"@id\":\"https:\/\/www.sonoraenequipo.com.mx\/#\/schema\/logo\/image\/\",\"url\":\"https:\/\/www.sonoraenequipo.com.mx\/storage\/2019\/01\/sonoraenequipo_opt.png\",\"contentUrl\":\"https:\/\/www.sonoraenequipo.com.mx\/storage\/2019\/01\/sonoraenequipo_opt.png\",\"width\":375,\"height\":125,\"caption\":\"Sonoraenequipo.com.mx\"},\"image\":{\"@id\":\"https:\/\/www.sonoraenequipo.com.mx\/#\/schema\/logo\/image\/\"},\"sameAs\":[\"https:\/\/www.facebook.com\/SonoraEE\/\",\"https:\/\/x.com\/sonoraenequipo\",\"https:\/\/www.youtube.com\/channel\/UC338nW-lPEYmJQs4ZABQ1SQ\"]},{\"@type\":\"Person\",\"@id\":\"https:\/\/www.sonoraenequipo.com.mx\/#\/schema\/person\/50102df0fb23a8fa9e8effad8fa81386\",\"name\":\"enequipo\",\"image\":{\"@type\":\"ImageObject\",\"inLanguage\":\"es\",\"@id\":\"https:\/\/www.sonoraenequipo.com.mx\/#\/schema\/person\/image\/\",\"url\":\"https:\/\/secure.gravatar.com\/avatar\/049821681b589dabc0bc20695993ccebb09f5b5d4d790cd9251b97faac7c652b?s=96&d=blank&r=g\",\"contentUrl\":\"https:\/\/secure.gravatar.com\/avatar\/049821681b589dabc0bc20695993ccebb09f5b5d4d790cd9251b97faac7c652b?s=96&d=blank&r=g\",\"caption\":\"enequipo\"},\"sameAs\":[\"https:\/\/www.facebook.com\/SonoraEE\"]}]}<\/script>\n ","yoast_head_json":{"title":"Sonora en Equipo. Le\u00f3n XIV: Nuestra misi\u00f3n no es toda \u201ccolor de rosa\u201d, sino signo de contradicci\u00f3n MUNDO","description":"Cristo llama a sus disc\u00edpulos a seguir adelante con la verdad pese a las incomprensiones e incluso persecuciones, pues est\u00e1n llamados a ser \u201csignos de En Sonora en Equipo publicamos toda la informaci\u00f3n de Sonora, M\u00e9xico y el Mundo de manera oportuna y busca que la libertad de expresi\u00f3n sea real. Visita nuestro medio informativo publicado desde Hermosillo, Sonora. %","robots":{"index":"index","follow":"follow","max-snippet":"max-snippet:-1","max-image-preview":"max-image-preview:large","max-video-preview":"max-video-preview:-1"},"canonical":"https:\/\/www.sonoraenequipo.com.mx\/leon-xiv-nuestra-mision-no-es-toda-color-de-rosa-sino-signo-de-contradiccion\/","og_locale":"es_ES","og_type":"article","og_title":"Sonora en Equipo. Le\u00f3n XIV: Nuestra misi\u00f3n no es toda \u201ccolor de rosa\u201d, sino signo de contradicci\u00f3n MUNDO","og_description":"Cristo llama a sus disc\u00edpulos a seguir adelante con la verdad pese a las incomprensiones e incluso persecuciones, pues est\u00e1n llamados a ser \u201csignos de En Sonora en Equipo publicamos toda la informaci\u00f3n de Sonora, M\u00e9xico y el Mundo de manera oportuna y busca que la libertad de expresi\u00f3n sea real. Visita nuestro medio informativo publicado desde Hermosillo, Sonora. %","og_url":"https:\/\/www.sonoraenequipo.com.mx\/leon-xiv-nuestra-mision-no-es-toda-color-de-rosa-sino-signo-de-contradiccion\/","og_site_name":"Sonora en Equipo.","article_publisher":"https:\/\/www.facebook.com\/SonoraEE\/","article_author":"https:\/\/www.facebook.com\/SonoraEE","article_published_time":"2025-08-17T20:14:09+00:00","og_image":[{"width":620,"height":420,"url":"https:\/\/www.sonoraenequipo.com.mx\/storage\/2025\/08\/Leon-XIIV.jpg","type":"image\/jpeg"}],"author":"enequipo","twitter_card":"summary_large_image","twitter_creator":"@sonoraenequipo","twitter_site":"@sonoraenequipo","twitter_misc":{"Escrito por":"enequipo","Tiempo de lectura":"2 minutos"},"schema":{"@context":"https:\/\/schema.org","@graph":[{"@type":"Article","@id":"https:\/\/www.sonoraenequipo.com.mx\/leon-xiv-nuestra-mision-no-es-toda-color-de-rosa-sino-signo-de-contradiccion\/#article","isPartOf":{"@id":"https:\/\/www.sonoraenequipo.com.mx\/leon-xiv-nuestra-mision-no-es-toda-color-de-rosa-sino-signo-de-contradiccion\/"},"author":{"name":"enequipo","@id":"https:\/\/www.sonoraenequipo.com.mx\/#\/schema\/person\/50102df0fb23a8fa9e8effad8fa81386"},"headline":"Le\u00f3n XIV: Nuestra misi\u00f3n no es toda \u201ccolor de rosa\u201d, sino signo de contradicci\u00f3n","datePublished":"2025-08-17T20:14:09+00:00","mainEntityOfPage":{"@id":"https:\/\/www.sonoraenequipo.com.mx\/leon-xiv-nuestra-mision-no-es-toda-color-de-rosa-sino-signo-de-contradiccion\/"},"wordCount":513,"commentCount":0,"publisher":{"@id":"https:\/\/www.sonoraenequipo.com.mx\/#organization"},"image":{"@id":"https:\/\/www.sonoraenequipo.com.mx\/leon-xiv-nuestra-mision-no-es-toda-color-de-rosa-sino-signo-de-contradiccion\/#primaryimage"},"thumbnailUrl":"https:\/\/www.sonoraenequipo.com.mx\/storage\/2025\/08\/Leon-XIIV.jpg","keywords":["papa leon XIV"],"articleSection":["MUNDO"],"inLanguage":"es","potentialAction":[{"@type":"CommentAction","name":"Comment","target":["https:\/\/www.sonoraenequipo.com.mx\/leon-xiv-nuestra-mision-no-es-toda-color-de-rosa-sino-signo-de-contradiccion\/#respond"]}]},{"@type":"WebPage","@id":"https:\/\/www.sonoraenequipo.com.mx\/leon-xiv-nuestra-mision-no-es-toda-color-de-rosa-sino-signo-de-contradiccion\/","url":"https:\/\/www.sonoraenequipo.com.mx\/leon-xiv-nuestra-mision-no-es-toda-color-de-rosa-sino-signo-de-contradiccion\/","name":"Sonora en Equipo. Le\u00f3n XIV: Nuestra misi\u00f3n no es toda \u201ccolor de rosa\u201d, sino signo de contradicci\u00f3n MUNDO","isPartOf":{"@id":"https:\/\/www.sonoraenequipo.com.mx\/#website"},"primaryImageOfPage":{"@id":"https:\/\/www.sonoraenequipo.com.mx\/leon-xiv-nuestra-mision-no-es-toda-color-de-rosa-sino-signo-de-contradiccion\/#primaryimage"},"image":{"@id":"https:\/\/www.sonoraenequipo.com.mx\/leon-xiv-nuestra-mision-no-es-toda-color-de-rosa-sino-signo-de-contradiccion\/#primaryimage"},"thumbnailUrl":"https:\/\/www.sonoraenequipo.com.mx\/storage\/2025\/08\/Leon-XIIV.jpg","datePublished":"2025-08-17T20:14:09+00:00","description":"Cristo llama a sus disc\u00edpulos a seguir adelante con la verdad pese a las incomprensiones e incluso persecuciones, pues est\u00e1n llamados a ser \u201csignos de En Sonora en Equipo publicamos toda la informaci\u00f3n de Sonora, M\u00e9xico y el Mundo de manera oportuna y busca que la libertad de expresi\u00f3n sea real. Visita nuestro medio informativo publicado desde Hermosillo, Sonora. %","breadcrumb":{"@id":"https:\/\/www.sonoraenequipo.com.mx\/leon-xiv-nuestra-mision-no-es-toda-color-de-rosa-sino-signo-de-contradiccion\/#breadcrumb"},"inLanguage":"es","potentialAction":[{"@type":"ReadAction","target":["https:\/\/www.sonoraenequipo.com.mx\/leon-xiv-nuestra-mision-no-es-toda-color-de-rosa-sino-signo-de-contradiccion\/"]}]},{"@type":"ImageObject","inLanguage":"es","@id":"https:\/\/www.sonoraenequipo.com.mx\/leon-xiv-nuestra-mision-no-es-toda-color-de-rosa-sino-signo-de-contradiccion\/#primaryimage","url":"https:\/\/www.sonoraenequipo.com.mx\/storage\/2025\/08\/Leon-XIIV.jpg","contentUrl":"https:\/\/www.sonoraenequipo.com.mx\/storage\/2025\/08\/Leon-XIIV.jpg","width":620,"height":420,"caption":"El Papa Le\u00f3n XIV durante el rezo del Angelus el domingo31 de agosto en el VaticanoVatican Media.Archivo"},{"@type":"BreadcrumbList","@id":"https:\/\/www.sonoraenequipo.com.mx\/leon-xiv-nuestra-mision-no-es-toda-color-de-rosa-sino-signo-de-contradiccion\/#breadcrumb","itemListElement":[{"@type":"ListItem","position":1,"name":"Portada","item":"https:\/\/www.sonoraenequipo.com.mx\/"},{"@type":"ListItem","position":2,"name":"Le\u00f3n XIV: Nuestra misi\u00f3n no es toda \u201ccolor de rosa\u201d, sino signo de contradicci\u00f3n"}]},{"@type":"WebSite","@id":"https:\/\/www.sonoraenequipo.com.mx\/#website","url":"https:\/\/www.sonoraenequipo.com.mx\/","name":"Sonora en Equipo.","description":"Diario en l\u00ednea con Noticias desde Hermosillo, Sonora","publisher":{"@id":"https:\/\/www.sonoraenequipo.com.mx\/#organization"},"potentialAction":[{"@type":"SearchAction","target":{"@type":"EntryPoint","urlTemplate":"https:\/\/www.sonoraenequipo.com.mx\/?s={search_term_string}"},"query-input":{"@type":"PropertyValueSpecification","valueRequired":true,"valueName":"search_term_string"}}],"inLanguage":"es"},{"@type":"Organization","@id":"https:\/\/www.sonoraenequipo.com.mx\/#organization","name":"Sonoraenequipo.com.mx","url":"https:\/\/www.sonoraenequipo.com.mx\/","logo":{"@type":"ImageObject","inLanguage":"es","@id":"https:\/\/www.sonoraenequipo.com.mx\/#\/schema\/logo\/image\/","url":"https:\/\/www.sonoraenequipo.com.mx\/storage\/2019\/01\/sonoraenequipo_opt.png","contentUrl":"https:\/\/www.sonoraenequipo.com.mx\/storage\/2019\/01\/sonoraenequipo_opt.png","width":375,"height":125,"caption":"Sonoraenequipo.com.mx"},"image":{"@id":"https:\/\/www.sonoraenequipo.com.mx\/#\/schema\/logo\/image\/"},"sameAs":["https:\/\/www.facebook.com\/SonoraEE\/","https:\/\/x.com\/sonoraenequipo","https:\/\/www.youtube.com\/channel\/UC338nW-lPEYmJQs4ZABQ1SQ"]},{"@type":"Person","@id":"https:\/\/www.sonoraenequipo.com.mx\/#\/schema\/person\/50102df0fb23a8fa9e8effad8fa81386","name":"enequipo","image":{"@type":"ImageObject","inLanguage":"es","@id":"https:\/\/www.sonoraenequipo.com.mx\/#\/schema\/person\/image\/","url":"https:\/\/secure.gravatar.com\/avatar\/049821681b589dabc0bc20695993ccebb09f5b5d4d790cd9251b97faac7c652b?s=96&d=blank&r=g","contentUrl":"https:\/\/secure.gravatar.com\/avatar\/049821681b589dabc0bc20695993ccebb09f5b5d4d790cd9251b97faac7c652b?s=96&d=blank&r=g","caption":"enequipo"},"sameAs":["https:\/\/www.facebook.com\/SonoraEE"]}]}},"jetpack_featured_media_url":"https:\/\/www.sonoraenequipo.com.mx\/storage\/2025\/08\/Leon-XIIV.jpg","_links":{"self":[{"href":"https:\/\/www.sonoraenequipo.com.mx\/api\/wp\/v2\/posts\/221526","targetHints":{"allow":["GET"]}}],"collection":[{"href":"https:\/\/www.sonoraenequipo.com.mx\/api\/wp\/v2\/posts"}],"about":[{"href":"https:\/\/www.sonoraenequipo.com.mx\/api\/wp\/v2\/types\/post"}],"author":[{"embeddable":true,"href":"https:\/\/www.sonoraenequipo.com.mx\/api\/wp\/v2\/users\/1"}],"replies":[{"embeddable":true,"href":"https:\/\/www.sonoraenequipo.com.mx\/api\/wp\/v2\/comments?post=221526"}],"version-history":[{"count":1,"href":"https:\/\/www.sonoraenequipo.com.mx\/api\/wp\/v2\/posts\/221526\/revisions"}],"predecessor-version":[{"id":221528,"href":"https:\/\/www.sonoraenequipo.com.mx\/api\/wp\/v2\/posts\/221526\/revisions\/221528"}],"wp:featuredmedia":[{"embeddable":true,"href":"https:\/\/www.sonoraenequipo.com.mx\/api\/wp\/v2\/media\/221527"}],"wp:attachment":[{"href":"https:\/\/www.sonoraenequipo.com.mx\/api\/wp\/v2\/media?parent=221526"}],"wp:term":[{"taxonomy":"category","embeddable":true,"href":"https:\/\/www.sonoraenequipo.com.mx\/api\/wp\/v2\/categories?post=221526"},{"taxonomy":"post_tag","embeddable":true,"href":"https:\/\/www.sonoraenequipo.com.mx\/api\/wp\/v2\/tags?post=221526"}],"curies":[{"name":"wp","href":"https:\/\/api.w.org\/{rel}","templated":true}]}}