{"id":221536,"date":"2025-08-16T19:10:52","date_gmt":"2025-08-17T02:10:52","guid":{"rendered":"https:\/\/www.sonoraenequipo.com.mx\/?p=221536"},"modified":"2025-08-17T15:00:38","modified_gmt":"2025-08-17T22:00:38","slug":"gobernador-durazo-celebra-con-exito-la-segunda-edicion-del-bazar-escolar-2025-previo-al-regreso-de-clases","status":"publish","type":"post","link":"https:\/\/www.sonoraenequipo.com.mx\/gobernador-durazo-celebra-con-exito-la-segunda-edicion-del-bazar-escolar-2025-previo-al-regreso-de-clases\/","title":{"rendered":"Gobernador Durazo celebra con \u00e9xito la segunda edici\u00f3n del \u201cBazar Escolar 2025\u201d previo al regreso de clases"},"content":{"rendered":"<p><strong>HERMOSILLO, SONORA. MX. \u2014 <\/strong>\u00a0Con el prop\u00f3sito de apoyar la econom\u00eda de las familias sonorenses en este regreso a clases, el gobernador Alfonso Durazo Monta\u00f1o llev\u00f3 a cabo la segunda edici\u00f3n del \u201cBazar Escolar 2025\u201d, con descuentos en art\u00edculos del 40 al 60 por ciento.<\/p>\n<p>&nbsp;<\/p>\n<p>&nbsp;<\/p>\n<p>&nbsp;<\/p>\n<p> <\/p>\n<p>La jefa de Oficina del Ejecutivo estatal, Paulina Oca\u00f1a, presente en el evento, destac\u00f3 las acciones que se han realizado desde el Gobierno de Sonora para fortalecer la educaci\u00f3n, como el programa de Becas Sonora, la entrega de uniformes escolares gratuitos y la remodelaci\u00f3n de planteles escolares, iniciativas impulsadas por el mandatario sonorense.<\/p>\n<p>&nbsp;<\/p>\n<p>&nbsp;<\/p>\n<p>&nbsp;<\/p>\n<p><em><strong>\u201cEl inter\u00e9s del gobernador Durazo es que este regreso a clases afecte lo menos posible en el bolsillo de las familias y que este sea un regreso a clases seguro, ordenado y, sobre todo, provechoso para todas nuestras ni\u00f1as y ni\u00f1os en el estado\u201d,<\/strong><\/em> subray\u00f3.<\/p>\n<p>&nbsp;<\/p>\n<p>&nbsp;<\/p>\n<p>&nbsp;<\/p>\n<p>En esta segunda edici\u00f3n del \u201cBazar Escolar 2025\u201d, la directora de Desarrollo Integral para la Familia (DIF) Sonora, Lizeth V\u00e1zquez Ochoa, indic\u00f3 que el evento se realiz\u00f3 con el apoyo del voluntariado de otras dependencias del gobierno del estado; adem\u00e1s se brindaron servicios como la emisi\u00f3n de actas de nacimiento y la entrega de certificados para personas con discapacidad, entre otros.<\/p>\n<p>&nbsp;<\/p>\n<p>&nbsp;<\/p>\n<p>&nbsp;<\/p>\n<p>&nbsp;<\/p>\n<p>Las instalaciones del Pabell\u00f3n Pelota del Centro de Usos M\u00faltiples (CUM) fueron el punto de reuni\u00f3n para que las familias acudieran a comprar todo lo necesario para el regreso de los ni\u00f1os a las aulas, como el se\u00f1or Carlos Alberto Reyes, quien aprovech\u00f3 para la compra de mochila y \u00fatiles escolares para sus hijos.<\/p>\n<p>&nbsp;<\/p>\n<p>&nbsp;<\/p>\n<p>&nbsp;<\/p>\n<p><em><strong>\u201cGracias al gobierno por ayudar a la gente a que compre todo lo que son \u00fatiles escolares m\u00e1s baratos, las actas de nacimiento. Gracias por ayudarnos a salir adelante, muchas gracias al gobernador Alfonso Durazo\u201d<\/strong><\/em>, expres\u00f3.<\/p>\n<p>&nbsp;<\/p>\n<p>&nbsp;<\/p>\n<p>&nbsp;<\/p>\n<p>&nbsp;<\/p>\n<p><em><strong>\u201cLas hojas que valen 130 pesos, aqu\u00ed est\u00e1n en 50 pesos, los borradores, l\u00e1pices, todo muy econ\u00f3mico y de buena calidad. Muy buena atenci\u00f3n y en un lugar refrigerado, pues mejor\u201d,<\/strong><\/em> se\u00f1al\u00f3 Ver\u00f3nica Corrales.<\/p>\n<p>&nbsp;<\/p>\n<p>&nbsp;<\/p>\n<p>&nbsp;<\/p>\n<p><em><strong>\u201cFelicitar al gobernador porque es un programa muy padre que pone al alcance todos estos servicios a la ciudadan\u00eda, esperando que haya m\u00e1s en un futuro, principalmente para los ni\u00f1os discapacitados, m\u00e1s programas para el futuro\u201d<\/strong><\/em> coment\u00f3 Alicia Borbolla.<\/p>\n<p>&nbsp;<\/p>\n<p>&nbsp;<\/p>\n<p>&nbsp;<\/p>\n<p>&nbsp;<\/p>\n<p>En el evento se cont\u00f3 con la presencia de Froyl\u00e1n G\u00e1mez Gamboa, secretario de Educaci\u00f3n y Cultura; Abraham Sierra, director general del Instituto de Becas y Cr\u00e9dito Educativo; Carlos Zatarain, titular de la Comisi\u00f3n de Ecolog\u00eda y Desarrollo Sustentable del Estado de Sonora (CEDES); Carlos Sosa Casta\u00f1eda, titular del Instituto de Movilidad y Transporte para el Estado de Sonora (IMTES) y Lorenia Valles Sampedro, senadora por Sonora; entre otras autoridades.<\/p>\n<p>&nbsp;<\/p>\n<p>&nbsp;<\/p>\n<p>&nbsp;<\/p>\n<p>PUBLICADO EL 16 DE AGOSTO DE 2025 Con informaci\u00f3n de GOBSON 0825.128)<\/p>\n","protected":false},"excerpt":{"rendered":"<p>HERMOSILLO, SONORA. MX. \u2014 \u00a0Con el prop\u00f3sito de apoyar la econom\u00eda de las familias sonorenses&#8230;<\/p>\n","protected":false},"author":1,"featured_media":221545,"comment_status":"open","ping_status":"open","sticky":false,"template":"","format":"standard","meta":{"_monsterinsights_skip_tracking":false,"_monsterinsights_sitenote_active":false,"_monsterinsights_sitenote_note":"","_monsterinsights_sitenote_category":0,"footnotes":""},"categories":[22],"tags":[],"class_list":["post"],"yoast_head":" \n<title>Sonora en Equipo. Gobernador Durazo celebra con \u00e9xito la segunda edici\u00f3n del \u201cBazar Escolar 2025\u201d previo al regreso de clases Sonora<\/title>\n<meta name=\"description\" content=\"HERMOSILLO, SONORA. MX. \u2014 \u00a0Con el prop\u00f3sito de apoyar la econom\u00eda de las familias sonorenses en este regreso a clases, el gobernador Alfonso Durazo En Sonora en Equipo publicamos toda la informaci\u00f3n de Sonora, M\u00e9xico y el Mundo de manera oportuna y busca que la libertad de expresi\u00f3n sea real. Visita nuestro medio informativo publicado desde Hermosillo, Sonora. %\" \/>\n<meta name=\"robots\" content=\"index, follow, max-snippet:-1, max-image-preview:large, max-video-preview:-1\" \/>\n<link rel=\"canonical\" href=\"https:\/\/www.sonoraenequipo.com.mx\/gobernador-durazo-celebra-con-exito-la-segunda-edicion-del-bazar-escolar-2025-previo-al-regreso-de-clases\/\" \/>\n<meta property=\"og:locale\" content=\"es_ES\" \/>\n<meta property=\"og:type\" content=\"article\" \/>\n<meta property=\"og:title\" content=\"Sonora en Equipo. Gobernador Durazo celebra con \u00e9xito la segunda edici\u00f3n del \u201cBazar Escolar 2025\u201d previo al regreso de clases Sonora\" \/>\n<meta property=\"og:description\" content=\"HERMOSILLO, SONORA. MX. \u2014 \u00a0Con el prop\u00f3sito de apoyar la econom\u00eda de las familias sonorenses en este regreso a clases, el gobernador Alfonso Durazo En Sonora en Equipo publicamos toda la informaci\u00f3n de Sonora, M\u00e9xico y el Mundo de manera oportuna y busca que la libertad de expresi\u00f3n sea real. Visita nuestro medio informativo publicado desde Hermosillo, Sonora. %\" \/>\n<meta property=\"og:url\" content=\"https:\/\/www.sonoraenequipo.com.mx\/gobernador-durazo-celebra-con-exito-la-segunda-edicion-del-bazar-escolar-2025-previo-al-regreso-de-clases\/\" \/>\n<meta property=\"og:site_name\" content=\"Sonora en Equipo.\" \/>\n<meta property=\"article:publisher\" content=\"https:\/\/www.facebook.com\/SonoraEE\/\" \/>\n<meta property=\"article:author\" content=\"https:\/\/www.facebook.com\/SonoraEE\" \/>\n<meta property=\"article:published_time\" content=\"2025-08-17T02:10:52+00:00\" \/>\n<meta property=\"article:modified_time\" content=\"2025-08-17T22:00:38+00:00\" \/>\n<meta property=\"og:image\" content=\"https:\/\/www.sonoraenequipo.com.mx\/storage\/2025\/08\/celebra-con-exito-la-segunda-edicion-del-Bazar-Escolar-2025-min.jpg\" \/>\n\t<meta property=\"og:image:width\" content=\"1200\" \/>\n\t<meta property=\"og:image:height\" content=\"800\" \/>\n\t<meta property=\"og:image:type\" content=\"image\/jpeg\" \/>\n<meta name=\"author\" content=\"enequipo\" \/>\n<meta name=\"twitter:card\" content=\"summary_large_image\" \/>\n<meta name=\"twitter:creator\" content=\"@sonoraenequipo\" \/>\n<meta name=\"twitter:site\" content=\"@sonoraenequipo\" \/>\n<meta name=\"twitter:label1\" content=\"Escrito por\" \/>\n\t<meta name=\"twitter:data1\" content=\"enequipo\" \/>\n\t<meta name=\"twitter:label2\" content=\"Tiempo de lectura\" \/>\n\t<meta name=\"twitter:data2\" content=\"3 minutos\" \/>\n<script type=\"application\/ld+json\" class=\"yoast-schema-graph\">{\"@context\":\"https:\/\/schema.org\",\"@graph\":[{\"@type\":\"Article\",\"@id\":\"https:\/\/www.sonoraenequipo.com.mx\/gobernador-durazo-celebra-con-exito-la-segunda-edicion-del-bazar-escolar-2025-previo-al-regreso-de-clases\/#article\",\"isPartOf\":{\"@id\":\"https:\/\/www.sonoraenequipo.com.mx\/gobernador-durazo-celebra-con-exito-la-segunda-edicion-del-bazar-escolar-2025-previo-al-regreso-de-clases\/\"},\"author\":{\"name\":\"enequipo\",\"@id\":\"https:\/\/www.sonoraenequipo.com.mx\/#\/schema\/person\/50102df0fb23a8fa9e8effad8fa81386\"},\"headline\":\"Gobernador Durazo celebra con \u00e9xito la segunda edici\u00f3n del \u201cBazar Escolar 2025\u201d previo al regreso de clases\",\"datePublished\":\"2025-08-17T02:10:52+00:00\",\"dateModified\":\"2025-08-17T22:00:38+00:00\",\"mainEntityOfPage\":{\"@id\":\"https:\/\/www.sonoraenequipo.com.mx\/gobernador-durazo-celebra-con-exito-la-segunda-edicion-del-bazar-escolar-2025-previo-al-regreso-de-clases\/\"},\"wordCount\":525,\"commentCount\":0,\"publisher\":{\"@id\":\"https:\/\/www.sonoraenequipo.com.mx\/#organization\"},\"image\":{\"@id\":\"https:\/\/www.sonoraenequipo.com.mx\/gobernador-durazo-celebra-con-exito-la-segunda-edicion-del-bazar-escolar-2025-previo-al-regreso-de-clases\/#primaryimage\"},\"thumbnailUrl\":\"https:\/\/www.sonoraenequipo.com.mx\/storage\/2025\/08\/celebra-con-exito-la-segunda-edicion-del-Bazar-Escolar-2025-min.jpg\",\"articleSection\":[\"Sonora\"],\"inLanguage\":\"es\",\"potentialAction\":[{\"@type\":\"CommentAction\",\"name\":\"Comment\",\"target\":[\"https:\/\/www.sonoraenequipo.com.mx\/gobernador-durazo-celebra-con-exito-la-segunda-edicion-del-bazar-escolar-2025-previo-al-regreso-de-clases\/#respond\"]}]},{\"@type\":\"WebPage\",\"@id\":\"https:\/\/www.sonoraenequipo.com.mx\/gobernador-durazo-celebra-con-exito-la-segunda-edicion-del-bazar-escolar-2025-previo-al-regreso-de-clases\/\",\"url\":\"https:\/\/www.sonoraenequipo.com.mx\/gobernador-durazo-celebra-con-exito-la-segunda-edicion-del-bazar-escolar-2025-previo-al-regreso-de-clases\/\",\"name\":\"Sonora en Equipo. Gobernador Durazo celebra con \u00e9xito la segunda edici\u00f3n del \u201cBazar Escolar 2025\u201d previo al regreso de clases Sonora\",\"isPartOf\":{\"@id\":\"https:\/\/www.sonoraenequipo.com.mx\/#website\"},\"primaryImageOfPage\":{\"@id\":\"https:\/\/www.sonoraenequipo.com.mx\/gobernador-durazo-celebra-con-exito-la-segunda-edicion-del-bazar-escolar-2025-previo-al-regreso-de-clases\/#primaryimage\"},\"image\":{\"@id\":\"https:\/\/www.sonoraenequipo.com.mx\/gobernador-durazo-celebra-con-exito-la-segunda-edicion-del-bazar-escolar-2025-previo-al-regreso-de-clases\/#primaryimage\"},\"thumbnailUrl\":\"https:\/\/www.sonoraenequipo.com.mx\/storage\/2025\/08\/celebra-con-exito-la-segunda-edicion-del-Bazar-Escolar-2025-min.jpg\",\"datePublished\":\"2025-08-17T02:10:52+00:00\",\"dateModified\":\"2025-08-17T22:00:38+00:00\",\"description\":\"HERMOSILLO, SONORA. MX. \u2014 \u00a0Con el prop\u00f3sito de apoyar la econom\u00eda de las familias sonorenses en este regreso a clases, el gobernador Alfonso Durazo En Sonora en Equipo publicamos toda la informaci\u00f3n de Sonora, M\u00e9xico y el Mundo de manera oportuna y busca que la libertad de expresi\u00f3n sea real. Visita nuestro medio informativo publicado desde Hermosillo, Sonora. %\",\"breadcrumb\":{\"@id\":\"https:\/\/www.sonoraenequipo.com.mx\/gobernador-durazo-celebra-con-exito-la-segunda-edicion-del-bazar-escolar-2025-previo-al-regreso-de-clases\/#breadcrumb\"},\"inLanguage\":\"es\",\"potentialAction\":[{\"@type\":\"ReadAction\",\"target\":[\"https:\/\/www.sonoraenequipo.com.mx\/gobernador-durazo-celebra-con-exito-la-segunda-edicion-del-bazar-escolar-2025-previo-al-regreso-de-clases\/\"]}]},{\"@type\":\"ImageObject\",\"inLanguage\":\"es\",\"@id\":\"https:\/\/www.sonoraenequipo.com.mx\/gobernador-durazo-celebra-con-exito-la-segunda-edicion-del-bazar-escolar-2025-previo-al-regreso-de-clases\/#primaryimage\",\"url\":\"https:\/\/www.sonoraenequipo.com.mx\/storage\/2025\/08\/celebra-con-exito-la-segunda-edicion-del-Bazar-Escolar-2025-min.jpg\",\"contentUrl\":\"https:\/\/www.sonoraenequipo.com.mx\/storage\/2025\/08\/celebra-con-exito-la-segunda-edicion-del-Bazar-Escolar-2025-min.jpg\",\"width\":1200,\"height\":800},{\"@type\":\"BreadcrumbList\",\"@id\":\"https:\/\/www.sonoraenequipo.com.mx\/gobernador-durazo-celebra-con-exito-la-segunda-edicion-del-bazar-escolar-2025-previo-al-regreso-de-clases\/#breadcrumb\",\"itemListElement\":[{\"@type\":\"ListItem\",\"position\":1,\"name\":\"Portada\",\"item\":\"https:\/\/www.sonoraenequipo.com.mx\/\"},{\"@type\":\"ListItem\",\"position\":2,\"name\":\"Gobernador Durazo celebra con \u00e9xito la segunda edici\u00f3n del \u201cBazar Escolar 2025\u201d previo al regreso de clases\"}]},{\"@type\":\"WebSite\",\"@id\":\"https:\/\/www.sonoraenequipo.com.mx\/#website\",\"url\":\"https:\/\/www.sonoraenequipo.com.mx\/\",\"name\":\"Sonora en Equipo.\",\"description\":\"Diario en l\u00ednea con Noticias desde Hermosillo, Sonora\",\"publisher\":{\"@id\":\"https:\/\/www.sonoraenequipo.com.mx\/#organization\"},\"potentialAction\":[{\"@type\":\"SearchAction\",\"target\":{\"@type\":\"EntryPoint\",\"urlTemplate\":\"https:\/\/www.sonoraenequipo.com.mx\/?s={search_term_string}\"},\"query-input\":{\"@type\":\"PropertyValueSpecification\",\"valueRequired\":true,\"valueName\":\"search_term_string\"}}],\"inLanguage\":\"es\"},{\"@type\":\"Organization\",\"@id\":\"https:\/\/www.sonoraenequipo.com.mx\/#organization\",\"name\":\"Sonoraenequipo.com.mx\",\"url\":\"https:\/\/www.sonoraenequipo.com.mx\/\",\"logo\":{\"@type\":\"ImageObject\",\"inLanguage\":\"es\",\"@id\":\"https:\/\/www.sonoraenequipo.com.mx\/#\/schema\/logo\/image\/\",\"url\":\"https:\/\/www.sonoraenequipo.com.mx\/storage\/2019\/01\/sonoraenequipo_opt.png\",\"contentUrl\":\"https:\/\/www.sonoraenequipo.com.mx\/storage\/2019\/01\/sonoraenequipo_opt.png\",\"width\":375,\"height\":125,\"caption\":\"Sonoraenequipo.com.mx\"},\"image\":{\"@id\":\"https:\/\/www.sonoraenequipo.com.mx\/#\/schema\/logo\/image\/\"},\"sameAs\":[\"https:\/\/www.facebook.com\/SonoraEE\/\",\"https:\/\/x.com\/sonoraenequipo\",\"https:\/\/www.youtube.com\/channel\/UC338nW-lPEYmJQs4ZABQ1SQ\"]},{\"@type\":\"Person\",\"@id\":\"https:\/\/www.sonoraenequipo.com.mx\/#\/schema\/person\/50102df0fb23a8fa9e8effad8fa81386\",\"name\":\"enequipo\",\"image\":{\"@type\":\"ImageObject\",\"inLanguage\":\"es\",\"@id\":\"https:\/\/www.sonoraenequipo.com.mx\/#\/schema\/person\/image\/\",\"url\":\"https:\/\/secure.gravatar.com\/avatar\/049821681b589dabc0bc20695993ccebb09f5b5d4d790cd9251b97faac7c652b?s=96&d=blank&r=g\",\"contentUrl\":\"https:\/\/secure.gravatar.com\/avatar\/049821681b589dabc0bc20695993ccebb09f5b5d4d790cd9251b97faac7c652b?s=96&d=blank&r=g\",\"caption\":\"enequipo\"},\"sameAs\":[\"https:\/\/www.facebook.com\/SonoraEE\"]}]}<\/script>\n ","yoast_head_json":{"title":"Sonora en Equipo. Gobernador Durazo celebra con \u00e9xito la segunda edici\u00f3n del \u201cBazar Escolar 2025\u201d previo al regreso de clases Sonora","description":"HERMOSILLO, SONORA. MX. \u2014 \u00a0Con el prop\u00f3sito de apoyar la econom\u00eda de las familias sonorenses en este regreso a clases, el gobernador Alfonso Durazo En Sonora en Equipo publicamos toda la informaci\u00f3n de Sonora, M\u00e9xico y el Mundo de manera oportuna y busca que la libertad de expresi\u00f3n sea real. Visita nuestro medio informativo publicado desde Hermosillo, Sonora. %","robots":{"index":"index","follow":"follow","max-snippet":"max-snippet:-1","max-image-preview":"max-image-preview:large","max-video-preview":"max-video-preview:-1"},"canonical":"https:\/\/www.sonoraenequipo.com.mx\/gobernador-durazo-celebra-con-exito-la-segunda-edicion-del-bazar-escolar-2025-previo-al-regreso-de-clases\/","og_locale":"es_ES","og_type":"article","og_title":"Sonora en Equipo. Gobernador Durazo celebra con \u00e9xito la segunda edici\u00f3n del \u201cBazar Escolar 2025\u201d previo al regreso de clases Sonora","og_description":"HERMOSILLO, SONORA. MX. \u2014 \u00a0Con el prop\u00f3sito de apoyar la econom\u00eda de las familias sonorenses en este regreso a clases, el gobernador Alfonso Durazo En Sonora en Equipo publicamos toda la informaci\u00f3n de Sonora, M\u00e9xico y el Mundo de manera oportuna y busca que la libertad de expresi\u00f3n sea real. Visita nuestro medio informativo publicado desde Hermosillo, Sonora. %","og_url":"https:\/\/www.sonoraenequipo.com.mx\/gobernador-durazo-celebra-con-exito-la-segunda-edicion-del-bazar-escolar-2025-previo-al-regreso-de-clases\/","og_site_name":"Sonora en Equipo.","article_publisher":"https:\/\/www.facebook.com\/SonoraEE\/","article_author":"https:\/\/www.facebook.com\/SonoraEE","article_published_time":"2025-08-17T02:10:52+00:00","article_modified_time":"2025-08-17T22:00:38+00:00","og_image":[{"width":1200,"height":800,"url":"https:\/\/www.sonoraenequipo.com.mx\/storage\/2025\/08\/celebra-con-exito-la-segunda-edicion-del-Bazar-Escolar-2025-min.jpg","type":"image\/jpeg"}],"author":"enequipo","twitter_card":"summary_large_image","twitter_creator":"@sonoraenequipo","twitter_site":"@sonoraenequipo","twitter_misc":{"Escrito por":"enequipo","Tiempo de lectura":"3 minutos"},"schema":{"@context":"https:\/\/schema.org","@graph":[{"@type":"Article","@id":"https:\/\/www.sonoraenequipo.com.mx\/gobernador-durazo-celebra-con-exito-la-segunda-edicion-del-bazar-escolar-2025-previo-al-regreso-de-clases\/#article","isPartOf":{"@id":"https:\/\/www.sonoraenequipo.com.mx\/gobernador-durazo-celebra-con-exito-la-segunda-edicion-del-bazar-escolar-2025-previo-al-regreso-de-clases\/"},"author":{"name":"enequipo","@id":"https:\/\/www.sonoraenequipo.com.mx\/#\/schema\/person\/50102df0fb23a8fa9e8effad8fa81386"},"headline":"Gobernador Durazo celebra con \u00e9xito la segunda edici\u00f3n del \u201cBazar Escolar 2025\u201d previo al regreso de clases","datePublished":"2025-08-17T02:10:52+00:00","dateModified":"2025-08-17T22:00:38+00:00","mainEntityOfPage":{"@id":"https:\/\/www.sonoraenequipo.com.mx\/gobernador-durazo-celebra-con-exito-la-segunda-edicion-del-bazar-escolar-2025-previo-al-regreso-de-clases\/"},"wordCount":525,"commentCount":0,"publisher":{"@id":"https:\/\/www.sonoraenequipo.com.mx\/#organization"},"image":{"@id":"https:\/\/www.sonoraenequipo.com.mx\/gobernador-durazo-celebra-con-exito-la-segunda-edicion-del-bazar-escolar-2025-previo-al-regreso-de-clases\/#primaryimage"},"thumbnailUrl":"https:\/\/www.sonoraenequipo.com.mx\/storage\/2025\/08\/celebra-con-exito-la-segunda-edicion-del-Bazar-Escolar-2025-min.jpg","articleSection":["Sonora"],"inLanguage":"es","potentialAction":[{"@type":"CommentAction","name":"Comment","target":["https:\/\/www.sonoraenequipo.com.mx\/gobernador-durazo-celebra-con-exito-la-segunda-edicion-del-bazar-escolar-2025-previo-al-regreso-de-clases\/#respond"]}]},{"@type":"WebPage","@id":"https:\/\/www.sonoraenequipo.com.mx\/gobernador-durazo-celebra-con-exito-la-segunda-edicion-del-bazar-escolar-2025-previo-al-regreso-de-clases\/","url":"https:\/\/www.sonoraenequipo.com.mx\/gobernador-durazo-celebra-con-exito-la-segunda-edicion-del-bazar-escolar-2025-previo-al-regreso-de-clases\/","name":"Sonora en Equipo. Gobernador Durazo celebra con \u00e9xito la segunda edici\u00f3n del \u201cBazar Escolar 2025\u201d previo al regreso de clases Sonora","isPartOf":{"@id":"https:\/\/www.sonoraenequipo.com.mx\/#website"},"primaryImageOfPage":{"@id":"https:\/\/www.sonoraenequipo.com.mx\/gobernador-durazo-celebra-con-exito-la-segunda-edicion-del-bazar-escolar-2025-previo-al-regreso-de-clases\/#primaryimage"},"image":{"@id":"https:\/\/www.sonoraenequipo.com.mx\/gobernador-durazo-celebra-con-exito-la-segunda-edicion-del-bazar-escolar-2025-previo-al-regreso-de-clases\/#primaryimage"},"thumbnailUrl":"https:\/\/www.sonoraenequipo.com.mx\/storage\/2025\/08\/celebra-con-exito-la-segunda-edicion-del-Bazar-Escolar-2025-min.jpg","datePublished":"2025-08-17T02:10:52+00:00","dateModified":"2025-08-17T22:00:38+00:00","description":"HERMOSILLO, SONORA. MX. \u2014 \u00a0Con el prop\u00f3sito de apoyar la econom\u00eda de las familias sonorenses en este regreso a clases, el gobernador Alfonso Durazo En Sonora en Equipo publicamos toda la informaci\u00f3n de Sonora, M\u00e9xico y el Mundo de manera oportuna y busca que la libertad de expresi\u00f3n sea real. Visita nuestro medio informativo publicado desde Hermosillo, Sonora. %","breadcrumb":{"@id":"https:\/\/www.sonoraenequipo.com.mx\/gobernador-durazo-celebra-con-exito-la-segunda-edicion-del-bazar-escolar-2025-previo-al-regreso-de-clases\/#breadcrumb"},"inLanguage":"es","potentialAction":[{"@type":"ReadAction","target":["https:\/\/www.sonoraenequipo.com.mx\/gobernador-durazo-celebra-con-exito-la-segunda-edicion-del-bazar-escolar-2025-previo-al-regreso-de-clases\/"]}]},{"@type":"ImageObject","inLanguage":"es","@id":"https:\/\/www.sonoraenequipo.com.mx\/gobernador-durazo-celebra-con-exito-la-segunda-edicion-del-bazar-escolar-2025-previo-al-regreso-de-clases\/#primaryimage","url":"https:\/\/www.sonoraenequipo.com.mx\/storage\/2025\/08\/celebra-con-exito-la-segunda-edicion-del-Bazar-Escolar-2025-min.jpg","contentUrl":"https:\/\/www.sonoraenequipo.com.mx\/storage\/2025\/08\/celebra-con-exito-la-segunda-edicion-del-Bazar-Escolar-2025-min.jpg","width":1200,"height":800},{"@type":"BreadcrumbList","@id":"https:\/\/www.sonoraenequipo.com.mx\/gobernador-durazo-celebra-con-exito-la-segunda-edicion-del-bazar-escolar-2025-previo-al-regreso-de-clases\/#breadcrumb","itemListElement":[{"@type":"ListItem","position":1,"name":"Portada","item":"https:\/\/www.sonoraenequipo.com.mx\/"},{"@type":"ListItem","position":2,"name":"Gobernador Durazo celebra con \u00e9xito la segunda edici\u00f3n del \u201cBazar Escolar 2025\u201d previo al regreso de clases"}]},{"@type":"WebSite","@id":"https:\/\/www.sonoraenequipo.com.mx\/#website","url":"https:\/\/www.sonoraenequipo.com.mx\/","name":"Sonora en Equipo.","description":"Diario en l\u00ednea con Noticias desde Hermosillo, Sonora","publisher":{"@id":"https:\/\/www.sonoraenequipo.com.mx\/#organization"},"potentialAction":[{"@type":"SearchAction","target":{"@type":"EntryPoint","urlTemplate":"https:\/\/www.sonoraenequipo.com.mx\/?s={search_term_string}"},"query-input":{"@type":"PropertyValueSpecification","valueRequired":true,"valueName":"search_term_string"}}],"inLanguage":"es"},{"@type":"Organization","@id":"https:\/\/www.sonoraenequipo.com.mx\/#organization","name":"Sonoraenequipo.com.mx","url":"https:\/\/www.sonoraenequipo.com.mx\/","logo":{"@type":"ImageObject","inLanguage":"es","@id":"https:\/\/www.sonoraenequipo.com.mx\/#\/schema\/logo\/image\/","url":"https:\/\/www.sonoraenequipo.com.mx\/storage\/2019\/01\/sonoraenequipo_opt.png","contentUrl":"https:\/\/www.sonoraenequipo.com.mx\/storage\/2019\/01\/sonoraenequipo_opt.png","width":375,"height":125,"caption":"Sonoraenequipo.com.mx"},"image":{"@id":"https:\/\/www.sonoraenequipo.com.mx\/#\/schema\/logo\/image\/"},"sameAs":["https:\/\/www.facebook.com\/SonoraEE\/","https:\/\/x.com\/sonoraenequipo","https:\/\/www.youtube.com\/channel\/UC338nW-lPEYmJQs4ZABQ1SQ"]},{"@type":"Person","@id":"https:\/\/www.sonoraenequipo.com.mx\/#\/schema\/person\/50102df0fb23a8fa9e8effad8fa81386","name":"enequipo","image":{"@type":"ImageObject","inLanguage":"es","@id":"https:\/\/www.sonoraenequipo.com.mx\/#\/schema\/person\/image\/","url":"https:\/\/secure.gravatar.com\/avatar\/049821681b589dabc0bc20695993ccebb09f5b5d4d790cd9251b97faac7c652b?s=96&d=blank&r=g","contentUrl":"https:\/\/secure.gravatar.com\/avatar\/049821681b589dabc0bc20695993ccebb09f5b5d4d790cd9251b97faac7c652b?s=96&d=blank&r=g","caption":"enequipo"},"sameAs":["https:\/\/www.facebook.com\/SonoraEE"]}]}},"jetpack_featured_media_url":"https:\/\/www.sonoraenequipo.com.mx\/storage\/2025\/08\/celebra-con-exito-la-segunda-edicion-del-Bazar-Escolar-2025-min.jpg","_links":{"self":[{"href":"https:\/\/www.sonoraenequipo.com.mx\/api\/wp\/v2\/posts\/221536","targetHints":{"allow":["GET"]}}],"collection":[{"href":"https:\/\/www.sonoraenequipo.com.mx\/api\/wp\/v2\/posts"}],"about":[{"href":"https:\/\/www.sonoraenequipo.com.mx\/api\/wp\/v2\/types\/post"}],"author":[{"embeddable":true,"href":"https:\/\/www.sonoraenequipo.com.mx\/api\/wp\/v2\/users\/1"}],"replies":[{"embeddable":true,"href":"https:\/\/www.sonoraenequipo.com.mx\/api\/wp\/v2\/comments?post=221536"}],"version-history":[{"count":1,"href":"https:\/\/www.sonoraenequipo.com.mx\/api\/wp\/v2\/posts\/221536\/revisions"}],"predecessor-version":[{"id":221552,"href":"https:\/\/www.sonoraenequipo.com.mx\/api\/wp\/v2\/posts\/221536\/revisions\/221552"}],"wp:featuredmedia":[{"embeddable":true,"href":"https:\/\/www.sonoraenequipo.com.mx\/api\/wp\/v2\/media\/221545"}],"wp:attachment":[{"href":"https:\/\/www.sonoraenequipo.com.mx\/api\/wp\/v2\/media?parent=221536"}],"wp:term":[{"taxonomy":"category","embeddable":true,"href":"https:\/\/www.sonoraenequipo.com.mx\/api\/wp\/v2\/categories?post=221536"},{"taxonomy":"post_tag","embeddable":true,"href":"https:\/\/www.sonoraenequipo.com.mx\/api\/wp\/v2\/tags?post=221536"}],"curies":[{"name":"wp","href":"https:\/\/api.w.org\/{rel}","templated":true}]}}