{"id":221553,"date":"2025-08-17T14:00:54","date_gmt":"2025-08-17T21:00:54","guid":{"rendered":"https:\/\/www.sonoraenequipo.com.mx\/?p=221553"},"modified":"2025-08-17T15:06:08","modified_gmt":"2025-08-17T22:06:08","slug":"alumna-de-cecyte-sonora-representara-a-mexico-en-torneo-internacional-de-box-en-espana","status":"publish","type":"post","link":"https:\/\/www.sonoraenequipo.com.mx\/alumna-de-cecyte-sonora-representara-a-mexico-en-torneo-internacional-de-box-en-espana\/","title":{"rendered":"Alumna de Cecyte Sonora representar\u00e1 a M\u00e9xico en Torneo Internacional de Box en Espa\u00f1a"},"content":{"rendered":"<p><strong>HERMOSILLO, SONORA. MX. \u2014 <\/strong>Gabriela Hern\u00e1ndez Araujo, estudiante del Colegio de Estudios Cient\u00edficos y Tecnol\u00f3gicos del Estado de Sonora (Cecyte), plantel Esperanza, logr\u00f3 clasificar para competir en el Torneo Internacional BOXAM, que se llevar\u00e1 a cabo del 6 al 12 de octubre en Espa\u00f1a.<\/p>\n<p>&nbsp;<\/p>\n<p>&nbsp;<\/p>\n<p>&nbsp;<\/p>\n<p>&nbsp;<\/p>\n<p> <\/p>\n<p>Originaria de Ciudad Obreg\u00f3n, Sonora, y perteneciente a la etnia yaqui del pueblo Tajimaroa, Gabriela \u201cChocue\u201d Hern\u00e1ndez, con tan solo 16 a\u00f1os, ha sabido combinar sus responsabilidades acad\u00e9micas con su carrera deportiva. En lo que va del a\u00f1o ha alcanzado importantes logros, entre ellos el t\u00edtulo de subcampeona nacional en el Festival Ol\u00edmpico 2025, celebrado en Morelos, y subcampeona continental en la Copa Am\u00e9rica 2025 en Colombia.<\/p>\n<p>&nbsp;<\/p>\n<p>&nbsp;<\/p>\n<p>&nbsp;<\/p>\n<p>&nbsp;<\/p>\n<p>La directora general de Cecyte Sonora, Blanca Aurelia Valenzuela, expres\u00f3 que Gabriela es un ejemplo de esfuerzo y dedicaci\u00f3n. \u201cLe deseamos el mayor de los \u00e9xitos en su preparaci\u00f3n y en la competencia en Espa\u00f1a. Para toda la comunidad escolar de Cecyte Sonora, Gabriela es un verdadero #OrgulloCECyTE\u201d, se\u00f1al\u00f3.<\/p>\n<p>&nbsp;<\/p>\n<p>&nbsp;<\/p>\n<p>&nbsp;<\/p>\n<p>De igual manera, la funcionaria destac\u00f3 el compromiso del Gobierno de Sonora con la formaci\u00f3n integral de los estudiantes y la importancia de fomentar tanto la educaci\u00f3n como el deporte, consider\u00e1ndolos elementos clave para el desarrollo de los j\u00f3venes y una herramienta contra las adicciones.<\/p>\n<p>&nbsp;<\/p>\n<p>Este torneo en Espa\u00f1a representar\u00e1 una gran oportunidad para ella, no solo para medirse con los mejores deportistas a nivel internacional, sino tambi\u00e9n para seguir promoviendo los valores del esfuerzo y la perseverancia.<\/p>\n<p>&nbsp;<\/p>\n<p>&nbsp;<\/p>\n<p>&nbsp;<\/p>\n<p>PUBLICADO EL 16 DE AGOSTO DE 2025 Con informaci\u00f3n de GOBSON 0825.129)<\/p>\n","protected":false},"excerpt":{"rendered":"<p>HERMOSILLO, SONORA. MX. \u2014 Gabriela Hern\u00e1ndez Araujo, estudiante del Colegio de Estudios Cient\u00edficos y Tecnol\u00f3gicos&#8230;<\/p>\n","protected":false},"author":1,"featured_media":221544,"comment_status":"open","ping_status":"open","sticky":false,"template":"","format":"standard","meta":{"_monsterinsights_skip_tracking":false,"_monsterinsights_sitenote_active":false,"_monsterinsights_sitenote_note":"","_monsterinsights_sitenote_category":0,"footnotes":""},"categories":[10],"tags":[],"class_list":["post"],"yoast_head":" \n<title>Sonora en Equipo. Alumna de Cecyte Sonora representar\u00e1 a M\u00e9xico en Torneo Internacional de Box en Espa\u00f1a Deportes<\/title>\n<meta name=\"description\" content=\"HERMOSILLO, SONORA. MX. \u2014 Gabriela Hern\u00e1ndez Araujo, estudiante del Colegio de Estudios Cient\u00edficos y Tecnol\u00f3gicos del Estado de Sonora (Cecyte), plantel En Sonora en Equipo publicamos toda la informaci\u00f3n de Sonora, M\u00e9xico y el Mundo de manera oportuna y busca que la libertad de expresi\u00f3n sea real. Visita nuestro medio informativo publicado desde Hermosillo, Sonora. %\" \/>\n<meta name=\"robots\" content=\"index, follow, max-snippet:-1, max-image-preview:large, max-video-preview:-1\" \/>\n<link rel=\"canonical\" href=\"https:\/\/www.sonoraenequipo.com.mx\/alumna-de-cecyte-sonora-representara-a-mexico-en-torneo-internacional-de-box-en-espana\/\" \/>\n<meta property=\"og:locale\" content=\"es_ES\" \/>\n<meta property=\"og:type\" content=\"article\" \/>\n<meta property=\"og:title\" content=\"Sonora en Equipo. Alumna de Cecyte Sonora representar\u00e1 a M\u00e9xico en Torneo Internacional de Box en Espa\u00f1a Deportes\" \/>\n<meta property=\"og:description\" content=\"HERMOSILLO, SONORA. MX. \u2014 Gabriela Hern\u00e1ndez Araujo, estudiante del Colegio de Estudios Cient\u00edficos y Tecnol\u00f3gicos del Estado de Sonora (Cecyte), plantel En Sonora en Equipo publicamos toda la informaci\u00f3n de Sonora, M\u00e9xico y el Mundo de manera oportuna y busca que la libertad de expresi\u00f3n sea real. Visita nuestro medio informativo publicado desde Hermosillo, Sonora. %\" \/>\n<meta property=\"og:url\" content=\"https:\/\/www.sonoraenequipo.com.mx\/alumna-de-cecyte-sonora-representara-a-mexico-en-torneo-internacional-de-box-en-espana\/\" \/>\n<meta property=\"og:site_name\" content=\"Sonora en Equipo.\" \/>\n<meta property=\"article:publisher\" content=\"https:\/\/www.facebook.com\/SonoraEE\/\" \/>\n<meta property=\"article:author\" content=\"https:\/\/www.facebook.com\/SonoraEE\" \/>\n<meta property=\"article:published_time\" content=\"2025-08-17T21:00:54+00:00\" \/>\n<meta property=\"article:modified_time\" content=\"2025-08-17T22:06:08+00:00\" \/>\n<meta property=\"og:image\" content=\"https:\/\/www.sonoraenequipo.com.mx\/storage\/2025\/08\/Alumna-de-Cecyte-Sonora-representara-a-Mexico-en-Torneo-Internacional-de-Box-en-Espana-min.jpg\" \/>\n\t<meta property=\"og:image:width\" content=\"984\" \/>\n\t<meta property=\"og:image:height\" content=\"718\" \/>\n\t<meta property=\"og:image:type\" content=\"image\/jpeg\" \/>\n<meta name=\"author\" content=\"enequipo\" \/>\n<meta name=\"twitter:card\" content=\"summary_large_image\" \/>\n<meta name=\"twitter:creator\" content=\"@sonoraenequipo\" \/>\n<meta name=\"twitter:site\" content=\"@sonoraenequipo\" \/>\n<meta name=\"twitter:label1\" content=\"Escrito por\" \/>\n\t<meta name=\"twitter:data1\" content=\"enequipo\" \/>\n\t<meta name=\"twitter:label2\" content=\"Tiempo de lectura\" \/>\n\t<meta name=\"twitter:data2\" content=\"1 minuto\" \/>\n<script type=\"application\/ld+json\" class=\"yoast-schema-graph\">{\"@context\":\"https:\/\/schema.org\",\"@graph\":[{\"@type\":\"Article\",\"@id\":\"https:\/\/www.sonoraenequipo.com.mx\/alumna-de-cecyte-sonora-representara-a-mexico-en-torneo-internacional-de-box-en-espana\/#article\",\"isPartOf\":{\"@id\":\"https:\/\/www.sonoraenequipo.com.mx\/alumna-de-cecyte-sonora-representara-a-mexico-en-torneo-internacional-de-box-en-espana\/\"},\"author\":{\"name\":\"enequipo\",\"@id\":\"https:\/\/www.sonoraenequipo.com.mx\/#\/schema\/person\/50102df0fb23a8fa9e8effad8fa81386\"},\"headline\":\"Alumna de Cecyte Sonora representar\u00e1 a M\u00e9xico en Torneo Internacional de Box en Espa\u00f1a\",\"datePublished\":\"2025-08-17T21:00:54+00:00\",\"dateModified\":\"2025-08-17T22:06:08+00:00\",\"mainEntityOfPage\":{\"@id\":\"https:\/\/www.sonoraenequipo.com.mx\/alumna-de-cecyte-sonora-representara-a-mexico-en-torneo-internacional-de-box-en-espana\/\"},\"wordCount\":295,\"commentCount\":0,\"publisher\":{\"@id\":\"https:\/\/www.sonoraenequipo.com.mx\/#organization\"},\"image\":{\"@id\":\"https:\/\/www.sonoraenequipo.com.mx\/alumna-de-cecyte-sonora-representara-a-mexico-en-torneo-internacional-de-box-en-espana\/#primaryimage\"},\"thumbnailUrl\":\"https:\/\/www.sonoraenequipo.com.mx\/storage\/2025\/08\/Alumna-de-Cecyte-Sonora-representara-a-Mexico-en-Torneo-Internacional-de-Box-en-Espana-min.jpg\",\"articleSection\":[\"Deportes\"],\"inLanguage\":\"es\",\"potentialAction\":[{\"@type\":\"CommentAction\",\"name\":\"Comment\",\"target\":[\"https:\/\/www.sonoraenequipo.com.mx\/alumna-de-cecyte-sonora-representara-a-mexico-en-torneo-internacional-de-box-en-espana\/#respond\"]}]},{\"@type\":\"WebPage\",\"@id\":\"https:\/\/www.sonoraenequipo.com.mx\/alumna-de-cecyte-sonora-representara-a-mexico-en-torneo-internacional-de-box-en-espana\/\",\"url\":\"https:\/\/www.sonoraenequipo.com.mx\/alumna-de-cecyte-sonora-representara-a-mexico-en-torneo-internacional-de-box-en-espana\/\",\"name\":\"Sonora en Equipo. Alumna de Cecyte Sonora representar\u00e1 a M\u00e9xico en Torneo Internacional de Box en Espa\u00f1a Deportes\",\"isPartOf\":{\"@id\":\"https:\/\/www.sonoraenequipo.com.mx\/#website\"},\"primaryImageOfPage\":{\"@id\":\"https:\/\/www.sonoraenequipo.com.mx\/alumna-de-cecyte-sonora-representara-a-mexico-en-torneo-internacional-de-box-en-espana\/#primaryimage\"},\"image\":{\"@id\":\"https:\/\/www.sonoraenequipo.com.mx\/alumna-de-cecyte-sonora-representara-a-mexico-en-torneo-internacional-de-box-en-espana\/#primaryimage\"},\"thumbnailUrl\":\"https:\/\/www.sonoraenequipo.com.mx\/storage\/2025\/08\/Alumna-de-Cecyte-Sonora-representara-a-Mexico-en-Torneo-Internacional-de-Box-en-Espana-min.jpg\",\"datePublished\":\"2025-08-17T21:00:54+00:00\",\"dateModified\":\"2025-08-17T22:06:08+00:00\",\"description\":\"HERMOSILLO, SONORA. MX. \u2014 Gabriela Hern\u00e1ndez Araujo, estudiante del Colegio de Estudios Cient\u00edficos y Tecnol\u00f3gicos del Estado de Sonora (Cecyte), plantel En Sonora en Equipo publicamos toda la informaci\u00f3n de Sonora, M\u00e9xico y el Mundo de manera oportuna y busca que la libertad de expresi\u00f3n sea real. Visita nuestro medio informativo publicado desde Hermosillo, Sonora. %\",\"breadcrumb\":{\"@id\":\"https:\/\/www.sonoraenequipo.com.mx\/alumna-de-cecyte-sonora-representara-a-mexico-en-torneo-internacional-de-box-en-espana\/#breadcrumb\"},\"inLanguage\":\"es\",\"potentialAction\":[{\"@type\":\"ReadAction\",\"target\":[\"https:\/\/www.sonoraenequipo.com.mx\/alumna-de-cecyte-sonora-representara-a-mexico-en-torneo-internacional-de-box-en-espana\/\"]}]},{\"@type\":\"ImageObject\",\"inLanguage\":\"es\",\"@id\":\"https:\/\/www.sonoraenequipo.com.mx\/alumna-de-cecyte-sonora-representara-a-mexico-en-torneo-internacional-de-box-en-espana\/#primaryimage\",\"url\":\"https:\/\/www.sonoraenequipo.com.mx\/storage\/2025\/08\/Alumna-de-Cecyte-Sonora-representara-a-Mexico-en-Torneo-Internacional-de-Box-en-Espana-min.jpg\",\"contentUrl\":\"https:\/\/www.sonoraenequipo.com.mx\/storage\/2025\/08\/Alumna-de-Cecyte-Sonora-representara-a-Mexico-en-Torneo-Internacional-de-Box-en-Espana-min.jpg\",\"width\":984,\"height\":718},{\"@type\":\"BreadcrumbList\",\"@id\":\"https:\/\/www.sonoraenequipo.com.mx\/alumna-de-cecyte-sonora-representara-a-mexico-en-torneo-internacional-de-box-en-espana\/#breadcrumb\",\"itemListElement\":[{\"@type\":\"ListItem\",\"position\":1,\"name\":\"Portada\",\"item\":\"https:\/\/www.sonoraenequipo.com.mx\/\"},{\"@type\":\"ListItem\",\"position\":2,\"name\":\"Alumna de Cecyte Sonora representar\u00e1 a M\u00e9xico en Torneo Internacional de Box en Espa\u00f1a\"}]},{\"@type\":\"WebSite\",\"@id\":\"https:\/\/www.sonoraenequipo.com.mx\/#website\",\"url\":\"https:\/\/www.sonoraenequipo.com.mx\/\",\"name\":\"Sonora en Equipo.\",\"description\":\"Diario en l\u00ednea con Noticias desde Hermosillo, Sonora\",\"publisher\":{\"@id\":\"https:\/\/www.sonoraenequipo.com.mx\/#organization\"},\"potentialAction\":[{\"@type\":\"SearchAction\",\"target\":{\"@type\":\"EntryPoint\",\"urlTemplate\":\"https:\/\/www.sonoraenequipo.com.mx\/?s={search_term_string}\"},\"query-input\":{\"@type\":\"PropertyValueSpecification\",\"valueRequired\":true,\"valueName\":\"search_term_string\"}}],\"inLanguage\":\"es\"},{\"@type\":\"Organization\",\"@id\":\"https:\/\/www.sonoraenequipo.com.mx\/#organization\",\"name\":\"Sonoraenequipo.com.mx\",\"url\":\"https:\/\/www.sonoraenequipo.com.mx\/\",\"logo\":{\"@type\":\"ImageObject\",\"inLanguage\":\"es\",\"@id\":\"https:\/\/www.sonoraenequipo.com.mx\/#\/schema\/logo\/image\/\",\"url\":\"https:\/\/www.sonoraenequipo.com.mx\/storage\/2019\/01\/sonoraenequipo_opt.png\",\"contentUrl\":\"https:\/\/www.sonoraenequipo.com.mx\/storage\/2019\/01\/sonoraenequipo_opt.png\",\"width\":375,\"height\":125,\"caption\":\"Sonoraenequipo.com.mx\"},\"image\":{\"@id\":\"https:\/\/www.sonoraenequipo.com.mx\/#\/schema\/logo\/image\/\"},\"sameAs\":[\"https:\/\/www.facebook.com\/SonoraEE\/\",\"https:\/\/x.com\/sonoraenequipo\",\"https:\/\/www.youtube.com\/channel\/UC338nW-lPEYmJQs4ZABQ1SQ\"]},{\"@type\":\"Person\",\"@id\":\"https:\/\/www.sonoraenequipo.com.mx\/#\/schema\/person\/50102df0fb23a8fa9e8effad8fa81386\",\"name\":\"enequipo\",\"image\":{\"@type\":\"ImageObject\",\"inLanguage\":\"es\",\"@id\":\"https:\/\/www.sonoraenequipo.com.mx\/#\/schema\/person\/image\/\",\"url\":\"https:\/\/secure.gravatar.com\/avatar\/049821681b589dabc0bc20695993ccebb09f5b5d4d790cd9251b97faac7c652b?s=96&d=blank&r=g\",\"contentUrl\":\"https:\/\/secure.gravatar.com\/avatar\/049821681b589dabc0bc20695993ccebb09f5b5d4d790cd9251b97faac7c652b?s=96&d=blank&r=g\",\"caption\":\"enequipo\"},\"sameAs\":[\"https:\/\/www.facebook.com\/SonoraEE\"]}]}<\/script>\n ","yoast_head_json":{"title":"Sonora en Equipo. Alumna de Cecyte Sonora representar\u00e1 a M\u00e9xico en Torneo Internacional de Box en Espa\u00f1a Deportes","description":"HERMOSILLO, SONORA. MX. \u2014 Gabriela Hern\u00e1ndez Araujo, estudiante del Colegio de Estudios Cient\u00edficos y Tecnol\u00f3gicos del Estado de Sonora (Cecyte), plantel En Sonora en Equipo publicamos toda la informaci\u00f3n de Sonora, M\u00e9xico y el Mundo de manera oportuna y busca que la libertad de expresi\u00f3n sea real. Visita nuestro medio informativo publicado desde Hermosillo, Sonora. %","robots":{"index":"index","follow":"follow","max-snippet":"max-snippet:-1","max-image-preview":"max-image-preview:large","max-video-preview":"max-video-preview:-1"},"canonical":"https:\/\/www.sonoraenequipo.com.mx\/alumna-de-cecyte-sonora-representara-a-mexico-en-torneo-internacional-de-box-en-espana\/","og_locale":"es_ES","og_type":"article","og_title":"Sonora en Equipo. Alumna de Cecyte Sonora representar\u00e1 a M\u00e9xico en Torneo Internacional de Box en Espa\u00f1a Deportes","og_description":"HERMOSILLO, SONORA. MX. \u2014 Gabriela Hern\u00e1ndez Araujo, estudiante del Colegio de Estudios Cient\u00edficos y Tecnol\u00f3gicos del Estado de Sonora (Cecyte), plantel En Sonora en Equipo publicamos toda la informaci\u00f3n de Sonora, M\u00e9xico y el Mundo de manera oportuna y busca que la libertad de expresi\u00f3n sea real. Visita nuestro medio informativo publicado desde Hermosillo, Sonora. %","og_url":"https:\/\/www.sonoraenequipo.com.mx\/alumna-de-cecyte-sonora-representara-a-mexico-en-torneo-internacional-de-box-en-espana\/","og_site_name":"Sonora en Equipo.","article_publisher":"https:\/\/www.facebook.com\/SonoraEE\/","article_author":"https:\/\/www.facebook.com\/SonoraEE","article_published_time":"2025-08-17T21:00:54+00:00","article_modified_time":"2025-08-17T22:06:08+00:00","og_image":[{"width":984,"height":718,"url":"https:\/\/www.sonoraenequipo.com.mx\/storage\/2025\/08\/Alumna-de-Cecyte-Sonora-representara-a-Mexico-en-Torneo-Internacional-de-Box-en-Espana-min.jpg","type":"image\/jpeg"}],"author":"enequipo","twitter_card":"summary_large_image","twitter_creator":"@sonoraenequipo","twitter_site":"@sonoraenequipo","twitter_misc":{"Escrito por":"enequipo","Tiempo de lectura":"1 minuto"},"schema":{"@context":"https:\/\/schema.org","@graph":[{"@type":"Article","@id":"https:\/\/www.sonoraenequipo.com.mx\/alumna-de-cecyte-sonora-representara-a-mexico-en-torneo-internacional-de-box-en-espana\/#article","isPartOf":{"@id":"https:\/\/www.sonoraenequipo.com.mx\/alumna-de-cecyte-sonora-representara-a-mexico-en-torneo-internacional-de-box-en-espana\/"},"author":{"name":"enequipo","@id":"https:\/\/www.sonoraenequipo.com.mx\/#\/schema\/person\/50102df0fb23a8fa9e8effad8fa81386"},"headline":"Alumna de Cecyte Sonora representar\u00e1 a M\u00e9xico en Torneo Internacional de Box en Espa\u00f1a","datePublished":"2025-08-17T21:00:54+00:00","dateModified":"2025-08-17T22:06:08+00:00","mainEntityOfPage":{"@id":"https:\/\/www.sonoraenequipo.com.mx\/alumna-de-cecyte-sonora-representara-a-mexico-en-torneo-internacional-de-box-en-espana\/"},"wordCount":295,"commentCount":0,"publisher":{"@id":"https:\/\/www.sonoraenequipo.com.mx\/#organization"},"image":{"@id":"https:\/\/www.sonoraenequipo.com.mx\/alumna-de-cecyte-sonora-representara-a-mexico-en-torneo-internacional-de-box-en-espana\/#primaryimage"},"thumbnailUrl":"https:\/\/www.sonoraenequipo.com.mx\/storage\/2025\/08\/Alumna-de-Cecyte-Sonora-representara-a-Mexico-en-Torneo-Internacional-de-Box-en-Espana-min.jpg","articleSection":["Deportes"],"inLanguage":"es","potentialAction":[{"@type":"CommentAction","name":"Comment","target":["https:\/\/www.sonoraenequipo.com.mx\/alumna-de-cecyte-sonora-representara-a-mexico-en-torneo-internacional-de-box-en-espana\/#respond"]}]},{"@type":"WebPage","@id":"https:\/\/www.sonoraenequipo.com.mx\/alumna-de-cecyte-sonora-representara-a-mexico-en-torneo-internacional-de-box-en-espana\/","url":"https:\/\/www.sonoraenequipo.com.mx\/alumna-de-cecyte-sonora-representara-a-mexico-en-torneo-internacional-de-box-en-espana\/","name":"Sonora en Equipo. Alumna de Cecyte Sonora representar\u00e1 a M\u00e9xico en Torneo Internacional de Box en Espa\u00f1a Deportes","isPartOf":{"@id":"https:\/\/www.sonoraenequipo.com.mx\/#website"},"primaryImageOfPage":{"@id":"https:\/\/www.sonoraenequipo.com.mx\/alumna-de-cecyte-sonora-representara-a-mexico-en-torneo-internacional-de-box-en-espana\/#primaryimage"},"image":{"@id":"https:\/\/www.sonoraenequipo.com.mx\/alumna-de-cecyte-sonora-representara-a-mexico-en-torneo-internacional-de-box-en-espana\/#primaryimage"},"thumbnailUrl":"https:\/\/www.sonoraenequipo.com.mx\/storage\/2025\/08\/Alumna-de-Cecyte-Sonora-representara-a-Mexico-en-Torneo-Internacional-de-Box-en-Espana-min.jpg","datePublished":"2025-08-17T21:00:54+00:00","dateModified":"2025-08-17T22:06:08+00:00","description":"HERMOSILLO, SONORA. MX. \u2014 Gabriela Hern\u00e1ndez Araujo, estudiante del Colegio de Estudios Cient\u00edficos y Tecnol\u00f3gicos del Estado de Sonora (Cecyte), plantel En Sonora en Equipo publicamos toda la informaci\u00f3n de Sonora, M\u00e9xico y el Mundo de manera oportuna y busca que la libertad de expresi\u00f3n sea real. Visita nuestro medio informativo publicado desde Hermosillo, Sonora. %","breadcrumb":{"@id":"https:\/\/www.sonoraenequipo.com.mx\/alumna-de-cecyte-sonora-representara-a-mexico-en-torneo-internacional-de-box-en-espana\/#breadcrumb"},"inLanguage":"es","potentialAction":[{"@type":"ReadAction","target":["https:\/\/www.sonoraenequipo.com.mx\/alumna-de-cecyte-sonora-representara-a-mexico-en-torneo-internacional-de-box-en-espana\/"]}]},{"@type":"ImageObject","inLanguage":"es","@id":"https:\/\/www.sonoraenequipo.com.mx\/alumna-de-cecyte-sonora-representara-a-mexico-en-torneo-internacional-de-box-en-espana\/#primaryimage","url":"https:\/\/www.sonoraenequipo.com.mx\/storage\/2025\/08\/Alumna-de-Cecyte-Sonora-representara-a-Mexico-en-Torneo-Internacional-de-Box-en-Espana-min.jpg","contentUrl":"https:\/\/www.sonoraenequipo.com.mx\/storage\/2025\/08\/Alumna-de-Cecyte-Sonora-representara-a-Mexico-en-Torneo-Internacional-de-Box-en-Espana-min.jpg","width":984,"height":718},{"@type":"BreadcrumbList","@id":"https:\/\/www.sonoraenequipo.com.mx\/alumna-de-cecyte-sonora-representara-a-mexico-en-torneo-internacional-de-box-en-espana\/#breadcrumb","itemListElement":[{"@type":"ListItem","position":1,"name":"Portada","item":"https:\/\/www.sonoraenequipo.com.mx\/"},{"@type":"ListItem","position":2,"name":"Alumna de Cecyte Sonora representar\u00e1 a M\u00e9xico en Torneo Internacional de Box en Espa\u00f1a"}]},{"@type":"WebSite","@id":"https:\/\/www.sonoraenequipo.com.mx\/#website","url":"https:\/\/www.sonoraenequipo.com.mx\/","name":"Sonora en Equipo.","description":"Diario en l\u00ednea con Noticias desde Hermosillo, Sonora","publisher":{"@id":"https:\/\/www.sonoraenequipo.com.mx\/#organization"},"potentialAction":[{"@type":"SearchAction","target":{"@type":"EntryPoint","urlTemplate":"https:\/\/www.sonoraenequipo.com.mx\/?s={search_term_string}"},"query-input":{"@type":"PropertyValueSpecification","valueRequired":true,"valueName":"search_term_string"}}],"inLanguage":"es"},{"@type":"Organization","@id":"https:\/\/www.sonoraenequipo.com.mx\/#organization","name":"Sonoraenequipo.com.mx","url":"https:\/\/www.sonoraenequipo.com.mx\/","logo":{"@type":"ImageObject","inLanguage":"es","@id":"https:\/\/www.sonoraenequipo.com.mx\/#\/schema\/logo\/image\/","url":"https:\/\/www.sonoraenequipo.com.mx\/storage\/2019\/01\/sonoraenequipo_opt.png","contentUrl":"https:\/\/www.sonoraenequipo.com.mx\/storage\/2019\/01\/sonoraenequipo_opt.png","width":375,"height":125,"caption":"Sonoraenequipo.com.mx"},"image":{"@id":"https:\/\/www.sonoraenequipo.com.mx\/#\/schema\/logo\/image\/"},"sameAs":["https:\/\/www.facebook.com\/SonoraEE\/","https:\/\/x.com\/sonoraenequipo","https:\/\/www.youtube.com\/channel\/UC338nW-lPEYmJQs4ZABQ1SQ"]},{"@type":"Person","@id":"https:\/\/www.sonoraenequipo.com.mx\/#\/schema\/person\/50102df0fb23a8fa9e8effad8fa81386","name":"enequipo","image":{"@type":"ImageObject","inLanguage":"es","@id":"https:\/\/www.sonoraenequipo.com.mx\/#\/schema\/person\/image\/","url":"https:\/\/secure.gravatar.com\/avatar\/049821681b589dabc0bc20695993ccebb09f5b5d4d790cd9251b97faac7c652b?s=96&d=blank&r=g","contentUrl":"https:\/\/secure.gravatar.com\/avatar\/049821681b589dabc0bc20695993ccebb09f5b5d4d790cd9251b97faac7c652b?s=96&d=blank&r=g","caption":"enequipo"},"sameAs":["https:\/\/www.facebook.com\/SonoraEE"]}]}},"jetpack_featured_media_url":"https:\/\/www.sonoraenequipo.com.mx\/storage\/2025\/08\/Alumna-de-Cecyte-Sonora-representara-a-Mexico-en-Torneo-Internacional-de-Box-en-Espana-min.jpg","_links":{"self":[{"href":"https:\/\/www.sonoraenequipo.com.mx\/api\/wp\/v2\/posts\/221553","targetHints":{"allow":["GET"]}}],"collection":[{"href":"https:\/\/www.sonoraenequipo.com.mx\/api\/wp\/v2\/posts"}],"about":[{"href":"https:\/\/www.sonoraenequipo.com.mx\/api\/wp\/v2\/types\/post"}],"author":[{"embeddable":true,"href":"https:\/\/www.sonoraenequipo.com.mx\/api\/wp\/v2\/users\/1"}],"replies":[{"embeddable":true,"href":"https:\/\/www.sonoraenequipo.com.mx\/api\/wp\/v2\/comments?post=221553"}],"version-history":[{"count":1,"href":"https:\/\/www.sonoraenequipo.com.mx\/api\/wp\/v2\/posts\/221553\/revisions"}],"predecessor-version":[{"id":221555,"href":"https:\/\/www.sonoraenequipo.com.mx\/api\/wp\/v2\/posts\/221553\/revisions\/221555"}],"wp:featuredmedia":[{"embeddable":true,"href":"https:\/\/www.sonoraenequipo.com.mx\/api\/wp\/v2\/media\/221544"}],"wp:attachment":[{"href":"https:\/\/www.sonoraenequipo.com.mx\/api\/wp\/v2\/media?parent=221553"}],"wp:term":[{"taxonomy":"category","embeddable":true,"href":"https:\/\/www.sonoraenequipo.com.mx\/api\/wp\/v2\/categories?post=221553"},{"taxonomy":"post_tag","embeddable":true,"href":"https:\/\/www.sonoraenequipo.com.mx\/api\/wp\/v2\/tags?post=221553"}],"curies":[{"name":"wp","href":"https:\/\/api.w.org\/{rel}","templated":true}]}}