{"id":221620,"date":"2025-08-16T18:28:46","date_gmt":"2025-08-17T01:28:46","guid":{"rendered":"https:\/\/www.sonoraenequipo.com.mx\/?p=221620"},"modified":"2025-08-18T12:05:32","modified_gmt":"2025-08-18T19:05:32","slug":"informe-legislativo-de-alfonso-ramirez-cuellar-propone-que-militancia-financie-a-partidos","status":"publish","type":"post","link":"https:\/\/www.sonoraenequipo.com.mx\/informe-legislativo-de-alfonso-ramirez-cuellar-propone-que-militancia-financie-a-partidos\/","title":{"rendered":"Informe legislativo de Alfonso Ram\u00edrez Cu\u00e9llar: Propone que militancia financie a partidos"},"content":{"rendered":"<p>HIDALGO. MX. \u2014 Al rendir su primer informe legislativo en Hidalgo, el vicecoordinador de Morena en el Congreso de la Uni\u00f3n, Alfonso Ram\u00edrez Cu\u00e9llar, plante\u00f3 que los partidos pol\u00edticos financien sus actividades ordinarias con cuotas de militantes y que el erario solo se destine a campa\u00f1as electorales.<\/p>\n<p>&nbsp;<\/p>\n<p>&nbsp;<\/p>\n<p>&nbsp;<\/p>\n<p> <\/p>\n<p>El legislador explic\u00f3 que con este modelo se busca que el presupuesto p\u00fablico se utilice exclusivamente en procesos electorales, mientras que los gastos cotidianos sean cubiertos de manera interna. <strong><em>\u201cLos tres senadores son suficientes\u201d<\/em><\/strong>, afirm\u00f3 en relaci\u00f3n con la representaci\u00f3n en la C\u00e1mara Alta, y agreg\u00f3 que en la C\u00e1mara de Diputados debe mantenerse el espacio para las minor\u00edas.<\/p>\n<p>&nbsp;<\/p>\n<p>&nbsp;<\/p>\n<p>&nbsp;<\/p>\n<p>Ram\u00edrez Cu\u00e9llar detall\u00f3 que durante el \u00faltimo periodo se aprobaron 54 reformas, 20 de ellas de car\u00e1cter constitucional. Anticip\u00f3 que en el segundo semestre del a\u00f1o comenzar\u00e1 el di\u00e1logo sobre la reforma electoral impulsada por la presidenta Claudia Sheinbaum y adelant\u00f3 que en septiembre se abordar\u00e1 la tipificaci\u00f3n de la extorsi\u00f3n como delito de oficio.<\/p>\n<p>&nbsp;<\/p>\n<p>&nbsp;<\/p>\n<p>&nbsp;<\/p>\n<p>En el encuentro tambi\u00e9n abord\u00f3 temas regionales. Mencion\u00f3 que, desde la C\u00e1mara de Diputados, se colabora con el Gobierno Federal en proyectos de infraestructura ferroviaria, entre ellos el tren M\u00e9xico-Pachuca, as\u00ed como en la atenci\u00f3n a la crisis h\u00eddrica y ambiental de Tula y en el impulso a los Polos del Bienestar.<\/p>\n<p>&nbsp;<\/p>\n<p>&nbsp;<\/p>\n<p>&nbsp;<\/p>\n<p>El informe, realizado en un formato de di\u00e1logo, reuni\u00f3 a las diputadas federales Tatiana \u00c1ngeles y Yamile Salom\u00f3n, al senador Cuauht\u00e9moc Ochoa y a otros representantes legislativos.<\/p>\n<p>&nbsp;<\/p>\n<p>&nbsp;<\/p>\n<p>Sectores empresariales se\u00f1alaron que los peque\u00f1os negocios carecen de acceso a proyectos federales como el Plan H\u00eddrico Nacional. En ese sentido, solicitaron mayor apertura en la participaci\u00f3n y la asignaci\u00f3n de recursos espec\u00edficos en el Presupuesto de la Federaci\u00f3n para la tecnificaci\u00f3n del campo.<\/p>\n<p>&nbsp;<\/p>\n<p>&nbsp;<\/p>\n<p>Adem\u00e1s de la representaci\u00f3n empresarial, se expusieron peticiones relacionadas con la mejora de los servicios de salud, el impulso a la ciencia y la tecnolog\u00eda, y la creaci\u00f3n de infraestructura educativa para estudiantes con discapacidades.<\/p>\n<p>&nbsp;<\/p>\n<p>&nbsp;<\/p>\n<p>Militantes de Morena presentes en el acto hicieron un llamado a \u201c<strong><em>defender la Cuarta Transformaci\u00f3n\u201d<\/em><\/strong> y advirtieron sobre el riesgo de que sea <em><strong>\u201cconsumido por la derecha\u201d o por \u201cfalsos l\u00edderes\u201d.<\/strong><\/em><\/p>\n<p>&nbsp;<\/p>\n<p>&nbsp;<\/p>\n<p>Ram\u00edrez Cu\u00e9llar reiter\u00f3 que la propuesta de financiamiento mediante cuotas internas permitir\u00e1 ordenar el gasto ordinario y, al mismo tiempo, fortalecer la relaci\u00f3n de los partidos con su base social en los periodos sin elecciones.<\/p>\n<p>&nbsp;<\/p>\n<p>&nbsp;<\/p>\n<p>&nbsp;<\/p>\n<p>PUBLICADO EL 16 DE AGOSTO DE 2025 Con informaci\u00f3n de Cuellar)<\/p>\n","protected":false},"excerpt":{"rendered":"<p>HIDALGO. MX. \u2014 Al rendir su primer informe legislativo en Hidalgo, el vicecoordinador de Morena&#8230;<\/p>\n","protected":false},"author":1,"featured_media":221604,"comment_status":"open","ping_status":"open","sticky":false,"template":"","format":"standard","meta":{"_monsterinsights_skip_tracking":false,"_monsterinsights_sitenote_active":false,"_monsterinsights_sitenote_note":"","_monsterinsights_sitenote_category":0,"footnotes":""},"categories":[5],"tags":[],"class_list":["post"],"yoast_head":" \n<title>Sonora en Equipo. Informe legislativo de Alfonso Ram\u00edrez Cu\u00e9llar: Propone que militancia financie a partidos Rep\u00fablica<\/title>\n<meta name=\"description\" content=\"HIDALGO. MX. \u2014 Al rendir su primer informe legislativo en Hidalgo, el vicecoordinador de Morena en el Congreso de la Uni\u00f3n, Alfonso Ram\u00edrez Cu\u00e9llar, En Sonora en Equipo publicamos toda la informaci\u00f3n de Sonora, M\u00e9xico y el Mundo de manera oportuna y busca que la libertad de expresi\u00f3n sea real. Visita nuestro medio informativo publicado desde Hermosillo, Sonora. %\" \/>\n<meta name=\"robots\" content=\"index, follow, max-snippet:-1, max-image-preview:large, max-video-preview:-1\" \/>\n<link rel=\"canonical\" href=\"https:\/\/www.sonoraenequipo.com.mx\/informe-legislativo-de-alfonso-ramirez-cuellar-propone-que-militancia-financie-a-partidos\/\" \/>\n<meta property=\"og:locale\" content=\"es_ES\" \/>\n<meta property=\"og:type\" content=\"article\" \/>\n<meta property=\"og:title\" content=\"Sonora en Equipo. Informe legislativo de Alfonso Ram\u00edrez Cu\u00e9llar: Propone que militancia financie a partidos Rep\u00fablica\" \/>\n<meta property=\"og:description\" content=\"HIDALGO. MX. \u2014 Al rendir su primer informe legislativo en Hidalgo, el vicecoordinador de Morena en el Congreso de la Uni\u00f3n, Alfonso Ram\u00edrez Cu\u00e9llar, En Sonora en Equipo publicamos toda la informaci\u00f3n de Sonora, M\u00e9xico y el Mundo de manera oportuna y busca que la libertad de expresi\u00f3n sea real. Visita nuestro medio informativo publicado desde Hermosillo, Sonora. %\" \/>\n<meta property=\"og:url\" content=\"https:\/\/www.sonoraenequipo.com.mx\/informe-legislativo-de-alfonso-ramirez-cuellar-propone-que-militancia-financie-a-partidos\/\" \/>\n<meta property=\"og:site_name\" content=\"Sonora en Equipo.\" \/>\n<meta property=\"article:publisher\" content=\"https:\/\/www.facebook.com\/SonoraEE\/\" \/>\n<meta property=\"article:author\" content=\"https:\/\/www.facebook.com\/SonoraEE\" \/>\n<meta property=\"article:published_time\" content=\"2025-08-17T01:28:46+00:00\" \/>\n<meta property=\"article:modified_time\" content=\"2025-08-18T19:05:32+00:00\" \/>\n<meta property=\"og:image\" content=\"https:\/\/www.sonoraenequipo.com.mx\/storage\/2025\/08\/cuellar-min.jpg\" \/>\n\t<meta property=\"og:image:width\" content=\"1000\" \/>\n\t<meta property=\"og:image:height\" content=\"563\" \/>\n\t<meta property=\"og:image:type\" content=\"image\/jpeg\" \/>\n<meta name=\"author\" content=\"enequipo\" \/>\n<meta name=\"twitter:card\" content=\"summary_large_image\" \/>\n<meta name=\"twitter:creator\" content=\"@sonoraenequipo\" \/>\n<meta name=\"twitter:site\" content=\"@sonoraenequipo\" \/>\n<meta name=\"twitter:label1\" content=\"Escrito por\" \/>\n\t<meta name=\"twitter:data1\" content=\"enequipo\" \/>\n\t<meta name=\"twitter:label2\" content=\"Tiempo de lectura\" \/>\n\t<meta name=\"twitter:data2\" content=\"2 minutos\" \/>\n<script type=\"application\/ld+json\" class=\"yoast-schema-graph\">{\"@context\":\"https:\/\/schema.org\",\"@graph\":[{\"@type\":\"Article\",\"@id\":\"https:\/\/www.sonoraenequipo.com.mx\/informe-legislativo-de-alfonso-ramirez-cuellar-propone-que-militancia-financie-a-partidos\/#article\",\"isPartOf\":{\"@id\":\"https:\/\/www.sonoraenequipo.com.mx\/informe-legislativo-de-alfonso-ramirez-cuellar-propone-que-militancia-financie-a-partidos\/\"},\"author\":{\"name\":\"enequipo\",\"@id\":\"https:\/\/www.sonoraenequipo.com.mx\/#\/schema\/person\/50102df0fb23a8fa9e8effad8fa81386\"},\"headline\":\"Informe legislativo de Alfonso Ram\u00edrez Cu\u00e9llar: Propone que militancia financie a partidos\",\"datePublished\":\"2025-08-17T01:28:46+00:00\",\"dateModified\":\"2025-08-18T19:05:32+00:00\",\"mainEntityOfPage\":{\"@id\":\"https:\/\/www.sonoraenequipo.com.mx\/informe-legislativo-de-alfonso-ramirez-cuellar-propone-que-militancia-financie-a-partidos\/\"},\"wordCount\":472,\"commentCount\":0,\"publisher\":{\"@id\":\"https:\/\/www.sonoraenequipo.com.mx\/#organization\"},\"image\":{\"@id\":\"https:\/\/www.sonoraenequipo.com.mx\/informe-legislativo-de-alfonso-ramirez-cuellar-propone-que-militancia-financie-a-partidos\/#primaryimage\"},\"thumbnailUrl\":\"https:\/\/www.sonoraenequipo.com.mx\/storage\/2025\/08\/cuellar-min.jpg\",\"articleSection\":[\"Rep\u00fablica\"],\"inLanguage\":\"es\",\"potentialAction\":[{\"@type\":\"CommentAction\",\"name\":\"Comment\",\"target\":[\"https:\/\/www.sonoraenequipo.com.mx\/informe-legislativo-de-alfonso-ramirez-cuellar-propone-que-militancia-financie-a-partidos\/#respond\"]}]},{\"@type\":\"WebPage\",\"@id\":\"https:\/\/www.sonoraenequipo.com.mx\/informe-legislativo-de-alfonso-ramirez-cuellar-propone-que-militancia-financie-a-partidos\/\",\"url\":\"https:\/\/www.sonoraenequipo.com.mx\/informe-legislativo-de-alfonso-ramirez-cuellar-propone-que-militancia-financie-a-partidos\/\",\"name\":\"Sonora en Equipo. Informe legislativo de Alfonso Ram\u00edrez Cu\u00e9llar: Propone que militancia financie a partidos Rep\u00fablica\",\"isPartOf\":{\"@id\":\"https:\/\/www.sonoraenequipo.com.mx\/#website\"},\"primaryImageOfPage\":{\"@id\":\"https:\/\/www.sonoraenequipo.com.mx\/informe-legislativo-de-alfonso-ramirez-cuellar-propone-que-militancia-financie-a-partidos\/#primaryimage\"},\"image\":{\"@id\":\"https:\/\/www.sonoraenequipo.com.mx\/informe-legislativo-de-alfonso-ramirez-cuellar-propone-que-militancia-financie-a-partidos\/#primaryimage\"},\"thumbnailUrl\":\"https:\/\/www.sonoraenequipo.com.mx\/storage\/2025\/08\/cuellar-min.jpg\",\"datePublished\":\"2025-08-17T01:28:46+00:00\",\"dateModified\":\"2025-08-18T19:05:32+00:00\",\"description\":\"HIDALGO. MX. \u2014 Al rendir su primer informe legislativo en Hidalgo, el vicecoordinador de Morena en el Congreso de la Uni\u00f3n, Alfonso Ram\u00edrez Cu\u00e9llar, En Sonora en Equipo publicamos toda la informaci\u00f3n de Sonora, M\u00e9xico y el Mundo de manera oportuna y busca que la libertad de expresi\u00f3n sea real. Visita nuestro medio informativo publicado desde Hermosillo, Sonora. %\",\"breadcrumb\":{\"@id\":\"https:\/\/www.sonoraenequipo.com.mx\/informe-legislativo-de-alfonso-ramirez-cuellar-propone-que-militancia-financie-a-partidos\/#breadcrumb\"},\"inLanguage\":\"es\",\"potentialAction\":[{\"@type\":\"ReadAction\",\"target\":[\"https:\/\/www.sonoraenequipo.com.mx\/informe-legislativo-de-alfonso-ramirez-cuellar-propone-que-militancia-financie-a-partidos\/\"]}]},{\"@type\":\"ImageObject\",\"inLanguage\":\"es\",\"@id\":\"https:\/\/www.sonoraenequipo.com.mx\/informe-legislativo-de-alfonso-ramirez-cuellar-propone-que-militancia-financie-a-partidos\/#primaryimage\",\"url\":\"https:\/\/www.sonoraenequipo.com.mx\/storage\/2025\/08\/cuellar-min.jpg\",\"contentUrl\":\"https:\/\/www.sonoraenequipo.com.mx\/storage\/2025\/08\/cuellar-min.jpg\",\"width\":1000,\"height\":563},{\"@type\":\"BreadcrumbList\",\"@id\":\"https:\/\/www.sonoraenequipo.com.mx\/informe-legislativo-de-alfonso-ramirez-cuellar-propone-que-militancia-financie-a-partidos\/#breadcrumb\",\"itemListElement\":[{\"@type\":\"ListItem\",\"position\":1,\"name\":\"Portada\",\"item\":\"https:\/\/www.sonoraenequipo.com.mx\/\"},{\"@type\":\"ListItem\",\"position\":2,\"name\":\"Informe legislativo de Alfonso Ram\u00edrez Cu\u00e9llar: Propone que militancia financie a partidos\"}]},{\"@type\":\"WebSite\",\"@id\":\"https:\/\/www.sonoraenequipo.com.mx\/#website\",\"url\":\"https:\/\/www.sonoraenequipo.com.mx\/\",\"name\":\"Sonora en Equipo.\",\"description\":\"Diario en l\u00ednea con Noticias desde Hermosillo, Sonora\",\"publisher\":{\"@id\":\"https:\/\/www.sonoraenequipo.com.mx\/#organization\"},\"potentialAction\":[{\"@type\":\"SearchAction\",\"target\":{\"@type\":\"EntryPoint\",\"urlTemplate\":\"https:\/\/www.sonoraenequipo.com.mx\/?s={search_term_string}\"},\"query-input\":{\"@type\":\"PropertyValueSpecification\",\"valueRequired\":true,\"valueName\":\"search_term_string\"}}],\"inLanguage\":\"es\"},{\"@type\":\"Organization\",\"@id\":\"https:\/\/www.sonoraenequipo.com.mx\/#organization\",\"name\":\"Sonoraenequipo.com.mx\",\"url\":\"https:\/\/www.sonoraenequipo.com.mx\/\",\"logo\":{\"@type\":\"ImageObject\",\"inLanguage\":\"es\",\"@id\":\"https:\/\/www.sonoraenequipo.com.mx\/#\/schema\/logo\/image\/\",\"url\":\"https:\/\/www.sonoraenequipo.com.mx\/storage\/2019\/01\/sonoraenequipo_opt.png\",\"contentUrl\":\"https:\/\/www.sonoraenequipo.com.mx\/storage\/2019\/01\/sonoraenequipo_opt.png\",\"width\":375,\"height\":125,\"caption\":\"Sonoraenequipo.com.mx\"},\"image\":{\"@id\":\"https:\/\/www.sonoraenequipo.com.mx\/#\/schema\/logo\/image\/\"},\"sameAs\":[\"https:\/\/www.facebook.com\/SonoraEE\/\",\"https:\/\/x.com\/sonoraenequipo\",\"https:\/\/www.youtube.com\/channel\/UC338nW-lPEYmJQs4ZABQ1SQ\"]},{\"@type\":\"Person\",\"@id\":\"https:\/\/www.sonoraenequipo.com.mx\/#\/schema\/person\/50102df0fb23a8fa9e8effad8fa81386\",\"name\":\"enequipo\",\"image\":{\"@type\":\"ImageObject\",\"inLanguage\":\"es\",\"@id\":\"https:\/\/www.sonoraenequipo.com.mx\/#\/schema\/person\/image\/\",\"url\":\"https:\/\/secure.gravatar.com\/avatar\/049821681b589dabc0bc20695993ccebb09f5b5d4d790cd9251b97faac7c652b?s=96&d=blank&r=g\",\"contentUrl\":\"https:\/\/secure.gravatar.com\/avatar\/049821681b589dabc0bc20695993ccebb09f5b5d4d790cd9251b97faac7c652b?s=96&d=blank&r=g\",\"caption\":\"enequipo\"},\"sameAs\":[\"https:\/\/www.facebook.com\/SonoraEE\"]}]}<\/script>\n ","yoast_head_json":{"title":"Sonora en Equipo. Informe legislativo de Alfonso Ram\u00edrez Cu\u00e9llar: Propone que militancia financie a partidos Rep\u00fablica","description":"HIDALGO. MX. \u2014 Al rendir su primer informe legislativo en Hidalgo, el vicecoordinador de Morena en el Congreso de la Uni\u00f3n, Alfonso Ram\u00edrez Cu\u00e9llar, En Sonora en Equipo publicamos toda la informaci\u00f3n de Sonora, M\u00e9xico y el Mundo de manera oportuna y busca que la libertad de expresi\u00f3n sea real. Visita nuestro medio informativo publicado desde Hermosillo, Sonora. %","robots":{"index":"index","follow":"follow","max-snippet":"max-snippet:-1","max-image-preview":"max-image-preview:large","max-video-preview":"max-video-preview:-1"},"canonical":"https:\/\/www.sonoraenequipo.com.mx\/informe-legislativo-de-alfonso-ramirez-cuellar-propone-que-militancia-financie-a-partidos\/","og_locale":"es_ES","og_type":"article","og_title":"Sonora en Equipo. Informe legislativo de Alfonso Ram\u00edrez Cu\u00e9llar: Propone que militancia financie a partidos Rep\u00fablica","og_description":"HIDALGO. MX. \u2014 Al rendir su primer informe legislativo en Hidalgo, el vicecoordinador de Morena en el Congreso de la Uni\u00f3n, Alfonso Ram\u00edrez Cu\u00e9llar, En Sonora en Equipo publicamos toda la informaci\u00f3n de Sonora, M\u00e9xico y el Mundo de manera oportuna y busca que la libertad de expresi\u00f3n sea real. Visita nuestro medio informativo publicado desde Hermosillo, Sonora. %","og_url":"https:\/\/www.sonoraenequipo.com.mx\/informe-legislativo-de-alfonso-ramirez-cuellar-propone-que-militancia-financie-a-partidos\/","og_site_name":"Sonora en Equipo.","article_publisher":"https:\/\/www.facebook.com\/SonoraEE\/","article_author":"https:\/\/www.facebook.com\/SonoraEE","article_published_time":"2025-08-17T01:28:46+00:00","article_modified_time":"2025-08-18T19:05:32+00:00","og_image":[{"width":1000,"height":563,"url":"https:\/\/www.sonoraenequipo.com.mx\/storage\/2025\/08\/cuellar-min.jpg","type":"image\/jpeg"}],"author":"enequipo","twitter_card":"summary_large_image","twitter_creator":"@sonoraenequipo","twitter_site":"@sonoraenequipo","twitter_misc":{"Escrito por":"enequipo","Tiempo de lectura":"2 minutos"},"schema":{"@context":"https:\/\/schema.org","@graph":[{"@type":"Article","@id":"https:\/\/www.sonoraenequipo.com.mx\/informe-legislativo-de-alfonso-ramirez-cuellar-propone-que-militancia-financie-a-partidos\/#article","isPartOf":{"@id":"https:\/\/www.sonoraenequipo.com.mx\/informe-legislativo-de-alfonso-ramirez-cuellar-propone-que-militancia-financie-a-partidos\/"},"author":{"name":"enequipo","@id":"https:\/\/www.sonoraenequipo.com.mx\/#\/schema\/person\/50102df0fb23a8fa9e8effad8fa81386"},"headline":"Informe legislativo de Alfonso Ram\u00edrez Cu\u00e9llar: Propone que militancia financie a partidos","datePublished":"2025-08-17T01:28:46+00:00","dateModified":"2025-08-18T19:05:32+00:00","mainEntityOfPage":{"@id":"https:\/\/www.sonoraenequipo.com.mx\/informe-legislativo-de-alfonso-ramirez-cuellar-propone-que-militancia-financie-a-partidos\/"},"wordCount":472,"commentCount":0,"publisher":{"@id":"https:\/\/www.sonoraenequipo.com.mx\/#organization"},"image":{"@id":"https:\/\/www.sonoraenequipo.com.mx\/informe-legislativo-de-alfonso-ramirez-cuellar-propone-que-militancia-financie-a-partidos\/#primaryimage"},"thumbnailUrl":"https:\/\/www.sonoraenequipo.com.mx\/storage\/2025\/08\/cuellar-min.jpg","articleSection":["Rep\u00fablica"],"inLanguage":"es","potentialAction":[{"@type":"CommentAction","name":"Comment","target":["https:\/\/www.sonoraenequipo.com.mx\/informe-legislativo-de-alfonso-ramirez-cuellar-propone-que-militancia-financie-a-partidos\/#respond"]}]},{"@type":"WebPage","@id":"https:\/\/www.sonoraenequipo.com.mx\/informe-legislativo-de-alfonso-ramirez-cuellar-propone-que-militancia-financie-a-partidos\/","url":"https:\/\/www.sonoraenequipo.com.mx\/informe-legislativo-de-alfonso-ramirez-cuellar-propone-que-militancia-financie-a-partidos\/","name":"Sonora en Equipo. Informe legislativo de Alfonso Ram\u00edrez Cu\u00e9llar: Propone que militancia financie a partidos Rep\u00fablica","isPartOf":{"@id":"https:\/\/www.sonoraenequipo.com.mx\/#website"},"primaryImageOfPage":{"@id":"https:\/\/www.sonoraenequipo.com.mx\/informe-legislativo-de-alfonso-ramirez-cuellar-propone-que-militancia-financie-a-partidos\/#primaryimage"},"image":{"@id":"https:\/\/www.sonoraenequipo.com.mx\/informe-legislativo-de-alfonso-ramirez-cuellar-propone-que-militancia-financie-a-partidos\/#primaryimage"},"thumbnailUrl":"https:\/\/www.sonoraenequipo.com.mx\/storage\/2025\/08\/cuellar-min.jpg","datePublished":"2025-08-17T01:28:46+00:00","dateModified":"2025-08-18T19:05:32+00:00","description":"HIDALGO. MX. \u2014 Al rendir su primer informe legislativo en Hidalgo, el vicecoordinador de Morena en el Congreso de la Uni\u00f3n, Alfonso Ram\u00edrez Cu\u00e9llar, En Sonora en Equipo publicamos toda la informaci\u00f3n de Sonora, M\u00e9xico y el Mundo de manera oportuna y busca que la libertad de expresi\u00f3n sea real. Visita nuestro medio informativo publicado desde Hermosillo, Sonora. %","breadcrumb":{"@id":"https:\/\/www.sonoraenequipo.com.mx\/informe-legislativo-de-alfonso-ramirez-cuellar-propone-que-militancia-financie-a-partidos\/#breadcrumb"},"inLanguage":"es","potentialAction":[{"@type":"ReadAction","target":["https:\/\/www.sonoraenequipo.com.mx\/informe-legislativo-de-alfonso-ramirez-cuellar-propone-que-militancia-financie-a-partidos\/"]}]},{"@type":"ImageObject","inLanguage":"es","@id":"https:\/\/www.sonoraenequipo.com.mx\/informe-legislativo-de-alfonso-ramirez-cuellar-propone-que-militancia-financie-a-partidos\/#primaryimage","url":"https:\/\/www.sonoraenequipo.com.mx\/storage\/2025\/08\/cuellar-min.jpg","contentUrl":"https:\/\/www.sonoraenequipo.com.mx\/storage\/2025\/08\/cuellar-min.jpg","width":1000,"height":563},{"@type":"BreadcrumbList","@id":"https:\/\/www.sonoraenequipo.com.mx\/informe-legislativo-de-alfonso-ramirez-cuellar-propone-que-militancia-financie-a-partidos\/#breadcrumb","itemListElement":[{"@type":"ListItem","position":1,"name":"Portada","item":"https:\/\/www.sonoraenequipo.com.mx\/"},{"@type":"ListItem","position":2,"name":"Informe legislativo de Alfonso Ram\u00edrez Cu\u00e9llar: Propone que militancia financie a partidos"}]},{"@type":"WebSite","@id":"https:\/\/www.sonoraenequipo.com.mx\/#website","url":"https:\/\/www.sonoraenequipo.com.mx\/","name":"Sonora en Equipo.","description":"Diario en l\u00ednea con Noticias desde Hermosillo, Sonora","publisher":{"@id":"https:\/\/www.sonoraenequipo.com.mx\/#organization"},"potentialAction":[{"@type":"SearchAction","target":{"@type":"EntryPoint","urlTemplate":"https:\/\/www.sonoraenequipo.com.mx\/?s={search_term_string}"},"query-input":{"@type":"PropertyValueSpecification","valueRequired":true,"valueName":"search_term_string"}}],"inLanguage":"es"},{"@type":"Organization","@id":"https:\/\/www.sonoraenequipo.com.mx\/#organization","name":"Sonoraenequipo.com.mx","url":"https:\/\/www.sonoraenequipo.com.mx\/","logo":{"@type":"ImageObject","inLanguage":"es","@id":"https:\/\/www.sonoraenequipo.com.mx\/#\/schema\/logo\/image\/","url":"https:\/\/www.sonoraenequipo.com.mx\/storage\/2019\/01\/sonoraenequipo_opt.png","contentUrl":"https:\/\/www.sonoraenequipo.com.mx\/storage\/2019\/01\/sonoraenequipo_opt.png","width":375,"height":125,"caption":"Sonoraenequipo.com.mx"},"image":{"@id":"https:\/\/www.sonoraenequipo.com.mx\/#\/schema\/logo\/image\/"},"sameAs":["https:\/\/www.facebook.com\/SonoraEE\/","https:\/\/x.com\/sonoraenequipo","https:\/\/www.youtube.com\/channel\/UC338nW-lPEYmJQs4ZABQ1SQ"]},{"@type":"Person","@id":"https:\/\/www.sonoraenequipo.com.mx\/#\/schema\/person\/50102df0fb23a8fa9e8effad8fa81386","name":"enequipo","image":{"@type":"ImageObject","inLanguage":"es","@id":"https:\/\/www.sonoraenequipo.com.mx\/#\/schema\/person\/image\/","url":"https:\/\/secure.gravatar.com\/avatar\/049821681b589dabc0bc20695993ccebb09f5b5d4d790cd9251b97faac7c652b?s=96&d=blank&r=g","contentUrl":"https:\/\/secure.gravatar.com\/avatar\/049821681b589dabc0bc20695993ccebb09f5b5d4d790cd9251b97faac7c652b?s=96&d=blank&r=g","caption":"enequipo"},"sameAs":["https:\/\/www.facebook.com\/SonoraEE"]}]}},"jetpack_featured_media_url":"https:\/\/www.sonoraenequipo.com.mx\/storage\/2025\/08\/cuellar-min.jpg","_links":{"self":[{"href":"https:\/\/www.sonoraenequipo.com.mx\/api\/wp\/v2\/posts\/221620","targetHints":{"allow":["GET"]}}],"collection":[{"href":"https:\/\/www.sonoraenequipo.com.mx\/api\/wp\/v2\/posts"}],"about":[{"href":"https:\/\/www.sonoraenequipo.com.mx\/api\/wp\/v2\/types\/post"}],"author":[{"embeddable":true,"href":"https:\/\/www.sonoraenequipo.com.mx\/api\/wp\/v2\/users\/1"}],"replies":[{"embeddable":true,"href":"https:\/\/www.sonoraenequipo.com.mx\/api\/wp\/v2\/comments?post=221620"}],"version-history":[{"count":1,"href":"https:\/\/www.sonoraenequipo.com.mx\/api\/wp\/v2\/posts\/221620\/revisions"}],"predecessor-version":[{"id":221621,"href":"https:\/\/www.sonoraenequipo.com.mx\/api\/wp\/v2\/posts\/221620\/revisions\/221621"}],"wp:featuredmedia":[{"embeddable":true,"href":"https:\/\/www.sonoraenequipo.com.mx\/api\/wp\/v2\/media\/221604"}],"wp:attachment":[{"href":"https:\/\/www.sonoraenequipo.com.mx\/api\/wp\/v2\/media?parent=221620"}],"wp:term":[{"taxonomy":"category","embeddable":true,"href":"https:\/\/www.sonoraenequipo.com.mx\/api\/wp\/v2\/categories?post=221620"},{"taxonomy":"post_tag","embeddable":true,"href":"https:\/\/www.sonoraenequipo.com.mx\/api\/wp\/v2\/tags?post=221620"}],"curies":[{"name":"wp","href":"https:\/\/api.w.org\/{rel}","templated":true}]}}